{"id":12450,"date":"2015-05-20T10:46:19","date_gmt":"2015-05-20T08:46:19","guid":{"rendered":"https:\/\/pmza.sk.sk\/?p=12450"},"modified":"2015-05-20T10:46:19","modified_gmt":"2015-05-20T08:46:19","slug":"bytciansky-zamocky-den","status":"publish","type":"post","link":"https:\/\/pmza.sk\/?p=12450","title":{"rendered":"Byt\u010diansky z\u00e1mock\u00fd de\u0148"},"content":{"rendered":"<p><a href=\"https:\/\/pmza.sk\/wp-content\/uploads\/2015\/05\/Bytciansky-zamocky-den-2015-scaled-1.jpg\"><img decoding=\"async\" class=\"alignleft  wp-image-12366\" src=\"https:\/\/pmza.sk\/wp-content\/uploads\/2015\/05\/Bytciansky-zamocky-den-2015-scaled-1.jpg\" alt=\"Byt\u010diansky z\u00e1mock\u00fd de\u0148 2015\" width=\"209\" height=\"148\" srcset=\"https:\/\/pmza.sk\/wp-content\/uploads\/2015\/05\/Bytciansky-zamocky-den-2015-scaled-1.jpg 2560w, https:\/\/pmza.sk\/wp-content\/uploads\/2015\/05\/Bytciansky-zamocky-den-2015-scaled-1-509x360.jpg 509w, https:\/\/pmza.sk\/wp-content\/uploads\/2015\/05\/Bytciansky-zamocky-den-2015-scaled-1-1041x736.jpg 1041w, https:\/\/pmza.sk\/wp-content\/uploads\/2015\/05\/Bytciansky-zamocky-den-2015-scaled-1-768x543.jpg 768w, https:\/\/pmza.sk\/wp-content\/uploads\/2015\/05\/Bytciansky-zamocky-den-2015-scaled-1-1536x1086.jpg 1536w, https:\/\/pmza.sk\/wp-content\/uploads\/2015\/05\/Bytciansky-zamocky-den-2015-scaled-1-2048x1448.jpg 2048w, https:\/\/pmza.sk\/wp-content\/uploads\/2015\/05\/Bytciansky-zamocky-den-2015-scaled-1-600x424.jpg 600w\" sizes=\"(max-width: 209px) 100vw, 209px\" \/><\/a>Ob\u010dianske zdru\u017eenie Byt\u010dania Byt\u010danom, s partnermi Mestom Byt\u010da, \u017dilinsk\u00fdm samospr\u00e1vnym krajom \u2013 Pova\u017esk\u00fdm m\u00fazeom v \u017diline, Ministerstvom vn\u00fatra SR \u2013 \u0160t\u00e1tnym arch\u00edvom v Byt\u010di, Z\u00e1kladnou umeleckou \u0161kolou v Byt\u010di, \u017dilinsk\u00fdm ve\u010dern\u00edkom, Radni\u010dnou re\u0161taur\u00e1ciou a re\u0161taur\u00e1ciou Palat\u00edn, zorganizuje v sobotu 23. 5. od 10.00 do 20.00 hod. v\u00a0are\u00e1li Sob\u00e1\u0161neho pal\u00e1ca a Byt\u010dianskeho z\u00e1mku v Byt\u010di celodenn\u00e9 podujatie Byt\u010diansky z\u00e1mock\u00fd de\u0148. Symbolicky na \u0148om o\u017eij\u00fa sl\u00e1vne postavy z hist\u00f3rie mesta \u2013 Juraj Turzo, Popperovci, J\u00e1no\u0161\u00edk, B\u00e1tori\u010dka, Sid\u00f3nia Sakalov\u00e1 a Stanislav Biro\u0161. N\u00e1v\u0161tevn\u00edci bud\u00fa ma\u0165 mo\u017enos\u0165 ochutna\u0165 tradi\u010dn\u00e9 jedl\u00e1, pozrie\u0165 si uk\u00e1\u017eky \u013eudov\u00fdch remesiel, zak\u00fapi\u0165 si ru\u010dne vyroben\u00e9 v\u00fdrobky, ochutna\u0165 sladk\u00fd medovn\u00edk, prav\u00fd domci chlieb \u010di dom\u00e1cu slaninu.<!--more--><\/p>\n<p>O dobr\u00fa z\u00e1bavu sa postar\u00e1 folkl\u00f3rny s\u00fabor Rov\u0148an, detsk\u00fd folkl\u00f3rny s\u00fabor Stavb\u00e1rik, ZU\u0160 Byt\u010da, SZU\u0160 Yamaha \u2013 Byt\u010da, \u013eudov\u00e1 hudba bratov Min\u00e1rikovcov, country skupina Z\u00e1les\u00e1ci a rockov\u00e1 skupina RevivalBand on Stage. Svoje umenie predved\u00fa \u0161ermiari, lukostrelci, pre deti je pripraven\u00e9 divadlo, detsk\u00fd dreven\u00fd koloto\u010d, ma\u013eovanie na tv\u00e1r. V hor\u00facom kresle \u017dilinsk\u00e9ho ve\u010dern\u00edka bude sociologi\u010dka Iveta Radi\u010dov\u00e1 hovori\u0165 o minulosti, s\u00fa\u010dasnosti a bud\u00facnosti Slovenska, \u013eudov\u00fdch zvykoch a trad\u00edci\u00e1ch.<\/p>\n<p><strong>Prispejete na z\u00e1chranu synag\u00f3gy<\/strong><\/p>\n<p>N\u00e1rodn\u00e1 kult\u00farna pamiatka byt\u010dianska synag\u00f3ga, je vo ve\u013emi zlom stave. Po\u010das Byt\u010dianskeho z\u00e1mock\u00e9ho d\u0148a ju budete m\u00f4c\u0165 nielen spozna\u0165, ale aj prispie\u0165 k jej z\u00e1chrane. V jej priestoroch organiz\u00e1tori pripravili atrakt\u00edvny program \u2013 budovu bude mo\u017en\u00e9 nav\u0161t\u00edvi\u0165, architekti n\u00e1v\u0161tevn\u00edkom predstavia projekt jej obnovy, nain\u0161talovan\u00e1 bude v\u00fdstava fotografi\u00ed byt\u010dianskych \u017eidov a s hudobn\u00fdm programom vyst\u00fapia Miriam Kaiser &amp; Band a zbor Gloria Deo. V\u00fd\u0165a\u017eok zo vstupn\u00e9ho venuj\u00fa organiz\u00e1tori na z\u00e1chranu synag\u00f3gy.<\/p>\n<p>Po\u010das Byt\u010dianskeho z\u00e1mock\u00e9ho d\u0148a sa budete m\u00f4c\u0165 podp\u00edsa\u0165 aj pod v\u00fdzvu ministrovi vn\u00fatra R\u00f3bertovi Kali\u0148\u00e1kovi, aby prenajal mestu Byt\u010da nevyu\u017eit\u00e9 priestory z\u00e1mku na zriadenie Turzovho mestsk\u00e9ho m\u00fazea. List, na n\u00e1vrh poslanca Michala Fileka, schv\u00e1lilo na konci apr\u00edla mestsk\u00e9 zastupite\u013estvo.<\/p>\n<p>V tento de\u0148 m\u00f4\u017eete nav\u0161t\u00edvi\u0165 aj Byt\u010diansky z\u00e1mok a zapoji\u0165 sa do s\u00fa\u0165a\u017ee s OC Mirage o atrakt\u00edvne ceny. Prvou cenou je LED telev\u00edzor, ale zauj\u00edmav\u00e9 s\u00fa aj tie \u010fal\u0161ie. Rovnako m\u00f4\u017eete nav\u0161t\u00edvi\u0165 aj Sob\u00e1\u0161ny pal\u00e1c, ktor\u00fd okrem in\u00e9ho bude aj miestom, kde sl\u00e1vnostn\u00e9 mestsk\u00e9 zastupite\u013estvo udel\u00ed \u010destn\u00e9 ob\u010dianstvo Mesta Byt\u010da rod\u00e1kom, ktor\u00ed sa zasl\u00fa\u017eili o v\u00ed\u0165azstvo nad fa\u0161izmom, Ivanovi Schwarzovi, Pavlovi Kr\u00e1lovi a Ondrejovi \u0160amajovi. Vstup na podujatie je vo\u013en\u00fd.<\/p>\n<p>Podujatie podporili Auto Becchi, Kinex, Ryba \u017dilina, Restaurant Gallery, Popper. Grantov\u00fd syst\u00e9m Mesta Byt\u010da, Filmov\u00fd klub Byt\u010da.<\/p>\n<p>Viac inform\u00e1ci\u00ed najdete na fb bytcaniabytcanom\/udalos\u0165 Byt\u010diansky z\u00e1mock\u00fd de\u0148.<\/p>\n<p>&nbsp;<\/p>\n<p><strong>Hlavn\u00fd program<\/strong><\/p>\n<p>10:00 hod. \u00davodn\u00e9 slovo<\/p>\n<p>10:25 hod. ZU\u0160 predstavenie o J\u00e1no\u0161\u00edkovi, Biro\u0161ovi, Popperovcoch<\/p>\n<p>10:45 hod. SZU\u0160 YAMAHA<\/p>\n<p>11:15 hod. ZU\u0160 predstavenie o B\u00e1tor\u00ed\u010dke, Sakalovej, Turzovi<\/p>\n<p>11:40 hod. Detsk\u00fd FS Stavb\u00e1rik<\/p>\n<p>12:30 hod. ZU\u0160 predstavenie F\u00e9nix<\/p>\n<p>13:00 hod. Divadlo zo \u0161ufl\u00edka<\/p>\n<p>14:00 hod. FS Rov\u0148an<\/p>\n<p>15:00 hod. \u013dudov\u00e1 hudba bratia Min\u00e1rikovci<\/p>\n<p>15:40 hod. Hor\u00face kreslo \u017dilinsk\u00e9ho ve\u010dern\u00edka s Ivetou Radi\u010dovou<\/p>\n<p>16:45 hod. \u013dudov\u00e1 hudba bratia Min\u00e1rikovci<\/p>\n<p>17:30 hod. Z\u00e1les\u00e1ci<\/p>\n<p>19:00 hod. RevivalBand on Stage<\/p>\n<p>&nbsp;<\/p>\n<p><strong>13:00 hod<\/strong>. Sl\u00e1vnostne zasadne Mestsk\u00e9 zastupite\u013estvo, ktor\u00e9 udel\u00ed \u010destn\u00e9 ob\u010dianstvo Mesta Byt\u010da rod\u00e1kom, gener\u00e1lmajorovi Ivanovi Ottovi Schwarzovi, Pavlovi Kr\u00e1lovi a Ondrejovi \u0160amajovi.<\/p>\n<p>&nbsp;<\/p>\n<p><strong>Sprievodn\u00fd program<\/strong><\/p>\n<p>dobov\u00e9 jedl\u00e1, zvyky, kroje, remeseln\u00edcky jarmok s uk\u00e1\u017ekami tradi\u010dn\u00fdch remesiel, detsk\u00fd dreven\u00fd koloto\u010d, ma\u013eovanie na tv\u00e1r &#8230;.<\/p>\n<p>&nbsp;<\/p>\n<p><strong>Pet\u00edcia za zriadenie byt\u010dianskeho m\u00fazea<\/strong><\/p>\n<p>V st\u00e1nku s inform\u00e1ciami sa m\u00f4\u017eete podp\u00edsa\u0165 pod v\u00fdzvu ministrovi vn\u00fatra R\u00f3bertovi Kali\u0148\u00e1kovi, aby prenajal mestu Byt\u010da nevyu\u017eit\u00e9 priestory z\u00e1mku na zriadenie Turzovho mestsk\u00e9ho m\u00fazea. List, na n\u00e1vrh poslanca Michala Fileka, schv\u00e1lilo na konci apr\u00edla mestsk\u00e9 zastupite\u013estvo.<\/p>\n<p>&nbsp;<\/p>\n<p><strong>Prehliadky historick\u00fdch pamiatok mesta Byt\u010da<\/strong><\/p>\n<p>K\u00fapou vstupenky do byt\u010dianskej synag\u00f3gy prispejete na jej z\u00e1chranu. K vstupenke z\u00e1rove\u0148 dostanete aj \u010dasenky do Sob\u00e1\u0161neho pal\u00e1ca a Byt\u010dianskeho z\u00e1mku, kde je vstup zdarma.<\/p>\n<p>Vstupenky a \u010dasenky s\u00fa k dispoz\u00edcii v st\u00e1nku na n\u00e1dvor\u00ed Sob\u00e1\u0161neho pal\u00e1ca. Vstupy do pamiatok s\u00fa limitovan\u00e9 po\u010dtom os\u00f4b. Na vstupenk\u00e1ch a \u010dasenk\u00e1ch je uveden\u00fd presn\u00fd \u010das, kedy si m\u00f4\u017eete t\u00fa ktor\u00fa pamiatku prezrie\u0165.<\/p>\n<p>&nbsp;<\/p>\n<p><strong>CENA VSTUPENKY DO SYNAG\u00d3GY: <\/strong><\/p>\n<p>2 eur\u00e1 &#8211; dospel\u00e1 osoba<\/p>\n<p>1 euro &#8211; die\u0165a (6 &#8211; 15 rokov), \u0161tudent<\/p>\n<p>die\u0165a (0 \u2013 6 rokov) zdarma<\/p>\n<p>&nbsp;<\/p>\n<p><strong>PRE VSTUP DO BYT\u010cIANSKEHO Z\u00c1MKU A SOB\u00c1\u0160NEHO PAL\u00c1CA,<\/strong> kde je <strong>VSTUP ZDARMA,<\/strong> je potrebn\u00e9 vyzdvihn\u00fa\u0165 si <strong>\u010cASENKU<\/strong>.<\/p>\n<p>&nbsp;<\/p>\n<p><strong>Na z\u00e1chranu synag\u00f3gy prispejete aj zak\u00fapen\u00edm kn\u00edh<\/strong> Pavla Kr\u00e1la \u2013 \u017didia v Byt\u010di a Michala Fileka \u2013 Byt\u010dianske rozhovory.<\/p>\n<p>&nbsp;<\/p>\n<p><strong>\u010casov\u00fd harmonogram vstupov &#8211; SYNAG\u00d3GA<\/strong><\/p>\n<p>11:00 h, 12:00 h + vyst\u00fapenie Gloria Deo, 14:00 h + koncert Miriam Kaiser &amp; band, 16:00 h + koncert Miriam Kaiser &amp; band, 18:00 h.<\/p>\n<p>Sprievodn\u00fd program: v\u00fdstava fotografii byt\u010dianskych \u017eidov, projekt rekon\u0161trukcie synag\u00f3gy.<\/p>\n<p>&nbsp;<\/p>\n<p><strong>\u010casov\u00fd harmonogram vstupov \u2013 SOB\u00c1\u0160NY PAL\u00c1C<\/strong><\/p>\n<p>11:00 h, 12:00 h, 14:00 h, 15:00 h, 16:00 h, 17:00 h, v pr\u00edpade z\u00e1ujmu 18:00 h.<\/p>\n<p>Sprievodn\u00fd program: v\u00fdstava fotografii Ladislava \u010cierneho.<\/p>\n<p>&nbsp;<\/p>\n<p><strong>\u010casov\u00fd harmonogram vstupov \u2013 BYT\u010cIANSKY Z\u00c1MOK <\/strong><\/p>\n<p>11:00 h, 12:15 h, 13:30 h, 14:45 h, 16:00 h, 17:15 h.<\/p>\n<p>Sprievodn\u00fd program: Odkryte hist\u00f3riu s OC Mirage \u2013 s\u00fa\u0165a\u017e o LED telev\u00edzor a \u010fal\u0161ie atrakt\u00edvne ceny, vyst\u00fapenia Cech Terra de Selinan, prehliadka historickej lukostre\u013eby.<\/p>\n<p>&nbsp;<\/p>\n<p><strong>Filmov\u00fd klub Byt\u010da (kinos\u00e1la KD v Byt\u010di)<\/strong><\/p>\n<p>20.00 h premietanie filmu Obchod na Korze s \u00favodn\u00fdm slovom Pavla Kr\u00e1la.<\/p>\n<p>&nbsp;<\/p>\n","protected":false},"excerpt":{"rendered":"<p>Ob\u010dianske zdru\u017eenie Byt\u010dania Byt\u010danom, s partnermi Mestom Byt\u010da, \u017dilinsk\u00fdm samospr\u00e1vnym krajom \u2013 Pova\u017esk\u00fdm m\u00fazeom v \u017diline, Ministerstvom vn\u00fatra SR \u2013 \u0160t\u00e1tnym arch\u00edvom v Byt\u010di, Z\u00e1kladnou umeleckou \u0161kolou v Byt\u010di, \u017dilinsk\u00fdm ve\u010dern\u00edkom, Radni\u010dnou re\u0161taur\u00e1ciou a re\u0161taur\u00e1ciou Palat\u00edn, zorganizuje v sobotu 23. 5. od 10.00 do 20.00 hod. v\u00a0are\u00e1li Sob\u00e1\u0161neho pal\u00e1ca a Byt\u010dianskeho z\u00e1mku v Byt\u010di celodenn\u00e9 [&hellip;]<\/p>\n","protected":false},"author":2,"featured_media":0,"comment_status":"closed","ping_status":"closed","sticky":false,"template":"","format":"standard","meta":{"site-sidebar-layout":"default","site-content-layout":"","ast-site-content-layout":"","site-content-style":"default","site-sidebar-style":"default","ast-global-header-display":"","ast-banner-title-visibility":"","ast-main-header-display":"","ast-hfb-above-header-display":"","ast-hfb-below-header-display":"","ast-hfb-mobile-header-display":"","site-post-title":"","ast-breadcrumbs-content":"","ast-featured-img":"","footer-sml-layout":"","theme-transparent-header-meta":"","adv-header-id-meta":"","stick-header-meta":"","header-above-stick-meta":"","header-main-stick-meta":"","header-below-stick-meta":"","astra-migrate-meta-layouts":"default","ast-page-background-enabled":"default","ast-page-background-meta":{"desktop":{"background-color":"var(--ast-global-color-4)","background-image":"","background-repeat":"repeat","background-position":"center center","background-size":"auto","background-attachment":"scroll","background-type":"","background-media":"","overlay-type":"","overlay-color":"","overlay-opacity":"","overlay-gradient":""},"tablet":{"background-color":"","background-image":"","background-repeat":"repeat","background-position":"center center","background-size":"auto","background-attachment":"scroll","background-type":"","background-media":"","overlay-type":"","overlay-color":"","overlay-opacity":"","overlay-gradient":""},"mobile":{"background-color":"","background-image":"","background-repeat":"repeat","background-position":"center center","background-size":"auto","background-attachment":"scroll","background-type":"","background-media":"","overlay-type":"","overlay-color":"","overlay-opacity":"","overlay-gradient":""}},"ast-content-background-meta":{"desktop":{"background-color":"var(--ast-global-color-5)","background-image":"","background-repeat":"repeat","background-position":"center center","background-size":"auto","background-attachment":"scroll","background-type":"","background-media":"","overlay-type":"","overlay-color":"","overlay-opacity":"","overlay-gradient":""},"tablet":{"background-color":"var(--ast-global-color-5)","background-image":"","background-repeat":"repeat","background-position":"center center","background-size":"auto","background-attachment":"scroll","background-type":"","background-media":"","overlay-type":"","overlay-color":"","overlay-opacity":"","overlay-gradient":""},"mobile":{"background-color":"var(--ast-global-color-5)","background-image":"","background-repeat":"repeat","background-position":"center center","background-size":"auto","background-attachment":"scroll","background-type":"","background-media":"","overlay-type":"","overlay-color":"","overlay-opacity":"","overlay-gradient":""}},"footnotes":""},"categories":[31],"tags":[],"class_list":["post-12450","post","type-post","status-publish","format-standard","hentry","category-aktuality"],"yoast_head":"<!-- This site is optimized with the Yoast SEO plugin v27.4 - https:\/\/yoast.com\/product\/yoast-seo-wordpress\/ -->\n<title>Byt\u010diansky z\u00e1mock\u00fd de\u0148 - Pova\u017esk\u00e9 m\u00fazeum<\/title>\n<meta name=\"robots\" content=\"index, follow, max-snippet:-1, max-image-preview:large, max-video-preview:-1\" \/>\n<link rel=\"canonical\" href=\"https:\/\/pmza.sk\/?p=12450\" \/>\n<meta property=\"og:locale\" content=\"sk_SK\" \/>\n<meta property=\"og:type\" content=\"article\" \/>\n<meta property=\"og:title\" content=\"Byt\u010diansky z\u00e1mock\u00fd de\u0148 - Pova\u017esk\u00e9 m\u00fazeum\" \/>\n<meta property=\"og:description\" content=\"Ob\u010dianske zdru\u017eenie Byt\u010dania Byt\u010danom, s partnermi Mestom Byt\u010da, \u017dilinsk\u00fdm samospr\u00e1vnym krajom \u2013 Pova\u017esk\u00fdm m\u00fazeom v \u017diline, Ministerstvom vn\u00fatra SR \u2013 \u0160t\u00e1tnym arch\u00edvom v Byt\u010di, Z\u00e1kladnou umeleckou \u0161kolou v Byt\u010di, \u017dilinsk\u00fdm ve\u010dern\u00edkom, Radni\u010dnou re\u0161taur\u00e1ciou a re\u0161taur\u00e1ciou Palat\u00edn, zorganizuje v sobotu 23. 5. od 10.00 do 20.00 hod. v\u00a0are\u00e1li Sob\u00e1\u0161neho pal\u00e1ca a Byt\u010dianskeho z\u00e1mku v Byt\u010di celodenn\u00e9 [&hellip;]\" \/>\n<meta property=\"og:url\" content=\"https:\/\/pmza.sk\/?p=12450\" \/>\n<meta property=\"og:site_name\" content=\"Pova\u017esk\u00e9 m\u00fazeum\" \/>\n<meta property=\"article:publisher\" content=\"https:\/\/www.facebook.com\/povazskemuzeum\" \/>\n<meta property=\"article:published_time\" content=\"2015-05-20T08:46:19+00:00\" \/>\n<meta property=\"og:image\" content=\"https:\/\/pmza.sk\/wp-content\/uploads\/2015\/05\/Bytciansky-zamocky-den-2015-scaled-1.jpg\" \/>\n<meta name=\"author\" content=\"Pova\u017esk\u00e9 m\u00fazeum\" \/>\n<meta name=\"twitter:card\" content=\"summary_large_image\" \/>\n<meta name=\"twitter:label1\" content=\"Autor\" \/>\n\t<meta name=\"twitter:data1\" content=\"Pova\u017esk\u00e9 m\u00fazeum\" \/>\n\t<meta name=\"twitter:label2\" content=\"Predpokladan\u00fd \u010das \u010d\u00edtania\" \/>\n\t<meta name=\"twitter:data2\" content=\"5 min\u00fat\" \/>\n<script type=\"application\/ld+json\" class=\"yoast-schema-graph\">{\"@context\":\"https:\\\/\\\/schema.org\",\"@graph\":[{\"@type\":\"Article\",\"@id\":\"https:\\\/\\\/pmza.sk\\\/?p=12450#article\",\"isPartOf\":{\"@id\":\"https:\\\/\\\/pmza.sk\\\/?p=12450\"},\"author\":{\"name\":\"Pova\u017esk\u00e9 m\u00fazeum\",\"@id\":\"https:\\\/\\\/pmza.sk\\\/#\\\/schema\\\/person\\\/595e6a2ce731ea94dcd5d7f50a41ae33\"},\"headline\":\"Byt\u010diansky z\u00e1mock\u00fd de\u0148\",\"datePublished\":\"2015-05-20T08:46:19+00:00\",\"mainEntityOfPage\":{\"@id\":\"https:\\\/\\\/pmza.sk\\\/?p=12450\"},\"wordCount\":1031,\"publisher\":{\"@id\":\"https:\\\/\\\/pmza.sk\\\/#organization\"},\"image\":{\"@id\":\"https:\\\/\\\/pmza.sk\\\/?p=12450#primaryimage\"},\"thumbnailUrl\":\"http:\\\/\\\/pmza.sk\\\/wp-content\\\/uploads\\\/2015\\\/05\\\/Bytciansky-zamocky-den-2015-scaled-1.jpg\",\"articleSection\":[\"Aktuality\"],\"inLanguage\":\"sk-SK\"},{\"@type\":\"WebPage\",\"@id\":\"https:\\\/\\\/pmza.sk\\\/?p=12450\",\"url\":\"https:\\\/\\\/pmza.sk\\\/?p=12450\",\"name\":\"Byt\u010diansky z\u00e1mock\u00fd de\u0148 - Pova\u017esk\u00e9 m\u00fazeum\",\"isPartOf\":{\"@id\":\"https:\\\/\\\/pmza.sk\\\/#website\"},\"primaryImageOfPage\":{\"@id\":\"https:\\\/\\\/pmza.sk\\\/?p=12450#primaryimage\"},\"image\":{\"@id\":\"https:\\\/\\\/pmza.sk\\\/?p=12450#primaryimage\"},\"thumbnailUrl\":\"http:\\\/\\\/pmza.sk\\\/wp-content\\\/uploads\\\/2015\\\/05\\\/Bytciansky-zamocky-den-2015-scaled-1.jpg\",\"datePublished\":\"2015-05-20T08:46:19+00:00\",\"breadcrumb\":{\"@id\":\"https:\\\/\\\/pmza.sk\\\/?p=12450#breadcrumb\"},\"inLanguage\":\"sk-SK\",\"potentialAction\":[{\"@type\":\"ReadAction\",\"target\":[\"https:\\\/\\\/pmza.sk\\\/?p=12450\"]}]},{\"@type\":\"ImageObject\",\"inLanguage\":\"sk-SK\",\"@id\":\"https:\\\/\\\/pmza.sk\\\/?p=12450#primaryimage\",\"url\":\"https:\\\/\\\/pmza.sk\\\/wp-content\\\/uploads\\\/2015\\\/05\\\/Bytciansky-zamocky-den-2015-scaled-1.jpg\",\"contentUrl\":\"https:\\\/\\\/pmza.sk\\\/wp-content\\\/uploads\\\/2015\\\/05\\\/Bytciansky-zamocky-den-2015-scaled-1.jpg\",\"width\":2560,\"height\":1810},{\"@type\":\"BreadcrumbList\",\"@id\":\"https:\\\/\\\/pmza.sk\\\/?p=12450#breadcrumb\",\"itemListElement\":[{\"@type\":\"ListItem\",\"position\":1,\"name\":\"Domovsk\u00e1 str\u00e1nka\",\"item\":\"https:\\\/\\\/pmza.sk\\\/\"},{\"@type\":\"ListItem\",\"position\":2,\"name\":\"Byt\u010diansky z\u00e1mock\u00fd de\u0148\"}]},{\"@type\":\"WebSite\",\"@id\":\"https:\\\/\\\/pmza.sk\\\/#website\",\"url\":\"https:\\\/\\\/pmza.sk\\\/\",\"name\":\"Pova\u017esk\u00e9 m\u00fazeum\",\"description\":\"Pova\u017esk\u00e9 m\u00fazeum v \u017diline je region\u00e1lne m\u00fazeum so s\u00eddlom v Budat\u00edne. Jeho expoz\u00edcie s\u00fa zameran\u00e9 na dejiny slovensk\u00e9ho umenia, kult\u00fary a dopravy.\",\"publisher\":{\"@id\":\"https:\\\/\\\/pmza.sk\\\/#organization\"},\"potentialAction\":[{\"@type\":\"SearchAction\",\"target\":{\"@type\":\"EntryPoint\",\"urlTemplate\":\"https:\\\/\\\/pmza.sk\\\/?s={search_term_string}\"},\"query-input\":{\"@type\":\"PropertyValueSpecification\",\"valueRequired\":true,\"valueName\":\"search_term_string\"}}],\"inLanguage\":\"sk-SK\"},{\"@type\":\"Organization\",\"@id\":\"https:\\\/\\\/pmza.sk\\\/#organization\",\"name\":\"Pova\u017esk\u00e9 m\u00fazeum\",\"url\":\"https:\\\/\\\/pmza.sk\\\/\",\"logo\":{\"@type\":\"ImageObject\",\"inLanguage\":\"sk-SK\",\"@id\":\"https:\\\/\\\/pmza.sk\\\/#\\\/schema\\\/logo\\\/image\\\/\",\"url\":\"https:\\\/\\\/pmza.sk\\\/wp-content\\\/uploads\\\/2022\\\/01\\\/logo_PM_horizontal.jpg\",\"contentUrl\":\"https:\\\/\\\/pmza.sk\\\/wp-content\\\/uploads\\\/2022\\\/01\\\/logo_PM_horizontal.jpg\",\"width\":231,\"height\":142,\"caption\":\"Pova\u017esk\u00e9 m\u00fazeum\"},\"image\":{\"@id\":\"https:\\\/\\\/pmza.sk\\\/#\\\/schema\\\/logo\\\/image\\\/\"},\"sameAs\":[\"https:\\\/\\\/www.facebook.com\\\/povazskemuzeum\",\"https:\\\/\\\/www.instagram.com\\\/povazskemuzeum\\\/\"]},{\"@type\":\"Person\",\"@id\":\"https:\\\/\\\/pmza.sk\\\/#\\\/schema\\\/person\\\/595e6a2ce731ea94dcd5d7f50a41ae33\",\"name\":\"Pova\u017esk\u00e9 m\u00fazeum\",\"image\":{\"@type\":\"ImageObject\",\"inLanguage\":\"sk-SK\",\"@id\":\"https:\\\/\\\/secure.gravatar.com\\\/avatar\\\/2bb7f1561282132fb5826dfeccc66c7996d11ee392ac6aaf7ced8a1c2027fbb2?s=96&d=mm&r=g\",\"url\":\"https:\\\/\\\/secure.gravatar.com\\\/avatar\\\/2bb7f1561282132fb5826dfeccc66c7996d11ee392ac6aaf7ced8a1c2027fbb2?s=96&d=mm&r=g\",\"contentUrl\":\"https:\\\/\\\/secure.gravatar.com\\\/avatar\\\/2bb7f1561282132fb5826dfeccc66c7996d11ee392ac6aaf7ced8a1c2027fbb2?s=96&d=mm&r=g\",\"caption\":\"Pova\u017esk\u00e9 m\u00fazeum\"}}]}<\/script>\n<!-- \/ Yoast SEO plugin. -->","yoast_head_json":{"title":"Byt\u010diansky z\u00e1mock\u00fd de\u0148 - Pova\u017esk\u00e9 m\u00fazeum","robots":{"index":"index","follow":"follow","max-snippet":"max-snippet:-1","max-image-preview":"max-image-preview:large","max-video-preview":"max-video-preview:-1"},"canonical":"https:\/\/pmza.sk\/?p=12450","og_locale":"sk_SK","og_type":"article","og_title":"Byt\u010diansky z\u00e1mock\u00fd de\u0148 - Pova\u017esk\u00e9 m\u00fazeum","og_description":"Ob\u010dianske zdru\u017eenie Byt\u010dania Byt\u010danom, s partnermi Mestom Byt\u010da, \u017dilinsk\u00fdm samospr\u00e1vnym krajom \u2013 Pova\u017esk\u00fdm m\u00fazeom v \u017diline, Ministerstvom vn\u00fatra SR \u2013 \u0160t\u00e1tnym arch\u00edvom v Byt\u010di, Z\u00e1kladnou umeleckou \u0161kolou v Byt\u010di, \u017dilinsk\u00fdm ve\u010dern\u00edkom, Radni\u010dnou re\u0161taur\u00e1ciou a re\u0161taur\u00e1ciou Palat\u00edn, zorganizuje v sobotu 23. 5. od 10.00 do 20.00 hod. v\u00a0are\u00e1li Sob\u00e1\u0161neho pal\u00e1ca a Byt\u010dianskeho z\u00e1mku v Byt\u010di celodenn\u00e9 [&hellip;]","og_url":"https:\/\/pmza.sk\/?p=12450","og_site_name":"Pova\u017esk\u00e9 m\u00fazeum","article_publisher":"https:\/\/www.facebook.com\/povazskemuzeum","article_published_time":"2015-05-20T08:46:19+00:00","og_image":[{"url":"https:\/\/pmza.sk\/wp-content\/uploads\/2015\/05\/Bytciansky-zamocky-den-2015-scaled-1.jpg","type":"","width":"","height":""}],"author":"Pova\u017esk\u00e9 m\u00fazeum","twitter_card":"summary_large_image","twitter_misc":{"Autor":"Pova\u017esk\u00e9 m\u00fazeum","Predpokladan\u00fd \u010das \u010d\u00edtania":"5 min\u00fat"},"schema":{"@context":"https:\/\/schema.org","@graph":[{"@type":"Article","@id":"https:\/\/pmza.sk\/?p=12450#article","isPartOf":{"@id":"https:\/\/pmza.sk\/?p=12450"},"author":{"name":"Pova\u017esk\u00e9 m\u00fazeum","@id":"https:\/\/pmza.sk\/#\/schema\/person\/595e6a2ce731ea94dcd5d7f50a41ae33"},"headline":"Byt\u010diansky z\u00e1mock\u00fd de\u0148","datePublished":"2015-05-20T08:46:19+00:00","mainEntityOfPage":{"@id":"https:\/\/pmza.sk\/?p=12450"},"wordCount":1031,"publisher":{"@id":"https:\/\/pmza.sk\/#organization"},"image":{"@id":"https:\/\/pmza.sk\/?p=12450#primaryimage"},"thumbnailUrl":"https:\/\/pmza.sk\/wp-content\/uploads\/2015\/05\/Bytciansky-zamocky-den-2015-scaled-1.jpg","articleSection":["Aktuality"],"inLanguage":"sk-SK"},{"@type":"WebPage","@id":"https:\/\/pmza.sk\/?p=12450","url":"https:\/\/pmza.sk\/?p=12450","name":"Byt\u010diansky z\u00e1mock\u00fd de\u0148 - Pova\u017esk\u00e9 m\u00fazeum","isPartOf":{"@id":"https:\/\/pmza.sk\/#website"},"primaryImageOfPage":{"@id":"https:\/\/pmza.sk\/?p=12450#primaryimage"},"image":{"@id":"https:\/\/pmza.sk\/?p=12450#primaryimage"},"thumbnailUrl":"https:\/\/pmza.sk\/wp-content\/uploads\/2015\/05\/Bytciansky-zamocky-den-2015-scaled-1.jpg","datePublished":"2015-05-20T08:46:19+00:00","breadcrumb":{"@id":"https:\/\/pmza.sk\/?p=12450#breadcrumb"},"inLanguage":"sk-SK","potentialAction":[{"@type":"ReadAction","target":["https:\/\/pmza.sk\/?p=12450"]}]},{"@type":"ImageObject","inLanguage":"sk-SK","@id":"https:\/\/pmza.sk\/?p=12450#primaryimage","url":"https:\/\/pmza.sk\/wp-content\/uploads\/2015\/05\/Bytciansky-zamocky-den-2015-scaled-1.jpg","contentUrl":"https:\/\/pmza.sk\/wp-content\/uploads\/2015\/05\/Bytciansky-zamocky-den-2015-scaled-1.jpg","width":2560,"height":1810},{"@type":"BreadcrumbList","@id":"https:\/\/pmza.sk\/?p=12450#breadcrumb","itemListElement":[{"@type":"ListItem","position":1,"name":"Domovsk\u00e1 str\u00e1nka","item":"https:\/\/pmza.sk\/"},{"@type":"ListItem","position":2,"name":"Byt\u010diansky z\u00e1mock\u00fd de\u0148"}]},{"@type":"WebSite","@id":"https:\/\/pmza.sk\/#website","url":"https:\/\/pmza.sk\/","name":"Pova\u017esk\u00e9 m\u00fazeum","description":"Pova\u017esk\u00e9 m\u00fazeum v \u017diline je region\u00e1lne m\u00fazeum so s\u00eddlom v Budat\u00edne. Jeho expoz\u00edcie s\u00fa zameran\u00e9 na dejiny slovensk\u00e9ho umenia, kult\u00fary a dopravy.","publisher":{"@id":"https:\/\/pmza.sk\/#organization"},"potentialAction":[{"@type":"SearchAction","target":{"@type":"EntryPoint","urlTemplate":"https:\/\/pmza.sk\/?s={search_term_string}"},"query-input":{"@type":"PropertyValueSpecification","valueRequired":true,"valueName":"search_term_string"}}],"inLanguage":"sk-SK"},{"@type":"Organization","@id":"https:\/\/pmza.sk\/#organization","name":"Pova\u017esk\u00e9 m\u00fazeum","url":"https:\/\/pmza.sk\/","logo":{"@type":"ImageObject","inLanguage":"sk-SK","@id":"https:\/\/pmza.sk\/#\/schema\/logo\/image\/","url":"https:\/\/pmza.sk\/wp-content\/uploads\/2022\/01\/logo_PM_horizontal.jpg","contentUrl":"https:\/\/pmza.sk\/wp-content\/uploads\/2022\/01\/logo_PM_horizontal.jpg","width":231,"height":142,"caption":"Pova\u017esk\u00e9 m\u00fazeum"},"image":{"@id":"https:\/\/pmza.sk\/#\/schema\/logo\/image\/"},"sameAs":["https:\/\/www.facebook.com\/povazskemuzeum","https:\/\/www.instagram.com\/povazskemuzeum\/"]},{"@type":"Person","@id":"https:\/\/pmza.sk\/#\/schema\/person\/595e6a2ce731ea94dcd5d7f50a41ae33","name":"Pova\u017esk\u00e9 m\u00fazeum","image":{"@type":"ImageObject","inLanguage":"sk-SK","@id":"https:\/\/secure.gravatar.com\/avatar\/2bb7f1561282132fb5826dfeccc66c7996d11ee392ac6aaf7ced8a1c2027fbb2?s=96&d=mm&r=g","url":"https:\/\/secure.gravatar.com\/avatar\/2bb7f1561282132fb5826dfeccc66c7996d11ee392ac6aaf7ced8a1c2027fbb2?s=96&d=mm&r=g","contentUrl":"https:\/\/secure.gravatar.com\/avatar\/2bb7f1561282132fb5826dfeccc66c7996d11ee392ac6aaf7ced8a1c2027fbb2?s=96&d=mm&r=g","caption":"Pova\u017esk\u00e9 m\u00fazeum"}}]}},"_links":{"self":[{"href":"https:\/\/pmza.sk\/index.php?rest_route=\/wp\/v2\/posts\/12450","targetHints":{"allow":["GET"]}}],"collection":[{"href":"https:\/\/pmza.sk\/index.php?rest_route=\/wp\/v2\/posts"}],"about":[{"href":"https:\/\/pmza.sk\/index.php?rest_route=\/wp\/v2\/types\/post"}],"author":[{"embeddable":true,"href":"https:\/\/pmza.sk\/index.php?rest_route=\/wp\/v2\/users\/2"}],"replies":[{"embeddable":true,"href":"https:\/\/pmza.sk\/index.php?rest_route=%2Fwp%2Fv2%2Fcomments&post=12450"}],"version-history":[{"count":0,"href":"https:\/\/pmza.sk\/index.php?rest_route=\/wp\/v2\/posts\/12450\/revisions"}],"wp:attachment":[{"href":"https:\/\/pmza.sk\/index.php?rest_route=%2Fwp%2Fv2%2Fmedia&parent=12450"}],"wp:term":[{"taxonomy":"category","embeddable":true,"href":"https:\/\/pmza.sk\/index.php?rest_route=%2Fwp%2Fv2%2Fcategories&post=12450"},{"taxonomy":"post_tag","embeddable":true,"href":"https:\/\/pmza.sk\/index.php?rest_route=%2Fwp%2Fv2%2Ftags&post=12450"}],"curies":[{"name":"wp","href":"https:\/\/api.w.org\/{rel}","templated":true}]}}