{"id":1249,"date":"2010-08-27T12:46:50","date_gmt":"2010-08-27T10:46:50","guid":{"rendered":"https:\/\/pmza.sk.sk\/?p=1249"},"modified":"2010-08-27T12:46:50","modified_gmt":"2010-08-27T10:46:50","slug":"otvorenie-budatinskeho-parku-a-hudobny-den","status":"publish","type":"post","link":"https:\/\/pmza.sk\/?p=1249","title":{"rendered":"Otvorenie Budat\u00ednskeho parku a hudobn\u00fd de\u0148"},"content":{"rendered":"<p><a href=\"https:\/\/pmza.sk\/wp-content\/uploads\/2010\/08\/park.jpg\"><img decoding=\"async\" class=\"alignleft size-medium wp-image-1250\" style=\"margin-left: 3px; margin-right: 3px; border: black 3px solid;\" title=\"park\" src=\"https:\/\/pmza.sk.sk\/wp-content\/uploads\/2010\/08\/park-200x300.jpg\" alt=\"\" width=\"180\" height=\"270\" \/><\/a>\u017dilinsk\u00fd samospr\u00e1vny kraj v r\u00e1mci implement\u00e1cie schv\u00e1len\u00e9ho projektu s n\u00e1zvom &#8222;Budat\u00edn &#8211; Strumie\u0144: revitaliz\u00e1cia a rozvoj kult\u00farneho dedi\u010dstva&#8220; poz\u00fdva na <strong>Hudobn\u00fd de\u0148<\/strong> v nede\u013eu 5. septembra 2010 o 14.00 hod. v Budat\u00ednskom parku s are\u00e1lom. <strong>Pri tejto pr\u00edle\u017eitosti sa uskuto\u010dn\u00ed Sl\u00e1vnostn\u00e9 otvorenie zrevitalizovan\u00e9ho Budat\u00ednskeho parku<\/strong>.<\/p>\n<p><a title=\"Pozv\u00e1nka (.pdf)\" href=\"http:\/\/www.pmza.sk\/plag\/park.pdf\" target=\"_blank\" rel=\"noopener\">Pozv\u00e1nka (.pdf)<\/a><\/p>\n<p><!--more--><\/p>\n<p><strong><span style=\"color: #ffffff;\">.<\/span><\/strong><\/p>\n<p><strong><span style=\"color: #ffffff;\">.<\/span><\/strong><\/p>\n<p><strong><span style=\"color: #ffffff;\">.<\/span><\/strong><\/p>\n<p><strong> <\/strong><span style=\"color: #ffffff;\"> .<\/span><\/p>\n<p><strong><\/strong> <strong>Program:<\/strong><\/p>\n<p>14.00 Otvorenie podujatia &#8211; Hudobn\u00fd de\u0148<\/p>\n<p>14.20 Symbolick\u00e9 zasadenie posledn\u00e9ho stromu na centr\u00e1lnu alej parku &#8211; sl\u00e1vnostn\u00e9 otvorenie zrevitalizovan\u00e9ho parku<\/p>\n<p>14:30 Prehliadka parku<\/p>\n<p>15:00 Hudobn\u00e9 vyst\u00fapenia<\/p>\n<p>15:10 Folkl\u00f3rny s\u00fabor Javorn\u00ed\u010dek z Hvozdnice a \u0160tiavnika<\/p>\n<p>15:40 Przemek W\u00f3jtowitz Trio (Strumie\u0144 &#8211; Po\u013esko)<\/p>\n<p>16:05 \u013dudov\u00e1 hudba s\u00farodencov \u010euranovcov z Terchovej<\/p>\n<p>16:30 Mniejwiecej (Strumie\u0144 &#8211; Po\u013esko)<\/p>\n<p>17:15 V8 Band<\/p>\n<p>18:00 Ukon\u010denie podujatia<\/p>\n<p><span style=\"color: #ffffff;\">.<\/span><\/p>\n<p><strong>Sprievodn\u00e9 akcie:<\/strong><\/p>\n<p>K7 &#8211; Psovodi, z\u00e1chran\u00e1ri Slovenskej republiky &#8211; prezent\u00e1cia v\u00fdcviku z\u00e1chran\u00e1rskych psov<\/p>\n<p>V\u00fdtvarn\u00fd happening \u0161tudentov Strednej umeleckej \u0161koly \u017dilina a verejnosti na t\u00e9mu &#8222;PARKovanie&#8220; alebo Park ako miesto z\u00e1\u017eitkov a n\u00e1padov.<\/p>\n<p>Projekt je spolufinancovan\u00fd Eur\u00f3pskou \u00faniou z prostriedkov Eur\u00f3pskeho fondu region\u00e1lneho rozvoja a \u0161t\u00e1tnym rozpo\u010dtom v r\u00e1mci Programu cezhrani\u010dnej spolupr\u00e1ce Po\u013esk\u00e1 republika &#8211; Slovensk\u00e1 republika 2007 &#8211; 2013.<\/p>\n","protected":false},"excerpt":{"rendered":"<p>\u017dilinsk\u00fd samospr\u00e1vny kraj v r\u00e1mci implement\u00e1cie schv\u00e1len\u00e9ho projektu s n\u00e1zvom &#8222;Budat\u00edn &#8211; Strumie\u0144: revitaliz\u00e1cia a rozvoj kult\u00farneho dedi\u010dstva&#8220; poz\u00fdva na Hudobn\u00fd de\u0148 v nede\u013eu 5. septembra 2010 o 14.00 hod. v Budat\u00ednskom parku s are\u00e1lom. Pri tejto pr\u00edle\u017eitosti sa uskuto\u010dn\u00ed Sl\u00e1vnostn\u00e9 otvorenie zrevitalizovan\u00e9ho Budat\u00ednskeho parku. Pozv\u00e1nka (.pdf)<\/p>\n","protected":false},"author":2,"featured_media":0,"comment_status":"closed","ping_status":"closed","sticky":false,"template":"","format":"standard","meta":{"site-sidebar-layout":"default","site-content-layout":"","ast-site-content-layout":"","site-content-style":"default","site-sidebar-style":"default","ast-global-header-display":"","ast-banner-title-visibility":"","ast-main-header-display":"","ast-hfb-above-header-display":"","ast-hfb-below-header-display":"","ast-hfb-mobile-header-display":"","site-post-title":"","ast-breadcrumbs-content":"","ast-featured-img":"","footer-sml-layout":"","theme-transparent-header-meta":"","adv-header-id-meta":"","stick-header-meta":"","header-above-stick-meta":"","header-main-stick-meta":"","header-below-stick-meta":"","astra-migrate-meta-layouts":"default","ast-page-background-enabled":"default","ast-page-background-meta":{"desktop":{"background-color":"var(--ast-global-color-4)","background-image":"","background-repeat":"repeat","background-position":"center center","background-size":"auto","background-attachment":"scroll","background-type":"","background-media":"","overlay-type":"","overlay-color":"","overlay-opacity":"","overlay-gradient":""},"tablet":{"background-color":"","background-image":"","background-repeat":"repeat","background-position":"center center","background-size":"auto","background-attachment":"scroll","background-type":"","background-media":"","overlay-type":"","overlay-color":"","overlay-opacity":"","overlay-gradient":""},"mobile":{"background-color":"","background-image":"","background-repeat":"repeat","background-position":"center center","background-size":"auto","background-attachment":"scroll","background-type":"","background-media":"","overlay-type":"","overlay-color":"","overlay-opacity":"","overlay-gradient":""}},"ast-content-background-meta":{"desktop":{"background-color":"var(--ast-global-color-5)","background-image":"","background-repeat":"repeat","background-position":"center center","background-size":"auto","background-attachment":"scroll","background-type":"","background-media":"","overlay-type":"","overlay-color":"","overlay-opacity":"","overlay-gradient":""},"tablet":{"background-color":"var(--ast-global-color-5)","background-image":"","background-repeat":"repeat","background-position":"center center","background-size":"auto","background-attachment":"scroll","background-type":"","background-media":"","overlay-type":"","overlay-color":"","overlay-opacity":"","overlay-gradient":""},"mobile":{"background-color":"var(--ast-global-color-5)","background-image":"","background-repeat":"repeat","background-position":"center center","background-size":"auto","background-attachment":"scroll","background-type":"","background-media":"","overlay-type":"","overlay-color":"","overlay-opacity":"","overlay-gradient":""}},"footnotes":""},"categories":[29],"tags":[],"class_list":["post-1249","post","type-post","status-publish","format-standard","hentry","category-archiv-2010"],"yoast_head":"<!-- This site is optimized with the Yoast SEO plugin v27.4 - https:\/\/yoast.com\/product\/yoast-seo-wordpress\/ -->\n<title>Otvorenie Budat\u00ednskeho parku a hudobn\u00fd de\u0148 - Pova\u017esk\u00e9 m\u00fazeum<\/title>\n<meta name=\"robots\" content=\"index, follow, max-snippet:-1, max-image-preview:large, max-video-preview:-1\" \/>\n<link rel=\"canonical\" href=\"https:\/\/pmza.sk\/?p=1249\" \/>\n<meta property=\"og:locale\" content=\"sk_SK\" \/>\n<meta property=\"og:type\" content=\"article\" \/>\n<meta property=\"og:title\" content=\"Otvorenie Budat\u00ednskeho parku a hudobn\u00fd de\u0148 - Pova\u017esk\u00e9 m\u00fazeum\" \/>\n<meta property=\"og:description\" content=\"\u017dilinsk\u00fd samospr\u00e1vny kraj v r\u00e1mci implement\u00e1cie schv\u00e1len\u00e9ho projektu s n\u00e1zvom &#8222;Budat\u00edn &#8211; Strumie\u0144: revitaliz\u00e1cia a rozvoj kult\u00farneho dedi\u010dstva&#8220; poz\u00fdva na Hudobn\u00fd de\u0148 v nede\u013eu 5. septembra 2010 o 14.00 hod. v Budat\u00ednskom parku s are\u00e1lom. Pri tejto pr\u00edle\u017eitosti sa uskuto\u010dn\u00ed Sl\u00e1vnostn\u00e9 otvorenie zrevitalizovan\u00e9ho Budat\u00ednskeho parku. Pozv\u00e1nka (.pdf)\" \/>\n<meta property=\"og:url\" content=\"https:\/\/pmza.sk\/?p=1249\" \/>\n<meta property=\"og:site_name\" content=\"Pova\u017esk\u00e9 m\u00fazeum\" \/>\n<meta property=\"article:publisher\" content=\"https:\/\/www.facebook.com\/povazskemuzeum\" \/>\n<meta property=\"article:published_time\" content=\"2010-08-27T10:46:50+00:00\" \/>\n<meta property=\"og:image\" content=\"https:\/\/pmza.sk.sk\/wp-content\/uploads\/2010\/08\/park-200x300.jpg\" \/>\n<meta name=\"author\" content=\"Pova\u017esk\u00e9 m\u00fazeum\" \/>\n<meta name=\"twitter:card\" content=\"summary_large_image\" \/>\n<meta name=\"twitter:label1\" content=\"Autor\" \/>\n\t<meta name=\"twitter:data1\" content=\"Pova\u017esk\u00e9 m\u00fazeum\" \/>\n\t<meta name=\"twitter:label2\" content=\"Predpokladan\u00fd \u010das \u010d\u00edtania\" \/>\n\t<meta name=\"twitter:data2\" content=\"1 min\u00fata\" \/>\n<script type=\"application\/ld+json\" class=\"yoast-schema-graph\">{\"@context\":\"https:\\\/\\\/schema.org\",\"@graph\":[{\"@type\":\"Article\",\"@id\":\"https:\\\/\\\/pmza.sk\\\/?p=1249#article\",\"isPartOf\":{\"@id\":\"https:\\\/\\\/pmza.sk\\\/?p=1249\"},\"author\":{\"name\":\"Pova\u017esk\u00e9 m\u00fazeum\",\"@id\":\"https:\\\/\\\/pmza.sk\\\/#\\\/schema\\\/person\\\/595e6a2ce731ea94dcd5d7f50a41ae33\"},\"headline\":\"Otvorenie Budat\u00ednskeho parku a hudobn\u00fd de\u0148\",\"datePublished\":\"2010-08-27T10:46:50+00:00\",\"mainEntityOfPage\":{\"@id\":\"https:\\\/\\\/pmza.sk\\\/?p=1249\"},\"wordCount\":211,\"publisher\":{\"@id\":\"https:\\\/\\\/pmza.sk\\\/#organization\"},\"image\":{\"@id\":\"https:\\\/\\\/pmza.sk\\\/?p=1249#primaryimage\"},\"thumbnailUrl\":\"http:\\\/\\\/pmza.sk.sk\\\/wp-content\\\/uploads\\\/2010\\\/08\\\/park-200x300.jpg\",\"articleSection\":[\"Arch\u00edv 2010\"],\"inLanguage\":\"sk-SK\"},{\"@type\":\"WebPage\",\"@id\":\"https:\\\/\\\/pmza.sk\\\/?p=1249\",\"url\":\"https:\\\/\\\/pmza.sk\\\/?p=1249\",\"name\":\"Otvorenie Budat\u00ednskeho parku a hudobn\u00fd de\u0148 - Pova\u017esk\u00e9 m\u00fazeum\",\"isPartOf\":{\"@id\":\"https:\\\/\\\/pmza.sk\\\/#website\"},\"primaryImageOfPage\":{\"@id\":\"https:\\\/\\\/pmza.sk\\\/?p=1249#primaryimage\"},\"image\":{\"@id\":\"https:\\\/\\\/pmza.sk\\\/?p=1249#primaryimage\"},\"thumbnailUrl\":\"http:\\\/\\\/pmza.sk.sk\\\/wp-content\\\/uploads\\\/2010\\\/08\\\/park-200x300.jpg\",\"datePublished\":\"2010-08-27T10:46:50+00:00\",\"breadcrumb\":{\"@id\":\"https:\\\/\\\/pmza.sk\\\/?p=1249#breadcrumb\"},\"inLanguage\":\"sk-SK\",\"potentialAction\":[{\"@type\":\"ReadAction\",\"target\":[\"https:\\\/\\\/pmza.sk\\\/?p=1249\"]}]},{\"@type\":\"ImageObject\",\"inLanguage\":\"sk-SK\",\"@id\":\"https:\\\/\\\/pmza.sk\\\/?p=1249#primaryimage\",\"url\":\"http:\\\/\\\/pmza.sk.sk\\\/wp-content\\\/uploads\\\/2010\\\/08\\\/park-200x300.jpg\",\"contentUrl\":\"http:\\\/\\\/pmza.sk.sk\\\/wp-content\\\/uploads\\\/2010\\\/08\\\/park-200x300.jpg\"},{\"@type\":\"BreadcrumbList\",\"@id\":\"https:\\\/\\\/pmza.sk\\\/?p=1249#breadcrumb\",\"itemListElement\":[{\"@type\":\"ListItem\",\"position\":1,\"name\":\"Domovsk\u00e1 str\u00e1nka\",\"item\":\"https:\\\/\\\/pmza.sk\\\/\"},{\"@type\":\"ListItem\",\"position\":2,\"name\":\"Otvorenie Budat\u00ednskeho parku a hudobn\u00fd de\u0148\"}]},{\"@type\":\"WebSite\",\"@id\":\"https:\\\/\\\/pmza.sk\\\/#website\",\"url\":\"https:\\\/\\\/pmza.sk\\\/\",\"name\":\"Pova\u017esk\u00e9 m\u00fazeum\",\"description\":\"Pova\u017esk\u00e9 m\u00fazeum v \u017diline je region\u00e1lne m\u00fazeum so s\u00eddlom v Budat\u00edne. Jeho expoz\u00edcie s\u00fa zameran\u00e9 na dejiny slovensk\u00e9ho umenia, kult\u00fary a dopravy.\",\"publisher\":{\"@id\":\"https:\\\/\\\/pmza.sk\\\/#organization\"},\"potentialAction\":[{\"@type\":\"SearchAction\",\"target\":{\"@type\":\"EntryPoint\",\"urlTemplate\":\"https:\\\/\\\/pmza.sk\\\/?s={search_term_string}\"},\"query-input\":{\"@type\":\"PropertyValueSpecification\",\"valueRequired\":true,\"valueName\":\"search_term_string\"}}],\"inLanguage\":\"sk-SK\"},{\"@type\":\"Organization\",\"@id\":\"https:\\\/\\\/pmza.sk\\\/#organization\",\"name\":\"Pova\u017esk\u00e9 m\u00fazeum\",\"url\":\"https:\\\/\\\/pmza.sk\\\/\",\"logo\":{\"@type\":\"ImageObject\",\"inLanguage\":\"sk-SK\",\"@id\":\"https:\\\/\\\/pmza.sk\\\/#\\\/schema\\\/logo\\\/image\\\/\",\"url\":\"https:\\\/\\\/pmza.sk\\\/wp-content\\\/uploads\\\/2022\\\/01\\\/logo_PM_horizontal.jpg\",\"contentUrl\":\"https:\\\/\\\/pmza.sk\\\/wp-content\\\/uploads\\\/2022\\\/01\\\/logo_PM_horizontal.jpg\",\"width\":231,\"height\":142,\"caption\":\"Pova\u017esk\u00e9 m\u00fazeum\"},\"image\":{\"@id\":\"https:\\\/\\\/pmza.sk\\\/#\\\/schema\\\/logo\\\/image\\\/\"},\"sameAs\":[\"https:\\\/\\\/www.facebook.com\\\/povazskemuzeum\",\"https:\\\/\\\/www.instagram.com\\\/povazskemuzeum\\\/\"]},{\"@type\":\"Person\",\"@id\":\"https:\\\/\\\/pmza.sk\\\/#\\\/schema\\\/person\\\/595e6a2ce731ea94dcd5d7f50a41ae33\",\"name\":\"Pova\u017esk\u00e9 m\u00fazeum\",\"image\":{\"@type\":\"ImageObject\",\"inLanguage\":\"sk-SK\",\"@id\":\"https:\\\/\\\/secure.gravatar.com\\\/avatar\\\/2bb7f1561282132fb5826dfeccc66c7996d11ee392ac6aaf7ced8a1c2027fbb2?s=96&d=mm&r=g\",\"url\":\"https:\\\/\\\/secure.gravatar.com\\\/avatar\\\/2bb7f1561282132fb5826dfeccc66c7996d11ee392ac6aaf7ced8a1c2027fbb2?s=96&d=mm&r=g\",\"contentUrl\":\"https:\\\/\\\/secure.gravatar.com\\\/avatar\\\/2bb7f1561282132fb5826dfeccc66c7996d11ee392ac6aaf7ced8a1c2027fbb2?s=96&d=mm&r=g\",\"caption\":\"Pova\u017esk\u00e9 m\u00fazeum\"}}]}<\/script>\n<!-- \/ Yoast SEO plugin. -->","yoast_head_json":{"title":"Otvorenie Budat\u00ednskeho parku a hudobn\u00fd de\u0148 - Pova\u017esk\u00e9 m\u00fazeum","robots":{"index":"index","follow":"follow","max-snippet":"max-snippet:-1","max-image-preview":"max-image-preview:large","max-video-preview":"max-video-preview:-1"},"canonical":"https:\/\/pmza.sk\/?p=1249","og_locale":"sk_SK","og_type":"article","og_title":"Otvorenie Budat\u00ednskeho parku a hudobn\u00fd de\u0148 - Pova\u017esk\u00e9 m\u00fazeum","og_description":"\u017dilinsk\u00fd samospr\u00e1vny kraj v r\u00e1mci implement\u00e1cie schv\u00e1len\u00e9ho projektu s n\u00e1zvom &#8222;Budat\u00edn &#8211; Strumie\u0144: revitaliz\u00e1cia a rozvoj kult\u00farneho dedi\u010dstva&#8220; poz\u00fdva na Hudobn\u00fd de\u0148 v nede\u013eu 5. septembra 2010 o 14.00 hod. v Budat\u00ednskom parku s are\u00e1lom. Pri tejto pr\u00edle\u017eitosti sa uskuto\u010dn\u00ed Sl\u00e1vnostn\u00e9 otvorenie zrevitalizovan\u00e9ho Budat\u00ednskeho parku. Pozv\u00e1nka (.pdf)","og_url":"https:\/\/pmza.sk\/?p=1249","og_site_name":"Pova\u017esk\u00e9 m\u00fazeum","article_publisher":"https:\/\/www.facebook.com\/povazskemuzeum","article_published_time":"2010-08-27T10:46:50+00:00","og_image":[{"url":"https:\/\/pmza.sk.sk\/wp-content\/uploads\/2010\/08\/park-200x300.jpg","type":"","width":"","height":""}],"author":"Pova\u017esk\u00e9 m\u00fazeum","twitter_card":"summary_large_image","twitter_misc":{"Autor":"Pova\u017esk\u00e9 m\u00fazeum","Predpokladan\u00fd \u010das \u010d\u00edtania":"1 min\u00fata"},"schema":{"@context":"https:\/\/schema.org","@graph":[{"@type":"Article","@id":"https:\/\/pmza.sk\/?p=1249#article","isPartOf":{"@id":"https:\/\/pmza.sk\/?p=1249"},"author":{"name":"Pova\u017esk\u00e9 m\u00fazeum","@id":"https:\/\/pmza.sk\/#\/schema\/person\/595e6a2ce731ea94dcd5d7f50a41ae33"},"headline":"Otvorenie Budat\u00ednskeho parku a hudobn\u00fd de\u0148","datePublished":"2010-08-27T10:46:50+00:00","mainEntityOfPage":{"@id":"https:\/\/pmza.sk\/?p=1249"},"wordCount":211,"publisher":{"@id":"https:\/\/pmza.sk\/#organization"},"image":{"@id":"https:\/\/pmza.sk\/?p=1249#primaryimage"},"thumbnailUrl":"https:\/\/pmza.sk.sk\/wp-content\/uploads\/2010\/08\/park-200x300.jpg","articleSection":["Arch\u00edv 2010"],"inLanguage":"sk-SK"},{"@type":"WebPage","@id":"https:\/\/pmza.sk\/?p=1249","url":"https:\/\/pmza.sk\/?p=1249","name":"Otvorenie Budat\u00ednskeho parku a hudobn\u00fd de\u0148 - Pova\u017esk\u00e9 m\u00fazeum","isPartOf":{"@id":"https:\/\/pmza.sk\/#website"},"primaryImageOfPage":{"@id":"https:\/\/pmza.sk\/?p=1249#primaryimage"},"image":{"@id":"https:\/\/pmza.sk\/?p=1249#primaryimage"},"thumbnailUrl":"https:\/\/pmza.sk.sk\/wp-content\/uploads\/2010\/08\/park-200x300.jpg","datePublished":"2010-08-27T10:46:50+00:00","breadcrumb":{"@id":"https:\/\/pmza.sk\/?p=1249#breadcrumb"},"inLanguage":"sk-SK","potentialAction":[{"@type":"ReadAction","target":["https:\/\/pmza.sk\/?p=1249"]}]},{"@type":"ImageObject","inLanguage":"sk-SK","@id":"https:\/\/pmza.sk\/?p=1249#primaryimage","url":"https:\/\/pmza.sk.sk\/wp-content\/uploads\/2010\/08\/park-200x300.jpg","contentUrl":"https:\/\/pmza.sk.sk\/wp-content\/uploads\/2010\/08\/park-200x300.jpg"},{"@type":"BreadcrumbList","@id":"https:\/\/pmza.sk\/?p=1249#breadcrumb","itemListElement":[{"@type":"ListItem","position":1,"name":"Domovsk\u00e1 str\u00e1nka","item":"https:\/\/pmza.sk\/"},{"@type":"ListItem","position":2,"name":"Otvorenie Budat\u00ednskeho parku a hudobn\u00fd de\u0148"}]},{"@type":"WebSite","@id":"https:\/\/pmza.sk\/#website","url":"https:\/\/pmza.sk\/","name":"Pova\u017esk\u00e9 m\u00fazeum","description":"Pova\u017esk\u00e9 m\u00fazeum v \u017diline je region\u00e1lne m\u00fazeum so s\u00eddlom v Budat\u00edne. Jeho expoz\u00edcie s\u00fa zameran\u00e9 na dejiny slovensk\u00e9ho umenia, kult\u00fary a dopravy.","publisher":{"@id":"https:\/\/pmza.sk\/#organization"},"potentialAction":[{"@type":"SearchAction","target":{"@type":"EntryPoint","urlTemplate":"https:\/\/pmza.sk\/?s={search_term_string}"},"query-input":{"@type":"PropertyValueSpecification","valueRequired":true,"valueName":"search_term_string"}}],"inLanguage":"sk-SK"},{"@type":"Organization","@id":"https:\/\/pmza.sk\/#organization","name":"Pova\u017esk\u00e9 m\u00fazeum","url":"https:\/\/pmza.sk\/","logo":{"@type":"ImageObject","inLanguage":"sk-SK","@id":"https:\/\/pmza.sk\/#\/schema\/logo\/image\/","url":"https:\/\/pmza.sk\/wp-content\/uploads\/2022\/01\/logo_PM_horizontal.jpg","contentUrl":"https:\/\/pmza.sk\/wp-content\/uploads\/2022\/01\/logo_PM_horizontal.jpg","width":231,"height":142,"caption":"Pova\u017esk\u00e9 m\u00fazeum"},"image":{"@id":"https:\/\/pmza.sk\/#\/schema\/logo\/image\/"},"sameAs":["https:\/\/www.facebook.com\/povazskemuzeum","https:\/\/www.instagram.com\/povazskemuzeum\/"]},{"@type":"Person","@id":"https:\/\/pmza.sk\/#\/schema\/person\/595e6a2ce731ea94dcd5d7f50a41ae33","name":"Pova\u017esk\u00e9 m\u00fazeum","image":{"@type":"ImageObject","inLanguage":"sk-SK","@id":"https:\/\/secure.gravatar.com\/avatar\/2bb7f1561282132fb5826dfeccc66c7996d11ee392ac6aaf7ced8a1c2027fbb2?s=96&d=mm&r=g","url":"https:\/\/secure.gravatar.com\/avatar\/2bb7f1561282132fb5826dfeccc66c7996d11ee392ac6aaf7ced8a1c2027fbb2?s=96&d=mm&r=g","contentUrl":"https:\/\/secure.gravatar.com\/avatar\/2bb7f1561282132fb5826dfeccc66c7996d11ee392ac6aaf7ced8a1c2027fbb2?s=96&d=mm&r=g","caption":"Pova\u017esk\u00e9 m\u00fazeum"}}]}},"_links":{"self":[{"href":"https:\/\/pmza.sk\/index.php?rest_route=\/wp\/v2\/posts\/1249","targetHints":{"allow":["GET"]}}],"collection":[{"href":"https:\/\/pmza.sk\/index.php?rest_route=\/wp\/v2\/posts"}],"about":[{"href":"https:\/\/pmza.sk\/index.php?rest_route=\/wp\/v2\/types\/post"}],"author":[{"embeddable":true,"href":"https:\/\/pmza.sk\/index.php?rest_route=\/wp\/v2\/users\/2"}],"replies":[{"embeddable":true,"href":"https:\/\/pmza.sk\/index.php?rest_route=%2Fwp%2Fv2%2Fcomments&post=1249"}],"version-history":[{"count":0,"href":"https:\/\/pmza.sk\/index.php?rest_route=\/wp\/v2\/posts\/1249\/revisions"}],"wp:attachment":[{"href":"https:\/\/pmza.sk\/index.php?rest_route=%2Fwp%2Fv2%2Fmedia&parent=1249"}],"wp:term":[{"taxonomy":"category","embeddable":true,"href":"https:\/\/pmza.sk\/index.php?rest_route=%2Fwp%2Fv2%2Fcategories&post=1249"},{"taxonomy":"post_tag","embeddable":true,"href":"https:\/\/pmza.sk\/index.php?rest_route=%2Fwp%2Fv2%2Ftags&post=1249"}],"curies":[{"name":"wp","href":"https:\/\/api.w.org\/{rel}","templated":true}]}}