{"id":12571,"date":"2015-06-01T13:38:09","date_gmt":"2015-06-01T11:38:09","guid":{"rendered":"https:\/\/pmza.sk.sk\/?p=12571"},"modified":"2015-06-01T13:38:09","modified_gmt":"2015-06-01T11:38:09","slug":"slovenske-rytierske-dni-2015","status":"publish","type":"post","link":"https:\/\/pmza.sk\/?p=12571","title":{"rendered":"Slovensk\u00e9 rytierske dni 2015"},"content":{"rendered":"<p>\u017dilinsk\u00fd samospr\u00e1vny kraj aj v\u00a0tomto roku organizuje popul\u00e1rne <strong>rytierske v\u00fdpravy<\/strong>, ktor\u00e9 po\u010das piatich mesiacov zav\u00edtaj\u00fa na tri majest\u00e1tne hrady \u017dilinskej \u017eupy \u2013 <strong>Hrad Stre\u010dno (21. 6. 2015)<\/strong>, Hrad Sklabi\u0148a (12. 7. 2015) a\u00a0Oravsk\u00fd hrad (16. 8. 2015), tie\u017e do Ka\u0161tie\u013ea Rado\u013ea (8. 5. 2015) a\u00a0do Gotick\u00e9ho kostola V\u0161etk\u00fdch sv\u00e4t\u00fdch v\u00a0Ludrovej (5. 9. 2015). V\u00a0lete 2014 si v\u00fdpravy pri\u0161lo pozrie\u0165 viac ako 2 000 n\u00e1v\u0161tevn\u00edkov, ktor\u00ed sa tento rok m\u00f4\u017eu te\u0161i\u0165 na podujatia tematicky zameran\u00e9 na obdobie husitov. \u201eSlovensk\u00e9 rytierske dni s\u00fa ur\u010den\u00e9 pre ve\u013ek\u00fdch i\u00a0mal\u00fdch z\u00e1ujemcov. L\u00e1kadlom pre v\u0161etk\u00fdch s\u00fa najm\u00e4 na\u0161i rytieri, ktor\u00ed n\u00e1u\u010dnou a\u00a0hravou formou odhalia viac z\u00a0hist\u00f3rie kri\u017eiackych v\u00fdprav,\u201c informovala riadite\u013eka odboru kult\u00fary a\u00a0cestovn\u00e9ho ruchu \u017dSK Zuzana Kme\u0165ov\u00e1.<!--more--><\/p>\n<p>Prv\u00e1 rytierska v\u00fdprava sa uskuto\u010dnila v\u00a0piatok 8. m\u00e1ja 2015 v\u00a0are\u00e1li jednej z\u00a0najstar\u0161\u00edch kult\u00farnych pamiatok na Kysuciach v Ka\u0161tieli Rado\u013ea. Stredovek\u00fa hudbu, dobov\u00e9 st\u00e1nky, tradi\u010dn\u00fdch remeseln\u00edkov, uk\u00e1\u017eky re\u00e1lnych \u0161ermiarskych z\u00e1pasov i strie\u013eanie z dela si pri\u0161li pozrie\u0165 obyvatelia okolit\u00fdch miest a\u00a0obc\u00ed. Pre deti a\u00a0dospel\u00fdch boli pripraven\u00e9 zauj\u00edmav\u00e9 s\u00fa\u0165a\u017en\u00e9 akad\u00e9mie ako \u0161ermovanie, stre\u013eba z\u00a0luku, pre\u0165ahovanie lanom \u010di sekanie dreva sekerou. Vyd\u00e1vali sa tie\u017e \u0161peci\u00e1lne Pasy slovensk\u00e9ho rytiera, ktor\u00fdch majite\u013eov odmen\u00ed \u017dSK na poslednej v\u00fdprave v\u00a0septembri 2015 kni\u017en\u00fdmi publik\u00e1ciami. \u201eSme radi, \u017ee rytierska tematika na\u010falej l\u00e1ka \u013eud\u00ed a\u00a0vzbudzuje v\u00a0nich z\u00e1ujem o\u00a0na\u0161e dejiny a\u00a0vz\u00e1cne pamiatky. V\u0161etk\u00fdch srde\u010dne poz\u00fdvam na Hrad Stre\u010dno 21. j\u00fana 2015, kde Slovensk\u00e9 rytierske dni najbli\u017e\u0161ie zav\u00edtaj\u00fa,\u201c dodala Z. Kme\u0165ov\u00e1.<\/p>\n<p><strong>Lenka Z\u00e1tekov\u00e1, hovorky\u0148a \u017dSK<\/strong><\/p>\n<p>&nbsp;<\/p>\n<p><a href=\"https:\/\/pmza.sk\/wp-content\/uploads\/2015\/06\/ZSK_Slovenske-rytierske-dni-2015_sermiarske-suboje.jpg\"><img decoding=\"async\" class=\"alignleft  wp-image-12574\" src=\"https:\/\/pmza.sk\/wp-content\/uploads\/2015\/06\/ZSK_Slovenske-rytierske-dni-2015_sermiarske-suboje.jpg\" alt=\"\u017dSK_Slovensk\u00e9 rytierske dni 2015_\u0161ermiarske s\u00faboje\" width=\"192\" height=\"128\" srcset=\"https:\/\/pmza.sk\/wp-content\/uploads\/2015\/06\/ZSK_Slovenske-rytierske-dni-2015_sermiarske-suboje.jpg 1024w, https:\/\/pmza.sk\/wp-content\/uploads\/2015\/06\/ZSK_Slovenske-rytierske-dni-2015_sermiarske-suboje-540x360.jpg 540w, https:\/\/pmza.sk\/wp-content\/uploads\/2015\/06\/ZSK_Slovenske-rytierske-dni-2015_sermiarske-suboje-768x512.jpg 768w, https:\/\/pmza.sk\/wp-content\/uploads\/2015\/06\/ZSK_Slovenske-rytierske-dni-2015_sermiarske-suboje-600x400.jpg 600w\" sizes=\"(max-width: 192px) 100vw, 192px\" \/><\/a> <a href=\"https:\/\/pmza.sk\/wp-content\/uploads\/2015\/06\/ZSK_Slovenske-rytierske-dni-2015.jpg\"><img decoding=\"async\" class=\"alignleft  wp-image-12575\" src=\"https:\/\/pmza.sk\/wp-content\/uploads\/2015\/06\/ZSK_Slovenske-rytierske-dni-2015.jpg\" alt=\"\u017dSK_Slovensk\u00e9 rytierske dni 2015\" width=\"193\" height=\"128\" srcset=\"https:\/\/pmza.sk\/wp-content\/uploads\/2015\/06\/ZSK_Slovenske-rytierske-dni-2015.jpg 1024w, https:\/\/pmza.sk\/wp-content\/uploads\/2015\/06\/ZSK_Slovenske-rytierske-dni-2015-540x360.jpg 540w, https:\/\/pmza.sk\/wp-content\/uploads\/2015\/06\/ZSK_Slovenske-rytierske-dni-2015-768x512.jpg 768w, https:\/\/pmza.sk\/wp-content\/uploads\/2015\/06\/ZSK_Slovenske-rytierske-dni-2015-600x400.jpg 600w\" sizes=\"(max-width: 193px) 100vw, 193px\" \/><\/a> <a href=\"https:\/\/pmza.sk\/wp-content\/uploads\/2015\/06\/ZSK_Slovenske-rytierske-dni-2015_dobove-stanky-s-tradicnymi-remeselnikmi.jpg\"><img decoding=\"async\" class=\"alignleft  wp-image-12576\" src=\"https:\/\/pmza.sk\/wp-content\/uploads\/2015\/06\/ZSK_Slovenske-rytierske-dni-2015_dobove-stanky-s-tradicnymi-remeselnikmi.jpg\" alt=\"\u017dSK_Slovensk\u00e9 rytierske dni 2015_dobov\u00e9 st\u00e1nky s tradi\u010dn\u00fdmi remeseln\u00edkmi\" width=\"193\" height=\"128\" srcset=\"https:\/\/pmza.sk\/wp-content\/uploads\/2015\/06\/ZSK_Slovenske-rytierske-dni-2015_dobove-stanky-s-tradicnymi-remeselnikmi.jpg 1024w, https:\/\/pmza.sk\/wp-content\/uploads\/2015\/06\/ZSK_Slovenske-rytierske-dni-2015_dobove-stanky-s-tradicnymi-remeselnikmi-540x360.jpg 540w, https:\/\/pmza.sk\/wp-content\/uploads\/2015\/06\/ZSK_Slovenske-rytierske-dni-2015_dobove-stanky-s-tradicnymi-remeselnikmi-768x512.jpg 768w, https:\/\/pmza.sk\/wp-content\/uploads\/2015\/06\/ZSK_Slovenske-rytierske-dni-2015_dobove-stanky-s-tradicnymi-remeselnikmi-600x400.jpg 600w\" sizes=\"(max-width: 193px) 100vw, 193px\" \/><\/a><\/p>\n","protected":false},"excerpt":{"rendered":"<p>\u017dilinsk\u00fd samospr\u00e1vny kraj aj v\u00a0tomto roku organizuje popul\u00e1rne rytierske v\u00fdpravy, ktor\u00e9 po\u010das piatich mesiacov zav\u00edtaj\u00fa na tri majest\u00e1tne hrady \u017dilinskej \u017eupy \u2013 Hrad Stre\u010dno (21. 6. 2015), Hrad Sklabi\u0148a (12. 7. 2015) a\u00a0Oravsk\u00fd hrad (16. 8. 2015), tie\u017e do Ka\u0161tie\u013ea Rado\u013ea (8. 5. 2015) a\u00a0do Gotick\u00e9ho kostola V\u0161etk\u00fdch sv\u00e4t\u00fdch v\u00a0Ludrovej (5. 9. 2015). V\u00a0lete 2014 [&hellip;]<\/p>\n","protected":false},"author":2,"featured_media":12398,"comment_status":"closed","ping_status":"closed","sticky":false,"template":"","format":"standard","meta":{"site-sidebar-layout":"default","site-content-layout":"","ast-site-content-layout":"","site-content-style":"default","site-sidebar-style":"default","ast-global-header-display":"","ast-banner-title-visibility":"","ast-main-header-display":"","ast-hfb-above-header-display":"","ast-hfb-below-header-display":"","ast-hfb-mobile-header-display":"","site-post-title":"","ast-breadcrumbs-content":"","ast-featured-img":"","footer-sml-layout":"","theme-transparent-header-meta":"","adv-header-id-meta":"","stick-header-meta":"","header-above-stick-meta":"","header-main-stick-meta":"","header-below-stick-meta":"","astra-migrate-meta-layouts":"default","ast-page-background-enabled":"default","ast-page-background-meta":{"desktop":{"background-color":"var(--ast-global-color-4)","background-image":"","background-repeat":"repeat","background-position":"center center","background-size":"auto","background-attachment":"scroll","background-type":"","background-media":"","overlay-type":"","overlay-color":"","overlay-opacity":"","overlay-gradient":""},"tablet":{"background-color":"","background-image":"","background-repeat":"repeat","background-position":"center center","background-size":"auto","background-attachment":"scroll","background-type":"","background-media":"","overlay-type":"","overlay-color":"","overlay-opacity":"","overlay-gradient":""},"mobile":{"background-color":"","background-image":"","background-repeat":"repeat","background-position":"center center","background-size":"auto","background-attachment":"scroll","background-type":"","background-media":"","overlay-type":"","overlay-color":"","overlay-opacity":"","overlay-gradient":""}},"ast-content-background-meta":{"desktop":{"background-color":"var(--ast-global-color-5)","background-image":"","background-repeat":"repeat","background-position":"center center","background-size":"auto","background-attachment":"scroll","background-type":"","background-media":"","overlay-type":"","overlay-color":"","overlay-opacity":"","overlay-gradient":""},"tablet":{"background-color":"var(--ast-global-color-5)","background-image":"","background-repeat":"repeat","background-position":"center center","background-size":"auto","background-attachment":"scroll","background-type":"","background-media":"","overlay-type":"","overlay-color":"","overlay-opacity":"","overlay-gradient":""},"mobile":{"background-color":"var(--ast-global-color-5)","background-image":"","background-repeat":"repeat","background-position":"center center","background-size":"auto","background-attachment":"scroll","background-type":"","background-media":"","overlay-type":"","overlay-color":"","overlay-opacity":"","overlay-gradient":""}},"footnotes":""},"categories":[31],"tags":[],"class_list":["post-12571","post","type-post","status-publish","format-standard","has-post-thumbnail","hentry","category-aktuality"],"yoast_head":"<!-- This site is optimized with the Yoast SEO plugin v27.4 - https:\/\/yoast.com\/product\/yoast-seo-wordpress\/ -->\n<title>Slovensk\u00e9 rytierske dni 2015 - Pova\u017esk\u00e9 m\u00fazeum<\/title>\n<meta name=\"robots\" content=\"index, follow, max-snippet:-1, max-image-preview:large, max-video-preview:-1\" \/>\n<link rel=\"canonical\" href=\"https:\/\/pmza.sk\/?p=12571\" \/>\n<meta property=\"og:locale\" content=\"sk_SK\" \/>\n<meta property=\"og:type\" content=\"article\" \/>\n<meta property=\"og:title\" content=\"Slovensk\u00e9 rytierske dni 2015 - Pova\u017esk\u00e9 m\u00fazeum\" \/>\n<meta property=\"og:description\" content=\"\u017dilinsk\u00fd samospr\u00e1vny kraj aj v\u00a0tomto roku organizuje popul\u00e1rne rytierske v\u00fdpravy, ktor\u00e9 po\u010das piatich mesiacov zav\u00edtaj\u00fa na tri majest\u00e1tne hrady \u017dilinskej \u017eupy \u2013 Hrad Stre\u010dno (21. 6. 2015), Hrad Sklabi\u0148a (12. 7. 2015) a\u00a0Oravsk\u00fd hrad (16. 8. 2015), tie\u017e do Ka\u0161tie\u013ea Rado\u013ea (8. 5. 2015) a\u00a0do Gotick\u00e9ho kostola V\u0161etk\u00fdch sv\u00e4t\u00fdch v\u00a0Ludrovej (5. 9. 2015). V\u00a0lete 2014 [&hellip;]\" \/>\n<meta property=\"og:url\" content=\"https:\/\/pmza.sk\/?p=12571\" \/>\n<meta property=\"og:site_name\" content=\"Pova\u017esk\u00e9 m\u00fazeum\" \/>\n<meta property=\"article:publisher\" content=\"https:\/\/www.facebook.com\/povazskemuzeum\" \/>\n<meta property=\"article:published_time\" content=\"2015-06-01T11:38:09+00:00\" \/>\n<meta property=\"og:image\" content=\"https:\/\/pmza.sk\/wp-content\/uploads\/2015\/05\/Slovenske-rytierske-dni.jpg\" \/>\n\t<meta property=\"og:image:width\" content=\"800\" \/>\n\t<meta property=\"og:image:height\" content=\"490\" \/>\n\t<meta property=\"og:image:type\" content=\"image\/jpeg\" \/>\n<meta name=\"author\" content=\"Pova\u017esk\u00e9 m\u00fazeum\" \/>\n<meta name=\"twitter:card\" content=\"summary_large_image\" \/>\n<meta name=\"twitter:label1\" content=\"Autor\" \/>\n\t<meta name=\"twitter:data1\" content=\"Pova\u017esk\u00e9 m\u00fazeum\" \/>\n\t<meta name=\"twitter:label2\" content=\"Predpokladan\u00fd \u010das \u010d\u00edtania\" \/>\n\t<meta name=\"twitter:data2\" content=\"2 min\u00faty\" \/>\n<script type=\"application\/ld+json\" class=\"yoast-schema-graph\">{\"@context\":\"https:\\\/\\\/schema.org\",\"@graph\":[{\"@type\":\"Article\",\"@id\":\"https:\\\/\\\/pmza.sk\\\/?p=12571#article\",\"isPartOf\":{\"@id\":\"https:\\\/\\\/pmza.sk\\\/?p=12571\"},\"author\":{\"name\":\"Pova\u017esk\u00e9 m\u00fazeum\",\"@id\":\"https:\\\/\\\/pmza.sk\\\/#\\\/schema\\\/person\\\/595e6a2ce731ea94dcd5d7f50a41ae33\"},\"headline\":\"Slovensk\u00e9 rytierske dni 2015\",\"datePublished\":\"2015-06-01T11:38:09+00:00\",\"mainEntityOfPage\":{\"@id\":\"https:\\\/\\\/pmza.sk\\\/?p=12571\"},\"wordCount\":315,\"publisher\":{\"@id\":\"https:\\\/\\\/pmza.sk\\\/#organization\"},\"image\":{\"@id\":\"https:\\\/\\\/pmza.sk\\\/?p=12571#primaryimage\"},\"thumbnailUrl\":\"https:\\\/\\\/pmza.sk\\\/wp-content\\\/uploads\\\/2015\\\/05\\\/Slovenske-rytierske-dni.jpg\",\"articleSection\":[\"Aktuality\"],\"inLanguage\":\"sk-SK\"},{\"@type\":\"WebPage\",\"@id\":\"https:\\\/\\\/pmza.sk\\\/?p=12571\",\"url\":\"https:\\\/\\\/pmza.sk\\\/?p=12571\",\"name\":\"Slovensk\u00e9 rytierske dni 2015 - Pova\u017esk\u00e9 m\u00fazeum\",\"isPartOf\":{\"@id\":\"https:\\\/\\\/pmza.sk\\\/#website\"},\"primaryImageOfPage\":{\"@id\":\"https:\\\/\\\/pmza.sk\\\/?p=12571#primaryimage\"},\"image\":{\"@id\":\"https:\\\/\\\/pmza.sk\\\/?p=12571#primaryimage\"},\"thumbnailUrl\":\"https:\\\/\\\/pmza.sk\\\/wp-content\\\/uploads\\\/2015\\\/05\\\/Slovenske-rytierske-dni.jpg\",\"datePublished\":\"2015-06-01T11:38:09+00:00\",\"breadcrumb\":{\"@id\":\"https:\\\/\\\/pmza.sk\\\/?p=12571#breadcrumb\"},\"inLanguage\":\"sk-SK\",\"potentialAction\":[{\"@type\":\"ReadAction\",\"target\":[\"https:\\\/\\\/pmza.sk\\\/?p=12571\"]}]},{\"@type\":\"ImageObject\",\"inLanguage\":\"sk-SK\",\"@id\":\"https:\\\/\\\/pmza.sk\\\/?p=12571#primaryimage\",\"url\":\"https:\\\/\\\/pmza.sk\\\/wp-content\\\/uploads\\\/2015\\\/05\\\/Slovenske-rytierske-dni.jpg\",\"contentUrl\":\"https:\\\/\\\/pmza.sk\\\/wp-content\\\/uploads\\\/2015\\\/05\\\/Slovenske-rytierske-dni.jpg\",\"width\":800,\"height\":490},{\"@type\":\"BreadcrumbList\",\"@id\":\"https:\\\/\\\/pmza.sk\\\/?p=12571#breadcrumb\",\"itemListElement\":[{\"@type\":\"ListItem\",\"position\":1,\"name\":\"Domovsk\u00e1 str\u00e1nka\",\"item\":\"https:\\\/\\\/pmza.sk\\\/\"},{\"@type\":\"ListItem\",\"position\":2,\"name\":\"Slovensk\u00e9 rytierske dni 2015\"}]},{\"@type\":\"WebSite\",\"@id\":\"https:\\\/\\\/pmza.sk\\\/#website\",\"url\":\"https:\\\/\\\/pmza.sk\\\/\",\"name\":\"Pova\u017esk\u00e9 m\u00fazeum\",\"description\":\"Pova\u017esk\u00e9 m\u00fazeum v \u017diline je region\u00e1lne m\u00fazeum so s\u00eddlom v Budat\u00edne. Jeho expoz\u00edcie s\u00fa zameran\u00e9 na dejiny slovensk\u00e9ho umenia, kult\u00fary a dopravy.\",\"publisher\":{\"@id\":\"https:\\\/\\\/pmza.sk\\\/#organization\"},\"potentialAction\":[{\"@type\":\"SearchAction\",\"target\":{\"@type\":\"EntryPoint\",\"urlTemplate\":\"https:\\\/\\\/pmza.sk\\\/?s={search_term_string}\"},\"query-input\":{\"@type\":\"PropertyValueSpecification\",\"valueRequired\":true,\"valueName\":\"search_term_string\"}}],\"inLanguage\":\"sk-SK\"},{\"@type\":\"Organization\",\"@id\":\"https:\\\/\\\/pmza.sk\\\/#organization\",\"name\":\"Pova\u017esk\u00e9 m\u00fazeum\",\"url\":\"https:\\\/\\\/pmza.sk\\\/\",\"logo\":{\"@type\":\"ImageObject\",\"inLanguage\":\"sk-SK\",\"@id\":\"https:\\\/\\\/pmza.sk\\\/#\\\/schema\\\/logo\\\/image\\\/\",\"url\":\"https:\\\/\\\/pmza.sk\\\/wp-content\\\/uploads\\\/2022\\\/01\\\/logo_PM_horizontal.jpg\",\"contentUrl\":\"https:\\\/\\\/pmza.sk\\\/wp-content\\\/uploads\\\/2022\\\/01\\\/logo_PM_horizontal.jpg\",\"width\":231,\"height\":142,\"caption\":\"Pova\u017esk\u00e9 m\u00fazeum\"},\"image\":{\"@id\":\"https:\\\/\\\/pmza.sk\\\/#\\\/schema\\\/logo\\\/image\\\/\"},\"sameAs\":[\"https:\\\/\\\/www.facebook.com\\\/povazskemuzeum\",\"https:\\\/\\\/www.instagram.com\\\/povazskemuzeum\\\/\"]},{\"@type\":\"Person\",\"@id\":\"https:\\\/\\\/pmza.sk\\\/#\\\/schema\\\/person\\\/595e6a2ce731ea94dcd5d7f50a41ae33\",\"name\":\"Pova\u017esk\u00e9 m\u00fazeum\",\"image\":{\"@type\":\"ImageObject\",\"inLanguage\":\"sk-SK\",\"@id\":\"https:\\\/\\\/secure.gravatar.com\\\/avatar\\\/2bb7f1561282132fb5826dfeccc66c7996d11ee392ac6aaf7ced8a1c2027fbb2?s=96&d=mm&r=g\",\"url\":\"https:\\\/\\\/secure.gravatar.com\\\/avatar\\\/2bb7f1561282132fb5826dfeccc66c7996d11ee392ac6aaf7ced8a1c2027fbb2?s=96&d=mm&r=g\",\"contentUrl\":\"https:\\\/\\\/secure.gravatar.com\\\/avatar\\\/2bb7f1561282132fb5826dfeccc66c7996d11ee392ac6aaf7ced8a1c2027fbb2?s=96&d=mm&r=g\",\"caption\":\"Pova\u017esk\u00e9 m\u00fazeum\"}}]}<\/script>\n<!-- \/ Yoast SEO plugin. -->","yoast_head_json":{"title":"Slovensk\u00e9 rytierske dni 2015 - Pova\u017esk\u00e9 m\u00fazeum","robots":{"index":"index","follow":"follow","max-snippet":"max-snippet:-1","max-image-preview":"max-image-preview:large","max-video-preview":"max-video-preview:-1"},"canonical":"https:\/\/pmza.sk\/?p=12571","og_locale":"sk_SK","og_type":"article","og_title":"Slovensk\u00e9 rytierske dni 2015 - Pova\u017esk\u00e9 m\u00fazeum","og_description":"\u017dilinsk\u00fd samospr\u00e1vny kraj aj v\u00a0tomto roku organizuje popul\u00e1rne rytierske v\u00fdpravy, ktor\u00e9 po\u010das piatich mesiacov zav\u00edtaj\u00fa na tri majest\u00e1tne hrady \u017dilinskej \u017eupy \u2013 Hrad Stre\u010dno (21. 6. 2015), Hrad Sklabi\u0148a (12. 7. 2015) a\u00a0Oravsk\u00fd hrad (16. 8. 2015), tie\u017e do Ka\u0161tie\u013ea Rado\u013ea (8. 5. 2015) a\u00a0do Gotick\u00e9ho kostola V\u0161etk\u00fdch sv\u00e4t\u00fdch v\u00a0Ludrovej (5. 9. 2015). V\u00a0lete 2014 [&hellip;]","og_url":"https:\/\/pmza.sk\/?p=12571","og_site_name":"Pova\u017esk\u00e9 m\u00fazeum","article_publisher":"https:\/\/www.facebook.com\/povazskemuzeum","article_published_time":"2015-06-01T11:38:09+00:00","og_image":[{"width":800,"height":490,"url":"https:\/\/pmza.sk\/wp-content\/uploads\/2015\/05\/Slovenske-rytierske-dni.jpg","type":"image\/jpeg"}],"author":"Pova\u017esk\u00e9 m\u00fazeum","twitter_card":"summary_large_image","twitter_misc":{"Autor":"Pova\u017esk\u00e9 m\u00fazeum","Predpokladan\u00fd \u010das \u010d\u00edtania":"2 min\u00faty"},"schema":{"@context":"https:\/\/schema.org","@graph":[{"@type":"Article","@id":"https:\/\/pmza.sk\/?p=12571#article","isPartOf":{"@id":"https:\/\/pmza.sk\/?p=12571"},"author":{"name":"Pova\u017esk\u00e9 m\u00fazeum","@id":"https:\/\/pmza.sk\/#\/schema\/person\/595e6a2ce731ea94dcd5d7f50a41ae33"},"headline":"Slovensk\u00e9 rytierske dni 2015","datePublished":"2015-06-01T11:38:09+00:00","mainEntityOfPage":{"@id":"https:\/\/pmza.sk\/?p=12571"},"wordCount":315,"publisher":{"@id":"https:\/\/pmza.sk\/#organization"},"image":{"@id":"https:\/\/pmza.sk\/?p=12571#primaryimage"},"thumbnailUrl":"https:\/\/pmza.sk\/wp-content\/uploads\/2015\/05\/Slovenske-rytierske-dni.jpg","articleSection":["Aktuality"],"inLanguage":"sk-SK"},{"@type":"WebPage","@id":"https:\/\/pmza.sk\/?p=12571","url":"https:\/\/pmza.sk\/?p=12571","name":"Slovensk\u00e9 rytierske dni 2015 - Pova\u017esk\u00e9 m\u00fazeum","isPartOf":{"@id":"https:\/\/pmza.sk\/#website"},"primaryImageOfPage":{"@id":"https:\/\/pmza.sk\/?p=12571#primaryimage"},"image":{"@id":"https:\/\/pmza.sk\/?p=12571#primaryimage"},"thumbnailUrl":"https:\/\/pmza.sk\/wp-content\/uploads\/2015\/05\/Slovenske-rytierske-dni.jpg","datePublished":"2015-06-01T11:38:09+00:00","breadcrumb":{"@id":"https:\/\/pmza.sk\/?p=12571#breadcrumb"},"inLanguage":"sk-SK","potentialAction":[{"@type":"ReadAction","target":["https:\/\/pmza.sk\/?p=12571"]}]},{"@type":"ImageObject","inLanguage":"sk-SK","@id":"https:\/\/pmza.sk\/?p=12571#primaryimage","url":"https:\/\/pmza.sk\/wp-content\/uploads\/2015\/05\/Slovenske-rytierske-dni.jpg","contentUrl":"https:\/\/pmza.sk\/wp-content\/uploads\/2015\/05\/Slovenske-rytierske-dni.jpg","width":800,"height":490},{"@type":"BreadcrumbList","@id":"https:\/\/pmza.sk\/?p=12571#breadcrumb","itemListElement":[{"@type":"ListItem","position":1,"name":"Domovsk\u00e1 str\u00e1nka","item":"https:\/\/pmza.sk\/"},{"@type":"ListItem","position":2,"name":"Slovensk\u00e9 rytierske dni 2015"}]},{"@type":"WebSite","@id":"https:\/\/pmza.sk\/#website","url":"https:\/\/pmza.sk\/","name":"Pova\u017esk\u00e9 m\u00fazeum","description":"Pova\u017esk\u00e9 m\u00fazeum v \u017diline je region\u00e1lne m\u00fazeum so s\u00eddlom v Budat\u00edne. Jeho expoz\u00edcie s\u00fa zameran\u00e9 na dejiny slovensk\u00e9ho umenia, kult\u00fary a dopravy.","publisher":{"@id":"https:\/\/pmza.sk\/#organization"},"potentialAction":[{"@type":"SearchAction","target":{"@type":"EntryPoint","urlTemplate":"https:\/\/pmza.sk\/?s={search_term_string}"},"query-input":{"@type":"PropertyValueSpecification","valueRequired":true,"valueName":"search_term_string"}}],"inLanguage":"sk-SK"},{"@type":"Organization","@id":"https:\/\/pmza.sk\/#organization","name":"Pova\u017esk\u00e9 m\u00fazeum","url":"https:\/\/pmza.sk\/","logo":{"@type":"ImageObject","inLanguage":"sk-SK","@id":"https:\/\/pmza.sk\/#\/schema\/logo\/image\/","url":"https:\/\/pmza.sk\/wp-content\/uploads\/2022\/01\/logo_PM_horizontal.jpg","contentUrl":"https:\/\/pmza.sk\/wp-content\/uploads\/2022\/01\/logo_PM_horizontal.jpg","width":231,"height":142,"caption":"Pova\u017esk\u00e9 m\u00fazeum"},"image":{"@id":"https:\/\/pmza.sk\/#\/schema\/logo\/image\/"},"sameAs":["https:\/\/www.facebook.com\/povazskemuzeum","https:\/\/www.instagram.com\/povazskemuzeum\/"]},{"@type":"Person","@id":"https:\/\/pmza.sk\/#\/schema\/person\/595e6a2ce731ea94dcd5d7f50a41ae33","name":"Pova\u017esk\u00e9 m\u00fazeum","image":{"@type":"ImageObject","inLanguage":"sk-SK","@id":"https:\/\/secure.gravatar.com\/avatar\/2bb7f1561282132fb5826dfeccc66c7996d11ee392ac6aaf7ced8a1c2027fbb2?s=96&d=mm&r=g","url":"https:\/\/secure.gravatar.com\/avatar\/2bb7f1561282132fb5826dfeccc66c7996d11ee392ac6aaf7ced8a1c2027fbb2?s=96&d=mm&r=g","contentUrl":"https:\/\/secure.gravatar.com\/avatar\/2bb7f1561282132fb5826dfeccc66c7996d11ee392ac6aaf7ced8a1c2027fbb2?s=96&d=mm&r=g","caption":"Pova\u017esk\u00e9 m\u00fazeum"}}]}},"_links":{"self":[{"href":"https:\/\/pmza.sk\/index.php?rest_route=\/wp\/v2\/posts\/12571","targetHints":{"allow":["GET"]}}],"collection":[{"href":"https:\/\/pmza.sk\/index.php?rest_route=\/wp\/v2\/posts"}],"about":[{"href":"https:\/\/pmza.sk\/index.php?rest_route=\/wp\/v2\/types\/post"}],"author":[{"embeddable":true,"href":"https:\/\/pmza.sk\/index.php?rest_route=\/wp\/v2\/users\/2"}],"replies":[{"embeddable":true,"href":"https:\/\/pmza.sk\/index.php?rest_route=%2Fwp%2Fv2%2Fcomments&post=12571"}],"version-history":[{"count":0,"href":"https:\/\/pmza.sk\/index.php?rest_route=\/wp\/v2\/posts\/12571\/revisions"}],"wp:featuredmedia":[{"embeddable":true,"href":"https:\/\/pmza.sk\/index.php?rest_route=\/wp\/v2\/media\/12398"}],"wp:attachment":[{"href":"https:\/\/pmza.sk\/index.php?rest_route=%2Fwp%2Fv2%2Fmedia&parent=12571"}],"wp:term":[{"taxonomy":"category","embeddable":true,"href":"https:\/\/pmza.sk\/index.php?rest_route=%2Fwp%2Fv2%2Fcategories&post=12571"},{"taxonomy":"post_tag","embeddable":true,"href":"https:\/\/pmza.sk\/index.php?rest_route=%2Fwp%2Fv2%2Ftags&post=12571"}],"curies":[{"name":"wp","href":"https:\/\/api.w.org\/{rel}","templated":true}]}}