{"id":12649,"date":"2015-06-05T08:32:23","date_gmt":"2015-06-05T06:32:23","guid":{"rendered":"https:\/\/pmza.sk.sk\/?p=12649"},"modified":"2015-06-05T08:32:23","modified_gmt":"2015-06-05T06:32:23","slug":"konzerva-fest-2015-5-7-juna","status":"publish","type":"post","link":"https:\/\/pmza.sk\/?p=12649","title":{"rendered":"Konzerva fest 2015"},"content":{"rendered":"<div>S\u00fakromn\u00e1 spojen\u00e1 \u0161kola Martin s\u00a0organiza\u010dnou zlo\u017ekou S\u00fakromn\u00e9 hudobn\u00e9 a\u00a0dramatick\u00e9 konzervat\u00f3rium, v\u00a0spolupr\u00e1ci s\u00a0Ob\u010dianskym zdru\u017een\u00edm Bod \u2013 spolo\u010dnos\u0165 na\u00a0podporu umeleck\u00e9ho vzdel\u00e1vania a\u00a0\u017dilinsk\u00fd samospr\u00e1vny kraj organizuj\u00fa v\u00a0d\u0148och 5.- 7. j\u00fan 2015 podujatie KonzervaFest.<\/div>\n<div>Aj druh\u00fd ro\u010dn\u00edk festivalu je zameran\u00fd na\u00a0podporu mlad\u00fdch umelcov, ktor\u00ed v\u010faka podujatiu odprezentuj\u00fa najm\u00e4 svoje \u0161tudentsk\u00e9 predstavenia pred odbornou i\u00a0laickou verejnos\u0165ou. Okrem jedine\u010dnej mo\u017enosti konfront\u00e1cie tvorby s\u00a0ostatn\u00fdmi \u0161tudentmi z\u00a0cel\u00e9ho Slovenska \u00fa\u010dastn\u00edci absolvuj\u00fa aj workshopy, ktor\u00e9 bud\u00fa prebieha\u0165 po\u010das v\u0161etk\u00fdch troch dn\u00ed festivalu.<\/div>\n<p><!--more--><\/p>\n<div>Zauj\u00edmavos\u0165ou je, \u017ee sa obsah workshopov s\u00fastre\u010fuje na\u00a0tak\u00e9 oblasti, ktor\u00e9 nie s\u00fa v\u00a0dostato\u010dnej miere podchyten\u00e9 v\u00a0u\u010debn\u00fdch osnov\u00e1ch konzervat\u00f3ri\u00ed, preto bud\u00fa pre\u00a0\u0161tudentov mimoriadne atrakt\u00edvne. Pr\u00edpravu na\u00a0bud\u00facu umelecko-tvoriv\u00fa prax si bud\u00fa \u00fa\u010dastn\u00edci zdokona\u013eova\u0165 na\u00a0workshopoch: tvoriv\u00e9 p\u00edsanie \u2013 Katar\u00edna Hitzingerov\u00e1, b\u00e1bkov\u00e9 divadlo \u2013 Barbora Zami\u0161kov\u00e1, fyzick\u00e9 divadlo \u2013 Jaro Vina\u0159sk\u00fd, film \u2013 Peter Pavl\u00edk a\u00a0Tom\u00e1\u0161 Bob\u00e1\u0148, divadeln\u00e1 kritika \u2013 Elena Knopov\u00e1.<\/div>\n<div><\/div>\n<div><em>,,Na\u0161ou ideou je polo\u017ei\u0165 z\u00e1klady dlhodobej platforme, ktor\u00e1 umo\u017en\u00ed \u0161tudentom umeleck\u00fdch \u0161k\u00f4l uk\u00e1za\u0165, \u010do sa po\u010das svojho \u0161t\u00fadia nau\u010dili. Nev\u00fdhodou absolventsk\u00fdch a\u00a0v\u00f4bec celkovo konzervatoristick\u00fdch predstaven\u00ed je, \u017ee nemaj\u00fa dlh\u00fa \u017eivotnos\u0165. Chceme, aby mali \u00fa\u010dastn\u00edci festivalu mo\u017enos\u0165 konfront\u00e1cie s\u00a0ostatn\u00fdmi \u0161kolami a\u00a0efekt\u00edvnej\u0161ie z\u00faro\u010dili vlastn\u00e9 \u00fasilie i\u00a0vedomosti, schopnosti a\u00a0zru\u010dnosti nadobudnut\u00e9 po\u010das \u0161t\u00fadia\u201c. <\/em>uviedol autor my\u0161lienky projektu a\u00a0extern\u00fd pedag\u00f3g S\u00fakromnej spojenej \u0161koly, Michal Leg\u00ed\u0148.<\/div>\n<div><\/div>\n<div><em>,,Z\u00e1merom \u017eupy je vytvori\u0165 v\u00a0\u017dilinskom kraji optim\u00e1lne podmienky pre\u00a0stret\u00e1vanie sa mlad\u00fdch umelcov. KonzervaFest je jedn\u00fdm zo\u00a0sp\u00f4sobov, ako tak\u00e9to v\u00fdsledky dosiahnu\u0165. Radi podpor\u00edme origin\u00e1lny a\u00a0pr\u00ednosn\u00fd n\u00e1pad a\u00a0t\u00fdm my\u0161lienka KonzervaFestu rozhodne je. Vn\u00edmame ju aj ako siln\u00fd prevent\u00edvny n\u00e1stroj pred ne\u017eiaducimi sp\u00f4sobmi tr\u00e1venia vo\u013en\u00e9ho \u010dasu ml\u00e1de\u017ee. Pevne ver\u00edm, \u017ee sa n\u00e1m spolo\u010dn\u00fdmi silami podar\u00ed zhmotni\u0165 predstavu do\u00a0konkr\u00e9tneho podujatia a\u00a0zachov\u00e1me jeho kontinuitu i\u00a0v \u010fal\u0161\u00edch rokoch. Podpory mlad\u00fdch talentovan\u00fdch \u013eud\u00ed nikdy nie je dos\u0165,\u201c<\/em> dodal Juraj Blan\u00e1r, predseda \u017eilinskej \u017eupy.<\/div>\n<div><\/div>\n<div>Festival sa bude kona\u0165 v\u00a0priestoroch Domu kult\u00fary Stre\u010dno, Hradu Stre\u010dno a\u00a0 jeho podhrad\u00ed, kde je od\u00a0septembra 2013 spr\u00edstupnen\u00e1 oddychov\u00e1 z\u00f3na v\u00a0prostred\u00ed autentickej stredovekej dediny Paseka.<\/div>\n<div><\/div>\n<div><\/div>\n<div>\n<p>Podujatie finan\u010dne podporili:<br \/> Nad\u00e1cia Pontis z\u00a0dota\u010dn\u00e9ho programu Kia motors<br \/> Ministerstvo kult\u00fary SR<br \/> \u017dilinsk\u00fd samospr\u00e1vny kraj<\/p>\n<p>Medi\u00e1lni partneri:<br \/> RTVS, R\u00e1dio Regina<br \/> R\u00e1dio Sever<br \/> R\u00e1dio Rebeca<br \/> Turiec online<br \/> TV F\u00e9nix<br \/> Region portal<\/p>\n<\/div>\n","protected":false},"excerpt":{"rendered":"<p>S\u00fakromn\u00e1 spojen\u00e1 \u0161kola Martin s\u00a0organiza\u010dnou zlo\u017ekou S\u00fakromn\u00e9 hudobn\u00e9 a\u00a0dramatick\u00e9 konzervat\u00f3rium, v\u00a0spolupr\u00e1ci s\u00a0Ob\u010dianskym zdru\u017een\u00edm Bod \u2013 spolo\u010dnos\u0165 na\u00a0podporu umeleck\u00e9ho vzdel\u00e1vania a\u00a0\u017dilinsk\u00fd samospr\u00e1vny kraj organizuj\u00fa v\u00a0d\u0148och 5.- 7. j\u00fan 2015 podujatie KonzervaFest. Aj druh\u00fd ro\u010dn\u00edk festivalu je zameran\u00fd na\u00a0podporu mlad\u00fdch umelcov, ktor\u00ed v\u010faka podujatiu odprezentuj\u00fa najm\u00e4 svoje \u0161tudentsk\u00e9 predstavenia pred odbornou i\u00a0laickou verejnos\u0165ou. Okrem jedine\u010dnej mo\u017enosti konfront\u00e1cie [&hellip;]<\/p>\n","protected":false},"author":2,"featured_media":12561,"comment_status":"closed","ping_status":"closed","sticky":false,"template":"","format":"standard","meta":{"site-sidebar-layout":"default","site-content-layout":"","ast-site-content-layout":"","site-content-style":"default","site-sidebar-style":"default","ast-global-header-display":"","ast-banner-title-visibility":"","ast-main-header-display":"","ast-hfb-above-header-display":"","ast-hfb-below-header-display":"","ast-hfb-mobile-header-display":"","site-post-title":"","ast-breadcrumbs-content":"","ast-featured-img":"","footer-sml-layout":"","theme-transparent-header-meta":"","adv-header-id-meta":"","stick-header-meta":"","header-above-stick-meta":"","header-main-stick-meta":"","header-below-stick-meta":"","astra-migrate-meta-layouts":"default","ast-page-background-enabled":"default","ast-page-background-meta":{"desktop":{"background-color":"var(--ast-global-color-4)","background-image":"","background-repeat":"repeat","background-position":"center center","background-size":"auto","background-attachment":"scroll","background-type":"","background-media":"","overlay-type":"","overlay-color":"","overlay-opacity":"","overlay-gradient":""},"tablet":{"background-color":"","background-image":"","background-repeat":"repeat","background-position":"center center","background-size":"auto","background-attachment":"scroll","background-type":"","background-media":"","overlay-type":"","overlay-color":"","overlay-opacity":"","overlay-gradient":""},"mobile":{"background-color":"","background-image":"","background-repeat":"repeat","background-position":"center center","background-size":"auto","background-attachment":"scroll","background-type":"","background-media":"","overlay-type":"","overlay-color":"","overlay-opacity":"","overlay-gradient":""}},"ast-content-background-meta":{"desktop":{"background-color":"var(--ast-global-color-5)","background-image":"","background-repeat":"repeat","background-position":"center center","background-size":"auto","background-attachment":"scroll","background-type":"","background-media":"","overlay-type":"","overlay-color":"","overlay-opacity":"","overlay-gradient":""},"tablet":{"background-color":"var(--ast-global-color-5)","background-image":"","background-repeat":"repeat","background-position":"center center","background-size":"auto","background-attachment":"scroll","background-type":"","background-media":"","overlay-type":"","overlay-color":"","overlay-opacity":"","overlay-gradient":""},"mobile":{"background-color":"var(--ast-global-color-5)","background-image":"","background-repeat":"repeat","background-position":"center center","background-size":"auto","background-attachment":"scroll","background-type":"","background-media":"","overlay-type":"","overlay-color":"","overlay-opacity":"","overlay-gradient":""}},"footnotes":""},"categories":[31],"tags":[],"class_list":["post-12649","post","type-post","status-publish","format-standard","has-post-thumbnail","hentry","category-aktuality"],"yoast_head":"<!-- This site is optimized with the Yoast SEO plugin v27.4 - https:\/\/yoast.com\/product\/yoast-seo-wordpress\/ -->\n<title>Konzerva fest 2015 - Pova\u017esk\u00e9 m\u00fazeum<\/title>\n<meta name=\"robots\" content=\"index, follow, max-snippet:-1, max-image-preview:large, max-video-preview:-1\" \/>\n<link rel=\"canonical\" href=\"https:\/\/pmza.sk\/?p=12649\" \/>\n<meta property=\"og:locale\" content=\"sk_SK\" \/>\n<meta property=\"og:type\" content=\"article\" \/>\n<meta property=\"og:title\" content=\"Konzerva fest 2015 - Pova\u017esk\u00e9 m\u00fazeum\" \/>\n<meta property=\"og:description\" content=\"S\u00fakromn\u00e1 spojen\u00e1 \u0161kola Martin s\u00a0organiza\u010dnou zlo\u017ekou S\u00fakromn\u00e9 hudobn\u00e9 a\u00a0dramatick\u00e9 konzervat\u00f3rium, v\u00a0spolupr\u00e1ci s\u00a0Ob\u010dianskym zdru\u017een\u00edm Bod \u2013 spolo\u010dnos\u0165 na\u00a0podporu umeleck\u00e9ho vzdel\u00e1vania a\u00a0\u017dilinsk\u00fd samospr\u00e1vny kraj organizuj\u00fa v\u00a0d\u0148och 5.- 7. j\u00fan 2015 podujatie KonzervaFest. Aj druh\u00fd ro\u010dn\u00edk festivalu je zameran\u00fd na\u00a0podporu mlad\u00fdch umelcov, ktor\u00ed v\u010faka podujatiu odprezentuj\u00fa najm\u00e4 svoje \u0161tudentsk\u00e9 predstavenia pred odbornou i\u00a0laickou verejnos\u0165ou. Okrem jedine\u010dnej mo\u017enosti konfront\u00e1cie [&hellip;]\" \/>\n<meta property=\"og:url\" content=\"https:\/\/pmza.sk\/?p=12649\" \/>\n<meta property=\"og:site_name\" content=\"Pova\u017esk\u00e9 m\u00fazeum\" \/>\n<meta property=\"article:publisher\" content=\"https:\/\/www.facebook.com\/povazskemuzeum\" \/>\n<meta property=\"article:published_time\" content=\"2015-06-05T06:32:23+00:00\" \/>\n<meta property=\"og:image\" content=\"https:\/\/pmza.sk\/wp-content\/uploads\/2015\/05\/konzervafest.jpg\" \/>\n\t<meta property=\"og:image:width\" content=\"515\" \/>\n\t<meta property=\"og:image:height\" content=\"778\" \/>\n\t<meta property=\"og:image:type\" content=\"image\/jpeg\" \/>\n<meta name=\"author\" content=\"Pova\u017esk\u00e9 m\u00fazeum\" \/>\n<meta name=\"twitter:card\" content=\"summary_large_image\" \/>\n<meta name=\"twitter:label1\" content=\"Autor\" \/>\n\t<meta name=\"twitter:data1\" content=\"Pova\u017esk\u00e9 m\u00fazeum\" \/>\n\t<meta name=\"twitter:label2\" content=\"Predpokladan\u00fd \u010das \u010d\u00edtania\" \/>\n\t<meta name=\"twitter:data2\" content=\"2 min\u00faty\" \/>\n<script type=\"application\/ld+json\" class=\"yoast-schema-graph\">{\"@context\":\"https:\\\/\\\/schema.org\",\"@graph\":[{\"@type\":\"Article\",\"@id\":\"https:\\\/\\\/pmza.sk\\\/?p=12649#article\",\"isPartOf\":{\"@id\":\"https:\\\/\\\/pmza.sk\\\/?p=12649\"},\"author\":{\"name\":\"Pova\u017esk\u00e9 m\u00fazeum\",\"@id\":\"https:\\\/\\\/pmza.sk\\\/#\\\/schema\\\/person\\\/595e6a2ce731ea94dcd5d7f50a41ae33\"},\"headline\":\"Konzerva fest 2015\",\"datePublished\":\"2015-06-05T06:32:23+00:00\",\"mainEntityOfPage\":{\"@id\":\"https:\\\/\\\/pmza.sk\\\/?p=12649\"},\"wordCount\":477,\"publisher\":{\"@id\":\"https:\\\/\\\/pmza.sk\\\/#organization\"},\"image\":{\"@id\":\"https:\\\/\\\/pmza.sk\\\/?p=12649#primaryimage\"},\"thumbnailUrl\":\"https:\\\/\\\/pmza.sk\\\/wp-content\\\/uploads\\\/2015\\\/05\\\/konzervafest.jpg\",\"articleSection\":[\"Aktuality\"],\"inLanguage\":\"sk-SK\"},{\"@type\":\"WebPage\",\"@id\":\"https:\\\/\\\/pmza.sk\\\/?p=12649\",\"url\":\"https:\\\/\\\/pmza.sk\\\/?p=12649\",\"name\":\"Konzerva fest 2015 - Pova\u017esk\u00e9 m\u00fazeum\",\"isPartOf\":{\"@id\":\"https:\\\/\\\/pmza.sk\\\/#website\"},\"primaryImageOfPage\":{\"@id\":\"https:\\\/\\\/pmza.sk\\\/?p=12649#primaryimage\"},\"image\":{\"@id\":\"https:\\\/\\\/pmza.sk\\\/?p=12649#primaryimage\"},\"thumbnailUrl\":\"https:\\\/\\\/pmza.sk\\\/wp-content\\\/uploads\\\/2015\\\/05\\\/konzervafest.jpg\",\"datePublished\":\"2015-06-05T06:32:23+00:00\",\"breadcrumb\":{\"@id\":\"https:\\\/\\\/pmza.sk\\\/?p=12649#breadcrumb\"},\"inLanguage\":\"sk-SK\",\"potentialAction\":[{\"@type\":\"ReadAction\",\"target\":[\"https:\\\/\\\/pmza.sk\\\/?p=12649\"]}]},{\"@type\":\"ImageObject\",\"inLanguage\":\"sk-SK\",\"@id\":\"https:\\\/\\\/pmza.sk\\\/?p=12649#primaryimage\",\"url\":\"https:\\\/\\\/pmza.sk\\\/wp-content\\\/uploads\\\/2015\\\/05\\\/konzervafest.jpg\",\"contentUrl\":\"https:\\\/\\\/pmza.sk\\\/wp-content\\\/uploads\\\/2015\\\/05\\\/konzervafest.jpg\",\"width\":515,\"height\":778},{\"@type\":\"BreadcrumbList\",\"@id\":\"https:\\\/\\\/pmza.sk\\\/?p=12649#breadcrumb\",\"itemListElement\":[{\"@type\":\"ListItem\",\"position\":1,\"name\":\"Domovsk\u00e1 str\u00e1nka\",\"item\":\"https:\\\/\\\/pmza.sk\\\/\"},{\"@type\":\"ListItem\",\"position\":2,\"name\":\"Konzerva fest 2015\"}]},{\"@type\":\"WebSite\",\"@id\":\"https:\\\/\\\/pmza.sk\\\/#website\",\"url\":\"https:\\\/\\\/pmza.sk\\\/\",\"name\":\"Pova\u017esk\u00e9 m\u00fazeum\",\"description\":\"Pova\u017esk\u00e9 m\u00fazeum v \u017diline je region\u00e1lne m\u00fazeum so s\u00eddlom v Budat\u00edne. Jeho expoz\u00edcie s\u00fa zameran\u00e9 na dejiny slovensk\u00e9ho umenia, kult\u00fary a dopravy.\",\"publisher\":{\"@id\":\"https:\\\/\\\/pmza.sk\\\/#organization\"},\"potentialAction\":[{\"@type\":\"SearchAction\",\"target\":{\"@type\":\"EntryPoint\",\"urlTemplate\":\"https:\\\/\\\/pmza.sk\\\/?s={search_term_string}\"},\"query-input\":{\"@type\":\"PropertyValueSpecification\",\"valueRequired\":true,\"valueName\":\"search_term_string\"}}],\"inLanguage\":\"sk-SK\"},{\"@type\":\"Organization\",\"@id\":\"https:\\\/\\\/pmza.sk\\\/#organization\",\"name\":\"Pova\u017esk\u00e9 m\u00fazeum\",\"url\":\"https:\\\/\\\/pmza.sk\\\/\",\"logo\":{\"@type\":\"ImageObject\",\"inLanguage\":\"sk-SK\",\"@id\":\"https:\\\/\\\/pmza.sk\\\/#\\\/schema\\\/logo\\\/image\\\/\",\"url\":\"https:\\\/\\\/pmza.sk\\\/wp-content\\\/uploads\\\/2022\\\/01\\\/logo_PM_horizontal.jpg\",\"contentUrl\":\"https:\\\/\\\/pmza.sk\\\/wp-content\\\/uploads\\\/2022\\\/01\\\/logo_PM_horizontal.jpg\",\"width\":231,\"height\":142,\"caption\":\"Pova\u017esk\u00e9 m\u00fazeum\"},\"image\":{\"@id\":\"https:\\\/\\\/pmza.sk\\\/#\\\/schema\\\/logo\\\/image\\\/\"},\"sameAs\":[\"https:\\\/\\\/www.facebook.com\\\/povazskemuzeum\",\"https:\\\/\\\/www.instagram.com\\\/povazskemuzeum\\\/\"]},{\"@type\":\"Person\",\"@id\":\"https:\\\/\\\/pmza.sk\\\/#\\\/schema\\\/person\\\/595e6a2ce731ea94dcd5d7f50a41ae33\",\"name\":\"Pova\u017esk\u00e9 m\u00fazeum\",\"image\":{\"@type\":\"ImageObject\",\"inLanguage\":\"sk-SK\",\"@id\":\"https:\\\/\\\/secure.gravatar.com\\\/avatar\\\/2bb7f1561282132fb5826dfeccc66c7996d11ee392ac6aaf7ced8a1c2027fbb2?s=96&d=mm&r=g\",\"url\":\"https:\\\/\\\/secure.gravatar.com\\\/avatar\\\/2bb7f1561282132fb5826dfeccc66c7996d11ee392ac6aaf7ced8a1c2027fbb2?s=96&d=mm&r=g\",\"contentUrl\":\"https:\\\/\\\/secure.gravatar.com\\\/avatar\\\/2bb7f1561282132fb5826dfeccc66c7996d11ee392ac6aaf7ced8a1c2027fbb2?s=96&d=mm&r=g\",\"caption\":\"Pova\u017esk\u00e9 m\u00fazeum\"}}]}<\/script>\n<!-- \/ Yoast SEO plugin. -->","yoast_head_json":{"title":"Konzerva fest 2015 - Pova\u017esk\u00e9 m\u00fazeum","robots":{"index":"index","follow":"follow","max-snippet":"max-snippet:-1","max-image-preview":"max-image-preview:large","max-video-preview":"max-video-preview:-1"},"canonical":"https:\/\/pmza.sk\/?p=12649","og_locale":"sk_SK","og_type":"article","og_title":"Konzerva fest 2015 - Pova\u017esk\u00e9 m\u00fazeum","og_description":"S\u00fakromn\u00e1 spojen\u00e1 \u0161kola Martin s\u00a0organiza\u010dnou zlo\u017ekou S\u00fakromn\u00e9 hudobn\u00e9 a\u00a0dramatick\u00e9 konzervat\u00f3rium, v\u00a0spolupr\u00e1ci s\u00a0Ob\u010dianskym zdru\u017een\u00edm Bod \u2013 spolo\u010dnos\u0165 na\u00a0podporu umeleck\u00e9ho vzdel\u00e1vania a\u00a0\u017dilinsk\u00fd samospr\u00e1vny kraj organizuj\u00fa v\u00a0d\u0148och 5.- 7. j\u00fan 2015 podujatie KonzervaFest. Aj druh\u00fd ro\u010dn\u00edk festivalu je zameran\u00fd na\u00a0podporu mlad\u00fdch umelcov, ktor\u00ed v\u010faka podujatiu odprezentuj\u00fa najm\u00e4 svoje \u0161tudentsk\u00e9 predstavenia pred odbornou i\u00a0laickou verejnos\u0165ou. Okrem jedine\u010dnej mo\u017enosti konfront\u00e1cie [&hellip;]","og_url":"https:\/\/pmza.sk\/?p=12649","og_site_name":"Pova\u017esk\u00e9 m\u00fazeum","article_publisher":"https:\/\/www.facebook.com\/povazskemuzeum","article_published_time":"2015-06-05T06:32:23+00:00","og_image":[{"width":515,"height":778,"url":"https:\/\/pmza.sk\/wp-content\/uploads\/2015\/05\/konzervafest.jpg","type":"image\/jpeg"}],"author":"Pova\u017esk\u00e9 m\u00fazeum","twitter_card":"summary_large_image","twitter_misc":{"Autor":"Pova\u017esk\u00e9 m\u00fazeum","Predpokladan\u00fd \u010das \u010d\u00edtania":"2 min\u00faty"},"schema":{"@context":"https:\/\/schema.org","@graph":[{"@type":"Article","@id":"https:\/\/pmza.sk\/?p=12649#article","isPartOf":{"@id":"https:\/\/pmza.sk\/?p=12649"},"author":{"name":"Pova\u017esk\u00e9 m\u00fazeum","@id":"https:\/\/pmza.sk\/#\/schema\/person\/595e6a2ce731ea94dcd5d7f50a41ae33"},"headline":"Konzerva fest 2015","datePublished":"2015-06-05T06:32:23+00:00","mainEntityOfPage":{"@id":"https:\/\/pmza.sk\/?p=12649"},"wordCount":477,"publisher":{"@id":"https:\/\/pmza.sk\/#organization"},"image":{"@id":"https:\/\/pmza.sk\/?p=12649#primaryimage"},"thumbnailUrl":"https:\/\/pmza.sk\/wp-content\/uploads\/2015\/05\/konzervafest.jpg","articleSection":["Aktuality"],"inLanguage":"sk-SK"},{"@type":"WebPage","@id":"https:\/\/pmza.sk\/?p=12649","url":"https:\/\/pmza.sk\/?p=12649","name":"Konzerva fest 2015 - Pova\u017esk\u00e9 m\u00fazeum","isPartOf":{"@id":"https:\/\/pmza.sk\/#website"},"primaryImageOfPage":{"@id":"https:\/\/pmza.sk\/?p=12649#primaryimage"},"image":{"@id":"https:\/\/pmza.sk\/?p=12649#primaryimage"},"thumbnailUrl":"https:\/\/pmza.sk\/wp-content\/uploads\/2015\/05\/konzervafest.jpg","datePublished":"2015-06-05T06:32:23+00:00","breadcrumb":{"@id":"https:\/\/pmza.sk\/?p=12649#breadcrumb"},"inLanguage":"sk-SK","potentialAction":[{"@type":"ReadAction","target":["https:\/\/pmza.sk\/?p=12649"]}]},{"@type":"ImageObject","inLanguage":"sk-SK","@id":"https:\/\/pmza.sk\/?p=12649#primaryimage","url":"https:\/\/pmza.sk\/wp-content\/uploads\/2015\/05\/konzervafest.jpg","contentUrl":"https:\/\/pmza.sk\/wp-content\/uploads\/2015\/05\/konzervafest.jpg","width":515,"height":778},{"@type":"BreadcrumbList","@id":"https:\/\/pmza.sk\/?p=12649#breadcrumb","itemListElement":[{"@type":"ListItem","position":1,"name":"Domovsk\u00e1 str\u00e1nka","item":"https:\/\/pmza.sk\/"},{"@type":"ListItem","position":2,"name":"Konzerva fest 2015"}]},{"@type":"WebSite","@id":"https:\/\/pmza.sk\/#website","url":"https:\/\/pmza.sk\/","name":"Pova\u017esk\u00e9 m\u00fazeum","description":"Pova\u017esk\u00e9 m\u00fazeum v \u017diline je region\u00e1lne m\u00fazeum so s\u00eddlom v Budat\u00edne. Jeho expoz\u00edcie s\u00fa zameran\u00e9 na dejiny slovensk\u00e9ho umenia, kult\u00fary a dopravy.","publisher":{"@id":"https:\/\/pmza.sk\/#organization"},"potentialAction":[{"@type":"SearchAction","target":{"@type":"EntryPoint","urlTemplate":"https:\/\/pmza.sk\/?s={search_term_string}"},"query-input":{"@type":"PropertyValueSpecification","valueRequired":true,"valueName":"search_term_string"}}],"inLanguage":"sk-SK"},{"@type":"Organization","@id":"https:\/\/pmza.sk\/#organization","name":"Pova\u017esk\u00e9 m\u00fazeum","url":"https:\/\/pmza.sk\/","logo":{"@type":"ImageObject","inLanguage":"sk-SK","@id":"https:\/\/pmza.sk\/#\/schema\/logo\/image\/","url":"https:\/\/pmza.sk\/wp-content\/uploads\/2022\/01\/logo_PM_horizontal.jpg","contentUrl":"https:\/\/pmza.sk\/wp-content\/uploads\/2022\/01\/logo_PM_horizontal.jpg","width":231,"height":142,"caption":"Pova\u017esk\u00e9 m\u00fazeum"},"image":{"@id":"https:\/\/pmza.sk\/#\/schema\/logo\/image\/"},"sameAs":["https:\/\/www.facebook.com\/povazskemuzeum","https:\/\/www.instagram.com\/povazskemuzeum\/"]},{"@type":"Person","@id":"https:\/\/pmza.sk\/#\/schema\/person\/595e6a2ce731ea94dcd5d7f50a41ae33","name":"Pova\u017esk\u00e9 m\u00fazeum","image":{"@type":"ImageObject","inLanguage":"sk-SK","@id":"https:\/\/secure.gravatar.com\/avatar\/2bb7f1561282132fb5826dfeccc66c7996d11ee392ac6aaf7ced8a1c2027fbb2?s=96&d=mm&r=g","url":"https:\/\/secure.gravatar.com\/avatar\/2bb7f1561282132fb5826dfeccc66c7996d11ee392ac6aaf7ced8a1c2027fbb2?s=96&d=mm&r=g","contentUrl":"https:\/\/secure.gravatar.com\/avatar\/2bb7f1561282132fb5826dfeccc66c7996d11ee392ac6aaf7ced8a1c2027fbb2?s=96&d=mm&r=g","caption":"Pova\u017esk\u00e9 m\u00fazeum"}}]}},"_links":{"self":[{"href":"https:\/\/pmza.sk\/index.php?rest_route=\/wp\/v2\/posts\/12649","targetHints":{"allow":["GET"]}}],"collection":[{"href":"https:\/\/pmza.sk\/index.php?rest_route=\/wp\/v2\/posts"}],"about":[{"href":"https:\/\/pmza.sk\/index.php?rest_route=\/wp\/v2\/types\/post"}],"author":[{"embeddable":true,"href":"https:\/\/pmza.sk\/index.php?rest_route=\/wp\/v2\/users\/2"}],"replies":[{"embeddable":true,"href":"https:\/\/pmza.sk\/index.php?rest_route=%2Fwp%2Fv2%2Fcomments&post=12649"}],"version-history":[{"count":0,"href":"https:\/\/pmza.sk\/index.php?rest_route=\/wp\/v2\/posts\/12649\/revisions"}],"wp:featuredmedia":[{"embeddable":true,"href":"https:\/\/pmza.sk\/index.php?rest_route=\/wp\/v2\/media\/12561"}],"wp:attachment":[{"href":"https:\/\/pmza.sk\/index.php?rest_route=%2Fwp%2Fv2%2Fmedia&parent=12649"}],"wp:term":[{"taxonomy":"category","embeddable":true,"href":"https:\/\/pmza.sk\/index.php?rest_route=%2Fwp%2Fv2%2Fcategories&post=12649"},{"taxonomy":"post_tag","embeddable":true,"href":"https:\/\/pmza.sk\/index.php?rest_route=%2Fwp%2Fv2%2Ftags&post=12649"}],"curies":[{"name":"wp","href":"https:\/\/api.w.org\/{rel}","templated":true}]}}