{"id":12839,"date":"2015-06-23T10:56:29","date_gmt":"2015-06-23T08:56:29","guid":{"rendered":"https:\/\/pmza.sk.sk\/?p=12839"},"modified":"2015-06-23T10:56:29","modified_gmt":"2015-06-23T08:56:29","slug":"vladislav-zabel-le-chateau-de-barbe-bleu-hrad-modrofuza","status":"publish","type":"post","link":"https:\/\/pmza.sk\/?p=12839","title":{"rendered":"Vladislav Zabel &#8211; Le chateau de barbe-bleu (Hrad Modrof\u00faza)"},"content":{"rendered":"<p>Na hrade Stre\u010dno organizuje Pova\u017esk\u00e9 m\u00fazeum v\u00a0\u017diline ako s\u00fa\u010das\u0165 be\u017en\u00fdch prehliadok po\u010das pr\u00e1zdninov\u00fdch mesiacov pravideln\u00fd cyklus v\u00fdstav Umenie na hrade. <em>\u201eAko prv\u00e9 po\u010das aktu\u00e1lnej sez\u00f3ny v\u00a0r\u00e1mci cyklu Umenie na hrade predstav\u00edme diela maliara a\u00a0kunsthistorika Vladislava Zabela na v\u00fdstave s\u00a0n\u00e1zvom Le chateau de barbe-bleu (Hrad Modrof\u00faza). V\u00fdstavu otvor\u00edme vernis\u00e1\u017eou v\u00a0piatok 26. j\u00fana o\u00a018.00 hod. Spr\u00edstupnen\u00e1 bude do 29. j\u00fala,\u201c<\/em> povedala k\u00a036. dielu cyklu Umenia na hrade riadite\u013eka Pova\u017esk\u00e9ho m\u00fazea v\u00a0\u017diline Monika Hrin\u00edkov\u00e1, poveren\u00e1 veden\u00edm.<\/p>\n<p><!--more-->O\u00a0v\u00fdstave:<\/p>\n<p>V\u00fdstava Hrad knie\u017ea\u0165a Modrof\u00faza spracov\u00e1va stredovek\u00fa legendu na pozad\u00ed autentick\u00e9ho priestoru stre\u010dnianskeho hradu. Z\u00e1rove\u0148 vyu\u017e\u00edva miestnu trad\u00edciu sp\u00e4t\u00fa so \u017eivotom \u017dofie Bosniakovej na vytvorenie kontrastu dvoch historick\u00fdch osobnost\u00ed ocitaj\u00facich sa proti sebe ako protip\u00f3ly dobra a\u00a0zla, \u010d\u00edm sl\u00fa\u017eia ako personifik\u00e1cia t\u00fdchto etick\u00fdch kontrastov spr\u00e1vania sa p\u00e1nov k\u00a0svojim poddan\u00fdm v\u00a0minulosti. V\u00fdsledkom je historizuj\u00faca ma\u013eba, ktor\u00e1 nadv\u00e4zuje na eur\u00f3psku maliarsku trad\u00edciu s\u00a0vyu\u017eit\u00edm jej technologick\u00fdch postupov \u0161it\u00fdch na mieru priestoru hradu Stre\u010dno, niekedy a\u017e imituj\u00faco dobov\u00e9 postupy (napr. zl\u00e1ten\u00e1 tabu\u013eov\u00e1 ma\u013eba a\u00a0pod.). Ide o\u00a0v\u00fdstavu Art Situ, ktor\u00e1 historick\u00fd n\u00e1met podtrhuje historickou maliarskou technikou, t\u00fdm vlastne pracuje s\u00a0historick\u00fdm priestorom stre\u010dnianskeho hradu. Navz\u00e1jom sa tieto nijako nenar\u00fa\u0161aj\u00fa, ale dop\u013a\u0148aj\u00fa a\u00a0obohacuj\u00fa.<\/p>\n<p>O\u00a0autorovi:<\/p>\n<p><strong>Mgr. art. Vladislav Zabel<\/strong> (1975 v\u00a0\u017diline), maliar a\u00a0kunsthistorik<\/p>\n<p>Po ukon\u010den\u00ed \u0160koly \u00fa\u017eitkov\u00e9ho v\u00fdtvarn\u00edctva v\u00a0Kremnici pokra\u010doval v\u00a0\u0161t\u00fadiu na Filozofickej fakulte UK v\u00a0Bratislave (Veda o\u00a0v\u00fdtvarnom umen\u00ed) a\u00a0na Vysokej \u0161kole v\u00fdtvarn\u00fdch umen\u00ed v\u00a0Bratislave; \u0161t\u00fadium absolvoval v\u00a0roku 2000 v\u00a0ateli\u00e9ri ma\u013eby profesora J\u00e1na Bergera. M\u00e1 r\u00e1d n\u00e1vraty k\u00a0star\u00fdm maliarom, venuje sa ich te\u00f3rii a\u00a0z\u00e1rove\u0148 ju transformuje do s\u00fa\u010dasn\u00e9ho obdobia. \u017dije a\u00a0tvor\u00ed v\u00a0Luti\u0161iach.<\/p>\n","protected":false},"excerpt":{"rendered":"<p>Na hrade Stre\u010dno organizuje Pova\u017esk\u00e9 m\u00fazeum v\u00a0\u017diline ako s\u00fa\u010das\u0165 be\u017en\u00fdch prehliadok po\u010das pr\u00e1zdninov\u00fdch mesiacov pravideln\u00fd cyklus v\u00fdstav Umenie na hrade. \u201eAko prv\u00e9 po\u010das aktu\u00e1lnej sez\u00f3ny v\u00a0r\u00e1mci cyklu Umenie na hrade predstav\u00edme diela maliara a\u00a0kunsthistorika Vladislava Zabela na v\u00fdstave s\u00a0n\u00e1zvom Le chateau de barbe-bleu (Hrad Modrof\u00faza). V\u00fdstavu otvor\u00edme vernis\u00e1\u017eou v\u00a0piatok 26. j\u00fana o\u00a018.00 hod. Spr\u00edstupnen\u00e1 bude [&hellip;]<\/p>\n","protected":false},"author":2,"featured_media":12841,"comment_status":"closed","ping_status":"closed","sticky":false,"template":"","format":"standard","meta":{"site-sidebar-layout":"default","site-content-layout":"","ast-site-content-layout":"","site-content-style":"default","site-sidebar-style":"default","ast-global-header-display":"","ast-banner-title-visibility":"","ast-main-header-display":"","ast-hfb-above-header-display":"","ast-hfb-below-header-display":"","ast-hfb-mobile-header-display":"","site-post-title":"","ast-breadcrumbs-content":"","ast-featured-img":"","footer-sml-layout":"","theme-transparent-header-meta":"","adv-header-id-meta":"","stick-header-meta":"","header-above-stick-meta":"","header-main-stick-meta":"","header-below-stick-meta":"","astra-migrate-meta-layouts":"default","ast-page-background-enabled":"default","ast-page-background-meta":{"desktop":{"background-color":"var(--ast-global-color-4)","background-image":"","background-repeat":"repeat","background-position":"center center","background-size":"auto","background-attachment":"scroll","background-type":"","background-media":"","overlay-type":"","overlay-color":"","overlay-opacity":"","overlay-gradient":""},"tablet":{"background-color":"","background-image":"","background-repeat":"repeat","background-position":"center center","background-size":"auto","background-attachment":"scroll","background-type":"","background-media":"","overlay-type":"","overlay-color":"","overlay-opacity":"","overlay-gradient":""},"mobile":{"background-color":"","background-image":"","background-repeat":"repeat","background-position":"center center","background-size":"auto","background-attachment":"scroll","background-type":"","background-media":"","overlay-type":"","overlay-color":"","overlay-opacity":"","overlay-gradient":""}},"ast-content-background-meta":{"desktop":{"background-color":"var(--ast-global-color-5)","background-image":"","background-repeat":"repeat","background-position":"center center","background-size":"auto","background-attachment":"scroll","background-type":"","background-media":"","overlay-type":"","overlay-color":"","overlay-opacity":"","overlay-gradient":""},"tablet":{"background-color":"var(--ast-global-color-5)","background-image":"","background-repeat":"repeat","background-position":"center center","background-size":"auto","background-attachment":"scroll","background-type":"","background-media":"","overlay-type":"","overlay-color":"","overlay-opacity":"","overlay-gradient":""},"mobile":{"background-color":"var(--ast-global-color-5)","background-image":"","background-repeat":"repeat","background-position":"center center","background-size":"auto","background-attachment":"scroll","background-type":"","background-media":"","overlay-type":"","overlay-color":"","overlay-opacity":"","overlay-gradient":""}},"footnotes":""},"categories":[38],"tags":[],"class_list":["post-12839","post","type-post","status-publish","format-standard","has-post-thumbnail","hentry","category-archiv-2015"],"yoast_head":"<!-- This site is optimized with the Yoast SEO plugin v27.4 - https:\/\/yoast.com\/product\/yoast-seo-wordpress\/ -->\n<title>Vladislav Zabel - Le chateau de barbe-bleu (Hrad Modrof\u00faza) - Pova\u017esk\u00e9 m\u00fazeum<\/title>\n<meta name=\"robots\" content=\"index, follow, max-snippet:-1, max-image-preview:large, max-video-preview:-1\" \/>\n<link rel=\"canonical\" href=\"https:\/\/pmza.sk\/?p=12839\" \/>\n<meta property=\"og:locale\" content=\"sk_SK\" \/>\n<meta property=\"og:type\" content=\"article\" \/>\n<meta property=\"og:title\" content=\"Vladislav Zabel - Le chateau de barbe-bleu (Hrad Modrof\u00faza) - Pova\u017esk\u00e9 m\u00fazeum\" \/>\n<meta property=\"og:description\" content=\"Na hrade Stre\u010dno organizuje Pova\u017esk\u00e9 m\u00fazeum v\u00a0\u017diline ako s\u00fa\u010das\u0165 be\u017en\u00fdch prehliadok po\u010das pr\u00e1zdninov\u00fdch mesiacov pravideln\u00fd cyklus v\u00fdstav Umenie na hrade. \u201eAko prv\u00e9 po\u010das aktu\u00e1lnej sez\u00f3ny v\u00a0r\u00e1mci cyklu Umenie na hrade predstav\u00edme diela maliara a\u00a0kunsthistorika Vladislava Zabela na v\u00fdstave s\u00a0n\u00e1zvom Le chateau de barbe-bleu (Hrad Modrof\u00faza). V\u00fdstavu otvor\u00edme vernis\u00e1\u017eou v\u00a0piatok 26. j\u00fana o\u00a018.00 hod. Spr\u00edstupnen\u00e1 bude [&hellip;]\" \/>\n<meta property=\"og:url\" content=\"https:\/\/pmza.sk\/?p=12839\" \/>\n<meta property=\"og:site_name\" content=\"Pova\u017esk\u00e9 m\u00fazeum\" \/>\n<meta property=\"article:publisher\" content=\"https:\/\/www.facebook.com\/povazskemuzeum\" \/>\n<meta property=\"article:published_time\" content=\"2015-06-23T08:56:29+00:00\" \/>\n<meta property=\"og:image\" content=\"https:\/\/pmza.sk\/wp-content\/uploads\/2015\/06\/Vladislav-Zabel.jpg\" \/>\n\t<meta property=\"og:image:width\" content=\"1102\" \/>\n\t<meta property=\"og:image:height\" content=\"1560\" \/>\n\t<meta property=\"og:image:type\" content=\"image\/jpeg\" \/>\n<meta name=\"author\" content=\"Pova\u017esk\u00e9 m\u00fazeum\" \/>\n<meta name=\"twitter:card\" content=\"summary_large_image\" \/>\n<meta name=\"twitter:label1\" content=\"Autor\" \/>\n\t<meta name=\"twitter:data1\" content=\"Pova\u017esk\u00e9 m\u00fazeum\" \/>\n\t<meta name=\"twitter:label2\" content=\"Predpokladan\u00fd \u010das \u010d\u00edtania\" \/>\n\t<meta name=\"twitter:data2\" content=\"2 min\u00faty\" \/>\n<script type=\"application\/ld+json\" class=\"yoast-schema-graph\">{\"@context\":\"https:\\\/\\\/schema.org\",\"@graph\":[{\"@type\":\"Article\",\"@id\":\"https:\\\/\\\/pmza.sk\\\/?p=12839#article\",\"isPartOf\":{\"@id\":\"https:\\\/\\\/pmza.sk\\\/?p=12839\"},\"author\":{\"name\":\"Pova\u017esk\u00e9 m\u00fazeum\",\"@id\":\"https:\\\/\\\/pmza.sk\\\/#\\\/schema\\\/person\\\/595e6a2ce731ea94dcd5d7f50a41ae33\"},\"headline\":\"Vladislav Zabel &#8211; Le chateau de barbe-bleu (Hrad Modrof\u00faza)\",\"datePublished\":\"2015-06-23T08:56:29+00:00\",\"mainEntityOfPage\":{\"@id\":\"https:\\\/\\\/pmza.sk\\\/?p=12839\"},\"wordCount\":369,\"publisher\":{\"@id\":\"https:\\\/\\\/pmza.sk\\\/#organization\"},\"image\":{\"@id\":\"https:\\\/\\\/pmza.sk\\\/?p=12839#primaryimage\"},\"thumbnailUrl\":\"https:\\\/\\\/pmza.sk\\\/wp-content\\\/uploads\\\/2015\\\/06\\\/Vladislav-Zabel.jpg\",\"articleSection\":[\"Arch\u00edv 2015\"],\"inLanguage\":\"sk-SK\"},{\"@type\":\"WebPage\",\"@id\":\"https:\\\/\\\/pmza.sk\\\/?p=12839\",\"url\":\"https:\\\/\\\/pmza.sk\\\/?p=12839\",\"name\":\"Vladislav Zabel - Le chateau de barbe-bleu (Hrad Modrof\u00faza) - Pova\u017esk\u00e9 m\u00fazeum\",\"isPartOf\":{\"@id\":\"https:\\\/\\\/pmza.sk\\\/#website\"},\"primaryImageOfPage\":{\"@id\":\"https:\\\/\\\/pmza.sk\\\/?p=12839#primaryimage\"},\"image\":{\"@id\":\"https:\\\/\\\/pmza.sk\\\/?p=12839#primaryimage\"},\"thumbnailUrl\":\"https:\\\/\\\/pmza.sk\\\/wp-content\\\/uploads\\\/2015\\\/06\\\/Vladislav-Zabel.jpg\",\"datePublished\":\"2015-06-23T08:56:29+00:00\",\"breadcrumb\":{\"@id\":\"https:\\\/\\\/pmza.sk\\\/?p=12839#breadcrumb\"},\"inLanguage\":\"sk-SK\",\"potentialAction\":[{\"@type\":\"ReadAction\",\"target\":[\"https:\\\/\\\/pmza.sk\\\/?p=12839\"]}]},{\"@type\":\"ImageObject\",\"inLanguage\":\"sk-SK\",\"@id\":\"https:\\\/\\\/pmza.sk\\\/?p=12839#primaryimage\",\"url\":\"https:\\\/\\\/pmza.sk\\\/wp-content\\\/uploads\\\/2015\\\/06\\\/Vladislav-Zabel.jpg\",\"contentUrl\":\"https:\\\/\\\/pmza.sk\\\/wp-content\\\/uploads\\\/2015\\\/06\\\/Vladislav-Zabel.jpg\",\"width\":1102,\"height\":1560},{\"@type\":\"BreadcrumbList\",\"@id\":\"https:\\\/\\\/pmza.sk\\\/?p=12839#breadcrumb\",\"itemListElement\":[{\"@type\":\"ListItem\",\"position\":1,\"name\":\"Domovsk\u00e1 str\u00e1nka\",\"item\":\"https:\\\/\\\/pmza.sk\\\/\"},{\"@type\":\"ListItem\",\"position\":2,\"name\":\"Vladislav Zabel &#8211; Le chateau de barbe-bleu (Hrad Modrof\u00faza)\"}]},{\"@type\":\"WebSite\",\"@id\":\"https:\\\/\\\/pmza.sk\\\/#website\",\"url\":\"https:\\\/\\\/pmza.sk\\\/\",\"name\":\"Pova\u017esk\u00e9 m\u00fazeum\",\"description\":\"Pova\u017esk\u00e9 m\u00fazeum v \u017diline je region\u00e1lne m\u00fazeum so s\u00eddlom v Budat\u00edne. Jeho expoz\u00edcie s\u00fa zameran\u00e9 na dejiny slovensk\u00e9ho umenia, kult\u00fary a dopravy.\",\"publisher\":{\"@id\":\"https:\\\/\\\/pmza.sk\\\/#organization\"},\"potentialAction\":[{\"@type\":\"SearchAction\",\"target\":{\"@type\":\"EntryPoint\",\"urlTemplate\":\"https:\\\/\\\/pmza.sk\\\/?s={search_term_string}\"},\"query-input\":{\"@type\":\"PropertyValueSpecification\",\"valueRequired\":true,\"valueName\":\"search_term_string\"}}],\"inLanguage\":\"sk-SK\"},{\"@type\":\"Organization\",\"@id\":\"https:\\\/\\\/pmza.sk\\\/#organization\",\"name\":\"Pova\u017esk\u00e9 m\u00fazeum\",\"url\":\"https:\\\/\\\/pmza.sk\\\/\",\"logo\":{\"@type\":\"ImageObject\",\"inLanguage\":\"sk-SK\",\"@id\":\"https:\\\/\\\/pmza.sk\\\/#\\\/schema\\\/logo\\\/image\\\/\",\"url\":\"https:\\\/\\\/pmza.sk\\\/wp-content\\\/uploads\\\/2022\\\/01\\\/logo_PM_horizontal.jpg\",\"contentUrl\":\"https:\\\/\\\/pmza.sk\\\/wp-content\\\/uploads\\\/2022\\\/01\\\/logo_PM_horizontal.jpg\",\"width\":231,\"height\":142,\"caption\":\"Pova\u017esk\u00e9 m\u00fazeum\"},\"image\":{\"@id\":\"https:\\\/\\\/pmza.sk\\\/#\\\/schema\\\/logo\\\/image\\\/\"},\"sameAs\":[\"https:\\\/\\\/www.facebook.com\\\/povazskemuzeum\",\"https:\\\/\\\/www.instagram.com\\\/povazskemuzeum\\\/\"]},{\"@type\":\"Person\",\"@id\":\"https:\\\/\\\/pmza.sk\\\/#\\\/schema\\\/person\\\/595e6a2ce731ea94dcd5d7f50a41ae33\",\"name\":\"Pova\u017esk\u00e9 m\u00fazeum\",\"image\":{\"@type\":\"ImageObject\",\"inLanguage\":\"sk-SK\",\"@id\":\"https:\\\/\\\/secure.gravatar.com\\\/avatar\\\/2bb7f1561282132fb5826dfeccc66c7996d11ee392ac6aaf7ced8a1c2027fbb2?s=96&d=mm&r=g\",\"url\":\"https:\\\/\\\/secure.gravatar.com\\\/avatar\\\/2bb7f1561282132fb5826dfeccc66c7996d11ee392ac6aaf7ced8a1c2027fbb2?s=96&d=mm&r=g\",\"contentUrl\":\"https:\\\/\\\/secure.gravatar.com\\\/avatar\\\/2bb7f1561282132fb5826dfeccc66c7996d11ee392ac6aaf7ced8a1c2027fbb2?s=96&d=mm&r=g\",\"caption\":\"Pova\u017esk\u00e9 m\u00fazeum\"}}]}<\/script>\n<!-- \/ Yoast SEO plugin. -->","yoast_head_json":{"title":"Vladislav Zabel - Le chateau de barbe-bleu (Hrad Modrof\u00faza) - Pova\u017esk\u00e9 m\u00fazeum","robots":{"index":"index","follow":"follow","max-snippet":"max-snippet:-1","max-image-preview":"max-image-preview:large","max-video-preview":"max-video-preview:-1"},"canonical":"https:\/\/pmza.sk\/?p=12839","og_locale":"sk_SK","og_type":"article","og_title":"Vladislav Zabel - Le chateau de barbe-bleu (Hrad Modrof\u00faza) - Pova\u017esk\u00e9 m\u00fazeum","og_description":"Na hrade Stre\u010dno organizuje Pova\u017esk\u00e9 m\u00fazeum v\u00a0\u017diline ako s\u00fa\u010das\u0165 be\u017en\u00fdch prehliadok po\u010das pr\u00e1zdninov\u00fdch mesiacov pravideln\u00fd cyklus v\u00fdstav Umenie na hrade. \u201eAko prv\u00e9 po\u010das aktu\u00e1lnej sez\u00f3ny v\u00a0r\u00e1mci cyklu Umenie na hrade predstav\u00edme diela maliara a\u00a0kunsthistorika Vladislava Zabela na v\u00fdstave s\u00a0n\u00e1zvom Le chateau de barbe-bleu (Hrad Modrof\u00faza). V\u00fdstavu otvor\u00edme vernis\u00e1\u017eou v\u00a0piatok 26. j\u00fana o\u00a018.00 hod. Spr\u00edstupnen\u00e1 bude [&hellip;]","og_url":"https:\/\/pmza.sk\/?p=12839","og_site_name":"Pova\u017esk\u00e9 m\u00fazeum","article_publisher":"https:\/\/www.facebook.com\/povazskemuzeum","article_published_time":"2015-06-23T08:56:29+00:00","og_image":[{"width":1102,"height":1560,"url":"https:\/\/pmza.sk\/wp-content\/uploads\/2015\/06\/Vladislav-Zabel.jpg","type":"image\/jpeg"}],"author":"Pova\u017esk\u00e9 m\u00fazeum","twitter_card":"summary_large_image","twitter_misc":{"Autor":"Pova\u017esk\u00e9 m\u00fazeum","Predpokladan\u00fd \u010das \u010d\u00edtania":"2 min\u00faty"},"schema":{"@context":"https:\/\/schema.org","@graph":[{"@type":"Article","@id":"https:\/\/pmza.sk\/?p=12839#article","isPartOf":{"@id":"https:\/\/pmza.sk\/?p=12839"},"author":{"name":"Pova\u017esk\u00e9 m\u00fazeum","@id":"https:\/\/pmza.sk\/#\/schema\/person\/595e6a2ce731ea94dcd5d7f50a41ae33"},"headline":"Vladislav Zabel &#8211; Le chateau de barbe-bleu (Hrad Modrof\u00faza)","datePublished":"2015-06-23T08:56:29+00:00","mainEntityOfPage":{"@id":"https:\/\/pmza.sk\/?p=12839"},"wordCount":369,"publisher":{"@id":"https:\/\/pmza.sk\/#organization"},"image":{"@id":"https:\/\/pmza.sk\/?p=12839#primaryimage"},"thumbnailUrl":"https:\/\/pmza.sk\/wp-content\/uploads\/2015\/06\/Vladislav-Zabel.jpg","articleSection":["Arch\u00edv 2015"],"inLanguage":"sk-SK"},{"@type":"WebPage","@id":"https:\/\/pmza.sk\/?p=12839","url":"https:\/\/pmza.sk\/?p=12839","name":"Vladislav Zabel - Le chateau de barbe-bleu (Hrad Modrof\u00faza) - Pova\u017esk\u00e9 m\u00fazeum","isPartOf":{"@id":"https:\/\/pmza.sk\/#website"},"primaryImageOfPage":{"@id":"https:\/\/pmza.sk\/?p=12839#primaryimage"},"image":{"@id":"https:\/\/pmza.sk\/?p=12839#primaryimage"},"thumbnailUrl":"https:\/\/pmza.sk\/wp-content\/uploads\/2015\/06\/Vladislav-Zabel.jpg","datePublished":"2015-06-23T08:56:29+00:00","breadcrumb":{"@id":"https:\/\/pmza.sk\/?p=12839#breadcrumb"},"inLanguage":"sk-SK","potentialAction":[{"@type":"ReadAction","target":["https:\/\/pmza.sk\/?p=12839"]}]},{"@type":"ImageObject","inLanguage":"sk-SK","@id":"https:\/\/pmza.sk\/?p=12839#primaryimage","url":"https:\/\/pmza.sk\/wp-content\/uploads\/2015\/06\/Vladislav-Zabel.jpg","contentUrl":"https:\/\/pmza.sk\/wp-content\/uploads\/2015\/06\/Vladislav-Zabel.jpg","width":1102,"height":1560},{"@type":"BreadcrumbList","@id":"https:\/\/pmza.sk\/?p=12839#breadcrumb","itemListElement":[{"@type":"ListItem","position":1,"name":"Domovsk\u00e1 str\u00e1nka","item":"https:\/\/pmza.sk\/"},{"@type":"ListItem","position":2,"name":"Vladislav Zabel &#8211; Le chateau de barbe-bleu (Hrad Modrof\u00faza)"}]},{"@type":"WebSite","@id":"https:\/\/pmza.sk\/#website","url":"https:\/\/pmza.sk\/","name":"Pova\u017esk\u00e9 m\u00fazeum","description":"Pova\u017esk\u00e9 m\u00fazeum v \u017diline je region\u00e1lne m\u00fazeum so s\u00eddlom v Budat\u00edne. Jeho expoz\u00edcie s\u00fa zameran\u00e9 na dejiny slovensk\u00e9ho umenia, kult\u00fary a dopravy.","publisher":{"@id":"https:\/\/pmza.sk\/#organization"},"potentialAction":[{"@type":"SearchAction","target":{"@type":"EntryPoint","urlTemplate":"https:\/\/pmza.sk\/?s={search_term_string}"},"query-input":{"@type":"PropertyValueSpecification","valueRequired":true,"valueName":"search_term_string"}}],"inLanguage":"sk-SK"},{"@type":"Organization","@id":"https:\/\/pmza.sk\/#organization","name":"Pova\u017esk\u00e9 m\u00fazeum","url":"https:\/\/pmza.sk\/","logo":{"@type":"ImageObject","inLanguage":"sk-SK","@id":"https:\/\/pmza.sk\/#\/schema\/logo\/image\/","url":"https:\/\/pmza.sk\/wp-content\/uploads\/2022\/01\/logo_PM_horizontal.jpg","contentUrl":"https:\/\/pmza.sk\/wp-content\/uploads\/2022\/01\/logo_PM_horizontal.jpg","width":231,"height":142,"caption":"Pova\u017esk\u00e9 m\u00fazeum"},"image":{"@id":"https:\/\/pmza.sk\/#\/schema\/logo\/image\/"},"sameAs":["https:\/\/www.facebook.com\/povazskemuzeum","https:\/\/www.instagram.com\/povazskemuzeum\/"]},{"@type":"Person","@id":"https:\/\/pmza.sk\/#\/schema\/person\/595e6a2ce731ea94dcd5d7f50a41ae33","name":"Pova\u017esk\u00e9 m\u00fazeum","image":{"@type":"ImageObject","inLanguage":"sk-SK","@id":"https:\/\/secure.gravatar.com\/avatar\/2bb7f1561282132fb5826dfeccc66c7996d11ee392ac6aaf7ced8a1c2027fbb2?s=96&d=mm&r=g","url":"https:\/\/secure.gravatar.com\/avatar\/2bb7f1561282132fb5826dfeccc66c7996d11ee392ac6aaf7ced8a1c2027fbb2?s=96&d=mm&r=g","contentUrl":"https:\/\/secure.gravatar.com\/avatar\/2bb7f1561282132fb5826dfeccc66c7996d11ee392ac6aaf7ced8a1c2027fbb2?s=96&d=mm&r=g","caption":"Pova\u017esk\u00e9 m\u00fazeum"}}]}},"_links":{"self":[{"href":"https:\/\/pmza.sk\/index.php?rest_route=\/wp\/v2\/posts\/12839","targetHints":{"allow":["GET"]}}],"collection":[{"href":"https:\/\/pmza.sk\/index.php?rest_route=\/wp\/v2\/posts"}],"about":[{"href":"https:\/\/pmza.sk\/index.php?rest_route=\/wp\/v2\/types\/post"}],"author":[{"embeddable":true,"href":"https:\/\/pmza.sk\/index.php?rest_route=\/wp\/v2\/users\/2"}],"replies":[{"embeddable":true,"href":"https:\/\/pmza.sk\/index.php?rest_route=%2Fwp%2Fv2%2Fcomments&post=12839"}],"version-history":[{"count":0,"href":"https:\/\/pmza.sk\/index.php?rest_route=\/wp\/v2\/posts\/12839\/revisions"}],"wp:featuredmedia":[{"embeddable":true,"href":"https:\/\/pmza.sk\/index.php?rest_route=\/wp\/v2\/media\/12841"}],"wp:attachment":[{"href":"https:\/\/pmza.sk\/index.php?rest_route=%2Fwp%2Fv2%2Fmedia&parent=12839"}],"wp:term":[{"taxonomy":"category","embeddable":true,"href":"https:\/\/pmza.sk\/index.php?rest_route=%2Fwp%2Fv2%2Fcategories&post=12839"},{"taxonomy":"post_tag","embeddable":true,"href":"https:\/\/pmza.sk\/index.php?rest_route=%2Fwp%2Fv2%2Ftags&post=12839"}],"curies":[{"name":"wp","href":"https:\/\/api.w.org\/{rel}","templated":true}]}}