{"id":12861,"date":"2015-06-24T12:09:56","date_gmt":"2015-06-24T10:09:56","guid":{"rendered":"https:\/\/pmza.sk.sk\/?p=12861"},"modified":"2015-06-24T12:09:56","modified_gmt":"2015-06-24T10:09:56","slug":"rozpravka-v-muzeu-s-lubomirom-feldekom","status":"publish","type":"post","link":"https:\/\/pmza.sk\/?p=12861","title":{"rendered":"Rozpr\u00e1vka v m\u00fazeu s \u013dubom\u00edrom Feldekom"},"content":{"rendered":"<p>Do are\u00e1lu Budat\u00ednskeho hradu zav\u00edta zn\u00e1my slovensk\u00fd spisovate\u013e \u013dubom\u00edr Feldek so svojou dc\u00e9rou Katar\u00ednou a\u00a0jej hudobnou skupinou Kafe Band. Pova\u017esk\u00e9 m\u00fazeum v\u00a0\u017diline pripravilo na z\u00e1ver \u0161kolsk\u00e9ho roka v\u00a0nede\u013eu <strong>28. j\u00fana <\/strong>2015 od 13. do 16. hodiny interakt\u00edvne podujatie <strong>Rozpr\u00e1vka v\u00a0m\u00fazeu<\/strong>.<\/p>\n<p><em>\u201ePo\u010das tohto rozpr\u00e1vkov\u00e9ho d\u0148a bude skupina Kafe Band spieva\u0165 r\u00fdmovan\u00e9 rozpr\u00e1vky, ktor\u00fdch texty nap\u00edsal \u013dubom\u00edr Feldek. Nau\u010d\u00ed tak\u00e9 rozpr\u00e1vkov\u00e9 r\u00fdmy p\u00edsa\u0165 aj na\u0161ich n\u00e1v\u0161tevn\u00edkov a, ako s\u00e1m tvrd\u00ed, posta\u010d\u00ed mu na to hodina. Ak si prinesiete na na\u0161e podujatie jeho knihy, odnies\u0165 si ich m\u00f4\u017eete s jeho podpisom,\u201c<\/em> uviedla riadite\u013eka Pova\u017esk\u00e9ho m\u00fazea v\u00a0\u017diline Monika Hrin\u00edkov\u00e1, poveren\u00e1 veden\u00edm. <!--more--><em>\u201ePodujat\u00edm Rozpr\u00e1vka v\u00a0m\u00fazeu sme sa rozhodli odmeni\u0165 deti po absolvovan\u00ed n\u00e1ro\u010dn\u00e9ho \u0161kolsk\u00e9ho roka. Pova\u017eujeme to za pr\u00edjemn\u00e9 spestrenie za\u010diatku pr\u00e1zdnin a\u00a0z\u00e1rove\u0148 pr\u00edle\u017eitos\u0165, ako pril\u00e1ka\u0165 z\u00e1bavnou formou detsk\u00e9ho n\u00e1v\u0161tevn\u00edka do m\u00fazea a\u00a0na v\u00fdstavy,\u201c<\/em> doplnila kult\u00farna mana\u017e\u00e9rka PMZA Andrea Luk\u00e1csov\u00e1.<\/p>\n<p>Po\u010das nede\u013en\u00e9ho popoludnia sa v\u00a0are\u00e1li Budat\u00ednskeho hradu predstav\u00ed aj Detsk\u00fd folkl\u00f3rny s\u00fabor Cipovi\u010dka so Spievankami. V\u00a0r\u00e1mci svojho folkl\u00f3rneho vyst\u00fapenia zatancuj\u00fa,\u00a0zaspievaj\u00fa a\u00a0v\u00a0r\u00e1mci \u201etane\u010dn\u00e9ho domu\u201c nau\u010dia z\u00e1kladn\u00e9 prvky \u013eudov\u00e9ho tanca aj detsk\u00fdch n\u00e1v\u0161tevn\u00edkov podujatia. K\u00a0aktu\u00e1lnej v\u00fdstave v\u00a0administrat\u00edvnej budove Pova\u017esk\u00e9ho m\u00fazea (Veronika Psotkov\u00e1 \u2013 500 m<sup>2<\/sup> rabicovej siete) bude pre deti pripraven\u00fd aj mini drot\u00e1rsky workshop. Deti bud\u00fa spozn\u00e1va\u0165 aj kr\u00e1sy a\u00a0zauj\u00edmavosti Budat\u00ednskeho parku. <em>\u201eNa detsk\u00e9ho n\u00e1v\u0161tevn\u00edka bude po\u010das tohto d\u0148a s\u00fastreden\u00e1 v\u0161etka pozornos\u0165. Deti bud\u00fa ma\u0165 tv\u00e1re ma\u013eovan\u00e9, n\u00f4\u017eky vysk\u00e1kan\u00e9, r\u00fa\u010dky u\u0161mudlan\u00e9, hlasivky vyspievan\u00e9 a\u00a0bru\u0161k\u00e1 napapan\u00e9,\u201c<\/em> dodala A. Luk\u00e1csov\u00e1.<\/p>\n<p>Hudobn\u00fa skupinu Kafe Band tvor\u00ed Katka Feldekov\u00e1, Richard \u0160imurka a Ivo Jankovi\u010d.<\/p>\n<p>Pova\u017esk\u00e9 m\u00fazeum v\u00a0\u017diline je v\u00a0zria\u010fovate\u013eskej p\u00f4sobnosti \u017dilinsk\u00e9ho samospr\u00e1vneho kraja.<\/p>\n<p>Vstup na podujatie je zdarma.<\/p>\n<h3><span style=\"color: #008000;\">Ak sa chyst\u00e1te na podujatie cestova\u0165 <a href=\"http:\/\/www.dpmz.sk\/n249\/\"><span style=\"color: #ff0000;\">MHD<\/span><\/a>, pozrite si aktu\u00e1lne <span style=\"color: #ff0000;\"><a href=\"http:\/\/www.dpmz.sk\/n249\/\">zmeny<\/a><\/span> na <a href=\"http:\/\/www.dpmz.sk\/n249\/\"><span style=\"color: #ff0000;\">28. j\u00fana<\/span><\/a>.<\/span><\/h3>\n<p>&nbsp;<\/p>\n","protected":false},"excerpt":{"rendered":"<p>Do are\u00e1lu Budat\u00ednskeho hradu zav\u00edta zn\u00e1my slovensk\u00fd spisovate\u013e \u013dubom\u00edr Feldek so svojou dc\u00e9rou Katar\u00ednou a\u00a0jej hudobnou skupinou Kafe Band. Pova\u017esk\u00e9 m\u00fazeum v\u00a0\u017diline pripravilo na z\u00e1ver \u0161kolsk\u00e9ho roka v\u00a0nede\u013eu 28. j\u00fana 2015 od 13. do 16. hodiny interakt\u00edvne podujatie Rozpr\u00e1vka v\u00a0m\u00fazeu. \u201ePo\u010das tohto rozpr\u00e1vkov\u00e9ho d\u0148a bude skupina Kafe Band spieva\u0165 r\u00fdmovan\u00e9 rozpr\u00e1vky, ktor\u00fdch texty nap\u00edsal \u013dubom\u00edr [&hellip;]<\/p>\n","protected":false},"author":2,"featured_media":12860,"comment_status":"closed","ping_status":"closed","sticky":false,"template":"","format":"standard","meta":{"site-sidebar-layout":"default","site-content-layout":"","ast-site-content-layout":"","site-content-style":"default","site-sidebar-style":"default","ast-global-header-display":"","ast-banner-title-visibility":"","ast-main-header-display":"","ast-hfb-above-header-display":"","ast-hfb-below-header-display":"","ast-hfb-mobile-header-display":"","site-post-title":"","ast-breadcrumbs-content":"","ast-featured-img":"","footer-sml-layout":"","theme-transparent-header-meta":"","adv-header-id-meta":"","stick-header-meta":"","header-above-stick-meta":"","header-main-stick-meta":"","header-below-stick-meta":"","astra-migrate-meta-layouts":"default","ast-page-background-enabled":"default","ast-page-background-meta":{"desktop":{"background-color":"var(--ast-global-color-4)","background-image":"","background-repeat":"repeat","background-position":"center center","background-size":"auto","background-attachment":"scroll","background-type":"","background-media":"","overlay-type":"","overlay-color":"","overlay-opacity":"","overlay-gradient":""},"tablet":{"background-color":"","background-image":"","background-repeat":"repeat","background-position":"center center","background-size":"auto","background-attachment":"scroll","background-type":"","background-media":"","overlay-type":"","overlay-color":"","overlay-opacity":"","overlay-gradient":""},"mobile":{"background-color":"","background-image":"","background-repeat":"repeat","background-position":"center center","background-size":"auto","background-attachment":"scroll","background-type":"","background-media":"","overlay-type":"","overlay-color":"","overlay-opacity":"","overlay-gradient":""}},"ast-content-background-meta":{"desktop":{"background-color":"var(--ast-global-color-5)","background-image":"","background-repeat":"repeat","background-position":"center center","background-size":"auto","background-attachment":"scroll","background-type":"","background-media":"","overlay-type":"","overlay-color":"","overlay-opacity":"","overlay-gradient":""},"tablet":{"background-color":"var(--ast-global-color-5)","background-image":"","background-repeat":"repeat","background-position":"center center","background-size":"auto","background-attachment":"scroll","background-type":"","background-media":"","overlay-type":"","overlay-color":"","overlay-opacity":"","overlay-gradient":""},"mobile":{"background-color":"var(--ast-global-color-5)","background-image":"","background-repeat":"repeat","background-position":"center center","background-size":"auto","background-attachment":"scroll","background-type":"","background-media":"","overlay-type":"","overlay-color":"","overlay-opacity":"","overlay-gradient":""}},"footnotes":""},"categories":[38],"tags":[],"class_list":["post-12861","post","type-post","status-publish","format-standard","has-post-thumbnail","hentry","category-archiv-2015"],"yoast_head":"<!-- This site is optimized with the Yoast SEO plugin v27.4 - https:\/\/yoast.com\/product\/yoast-seo-wordpress\/ -->\n<title>Rozpr\u00e1vka v m\u00fazeu s \u013dubom\u00edrom Feldekom - Pova\u017esk\u00e9 m\u00fazeum<\/title>\n<meta name=\"robots\" content=\"index, follow, max-snippet:-1, max-image-preview:large, max-video-preview:-1\" \/>\n<link rel=\"canonical\" href=\"https:\/\/pmza.sk\/?p=12861\" \/>\n<meta property=\"og:locale\" content=\"sk_SK\" \/>\n<meta property=\"og:type\" content=\"article\" \/>\n<meta property=\"og:title\" content=\"Rozpr\u00e1vka v m\u00fazeu s \u013dubom\u00edrom Feldekom - Pova\u017esk\u00e9 m\u00fazeum\" \/>\n<meta property=\"og:description\" content=\"Do are\u00e1lu Budat\u00ednskeho hradu zav\u00edta zn\u00e1my slovensk\u00fd spisovate\u013e \u013dubom\u00edr Feldek so svojou dc\u00e9rou Katar\u00ednou a\u00a0jej hudobnou skupinou Kafe Band. Pova\u017esk\u00e9 m\u00fazeum v\u00a0\u017diline pripravilo na z\u00e1ver \u0161kolsk\u00e9ho roka v\u00a0nede\u013eu 28. j\u00fana 2015 od 13. do 16. hodiny interakt\u00edvne podujatie Rozpr\u00e1vka v\u00a0m\u00fazeu. \u201ePo\u010das tohto rozpr\u00e1vkov\u00e9ho d\u0148a bude skupina Kafe Band spieva\u0165 r\u00fdmovan\u00e9 rozpr\u00e1vky, ktor\u00fdch texty nap\u00edsal \u013dubom\u00edr [&hellip;]\" \/>\n<meta property=\"og:url\" content=\"https:\/\/pmza.sk\/?p=12861\" \/>\n<meta property=\"og:site_name\" content=\"Pova\u017esk\u00e9 m\u00fazeum\" \/>\n<meta property=\"article:publisher\" content=\"https:\/\/www.facebook.com\/povazskemuzeum\" \/>\n<meta property=\"article:published_time\" content=\"2015-06-24T10:09:56+00:00\" \/>\n<meta property=\"og:image\" content=\"https:\/\/pmza.sk\/wp-content\/uploads\/2015\/06\/A4.jpg\" \/>\n\t<meta property=\"og:image:width\" content=\"1102\" \/>\n\t<meta property=\"og:image:height\" content=\"1560\" \/>\n\t<meta property=\"og:image:type\" content=\"image\/jpeg\" \/>\n<meta name=\"author\" content=\"Pova\u017esk\u00e9 m\u00fazeum\" \/>\n<meta name=\"twitter:card\" content=\"summary_large_image\" \/>\n<meta name=\"twitter:label1\" content=\"Autor\" \/>\n\t<meta name=\"twitter:data1\" content=\"Pova\u017esk\u00e9 m\u00fazeum\" \/>\n\t<meta name=\"twitter:label2\" content=\"Predpokladan\u00fd \u010das \u010d\u00edtania\" \/>\n\t<meta name=\"twitter:data2\" content=\"2 min\u00faty\" \/>\n<script type=\"application\/ld+json\" class=\"yoast-schema-graph\">{\"@context\":\"https:\\\/\\\/schema.org\",\"@graph\":[{\"@type\":\"Article\",\"@id\":\"https:\\\/\\\/pmza.sk\\\/?p=12861#article\",\"isPartOf\":{\"@id\":\"https:\\\/\\\/pmza.sk\\\/?p=12861\"},\"author\":{\"name\":\"Pova\u017esk\u00e9 m\u00fazeum\",\"@id\":\"https:\\\/\\\/pmza.sk\\\/#\\\/schema\\\/person\\\/595e6a2ce731ea94dcd5d7f50a41ae33\"},\"headline\":\"Rozpr\u00e1vka v m\u00fazeu s \u013dubom\u00edrom Feldekom\",\"datePublished\":\"2015-06-24T10:09:56+00:00\",\"mainEntityOfPage\":{\"@id\":\"https:\\\/\\\/pmza.sk\\\/?p=12861\"},\"wordCount\":408,\"publisher\":{\"@id\":\"https:\\\/\\\/pmza.sk\\\/#organization\"},\"image\":{\"@id\":\"https:\\\/\\\/pmza.sk\\\/?p=12861#primaryimage\"},\"thumbnailUrl\":\"https:\\\/\\\/pmza.sk\\\/wp-content\\\/uploads\\\/2015\\\/06\\\/A4.jpg\",\"articleSection\":[\"Arch\u00edv 2015\"],\"inLanguage\":\"sk-SK\"},{\"@type\":\"WebPage\",\"@id\":\"https:\\\/\\\/pmza.sk\\\/?p=12861\",\"url\":\"https:\\\/\\\/pmza.sk\\\/?p=12861\",\"name\":\"Rozpr\u00e1vka v m\u00fazeu s \u013dubom\u00edrom Feldekom - Pova\u017esk\u00e9 m\u00fazeum\",\"isPartOf\":{\"@id\":\"https:\\\/\\\/pmza.sk\\\/#website\"},\"primaryImageOfPage\":{\"@id\":\"https:\\\/\\\/pmza.sk\\\/?p=12861#primaryimage\"},\"image\":{\"@id\":\"https:\\\/\\\/pmza.sk\\\/?p=12861#primaryimage\"},\"thumbnailUrl\":\"https:\\\/\\\/pmza.sk\\\/wp-content\\\/uploads\\\/2015\\\/06\\\/A4.jpg\",\"datePublished\":\"2015-06-24T10:09:56+00:00\",\"breadcrumb\":{\"@id\":\"https:\\\/\\\/pmza.sk\\\/?p=12861#breadcrumb\"},\"inLanguage\":\"sk-SK\",\"potentialAction\":[{\"@type\":\"ReadAction\",\"target\":[\"https:\\\/\\\/pmza.sk\\\/?p=12861\"]}]},{\"@type\":\"ImageObject\",\"inLanguage\":\"sk-SK\",\"@id\":\"https:\\\/\\\/pmza.sk\\\/?p=12861#primaryimage\",\"url\":\"https:\\\/\\\/pmza.sk\\\/wp-content\\\/uploads\\\/2015\\\/06\\\/A4.jpg\",\"contentUrl\":\"https:\\\/\\\/pmza.sk\\\/wp-content\\\/uploads\\\/2015\\\/06\\\/A4.jpg\",\"width\":1102,\"height\":1560},{\"@type\":\"BreadcrumbList\",\"@id\":\"https:\\\/\\\/pmza.sk\\\/?p=12861#breadcrumb\",\"itemListElement\":[{\"@type\":\"ListItem\",\"position\":1,\"name\":\"Domovsk\u00e1 str\u00e1nka\",\"item\":\"https:\\\/\\\/pmza.sk\\\/\"},{\"@type\":\"ListItem\",\"position\":2,\"name\":\"Rozpr\u00e1vka v m\u00fazeu s \u013dubom\u00edrom Feldekom\"}]},{\"@type\":\"WebSite\",\"@id\":\"https:\\\/\\\/pmza.sk\\\/#website\",\"url\":\"https:\\\/\\\/pmza.sk\\\/\",\"name\":\"Pova\u017esk\u00e9 m\u00fazeum\",\"description\":\"Pova\u017esk\u00e9 m\u00fazeum v \u017diline je region\u00e1lne m\u00fazeum so s\u00eddlom v Budat\u00edne. Jeho expoz\u00edcie s\u00fa zameran\u00e9 na dejiny slovensk\u00e9ho umenia, kult\u00fary a dopravy.\",\"publisher\":{\"@id\":\"https:\\\/\\\/pmza.sk\\\/#organization\"},\"potentialAction\":[{\"@type\":\"SearchAction\",\"target\":{\"@type\":\"EntryPoint\",\"urlTemplate\":\"https:\\\/\\\/pmza.sk\\\/?s={search_term_string}\"},\"query-input\":{\"@type\":\"PropertyValueSpecification\",\"valueRequired\":true,\"valueName\":\"search_term_string\"}}],\"inLanguage\":\"sk-SK\"},{\"@type\":\"Organization\",\"@id\":\"https:\\\/\\\/pmza.sk\\\/#organization\",\"name\":\"Pova\u017esk\u00e9 m\u00fazeum\",\"url\":\"https:\\\/\\\/pmza.sk\\\/\",\"logo\":{\"@type\":\"ImageObject\",\"inLanguage\":\"sk-SK\",\"@id\":\"https:\\\/\\\/pmza.sk\\\/#\\\/schema\\\/logo\\\/image\\\/\",\"url\":\"https:\\\/\\\/pmza.sk\\\/wp-content\\\/uploads\\\/2022\\\/01\\\/logo_PM_horizontal.jpg\",\"contentUrl\":\"https:\\\/\\\/pmza.sk\\\/wp-content\\\/uploads\\\/2022\\\/01\\\/logo_PM_horizontal.jpg\",\"width\":231,\"height\":142,\"caption\":\"Pova\u017esk\u00e9 m\u00fazeum\"},\"image\":{\"@id\":\"https:\\\/\\\/pmza.sk\\\/#\\\/schema\\\/logo\\\/image\\\/\"},\"sameAs\":[\"https:\\\/\\\/www.facebook.com\\\/povazskemuzeum\",\"https:\\\/\\\/www.instagram.com\\\/povazskemuzeum\\\/\"]},{\"@type\":\"Person\",\"@id\":\"https:\\\/\\\/pmza.sk\\\/#\\\/schema\\\/person\\\/595e6a2ce731ea94dcd5d7f50a41ae33\",\"name\":\"Pova\u017esk\u00e9 m\u00fazeum\",\"image\":{\"@type\":\"ImageObject\",\"inLanguage\":\"sk-SK\",\"@id\":\"https:\\\/\\\/secure.gravatar.com\\\/avatar\\\/2bb7f1561282132fb5826dfeccc66c7996d11ee392ac6aaf7ced8a1c2027fbb2?s=96&d=mm&r=g\",\"url\":\"https:\\\/\\\/secure.gravatar.com\\\/avatar\\\/2bb7f1561282132fb5826dfeccc66c7996d11ee392ac6aaf7ced8a1c2027fbb2?s=96&d=mm&r=g\",\"contentUrl\":\"https:\\\/\\\/secure.gravatar.com\\\/avatar\\\/2bb7f1561282132fb5826dfeccc66c7996d11ee392ac6aaf7ced8a1c2027fbb2?s=96&d=mm&r=g\",\"caption\":\"Pova\u017esk\u00e9 m\u00fazeum\"}}]}<\/script>\n<!-- \/ Yoast SEO plugin. -->","yoast_head_json":{"title":"Rozpr\u00e1vka v m\u00fazeu s \u013dubom\u00edrom Feldekom - Pova\u017esk\u00e9 m\u00fazeum","robots":{"index":"index","follow":"follow","max-snippet":"max-snippet:-1","max-image-preview":"max-image-preview:large","max-video-preview":"max-video-preview:-1"},"canonical":"https:\/\/pmza.sk\/?p=12861","og_locale":"sk_SK","og_type":"article","og_title":"Rozpr\u00e1vka v m\u00fazeu s \u013dubom\u00edrom Feldekom - Pova\u017esk\u00e9 m\u00fazeum","og_description":"Do are\u00e1lu Budat\u00ednskeho hradu zav\u00edta zn\u00e1my slovensk\u00fd spisovate\u013e \u013dubom\u00edr Feldek so svojou dc\u00e9rou Katar\u00ednou a\u00a0jej hudobnou skupinou Kafe Band. Pova\u017esk\u00e9 m\u00fazeum v\u00a0\u017diline pripravilo na z\u00e1ver \u0161kolsk\u00e9ho roka v\u00a0nede\u013eu 28. j\u00fana 2015 od 13. do 16. hodiny interakt\u00edvne podujatie Rozpr\u00e1vka v\u00a0m\u00fazeu. \u201ePo\u010das tohto rozpr\u00e1vkov\u00e9ho d\u0148a bude skupina Kafe Band spieva\u0165 r\u00fdmovan\u00e9 rozpr\u00e1vky, ktor\u00fdch texty nap\u00edsal \u013dubom\u00edr [&hellip;]","og_url":"https:\/\/pmza.sk\/?p=12861","og_site_name":"Pova\u017esk\u00e9 m\u00fazeum","article_publisher":"https:\/\/www.facebook.com\/povazskemuzeum","article_published_time":"2015-06-24T10:09:56+00:00","og_image":[{"width":1102,"height":1560,"url":"https:\/\/pmza.sk\/wp-content\/uploads\/2015\/06\/A4.jpg","type":"image\/jpeg"}],"author":"Pova\u017esk\u00e9 m\u00fazeum","twitter_card":"summary_large_image","twitter_misc":{"Autor":"Pova\u017esk\u00e9 m\u00fazeum","Predpokladan\u00fd \u010das \u010d\u00edtania":"2 min\u00faty"},"schema":{"@context":"https:\/\/schema.org","@graph":[{"@type":"Article","@id":"https:\/\/pmza.sk\/?p=12861#article","isPartOf":{"@id":"https:\/\/pmza.sk\/?p=12861"},"author":{"name":"Pova\u017esk\u00e9 m\u00fazeum","@id":"https:\/\/pmza.sk\/#\/schema\/person\/595e6a2ce731ea94dcd5d7f50a41ae33"},"headline":"Rozpr\u00e1vka v m\u00fazeu s \u013dubom\u00edrom Feldekom","datePublished":"2015-06-24T10:09:56+00:00","mainEntityOfPage":{"@id":"https:\/\/pmza.sk\/?p=12861"},"wordCount":408,"publisher":{"@id":"https:\/\/pmza.sk\/#organization"},"image":{"@id":"https:\/\/pmza.sk\/?p=12861#primaryimage"},"thumbnailUrl":"https:\/\/pmza.sk\/wp-content\/uploads\/2015\/06\/A4.jpg","articleSection":["Arch\u00edv 2015"],"inLanguage":"sk-SK"},{"@type":"WebPage","@id":"https:\/\/pmza.sk\/?p=12861","url":"https:\/\/pmza.sk\/?p=12861","name":"Rozpr\u00e1vka v m\u00fazeu s \u013dubom\u00edrom Feldekom - Pova\u017esk\u00e9 m\u00fazeum","isPartOf":{"@id":"https:\/\/pmza.sk\/#website"},"primaryImageOfPage":{"@id":"https:\/\/pmza.sk\/?p=12861#primaryimage"},"image":{"@id":"https:\/\/pmza.sk\/?p=12861#primaryimage"},"thumbnailUrl":"https:\/\/pmza.sk\/wp-content\/uploads\/2015\/06\/A4.jpg","datePublished":"2015-06-24T10:09:56+00:00","breadcrumb":{"@id":"https:\/\/pmza.sk\/?p=12861#breadcrumb"},"inLanguage":"sk-SK","potentialAction":[{"@type":"ReadAction","target":["https:\/\/pmza.sk\/?p=12861"]}]},{"@type":"ImageObject","inLanguage":"sk-SK","@id":"https:\/\/pmza.sk\/?p=12861#primaryimage","url":"https:\/\/pmza.sk\/wp-content\/uploads\/2015\/06\/A4.jpg","contentUrl":"https:\/\/pmza.sk\/wp-content\/uploads\/2015\/06\/A4.jpg","width":1102,"height":1560},{"@type":"BreadcrumbList","@id":"https:\/\/pmza.sk\/?p=12861#breadcrumb","itemListElement":[{"@type":"ListItem","position":1,"name":"Domovsk\u00e1 str\u00e1nka","item":"https:\/\/pmza.sk\/"},{"@type":"ListItem","position":2,"name":"Rozpr\u00e1vka v m\u00fazeu s \u013dubom\u00edrom Feldekom"}]},{"@type":"WebSite","@id":"https:\/\/pmza.sk\/#website","url":"https:\/\/pmza.sk\/","name":"Pova\u017esk\u00e9 m\u00fazeum","description":"Pova\u017esk\u00e9 m\u00fazeum v \u017diline je region\u00e1lne m\u00fazeum so s\u00eddlom v Budat\u00edne. Jeho expoz\u00edcie s\u00fa zameran\u00e9 na dejiny slovensk\u00e9ho umenia, kult\u00fary a dopravy.","publisher":{"@id":"https:\/\/pmza.sk\/#organization"},"potentialAction":[{"@type":"SearchAction","target":{"@type":"EntryPoint","urlTemplate":"https:\/\/pmza.sk\/?s={search_term_string}"},"query-input":{"@type":"PropertyValueSpecification","valueRequired":true,"valueName":"search_term_string"}}],"inLanguage":"sk-SK"},{"@type":"Organization","@id":"https:\/\/pmza.sk\/#organization","name":"Pova\u017esk\u00e9 m\u00fazeum","url":"https:\/\/pmza.sk\/","logo":{"@type":"ImageObject","inLanguage":"sk-SK","@id":"https:\/\/pmza.sk\/#\/schema\/logo\/image\/","url":"https:\/\/pmza.sk\/wp-content\/uploads\/2022\/01\/logo_PM_horizontal.jpg","contentUrl":"https:\/\/pmza.sk\/wp-content\/uploads\/2022\/01\/logo_PM_horizontal.jpg","width":231,"height":142,"caption":"Pova\u017esk\u00e9 m\u00fazeum"},"image":{"@id":"https:\/\/pmza.sk\/#\/schema\/logo\/image\/"},"sameAs":["https:\/\/www.facebook.com\/povazskemuzeum","https:\/\/www.instagram.com\/povazskemuzeum\/"]},{"@type":"Person","@id":"https:\/\/pmza.sk\/#\/schema\/person\/595e6a2ce731ea94dcd5d7f50a41ae33","name":"Pova\u017esk\u00e9 m\u00fazeum","image":{"@type":"ImageObject","inLanguage":"sk-SK","@id":"https:\/\/secure.gravatar.com\/avatar\/2bb7f1561282132fb5826dfeccc66c7996d11ee392ac6aaf7ced8a1c2027fbb2?s=96&d=mm&r=g","url":"https:\/\/secure.gravatar.com\/avatar\/2bb7f1561282132fb5826dfeccc66c7996d11ee392ac6aaf7ced8a1c2027fbb2?s=96&d=mm&r=g","contentUrl":"https:\/\/secure.gravatar.com\/avatar\/2bb7f1561282132fb5826dfeccc66c7996d11ee392ac6aaf7ced8a1c2027fbb2?s=96&d=mm&r=g","caption":"Pova\u017esk\u00e9 m\u00fazeum"}}]}},"_links":{"self":[{"href":"https:\/\/pmza.sk\/index.php?rest_route=\/wp\/v2\/posts\/12861","targetHints":{"allow":["GET"]}}],"collection":[{"href":"https:\/\/pmza.sk\/index.php?rest_route=\/wp\/v2\/posts"}],"about":[{"href":"https:\/\/pmza.sk\/index.php?rest_route=\/wp\/v2\/types\/post"}],"author":[{"embeddable":true,"href":"https:\/\/pmza.sk\/index.php?rest_route=\/wp\/v2\/users\/2"}],"replies":[{"embeddable":true,"href":"https:\/\/pmza.sk\/index.php?rest_route=%2Fwp%2Fv2%2Fcomments&post=12861"}],"version-history":[{"count":0,"href":"https:\/\/pmza.sk\/index.php?rest_route=\/wp\/v2\/posts\/12861\/revisions"}],"wp:featuredmedia":[{"embeddable":true,"href":"https:\/\/pmza.sk\/index.php?rest_route=\/wp\/v2\/media\/12860"}],"wp:attachment":[{"href":"https:\/\/pmza.sk\/index.php?rest_route=%2Fwp%2Fv2%2Fmedia&parent=12861"}],"wp:term":[{"taxonomy":"category","embeddable":true,"href":"https:\/\/pmza.sk\/index.php?rest_route=%2Fwp%2Fv2%2Fcategories&post=12861"},{"taxonomy":"post_tag","embeddable":true,"href":"https:\/\/pmza.sk\/index.php?rest_route=%2Fwp%2Fv2%2Ftags&post=12861"}],"curies":[{"name":"wp","href":"https:\/\/api.w.org\/{rel}","templated":true}]}}