{"id":1289,"date":"2010-09-16T15:11:39","date_gmt":"2010-09-16T13:11:39","guid":{"rendered":"https:\/\/pmza.sk.sk\/?p=1289"},"modified":"2010-09-16T15:11:39","modified_gmt":"2010-09-16T13:11:39","slug":"hrad-srecno-od-septembra-s-novou-expoziciou","status":"publish","type":"post","link":"https:\/\/pmza.sk\/?p=1289","title":{"rendered":"Hrad Stre\u010dno od septembra s novou expoz\u00edciou"},"content":{"rendered":"<p><strong> <\/strong><\/p>\n<p><span style=\"color: #ff0000;\"><strong><br \/>\n<\/strong><\/span><a href=\"https:\/\/pmza.sk\/wp-content\/uploads\/2010\/09\/P1080833.jpg\"><img decoding=\"async\" class=\"alignleft size-medium wp-image-1304\" style=\"margin-left: 3px; margin-right: 3px; border: 3px solid black;\" title=\"P1080833\" src=\"https:\/\/pmza.sk.sk\/wp-content\/uploads\/2010\/09\/P1080833-300x225.jpg\" alt=\"\" width=\"180\" height=\"135\" \/><\/a><\/p>\n<p>Od septembra 2010 bude hrad Stre\u010dno obohaten\u00fd o\u00a0\u010fal\u0161iu expoz\u00edciu, ktor\u00e1 sa bezprostredne via\u017ee k\u00a0jeho dejin\u00e1m. Priestory Severnej ve\u017ee hradu bud\u00fa prezentova\u0165 kov\u00e1\u010dstvo, jedno z\u00a0najstar\u0161\u00edch remesiel v\u00a0minulosti. \u201e<em>Kov\u00e1\u010dska diel\u0148a sa na hrade Stre\u010dno ur\u010dite nach\u00e1dzala, jej<\/em> <em>pozostatky odhalil Archeologick\u00fd v\u00fdskum v\u00a0are\u00e1li doln\u00e9ho hradu,\u201c <\/em>uviedla archeologi\u010dka Pova\u017esk\u00e9ho m\u00fazea Lucia Kri\u0161kov\u00e1.<em> <\/em>V\u00a0zbierkovom fonde Hist\u00f3ria I. Pova\u017esk\u00e9ho m\u00fazea sa nach\u00e1dza mno\u017estvo predmetov, prostredn\u00edctvom ktor\u00fdch sa podarilo vytvori\u0165 uk\u00e1\u017eku vybavenia takejto kov\u00e1\u010dskej dielne. \u201e<em>Kov\u00e1\u010dska diel\u0148a bola remeseln\u00edcka diel\u0148a na v\u00fdrobu a\u00a0opravu \u017eelezn\u00fdch n\u00e1strojov, predmetov zo \u017eeleza alebo podk\u00favanie kon\u00ed. Hlavn\u00fdm zariaden\u00edm takejto dielne bolo murovan\u00e9 ohnisko s\u00a0otvoren\u00fdm kom\u00ednom. V\u00a0jeho tesnej bl\u00edzkosti st\u00e1li ko\u017een\u00e9 kov\u00e1\u010dske mechy, ktor\u00fdmi sa vh\u00e1\u0148al vzduch potrebn\u00fd na ohe\u0148 v\u00a0ohnisku<\/em>,\u201c upresnila M\u00e1ria Ok\u00e1nikov\u00e1, histori\u010dka Pova\u017esk\u00e9ho m\u00fazea v\u00a0\u017diline a\u00a0autorka expoz\u00edcie.<\/p>\n<p><!--more--><\/p>\n<p><a href=\"https:\/\/pmza.sk\/wp-content\/uploads\/2010\/09\/P10808281.jpg\"><img fetchpriority=\"high\" decoding=\"async\" class=\"aligncenter size-full wp-image-1307\" title=\"P1080828\" src=\"https:\/\/pmza.sk\/wp-content\/uploads\/2010\/09\/P10808281.jpg\" alt=\"\" width=\"640\" height=\"480\" srcset=\"https:\/\/pmza.sk\/wp-content\/uploads\/2010\/09\/P10808281.jpg 640w, https:\/\/pmza.sk\/wp-content\/uploads\/2010\/09\/P10808281-600x450.jpg 600w, https:\/\/pmza.sk\/wp-content\/uploads\/2010\/09\/P10808281-480x360.jpg 480w\" sizes=\"(max-width: 640px) 100vw, 640px\" \/><\/a><\/p>\n<p>N\u00e1v\u0161tevn\u00edci sa bud\u00fa m\u00f4c\u0165 zozn\u00e1mi\u0165 aj so \u0161peci\u00e1lnymi kov\u00e1\u010dskymi n\u00e1strojmi ako s\u00fa kov\u00e1\u010dske kladiv\u00e1 r\u00f4znych tvarov a\u00a0hmotnosti, jednoru\u010dn\u00e9 alebo dvojru\u010dn\u00e9, ktor\u00fdmi kov\u00e1\u010d kul roz\u017eeraven\u00fd kus \u017eeleza na potrebn\u00fd tvar, kov\u00e1\u010dske klie\u0161te a\u00a0mnoho in\u00fdch. \u201e<em>Kov\u00e1\u010di vykon\u00e1vali najm\u00e4 tieto pr\u00e1ce \u2013 ok\u00favali voz, koles\u00e1, rebriny, osi, oje, v\u00e1hy, vyr\u00e1bali motyky, sekery, lopaty, kosy a\u00a0pod. Medzi v\u00fdrobky poch\u00e1dzaj\u00face z\u00a0kov\u00e1\u010dskych dieln\u00ed patria aj oblo\u010dn\u00e9 mre\u017ee, svietniky alebo podlo\u017eky pod riad. Pre dobr\u00fa znalos\u0165 kon\u00ed vykon\u00e1vali viacer\u00ed kov\u00e1\u010di aj funkciu zverolek\u00e1ra. Boli zn\u00e1mi aj t\u00fdm, \u017ee \u013eu\u010fom napr\u00e1vali zlomeniny a\u00a0trhali chor\u00e9 a\u00a0bo\u013eav\u00e9 z<\/em>uby,\u201c dodala M\u00e1ria Ok\u00e1nikov\u00e1.<br \/>\nPracovn\u00edci Pova\u017esk\u00e9ho m\u00fazea v\u00a0miestnosti s\u00a0expoz\u00edciou vyhotovili rekon\u0161trukciu ohniska na p\u00f4vodn\u00fdch z\u00e1kladoch, ktor\u00e9 sa tu nach\u00e1dzali.<\/p>\n<p>Nov\u00e1 expoz\u00edcia \u2013 <strong>Kov\u00e1\u010dska diel\u0148a<\/strong> sa prv\u00fdkr\u00e1t predstav\u00ed verejnosti v\u00a0piatok <strong>17. septembra 2010 o\u00a018,00h,<\/strong> kedy bude sl\u00e1vnostne otvoren\u00e1. S\u00fa\u010das\u0165ou otvorenia bude aj zauj\u00edmav\u00fd sprievodn\u00fd program s\u00a0uk\u00e1\u017ekami pr\u00e1ce kov\u00e1\u010dskych majstrov.<\/p>\n<p>Organiz\u00e1torom je \u017dilinsk\u00fd samospr\u00e1vny kraj a\u00a0Pova\u017esk\u00e9 m\u00fazeum v\u00a0\u017diline.<\/p>\n<p><a href=\"https:\/\/pmza.sk\/wp-content\/uploads\/2010\/09\/P1080832.jpg\"><img decoding=\"async\" class=\"aligncenter size-full wp-image-1308\" title=\"P1080832\" src=\"https:\/\/pmza.sk\/wp-content\/uploads\/2010\/09\/P1080832.jpg\" alt=\"\" width=\"640\" height=\"480\" srcset=\"https:\/\/pmza.sk\/wp-content\/uploads\/2010\/09\/P1080832.jpg 640w, https:\/\/pmza.sk\/wp-content\/uploads\/2010\/09\/P1080832-600x450.jpg 600w, https:\/\/pmza.sk\/wp-content\/uploads\/2010\/09\/P1080832-480x360.jpg 480w\" sizes=\"(max-width: 640px) 100vw, 640px\" \/><\/a><\/p>\n<p><a href=\"https:\/\/pmza.sk\/wp-content\/uploads\/2010\/09\/P1080833.jpg\"><img loading=\"lazy\" decoding=\"async\" class=\"aligncenter size-full wp-image-1304\" title=\"P1080833\" src=\"https:\/\/pmza.sk\/wp-content\/uploads\/2010\/09\/P1080833.jpg\" alt=\"\" width=\"640\" height=\"480\" srcset=\"https:\/\/pmza.sk\/wp-content\/uploads\/2010\/09\/P1080833.jpg 640w, https:\/\/pmza.sk\/wp-content\/uploads\/2010\/09\/P1080833-600x450.jpg 600w, https:\/\/pmza.sk\/wp-content\/uploads\/2010\/09\/P1080833-480x360.jpg 480w\" sizes=\"(max-width: 640px) 100vw, 640px\" \/><\/a><\/p>\n","protected":false},"excerpt":{"rendered":"<p>Od septembra 2010 bude hrad Stre\u010dno obohaten\u00fd o\u00a0\u010fal\u0161iu expoz\u00edciu, ktor\u00e1 sa bezprostredne via\u017ee k\u00a0jeho dejin\u00e1m. Priestory Severnej ve\u017ee hradu bud\u00fa prezentova\u0165 kov\u00e1\u010dstvo, jedno z\u00a0najstar\u0161\u00edch remesiel v\u00a0minulosti. \u201eKov\u00e1\u010dska diel\u0148a sa na hrade Stre\u010dno ur\u010dite nach\u00e1dzala, jej pozostatky odhalil Archeologick\u00fd v\u00fdskum v\u00a0are\u00e1li doln\u00e9ho hradu,\u201c uviedla archeologi\u010dka Pova\u017esk\u00e9ho m\u00fazea Lucia Kri\u0161kov\u00e1. V\u00a0zbierkovom fonde Hist\u00f3ria I. Pova\u017esk\u00e9ho m\u00fazea sa [&hellip;]<\/p>\n","protected":false},"author":2,"featured_media":0,"comment_status":"closed","ping_status":"closed","sticky":false,"template":"","format":"standard","meta":{"site-sidebar-layout":"default","site-content-layout":"","ast-site-content-layout":"","site-content-style":"default","site-sidebar-style":"default","ast-global-header-display":"","ast-banner-title-visibility":"","ast-main-header-display":"","ast-hfb-above-header-display":"","ast-hfb-below-header-display":"","ast-hfb-mobile-header-display":"","site-post-title":"","ast-breadcrumbs-content":"","ast-featured-img":"","footer-sml-layout":"","theme-transparent-header-meta":"","adv-header-id-meta":"","stick-header-meta":"","header-above-stick-meta":"","header-main-stick-meta":"","header-below-stick-meta":"","astra-migrate-meta-layouts":"default","ast-page-background-enabled":"default","ast-page-background-meta":{"desktop":{"background-color":"var(--ast-global-color-4)","background-image":"","background-repeat":"repeat","background-position":"center center","background-size":"auto","background-attachment":"scroll","background-type":"","background-media":"","overlay-type":"","overlay-color":"","overlay-opacity":"","overlay-gradient":""},"tablet":{"background-color":"","background-image":"","background-repeat":"repeat","background-position":"center center","background-size":"auto","background-attachment":"scroll","background-type":"","background-media":"","overlay-type":"","overlay-color":"","overlay-opacity":"","overlay-gradient":""},"mobile":{"background-color":"","background-image":"","background-repeat":"repeat","background-position":"center center","background-size":"auto","background-attachment":"scroll","background-type":"","background-media":"","overlay-type":"","overlay-color":"","overlay-opacity":"","overlay-gradient":""}},"ast-content-background-meta":{"desktop":{"background-color":"var(--ast-global-color-5)","background-image":"","background-repeat":"repeat","background-position":"center center","background-size":"auto","background-attachment":"scroll","background-type":"","background-media":"","overlay-type":"","overlay-color":"","overlay-opacity":"","overlay-gradient":""},"tablet":{"background-color":"var(--ast-global-color-5)","background-image":"","background-repeat":"repeat","background-position":"center center","background-size":"auto","background-attachment":"scroll","background-type":"","background-media":"","overlay-type":"","overlay-color":"","overlay-opacity":"","overlay-gradient":""},"mobile":{"background-color":"var(--ast-global-color-5)","background-image":"","background-repeat":"repeat","background-position":"center center","background-size":"auto","background-attachment":"scroll","background-type":"","background-media":"","overlay-type":"","overlay-color":"","overlay-opacity":"","overlay-gradient":""}},"footnotes":""},"categories":[29],"tags":[],"class_list":["post-1289","post","type-post","status-publish","format-standard","hentry","category-archiv-2010"],"yoast_head":"<!-- This site is optimized with the Yoast SEO plugin v27.4 - https:\/\/yoast.com\/product\/yoast-seo-wordpress\/ -->\n<title>Hrad Stre\u010dno od septembra s novou expoz\u00edciou - Pova\u017esk\u00e9 m\u00fazeum<\/title>\n<meta name=\"robots\" content=\"index, follow, max-snippet:-1, max-image-preview:large, max-video-preview:-1\" \/>\n<link rel=\"canonical\" href=\"https:\/\/pmza.sk\/?p=1289\" \/>\n<meta property=\"og:locale\" content=\"sk_SK\" \/>\n<meta property=\"og:type\" content=\"article\" \/>\n<meta property=\"og:title\" content=\"Hrad Stre\u010dno od septembra s novou expoz\u00edciou - Pova\u017esk\u00e9 m\u00fazeum\" \/>\n<meta property=\"og:description\" content=\"Od septembra 2010 bude hrad Stre\u010dno obohaten\u00fd o\u00a0\u010fal\u0161iu expoz\u00edciu, ktor\u00e1 sa bezprostredne via\u017ee k\u00a0jeho dejin\u00e1m. Priestory Severnej ve\u017ee hradu bud\u00fa prezentova\u0165 kov\u00e1\u010dstvo, jedno z\u00a0najstar\u0161\u00edch remesiel v\u00a0minulosti. \u201eKov\u00e1\u010dska diel\u0148a sa na hrade Stre\u010dno ur\u010dite nach\u00e1dzala, jej pozostatky odhalil Archeologick\u00fd v\u00fdskum v\u00a0are\u00e1li doln\u00e9ho hradu,\u201c uviedla archeologi\u010dka Pova\u017esk\u00e9ho m\u00fazea Lucia Kri\u0161kov\u00e1. V\u00a0zbierkovom fonde Hist\u00f3ria I. Pova\u017esk\u00e9ho m\u00fazea sa [&hellip;]\" \/>\n<meta property=\"og:url\" content=\"https:\/\/pmza.sk\/?p=1289\" \/>\n<meta property=\"og:site_name\" content=\"Pova\u017esk\u00e9 m\u00fazeum\" \/>\n<meta property=\"article:publisher\" content=\"https:\/\/www.facebook.com\/povazskemuzeum\" \/>\n<meta property=\"article:published_time\" content=\"2010-09-16T13:11:39+00:00\" \/>\n<meta property=\"og:image\" content=\"https:\/\/pmza.sk.sk\/wp-content\/uploads\/2010\/09\/P1080833-300x225.jpg\" \/>\n<meta name=\"author\" content=\"Pova\u017esk\u00e9 m\u00fazeum\" \/>\n<meta name=\"twitter:card\" content=\"summary_large_image\" \/>\n<meta name=\"twitter:label1\" content=\"Autor\" \/>\n\t<meta name=\"twitter:data1\" content=\"Pova\u017esk\u00e9 m\u00fazeum\" \/>\n\t<meta name=\"twitter:label2\" content=\"Predpokladan\u00fd \u010das \u010d\u00edtania\" \/>\n\t<meta name=\"twitter:data2\" content=\"2 min\u00faty\" \/>\n<script type=\"application\/ld+json\" class=\"yoast-schema-graph\">{\"@context\":\"https:\\\/\\\/schema.org\",\"@graph\":[{\"@type\":\"Article\",\"@id\":\"https:\\\/\\\/pmza.sk\\\/?p=1289#article\",\"isPartOf\":{\"@id\":\"https:\\\/\\\/pmza.sk\\\/?p=1289\"},\"author\":{\"name\":\"Pova\u017esk\u00e9 m\u00fazeum\",\"@id\":\"https:\\\/\\\/pmza.sk\\\/#\\\/schema\\\/person\\\/595e6a2ce731ea94dcd5d7f50a41ae33\"},\"headline\":\"Hrad Stre\u010dno od septembra s novou expoz\u00edciou\",\"datePublished\":\"2010-09-16T13:11:39+00:00\",\"mainEntityOfPage\":{\"@id\":\"https:\\\/\\\/pmza.sk\\\/?p=1289\"},\"wordCount\":411,\"publisher\":{\"@id\":\"https:\\\/\\\/pmza.sk\\\/#organization\"},\"image\":{\"@id\":\"https:\\\/\\\/pmza.sk\\\/?p=1289#primaryimage\"},\"thumbnailUrl\":\"http:\\\/\\\/pmza.sk.sk\\\/wp-content\\\/uploads\\\/2010\\\/09\\\/P1080833-300x225.jpg\",\"articleSection\":[\"Arch\u00edv 2010\"],\"inLanguage\":\"sk-SK\"},{\"@type\":\"WebPage\",\"@id\":\"https:\\\/\\\/pmza.sk\\\/?p=1289\",\"url\":\"https:\\\/\\\/pmza.sk\\\/?p=1289\",\"name\":\"Hrad Stre\u010dno od septembra s novou expoz\u00edciou - Pova\u017esk\u00e9 m\u00fazeum\",\"isPartOf\":{\"@id\":\"https:\\\/\\\/pmza.sk\\\/#website\"},\"primaryImageOfPage\":{\"@id\":\"https:\\\/\\\/pmza.sk\\\/?p=1289#primaryimage\"},\"image\":{\"@id\":\"https:\\\/\\\/pmza.sk\\\/?p=1289#primaryimage\"},\"thumbnailUrl\":\"http:\\\/\\\/pmza.sk.sk\\\/wp-content\\\/uploads\\\/2010\\\/09\\\/P1080833-300x225.jpg\",\"datePublished\":\"2010-09-16T13:11:39+00:00\",\"breadcrumb\":{\"@id\":\"https:\\\/\\\/pmza.sk\\\/?p=1289#breadcrumb\"},\"inLanguage\":\"sk-SK\",\"potentialAction\":[{\"@type\":\"ReadAction\",\"target\":[\"https:\\\/\\\/pmza.sk\\\/?p=1289\"]}]},{\"@type\":\"ImageObject\",\"inLanguage\":\"sk-SK\",\"@id\":\"https:\\\/\\\/pmza.sk\\\/?p=1289#primaryimage\",\"url\":\"http:\\\/\\\/pmza.sk.sk\\\/wp-content\\\/uploads\\\/2010\\\/09\\\/P1080833-300x225.jpg\",\"contentUrl\":\"http:\\\/\\\/pmza.sk.sk\\\/wp-content\\\/uploads\\\/2010\\\/09\\\/P1080833-300x225.jpg\"},{\"@type\":\"BreadcrumbList\",\"@id\":\"https:\\\/\\\/pmza.sk\\\/?p=1289#breadcrumb\",\"itemListElement\":[{\"@type\":\"ListItem\",\"position\":1,\"name\":\"Domovsk\u00e1 str\u00e1nka\",\"item\":\"https:\\\/\\\/pmza.sk\\\/\"},{\"@type\":\"ListItem\",\"position\":2,\"name\":\"Hrad Stre\u010dno od septembra s novou expoz\u00edciou\"}]},{\"@type\":\"WebSite\",\"@id\":\"https:\\\/\\\/pmza.sk\\\/#website\",\"url\":\"https:\\\/\\\/pmza.sk\\\/\",\"name\":\"Pova\u017esk\u00e9 m\u00fazeum\",\"description\":\"Pova\u017esk\u00e9 m\u00fazeum v \u017diline je region\u00e1lne m\u00fazeum so s\u00eddlom v Budat\u00edne. Jeho expoz\u00edcie s\u00fa zameran\u00e9 na dejiny slovensk\u00e9ho umenia, kult\u00fary a dopravy.\",\"publisher\":{\"@id\":\"https:\\\/\\\/pmza.sk\\\/#organization\"},\"potentialAction\":[{\"@type\":\"SearchAction\",\"target\":{\"@type\":\"EntryPoint\",\"urlTemplate\":\"https:\\\/\\\/pmza.sk\\\/?s={search_term_string}\"},\"query-input\":{\"@type\":\"PropertyValueSpecification\",\"valueRequired\":true,\"valueName\":\"search_term_string\"}}],\"inLanguage\":\"sk-SK\"},{\"@type\":\"Organization\",\"@id\":\"https:\\\/\\\/pmza.sk\\\/#organization\",\"name\":\"Pova\u017esk\u00e9 m\u00fazeum\",\"url\":\"https:\\\/\\\/pmza.sk\\\/\",\"logo\":{\"@type\":\"ImageObject\",\"inLanguage\":\"sk-SK\",\"@id\":\"https:\\\/\\\/pmza.sk\\\/#\\\/schema\\\/logo\\\/image\\\/\",\"url\":\"https:\\\/\\\/pmza.sk\\\/wp-content\\\/uploads\\\/2022\\\/01\\\/logo_PM_horizontal.jpg\",\"contentUrl\":\"https:\\\/\\\/pmza.sk\\\/wp-content\\\/uploads\\\/2022\\\/01\\\/logo_PM_horizontal.jpg\",\"width\":231,\"height\":142,\"caption\":\"Pova\u017esk\u00e9 m\u00fazeum\"},\"image\":{\"@id\":\"https:\\\/\\\/pmza.sk\\\/#\\\/schema\\\/logo\\\/image\\\/\"},\"sameAs\":[\"https:\\\/\\\/www.facebook.com\\\/povazskemuzeum\",\"https:\\\/\\\/www.instagram.com\\\/povazskemuzeum\\\/\"]},{\"@type\":\"Person\",\"@id\":\"https:\\\/\\\/pmza.sk\\\/#\\\/schema\\\/person\\\/595e6a2ce731ea94dcd5d7f50a41ae33\",\"name\":\"Pova\u017esk\u00e9 m\u00fazeum\",\"image\":{\"@type\":\"ImageObject\",\"inLanguage\":\"sk-SK\",\"@id\":\"https:\\\/\\\/secure.gravatar.com\\\/avatar\\\/2bb7f1561282132fb5826dfeccc66c7996d11ee392ac6aaf7ced8a1c2027fbb2?s=96&d=mm&r=g\",\"url\":\"https:\\\/\\\/secure.gravatar.com\\\/avatar\\\/2bb7f1561282132fb5826dfeccc66c7996d11ee392ac6aaf7ced8a1c2027fbb2?s=96&d=mm&r=g\",\"contentUrl\":\"https:\\\/\\\/secure.gravatar.com\\\/avatar\\\/2bb7f1561282132fb5826dfeccc66c7996d11ee392ac6aaf7ced8a1c2027fbb2?s=96&d=mm&r=g\",\"caption\":\"Pova\u017esk\u00e9 m\u00fazeum\"}}]}<\/script>\n<!-- \/ Yoast SEO plugin. -->","yoast_head_json":{"title":"Hrad Stre\u010dno od septembra s novou expoz\u00edciou - Pova\u017esk\u00e9 m\u00fazeum","robots":{"index":"index","follow":"follow","max-snippet":"max-snippet:-1","max-image-preview":"max-image-preview:large","max-video-preview":"max-video-preview:-1"},"canonical":"https:\/\/pmza.sk\/?p=1289","og_locale":"sk_SK","og_type":"article","og_title":"Hrad Stre\u010dno od septembra s novou expoz\u00edciou - Pova\u017esk\u00e9 m\u00fazeum","og_description":"Od septembra 2010 bude hrad Stre\u010dno obohaten\u00fd o\u00a0\u010fal\u0161iu expoz\u00edciu, ktor\u00e1 sa bezprostredne via\u017ee k\u00a0jeho dejin\u00e1m. Priestory Severnej ve\u017ee hradu bud\u00fa prezentova\u0165 kov\u00e1\u010dstvo, jedno z\u00a0najstar\u0161\u00edch remesiel v\u00a0minulosti. \u201eKov\u00e1\u010dska diel\u0148a sa na hrade Stre\u010dno ur\u010dite nach\u00e1dzala, jej pozostatky odhalil Archeologick\u00fd v\u00fdskum v\u00a0are\u00e1li doln\u00e9ho hradu,\u201c uviedla archeologi\u010dka Pova\u017esk\u00e9ho m\u00fazea Lucia Kri\u0161kov\u00e1. V\u00a0zbierkovom fonde Hist\u00f3ria I. Pova\u017esk\u00e9ho m\u00fazea sa [&hellip;]","og_url":"https:\/\/pmza.sk\/?p=1289","og_site_name":"Pova\u017esk\u00e9 m\u00fazeum","article_publisher":"https:\/\/www.facebook.com\/povazskemuzeum","article_published_time":"2010-09-16T13:11:39+00:00","og_image":[{"url":"https:\/\/pmza.sk.sk\/wp-content\/uploads\/2010\/09\/P1080833-300x225.jpg","type":"","width":"","height":""}],"author":"Pova\u017esk\u00e9 m\u00fazeum","twitter_card":"summary_large_image","twitter_misc":{"Autor":"Pova\u017esk\u00e9 m\u00fazeum","Predpokladan\u00fd \u010das \u010d\u00edtania":"2 min\u00faty"},"schema":{"@context":"https:\/\/schema.org","@graph":[{"@type":"Article","@id":"https:\/\/pmza.sk\/?p=1289#article","isPartOf":{"@id":"https:\/\/pmza.sk\/?p=1289"},"author":{"name":"Pova\u017esk\u00e9 m\u00fazeum","@id":"https:\/\/pmza.sk\/#\/schema\/person\/595e6a2ce731ea94dcd5d7f50a41ae33"},"headline":"Hrad Stre\u010dno od septembra s novou expoz\u00edciou","datePublished":"2010-09-16T13:11:39+00:00","mainEntityOfPage":{"@id":"https:\/\/pmza.sk\/?p=1289"},"wordCount":411,"publisher":{"@id":"https:\/\/pmza.sk\/#organization"},"image":{"@id":"https:\/\/pmza.sk\/?p=1289#primaryimage"},"thumbnailUrl":"https:\/\/pmza.sk.sk\/wp-content\/uploads\/2010\/09\/P1080833-300x225.jpg","articleSection":["Arch\u00edv 2010"],"inLanguage":"sk-SK"},{"@type":"WebPage","@id":"https:\/\/pmza.sk\/?p=1289","url":"https:\/\/pmza.sk\/?p=1289","name":"Hrad Stre\u010dno od septembra s novou expoz\u00edciou - Pova\u017esk\u00e9 m\u00fazeum","isPartOf":{"@id":"https:\/\/pmza.sk\/#website"},"primaryImageOfPage":{"@id":"https:\/\/pmza.sk\/?p=1289#primaryimage"},"image":{"@id":"https:\/\/pmza.sk\/?p=1289#primaryimage"},"thumbnailUrl":"https:\/\/pmza.sk.sk\/wp-content\/uploads\/2010\/09\/P1080833-300x225.jpg","datePublished":"2010-09-16T13:11:39+00:00","breadcrumb":{"@id":"https:\/\/pmza.sk\/?p=1289#breadcrumb"},"inLanguage":"sk-SK","potentialAction":[{"@type":"ReadAction","target":["https:\/\/pmza.sk\/?p=1289"]}]},{"@type":"ImageObject","inLanguage":"sk-SK","@id":"https:\/\/pmza.sk\/?p=1289#primaryimage","url":"https:\/\/pmza.sk.sk\/wp-content\/uploads\/2010\/09\/P1080833-300x225.jpg","contentUrl":"https:\/\/pmza.sk.sk\/wp-content\/uploads\/2010\/09\/P1080833-300x225.jpg"},{"@type":"BreadcrumbList","@id":"https:\/\/pmza.sk\/?p=1289#breadcrumb","itemListElement":[{"@type":"ListItem","position":1,"name":"Domovsk\u00e1 str\u00e1nka","item":"https:\/\/pmza.sk\/"},{"@type":"ListItem","position":2,"name":"Hrad Stre\u010dno od septembra s novou expoz\u00edciou"}]},{"@type":"WebSite","@id":"https:\/\/pmza.sk\/#website","url":"https:\/\/pmza.sk\/","name":"Pova\u017esk\u00e9 m\u00fazeum","description":"Pova\u017esk\u00e9 m\u00fazeum v \u017diline je region\u00e1lne m\u00fazeum so s\u00eddlom v Budat\u00edne. Jeho expoz\u00edcie s\u00fa zameran\u00e9 na dejiny slovensk\u00e9ho umenia, kult\u00fary a dopravy.","publisher":{"@id":"https:\/\/pmza.sk\/#organization"},"potentialAction":[{"@type":"SearchAction","target":{"@type":"EntryPoint","urlTemplate":"https:\/\/pmza.sk\/?s={search_term_string}"},"query-input":{"@type":"PropertyValueSpecification","valueRequired":true,"valueName":"search_term_string"}}],"inLanguage":"sk-SK"},{"@type":"Organization","@id":"https:\/\/pmza.sk\/#organization","name":"Pova\u017esk\u00e9 m\u00fazeum","url":"https:\/\/pmza.sk\/","logo":{"@type":"ImageObject","inLanguage":"sk-SK","@id":"https:\/\/pmza.sk\/#\/schema\/logo\/image\/","url":"https:\/\/pmza.sk\/wp-content\/uploads\/2022\/01\/logo_PM_horizontal.jpg","contentUrl":"https:\/\/pmza.sk\/wp-content\/uploads\/2022\/01\/logo_PM_horizontal.jpg","width":231,"height":142,"caption":"Pova\u017esk\u00e9 m\u00fazeum"},"image":{"@id":"https:\/\/pmza.sk\/#\/schema\/logo\/image\/"},"sameAs":["https:\/\/www.facebook.com\/povazskemuzeum","https:\/\/www.instagram.com\/povazskemuzeum\/"]},{"@type":"Person","@id":"https:\/\/pmza.sk\/#\/schema\/person\/595e6a2ce731ea94dcd5d7f50a41ae33","name":"Pova\u017esk\u00e9 m\u00fazeum","image":{"@type":"ImageObject","inLanguage":"sk-SK","@id":"https:\/\/secure.gravatar.com\/avatar\/2bb7f1561282132fb5826dfeccc66c7996d11ee392ac6aaf7ced8a1c2027fbb2?s=96&d=mm&r=g","url":"https:\/\/secure.gravatar.com\/avatar\/2bb7f1561282132fb5826dfeccc66c7996d11ee392ac6aaf7ced8a1c2027fbb2?s=96&d=mm&r=g","contentUrl":"https:\/\/secure.gravatar.com\/avatar\/2bb7f1561282132fb5826dfeccc66c7996d11ee392ac6aaf7ced8a1c2027fbb2?s=96&d=mm&r=g","caption":"Pova\u017esk\u00e9 m\u00fazeum"}}]}},"_links":{"self":[{"href":"https:\/\/pmza.sk\/index.php?rest_route=\/wp\/v2\/posts\/1289","targetHints":{"allow":["GET"]}}],"collection":[{"href":"https:\/\/pmza.sk\/index.php?rest_route=\/wp\/v2\/posts"}],"about":[{"href":"https:\/\/pmza.sk\/index.php?rest_route=\/wp\/v2\/types\/post"}],"author":[{"embeddable":true,"href":"https:\/\/pmza.sk\/index.php?rest_route=\/wp\/v2\/users\/2"}],"replies":[{"embeddable":true,"href":"https:\/\/pmza.sk\/index.php?rest_route=%2Fwp%2Fv2%2Fcomments&post=1289"}],"version-history":[{"count":0,"href":"https:\/\/pmza.sk\/index.php?rest_route=\/wp\/v2\/posts\/1289\/revisions"}],"wp:attachment":[{"href":"https:\/\/pmza.sk\/index.php?rest_route=%2Fwp%2Fv2%2Fmedia&parent=1289"}],"wp:term":[{"taxonomy":"category","embeddable":true,"href":"https:\/\/pmza.sk\/index.php?rest_route=%2Fwp%2Fv2%2Fcategories&post=1289"},{"taxonomy":"post_tag","embeddable":true,"href":"https:\/\/pmza.sk\/index.php?rest_route=%2Fwp%2Fv2%2Ftags&post=1289"}],"curies":[{"name":"wp","href":"https:\/\/api.w.org\/{rel}","templated":true}]}}