{"id":12903,"date":"2015-06-26T11:48:34","date_gmt":"2015-06-26T09:48:34","guid":{"rendered":"https:\/\/pmza.sk.sk\/?p=12903"},"modified":"2015-06-26T11:48:34","modified_gmt":"2015-06-26T09:48:34","slug":"hradnu-skolu-tento-rok-absolvovalo-700-ziakov","status":"publish","type":"post","link":"https:\/\/pmza.sk\/?p=12903","title":{"rendered":"Hradn\u00fa \u0161kolu tento rok absolvovalo 700 \u017eiakov"},"content":{"rendered":"<p>Hradn\u00e1 \u0161kola patr\u00ed medzi jedno z\u00a0najatrakt\u00edvnej\u0161\u00edch podujat\u00ed organizovan\u00fdch na hrade Stre\u010dno v\u00a0r\u00e1mci muze\u00e1lnej pedagogiky Pova\u017esk\u00e9ho m\u00fazea v\u00a0\u017diline. Jej 13. ro\u010dn\u00edk v\u00a0mesiacoch m\u00e1j a\u017e j\u00fan absolvovalo 700 \u017eiakov.<\/p>\n<p><em>\u201e\u017diaci sa interakt\u00edvnou formou dozvedeli nielen o\u00a0hist\u00f3rii hradu Stre\u010dno, region\u00e1lnych dejin\u00e1ch, \u010di osobnostiach, ktor\u00e9 v\u00fdznamne ovplyvnili lok\u00e1lne dejiny, ale nau\u010dili sa aj o\u00a0remesl\u00e1ch ako hrn\u010diarstvo, \u010di drot\u00e1rstvo, ktor\u00e9 mali mo\u017enos\u0165 si sami vysk\u00fa\u0161a\u0165. Okrem toho mali mo\u017enos\u0165 spozna\u0165 odborn\u00fa pr\u00e1cu zamestnancov m\u00fazea, ktor\u00ed \u017eiakov priamo zapojili do tajov archeol\u00f3gie, zool\u00f3gie a\u00a0in\u00fdch pr\u00edbuzn\u00fdch odborov. Jednou z\u00a0prim\u00e1rnych funkci\u00ed podujat\u00ed ako Hradn\u00e1 \u0161kola je pril\u00e1ka\u0165 mlad\u00e9ho n\u00e1v\u0161tevn\u00edka do m\u00fazea a\u00a0my sme radi, \u017ee sa stret\u00e1vame s\u00a0pozit\u00edvnymi reakciami nielen u\u00a0\u017eiakov, ale aj u\u00a0pedag\u00f3gov,\u201c<\/em> povedala kult\u00farna mana\u017e\u00e9rka Pova\u017esk\u00e9ho m\u00fazea v\u00a0\u017diline Andrea Luk\u00e1csov\u00e1.<!--more--><\/p>\n<p>Po\u010das tohto ro\u010dn\u00edka Hradnej \u0161koly mohli \u017eiaci nav\u0161t\u00edvi\u0165 aj v\u00fdstavu kurioz\u00edt zo zbierok Pova\u017esk\u00e9ho m\u00fazea v\u00a0\u017diline <em>\u201eT\u00falame sa storo\u010diami veselo i\u00a0v\u00e1\u017ene\u201c<\/em><em>. <\/em>V\u00fdstava bola spr\u00edstupnen\u00e1 verejnosti od 1. apr\u00edla do 25. j\u00fana 2015. Hradn\u00e1 \u0161kola bola op\u00e4\u0165 obohaten\u00e1 o\u00a0n\u00e1v\u0161tevu Stredovekej dediny Paseka, kde \u017eiaci nav\u0161t\u00edvili dom ryb\u00e1ra, pek\u00e1ra, lie\u010dite\u013eky a\u00a0\u00fatul\u0148u pre p\u00fatnikov. Podujatie podobn\u00e9ho typu pripravuje Pova\u017esk\u00e9 m\u00fazeum aj v\u00a0mesiacoch september \u2013 okt\u00f3ber v\u00a0are\u00e1li Buadt\u00ednskeho hradu s\u00a0n\u00e1zvom Exped\u00edcia Budat\u00ednsky hrad.<\/p>\n<p>Pova\u017esk\u00e9 m\u00fazeum v\u00a0\u017diline je v\u00a0zria\u010fovate\u013eskej p\u00f4sobnosti \u017dilinsk\u00e9ho samospr\u00e1vneho kraja.<\/p>\n<p><a href=\"https:\/\/pmza.sk\/wp-content\/uploads\/2015\/06\/IMG_9884.jpg\"><img decoding=\"async\" class=\"alignleft  wp-image-12902\" src=\"https:\/\/pmza.sk\/wp-content\/uploads\/2015\/06\/IMG_9884.jpg\" alt=\"IMG_9884\" width=\"272\" height=\"181\" srcset=\"https:\/\/pmza.sk\/wp-content\/uploads\/2015\/06\/IMG_9884.jpg 1000w, https:\/\/pmza.sk\/wp-content\/uploads\/2015\/06\/IMG_9884-540x360.jpg 540w, https:\/\/pmza.sk\/wp-content\/uploads\/2015\/06\/IMG_9884-768x512.jpg 768w, https:\/\/pmza.sk\/wp-content\/uploads\/2015\/06\/IMG_9884-600x400.jpg 600w\" sizes=\"(max-width: 272px) 100vw, 272px\" \/><\/a> <a href=\"https:\/\/pmza.sk\/wp-content\/uploads\/2015\/06\/IMG_9867.jpg\"><img decoding=\"async\" class=\"alignleft  wp-image-12901\" src=\"https:\/\/pmza.sk\/wp-content\/uploads\/2015\/06\/IMG_9867.jpg\" alt=\"IMG_9867\" width=\"272\" height=\"181\" srcset=\"https:\/\/pmza.sk\/wp-content\/uploads\/2015\/06\/IMG_9867.jpg 1000w, https:\/\/pmza.sk\/wp-content\/uploads\/2015\/06\/IMG_9867-540x360.jpg 540w, https:\/\/pmza.sk\/wp-content\/uploads\/2015\/06\/IMG_9867-768x512.jpg 768w, https:\/\/pmza.sk\/wp-content\/uploads\/2015\/06\/IMG_9867-600x400.jpg 600w\" sizes=\"(max-width: 272px) 100vw, 272px\" \/><\/a> <a href=\"https:\/\/pmza.sk\/wp-content\/uploads\/2015\/06\/IMG_9983.jpg\"><img decoding=\"async\" class=\"alignleft  wp-image-12899\" src=\"https:\/\/pmza.sk\/wp-content\/uploads\/2015\/06\/IMG_9983.jpg\" alt=\"IMG_9983\" width=\"272\" height=\"181\" srcset=\"https:\/\/pmza.sk\/wp-content\/uploads\/2015\/06\/IMG_9983.jpg 1000w, https:\/\/pmza.sk\/wp-content\/uploads\/2015\/06\/IMG_9983-540x360.jpg 540w, https:\/\/pmza.sk\/wp-content\/uploads\/2015\/06\/IMG_9983-768x512.jpg 768w, https:\/\/pmza.sk\/wp-content\/uploads\/2015\/06\/IMG_9983-600x400.jpg 600w\" sizes=\"(max-width: 272px) 100vw, 272px\" \/><\/a> <a href=\"https:\/\/pmza.sk\/wp-content\/uploads\/2015\/06\/IMG_0005.jpg\"><img loading=\"lazy\" decoding=\"async\" class=\"alignleft  wp-image-12900\" src=\"https:\/\/pmza.sk\/wp-content\/uploads\/2015\/06\/IMG_0005.jpg\" alt=\"IMG_0005\" width=\"272\" height=\"181\" srcset=\"https:\/\/pmza.sk\/wp-content\/uploads\/2015\/06\/IMG_0005.jpg 900w, https:\/\/pmza.sk\/wp-content\/uploads\/2015\/06\/IMG_0005-540x360.jpg 540w, https:\/\/pmza.sk\/wp-content\/uploads\/2015\/06\/IMG_0005-768x512.jpg 768w, https:\/\/pmza.sk\/wp-content\/uploads\/2015\/06\/IMG_0005-600x400.jpg 600w\" sizes=\"(max-width: 272px) 100vw, 272px\" \/><\/a><\/p>\n<p>&nbsp;<\/p>\n<p>&nbsp;<\/p>\n<p>&nbsp;<\/p>\n<p>&nbsp;<\/p>\n<p>&nbsp;<\/p>\n<p>&nbsp;<\/p>\n<p>&nbsp;<\/p>\n<p>&nbsp;<\/p>\n<p>&nbsp;<\/p>\n<p>&nbsp;<\/p>\n<p>&nbsp;<\/p>\n<p>Cel\u00fa fotogal\u00e9riu n\u00e1jdete <a href=\"https:\/\/pmza.sk.sk\/foto-mdd\/?album=111\">TU<\/a><\/p>\n<p>&nbsp;<\/p>\n","protected":false},"excerpt":{"rendered":"<p>Hradn\u00e1 \u0161kola patr\u00ed medzi jedno z\u00a0najatrakt\u00edvnej\u0161\u00edch podujat\u00ed organizovan\u00fdch na hrade Stre\u010dno v\u00a0r\u00e1mci muze\u00e1lnej pedagogiky Pova\u017esk\u00e9ho m\u00fazea v\u00a0\u017diline. Jej 13. ro\u010dn\u00edk v\u00a0mesiacoch m\u00e1j a\u017e j\u00fan absolvovalo 700 \u017eiakov. \u201e\u017diaci sa interakt\u00edvnou formou dozvedeli nielen o\u00a0hist\u00f3rii hradu Stre\u010dno, region\u00e1lnych dejin\u00e1ch, \u010di osobnostiach, ktor\u00e9 v\u00fdznamne ovplyvnili lok\u00e1lne dejiny, ale nau\u010dili sa aj o\u00a0remesl\u00e1ch ako hrn\u010diarstvo, \u010di drot\u00e1rstvo, ktor\u00e9 [&hellip;]<\/p>\n","protected":false},"author":2,"featured_media":12898,"comment_status":"closed","ping_status":"closed","sticky":false,"template":"","format":"standard","meta":{"site-sidebar-layout":"default","site-content-layout":"","ast-site-content-layout":"","site-content-style":"default","site-sidebar-style":"default","ast-global-header-display":"","ast-banner-title-visibility":"","ast-main-header-display":"","ast-hfb-above-header-display":"","ast-hfb-below-header-display":"","ast-hfb-mobile-header-display":"","site-post-title":"","ast-breadcrumbs-content":"","ast-featured-img":"","footer-sml-layout":"","theme-transparent-header-meta":"","adv-header-id-meta":"","stick-header-meta":"","header-above-stick-meta":"","header-main-stick-meta":"","header-below-stick-meta":"","astra-migrate-meta-layouts":"default","ast-page-background-enabled":"default","ast-page-background-meta":{"desktop":{"background-color":"var(--ast-global-color-4)","background-image":"","background-repeat":"repeat","background-position":"center center","background-size":"auto","background-attachment":"scroll","background-type":"","background-media":"","overlay-type":"","overlay-color":"","overlay-opacity":"","overlay-gradient":""},"tablet":{"background-color":"","background-image":"","background-repeat":"repeat","background-position":"center center","background-size":"auto","background-attachment":"scroll","background-type":"","background-media":"","overlay-type":"","overlay-color":"","overlay-opacity":"","overlay-gradient":""},"mobile":{"background-color":"","background-image":"","background-repeat":"repeat","background-position":"center center","background-size":"auto","background-attachment":"scroll","background-type":"","background-media":"","overlay-type":"","overlay-color":"","overlay-opacity":"","overlay-gradient":""}},"ast-content-background-meta":{"desktop":{"background-color":"var(--ast-global-color-5)","background-image":"","background-repeat":"repeat","background-position":"center center","background-size":"auto","background-attachment":"scroll","background-type":"","background-media":"","overlay-type":"","overlay-color":"","overlay-opacity":"","overlay-gradient":""},"tablet":{"background-color":"var(--ast-global-color-5)","background-image":"","background-repeat":"repeat","background-position":"center center","background-size":"auto","background-attachment":"scroll","background-type":"","background-media":"","overlay-type":"","overlay-color":"","overlay-opacity":"","overlay-gradient":""},"mobile":{"background-color":"var(--ast-global-color-5)","background-image":"","background-repeat":"repeat","background-position":"center center","background-size":"auto","background-attachment":"scroll","background-type":"","background-media":"","overlay-type":"","overlay-color":"","overlay-opacity":"","overlay-gradient":""}},"footnotes":""},"categories":[38],"tags":[],"class_list":["post-12903","post","type-post","status-publish","format-standard","has-post-thumbnail","hentry","category-archiv-2015"],"yoast_head":"<!-- This site is optimized with the Yoast SEO plugin v27.4 - https:\/\/yoast.com\/product\/yoast-seo-wordpress\/ -->\n<title>Hradn\u00fa \u0161kolu tento rok absolvovalo 700 \u017eiakov - Pova\u017esk\u00e9 m\u00fazeum<\/title>\n<meta name=\"robots\" content=\"index, follow, max-snippet:-1, max-image-preview:large, max-video-preview:-1\" \/>\n<link rel=\"canonical\" href=\"https:\/\/pmza.sk\/?p=12903\" \/>\n<meta property=\"og:locale\" content=\"sk_SK\" \/>\n<meta property=\"og:type\" content=\"article\" \/>\n<meta property=\"og:title\" content=\"Hradn\u00fa \u0161kolu tento rok absolvovalo 700 \u017eiakov - Pova\u017esk\u00e9 m\u00fazeum\" \/>\n<meta property=\"og:description\" content=\"Hradn\u00e1 \u0161kola patr\u00ed medzi jedno z\u00a0najatrakt\u00edvnej\u0161\u00edch podujat\u00ed organizovan\u00fdch na hrade Stre\u010dno v\u00a0r\u00e1mci muze\u00e1lnej pedagogiky Pova\u017esk\u00e9ho m\u00fazea v\u00a0\u017diline. Jej 13. ro\u010dn\u00edk v\u00a0mesiacoch m\u00e1j a\u017e j\u00fan absolvovalo 700 \u017eiakov. \u201e\u017diaci sa interakt\u00edvnou formou dozvedeli nielen o\u00a0hist\u00f3rii hradu Stre\u010dno, region\u00e1lnych dejin\u00e1ch, \u010di osobnostiach, ktor\u00e9 v\u00fdznamne ovplyvnili lok\u00e1lne dejiny, ale nau\u010dili sa aj o\u00a0remesl\u00e1ch ako hrn\u010diarstvo, \u010di drot\u00e1rstvo, ktor\u00e9 [&hellip;]\" \/>\n<meta property=\"og:url\" content=\"https:\/\/pmza.sk\/?p=12903\" \/>\n<meta property=\"og:site_name\" content=\"Pova\u017esk\u00e9 m\u00fazeum\" \/>\n<meta property=\"article:publisher\" content=\"https:\/\/www.facebook.com\/povazskemuzeum\" \/>\n<meta property=\"article:published_time\" content=\"2015-06-26T09:48:34+00:00\" \/>\n<meta property=\"og:image\" content=\"https:\/\/pmza.sk\/wp-content\/uploads\/2015\/06\/IMG_9892.jpg\" \/>\n\t<meta property=\"og:image:width\" content=\"1000\" \/>\n\t<meta property=\"og:image:height\" content=\"667\" \/>\n\t<meta property=\"og:image:type\" content=\"image\/jpeg\" \/>\n<meta name=\"author\" content=\"Pova\u017esk\u00e9 m\u00fazeum\" \/>\n<meta name=\"twitter:card\" content=\"summary_large_image\" \/>\n<meta name=\"twitter:label1\" content=\"Autor\" \/>\n\t<meta name=\"twitter:data1\" content=\"Pova\u017esk\u00e9 m\u00fazeum\" \/>\n\t<meta name=\"twitter:label2\" content=\"Predpokladan\u00fd \u010das \u010d\u00edtania\" \/>\n\t<meta name=\"twitter:data2\" content=\"2 min\u00faty\" \/>\n<script type=\"application\/ld+json\" class=\"yoast-schema-graph\">{\"@context\":\"https:\\\/\\\/schema.org\",\"@graph\":[{\"@type\":\"Article\",\"@id\":\"https:\\\/\\\/pmza.sk\\\/?p=12903#article\",\"isPartOf\":{\"@id\":\"https:\\\/\\\/pmza.sk\\\/?p=12903\"},\"author\":{\"name\":\"Pova\u017esk\u00e9 m\u00fazeum\",\"@id\":\"https:\\\/\\\/pmza.sk\\\/#\\\/schema\\\/person\\\/595e6a2ce731ea94dcd5d7f50a41ae33\"},\"headline\":\"Hradn\u00fa \u0161kolu tento rok absolvovalo 700 \u017eiakov\",\"datePublished\":\"2015-06-26T09:48:34+00:00\",\"mainEntityOfPage\":{\"@id\":\"https:\\\/\\\/pmza.sk\\\/?p=12903\"},\"wordCount\":325,\"publisher\":{\"@id\":\"https:\\\/\\\/pmza.sk\\\/#organization\"},\"image\":{\"@id\":\"https:\\\/\\\/pmza.sk\\\/?p=12903#primaryimage\"},\"thumbnailUrl\":\"https:\\\/\\\/pmza.sk\\\/wp-content\\\/uploads\\\/2015\\\/06\\\/IMG_9892.jpg\",\"articleSection\":[\"Arch\u00edv 2015\"],\"inLanguage\":\"sk-SK\"},{\"@type\":\"WebPage\",\"@id\":\"https:\\\/\\\/pmza.sk\\\/?p=12903\",\"url\":\"https:\\\/\\\/pmza.sk\\\/?p=12903\",\"name\":\"Hradn\u00fa \u0161kolu tento rok absolvovalo 700 \u017eiakov - Pova\u017esk\u00e9 m\u00fazeum\",\"isPartOf\":{\"@id\":\"https:\\\/\\\/pmza.sk\\\/#website\"},\"primaryImageOfPage\":{\"@id\":\"https:\\\/\\\/pmza.sk\\\/?p=12903#primaryimage\"},\"image\":{\"@id\":\"https:\\\/\\\/pmza.sk\\\/?p=12903#primaryimage\"},\"thumbnailUrl\":\"https:\\\/\\\/pmza.sk\\\/wp-content\\\/uploads\\\/2015\\\/06\\\/IMG_9892.jpg\",\"datePublished\":\"2015-06-26T09:48:34+00:00\",\"breadcrumb\":{\"@id\":\"https:\\\/\\\/pmza.sk\\\/?p=12903#breadcrumb\"},\"inLanguage\":\"sk-SK\",\"potentialAction\":[{\"@type\":\"ReadAction\",\"target\":[\"https:\\\/\\\/pmza.sk\\\/?p=12903\"]}]},{\"@type\":\"ImageObject\",\"inLanguage\":\"sk-SK\",\"@id\":\"https:\\\/\\\/pmza.sk\\\/?p=12903#primaryimage\",\"url\":\"https:\\\/\\\/pmza.sk\\\/wp-content\\\/uploads\\\/2015\\\/06\\\/IMG_9892.jpg\",\"contentUrl\":\"https:\\\/\\\/pmza.sk\\\/wp-content\\\/uploads\\\/2015\\\/06\\\/IMG_9892.jpg\",\"width\":1000,\"height\":667},{\"@type\":\"BreadcrumbList\",\"@id\":\"https:\\\/\\\/pmza.sk\\\/?p=12903#breadcrumb\",\"itemListElement\":[{\"@type\":\"ListItem\",\"position\":1,\"name\":\"Domovsk\u00e1 str\u00e1nka\",\"item\":\"https:\\\/\\\/pmza.sk\\\/\"},{\"@type\":\"ListItem\",\"position\":2,\"name\":\"Hradn\u00fa \u0161kolu tento rok absolvovalo 700 \u017eiakov\"}]},{\"@type\":\"WebSite\",\"@id\":\"https:\\\/\\\/pmza.sk\\\/#website\",\"url\":\"https:\\\/\\\/pmza.sk\\\/\",\"name\":\"Pova\u017esk\u00e9 m\u00fazeum\",\"description\":\"Pova\u017esk\u00e9 m\u00fazeum v \u017diline je region\u00e1lne m\u00fazeum so s\u00eddlom v Budat\u00edne. Jeho expoz\u00edcie s\u00fa zameran\u00e9 na dejiny slovensk\u00e9ho umenia, kult\u00fary a dopravy.\",\"publisher\":{\"@id\":\"https:\\\/\\\/pmza.sk\\\/#organization\"},\"potentialAction\":[{\"@type\":\"SearchAction\",\"target\":{\"@type\":\"EntryPoint\",\"urlTemplate\":\"https:\\\/\\\/pmza.sk\\\/?s={search_term_string}\"},\"query-input\":{\"@type\":\"PropertyValueSpecification\",\"valueRequired\":true,\"valueName\":\"search_term_string\"}}],\"inLanguage\":\"sk-SK\"},{\"@type\":\"Organization\",\"@id\":\"https:\\\/\\\/pmza.sk\\\/#organization\",\"name\":\"Pova\u017esk\u00e9 m\u00fazeum\",\"url\":\"https:\\\/\\\/pmza.sk\\\/\",\"logo\":{\"@type\":\"ImageObject\",\"inLanguage\":\"sk-SK\",\"@id\":\"https:\\\/\\\/pmza.sk\\\/#\\\/schema\\\/logo\\\/image\\\/\",\"url\":\"https:\\\/\\\/pmza.sk\\\/wp-content\\\/uploads\\\/2022\\\/01\\\/logo_PM_horizontal.jpg\",\"contentUrl\":\"https:\\\/\\\/pmza.sk\\\/wp-content\\\/uploads\\\/2022\\\/01\\\/logo_PM_horizontal.jpg\",\"width\":231,\"height\":142,\"caption\":\"Pova\u017esk\u00e9 m\u00fazeum\"},\"image\":{\"@id\":\"https:\\\/\\\/pmza.sk\\\/#\\\/schema\\\/logo\\\/image\\\/\"},\"sameAs\":[\"https:\\\/\\\/www.facebook.com\\\/povazskemuzeum\",\"https:\\\/\\\/www.instagram.com\\\/povazskemuzeum\\\/\"]},{\"@type\":\"Person\",\"@id\":\"https:\\\/\\\/pmza.sk\\\/#\\\/schema\\\/person\\\/595e6a2ce731ea94dcd5d7f50a41ae33\",\"name\":\"Pova\u017esk\u00e9 m\u00fazeum\",\"image\":{\"@type\":\"ImageObject\",\"inLanguage\":\"sk-SK\",\"@id\":\"https:\\\/\\\/secure.gravatar.com\\\/avatar\\\/2bb7f1561282132fb5826dfeccc66c7996d11ee392ac6aaf7ced8a1c2027fbb2?s=96&d=mm&r=g\",\"url\":\"https:\\\/\\\/secure.gravatar.com\\\/avatar\\\/2bb7f1561282132fb5826dfeccc66c7996d11ee392ac6aaf7ced8a1c2027fbb2?s=96&d=mm&r=g\",\"contentUrl\":\"https:\\\/\\\/secure.gravatar.com\\\/avatar\\\/2bb7f1561282132fb5826dfeccc66c7996d11ee392ac6aaf7ced8a1c2027fbb2?s=96&d=mm&r=g\",\"caption\":\"Pova\u017esk\u00e9 m\u00fazeum\"}}]}<\/script>\n<!-- \/ Yoast SEO plugin. -->","yoast_head_json":{"title":"Hradn\u00fa \u0161kolu tento rok absolvovalo 700 \u017eiakov - Pova\u017esk\u00e9 m\u00fazeum","robots":{"index":"index","follow":"follow","max-snippet":"max-snippet:-1","max-image-preview":"max-image-preview:large","max-video-preview":"max-video-preview:-1"},"canonical":"https:\/\/pmza.sk\/?p=12903","og_locale":"sk_SK","og_type":"article","og_title":"Hradn\u00fa \u0161kolu tento rok absolvovalo 700 \u017eiakov - Pova\u017esk\u00e9 m\u00fazeum","og_description":"Hradn\u00e1 \u0161kola patr\u00ed medzi jedno z\u00a0najatrakt\u00edvnej\u0161\u00edch podujat\u00ed organizovan\u00fdch na hrade Stre\u010dno v\u00a0r\u00e1mci muze\u00e1lnej pedagogiky Pova\u017esk\u00e9ho m\u00fazea v\u00a0\u017diline. Jej 13. ro\u010dn\u00edk v\u00a0mesiacoch m\u00e1j a\u017e j\u00fan absolvovalo 700 \u017eiakov. \u201e\u017diaci sa interakt\u00edvnou formou dozvedeli nielen o\u00a0hist\u00f3rii hradu Stre\u010dno, region\u00e1lnych dejin\u00e1ch, \u010di osobnostiach, ktor\u00e9 v\u00fdznamne ovplyvnili lok\u00e1lne dejiny, ale nau\u010dili sa aj o\u00a0remesl\u00e1ch ako hrn\u010diarstvo, \u010di drot\u00e1rstvo, ktor\u00e9 [&hellip;]","og_url":"https:\/\/pmza.sk\/?p=12903","og_site_name":"Pova\u017esk\u00e9 m\u00fazeum","article_publisher":"https:\/\/www.facebook.com\/povazskemuzeum","article_published_time":"2015-06-26T09:48:34+00:00","og_image":[{"width":1000,"height":667,"url":"https:\/\/pmza.sk\/wp-content\/uploads\/2015\/06\/IMG_9892.jpg","type":"image\/jpeg"}],"author":"Pova\u017esk\u00e9 m\u00fazeum","twitter_card":"summary_large_image","twitter_misc":{"Autor":"Pova\u017esk\u00e9 m\u00fazeum","Predpokladan\u00fd \u010das \u010d\u00edtania":"2 min\u00faty"},"schema":{"@context":"https:\/\/schema.org","@graph":[{"@type":"Article","@id":"https:\/\/pmza.sk\/?p=12903#article","isPartOf":{"@id":"https:\/\/pmza.sk\/?p=12903"},"author":{"name":"Pova\u017esk\u00e9 m\u00fazeum","@id":"https:\/\/pmza.sk\/#\/schema\/person\/595e6a2ce731ea94dcd5d7f50a41ae33"},"headline":"Hradn\u00fa \u0161kolu tento rok absolvovalo 700 \u017eiakov","datePublished":"2015-06-26T09:48:34+00:00","mainEntityOfPage":{"@id":"https:\/\/pmza.sk\/?p=12903"},"wordCount":325,"publisher":{"@id":"https:\/\/pmza.sk\/#organization"},"image":{"@id":"https:\/\/pmza.sk\/?p=12903#primaryimage"},"thumbnailUrl":"https:\/\/pmza.sk\/wp-content\/uploads\/2015\/06\/IMG_9892.jpg","articleSection":["Arch\u00edv 2015"],"inLanguage":"sk-SK"},{"@type":"WebPage","@id":"https:\/\/pmza.sk\/?p=12903","url":"https:\/\/pmza.sk\/?p=12903","name":"Hradn\u00fa \u0161kolu tento rok absolvovalo 700 \u017eiakov - Pova\u017esk\u00e9 m\u00fazeum","isPartOf":{"@id":"https:\/\/pmza.sk\/#website"},"primaryImageOfPage":{"@id":"https:\/\/pmza.sk\/?p=12903#primaryimage"},"image":{"@id":"https:\/\/pmza.sk\/?p=12903#primaryimage"},"thumbnailUrl":"https:\/\/pmza.sk\/wp-content\/uploads\/2015\/06\/IMG_9892.jpg","datePublished":"2015-06-26T09:48:34+00:00","breadcrumb":{"@id":"https:\/\/pmza.sk\/?p=12903#breadcrumb"},"inLanguage":"sk-SK","potentialAction":[{"@type":"ReadAction","target":["https:\/\/pmza.sk\/?p=12903"]}]},{"@type":"ImageObject","inLanguage":"sk-SK","@id":"https:\/\/pmza.sk\/?p=12903#primaryimage","url":"https:\/\/pmza.sk\/wp-content\/uploads\/2015\/06\/IMG_9892.jpg","contentUrl":"https:\/\/pmza.sk\/wp-content\/uploads\/2015\/06\/IMG_9892.jpg","width":1000,"height":667},{"@type":"BreadcrumbList","@id":"https:\/\/pmza.sk\/?p=12903#breadcrumb","itemListElement":[{"@type":"ListItem","position":1,"name":"Domovsk\u00e1 str\u00e1nka","item":"https:\/\/pmza.sk\/"},{"@type":"ListItem","position":2,"name":"Hradn\u00fa \u0161kolu tento rok absolvovalo 700 \u017eiakov"}]},{"@type":"WebSite","@id":"https:\/\/pmza.sk\/#website","url":"https:\/\/pmza.sk\/","name":"Pova\u017esk\u00e9 m\u00fazeum","description":"Pova\u017esk\u00e9 m\u00fazeum v \u017diline je region\u00e1lne m\u00fazeum so s\u00eddlom v Budat\u00edne. Jeho expoz\u00edcie s\u00fa zameran\u00e9 na dejiny slovensk\u00e9ho umenia, kult\u00fary a dopravy.","publisher":{"@id":"https:\/\/pmza.sk\/#organization"},"potentialAction":[{"@type":"SearchAction","target":{"@type":"EntryPoint","urlTemplate":"https:\/\/pmza.sk\/?s={search_term_string}"},"query-input":{"@type":"PropertyValueSpecification","valueRequired":true,"valueName":"search_term_string"}}],"inLanguage":"sk-SK"},{"@type":"Organization","@id":"https:\/\/pmza.sk\/#organization","name":"Pova\u017esk\u00e9 m\u00fazeum","url":"https:\/\/pmza.sk\/","logo":{"@type":"ImageObject","inLanguage":"sk-SK","@id":"https:\/\/pmza.sk\/#\/schema\/logo\/image\/","url":"https:\/\/pmza.sk\/wp-content\/uploads\/2022\/01\/logo_PM_horizontal.jpg","contentUrl":"https:\/\/pmza.sk\/wp-content\/uploads\/2022\/01\/logo_PM_horizontal.jpg","width":231,"height":142,"caption":"Pova\u017esk\u00e9 m\u00fazeum"},"image":{"@id":"https:\/\/pmza.sk\/#\/schema\/logo\/image\/"},"sameAs":["https:\/\/www.facebook.com\/povazskemuzeum","https:\/\/www.instagram.com\/povazskemuzeum\/"]},{"@type":"Person","@id":"https:\/\/pmza.sk\/#\/schema\/person\/595e6a2ce731ea94dcd5d7f50a41ae33","name":"Pova\u017esk\u00e9 m\u00fazeum","image":{"@type":"ImageObject","inLanguage":"sk-SK","@id":"https:\/\/secure.gravatar.com\/avatar\/2bb7f1561282132fb5826dfeccc66c7996d11ee392ac6aaf7ced8a1c2027fbb2?s=96&d=mm&r=g","url":"https:\/\/secure.gravatar.com\/avatar\/2bb7f1561282132fb5826dfeccc66c7996d11ee392ac6aaf7ced8a1c2027fbb2?s=96&d=mm&r=g","contentUrl":"https:\/\/secure.gravatar.com\/avatar\/2bb7f1561282132fb5826dfeccc66c7996d11ee392ac6aaf7ced8a1c2027fbb2?s=96&d=mm&r=g","caption":"Pova\u017esk\u00e9 m\u00fazeum"}}]}},"_links":{"self":[{"href":"https:\/\/pmza.sk\/index.php?rest_route=\/wp\/v2\/posts\/12903","targetHints":{"allow":["GET"]}}],"collection":[{"href":"https:\/\/pmza.sk\/index.php?rest_route=\/wp\/v2\/posts"}],"about":[{"href":"https:\/\/pmza.sk\/index.php?rest_route=\/wp\/v2\/types\/post"}],"author":[{"embeddable":true,"href":"https:\/\/pmza.sk\/index.php?rest_route=\/wp\/v2\/users\/2"}],"replies":[{"embeddable":true,"href":"https:\/\/pmza.sk\/index.php?rest_route=%2Fwp%2Fv2%2Fcomments&post=12903"}],"version-history":[{"count":0,"href":"https:\/\/pmza.sk\/index.php?rest_route=\/wp\/v2\/posts\/12903\/revisions"}],"wp:featuredmedia":[{"embeddable":true,"href":"https:\/\/pmza.sk\/index.php?rest_route=\/wp\/v2\/media\/12898"}],"wp:attachment":[{"href":"https:\/\/pmza.sk\/index.php?rest_route=%2Fwp%2Fv2%2Fmedia&parent=12903"}],"wp:term":[{"taxonomy":"category","embeddable":true,"href":"https:\/\/pmza.sk\/index.php?rest_route=%2Fwp%2Fv2%2Fcategories&post=12903"},{"taxonomy":"post_tag","embeddable":true,"href":"https:\/\/pmza.sk\/index.php?rest_route=%2Fwp%2Fv2%2Ftags&post=12903"}],"curies":[{"name":"wp","href":"https:\/\/api.w.org\/{rel}","templated":true}]}}