{"id":12950,"date":"2015-06-29T13:46:31","date_gmt":"2015-06-29T11:46:31","guid":{"rendered":"https:\/\/pmza.sk.sk\/?p=12950"},"modified":"2015-06-29T13:46:31","modified_gmt":"2015-06-29T11:46:31","slug":"viac-ako-2-300-kilometrov-cykloturistickych-tras-najdete-v-zilinskej-zupe","status":"publish","type":"post","link":"https:\/\/pmza.sk\/?p=12950","title":{"rendered":"Viac ako 2 300 kilometrov cykloturistick\u00fdch tr\u00e1s n\u00e1jdete v \u017dilinskej \u017eupe"},"content":{"rendered":"<p>Cyklosez\u00f3na je ka\u017edoro\u010dne spojen\u00e1 s\u00a0objavovan\u00edm a\u00a0pozn\u00e1van\u00edm pr\u00edrodn\u00fdch kr\u00e1s, scen\u00e9ri\u00ed a\u00a0zauj\u00edmav\u00fdch miest, ktor\u00e9 m\u00f4\u017eu milovn\u00edci bicyklov objavi\u0165 na viac ako 2\u00a0300 kilometroch cykloturistick\u00fdch tr\u00e1s v\u00a0\u017dilinskom kraji. Svoj cyklochodn\u00edk BikeKIA spravuje aj \u017dilinsk\u00e1 \u017eupa, ktorej sa v\u010faka spolupr\u00e1ci so spolo\u010dnos\u0165ou KIA Motors Slovakia podarilo vytvori\u0165 unik\u00e1tne spojenie dvoch historick\u00fdch domin\u00e1nt Horn\u00e9ho Pova\u017eia, hradov Stre\u010dno a Budat\u00edn. Od minul\u00e9ho roka je vyasfaltovan\u00fd prv\u00fd \u00fasek tejto trasy a\u00a0u\u017e v\u00a0t\u00fdchto d\u0148och pokra\u010duje asfaltiz\u00e1cia \u010fal\u0161ieho 1,1 kilometrov dlh\u00e9ho \u00faseku od L\u00e1vky cez biokoridor a\u017e po kri\u017eovatku pod mostami v\u00a0Tepli\u010dke nad V\u00e1hom.<!--more--><\/p>\n<p>\u201eBikeKIA je ve\u013emi ob\u013e\u00faben\u00e1 cyklotrasa, ktor\u00e1 lemuje kr\u00e1snu pr\u00edrodu a\u00a0okolie Horn\u00e9ho Pova\u017eia od Hradu Budat\u00edn a\u017e po Hrad Stre\u010dno a som r\u00e1d, \u017ee sa n\u00e1m dar\u00ed pokra\u010dova\u0165 v\u00a0jej budovan\u00ed aj v\u010faka spolupr\u00e1ci s\u00a0tak v\u00fdznamnou spolo\u010dnos\u0165ou v\u00a0na\u0161om kraji. Na\u0161\u00edm cie\u013eom je vytvori\u0165 bezpe\u010dn\u00fd cyklochodn\u00edk, ktor\u00fd je u\u017e dnes svojou \u00farov\u0148ou n\u00e1ro\u010dnosti vhodn\u00fd pre v\u0161etky vekov\u00e9 kateg\u00f3rie,\u201c pribl\u00ed\u017eil \u017eilinsk\u00fd \u017eupan Juraj Blan\u00e1r. N\u00e1klady na \u00fapravu nov\u00e9ho \u00faseku predstavuj\u00fa 81-tis\u00edc eur, v\u010faka ktor\u00fdm bude cyklistick\u00e1 trasa bohat\u0161ia o\u00a0\u010fal\u0161iu vyasfaltovan\u00fa \u010das\u0165. Otvorenie tohtoro\u010dnej cyklosez\u00f3ny prebehlo symbolicky s\u00a0prv\u00fdmi letn\u00fdmi l\u00fa\u010dmi a\u00a0po\u010das j\u00fana pokra\u010duje v\u00a0plnom nasaden\u00ed. Pri L\u00e1vke cez biokoridor osadila \u017eupa cyklos\u010d\u00edta\u010d, ktor\u00fd s\u010d\u00edtava cyklistov v\u00a0oboch smeroch ako do Budat\u00edna, tak k\u00a0Hydrouzlu a od marca 2015 po BikeKII pre\u0161lo v\u00a0jednom smere viac ako 7\u00a0000 cyklistov. \u201eV letnom obdob\u00ed po\u010d\u00edtame s\u00a0vy\u0161\u0161\u00edm po\u010dtom cykloturistov, ktor\u00ed si na\u0161u trasu ob\u013e\u00fabili a\u00a0vyu\u017e\u00edvaj\u00fa ju ka\u017edodenne, \u010dasto aj napr\u00edklad ako cestu do pr\u00e1ce alebo na v\u00fdlet s de\u0165mi. Ver\u00edm, \u017ee s\u00a0prib\u00fadaj\u00facimi slne\u010dn\u00fdmi d\u0148ami bude st\u00fapa\u0165 aj po\u010det n\u00e1v\u0161tevn\u00edkov, ktor\u00ed sa rozhodn\u00fa vychutna\u0165 si nev\u0161edn\u00fa pr\u00edrodn\u00fa scen\u00e9riu v\u00a0tejto oblasti,\u201c dodala riadite\u013eka odboru kult\u00fary a\u00a0cestovn\u00e9ho ruchu \u017dSK Zuzana Kme\u0165ov\u00e1.<\/p>\n<p>\u010eal\u0161ou dobrou spr\u00e1vou pre cyklistov je tie\u017e v\u00fdzva Ministerstva dopravy, v\u00fdstavby a\u00a0region\u00e1lneho rozvoja SR na podporu obnovy cykloturistick\u00fdch tr\u00e1s na \u00fazem\u00ed samospr\u00e1vnych krajov, v\u00a0r\u00e1mci ktorej predlo\u017e\u00ed \u017dilinsk\u00e1 \u017eupa projekt na celkov\u00fa obnovu viac ako 200 kilometrov cyklotr\u00e1s. V\u00a0\u017dilinskom kraji sa bud\u00fa m\u00f4c\u0165 cykloturisti te\u0161i\u0165 aj na nov\u00e9 cyklochodn\u00edky, ktor\u00e9 by v\u010faka finan\u010dn\u00fdm prostriedkom z Eur\u00f3pskej \u00fanie mohli vznikn\u00fa\u0165 v\u00a0novom programovacom obdob\u00ed 2014 \u2013 2020 v\u00a0Rajci,\u00a0Terchovej a Turci. Projekty Rajeckej a\u00a0Terchovskej cyklomagistr\u00e1ly bud\u00fa spolu s\u00a0projektom cyklodopravnej trasy Stre\u010dno \u2013 Lipovec \u2013 Vr\u00fatky &#8211; Martin patri\u0165 medzi k\u013e\u00fa\u010dov\u00e9 cyklopriority kraja v\u00a0r\u00e1mci Region\u00e1lnej integrovanej \u00fazemnej strat\u00e9gie a\u00a0 Integrovan\u00e9ho region\u00e1lneho opera\u010dn\u00e9ho programu. Cie\u013eom \u017eupy je prepoji\u0165 existuj\u00face cyklochodn\u00edky v\u00a0koridore rieky V\u00e1h s\u00a0cyklotrasami v\u00a0mest\u00e1ch Vr\u00fatky a\u00a0Martin a\u00a0s Tur\u010dianskou cyklomagistr\u00e1lou v\u00a0obci Lipovec. N\u00e1dhern\u00e9 pr\u00edrodn\u00e9 panor\u00e1my a jedine\u010dn\u00e9 cyklol\u00e1vky ponad rieku V\u00e1h prines\u00fa turistom mimoriadne cyklistick\u00e9 z\u00e1\u017eitky. \u201eKa\u017ed\u00fd \u010fal\u0161\u00ed kilometer, ktor\u00fd sa n\u00e1m podar\u00ed vybudova\u0165 \u010di u\u017e s\u00a0podporou Eur\u00f3pskej \u00fanie, alebo in\u00e9ho partnera, je krokom k\u00a0vytvoreniu siete efekt\u00edvnych a pre cyklistov pr\u00ed\u0165a\u017eliv\u00fdch a\u00a0bezpe\u010dn\u00fdch cyklotr\u00e1s. \u017dilinsk\u00e1 \u017eupa bude pokra\u010dova\u0165 vo v\u00fdstavbe cykloturistick\u00fdch chodn\u00edkov a\u00a0ver\u00edm, \u017ee n\u00e1\u0161 kraj ostane aj na\u010falej vyh\u013ead\u00e1van\u00fdm rajom cyklistov,\u201c uzavrel J. Blan\u00e1r.<\/p>\n<p>&nbsp;<\/p>\n<p style=\"text-align: right;\"><strong>Lenka Z\u00e1tekov\u00e1, hovorky\u0148a \u017dSK<\/strong><\/p>\n","protected":false},"excerpt":{"rendered":"<p>Cyklosez\u00f3na je ka\u017edoro\u010dne spojen\u00e1 s\u00a0objavovan\u00edm a\u00a0pozn\u00e1van\u00edm pr\u00edrodn\u00fdch kr\u00e1s, scen\u00e9ri\u00ed a\u00a0zauj\u00edmav\u00fdch miest, ktor\u00e9 m\u00f4\u017eu milovn\u00edci bicyklov objavi\u0165 na viac ako 2\u00a0300 kilometroch cykloturistick\u00fdch tr\u00e1s v\u00a0\u017dilinskom kraji. Svoj cyklochodn\u00edk BikeKIA spravuje aj \u017dilinsk\u00e1 \u017eupa, ktorej sa v\u010faka spolupr\u00e1ci so spolo\u010dnos\u0165ou KIA Motors Slovakia podarilo vytvori\u0165 unik\u00e1tne spojenie dvoch historick\u00fdch domin\u00e1nt Horn\u00e9ho Pova\u017eia, hradov Stre\u010dno a Budat\u00edn. Od [&hellip;]<\/p>\n","protected":false},"author":2,"featured_media":12949,"comment_status":"closed","ping_status":"closed","sticky":false,"template":"","format":"standard","meta":{"site-sidebar-layout":"default","site-content-layout":"","ast-site-content-layout":"","site-content-style":"default","site-sidebar-style":"default","ast-global-header-display":"","ast-banner-title-visibility":"","ast-main-header-display":"","ast-hfb-above-header-display":"","ast-hfb-below-header-display":"","ast-hfb-mobile-header-display":"","site-post-title":"","ast-breadcrumbs-content":"","ast-featured-img":"","footer-sml-layout":"","theme-transparent-header-meta":"","adv-header-id-meta":"","stick-header-meta":"","header-above-stick-meta":"","header-main-stick-meta":"","header-below-stick-meta":"","astra-migrate-meta-layouts":"default","ast-page-background-enabled":"default","ast-page-background-meta":{"desktop":{"background-color":"var(--ast-global-color-4)","background-image":"","background-repeat":"repeat","background-position":"center center","background-size":"auto","background-attachment":"scroll","background-type":"","background-media":"","overlay-type":"","overlay-color":"","overlay-opacity":"","overlay-gradient":""},"tablet":{"background-color":"","background-image":"","background-repeat":"repeat","background-position":"center center","background-size":"auto","background-attachment":"scroll","background-type":"","background-media":"","overlay-type":"","overlay-color":"","overlay-opacity":"","overlay-gradient":""},"mobile":{"background-color":"","background-image":"","background-repeat":"repeat","background-position":"center center","background-size":"auto","background-attachment":"scroll","background-type":"","background-media":"","overlay-type":"","overlay-color":"","overlay-opacity":"","overlay-gradient":""}},"ast-content-background-meta":{"desktop":{"background-color":"var(--ast-global-color-5)","background-image":"","background-repeat":"repeat","background-position":"center center","background-size":"auto","background-attachment":"scroll","background-type":"","background-media":"","overlay-type":"","overlay-color":"","overlay-opacity":"","overlay-gradient":""},"tablet":{"background-color":"var(--ast-global-color-5)","background-image":"","background-repeat":"repeat","background-position":"center center","background-size":"auto","background-attachment":"scroll","background-type":"","background-media":"","overlay-type":"","overlay-color":"","overlay-opacity":"","overlay-gradient":""},"mobile":{"background-color":"var(--ast-global-color-5)","background-image":"","background-repeat":"repeat","background-position":"center center","background-size":"auto","background-attachment":"scroll","background-type":"","background-media":"","overlay-type":"","overlay-color":"","overlay-opacity":"","overlay-gradient":""}},"footnotes":""},"categories":[38],"tags":[],"class_list":["post-12950","post","type-post","status-publish","format-standard","has-post-thumbnail","hentry","category-archiv-2015"],"yoast_head":"<!-- This site is optimized with the Yoast SEO plugin v27.4 - https:\/\/yoast.com\/product\/yoast-seo-wordpress\/ -->\n<title>Viac ako 2 300 kilometrov cykloturistick\u00fdch tr\u00e1s n\u00e1jdete v \u017dilinskej \u017eupe - Pova\u017esk\u00e9 m\u00fazeum<\/title>\n<meta name=\"robots\" content=\"index, follow, max-snippet:-1, max-image-preview:large, max-video-preview:-1\" \/>\n<link rel=\"canonical\" href=\"https:\/\/pmza.sk\/?p=12950\" \/>\n<meta property=\"og:locale\" content=\"sk_SK\" \/>\n<meta property=\"og:type\" content=\"article\" \/>\n<meta property=\"og:title\" content=\"Viac ako 2 300 kilometrov cykloturistick\u00fdch tr\u00e1s n\u00e1jdete v \u017dilinskej \u017eupe - Pova\u017esk\u00e9 m\u00fazeum\" \/>\n<meta property=\"og:description\" content=\"Cyklosez\u00f3na je ka\u017edoro\u010dne spojen\u00e1 s\u00a0objavovan\u00edm a\u00a0pozn\u00e1van\u00edm pr\u00edrodn\u00fdch kr\u00e1s, scen\u00e9ri\u00ed a\u00a0zauj\u00edmav\u00fdch miest, ktor\u00e9 m\u00f4\u017eu milovn\u00edci bicyklov objavi\u0165 na viac ako 2\u00a0300 kilometroch cykloturistick\u00fdch tr\u00e1s v\u00a0\u017dilinskom kraji. Svoj cyklochodn\u00edk BikeKIA spravuje aj \u017dilinsk\u00e1 \u017eupa, ktorej sa v\u010faka spolupr\u00e1ci so spolo\u010dnos\u0165ou KIA Motors Slovakia podarilo vytvori\u0165 unik\u00e1tne spojenie dvoch historick\u00fdch domin\u00e1nt Horn\u00e9ho Pova\u017eia, hradov Stre\u010dno a Budat\u00edn. Od [&hellip;]\" \/>\n<meta property=\"og:url\" content=\"https:\/\/pmza.sk\/?p=12950\" \/>\n<meta property=\"og:site_name\" content=\"Pova\u017esk\u00e9 m\u00fazeum\" \/>\n<meta property=\"article:publisher\" content=\"https:\/\/www.facebook.com\/povazskemuzeum\" \/>\n<meta property=\"article:published_time\" content=\"2015-06-29T11:46:31+00:00\" \/>\n<meta property=\"og:image\" content=\"https:\/\/pmza.sk\/wp-content\/uploads\/2015\/06\/SK_Zilinska-zupa-pokracuje-v-asfaltizacii-cyklotrasy-BikeKIA-e1435579553379.jpg\" \/>\n\t<meta property=\"og:image:width\" content=\"663\" \/>\n\t<meta property=\"og:image:height\" content=\"478\" \/>\n\t<meta property=\"og:image:type\" content=\"image\/jpeg\" \/>\n<meta name=\"author\" content=\"Pova\u017esk\u00e9 m\u00fazeum\" \/>\n<meta name=\"twitter:card\" content=\"summary_large_image\" \/>\n<meta name=\"twitter:label1\" content=\"Autor\" \/>\n\t<meta name=\"twitter:data1\" content=\"Pova\u017esk\u00e9 m\u00fazeum\" \/>\n\t<meta name=\"twitter:label2\" content=\"Predpokladan\u00fd \u010das \u010d\u00edtania\" \/>\n\t<meta name=\"twitter:data2\" content=\"3 min\u00faty\" \/>\n<script type=\"application\/ld+json\" class=\"yoast-schema-graph\">{\"@context\":\"https:\\\/\\\/schema.org\",\"@graph\":[{\"@type\":\"Article\",\"@id\":\"https:\\\/\\\/pmza.sk\\\/?p=12950#article\",\"isPartOf\":{\"@id\":\"https:\\\/\\\/pmza.sk\\\/?p=12950\"},\"author\":{\"name\":\"Pova\u017esk\u00e9 m\u00fazeum\",\"@id\":\"https:\\\/\\\/pmza.sk\\\/#\\\/schema\\\/person\\\/595e6a2ce731ea94dcd5d7f50a41ae33\"},\"headline\":\"Viac ako 2 300 kilometrov cykloturistick\u00fdch tr\u00e1s n\u00e1jdete v \u017dilinskej \u017eupe\",\"datePublished\":\"2015-06-29T11:46:31+00:00\",\"mainEntityOfPage\":{\"@id\":\"https:\\\/\\\/pmza.sk\\\/?p=12950\"},\"wordCount\":670,\"publisher\":{\"@id\":\"https:\\\/\\\/pmza.sk\\\/#organization\"},\"image\":{\"@id\":\"https:\\\/\\\/pmza.sk\\\/?p=12950#primaryimage\"},\"thumbnailUrl\":\"https:\\\/\\\/pmza.sk\\\/wp-content\\\/uploads\\\/2015\\\/06\\\/SK_Zilinska-zupa-pokracuje-v-asfaltizacii-cyklotrasy-BikeKIA-e1435579553379.jpg\",\"articleSection\":[\"Arch\u00edv 2015\"],\"inLanguage\":\"sk-SK\"},{\"@type\":\"WebPage\",\"@id\":\"https:\\\/\\\/pmza.sk\\\/?p=12950\",\"url\":\"https:\\\/\\\/pmza.sk\\\/?p=12950\",\"name\":\"Viac ako 2 300 kilometrov cykloturistick\u00fdch tr\u00e1s n\u00e1jdete v \u017dilinskej \u017eupe - Pova\u017esk\u00e9 m\u00fazeum\",\"isPartOf\":{\"@id\":\"https:\\\/\\\/pmza.sk\\\/#website\"},\"primaryImageOfPage\":{\"@id\":\"https:\\\/\\\/pmza.sk\\\/?p=12950#primaryimage\"},\"image\":{\"@id\":\"https:\\\/\\\/pmza.sk\\\/?p=12950#primaryimage\"},\"thumbnailUrl\":\"https:\\\/\\\/pmza.sk\\\/wp-content\\\/uploads\\\/2015\\\/06\\\/SK_Zilinska-zupa-pokracuje-v-asfaltizacii-cyklotrasy-BikeKIA-e1435579553379.jpg\",\"datePublished\":\"2015-06-29T11:46:31+00:00\",\"breadcrumb\":{\"@id\":\"https:\\\/\\\/pmza.sk\\\/?p=12950#breadcrumb\"},\"inLanguage\":\"sk-SK\",\"potentialAction\":[{\"@type\":\"ReadAction\",\"target\":[\"https:\\\/\\\/pmza.sk\\\/?p=12950\"]}]},{\"@type\":\"ImageObject\",\"inLanguage\":\"sk-SK\",\"@id\":\"https:\\\/\\\/pmza.sk\\\/?p=12950#primaryimage\",\"url\":\"https:\\\/\\\/pmza.sk\\\/wp-content\\\/uploads\\\/2015\\\/06\\\/SK_Zilinska-zupa-pokracuje-v-asfaltizacii-cyklotrasy-BikeKIA-e1435579553379.jpg\",\"contentUrl\":\"https:\\\/\\\/pmza.sk\\\/wp-content\\\/uploads\\\/2015\\\/06\\\/SK_Zilinska-zupa-pokracuje-v-asfaltizacii-cyklotrasy-BikeKIA-e1435579553379.jpg\",\"width\":663,\"height\":478},{\"@type\":\"BreadcrumbList\",\"@id\":\"https:\\\/\\\/pmza.sk\\\/?p=12950#breadcrumb\",\"itemListElement\":[{\"@type\":\"ListItem\",\"position\":1,\"name\":\"Domovsk\u00e1 str\u00e1nka\",\"item\":\"https:\\\/\\\/pmza.sk\\\/\"},{\"@type\":\"ListItem\",\"position\":2,\"name\":\"Viac ako 2 300 kilometrov cykloturistick\u00fdch tr\u00e1s n\u00e1jdete v \u017dilinskej \u017eupe\"}]},{\"@type\":\"WebSite\",\"@id\":\"https:\\\/\\\/pmza.sk\\\/#website\",\"url\":\"https:\\\/\\\/pmza.sk\\\/\",\"name\":\"Pova\u017esk\u00e9 m\u00fazeum\",\"description\":\"Pova\u017esk\u00e9 m\u00fazeum v \u017diline je region\u00e1lne m\u00fazeum so s\u00eddlom v Budat\u00edne. Jeho expoz\u00edcie s\u00fa zameran\u00e9 na dejiny slovensk\u00e9ho umenia, kult\u00fary a dopravy.\",\"publisher\":{\"@id\":\"https:\\\/\\\/pmza.sk\\\/#organization\"},\"potentialAction\":[{\"@type\":\"SearchAction\",\"target\":{\"@type\":\"EntryPoint\",\"urlTemplate\":\"https:\\\/\\\/pmza.sk\\\/?s={search_term_string}\"},\"query-input\":{\"@type\":\"PropertyValueSpecification\",\"valueRequired\":true,\"valueName\":\"search_term_string\"}}],\"inLanguage\":\"sk-SK\"},{\"@type\":\"Organization\",\"@id\":\"https:\\\/\\\/pmza.sk\\\/#organization\",\"name\":\"Pova\u017esk\u00e9 m\u00fazeum\",\"url\":\"https:\\\/\\\/pmza.sk\\\/\",\"logo\":{\"@type\":\"ImageObject\",\"inLanguage\":\"sk-SK\",\"@id\":\"https:\\\/\\\/pmza.sk\\\/#\\\/schema\\\/logo\\\/image\\\/\",\"url\":\"https:\\\/\\\/pmza.sk\\\/wp-content\\\/uploads\\\/2022\\\/01\\\/logo_PM_horizontal.jpg\",\"contentUrl\":\"https:\\\/\\\/pmza.sk\\\/wp-content\\\/uploads\\\/2022\\\/01\\\/logo_PM_horizontal.jpg\",\"width\":231,\"height\":142,\"caption\":\"Pova\u017esk\u00e9 m\u00fazeum\"},\"image\":{\"@id\":\"https:\\\/\\\/pmza.sk\\\/#\\\/schema\\\/logo\\\/image\\\/\"},\"sameAs\":[\"https:\\\/\\\/www.facebook.com\\\/povazskemuzeum\",\"https:\\\/\\\/www.instagram.com\\\/povazskemuzeum\\\/\"]},{\"@type\":\"Person\",\"@id\":\"https:\\\/\\\/pmza.sk\\\/#\\\/schema\\\/person\\\/595e6a2ce731ea94dcd5d7f50a41ae33\",\"name\":\"Pova\u017esk\u00e9 m\u00fazeum\",\"image\":{\"@type\":\"ImageObject\",\"inLanguage\":\"sk-SK\",\"@id\":\"https:\\\/\\\/secure.gravatar.com\\\/avatar\\\/2bb7f1561282132fb5826dfeccc66c7996d11ee392ac6aaf7ced8a1c2027fbb2?s=96&d=mm&r=g\",\"url\":\"https:\\\/\\\/secure.gravatar.com\\\/avatar\\\/2bb7f1561282132fb5826dfeccc66c7996d11ee392ac6aaf7ced8a1c2027fbb2?s=96&d=mm&r=g\",\"contentUrl\":\"https:\\\/\\\/secure.gravatar.com\\\/avatar\\\/2bb7f1561282132fb5826dfeccc66c7996d11ee392ac6aaf7ced8a1c2027fbb2?s=96&d=mm&r=g\",\"caption\":\"Pova\u017esk\u00e9 m\u00fazeum\"}}]}<\/script>\n<!-- \/ Yoast SEO plugin. -->","yoast_head_json":{"title":"Viac ako 2 300 kilometrov cykloturistick\u00fdch tr\u00e1s n\u00e1jdete v \u017dilinskej \u017eupe - Pova\u017esk\u00e9 m\u00fazeum","robots":{"index":"index","follow":"follow","max-snippet":"max-snippet:-1","max-image-preview":"max-image-preview:large","max-video-preview":"max-video-preview:-1"},"canonical":"https:\/\/pmza.sk\/?p=12950","og_locale":"sk_SK","og_type":"article","og_title":"Viac ako 2 300 kilometrov cykloturistick\u00fdch tr\u00e1s n\u00e1jdete v \u017dilinskej \u017eupe - Pova\u017esk\u00e9 m\u00fazeum","og_description":"Cyklosez\u00f3na je ka\u017edoro\u010dne spojen\u00e1 s\u00a0objavovan\u00edm a\u00a0pozn\u00e1van\u00edm pr\u00edrodn\u00fdch kr\u00e1s, scen\u00e9ri\u00ed a\u00a0zauj\u00edmav\u00fdch miest, ktor\u00e9 m\u00f4\u017eu milovn\u00edci bicyklov objavi\u0165 na viac ako 2\u00a0300 kilometroch cykloturistick\u00fdch tr\u00e1s v\u00a0\u017dilinskom kraji. Svoj cyklochodn\u00edk BikeKIA spravuje aj \u017dilinsk\u00e1 \u017eupa, ktorej sa v\u010faka spolupr\u00e1ci so spolo\u010dnos\u0165ou KIA Motors Slovakia podarilo vytvori\u0165 unik\u00e1tne spojenie dvoch historick\u00fdch domin\u00e1nt Horn\u00e9ho Pova\u017eia, hradov Stre\u010dno a Budat\u00edn. Od [&hellip;]","og_url":"https:\/\/pmza.sk\/?p=12950","og_site_name":"Pova\u017esk\u00e9 m\u00fazeum","article_publisher":"https:\/\/www.facebook.com\/povazskemuzeum","article_published_time":"2015-06-29T11:46:31+00:00","og_image":[{"width":663,"height":478,"url":"https:\/\/pmza.sk\/wp-content\/uploads\/2015\/06\/SK_Zilinska-zupa-pokracuje-v-asfaltizacii-cyklotrasy-BikeKIA-e1435579553379.jpg","type":"image\/jpeg"}],"author":"Pova\u017esk\u00e9 m\u00fazeum","twitter_card":"summary_large_image","twitter_misc":{"Autor":"Pova\u017esk\u00e9 m\u00fazeum","Predpokladan\u00fd \u010das \u010d\u00edtania":"3 min\u00faty"},"schema":{"@context":"https:\/\/schema.org","@graph":[{"@type":"Article","@id":"https:\/\/pmza.sk\/?p=12950#article","isPartOf":{"@id":"https:\/\/pmza.sk\/?p=12950"},"author":{"name":"Pova\u017esk\u00e9 m\u00fazeum","@id":"https:\/\/pmza.sk\/#\/schema\/person\/595e6a2ce731ea94dcd5d7f50a41ae33"},"headline":"Viac ako 2 300 kilometrov cykloturistick\u00fdch tr\u00e1s n\u00e1jdete v \u017dilinskej \u017eupe","datePublished":"2015-06-29T11:46:31+00:00","mainEntityOfPage":{"@id":"https:\/\/pmza.sk\/?p=12950"},"wordCount":670,"publisher":{"@id":"https:\/\/pmza.sk\/#organization"},"image":{"@id":"https:\/\/pmza.sk\/?p=12950#primaryimage"},"thumbnailUrl":"https:\/\/pmza.sk\/wp-content\/uploads\/2015\/06\/SK_Zilinska-zupa-pokracuje-v-asfaltizacii-cyklotrasy-BikeKIA-e1435579553379.jpg","articleSection":["Arch\u00edv 2015"],"inLanguage":"sk-SK"},{"@type":"WebPage","@id":"https:\/\/pmza.sk\/?p=12950","url":"https:\/\/pmza.sk\/?p=12950","name":"Viac ako 2 300 kilometrov cykloturistick\u00fdch tr\u00e1s n\u00e1jdete v \u017dilinskej \u017eupe - Pova\u017esk\u00e9 m\u00fazeum","isPartOf":{"@id":"https:\/\/pmza.sk\/#website"},"primaryImageOfPage":{"@id":"https:\/\/pmza.sk\/?p=12950#primaryimage"},"image":{"@id":"https:\/\/pmza.sk\/?p=12950#primaryimage"},"thumbnailUrl":"https:\/\/pmza.sk\/wp-content\/uploads\/2015\/06\/SK_Zilinska-zupa-pokracuje-v-asfaltizacii-cyklotrasy-BikeKIA-e1435579553379.jpg","datePublished":"2015-06-29T11:46:31+00:00","breadcrumb":{"@id":"https:\/\/pmza.sk\/?p=12950#breadcrumb"},"inLanguage":"sk-SK","potentialAction":[{"@type":"ReadAction","target":["https:\/\/pmza.sk\/?p=12950"]}]},{"@type":"ImageObject","inLanguage":"sk-SK","@id":"https:\/\/pmza.sk\/?p=12950#primaryimage","url":"https:\/\/pmza.sk\/wp-content\/uploads\/2015\/06\/SK_Zilinska-zupa-pokracuje-v-asfaltizacii-cyklotrasy-BikeKIA-e1435579553379.jpg","contentUrl":"https:\/\/pmza.sk\/wp-content\/uploads\/2015\/06\/SK_Zilinska-zupa-pokracuje-v-asfaltizacii-cyklotrasy-BikeKIA-e1435579553379.jpg","width":663,"height":478},{"@type":"BreadcrumbList","@id":"https:\/\/pmza.sk\/?p=12950#breadcrumb","itemListElement":[{"@type":"ListItem","position":1,"name":"Domovsk\u00e1 str\u00e1nka","item":"https:\/\/pmza.sk\/"},{"@type":"ListItem","position":2,"name":"Viac ako 2 300 kilometrov cykloturistick\u00fdch tr\u00e1s n\u00e1jdete v \u017dilinskej \u017eupe"}]},{"@type":"WebSite","@id":"https:\/\/pmza.sk\/#website","url":"https:\/\/pmza.sk\/","name":"Pova\u017esk\u00e9 m\u00fazeum","description":"Pova\u017esk\u00e9 m\u00fazeum v \u017diline je region\u00e1lne m\u00fazeum so s\u00eddlom v Budat\u00edne. Jeho expoz\u00edcie s\u00fa zameran\u00e9 na dejiny slovensk\u00e9ho umenia, kult\u00fary a dopravy.","publisher":{"@id":"https:\/\/pmza.sk\/#organization"},"potentialAction":[{"@type":"SearchAction","target":{"@type":"EntryPoint","urlTemplate":"https:\/\/pmza.sk\/?s={search_term_string}"},"query-input":{"@type":"PropertyValueSpecification","valueRequired":true,"valueName":"search_term_string"}}],"inLanguage":"sk-SK"},{"@type":"Organization","@id":"https:\/\/pmza.sk\/#organization","name":"Pova\u017esk\u00e9 m\u00fazeum","url":"https:\/\/pmza.sk\/","logo":{"@type":"ImageObject","inLanguage":"sk-SK","@id":"https:\/\/pmza.sk\/#\/schema\/logo\/image\/","url":"https:\/\/pmza.sk\/wp-content\/uploads\/2022\/01\/logo_PM_horizontal.jpg","contentUrl":"https:\/\/pmza.sk\/wp-content\/uploads\/2022\/01\/logo_PM_horizontal.jpg","width":231,"height":142,"caption":"Pova\u017esk\u00e9 m\u00fazeum"},"image":{"@id":"https:\/\/pmza.sk\/#\/schema\/logo\/image\/"},"sameAs":["https:\/\/www.facebook.com\/povazskemuzeum","https:\/\/www.instagram.com\/povazskemuzeum\/"]},{"@type":"Person","@id":"https:\/\/pmza.sk\/#\/schema\/person\/595e6a2ce731ea94dcd5d7f50a41ae33","name":"Pova\u017esk\u00e9 m\u00fazeum","image":{"@type":"ImageObject","inLanguage":"sk-SK","@id":"https:\/\/secure.gravatar.com\/avatar\/2bb7f1561282132fb5826dfeccc66c7996d11ee392ac6aaf7ced8a1c2027fbb2?s=96&d=mm&r=g","url":"https:\/\/secure.gravatar.com\/avatar\/2bb7f1561282132fb5826dfeccc66c7996d11ee392ac6aaf7ced8a1c2027fbb2?s=96&d=mm&r=g","contentUrl":"https:\/\/secure.gravatar.com\/avatar\/2bb7f1561282132fb5826dfeccc66c7996d11ee392ac6aaf7ced8a1c2027fbb2?s=96&d=mm&r=g","caption":"Pova\u017esk\u00e9 m\u00fazeum"}}]}},"_links":{"self":[{"href":"https:\/\/pmza.sk\/index.php?rest_route=\/wp\/v2\/posts\/12950","targetHints":{"allow":["GET"]}}],"collection":[{"href":"https:\/\/pmza.sk\/index.php?rest_route=\/wp\/v2\/posts"}],"about":[{"href":"https:\/\/pmza.sk\/index.php?rest_route=\/wp\/v2\/types\/post"}],"author":[{"embeddable":true,"href":"https:\/\/pmza.sk\/index.php?rest_route=\/wp\/v2\/users\/2"}],"replies":[{"embeddable":true,"href":"https:\/\/pmza.sk\/index.php?rest_route=%2Fwp%2Fv2%2Fcomments&post=12950"}],"version-history":[{"count":0,"href":"https:\/\/pmza.sk\/index.php?rest_route=\/wp\/v2\/posts\/12950\/revisions"}],"wp:featuredmedia":[{"embeddable":true,"href":"https:\/\/pmza.sk\/index.php?rest_route=\/wp\/v2\/media\/12949"}],"wp:attachment":[{"href":"https:\/\/pmza.sk\/index.php?rest_route=%2Fwp%2Fv2%2Fmedia&parent=12950"}],"wp:term":[{"taxonomy":"category","embeddable":true,"href":"https:\/\/pmza.sk\/index.php?rest_route=%2Fwp%2Fv2%2Fcategories&post=12950"},{"taxonomy":"post_tag","embeddable":true,"href":"https:\/\/pmza.sk\/index.php?rest_route=%2Fwp%2Fv2%2Ftags&post=12950"}],"curies":[{"name":"wp","href":"https:\/\/api.w.org\/{rel}","templated":true}]}}