{"id":12984,"date":"2015-07-02T14:47:30","date_gmt":"2015-07-02T12:47:30","guid":{"rendered":"https:\/\/pmza.sk.sk\/?p=12984"},"modified":"2015-07-02T14:47:30","modified_gmt":"2015-07-02T12:47:30","slug":"leto-v-povazskom-muzeu","status":"publish","type":"post","link":"https:\/\/pmza.sk\/?p=12984","title":{"rendered":"Leto v Pova\u017eskom m\u00fazeu"},"content":{"rendered":"<p><strong>Hrad Stre\u010dno a\u00a0stredovek\u00e1 dedina Paseka s\u00fa najv\u00e4\u010d\u0161\u00edmi l\u00e1kadlami pre na\u0161ich n\u00e1v\u0161tevn\u00edkov po\u010das letn\u00fdch mesiacov. Pripravili sme v\u0161ak zauj\u00edmav\u00e9 aktivity aj v\u00a0ostatn\u00fdch objektoch PMZA.<\/strong><\/p>\n<p>V\u00a0lete sme za\u010dali akciou Jednotk\u00e1ri zdarma (30. 6., 1. 7.), pokra\u010dujeme Pr\u00e1zdninami v\u00a0M\u00fazeu dopravy Rajeck\u00e9 Teplice (4. 7.), no\u010dnou prehliadkou ve\u017ee Budat\u00ednskeho hradu (4. 7.) a\u00a0no\u010dnou prehliadkou hradu Stre\u010dno a\u00a0Paseky (10. 7.). No\u010dn\u00e9 prehliadky v\u00a0Budat\u00edne (soboty) a\u00a0na Stre\u010dne (piatky) sa bud\u00fa pravidelne strieda\u0165,\u00a0 pokra\u010dova\u0165 budeme Hradn\u00fdmi hrami \u017dofie Bosniakovej (Stre\u010dno, 9. 8.) a\u00a0koncertom La Femme a\u00a0Slovak Tango na Paseke (22. 8., vstup bezplatn\u00fd). V\u00a0z\u00e1vere augusta sme si pre n\u00e1v\u0161tevn\u00edkov pripravili podujatie Staroslovansk\u00e1 Divinka (29. 8.).<\/p>\n<p><em>\u201eKe\u010f sa letn\u00e9 br\u00e1ny Stre\u010dna po prv\u00fd kr\u00e1t otvoria, pr\u00edde kr\u00e1sny mu\u017e, ktor\u00e9mu Don Juan hovoria! Prv\u00e1 letn\u00e1 no\u010dn\u00e1 prehliadka hradu Stre\u010dno 10. j\u00fala poodhal\u00ed naozajstn\u00fd pr\u00edbeh tohto l\u00e1ma\u010da \u017eensk\u00fdch s\u0155dc. Ne\u010dakan\u00e9 odhalenia prinesie improviza\u010dn\u00e9 divadlo Kapor na sc\u00e9ne. Skupina historick\u00e9ho \u0161ermu Wagus pre n\u00e1v\u0161tevn\u00edkov prehliadky pripravila dere\u0161 ako prostriedok na n\u00e1pravu poddan\u00fdch, zaved\u00fa ich do pouli\u010dn\u00e9ho i\u00a0pansk\u00e9ho hostinca, tancom im pribl\u00ed\u017eia radov\u00e1nky hradn\u00fdch p\u00e1nov,\u201c <\/em>povedala spr\u00e1vky\u0148a hradu Stre\u010dno Katar\u00edna Rep\u00e1\u0148ov\u00e1. No\u010dn\u00e9 prehliadky sprestria aj oh\u0148ov\u00e1 \u0161ou v\u00a0podan\u00ed skupiny Black Evils, minikoncerty v\u00a0kaplnke a\u00a0v\u00a0pr\u00edpade jasnej oblohy bude mo\u017en\u00e9 aj pozorovanie hviezd v\u00a0spolupr\u00e1ci s\u00a0Krajskou hvezd\u00e1r\u0148ou v\u00a0\u017diline.<\/p>\n<p>Druh\u00e1 no\u010dn\u00e1 prehliadka hradu Stre\u010dno a\u00a0Paseky (24. 7.) bude s\u00a0podtitulom Le.Pi.Dlo, teda letn\u00e9 piatkov\u00e9 divadlo. \u201eDon Quijote sa so svoj\u00edm vern\u00fdm slu\u017eobn\u00edkom vrhne do dobrodru\u017estiev, o\u00a0ak\u00fdch sa v\u00e1m (a ani jemu) ani nesn\u00edvalo. Vybehnite v\u00a0piatok na hrad Stre\u010dno a\u00a0spolu s\u00a0Divadlom Kapor na sc\u00e9ne zist\u00edte, \u017ee bojova\u0165 s\u00a0vetern\u00fdmi mlynmi sa niekedy oplat\u00ed,\u201c poz\u00fdva K. Rep\u00e1\u0148ov\u00e1.<\/p>\n<p>V\u0161etky potrebn\u00e9 inform\u00e1cie o\u00a0podujatiach a\u00a0aktivit\u00e1ch sa do\u010d\u00edtate na webovej str\u00e1nke Pova\u017esk\u00e9ho m\u00fazea v\u00a0\u017diline <a href=\"http:\/\/www.pmza.sk\/\">www.pmza.sk<\/a>.<\/p>\n<p>No\u010dn\u00e9 prehliadky hradu Stre\u010dno za\u010d\u00ednaj\u00fa v\u017edy o\u00a020. hodine, posledn\u00fd vstup je napl\u00e1novan\u00fd na 22.30.<\/p>\n","protected":false},"excerpt":{"rendered":"<p>Hrad Stre\u010dno a\u00a0stredovek\u00e1 dedina Paseka s\u00fa najv\u00e4\u010d\u0161\u00edmi l\u00e1kadlami pre na\u0161ich n\u00e1v\u0161tevn\u00edkov po\u010das letn\u00fdch mesiacov. Pripravili sme v\u0161ak zauj\u00edmav\u00e9 aktivity aj v\u00a0ostatn\u00fdch objektoch PMZA. V\u00a0lete sme za\u010dali akciou Jednotk\u00e1ri zdarma (30. 6., 1. 7.), pokra\u010dujeme Pr\u00e1zdninami v\u00a0M\u00fazeu dopravy Rajeck\u00e9 Teplice (4. 7.), no\u010dnou prehliadkou ve\u017ee Budat\u00ednskeho hradu (4. 7.) a\u00a0no\u010dnou prehliadkou hradu Stre\u010dno a\u00a0Paseky (10. 7.). [&hellip;]<\/p>\n","protected":false},"author":2,"featured_media":12990,"comment_status":"closed","ping_status":"closed","sticky":false,"template":"","format":"standard","meta":{"site-sidebar-layout":"default","site-content-layout":"","ast-site-content-layout":"","site-content-style":"default","site-sidebar-style":"default","ast-global-header-display":"","ast-banner-title-visibility":"","ast-main-header-display":"","ast-hfb-above-header-display":"","ast-hfb-below-header-display":"","ast-hfb-mobile-header-display":"","site-post-title":"","ast-breadcrumbs-content":"","ast-featured-img":"","footer-sml-layout":"","theme-transparent-header-meta":"","adv-header-id-meta":"","stick-header-meta":"","header-above-stick-meta":"","header-main-stick-meta":"","header-below-stick-meta":"","astra-migrate-meta-layouts":"default","ast-page-background-enabled":"default","ast-page-background-meta":{"desktop":{"background-color":"var(--ast-global-color-4)","background-image":"","background-repeat":"repeat","background-position":"center center","background-size":"auto","background-attachment":"scroll","background-type":"","background-media":"","overlay-type":"","overlay-color":"","overlay-opacity":"","overlay-gradient":""},"tablet":{"background-color":"","background-image":"","background-repeat":"repeat","background-position":"center center","background-size":"auto","background-attachment":"scroll","background-type":"","background-media":"","overlay-type":"","overlay-color":"","overlay-opacity":"","overlay-gradient":""},"mobile":{"background-color":"","background-image":"","background-repeat":"repeat","background-position":"center center","background-size":"auto","background-attachment":"scroll","background-type":"","background-media":"","overlay-type":"","overlay-color":"","overlay-opacity":"","overlay-gradient":""}},"ast-content-background-meta":{"desktop":{"background-color":"var(--ast-global-color-5)","background-image":"","background-repeat":"repeat","background-position":"center center","background-size":"auto","background-attachment":"scroll","background-type":"","background-media":"","overlay-type":"","overlay-color":"","overlay-opacity":"","overlay-gradient":""},"tablet":{"background-color":"var(--ast-global-color-5)","background-image":"","background-repeat":"repeat","background-position":"center center","background-size":"auto","background-attachment":"scroll","background-type":"","background-media":"","overlay-type":"","overlay-color":"","overlay-opacity":"","overlay-gradient":""},"mobile":{"background-color":"var(--ast-global-color-5)","background-image":"","background-repeat":"repeat","background-position":"center center","background-size":"auto","background-attachment":"scroll","background-type":"","background-media":"","overlay-type":"","overlay-color":"","overlay-opacity":"","overlay-gradient":""}},"footnotes":""},"categories":[38],"tags":[],"class_list":["post-12984","post","type-post","status-publish","format-standard","has-post-thumbnail","hentry","category-archiv-2015"],"yoast_head":"<!-- This site is optimized with the Yoast SEO plugin v27.4 - https:\/\/yoast.com\/product\/yoast-seo-wordpress\/ -->\n<title>Leto v Pova\u017eskom m\u00fazeu - Pova\u017esk\u00e9 m\u00fazeum<\/title>\n<meta name=\"robots\" content=\"index, follow, max-snippet:-1, max-image-preview:large, max-video-preview:-1\" \/>\n<link rel=\"canonical\" href=\"https:\/\/pmza.sk\/?p=12984\" \/>\n<meta property=\"og:locale\" content=\"sk_SK\" \/>\n<meta property=\"og:type\" content=\"article\" \/>\n<meta property=\"og:title\" content=\"Leto v Pova\u017eskom m\u00fazeu - Pova\u017esk\u00e9 m\u00fazeum\" \/>\n<meta property=\"og:description\" content=\"Hrad Stre\u010dno a\u00a0stredovek\u00e1 dedina Paseka s\u00fa najv\u00e4\u010d\u0161\u00edmi l\u00e1kadlami pre na\u0161ich n\u00e1v\u0161tevn\u00edkov po\u010das letn\u00fdch mesiacov. Pripravili sme v\u0161ak zauj\u00edmav\u00e9 aktivity aj v\u00a0ostatn\u00fdch objektoch PMZA. V\u00a0lete sme za\u010dali akciou Jednotk\u00e1ri zdarma (30. 6., 1. 7.), pokra\u010dujeme Pr\u00e1zdninami v\u00a0M\u00fazeu dopravy Rajeck\u00e9 Teplice (4. 7.), no\u010dnou prehliadkou ve\u017ee Budat\u00ednskeho hradu (4. 7.) a\u00a0no\u010dnou prehliadkou hradu Stre\u010dno a\u00a0Paseky (10. 7.). [&hellip;]\" \/>\n<meta property=\"og:url\" content=\"https:\/\/pmza.sk\/?p=12984\" \/>\n<meta property=\"og:site_name\" content=\"Pova\u017esk\u00e9 m\u00fazeum\" \/>\n<meta property=\"article:publisher\" content=\"https:\/\/www.facebook.com\/povazskemuzeum\" \/>\n<meta property=\"article:published_time\" content=\"2015-07-02T12:47:30+00:00\" \/>\n<meta property=\"og:image\" content=\"https:\/\/pmza.sk\/wp-content\/uploads\/2015\/07\/nocne_strecno1.jpg\" \/>\n\t<meta property=\"og:image:width\" content=\"552\" \/>\n\t<meta property=\"og:image:height\" content=\"780\" \/>\n\t<meta property=\"og:image:type\" content=\"image\/jpeg\" \/>\n<meta name=\"author\" content=\"Pova\u017esk\u00e9 m\u00fazeum\" \/>\n<meta name=\"twitter:card\" content=\"summary_large_image\" \/>\n<meta name=\"twitter:label1\" content=\"Autor\" \/>\n\t<meta name=\"twitter:data1\" content=\"Pova\u017esk\u00e9 m\u00fazeum\" \/>\n\t<meta name=\"twitter:label2\" content=\"Predpokladan\u00fd \u010das \u010d\u00edtania\" \/>\n\t<meta name=\"twitter:data2\" content=\"2 min\u00faty\" \/>\n<script type=\"application\/ld+json\" class=\"yoast-schema-graph\">{\"@context\":\"https:\\\/\\\/schema.org\",\"@graph\":[{\"@type\":\"Article\",\"@id\":\"https:\\\/\\\/pmza.sk\\\/?p=12984#article\",\"isPartOf\":{\"@id\":\"https:\\\/\\\/pmza.sk\\\/?p=12984\"},\"author\":{\"name\":\"Pova\u017esk\u00e9 m\u00fazeum\",\"@id\":\"https:\\\/\\\/pmza.sk\\\/#\\\/schema\\\/person\\\/595e6a2ce731ea94dcd5d7f50a41ae33\"},\"headline\":\"Leto v Pova\u017eskom m\u00fazeu\",\"datePublished\":\"2015-07-02T12:47:30+00:00\",\"mainEntityOfPage\":{\"@id\":\"https:\\\/\\\/pmza.sk\\\/?p=12984\"},\"wordCount\":397,\"publisher\":{\"@id\":\"https:\\\/\\\/pmza.sk\\\/#organization\"},\"image\":{\"@id\":\"https:\\\/\\\/pmza.sk\\\/?p=12984#primaryimage\"},\"thumbnailUrl\":\"https:\\\/\\\/pmza.sk\\\/wp-content\\\/uploads\\\/2015\\\/07\\\/nocne_strecno1.jpg\",\"articleSection\":[\"Arch\u00edv 2015\"],\"inLanguage\":\"sk-SK\"},{\"@type\":\"WebPage\",\"@id\":\"https:\\\/\\\/pmza.sk\\\/?p=12984\",\"url\":\"https:\\\/\\\/pmza.sk\\\/?p=12984\",\"name\":\"Leto v Pova\u017eskom m\u00fazeu - Pova\u017esk\u00e9 m\u00fazeum\",\"isPartOf\":{\"@id\":\"https:\\\/\\\/pmza.sk\\\/#website\"},\"primaryImageOfPage\":{\"@id\":\"https:\\\/\\\/pmza.sk\\\/?p=12984#primaryimage\"},\"image\":{\"@id\":\"https:\\\/\\\/pmza.sk\\\/?p=12984#primaryimage\"},\"thumbnailUrl\":\"https:\\\/\\\/pmza.sk\\\/wp-content\\\/uploads\\\/2015\\\/07\\\/nocne_strecno1.jpg\",\"datePublished\":\"2015-07-02T12:47:30+00:00\",\"breadcrumb\":{\"@id\":\"https:\\\/\\\/pmza.sk\\\/?p=12984#breadcrumb\"},\"inLanguage\":\"sk-SK\",\"potentialAction\":[{\"@type\":\"ReadAction\",\"target\":[\"https:\\\/\\\/pmza.sk\\\/?p=12984\"]}]},{\"@type\":\"ImageObject\",\"inLanguage\":\"sk-SK\",\"@id\":\"https:\\\/\\\/pmza.sk\\\/?p=12984#primaryimage\",\"url\":\"https:\\\/\\\/pmza.sk\\\/wp-content\\\/uploads\\\/2015\\\/07\\\/nocne_strecno1.jpg\",\"contentUrl\":\"https:\\\/\\\/pmza.sk\\\/wp-content\\\/uploads\\\/2015\\\/07\\\/nocne_strecno1.jpg\",\"width\":552,\"height\":780},{\"@type\":\"BreadcrumbList\",\"@id\":\"https:\\\/\\\/pmza.sk\\\/?p=12984#breadcrumb\",\"itemListElement\":[{\"@type\":\"ListItem\",\"position\":1,\"name\":\"Domovsk\u00e1 str\u00e1nka\",\"item\":\"https:\\\/\\\/pmza.sk\\\/\"},{\"@type\":\"ListItem\",\"position\":2,\"name\":\"Leto v Pova\u017eskom m\u00fazeu\"}]},{\"@type\":\"WebSite\",\"@id\":\"https:\\\/\\\/pmza.sk\\\/#website\",\"url\":\"https:\\\/\\\/pmza.sk\\\/\",\"name\":\"Pova\u017esk\u00e9 m\u00fazeum\",\"description\":\"Pova\u017esk\u00e9 m\u00fazeum v \u017diline je region\u00e1lne m\u00fazeum so s\u00eddlom v Budat\u00edne. Jeho expoz\u00edcie s\u00fa zameran\u00e9 na dejiny slovensk\u00e9ho umenia, kult\u00fary a dopravy.\",\"publisher\":{\"@id\":\"https:\\\/\\\/pmza.sk\\\/#organization\"},\"potentialAction\":[{\"@type\":\"SearchAction\",\"target\":{\"@type\":\"EntryPoint\",\"urlTemplate\":\"https:\\\/\\\/pmza.sk\\\/?s={search_term_string}\"},\"query-input\":{\"@type\":\"PropertyValueSpecification\",\"valueRequired\":true,\"valueName\":\"search_term_string\"}}],\"inLanguage\":\"sk-SK\"},{\"@type\":\"Organization\",\"@id\":\"https:\\\/\\\/pmza.sk\\\/#organization\",\"name\":\"Pova\u017esk\u00e9 m\u00fazeum\",\"url\":\"https:\\\/\\\/pmza.sk\\\/\",\"logo\":{\"@type\":\"ImageObject\",\"inLanguage\":\"sk-SK\",\"@id\":\"https:\\\/\\\/pmza.sk\\\/#\\\/schema\\\/logo\\\/image\\\/\",\"url\":\"https:\\\/\\\/pmza.sk\\\/wp-content\\\/uploads\\\/2022\\\/01\\\/logo_PM_horizontal.jpg\",\"contentUrl\":\"https:\\\/\\\/pmza.sk\\\/wp-content\\\/uploads\\\/2022\\\/01\\\/logo_PM_horizontal.jpg\",\"width\":231,\"height\":142,\"caption\":\"Pova\u017esk\u00e9 m\u00fazeum\"},\"image\":{\"@id\":\"https:\\\/\\\/pmza.sk\\\/#\\\/schema\\\/logo\\\/image\\\/\"},\"sameAs\":[\"https:\\\/\\\/www.facebook.com\\\/povazskemuzeum\",\"https:\\\/\\\/www.instagram.com\\\/povazskemuzeum\\\/\"]},{\"@type\":\"Person\",\"@id\":\"https:\\\/\\\/pmza.sk\\\/#\\\/schema\\\/person\\\/595e6a2ce731ea94dcd5d7f50a41ae33\",\"name\":\"Pova\u017esk\u00e9 m\u00fazeum\",\"image\":{\"@type\":\"ImageObject\",\"inLanguage\":\"sk-SK\",\"@id\":\"https:\\\/\\\/secure.gravatar.com\\\/avatar\\\/2bb7f1561282132fb5826dfeccc66c7996d11ee392ac6aaf7ced8a1c2027fbb2?s=96&d=mm&r=g\",\"url\":\"https:\\\/\\\/secure.gravatar.com\\\/avatar\\\/2bb7f1561282132fb5826dfeccc66c7996d11ee392ac6aaf7ced8a1c2027fbb2?s=96&d=mm&r=g\",\"contentUrl\":\"https:\\\/\\\/secure.gravatar.com\\\/avatar\\\/2bb7f1561282132fb5826dfeccc66c7996d11ee392ac6aaf7ced8a1c2027fbb2?s=96&d=mm&r=g\",\"caption\":\"Pova\u017esk\u00e9 m\u00fazeum\"}}]}<\/script>\n<!-- \/ Yoast SEO plugin. -->","yoast_head_json":{"title":"Leto v Pova\u017eskom m\u00fazeu - Pova\u017esk\u00e9 m\u00fazeum","robots":{"index":"index","follow":"follow","max-snippet":"max-snippet:-1","max-image-preview":"max-image-preview:large","max-video-preview":"max-video-preview:-1"},"canonical":"https:\/\/pmza.sk\/?p=12984","og_locale":"sk_SK","og_type":"article","og_title":"Leto v Pova\u017eskom m\u00fazeu - Pova\u017esk\u00e9 m\u00fazeum","og_description":"Hrad Stre\u010dno a\u00a0stredovek\u00e1 dedina Paseka s\u00fa najv\u00e4\u010d\u0161\u00edmi l\u00e1kadlami pre na\u0161ich n\u00e1v\u0161tevn\u00edkov po\u010das letn\u00fdch mesiacov. Pripravili sme v\u0161ak zauj\u00edmav\u00e9 aktivity aj v\u00a0ostatn\u00fdch objektoch PMZA. V\u00a0lete sme za\u010dali akciou Jednotk\u00e1ri zdarma (30. 6., 1. 7.), pokra\u010dujeme Pr\u00e1zdninami v\u00a0M\u00fazeu dopravy Rajeck\u00e9 Teplice (4. 7.), no\u010dnou prehliadkou ve\u017ee Budat\u00ednskeho hradu (4. 7.) a\u00a0no\u010dnou prehliadkou hradu Stre\u010dno a\u00a0Paseky (10. 7.). [&hellip;]","og_url":"https:\/\/pmza.sk\/?p=12984","og_site_name":"Pova\u017esk\u00e9 m\u00fazeum","article_publisher":"https:\/\/www.facebook.com\/povazskemuzeum","article_published_time":"2015-07-02T12:47:30+00:00","og_image":[{"width":552,"height":780,"url":"https:\/\/pmza.sk\/wp-content\/uploads\/2015\/07\/nocne_strecno1.jpg","type":"image\/jpeg"}],"author":"Pova\u017esk\u00e9 m\u00fazeum","twitter_card":"summary_large_image","twitter_misc":{"Autor":"Pova\u017esk\u00e9 m\u00fazeum","Predpokladan\u00fd \u010das \u010d\u00edtania":"2 min\u00faty"},"schema":{"@context":"https:\/\/schema.org","@graph":[{"@type":"Article","@id":"https:\/\/pmza.sk\/?p=12984#article","isPartOf":{"@id":"https:\/\/pmza.sk\/?p=12984"},"author":{"name":"Pova\u017esk\u00e9 m\u00fazeum","@id":"https:\/\/pmza.sk\/#\/schema\/person\/595e6a2ce731ea94dcd5d7f50a41ae33"},"headline":"Leto v Pova\u017eskom m\u00fazeu","datePublished":"2015-07-02T12:47:30+00:00","mainEntityOfPage":{"@id":"https:\/\/pmza.sk\/?p=12984"},"wordCount":397,"publisher":{"@id":"https:\/\/pmza.sk\/#organization"},"image":{"@id":"https:\/\/pmza.sk\/?p=12984#primaryimage"},"thumbnailUrl":"https:\/\/pmza.sk\/wp-content\/uploads\/2015\/07\/nocne_strecno1.jpg","articleSection":["Arch\u00edv 2015"],"inLanguage":"sk-SK"},{"@type":"WebPage","@id":"https:\/\/pmza.sk\/?p=12984","url":"https:\/\/pmza.sk\/?p=12984","name":"Leto v Pova\u017eskom m\u00fazeu - Pova\u017esk\u00e9 m\u00fazeum","isPartOf":{"@id":"https:\/\/pmza.sk\/#website"},"primaryImageOfPage":{"@id":"https:\/\/pmza.sk\/?p=12984#primaryimage"},"image":{"@id":"https:\/\/pmza.sk\/?p=12984#primaryimage"},"thumbnailUrl":"https:\/\/pmza.sk\/wp-content\/uploads\/2015\/07\/nocne_strecno1.jpg","datePublished":"2015-07-02T12:47:30+00:00","breadcrumb":{"@id":"https:\/\/pmza.sk\/?p=12984#breadcrumb"},"inLanguage":"sk-SK","potentialAction":[{"@type":"ReadAction","target":["https:\/\/pmza.sk\/?p=12984"]}]},{"@type":"ImageObject","inLanguage":"sk-SK","@id":"https:\/\/pmza.sk\/?p=12984#primaryimage","url":"https:\/\/pmza.sk\/wp-content\/uploads\/2015\/07\/nocne_strecno1.jpg","contentUrl":"https:\/\/pmza.sk\/wp-content\/uploads\/2015\/07\/nocne_strecno1.jpg","width":552,"height":780},{"@type":"BreadcrumbList","@id":"https:\/\/pmza.sk\/?p=12984#breadcrumb","itemListElement":[{"@type":"ListItem","position":1,"name":"Domovsk\u00e1 str\u00e1nka","item":"https:\/\/pmza.sk\/"},{"@type":"ListItem","position":2,"name":"Leto v Pova\u017eskom m\u00fazeu"}]},{"@type":"WebSite","@id":"https:\/\/pmza.sk\/#website","url":"https:\/\/pmza.sk\/","name":"Pova\u017esk\u00e9 m\u00fazeum","description":"Pova\u017esk\u00e9 m\u00fazeum v \u017diline je region\u00e1lne m\u00fazeum so s\u00eddlom v Budat\u00edne. Jeho expoz\u00edcie s\u00fa zameran\u00e9 na dejiny slovensk\u00e9ho umenia, kult\u00fary a dopravy.","publisher":{"@id":"https:\/\/pmza.sk\/#organization"},"potentialAction":[{"@type":"SearchAction","target":{"@type":"EntryPoint","urlTemplate":"https:\/\/pmza.sk\/?s={search_term_string}"},"query-input":{"@type":"PropertyValueSpecification","valueRequired":true,"valueName":"search_term_string"}}],"inLanguage":"sk-SK"},{"@type":"Organization","@id":"https:\/\/pmza.sk\/#organization","name":"Pova\u017esk\u00e9 m\u00fazeum","url":"https:\/\/pmza.sk\/","logo":{"@type":"ImageObject","inLanguage":"sk-SK","@id":"https:\/\/pmza.sk\/#\/schema\/logo\/image\/","url":"https:\/\/pmza.sk\/wp-content\/uploads\/2022\/01\/logo_PM_horizontal.jpg","contentUrl":"https:\/\/pmza.sk\/wp-content\/uploads\/2022\/01\/logo_PM_horizontal.jpg","width":231,"height":142,"caption":"Pova\u017esk\u00e9 m\u00fazeum"},"image":{"@id":"https:\/\/pmza.sk\/#\/schema\/logo\/image\/"},"sameAs":["https:\/\/www.facebook.com\/povazskemuzeum","https:\/\/www.instagram.com\/povazskemuzeum\/"]},{"@type":"Person","@id":"https:\/\/pmza.sk\/#\/schema\/person\/595e6a2ce731ea94dcd5d7f50a41ae33","name":"Pova\u017esk\u00e9 m\u00fazeum","image":{"@type":"ImageObject","inLanguage":"sk-SK","@id":"https:\/\/secure.gravatar.com\/avatar\/2bb7f1561282132fb5826dfeccc66c7996d11ee392ac6aaf7ced8a1c2027fbb2?s=96&d=mm&r=g","url":"https:\/\/secure.gravatar.com\/avatar\/2bb7f1561282132fb5826dfeccc66c7996d11ee392ac6aaf7ced8a1c2027fbb2?s=96&d=mm&r=g","contentUrl":"https:\/\/secure.gravatar.com\/avatar\/2bb7f1561282132fb5826dfeccc66c7996d11ee392ac6aaf7ced8a1c2027fbb2?s=96&d=mm&r=g","caption":"Pova\u017esk\u00e9 m\u00fazeum"}}]}},"_links":{"self":[{"href":"https:\/\/pmza.sk\/index.php?rest_route=\/wp\/v2\/posts\/12984","targetHints":{"allow":["GET"]}}],"collection":[{"href":"https:\/\/pmza.sk\/index.php?rest_route=\/wp\/v2\/posts"}],"about":[{"href":"https:\/\/pmza.sk\/index.php?rest_route=\/wp\/v2\/types\/post"}],"author":[{"embeddable":true,"href":"https:\/\/pmza.sk\/index.php?rest_route=\/wp\/v2\/users\/2"}],"replies":[{"embeddable":true,"href":"https:\/\/pmza.sk\/index.php?rest_route=%2Fwp%2Fv2%2Fcomments&post=12984"}],"version-history":[{"count":0,"href":"https:\/\/pmza.sk\/index.php?rest_route=\/wp\/v2\/posts\/12984\/revisions"}],"wp:featuredmedia":[{"embeddable":true,"href":"https:\/\/pmza.sk\/index.php?rest_route=\/wp\/v2\/media\/12990"}],"wp:attachment":[{"href":"https:\/\/pmza.sk\/index.php?rest_route=%2Fwp%2Fv2%2Fmedia&parent=12984"}],"wp:term":[{"taxonomy":"category","embeddable":true,"href":"https:\/\/pmza.sk\/index.php?rest_route=%2Fwp%2Fv2%2Fcategories&post=12984"},{"taxonomy":"post_tag","embeddable":true,"href":"https:\/\/pmza.sk\/index.php?rest_route=%2Fwp%2Fv2%2Ftags&post=12984"}],"curies":[{"name":"wp","href":"https:\/\/api.w.org\/{rel}","templated":true}]}}