{"id":1300,"date":"2010-09-16T10:56:45","date_gmt":"2010-09-16T08:56:45","guid":{"rendered":"https:\/\/pmza.sk.sk\/?p=1300"},"modified":"2010-09-16T10:56:45","modified_gmt":"2010-09-16T08:56:45","slug":"prva-autorska-vystava-v-sobasnom-palaci-v-bytci","status":"publish","type":"post","link":"https:\/\/pmza.sk\/?p=1300","title":{"rendered":"Prv\u00e1 autorsk\u00e1 v\u00fdstava v Sob\u00e1\u0161nom pal\u00e1ci v Byt\u010di"},"content":{"rendered":"<p><a href=\"https:\/\/pmza.sk\/wp-content\/uploads\/2010\/09\/Mesiac-na-vode.jpg\"><img fetchpriority=\"high\" decoding=\"async\" class=\"alignleft size-medium wp-image-1302\" style=\"margin: 4px; border: 2px solid black;\" title=\"Mesiac na vode\" src=\"https:\/\/pmza.sk.sk\/wp-content\/uploads\/2010\/09\/Mesiac-na-vode-198x300.jpg\" alt=\"\" width=\"198\" height=\"300\" \/><\/a>Sob\u00e1\u0161ny pal\u00e1c v\u00a0Byt\u010di bude onedlho\u00a0 bilancova\u0165 svoju ro\u010dn\u00fa \u010dinnos\u0165, odkedy bol op\u00e4tovne spr\u00edstupnen\u00fd verejnosti po jeho kompletnej rekon\u0161trukcii. U\u017e teraz sa m\u00f4\u017ee pochv\u00e1li\u0165 mno\u017estvom kult\u00farnych podujat\u00ed aj medzin\u00e1rodn\u00e9ho rozmeru, dvoma st\u00e1lymi v\u00fdstavami a \u0161iestimi do\u010dasn\u00fdmi v\u00fdstavami. Vo\u00a0\u0161tvrtok <strong>23. septembra 2010 o\u00a017,00h<\/strong> sa v\u00a0Sob\u00e1\u0161nom pal\u00e1ci v\u00a0Byt\u010di uskuto\u010dn\u00ed \u00a0otvorenie prvej autorskej v\u00fdstavy, talentovan\u00e9ho v\u00fdtvarn\u00edka a\u00a0rod\u00e1ka z\u00a0Byt\u010de, Martina Kratochvila. Martin Kratochvil vy\u0161tudoval <!--more-->na Fakulte humanitn\u00fdch vied UMB v\u00a0Banskej Bystrici odbor filozofia a\u00a0v\u00fdtvarn\u00e9 umenie. V\u00a0s\u00fa\u010dasnosti \u0161tuduje na Vysokej \u0161kole v\u00fdtvarn\u00fdch umen\u00ed v\u00a0Bratislave doktorandsk\u00e9 \u0161t\u00fadium pod veden\u00edm profesora Ladislava \u010carn\u00e9ho. Toho \u010dasu pracuje ako odborn\u00fd asistent na Katedre v\u00fdtvarnej tvorby a\u00a0eduk\u00e1cie Pedagogickej fakulty Univerzity Mateja Bela v\u00a0Banskej Bystrici. \u201e<em>V\u00fdstava v\u00a0Sob\u00e1\u0161nom pal\u00e1ci v\u00a0Byt\u010di je v\u00a0porad\u00ed mojou jeden\u00e1stou samostatnou v\u00fdstavou a\u00a0retrospekt\u00edvne zachyt\u00e1va posledn\u00fdch \u0161es\u0165 rokov mojej tvorby men\u0161\u00edch estetick\u00fdch foriem. Skupina asi tridsiatich dreven\u00fdch plast\u00edk s\u00a0figurat\u00edvnymi i abstraktn\u00fdmi mot\u00edvmi vyjadruje m\u00f4j vz\u0165ah k\u00a0pr\u00edrode ako k\u00a0prame\u0148u mnoh\u00fdch in\u0161pir\u00e1cii. Sna\u017e\u00edm sa vyu\u017e\u00edva\u0165 drevo so v\u0161etk\u00fdmi jeho \u0161pecifikami ak\u00fdmi s\u00fa jeho jedine\u010dn\u00e9 tvary a\u00a0farby. Tvorba, ktor\u00fa tu prezentujem, na rozdiel od mojej konceptu\u00e1lnej tvorby, je\u00a0 reakciou na podnety, ktor\u00e9 pr\u00edroda vo forme dreva pon\u00faka,\u201c<\/em> uviedol Martin Kratochvil.<\/p>\n<p>S\u00fa\u010dasn\u00fa autorovu tvorbu prezentuj\u00fa diela spracovan\u00e9 kombin\u00e1ciou dreva a\u00a0ov\u010dej vlny technikou mokr\u00e9ho a\u00a0such\u00e9ho plstenia. Je to tradi\u010dn\u00e1 textiln\u00e1 technika, ktor\u00fa na\u0161i predkovia pou\u017e\u00edvali v\u00a0ka\u017edodennom \u017eivote pri v\u00fdrobe s\u00fa\u010dasti odevov a jeho doplnkov. Dnes sa k\u00a0nej v\u00fdtvarn\u00edci vracaj\u00fa v\u00a0novej podobe, \u010doho pr\u00edkladom je aj Martin Kratochv\u00edl.<\/p>\n<p>Vernis\u00e1\u017e v\u00fdstavy sa uskuto\u010dn\u00ed vo \u0161tvrtok 23. septembra 2010 o 17,00h. Sprievodn\u00fd program pripravila Z\u00e1kladn\u00e1 umeleck\u00e1 \u0161kola v Byt\u010di pod veden\u00edm Mgr. Katar\u00edny Hrt\u00e1nkovej.<\/p>\n<p>V\u00fdstava v Sob\u00e1\u0161nom pal\u00e1ci v Byt\u010di bude spr\u00edstupnen\u00e1 verejnosti do 17. okt\u00f3bra 2010. Organiz\u00e1torom je \u017dilinsk\u00fd samospr\u00e1vny kraj a Pova\u017esk\u00e9 m\u00fazeum v \u017diline.<\/p>\n","protected":false},"excerpt":{"rendered":"<p>Sob\u00e1\u0161ny pal\u00e1c v\u00a0Byt\u010di bude onedlho\u00a0 bilancova\u0165 svoju ro\u010dn\u00fa \u010dinnos\u0165, odkedy bol op\u00e4tovne spr\u00edstupnen\u00fd verejnosti po jeho kompletnej rekon\u0161trukcii. U\u017e teraz sa m\u00f4\u017ee pochv\u00e1li\u0165 mno\u017estvom kult\u00farnych podujat\u00ed aj medzin\u00e1rodn\u00e9ho rozmeru, dvoma st\u00e1lymi v\u00fdstavami a \u0161iestimi do\u010dasn\u00fdmi v\u00fdstavami. Vo\u00a0\u0161tvrtok 23. septembra 2010 o\u00a017,00h sa v\u00a0Sob\u00e1\u0161nom pal\u00e1ci v\u00a0Byt\u010di uskuto\u010dn\u00ed \u00a0otvorenie prvej autorskej v\u00fdstavy, talentovan\u00e9ho v\u00fdtvarn\u00edka a\u00a0rod\u00e1ka z\u00a0Byt\u010de, Martina [&hellip;]<\/p>\n","protected":false},"author":2,"featured_media":0,"comment_status":"closed","ping_status":"closed","sticky":false,"template":"","format":"standard","meta":{"site-sidebar-layout":"default","site-content-layout":"","ast-site-content-layout":"","site-content-style":"default","site-sidebar-style":"default","ast-global-header-display":"","ast-banner-title-visibility":"","ast-main-header-display":"","ast-hfb-above-header-display":"","ast-hfb-below-header-display":"","ast-hfb-mobile-header-display":"","site-post-title":"","ast-breadcrumbs-content":"","ast-featured-img":"","footer-sml-layout":"","theme-transparent-header-meta":"","adv-header-id-meta":"","stick-header-meta":"","header-above-stick-meta":"","header-main-stick-meta":"","header-below-stick-meta":"","astra-migrate-meta-layouts":"default","ast-page-background-enabled":"default","ast-page-background-meta":{"desktop":{"background-color":"var(--ast-global-color-4)","background-image":"","background-repeat":"repeat","background-position":"center center","background-size":"auto","background-attachment":"scroll","background-type":"","background-media":"","overlay-type":"","overlay-color":"","overlay-opacity":"","overlay-gradient":""},"tablet":{"background-color":"","background-image":"","background-repeat":"repeat","background-position":"center center","background-size":"auto","background-attachment":"scroll","background-type":"","background-media":"","overlay-type":"","overlay-color":"","overlay-opacity":"","overlay-gradient":""},"mobile":{"background-color":"","background-image":"","background-repeat":"repeat","background-position":"center center","background-size":"auto","background-attachment":"scroll","background-type":"","background-media":"","overlay-type":"","overlay-color":"","overlay-opacity":"","overlay-gradient":""}},"ast-content-background-meta":{"desktop":{"background-color":"var(--ast-global-color-5)","background-image":"","background-repeat":"repeat","background-position":"center center","background-size":"auto","background-attachment":"scroll","background-type":"","background-media":"","overlay-type":"","overlay-color":"","overlay-opacity":"","overlay-gradient":""},"tablet":{"background-color":"var(--ast-global-color-5)","background-image":"","background-repeat":"repeat","background-position":"center center","background-size":"auto","background-attachment":"scroll","background-type":"","background-media":"","overlay-type":"","overlay-color":"","overlay-opacity":"","overlay-gradient":""},"mobile":{"background-color":"var(--ast-global-color-5)","background-image":"","background-repeat":"repeat","background-position":"center center","background-size":"auto","background-attachment":"scroll","background-type":"","background-media":"","overlay-type":"","overlay-color":"","overlay-opacity":"","overlay-gradient":""}},"footnotes":""},"categories":[29],"tags":[],"class_list":["post-1300","post","type-post","status-publish","format-standard","hentry","category-archiv-2010"],"yoast_head":"<!-- This site is optimized with the Yoast SEO plugin v27.4 - https:\/\/yoast.com\/product\/yoast-seo-wordpress\/ -->\n<title>Prv\u00e1 autorsk\u00e1 v\u00fdstava v Sob\u00e1\u0161nom pal\u00e1ci v Byt\u010di - Pova\u017esk\u00e9 m\u00fazeum<\/title>\n<meta name=\"robots\" content=\"index, follow, max-snippet:-1, max-image-preview:large, max-video-preview:-1\" \/>\n<link rel=\"canonical\" href=\"https:\/\/pmza.sk\/?p=1300\" \/>\n<meta property=\"og:locale\" content=\"sk_SK\" \/>\n<meta property=\"og:type\" content=\"article\" \/>\n<meta property=\"og:title\" content=\"Prv\u00e1 autorsk\u00e1 v\u00fdstava v Sob\u00e1\u0161nom pal\u00e1ci v Byt\u010di - Pova\u017esk\u00e9 m\u00fazeum\" \/>\n<meta property=\"og:description\" content=\"Sob\u00e1\u0161ny pal\u00e1c v\u00a0Byt\u010di bude onedlho\u00a0 bilancova\u0165 svoju ro\u010dn\u00fa \u010dinnos\u0165, odkedy bol op\u00e4tovne spr\u00edstupnen\u00fd verejnosti po jeho kompletnej rekon\u0161trukcii. U\u017e teraz sa m\u00f4\u017ee pochv\u00e1li\u0165 mno\u017estvom kult\u00farnych podujat\u00ed aj medzin\u00e1rodn\u00e9ho rozmeru, dvoma st\u00e1lymi v\u00fdstavami a \u0161iestimi do\u010dasn\u00fdmi v\u00fdstavami. Vo\u00a0\u0161tvrtok 23. septembra 2010 o\u00a017,00h sa v\u00a0Sob\u00e1\u0161nom pal\u00e1ci v\u00a0Byt\u010di uskuto\u010dn\u00ed \u00a0otvorenie prvej autorskej v\u00fdstavy, talentovan\u00e9ho v\u00fdtvarn\u00edka a\u00a0rod\u00e1ka z\u00a0Byt\u010de, Martina [&hellip;]\" \/>\n<meta property=\"og:url\" content=\"https:\/\/pmza.sk\/?p=1300\" \/>\n<meta property=\"og:site_name\" content=\"Pova\u017esk\u00e9 m\u00fazeum\" \/>\n<meta property=\"article:publisher\" content=\"https:\/\/www.facebook.com\/povazskemuzeum\" \/>\n<meta property=\"article:published_time\" content=\"2010-09-16T08:56:45+00:00\" \/>\n<meta property=\"og:image\" content=\"https:\/\/pmza.sk.sk\/wp-content\/uploads\/2010\/09\/Mesiac-na-vode-198x300.jpg\" \/>\n<meta name=\"author\" content=\"Pova\u017esk\u00e9 m\u00fazeum\" \/>\n<meta name=\"twitter:card\" content=\"summary_large_image\" \/>\n<meta name=\"twitter:label1\" content=\"Autor\" \/>\n\t<meta name=\"twitter:data1\" content=\"Pova\u017esk\u00e9 m\u00fazeum\" \/>\n\t<meta name=\"twitter:label2\" content=\"Predpokladan\u00fd \u010das \u010d\u00edtania\" \/>\n\t<meta name=\"twitter:data2\" content=\"2 min\u00faty\" \/>\n<script type=\"application\/ld+json\" class=\"yoast-schema-graph\">{\"@context\":\"https:\\\/\\\/schema.org\",\"@graph\":[{\"@type\":\"Article\",\"@id\":\"https:\\\/\\\/pmza.sk\\\/?p=1300#article\",\"isPartOf\":{\"@id\":\"https:\\\/\\\/pmza.sk\\\/?p=1300\"},\"author\":{\"name\":\"Pova\u017esk\u00e9 m\u00fazeum\",\"@id\":\"https:\\\/\\\/pmza.sk\\\/#\\\/schema\\\/person\\\/595e6a2ce731ea94dcd5d7f50a41ae33\"},\"headline\":\"Prv\u00e1 autorsk\u00e1 v\u00fdstava v Sob\u00e1\u0161nom pal\u00e1ci v Byt\u010di\",\"datePublished\":\"2010-09-16T08:56:45+00:00\",\"mainEntityOfPage\":{\"@id\":\"https:\\\/\\\/pmza.sk\\\/?p=1300\"},\"wordCount\":404,\"publisher\":{\"@id\":\"https:\\\/\\\/pmza.sk\\\/#organization\"},\"image\":{\"@id\":\"https:\\\/\\\/pmza.sk\\\/?p=1300#primaryimage\"},\"thumbnailUrl\":\"http:\\\/\\\/pmza.sk.sk\\\/wp-content\\\/uploads\\\/2010\\\/09\\\/Mesiac-na-vode-198x300.jpg\",\"articleSection\":[\"Arch\u00edv 2010\"],\"inLanguage\":\"sk-SK\"},{\"@type\":\"WebPage\",\"@id\":\"https:\\\/\\\/pmza.sk\\\/?p=1300\",\"url\":\"https:\\\/\\\/pmza.sk\\\/?p=1300\",\"name\":\"Prv\u00e1 autorsk\u00e1 v\u00fdstava v Sob\u00e1\u0161nom pal\u00e1ci v Byt\u010di - Pova\u017esk\u00e9 m\u00fazeum\",\"isPartOf\":{\"@id\":\"https:\\\/\\\/pmza.sk\\\/#website\"},\"primaryImageOfPage\":{\"@id\":\"https:\\\/\\\/pmza.sk\\\/?p=1300#primaryimage\"},\"image\":{\"@id\":\"https:\\\/\\\/pmza.sk\\\/?p=1300#primaryimage\"},\"thumbnailUrl\":\"http:\\\/\\\/pmza.sk.sk\\\/wp-content\\\/uploads\\\/2010\\\/09\\\/Mesiac-na-vode-198x300.jpg\",\"datePublished\":\"2010-09-16T08:56:45+00:00\",\"breadcrumb\":{\"@id\":\"https:\\\/\\\/pmza.sk\\\/?p=1300#breadcrumb\"},\"inLanguage\":\"sk-SK\",\"potentialAction\":[{\"@type\":\"ReadAction\",\"target\":[\"https:\\\/\\\/pmza.sk\\\/?p=1300\"]}]},{\"@type\":\"ImageObject\",\"inLanguage\":\"sk-SK\",\"@id\":\"https:\\\/\\\/pmza.sk\\\/?p=1300#primaryimage\",\"url\":\"http:\\\/\\\/pmza.sk.sk\\\/wp-content\\\/uploads\\\/2010\\\/09\\\/Mesiac-na-vode-198x300.jpg\",\"contentUrl\":\"http:\\\/\\\/pmza.sk.sk\\\/wp-content\\\/uploads\\\/2010\\\/09\\\/Mesiac-na-vode-198x300.jpg\"},{\"@type\":\"BreadcrumbList\",\"@id\":\"https:\\\/\\\/pmza.sk\\\/?p=1300#breadcrumb\",\"itemListElement\":[{\"@type\":\"ListItem\",\"position\":1,\"name\":\"Domovsk\u00e1 str\u00e1nka\",\"item\":\"https:\\\/\\\/pmza.sk\\\/\"},{\"@type\":\"ListItem\",\"position\":2,\"name\":\"Prv\u00e1 autorsk\u00e1 v\u00fdstava v Sob\u00e1\u0161nom pal\u00e1ci v Byt\u010di\"}]},{\"@type\":\"WebSite\",\"@id\":\"https:\\\/\\\/pmza.sk\\\/#website\",\"url\":\"https:\\\/\\\/pmza.sk\\\/\",\"name\":\"Pova\u017esk\u00e9 m\u00fazeum\",\"description\":\"Pova\u017esk\u00e9 m\u00fazeum v \u017diline je region\u00e1lne m\u00fazeum so s\u00eddlom v Budat\u00edne. Jeho expoz\u00edcie s\u00fa zameran\u00e9 na dejiny slovensk\u00e9ho umenia, kult\u00fary a dopravy.\",\"publisher\":{\"@id\":\"https:\\\/\\\/pmza.sk\\\/#organization\"},\"potentialAction\":[{\"@type\":\"SearchAction\",\"target\":{\"@type\":\"EntryPoint\",\"urlTemplate\":\"https:\\\/\\\/pmza.sk\\\/?s={search_term_string}\"},\"query-input\":{\"@type\":\"PropertyValueSpecification\",\"valueRequired\":true,\"valueName\":\"search_term_string\"}}],\"inLanguage\":\"sk-SK\"},{\"@type\":\"Organization\",\"@id\":\"https:\\\/\\\/pmza.sk\\\/#organization\",\"name\":\"Pova\u017esk\u00e9 m\u00fazeum\",\"url\":\"https:\\\/\\\/pmza.sk\\\/\",\"logo\":{\"@type\":\"ImageObject\",\"inLanguage\":\"sk-SK\",\"@id\":\"https:\\\/\\\/pmza.sk\\\/#\\\/schema\\\/logo\\\/image\\\/\",\"url\":\"https:\\\/\\\/pmza.sk\\\/wp-content\\\/uploads\\\/2022\\\/01\\\/logo_PM_horizontal.jpg\",\"contentUrl\":\"https:\\\/\\\/pmza.sk\\\/wp-content\\\/uploads\\\/2022\\\/01\\\/logo_PM_horizontal.jpg\",\"width\":231,\"height\":142,\"caption\":\"Pova\u017esk\u00e9 m\u00fazeum\"},\"image\":{\"@id\":\"https:\\\/\\\/pmza.sk\\\/#\\\/schema\\\/logo\\\/image\\\/\"},\"sameAs\":[\"https:\\\/\\\/www.facebook.com\\\/povazskemuzeum\",\"https:\\\/\\\/www.instagram.com\\\/povazskemuzeum\\\/\"]},{\"@type\":\"Person\",\"@id\":\"https:\\\/\\\/pmza.sk\\\/#\\\/schema\\\/person\\\/595e6a2ce731ea94dcd5d7f50a41ae33\",\"name\":\"Pova\u017esk\u00e9 m\u00fazeum\",\"image\":{\"@type\":\"ImageObject\",\"inLanguage\":\"sk-SK\",\"@id\":\"https:\\\/\\\/secure.gravatar.com\\\/avatar\\\/2bb7f1561282132fb5826dfeccc66c7996d11ee392ac6aaf7ced8a1c2027fbb2?s=96&d=mm&r=g\",\"url\":\"https:\\\/\\\/secure.gravatar.com\\\/avatar\\\/2bb7f1561282132fb5826dfeccc66c7996d11ee392ac6aaf7ced8a1c2027fbb2?s=96&d=mm&r=g\",\"contentUrl\":\"https:\\\/\\\/secure.gravatar.com\\\/avatar\\\/2bb7f1561282132fb5826dfeccc66c7996d11ee392ac6aaf7ced8a1c2027fbb2?s=96&d=mm&r=g\",\"caption\":\"Pova\u017esk\u00e9 m\u00fazeum\"}}]}<\/script>\n<!-- \/ Yoast SEO plugin. -->","yoast_head_json":{"title":"Prv\u00e1 autorsk\u00e1 v\u00fdstava v Sob\u00e1\u0161nom pal\u00e1ci v Byt\u010di - Pova\u017esk\u00e9 m\u00fazeum","robots":{"index":"index","follow":"follow","max-snippet":"max-snippet:-1","max-image-preview":"max-image-preview:large","max-video-preview":"max-video-preview:-1"},"canonical":"https:\/\/pmza.sk\/?p=1300","og_locale":"sk_SK","og_type":"article","og_title":"Prv\u00e1 autorsk\u00e1 v\u00fdstava v Sob\u00e1\u0161nom pal\u00e1ci v Byt\u010di - Pova\u017esk\u00e9 m\u00fazeum","og_description":"Sob\u00e1\u0161ny pal\u00e1c v\u00a0Byt\u010di bude onedlho\u00a0 bilancova\u0165 svoju ro\u010dn\u00fa \u010dinnos\u0165, odkedy bol op\u00e4tovne spr\u00edstupnen\u00fd verejnosti po jeho kompletnej rekon\u0161trukcii. U\u017e teraz sa m\u00f4\u017ee pochv\u00e1li\u0165 mno\u017estvom kult\u00farnych podujat\u00ed aj medzin\u00e1rodn\u00e9ho rozmeru, dvoma st\u00e1lymi v\u00fdstavami a \u0161iestimi do\u010dasn\u00fdmi v\u00fdstavami. Vo\u00a0\u0161tvrtok 23. septembra 2010 o\u00a017,00h sa v\u00a0Sob\u00e1\u0161nom pal\u00e1ci v\u00a0Byt\u010di uskuto\u010dn\u00ed \u00a0otvorenie prvej autorskej v\u00fdstavy, talentovan\u00e9ho v\u00fdtvarn\u00edka a\u00a0rod\u00e1ka z\u00a0Byt\u010de, Martina [&hellip;]","og_url":"https:\/\/pmza.sk\/?p=1300","og_site_name":"Pova\u017esk\u00e9 m\u00fazeum","article_publisher":"https:\/\/www.facebook.com\/povazskemuzeum","article_published_time":"2010-09-16T08:56:45+00:00","og_image":[{"url":"https:\/\/pmza.sk.sk\/wp-content\/uploads\/2010\/09\/Mesiac-na-vode-198x300.jpg","type":"","width":"","height":""}],"author":"Pova\u017esk\u00e9 m\u00fazeum","twitter_card":"summary_large_image","twitter_misc":{"Autor":"Pova\u017esk\u00e9 m\u00fazeum","Predpokladan\u00fd \u010das \u010d\u00edtania":"2 min\u00faty"},"schema":{"@context":"https:\/\/schema.org","@graph":[{"@type":"Article","@id":"https:\/\/pmza.sk\/?p=1300#article","isPartOf":{"@id":"https:\/\/pmza.sk\/?p=1300"},"author":{"name":"Pova\u017esk\u00e9 m\u00fazeum","@id":"https:\/\/pmza.sk\/#\/schema\/person\/595e6a2ce731ea94dcd5d7f50a41ae33"},"headline":"Prv\u00e1 autorsk\u00e1 v\u00fdstava v Sob\u00e1\u0161nom pal\u00e1ci v Byt\u010di","datePublished":"2010-09-16T08:56:45+00:00","mainEntityOfPage":{"@id":"https:\/\/pmza.sk\/?p=1300"},"wordCount":404,"publisher":{"@id":"https:\/\/pmza.sk\/#organization"},"image":{"@id":"https:\/\/pmza.sk\/?p=1300#primaryimage"},"thumbnailUrl":"https:\/\/pmza.sk.sk\/wp-content\/uploads\/2010\/09\/Mesiac-na-vode-198x300.jpg","articleSection":["Arch\u00edv 2010"],"inLanguage":"sk-SK"},{"@type":"WebPage","@id":"https:\/\/pmza.sk\/?p=1300","url":"https:\/\/pmza.sk\/?p=1300","name":"Prv\u00e1 autorsk\u00e1 v\u00fdstava v Sob\u00e1\u0161nom pal\u00e1ci v Byt\u010di - Pova\u017esk\u00e9 m\u00fazeum","isPartOf":{"@id":"https:\/\/pmza.sk\/#website"},"primaryImageOfPage":{"@id":"https:\/\/pmza.sk\/?p=1300#primaryimage"},"image":{"@id":"https:\/\/pmza.sk\/?p=1300#primaryimage"},"thumbnailUrl":"https:\/\/pmza.sk.sk\/wp-content\/uploads\/2010\/09\/Mesiac-na-vode-198x300.jpg","datePublished":"2010-09-16T08:56:45+00:00","breadcrumb":{"@id":"https:\/\/pmza.sk\/?p=1300#breadcrumb"},"inLanguage":"sk-SK","potentialAction":[{"@type":"ReadAction","target":["https:\/\/pmza.sk\/?p=1300"]}]},{"@type":"ImageObject","inLanguage":"sk-SK","@id":"https:\/\/pmza.sk\/?p=1300#primaryimage","url":"https:\/\/pmza.sk.sk\/wp-content\/uploads\/2010\/09\/Mesiac-na-vode-198x300.jpg","contentUrl":"https:\/\/pmza.sk.sk\/wp-content\/uploads\/2010\/09\/Mesiac-na-vode-198x300.jpg"},{"@type":"BreadcrumbList","@id":"https:\/\/pmza.sk\/?p=1300#breadcrumb","itemListElement":[{"@type":"ListItem","position":1,"name":"Domovsk\u00e1 str\u00e1nka","item":"https:\/\/pmza.sk\/"},{"@type":"ListItem","position":2,"name":"Prv\u00e1 autorsk\u00e1 v\u00fdstava v Sob\u00e1\u0161nom pal\u00e1ci v Byt\u010di"}]},{"@type":"WebSite","@id":"https:\/\/pmza.sk\/#website","url":"https:\/\/pmza.sk\/","name":"Pova\u017esk\u00e9 m\u00fazeum","description":"Pova\u017esk\u00e9 m\u00fazeum v \u017diline je region\u00e1lne m\u00fazeum so s\u00eddlom v Budat\u00edne. Jeho expoz\u00edcie s\u00fa zameran\u00e9 na dejiny slovensk\u00e9ho umenia, kult\u00fary a dopravy.","publisher":{"@id":"https:\/\/pmza.sk\/#organization"},"potentialAction":[{"@type":"SearchAction","target":{"@type":"EntryPoint","urlTemplate":"https:\/\/pmza.sk\/?s={search_term_string}"},"query-input":{"@type":"PropertyValueSpecification","valueRequired":true,"valueName":"search_term_string"}}],"inLanguage":"sk-SK"},{"@type":"Organization","@id":"https:\/\/pmza.sk\/#organization","name":"Pova\u017esk\u00e9 m\u00fazeum","url":"https:\/\/pmza.sk\/","logo":{"@type":"ImageObject","inLanguage":"sk-SK","@id":"https:\/\/pmza.sk\/#\/schema\/logo\/image\/","url":"https:\/\/pmza.sk\/wp-content\/uploads\/2022\/01\/logo_PM_horizontal.jpg","contentUrl":"https:\/\/pmza.sk\/wp-content\/uploads\/2022\/01\/logo_PM_horizontal.jpg","width":231,"height":142,"caption":"Pova\u017esk\u00e9 m\u00fazeum"},"image":{"@id":"https:\/\/pmza.sk\/#\/schema\/logo\/image\/"},"sameAs":["https:\/\/www.facebook.com\/povazskemuzeum","https:\/\/www.instagram.com\/povazskemuzeum\/"]},{"@type":"Person","@id":"https:\/\/pmza.sk\/#\/schema\/person\/595e6a2ce731ea94dcd5d7f50a41ae33","name":"Pova\u017esk\u00e9 m\u00fazeum","image":{"@type":"ImageObject","inLanguage":"sk-SK","@id":"https:\/\/secure.gravatar.com\/avatar\/2bb7f1561282132fb5826dfeccc66c7996d11ee392ac6aaf7ced8a1c2027fbb2?s=96&d=mm&r=g","url":"https:\/\/secure.gravatar.com\/avatar\/2bb7f1561282132fb5826dfeccc66c7996d11ee392ac6aaf7ced8a1c2027fbb2?s=96&d=mm&r=g","contentUrl":"https:\/\/secure.gravatar.com\/avatar\/2bb7f1561282132fb5826dfeccc66c7996d11ee392ac6aaf7ced8a1c2027fbb2?s=96&d=mm&r=g","caption":"Pova\u017esk\u00e9 m\u00fazeum"}}]}},"_links":{"self":[{"href":"https:\/\/pmza.sk\/index.php?rest_route=\/wp\/v2\/posts\/1300","targetHints":{"allow":["GET"]}}],"collection":[{"href":"https:\/\/pmza.sk\/index.php?rest_route=\/wp\/v2\/posts"}],"about":[{"href":"https:\/\/pmza.sk\/index.php?rest_route=\/wp\/v2\/types\/post"}],"author":[{"embeddable":true,"href":"https:\/\/pmza.sk\/index.php?rest_route=\/wp\/v2\/users\/2"}],"replies":[{"embeddable":true,"href":"https:\/\/pmza.sk\/index.php?rest_route=%2Fwp%2Fv2%2Fcomments&post=1300"}],"version-history":[{"count":0,"href":"https:\/\/pmza.sk\/index.php?rest_route=\/wp\/v2\/posts\/1300\/revisions"}],"wp:attachment":[{"href":"https:\/\/pmza.sk\/index.php?rest_route=%2Fwp%2Fv2%2Fmedia&parent=1300"}],"wp:term":[{"taxonomy":"category","embeddable":true,"href":"https:\/\/pmza.sk\/index.php?rest_route=%2Fwp%2Fv2%2Fcategories&post=1300"},{"taxonomy":"post_tag","embeddable":true,"href":"https:\/\/pmza.sk\/index.php?rest_route=%2Fwp%2Fv2%2Ftags&post=1300"}],"curies":[{"name":"wp","href":"https:\/\/api.w.org\/{rel}","templated":true}]}}