{"id":13002,"date":"2015-07-02T15:46:56","date_gmt":"2015-07-02T13:46:56","guid":{"rendered":"https:\/\/pmza.sk.sk\/?p=13002"},"modified":"2015-07-02T15:46:56","modified_gmt":"2015-07-02T13:46:56","slug":"bez-kaplnky-nie-je-hrad-odovzdanie-staveniska","status":"publish","type":"post","link":"https:\/\/pmza.sk\/?p=13002","title":{"rendered":"&#8222;Bez kaplnky nie je hrad&#8220; &#8211; odovzdanie staveniska"},"content":{"rendered":"<p>D\u0148a 2. j\u00fala 2015 do\u0161lo k\u00a0odovzdaniu a\u00a0n\u00e1sledn\u00e9mu prevzatiu staveniska \u201eAre\u00e1l Budat\u00ednskeho z\u00e1mku \u2013 stavebn\u00e9 \u00fapravy, 010 01 \u017dilina &#8211; Budat\u00edn, I. etapa \u2013 Obnova objektu Hospod\u00e1rskej budovy, \u010das\u0165 Kaplnka\u201c, ktor\u00fa realizuje \u017dilinsk\u00fd samospr\u00e1vny kraj v r\u00e1mci projektu: \u201eBez kaplnky nie je hrad\u201c, hraden\u00e9ho z N\u00f3rskeho finan\u010dn\u00e9ho mechanizmu.<\/p>\n<p>\u0160pecifikom projektu je, \u017ee pr\u00e1ve t\u00e1to etapa projektu m\u00e1 zabezpe\u010di\u0165, aby p\u00f4\u017eitok z n\u00e1v\u0161tevy hradu mali aj imobiln\u00ed n\u00e1v\u0161tevn\u00edci, \u010d\u00edm sa sleduje t\u00e9ma rovnosti pr\u00edle\u017eitost\u00ed. Pre tento \u00fa\u010del bude do kaplnky zrealizovan\u00fd bezbari\u00e9rov\u00fd pr\u00edstup a v kaplnke bude k dispoz\u00edcii v\u00fdpo\u010dtov\u00e1 technika umo\u017e\u0148uj\u00faca zrealizova\u0165 virtu\u00e1lnu prehliadku hradn\u00fdch expoz\u00edci\u00ed a tie\u017e virtu\u00e1lnu n\u00e1v\u0161tevu hradnej ve\u017ee s panoramatick\u00fdm poh\u013eadom do okolia.<\/p>\n<p><strong>Celkov\u00e9 opr\u00e1vnen\u00e9 v\u00fddavky:<\/strong> 522 020 \u20ac<\/p>\n<p><strong>Z\u00edskan\u00fd projektov\u00fd grant: <\/strong>443 717 \u20ac<\/p>\n<p><strong>Spolufinancovanie \u017dSK: <\/strong>78 303 \u20ac<\/p>\n<p>&nbsp;<\/p>\n<p>&nbsp;<\/p>\n","protected":false},"excerpt":{"rendered":"<p>D\u0148a 2. j\u00fala 2015 do\u0161lo k\u00a0odovzdaniu a\u00a0n\u00e1sledn\u00e9mu prevzatiu staveniska \u201eAre\u00e1l Budat\u00ednskeho z\u00e1mku \u2013 stavebn\u00e9 \u00fapravy, 010 01 \u017dilina &#8211; Budat\u00edn, I. etapa \u2013 Obnova objektu Hospod\u00e1rskej budovy, \u010das\u0165 Kaplnka\u201c, ktor\u00fa realizuje \u017dilinsk\u00fd samospr\u00e1vny kraj v r\u00e1mci projektu: \u201eBez kaplnky nie je hrad\u201c, hraden\u00e9ho z N\u00f3rskeho finan\u010dn\u00e9ho mechanizmu. \u0160pecifikom projektu je, \u017ee pr\u00e1ve t\u00e1to etapa projektu [&hellip;]<\/p>\n","protected":false},"author":2,"featured_media":13004,"comment_status":"closed","ping_status":"closed","sticky":false,"template":"","format":"standard","meta":{"site-sidebar-layout":"default","site-content-layout":"","ast-site-content-layout":"","site-content-style":"default","site-sidebar-style":"default","ast-global-header-display":"","ast-banner-title-visibility":"","ast-main-header-display":"","ast-hfb-above-header-display":"","ast-hfb-below-header-display":"","ast-hfb-mobile-header-display":"","site-post-title":"","ast-breadcrumbs-content":"","ast-featured-img":"","footer-sml-layout":"","theme-transparent-header-meta":"","adv-header-id-meta":"","stick-header-meta":"","header-above-stick-meta":"","header-main-stick-meta":"","header-below-stick-meta":"","astra-migrate-meta-layouts":"default","ast-page-background-enabled":"default","ast-page-background-meta":{"desktop":{"background-color":"var(--ast-global-color-4)","background-image":"","background-repeat":"repeat","background-position":"center center","background-size":"auto","background-attachment":"scroll","background-type":"","background-media":"","overlay-type":"","overlay-color":"","overlay-opacity":"","overlay-gradient":""},"tablet":{"background-color":"","background-image":"","background-repeat":"repeat","background-position":"center center","background-size":"auto","background-attachment":"scroll","background-type":"","background-media":"","overlay-type":"","overlay-color":"","overlay-opacity":"","overlay-gradient":""},"mobile":{"background-color":"","background-image":"","background-repeat":"repeat","background-position":"center center","background-size":"auto","background-attachment":"scroll","background-type":"","background-media":"","overlay-type":"","overlay-color":"","overlay-opacity":"","overlay-gradient":""}},"ast-content-background-meta":{"desktop":{"background-color":"var(--ast-global-color-5)","background-image":"","background-repeat":"repeat","background-position":"center center","background-size":"auto","background-attachment":"scroll","background-type":"","background-media":"","overlay-type":"","overlay-color":"","overlay-opacity":"","overlay-gradient":""},"tablet":{"background-color":"var(--ast-global-color-5)","background-image":"","background-repeat":"repeat","background-position":"center center","background-size":"auto","background-attachment":"scroll","background-type":"","background-media":"","overlay-type":"","overlay-color":"","overlay-opacity":"","overlay-gradient":""},"mobile":{"background-color":"var(--ast-global-color-5)","background-image":"","background-repeat":"repeat","background-position":"center center","background-size":"auto","background-attachment":"scroll","background-type":"","background-media":"","overlay-type":"","overlay-color":"","overlay-opacity":"","overlay-gradient":""}},"footnotes":""},"categories":[38],"tags":[],"class_list":["post-13002","post","type-post","status-publish","format-standard","has-post-thumbnail","hentry","category-archiv-2015"],"yoast_head":"<!-- This site is optimized with the Yoast SEO plugin v27.4 - https:\/\/yoast.com\/product\/yoast-seo-wordpress\/ -->\n<title>&quot;Bez kaplnky nie je hrad&quot; - odovzdanie staveniska - Pova\u017esk\u00e9 m\u00fazeum<\/title>\n<meta name=\"robots\" content=\"index, follow, max-snippet:-1, max-image-preview:large, max-video-preview:-1\" \/>\n<link rel=\"canonical\" href=\"https:\/\/pmza.sk\/?p=13002\" \/>\n<meta property=\"og:locale\" content=\"sk_SK\" \/>\n<meta property=\"og:type\" content=\"article\" \/>\n<meta property=\"og:title\" content=\"&quot;Bez kaplnky nie je hrad&quot; - odovzdanie staveniska - Pova\u017esk\u00e9 m\u00fazeum\" \/>\n<meta property=\"og:description\" content=\"D\u0148a 2. j\u00fala 2015 do\u0161lo k\u00a0odovzdaniu a\u00a0n\u00e1sledn\u00e9mu prevzatiu staveniska \u201eAre\u00e1l Budat\u00ednskeho z\u00e1mku \u2013 stavebn\u00e9 \u00fapravy, 010 01 \u017dilina &#8211; Budat\u00edn, I. etapa \u2013 Obnova objektu Hospod\u00e1rskej budovy, \u010das\u0165 Kaplnka\u201c, ktor\u00fa realizuje \u017dilinsk\u00fd samospr\u00e1vny kraj v r\u00e1mci projektu: \u201eBez kaplnky nie je hrad\u201c, hraden\u00e9ho z N\u00f3rskeho finan\u010dn\u00e9ho mechanizmu. \u0160pecifikom projektu je, \u017ee pr\u00e1ve t\u00e1to etapa projektu [&hellip;]\" \/>\n<meta property=\"og:url\" content=\"https:\/\/pmza.sk\/?p=13002\" \/>\n<meta property=\"og:site_name\" content=\"Pova\u017esk\u00e9 m\u00fazeum\" \/>\n<meta property=\"article:publisher\" content=\"https:\/\/www.facebook.com\/povazskemuzeum\" \/>\n<meta property=\"article:published_time\" content=\"2015-07-02T13:46:56+00:00\" \/>\n<meta property=\"og:image\" content=\"https:\/\/pmza.sk\/wp-content\/uploads\/2015\/07\/kaplnka-zmensena-na-web.jpg\" \/>\n\t<meta property=\"og:image:width\" content=\"1024\" \/>\n\t<meta property=\"og:image:height\" content=\"668\" \/>\n\t<meta property=\"og:image:type\" content=\"image\/jpeg\" \/>\n<meta name=\"author\" content=\"Pova\u017esk\u00e9 m\u00fazeum\" \/>\n<meta name=\"twitter:card\" content=\"summary_large_image\" \/>\n<meta name=\"twitter:label1\" content=\"Autor\" \/>\n\t<meta name=\"twitter:data1\" content=\"Pova\u017esk\u00e9 m\u00fazeum\" \/>\n\t<meta name=\"twitter:label2\" content=\"Predpokladan\u00fd \u010das \u010d\u00edtania\" \/>\n\t<meta name=\"twitter:data2\" content=\"1 min\u00fata\" \/>\n<script type=\"application\/ld+json\" class=\"yoast-schema-graph\">{\"@context\":\"https:\\\/\\\/schema.org\",\"@graph\":[{\"@type\":\"Article\",\"@id\":\"https:\\\/\\\/pmza.sk\\\/?p=13002#article\",\"isPartOf\":{\"@id\":\"https:\\\/\\\/pmza.sk\\\/?p=13002\"},\"author\":{\"name\":\"Pova\u017esk\u00e9 m\u00fazeum\",\"@id\":\"https:\\\/\\\/pmza.sk\\\/#\\\/schema\\\/person\\\/595e6a2ce731ea94dcd5d7f50a41ae33\"},\"headline\":\"&#8222;Bez kaplnky nie je hrad&#8220; &#8211; odovzdanie staveniska\",\"datePublished\":\"2015-07-02T13:46:56+00:00\",\"mainEntityOfPage\":{\"@id\":\"https:\\\/\\\/pmza.sk\\\/?p=13002\"},\"wordCount\":167,\"publisher\":{\"@id\":\"https:\\\/\\\/pmza.sk\\\/#organization\"},\"image\":{\"@id\":\"https:\\\/\\\/pmza.sk\\\/?p=13002#primaryimage\"},\"thumbnailUrl\":\"https:\\\/\\\/pmza.sk\\\/wp-content\\\/uploads\\\/2015\\\/07\\\/kaplnka-zmensena-na-web.jpg\",\"articleSection\":[\"Arch\u00edv 2015\"],\"inLanguage\":\"sk-SK\"},{\"@type\":\"WebPage\",\"@id\":\"https:\\\/\\\/pmza.sk\\\/?p=13002\",\"url\":\"https:\\\/\\\/pmza.sk\\\/?p=13002\",\"name\":\"\\\"Bez kaplnky nie je hrad\\\" - odovzdanie staveniska - Pova\u017esk\u00e9 m\u00fazeum\",\"isPartOf\":{\"@id\":\"https:\\\/\\\/pmza.sk\\\/#website\"},\"primaryImageOfPage\":{\"@id\":\"https:\\\/\\\/pmza.sk\\\/?p=13002#primaryimage\"},\"image\":{\"@id\":\"https:\\\/\\\/pmza.sk\\\/?p=13002#primaryimage\"},\"thumbnailUrl\":\"https:\\\/\\\/pmza.sk\\\/wp-content\\\/uploads\\\/2015\\\/07\\\/kaplnka-zmensena-na-web.jpg\",\"datePublished\":\"2015-07-02T13:46:56+00:00\",\"breadcrumb\":{\"@id\":\"https:\\\/\\\/pmza.sk\\\/?p=13002#breadcrumb\"},\"inLanguage\":\"sk-SK\",\"potentialAction\":[{\"@type\":\"ReadAction\",\"target\":[\"https:\\\/\\\/pmza.sk\\\/?p=13002\"]}]},{\"@type\":\"ImageObject\",\"inLanguage\":\"sk-SK\",\"@id\":\"https:\\\/\\\/pmza.sk\\\/?p=13002#primaryimage\",\"url\":\"https:\\\/\\\/pmza.sk\\\/wp-content\\\/uploads\\\/2015\\\/07\\\/kaplnka-zmensena-na-web.jpg\",\"contentUrl\":\"https:\\\/\\\/pmza.sk\\\/wp-content\\\/uploads\\\/2015\\\/07\\\/kaplnka-zmensena-na-web.jpg\",\"width\":1024,\"height\":668},{\"@type\":\"BreadcrumbList\",\"@id\":\"https:\\\/\\\/pmza.sk\\\/?p=13002#breadcrumb\",\"itemListElement\":[{\"@type\":\"ListItem\",\"position\":1,\"name\":\"Domovsk\u00e1 str\u00e1nka\",\"item\":\"https:\\\/\\\/pmza.sk\\\/\"},{\"@type\":\"ListItem\",\"position\":2,\"name\":\"&#8222;Bez kaplnky nie je hrad&#8220; &#8211; odovzdanie staveniska\"}]},{\"@type\":\"WebSite\",\"@id\":\"https:\\\/\\\/pmza.sk\\\/#website\",\"url\":\"https:\\\/\\\/pmza.sk\\\/\",\"name\":\"Pova\u017esk\u00e9 m\u00fazeum\",\"description\":\"Pova\u017esk\u00e9 m\u00fazeum v \u017diline je region\u00e1lne m\u00fazeum so s\u00eddlom v Budat\u00edne. Jeho expoz\u00edcie s\u00fa zameran\u00e9 na dejiny slovensk\u00e9ho umenia, kult\u00fary a dopravy.\",\"publisher\":{\"@id\":\"https:\\\/\\\/pmza.sk\\\/#organization\"},\"potentialAction\":[{\"@type\":\"SearchAction\",\"target\":{\"@type\":\"EntryPoint\",\"urlTemplate\":\"https:\\\/\\\/pmza.sk\\\/?s={search_term_string}\"},\"query-input\":{\"@type\":\"PropertyValueSpecification\",\"valueRequired\":true,\"valueName\":\"search_term_string\"}}],\"inLanguage\":\"sk-SK\"},{\"@type\":\"Organization\",\"@id\":\"https:\\\/\\\/pmza.sk\\\/#organization\",\"name\":\"Pova\u017esk\u00e9 m\u00fazeum\",\"url\":\"https:\\\/\\\/pmza.sk\\\/\",\"logo\":{\"@type\":\"ImageObject\",\"inLanguage\":\"sk-SK\",\"@id\":\"https:\\\/\\\/pmza.sk\\\/#\\\/schema\\\/logo\\\/image\\\/\",\"url\":\"https:\\\/\\\/pmza.sk\\\/wp-content\\\/uploads\\\/2022\\\/01\\\/logo_PM_horizontal.jpg\",\"contentUrl\":\"https:\\\/\\\/pmza.sk\\\/wp-content\\\/uploads\\\/2022\\\/01\\\/logo_PM_horizontal.jpg\",\"width\":231,\"height\":142,\"caption\":\"Pova\u017esk\u00e9 m\u00fazeum\"},\"image\":{\"@id\":\"https:\\\/\\\/pmza.sk\\\/#\\\/schema\\\/logo\\\/image\\\/\"},\"sameAs\":[\"https:\\\/\\\/www.facebook.com\\\/povazskemuzeum\",\"https:\\\/\\\/www.instagram.com\\\/povazskemuzeum\\\/\"]},{\"@type\":\"Person\",\"@id\":\"https:\\\/\\\/pmza.sk\\\/#\\\/schema\\\/person\\\/595e6a2ce731ea94dcd5d7f50a41ae33\",\"name\":\"Pova\u017esk\u00e9 m\u00fazeum\",\"image\":{\"@type\":\"ImageObject\",\"inLanguage\":\"sk-SK\",\"@id\":\"https:\\\/\\\/secure.gravatar.com\\\/avatar\\\/2bb7f1561282132fb5826dfeccc66c7996d11ee392ac6aaf7ced8a1c2027fbb2?s=96&d=mm&r=g\",\"url\":\"https:\\\/\\\/secure.gravatar.com\\\/avatar\\\/2bb7f1561282132fb5826dfeccc66c7996d11ee392ac6aaf7ced8a1c2027fbb2?s=96&d=mm&r=g\",\"contentUrl\":\"https:\\\/\\\/secure.gravatar.com\\\/avatar\\\/2bb7f1561282132fb5826dfeccc66c7996d11ee392ac6aaf7ced8a1c2027fbb2?s=96&d=mm&r=g\",\"caption\":\"Pova\u017esk\u00e9 m\u00fazeum\"}}]}<\/script>\n<!-- \/ Yoast SEO plugin. -->","yoast_head_json":{"title":"\"Bez kaplnky nie je hrad\" - odovzdanie staveniska - Pova\u017esk\u00e9 m\u00fazeum","robots":{"index":"index","follow":"follow","max-snippet":"max-snippet:-1","max-image-preview":"max-image-preview:large","max-video-preview":"max-video-preview:-1"},"canonical":"https:\/\/pmza.sk\/?p=13002","og_locale":"sk_SK","og_type":"article","og_title":"\"Bez kaplnky nie je hrad\" - odovzdanie staveniska - Pova\u017esk\u00e9 m\u00fazeum","og_description":"D\u0148a 2. j\u00fala 2015 do\u0161lo k\u00a0odovzdaniu a\u00a0n\u00e1sledn\u00e9mu prevzatiu staveniska \u201eAre\u00e1l Budat\u00ednskeho z\u00e1mku \u2013 stavebn\u00e9 \u00fapravy, 010 01 \u017dilina &#8211; Budat\u00edn, I. etapa \u2013 Obnova objektu Hospod\u00e1rskej budovy, \u010das\u0165 Kaplnka\u201c, ktor\u00fa realizuje \u017dilinsk\u00fd samospr\u00e1vny kraj v r\u00e1mci projektu: \u201eBez kaplnky nie je hrad\u201c, hraden\u00e9ho z N\u00f3rskeho finan\u010dn\u00e9ho mechanizmu. \u0160pecifikom projektu je, \u017ee pr\u00e1ve t\u00e1to etapa projektu [&hellip;]","og_url":"https:\/\/pmza.sk\/?p=13002","og_site_name":"Pova\u017esk\u00e9 m\u00fazeum","article_publisher":"https:\/\/www.facebook.com\/povazskemuzeum","article_published_time":"2015-07-02T13:46:56+00:00","og_image":[{"width":1024,"height":668,"url":"https:\/\/pmza.sk\/wp-content\/uploads\/2015\/07\/kaplnka-zmensena-na-web.jpg","type":"image\/jpeg"}],"author":"Pova\u017esk\u00e9 m\u00fazeum","twitter_card":"summary_large_image","twitter_misc":{"Autor":"Pova\u017esk\u00e9 m\u00fazeum","Predpokladan\u00fd \u010das \u010d\u00edtania":"1 min\u00fata"},"schema":{"@context":"https:\/\/schema.org","@graph":[{"@type":"Article","@id":"https:\/\/pmza.sk\/?p=13002#article","isPartOf":{"@id":"https:\/\/pmza.sk\/?p=13002"},"author":{"name":"Pova\u017esk\u00e9 m\u00fazeum","@id":"https:\/\/pmza.sk\/#\/schema\/person\/595e6a2ce731ea94dcd5d7f50a41ae33"},"headline":"&#8222;Bez kaplnky nie je hrad&#8220; &#8211; odovzdanie staveniska","datePublished":"2015-07-02T13:46:56+00:00","mainEntityOfPage":{"@id":"https:\/\/pmza.sk\/?p=13002"},"wordCount":167,"publisher":{"@id":"https:\/\/pmza.sk\/#organization"},"image":{"@id":"https:\/\/pmza.sk\/?p=13002#primaryimage"},"thumbnailUrl":"https:\/\/pmza.sk\/wp-content\/uploads\/2015\/07\/kaplnka-zmensena-na-web.jpg","articleSection":["Arch\u00edv 2015"],"inLanguage":"sk-SK"},{"@type":"WebPage","@id":"https:\/\/pmza.sk\/?p=13002","url":"https:\/\/pmza.sk\/?p=13002","name":"\"Bez kaplnky nie je hrad\" - odovzdanie staveniska - Pova\u017esk\u00e9 m\u00fazeum","isPartOf":{"@id":"https:\/\/pmza.sk\/#website"},"primaryImageOfPage":{"@id":"https:\/\/pmza.sk\/?p=13002#primaryimage"},"image":{"@id":"https:\/\/pmza.sk\/?p=13002#primaryimage"},"thumbnailUrl":"https:\/\/pmza.sk\/wp-content\/uploads\/2015\/07\/kaplnka-zmensena-na-web.jpg","datePublished":"2015-07-02T13:46:56+00:00","breadcrumb":{"@id":"https:\/\/pmza.sk\/?p=13002#breadcrumb"},"inLanguage":"sk-SK","potentialAction":[{"@type":"ReadAction","target":["https:\/\/pmza.sk\/?p=13002"]}]},{"@type":"ImageObject","inLanguage":"sk-SK","@id":"https:\/\/pmza.sk\/?p=13002#primaryimage","url":"https:\/\/pmza.sk\/wp-content\/uploads\/2015\/07\/kaplnka-zmensena-na-web.jpg","contentUrl":"https:\/\/pmza.sk\/wp-content\/uploads\/2015\/07\/kaplnka-zmensena-na-web.jpg","width":1024,"height":668},{"@type":"BreadcrumbList","@id":"https:\/\/pmza.sk\/?p=13002#breadcrumb","itemListElement":[{"@type":"ListItem","position":1,"name":"Domovsk\u00e1 str\u00e1nka","item":"https:\/\/pmza.sk\/"},{"@type":"ListItem","position":2,"name":"&#8222;Bez kaplnky nie je hrad&#8220; &#8211; odovzdanie staveniska"}]},{"@type":"WebSite","@id":"https:\/\/pmza.sk\/#website","url":"https:\/\/pmza.sk\/","name":"Pova\u017esk\u00e9 m\u00fazeum","description":"Pova\u017esk\u00e9 m\u00fazeum v \u017diline je region\u00e1lne m\u00fazeum so s\u00eddlom v Budat\u00edne. Jeho expoz\u00edcie s\u00fa zameran\u00e9 na dejiny slovensk\u00e9ho umenia, kult\u00fary a dopravy.","publisher":{"@id":"https:\/\/pmza.sk\/#organization"},"potentialAction":[{"@type":"SearchAction","target":{"@type":"EntryPoint","urlTemplate":"https:\/\/pmza.sk\/?s={search_term_string}"},"query-input":{"@type":"PropertyValueSpecification","valueRequired":true,"valueName":"search_term_string"}}],"inLanguage":"sk-SK"},{"@type":"Organization","@id":"https:\/\/pmza.sk\/#organization","name":"Pova\u017esk\u00e9 m\u00fazeum","url":"https:\/\/pmza.sk\/","logo":{"@type":"ImageObject","inLanguage":"sk-SK","@id":"https:\/\/pmza.sk\/#\/schema\/logo\/image\/","url":"https:\/\/pmza.sk\/wp-content\/uploads\/2022\/01\/logo_PM_horizontal.jpg","contentUrl":"https:\/\/pmza.sk\/wp-content\/uploads\/2022\/01\/logo_PM_horizontal.jpg","width":231,"height":142,"caption":"Pova\u017esk\u00e9 m\u00fazeum"},"image":{"@id":"https:\/\/pmza.sk\/#\/schema\/logo\/image\/"},"sameAs":["https:\/\/www.facebook.com\/povazskemuzeum","https:\/\/www.instagram.com\/povazskemuzeum\/"]},{"@type":"Person","@id":"https:\/\/pmza.sk\/#\/schema\/person\/595e6a2ce731ea94dcd5d7f50a41ae33","name":"Pova\u017esk\u00e9 m\u00fazeum","image":{"@type":"ImageObject","inLanguage":"sk-SK","@id":"https:\/\/secure.gravatar.com\/avatar\/2bb7f1561282132fb5826dfeccc66c7996d11ee392ac6aaf7ced8a1c2027fbb2?s=96&d=mm&r=g","url":"https:\/\/secure.gravatar.com\/avatar\/2bb7f1561282132fb5826dfeccc66c7996d11ee392ac6aaf7ced8a1c2027fbb2?s=96&d=mm&r=g","contentUrl":"https:\/\/secure.gravatar.com\/avatar\/2bb7f1561282132fb5826dfeccc66c7996d11ee392ac6aaf7ced8a1c2027fbb2?s=96&d=mm&r=g","caption":"Pova\u017esk\u00e9 m\u00fazeum"}}]}},"_links":{"self":[{"href":"https:\/\/pmza.sk\/index.php?rest_route=\/wp\/v2\/posts\/13002","targetHints":{"allow":["GET"]}}],"collection":[{"href":"https:\/\/pmza.sk\/index.php?rest_route=\/wp\/v2\/posts"}],"about":[{"href":"https:\/\/pmza.sk\/index.php?rest_route=\/wp\/v2\/types\/post"}],"author":[{"embeddable":true,"href":"https:\/\/pmza.sk\/index.php?rest_route=\/wp\/v2\/users\/2"}],"replies":[{"embeddable":true,"href":"https:\/\/pmza.sk\/index.php?rest_route=%2Fwp%2Fv2%2Fcomments&post=13002"}],"version-history":[{"count":0,"href":"https:\/\/pmza.sk\/index.php?rest_route=\/wp\/v2\/posts\/13002\/revisions"}],"wp:featuredmedia":[{"embeddable":true,"href":"https:\/\/pmza.sk\/index.php?rest_route=\/wp\/v2\/media\/13004"}],"wp:attachment":[{"href":"https:\/\/pmza.sk\/index.php?rest_route=%2Fwp%2Fv2%2Fmedia&parent=13002"}],"wp:term":[{"taxonomy":"category","embeddable":true,"href":"https:\/\/pmza.sk\/index.php?rest_route=%2Fwp%2Fv2%2Fcategories&post=13002"},{"taxonomy":"post_tag","embeddable":true,"href":"https:\/\/pmza.sk\/index.php?rest_route=%2Fwp%2Fv2%2Ftags&post=13002"}],"curies":[{"name":"wp","href":"https:\/\/api.w.org\/{rel}","templated":true}]}}