{"id":13070,"date":"2015-07-13T09:25:02","date_gmt":"2015-07-13T07:25:02","guid":{"rendered":"https:\/\/pmza.sk.sk\/?p=13070"},"modified":"2015-07-13T09:25:02","modified_gmt":"2015-07-13T07:25:02","slug":"slavnostne-otvorenie-noveho-vyasfaltovaneho-useku-cyklotrasy-bikekia","status":"publish","type":"post","link":"https:\/\/pmza.sk\/?p=13070","title":{"rendered":"Sl\u00e1vnostn\u00e9 otvorenie nov\u00e9ho vyasfaltovan\u00e9ho \u00faseku cyklotrasy BikeKIA"},"content":{"rendered":"<p><strong>\u017dilinsk\u00e1 \u017eupa<\/strong> sl\u00e1vnostne otvor\u00ed <strong>nov\u00fd vyasfaltovan\u00fd \u00fasek <\/strong>cyklotrasy <strong>BikeKIA<\/strong> v\u00a0sobotu <strong>18. j\u00fala 2015 <\/strong>o<strong>\u00a010.00 h<\/strong> v\u00a0are\u00e1li \u017dilinsk\u00e9ho klubu vod\u00e1kov (Vodn\u00fd are\u00e1l, Lodenica, ulica Doln\u00e1, \u017dilina) pri <strong>l\u00e1vke cez biokoridor<\/strong>. Otvorenie je spojen\u00e9 so <strong>s\u00fa\u0165a\u017eou pre v\u0161etk\u00fdch cyklistov<\/strong>, ktor\u00ed sa z\u00fa\u010dastnia sl\u00e1vnostn\u00e9ho otvorenia a\u00a0vyrazia na cyklochodn\u00edk BikeKIA. Najpo\u010detnej\u0161\u00ed cyklot\u00edm vyhr\u00e1 <strong>ve\u010deru na Budat\u00ednskom hrade<\/strong>.<\/p>\n<p>&nbsp;<\/p>\n<p>Program:<\/p>\n<p>\u00a0 <strong>9.30 h.<\/strong>\u00a0\u00a0\u00a0\u00a0\u00a0\u00a0\u00a0\u00a0\u00a0\u00a0\u00a0\u00a0\u00a0\u00a0\u00a0 registr\u00e1cia \u00fa\u010dastn\u00edkov<\/p>\n<p><strong>10.00 h.<\/strong>\u00a0\u00a0\u00a0\u00a0\u00a0\u00a0\u00a0\u00a0\u00a0\u00a0\u00a0\u00a0\u00a0\u00a0\u00a0 sl\u00e1vnostn\u00e9 otvorenie<\/p>\n","protected":false},"excerpt":{"rendered":"<p>\u017dilinsk\u00e1 \u017eupa sl\u00e1vnostne otvor\u00ed nov\u00fd vyasfaltovan\u00fd \u00fasek cyklotrasy BikeKIA v\u00a0sobotu 18. j\u00fala 2015 o\u00a010.00 h v\u00a0are\u00e1li \u017dilinsk\u00e9ho klubu vod\u00e1kov (Vodn\u00fd are\u00e1l, Lodenica, ulica Doln\u00e1, \u017dilina) pri l\u00e1vke cez biokoridor. Otvorenie je spojen\u00e9 so s\u00fa\u0165a\u017eou pre v\u0161etk\u00fdch cyklistov, ktor\u00ed sa z\u00fa\u010dastnia sl\u00e1vnostn\u00e9ho otvorenia a\u00a0vyrazia na cyklochodn\u00edk BikeKIA. Najpo\u010detnej\u0161\u00ed cyklot\u00edm vyhr\u00e1 ve\u010deru na Budat\u00ednskom hrade. &nbsp; Program: [&hellip;]<\/p>\n","protected":false},"author":2,"featured_media":13069,"comment_status":"closed","ping_status":"closed","sticky":false,"template":"","format":"standard","meta":{"site-sidebar-layout":"default","site-content-layout":"","ast-site-content-layout":"","site-content-style":"default","site-sidebar-style":"default","ast-global-header-display":"","ast-banner-title-visibility":"","ast-main-header-display":"","ast-hfb-above-header-display":"","ast-hfb-below-header-display":"","ast-hfb-mobile-header-display":"","site-post-title":"","ast-breadcrumbs-content":"","ast-featured-img":"","footer-sml-layout":"","theme-transparent-header-meta":"","adv-header-id-meta":"","stick-header-meta":"","header-above-stick-meta":"","header-main-stick-meta":"","header-below-stick-meta":"","astra-migrate-meta-layouts":"default","ast-page-background-enabled":"default","ast-page-background-meta":{"desktop":{"background-color":"var(--ast-global-color-4)","background-image":"","background-repeat":"repeat","background-position":"center center","background-size":"auto","background-attachment":"scroll","background-type":"","background-media":"","overlay-type":"","overlay-color":"","overlay-opacity":"","overlay-gradient":""},"tablet":{"background-color":"","background-image":"","background-repeat":"repeat","background-position":"center center","background-size":"auto","background-attachment":"scroll","background-type":"","background-media":"","overlay-type":"","overlay-color":"","overlay-opacity":"","overlay-gradient":""},"mobile":{"background-color":"","background-image":"","background-repeat":"repeat","background-position":"center center","background-size":"auto","background-attachment":"scroll","background-type":"","background-media":"","overlay-type":"","overlay-color":"","overlay-opacity":"","overlay-gradient":""}},"ast-content-background-meta":{"desktop":{"background-color":"var(--ast-global-color-5)","background-image":"","background-repeat":"repeat","background-position":"center center","background-size":"auto","background-attachment":"scroll","background-type":"","background-media":"","overlay-type":"","overlay-color":"","overlay-opacity":"","overlay-gradient":""},"tablet":{"background-color":"var(--ast-global-color-5)","background-image":"","background-repeat":"repeat","background-position":"center center","background-size":"auto","background-attachment":"scroll","background-type":"","background-media":"","overlay-type":"","overlay-color":"","overlay-opacity":"","overlay-gradient":""},"mobile":{"background-color":"var(--ast-global-color-5)","background-image":"","background-repeat":"repeat","background-position":"center center","background-size":"auto","background-attachment":"scroll","background-type":"","background-media":"","overlay-type":"","overlay-color":"","overlay-opacity":"","overlay-gradient":""}},"footnotes":""},"categories":[38],"tags":[],"class_list":["post-13070","post","type-post","status-publish","format-standard","has-post-thumbnail","hentry","category-archiv-2015"],"yoast_head":"<!-- This site is optimized with the Yoast SEO plugin v27.4 - https:\/\/yoast.com\/product\/yoast-seo-wordpress\/ -->\n<title>Sl\u00e1vnostn\u00e9 otvorenie nov\u00e9ho vyasfaltovan\u00e9ho \u00faseku cyklotrasy BikeKIA - Pova\u017esk\u00e9 m\u00fazeum<\/title>\n<meta name=\"robots\" content=\"index, follow, max-snippet:-1, max-image-preview:large, max-video-preview:-1\" \/>\n<link rel=\"canonical\" href=\"https:\/\/pmza.sk\/?p=13070\" \/>\n<meta property=\"og:locale\" content=\"sk_SK\" \/>\n<meta property=\"og:type\" content=\"article\" \/>\n<meta property=\"og:title\" content=\"Sl\u00e1vnostn\u00e9 otvorenie nov\u00e9ho vyasfaltovan\u00e9ho \u00faseku cyklotrasy BikeKIA - Pova\u017esk\u00e9 m\u00fazeum\" \/>\n<meta property=\"og:description\" content=\"\u017dilinsk\u00e1 \u017eupa sl\u00e1vnostne otvor\u00ed nov\u00fd vyasfaltovan\u00fd \u00fasek cyklotrasy BikeKIA v\u00a0sobotu 18. j\u00fala 2015 o\u00a010.00 h v\u00a0are\u00e1li \u017dilinsk\u00e9ho klubu vod\u00e1kov (Vodn\u00fd are\u00e1l, Lodenica, ulica Doln\u00e1, \u017dilina) pri l\u00e1vke cez biokoridor. Otvorenie je spojen\u00e9 so s\u00fa\u0165a\u017eou pre v\u0161etk\u00fdch cyklistov, ktor\u00ed sa z\u00fa\u010dastnia sl\u00e1vnostn\u00e9ho otvorenia a\u00a0vyrazia na cyklochodn\u00edk BikeKIA. Najpo\u010detnej\u0161\u00ed cyklot\u00edm vyhr\u00e1 ve\u010deru na Budat\u00ednskom hrade. &nbsp; Program: [&hellip;]\" \/>\n<meta property=\"og:url\" content=\"https:\/\/pmza.sk\/?p=13070\" \/>\n<meta property=\"og:site_name\" content=\"Pova\u017esk\u00e9 m\u00fazeum\" \/>\n<meta property=\"article:publisher\" content=\"https:\/\/www.facebook.com\/povazskemuzeum\" \/>\n<meta property=\"article:published_time\" content=\"2015-07-13T07:25:02+00:00\" \/>\n<meta property=\"og:image\" content=\"https:\/\/pmza.sk\/wp-content\/uploads\/2015\/07\/ZSK_pozvanka_otvorenie-noveho-vyasfaltovaneho-useku-cyklotrasy-BikeKIA-page-001.jpg\" \/>\n\t<meta property=\"og:image:width\" content=\"1500\" \/>\n\t<meta property=\"og:image:height\" content=\"1323\" \/>\n\t<meta property=\"og:image:type\" content=\"image\/jpeg\" \/>\n<meta name=\"author\" content=\"Pova\u017esk\u00e9 m\u00fazeum\" \/>\n<meta name=\"twitter:card\" content=\"summary_large_image\" \/>\n<meta name=\"twitter:label1\" content=\"Autor\" \/>\n\t<meta name=\"twitter:data1\" content=\"Pova\u017esk\u00e9 m\u00fazeum\" \/>\n<script type=\"application\/ld+json\" class=\"yoast-schema-graph\">{\"@context\":\"https:\\\/\\\/schema.org\",\"@graph\":[{\"@type\":\"Article\",\"@id\":\"https:\\\/\\\/pmza.sk\\\/?p=13070#article\",\"isPartOf\":{\"@id\":\"https:\\\/\\\/pmza.sk\\\/?p=13070\"},\"author\":{\"name\":\"Pova\u017esk\u00e9 m\u00fazeum\",\"@id\":\"https:\\\/\\\/pmza.sk\\\/#\\\/schema\\\/person\\\/595e6a2ce731ea94dcd5d7f50a41ae33\"},\"headline\":\"Sl\u00e1vnostn\u00e9 otvorenie nov\u00e9ho vyasfaltovan\u00e9ho \u00faseku cyklotrasy BikeKIA\",\"datePublished\":\"2015-07-13T07:25:02+00:00\",\"mainEntityOfPage\":{\"@id\":\"https:\\\/\\\/pmza.sk\\\/?p=13070\"},\"wordCount\":94,\"publisher\":{\"@id\":\"https:\\\/\\\/pmza.sk\\\/#organization\"},\"image\":{\"@id\":\"https:\\\/\\\/pmza.sk\\\/?p=13070#primaryimage\"},\"thumbnailUrl\":\"https:\\\/\\\/pmza.sk\\\/wp-content\\\/uploads\\\/2015\\\/07\\\/ZSK_pozvanka_otvorenie-noveho-vyasfaltovaneho-useku-cyklotrasy-BikeKIA-page-001.jpg\",\"articleSection\":[\"Arch\u00edv 2015\"],\"inLanguage\":\"sk-SK\"},{\"@type\":\"WebPage\",\"@id\":\"https:\\\/\\\/pmza.sk\\\/?p=13070\",\"url\":\"https:\\\/\\\/pmza.sk\\\/?p=13070\",\"name\":\"Sl\u00e1vnostn\u00e9 otvorenie nov\u00e9ho vyasfaltovan\u00e9ho \u00faseku cyklotrasy BikeKIA - Pova\u017esk\u00e9 m\u00fazeum\",\"isPartOf\":{\"@id\":\"https:\\\/\\\/pmza.sk\\\/#website\"},\"primaryImageOfPage\":{\"@id\":\"https:\\\/\\\/pmza.sk\\\/?p=13070#primaryimage\"},\"image\":{\"@id\":\"https:\\\/\\\/pmza.sk\\\/?p=13070#primaryimage\"},\"thumbnailUrl\":\"https:\\\/\\\/pmza.sk\\\/wp-content\\\/uploads\\\/2015\\\/07\\\/ZSK_pozvanka_otvorenie-noveho-vyasfaltovaneho-useku-cyklotrasy-BikeKIA-page-001.jpg\",\"datePublished\":\"2015-07-13T07:25:02+00:00\",\"breadcrumb\":{\"@id\":\"https:\\\/\\\/pmza.sk\\\/?p=13070#breadcrumb\"},\"inLanguage\":\"sk-SK\",\"potentialAction\":[{\"@type\":\"ReadAction\",\"target\":[\"https:\\\/\\\/pmza.sk\\\/?p=13070\"]}]},{\"@type\":\"ImageObject\",\"inLanguage\":\"sk-SK\",\"@id\":\"https:\\\/\\\/pmza.sk\\\/?p=13070#primaryimage\",\"url\":\"https:\\\/\\\/pmza.sk\\\/wp-content\\\/uploads\\\/2015\\\/07\\\/ZSK_pozvanka_otvorenie-noveho-vyasfaltovaneho-useku-cyklotrasy-BikeKIA-page-001.jpg\",\"contentUrl\":\"https:\\\/\\\/pmza.sk\\\/wp-content\\\/uploads\\\/2015\\\/07\\\/ZSK_pozvanka_otvorenie-noveho-vyasfaltovaneho-useku-cyklotrasy-BikeKIA-page-001.jpg\",\"width\":1500,\"height\":1323},{\"@type\":\"BreadcrumbList\",\"@id\":\"https:\\\/\\\/pmza.sk\\\/?p=13070#breadcrumb\",\"itemListElement\":[{\"@type\":\"ListItem\",\"position\":1,\"name\":\"Domovsk\u00e1 str\u00e1nka\",\"item\":\"https:\\\/\\\/pmza.sk\\\/\"},{\"@type\":\"ListItem\",\"position\":2,\"name\":\"Sl\u00e1vnostn\u00e9 otvorenie nov\u00e9ho vyasfaltovan\u00e9ho \u00faseku cyklotrasy BikeKIA\"}]},{\"@type\":\"WebSite\",\"@id\":\"https:\\\/\\\/pmza.sk\\\/#website\",\"url\":\"https:\\\/\\\/pmza.sk\\\/\",\"name\":\"Pova\u017esk\u00e9 m\u00fazeum\",\"description\":\"Pova\u017esk\u00e9 m\u00fazeum v \u017diline je region\u00e1lne m\u00fazeum so s\u00eddlom v Budat\u00edne. Jeho expoz\u00edcie s\u00fa zameran\u00e9 na dejiny slovensk\u00e9ho umenia, kult\u00fary a dopravy.\",\"publisher\":{\"@id\":\"https:\\\/\\\/pmza.sk\\\/#organization\"},\"potentialAction\":[{\"@type\":\"SearchAction\",\"target\":{\"@type\":\"EntryPoint\",\"urlTemplate\":\"https:\\\/\\\/pmza.sk\\\/?s={search_term_string}\"},\"query-input\":{\"@type\":\"PropertyValueSpecification\",\"valueRequired\":true,\"valueName\":\"search_term_string\"}}],\"inLanguage\":\"sk-SK\"},{\"@type\":\"Organization\",\"@id\":\"https:\\\/\\\/pmza.sk\\\/#organization\",\"name\":\"Pova\u017esk\u00e9 m\u00fazeum\",\"url\":\"https:\\\/\\\/pmza.sk\\\/\",\"logo\":{\"@type\":\"ImageObject\",\"inLanguage\":\"sk-SK\",\"@id\":\"https:\\\/\\\/pmza.sk\\\/#\\\/schema\\\/logo\\\/image\\\/\",\"url\":\"https:\\\/\\\/pmza.sk\\\/wp-content\\\/uploads\\\/2022\\\/01\\\/logo_PM_horizontal.jpg\",\"contentUrl\":\"https:\\\/\\\/pmza.sk\\\/wp-content\\\/uploads\\\/2022\\\/01\\\/logo_PM_horizontal.jpg\",\"width\":231,\"height\":142,\"caption\":\"Pova\u017esk\u00e9 m\u00fazeum\"},\"image\":{\"@id\":\"https:\\\/\\\/pmza.sk\\\/#\\\/schema\\\/logo\\\/image\\\/\"},\"sameAs\":[\"https:\\\/\\\/www.facebook.com\\\/povazskemuzeum\",\"https:\\\/\\\/www.instagram.com\\\/povazskemuzeum\\\/\"]},{\"@type\":\"Person\",\"@id\":\"https:\\\/\\\/pmza.sk\\\/#\\\/schema\\\/person\\\/595e6a2ce731ea94dcd5d7f50a41ae33\",\"name\":\"Pova\u017esk\u00e9 m\u00fazeum\",\"image\":{\"@type\":\"ImageObject\",\"inLanguage\":\"sk-SK\",\"@id\":\"https:\\\/\\\/secure.gravatar.com\\\/avatar\\\/2bb7f1561282132fb5826dfeccc66c7996d11ee392ac6aaf7ced8a1c2027fbb2?s=96&d=mm&r=g\",\"url\":\"https:\\\/\\\/secure.gravatar.com\\\/avatar\\\/2bb7f1561282132fb5826dfeccc66c7996d11ee392ac6aaf7ced8a1c2027fbb2?s=96&d=mm&r=g\",\"contentUrl\":\"https:\\\/\\\/secure.gravatar.com\\\/avatar\\\/2bb7f1561282132fb5826dfeccc66c7996d11ee392ac6aaf7ced8a1c2027fbb2?s=96&d=mm&r=g\",\"caption\":\"Pova\u017esk\u00e9 m\u00fazeum\"}}]}<\/script>\n<!-- \/ Yoast SEO plugin. -->","yoast_head_json":{"title":"Sl\u00e1vnostn\u00e9 otvorenie nov\u00e9ho vyasfaltovan\u00e9ho \u00faseku cyklotrasy BikeKIA - Pova\u017esk\u00e9 m\u00fazeum","robots":{"index":"index","follow":"follow","max-snippet":"max-snippet:-1","max-image-preview":"max-image-preview:large","max-video-preview":"max-video-preview:-1"},"canonical":"https:\/\/pmza.sk\/?p=13070","og_locale":"sk_SK","og_type":"article","og_title":"Sl\u00e1vnostn\u00e9 otvorenie nov\u00e9ho vyasfaltovan\u00e9ho \u00faseku cyklotrasy BikeKIA - Pova\u017esk\u00e9 m\u00fazeum","og_description":"\u017dilinsk\u00e1 \u017eupa sl\u00e1vnostne otvor\u00ed nov\u00fd vyasfaltovan\u00fd \u00fasek cyklotrasy BikeKIA v\u00a0sobotu 18. j\u00fala 2015 o\u00a010.00 h v\u00a0are\u00e1li \u017dilinsk\u00e9ho klubu vod\u00e1kov (Vodn\u00fd are\u00e1l, Lodenica, ulica Doln\u00e1, \u017dilina) pri l\u00e1vke cez biokoridor. Otvorenie je spojen\u00e9 so s\u00fa\u0165a\u017eou pre v\u0161etk\u00fdch cyklistov, ktor\u00ed sa z\u00fa\u010dastnia sl\u00e1vnostn\u00e9ho otvorenia a\u00a0vyrazia na cyklochodn\u00edk BikeKIA. Najpo\u010detnej\u0161\u00ed cyklot\u00edm vyhr\u00e1 ve\u010deru na Budat\u00ednskom hrade. &nbsp; Program: [&hellip;]","og_url":"https:\/\/pmza.sk\/?p=13070","og_site_name":"Pova\u017esk\u00e9 m\u00fazeum","article_publisher":"https:\/\/www.facebook.com\/povazskemuzeum","article_published_time":"2015-07-13T07:25:02+00:00","og_image":[{"width":1500,"height":1323,"url":"https:\/\/pmza.sk\/wp-content\/uploads\/2015\/07\/ZSK_pozvanka_otvorenie-noveho-vyasfaltovaneho-useku-cyklotrasy-BikeKIA-page-001.jpg","type":"image\/jpeg"}],"author":"Pova\u017esk\u00e9 m\u00fazeum","twitter_card":"summary_large_image","twitter_misc":{"Autor":"Pova\u017esk\u00e9 m\u00fazeum"},"schema":{"@context":"https:\/\/schema.org","@graph":[{"@type":"Article","@id":"https:\/\/pmza.sk\/?p=13070#article","isPartOf":{"@id":"https:\/\/pmza.sk\/?p=13070"},"author":{"name":"Pova\u017esk\u00e9 m\u00fazeum","@id":"https:\/\/pmza.sk\/#\/schema\/person\/595e6a2ce731ea94dcd5d7f50a41ae33"},"headline":"Sl\u00e1vnostn\u00e9 otvorenie nov\u00e9ho vyasfaltovan\u00e9ho \u00faseku cyklotrasy BikeKIA","datePublished":"2015-07-13T07:25:02+00:00","mainEntityOfPage":{"@id":"https:\/\/pmza.sk\/?p=13070"},"wordCount":94,"publisher":{"@id":"https:\/\/pmza.sk\/#organization"},"image":{"@id":"https:\/\/pmza.sk\/?p=13070#primaryimage"},"thumbnailUrl":"https:\/\/pmza.sk\/wp-content\/uploads\/2015\/07\/ZSK_pozvanka_otvorenie-noveho-vyasfaltovaneho-useku-cyklotrasy-BikeKIA-page-001.jpg","articleSection":["Arch\u00edv 2015"],"inLanguage":"sk-SK"},{"@type":"WebPage","@id":"https:\/\/pmza.sk\/?p=13070","url":"https:\/\/pmza.sk\/?p=13070","name":"Sl\u00e1vnostn\u00e9 otvorenie nov\u00e9ho vyasfaltovan\u00e9ho \u00faseku cyklotrasy BikeKIA - Pova\u017esk\u00e9 m\u00fazeum","isPartOf":{"@id":"https:\/\/pmza.sk\/#website"},"primaryImageOfPage":{"@id":"https:\/\/pmza.sk\/?p=13070#primaryimage"},"image":{"@id":"https:\/\/pmza.sk\/?p=13070#primaryimage"},"thumbnailUrl":"https:\/\/pmza.sk\/wp-content\/uploads\/2015\/07\/ZSK_pozvanka_otvorenie-noveho-vyasfaltovaneho-useku-cyklotrasy-BikeKIA-page-001.jpg","datePublished":"2015-07-13T07:25:02+00:00","breadcrumb":{"@id":"https:\/\/pmza.sk\/?p=13070#breadcrumb"},"inLanguage":"sk-SK","potentialAction":[{"@type":"ReadAction","target":["https:\/\/pmza.sk\/?p=13070"]}]},{"@type":"ImageObject","inLanguage":"sk-SK","@id":"https:\/\/pmza.sk\/?p=13070#primaryimage","url":"https:\/\/pmza.sk\/wp-content\/uploads\/2015\/07\/ZSK_pozvanka_otvorenie-noveho-vyasfaltovaneho-useku-cyklotrasy-BikeKIA-page-001.jpg","contentUrl":"https:\/\/pmza.sk\/wp-content\/uploads\/2015\/07\/ZSK_pozvanka_otvorenie-noveho-vyasfaltovaneho-useku-cyklotrasy-BikeKIA-page-001.jpg","width":1500,"height":1323},{"@type":"BreadcrumbList","@id":"https:\/\/pmza.sk\/?p=13070#breadcrumb","itemListElement":[{"@type":"ListItem","position":1,"name":"Domovsk\u00e1 str\u00e1nka","item":"https:\/\/pmza.sk\/"},{"@type":"ListItem","position":2,"name":"Sl\u00e1vnostn\u00e9 otvorenie nov\u00e9ho vyasfaltovan\u00e9ho \u00faseku cyklotrasy BikeKIA"}]},{"@type":"WebSite","@id":"https:\/\/pmza.sk\/#website","url":"https:\/\/pmza.sk\/","name":"Pova\u017esk\u00e9 m\u00fazeum","description":"Pova\u017esk\u00e9 m\u00fazeum v \u017diline je region\u00e1lne m\u00fazeum so s\u00eddlom v Budat\u00edne. Jeho expoz\u00edcie s\u00fa zameran\u00e9 na dejiny slovensk\u00e9ho umenia, kult\u00fary a dopravy.","publisher":{"@id":"https:\/\/pmza.sk\/#organization"},"potentialAction":[{"@type":"SearchAction","target":{"@type":"EntryPoint","urlTemplate":"https:\/\/pmza.sk\/?s={search_term_string}"},"query-input":{"@type":"PropertyValueSpecification","valueRequired":true,"valueName":"search_term_string"}}],"inLanguage":"sk-SK"},{"@type":"Organization","@id":"https:\/\/pmza.sk\/#organization","name":"Pova\u017esk\u00e9 m\u00fazeum","url":"https:\/\/pmza.sk\/","logo":{"@type":"ImageObject","inLanguage":"sk-SK","@id":"https:\/\/pmza.sk\/#\/schema\/logo\/image\/","url":"https:\/\/pmza.sk\/wp-content\/uploads\/2022\/01\/logo_PM_horizontal.jpg","contentUrl":"https:\/\/pmza.sk\/wp-content\/uploads\/2022\/01\/logo_PM_horizontal.jpg","width":231,"height":142,"caption":"Pova\u017esk\u00e9 m\u00fazeum"},"image":{"@id":"https:\/\/pmza.sk\/#\/schema\/logo\/image\/"},"sameAs":["https:\/\/www.facebook.com\/povazskemuzeum","https:\/\/www.instagram.com\/povazskemuzeum\/"]},{"@type":"Person","@id":"https:\/\/pmza.sk\/#\/schema\/person\/595e6a2ce731ea94dcd5d7f50a41ae33","name":"Pova\u017esk\u00e9 m\u00fazeum","image":{"@type":"ImageObject","inLanguage":"sk-SK","@id":"https:\/\/secure.gravatar.com\/avatar\/2bb7f1561282132fb5826dfeccc66c7996d11ee392ac6aaf7ced8a1c2027fbb2?s=96&d=mm&r=g","url":"https:\/\/secure.gravatar.com\/avatar\/2bb7f1561282132fb5826dfeccc66c7996d11ee392ac6aaf7ced8a1c2027fbb2?s=96&d=mm&r=g","contentUrl":"https:\/\/secure.gravatar.com\/avatar\/2bb7f1561282132fb5826dfeccc66c7996d11ee392ac6aaf7ced8a1c2027fbb2?s=96&d=mm&r=g","caption":"Pova\u017esk\u00e9 m\u00fazeum"}}]}},"_links":{"self":[{"href":"https:\/\/pmza.sk\/index.php?rest_route=\/wp\/v2\/posts\/13070","targetHints":{"allow":["GET"]}}],"collection":[{"href":"https:\/\/pmza.sk\/index.php?rest_route=\/wp\/v2\/posts"}],"about":[{"href":"https:\/\/pmza.sk\/index.php?rest_route=\/wp\/v2\/types\/post"}],"author":[{"embeddable":true,"href":"https:\/\/pmza.sk\/index.php?rest_route=\/wp\/v2\/users\/2"}],"replies":[{"embeddable":true,"href":"https:\/\/pmza.sk\/index.php?rest_route=%2Fwp%2Fv2%2Fcomments&post=13070"}],"version-history":[{"count":0,"href":"https:\/\/pmza.sk\/index.php?rest_route=\/wp\/v2\/posts\/13070\/revisions"}],"wp:featuredmedia":[{"embeddable":true,"href":"https:\/\/pmza.sk\/index.php?rest_route=\/wp\/v2\/media\/13069"}],"wp:attachment":[{"href":"https:\/\/pmza.sk\/index.php?rest_route=%2Fwp%2Fv2%2Fmedia&parent=13070"}],"wp:term":[{"taxonomy":"category","embeddable":true,"href":"https:\/\/pmza.sk\/index.php?rest_route=%2Fwp%2Fv2%2Fcategories&post=13070"},{"taxonomy":"post_tag","embeddable":true,"href":"https:\/\/pmza.sk\/index.php?rest_route=%2Fwp%2Fv2%2Ftags&post=13070"}],"curies":[{"name":"wp","href":"https:\/\/api.w.org\/{rel}","templated":true}]}}