{"id":1313,"date":"2010-09-17T10:40:47","date_gmt":"2010-09-17T08:40:47","guid":{"rendered":"https:\/\/pmza.sk.sk\/?p=1313"},"modified":"2010-09-17T10:40:47","modified_gmt":"2010-09-17T08:40:47","slug":"rezbarsky-den-v-budatinskom-parku","status":"publish","type":"post","link":"https:\/\/pmza.sk\/?p=1313","title":{"rendered":"Rezb\u00e1rsky de\u0148 v Budat\u00ednskom parku"},"content":{"rendered":"<p><a href=\"https:\/\/pmza.sk\/wp-content\/uploads\/2010\/09\/59.jpg\"><img decoding=\"async\" class=\"size-medium wp-image-1314 alignleft\" style=\"margin-left: 3px; margin-right: 3px; border: 3px solid black;\" title=\"59\" src=\"https:\/\/pmza.sk.sk\/wp-content\/uploads\/2010\/09\/59-300x200.jpg\" alt=\"\" width=\"210\" height=\"140\" \/><\/a>\u017dilinsk\u00fd samospr\u00e1vny kraj v\u00a0r\u00e1mci implement\u00e1cie schv\u00e1len\u00e9ho projektu s\u00a0n\u00e1zvom \u201eBudat\u00edn \u2013 Strumie\u0144: Revitaliz\u00e1cia a\u00a0rozvoj kult\u00farneho dedi\u010dstva\u201c V\u00e1s poz\u00fdva na \u010fal\u0161iu aktivitu konaj\u00facu sa v\u00a0zrevitalizovanom Budat\u00ednskom parku \u2013 <strong>Rezb\u00e1rsky de\u0148<\/strong> v\u00a0d\u0148och 25. \u2013 26. september 2010. \u00a0Hlavnou t\u00e9mou stretnutia \u017eilinsk\u00fdch rezb\u00e1rov a\u00a0rezb\u00e1rov z\u00a0po\u013esk\u00e9ho Strumie\u0144a bude spolo\u010dn\u00e1 pr\u00e1ca na ve\u013ekorozmernej k\u00f3pii plte s\u00a0charakteristickou kolibou, pltn\u00edckym vybaven\u00edm, ktor\u00fa bud\u00fa dop\u013a\u0148a\u0165 dve plastiky pltn\u00edkov. Atrakt\u00edvny objekt plte a\u00a0sochy pltn\u00edkov bud\u00fa nast\u00e1lo umiestnen\u00e9 v\u00a0are\u00e1li parku, kde bud\u00fa symbolizova\u0165 nev\u0161edn\u00e9 remeslo okolit\u00fdch obc\u00ed i\u00a0v\u00fdznam niekdaj\u0161ej m\u00fdtnej stanice v\u00a0Budat\u00edne. Sprievodn\u00fdm programom rezb\u00e1rskeho symp\u00f3zia bude vyst\u00fapenie\u00a0 \u017eenskej spev\u00e1ckej skupiny ZVONICA zo Stre\u010dna, ktor\u00e1 sa predstav\u00ed Pltn\u00edckymi pies\u0148ami.<\/p>\n","protected":false},"excerpt":{"rendered":"<p>\u017dilinsk\u00fd samospr\u00e1vny kraj v\u00a0r\u00e1mci implement\u00e1cie schv\u00e1len\u00e9ho projektu s\u00a0n\u00e1zvom \u201eBudat\u00edn \u2013 Strumie\u0144: Revitaliz\u00e1cia a\u00a0rozvoj kult\u00farneho dedi\u010dstva\u201c V\u00e1s poz\u00fdva na \u010fal\u0161iu aktivitu konaj\u00facu sa v\u00a0zrevitalizovanom Budat\u00ednskom parku \u2013 Rezb\u00e1rsky de\u0148 v\u00a0d\u0148och 25. \u2013 26. september 2010. \u00a0Hlavnou t\u00e9mou stretnutia \u017eilinsk\u00fdch rezb\u00e1rov a\u00a0rezb\u00e1rov z\u00a0po\u013esk\u00e9ho Strumie\u0144a bude spolo\u010dn\u00e1 pr\u00e1ca na ve\u013ekorozmernej k\u00f3pii plte s\u00a0charakteristickou kolibou, pltn\u00edckym vybaven\u00edm, ktor\u00fa bud\u00fa [&hellip;]<\/p>\n","protected":false},"author":2,"featured_media":0,"comment_status":"closed","ping_status":"closed","sticky":false,"template":"","format":"standard","meta":{"site-sidebar-layout":"default","site-content-layout":"","ast-site-content-layout":"","site-content-style":"default","site-sidebar-style":"default","ast-global-header-display":"","ast-banner-title-visibility":"","ast-main-header-display":"","ast-hfb-above-header-display":"","ast-hfb-below-header-display":"","ast-hfb-mobile-header-display":"","site-post-title":"","ast-breadcrumbs-content":"","ast-featured-img":"","footer-sml-layout":"","theme-transparent-header-meta":"","adv-header-id-meta":"","stick-header-meta":"","header-above-stick-meta":"","header-main-stick-meta":"","header-below-stick-meta":"","astra-migrate-meta-layouts":"default","ast-page-background-enabled":"default","ast-page-background-meta":{"desktop":{"background-color":"var(--ast-global-color-4)","background-image":"","background-repeat":"repeat","background-position":"center center","background-size":"auto","background-attachment":"scroll","background-type":"","background-media":"","overlay-type":"","overlay-color":"","overlay-opacity":"","overlay-gradient":""},"tablet":{"background-color":"","background-image":"","background-repeat":"repeat","background-position":"center center","background-size":"auto","background-attachment":"scroll","background-type":"","background-media":"","overlay-type":"","overlay-color":"","overlay-opacity":"","overlay-gradient":""},"mobile":{"background-color":"","background-image":"","background-repeat":"repeat","background-position":"center center","background-size":"auto","background-attachment":"scroll","background-type":"","background-media":"","overlay-type":"","overlay-color":"","overlay-opacity":"","overlay-gradient":""}},"ast-content-background-meta":{"desktop":{"background-color":"var(--ast-global-color-5)","background-image":"","background-repeat":"repeat","background-position":"center center","background-size":"auto","background-attachment":"scroll","background-type":"","background-media":"","overlay-type":"","overlay-color":"","overlay-opacity":"","overlay-gradient":""},"tablet":{"background-color":"var(--ast-global-color-5)","background-image":"","background-repeat":"repeat","background-position":"center center","background-size":"auto","background-attachment":"scroll","background-type":"","background-media":"","overlay-type":"","overlay-color":"","overlay-opacity":"","overlay-gradient":""},"mobile":{"background-color":"var(--ast-global-color-5)","background-image":"","background-repeat":"repeat","background-position":"center center","background-size":"auto","background-attachment":"scroll","background-type":"","background-media":"","overlay-type":"","overlay-color":"","overlay-opacity":"","overlay-gradient":""}},"footnotes":""},"categories":[29],"tags":[],"class_list":["post-1313","post","type-post","status-publish","format-standard","hentry","category-archiv-2010"],"yoast_head":"<!-- This site is optimized with the Yoast SEO plugin v27.4 - https:\/\/yoast.com\/product\/yoast-seo-wordpress\/ -->\n<title>Rezb\u00e1rsky de\u0148 v Budat\u00ednskom parku - Pova\u017esk\u00e9 m\u00fazeum<\/title>\n<meta name=\"robots\" content=\"index, follow, max-snippet:-1, max-image-preview:large, max-video-preview:-1\" \/>\n<link rel=\"canonical\" href=\"https:\/\/pmza.sk\/?p=1313\" \/>\n<meta property=\"og:locale\" content=\"sk_SK\" \/>\n<meta property=\"og:type\" content=\"article\" \/>\n<meta property=\"og:title\" content=\"Rezb\u00e1rsky de\u0148 v Budat\u00ednskom parku - Pova\u017esk\u00e9 m\u00fazeum\" \/>\n<meta property=\"og:description\" content=\"\u017dilinsk\u00fd samospr\u00e1vny kraj v\u00a0r\u00e1mci implement\u00e1cie schv\u00e1len\u00e9ho projektu s\u00a0n\u00e1zvom \u201eBudat\u00edn \u2013 Strumie\u0144: Revitaliz\u00e1cia a\u00a0rozvoj kult\u00farneho dedi\u010dstva\u201c V\u00e1s poz\u00fdva na \u010fal\u0161iu aktivitu konaj\u00facu sa v\u00a0zrevitalizovanom Budat\u00ednskom parku \u2013 Rezb\u00e1rsky de\u0148 v\u00a0d\u0148och 25. \u2013 26. september 2010. \u00a0Hlavnou t\u00e9mou stretnutia \u017eilinsk\u00fdch rezb\u00e1rov a\u00a0rezb\u00e1rov z\u00a0po\u013esk\u00e9ho Strumie\u0144a bude spolo\u010dn\u00e1 pr\u00e1ca na ve\u013ekorozmernej k\u00f3pii plte s\u00a0charakteristickou kolibou, pltn\u00edckym vybaven\u00edm, ktor\u00fa bud\u00fa [&hellip;]\" \/>\n<meta property=\"og:url\" content=\"https:\/\/pmza.sk\/?p=1313\" \/>\n<meta property=\"og:site_name\" content=\"Pova\u017esk\u00e9 m\u00fazeum\" \/>\n<meta property=\"article:publisher\" content=\"https:\/\/www.facebook.com\/povazskemuzeum\" \/>\n<meta property=\"article:published_time\" content=\"2010-09-17T08:40:47+00:00\" \/>\n<meta property=\"og:image\" content=\"https:\/\/pmza.sk.sk\/wp-content\/uploads\/2010\/09\/59-300x200.jpg\" \/>\n<meta name=\"author\" content=\"Pova\u017esk\u00e9 m\u00fazeum\" \/>\n<meta name=\"twitter:card\" content=\"summary_large_image\" \/>\n<meta name=\"twitter:label1\" content=\"Autor\" \/>\n\t<meta name=\"twitter:data1\" content=\"Pova\u017esk\u00e9 m\u00fazeum\" \/>\n\t<meta name=\"twitter:label2\" content=\"Predpokladan\u00fd \u010das \u010d\u00edtania\" \/>\n\t<meta name=\"twitter:data2\" content=\"1 min\u00fata\" \/>\n<script type=\"application\/ld+json\" class=\"yoast-schema-graph\">{\"@context\":\"https:\\\/\\\/schema.org\",\"@graph\":[{\"@type\":\"Article\",\"@id\":\"https:\\\/\\\/pmza.sk\\\/?p=1313#article\",\"isPartOf\":{\"@id\":\"https:\\\/\\\/pmza.sk\\\/?p=1313\"},\"author\":{\"name\":\"Pova\u017esk\u00e9 m\u00fazeum\",\"@id\":\"https:\\\/\\\/pmza.sk\\\/#\\\/schema\\\/person\\\/595e6a2ce731ea94dcd5d7f50a41ae33\"},\"headline\":\"Rezb\u00e1rsky de\u0148 v Budat\u00ednskom parku\",\"datePublished\":\"2010-09-17T08:40:47+00:00\",\"mainEntityOfPage\":{\"@id\":\"https:\\\/\\\/pmza.sk\\\/?p=1313\"},\"wordCount\":161,\"publisher\":{\"@id\":\"https:\\\/\\\/pmza.sk\\\/#organization\"},\"image\":{\"@id\":\"https:\\\/\\\/pmza.sk\\\/?p=1313#primaryimage\"},\"thumbnailUrl\":\"http:\\\/\\\/pmza.sk.sk\\\/wp-content\\\/uploads\\\/2010\\\/09\\\/59-300x200.jpg\",\"articleSection\":[\"Arch\u00edv 2010\"],\"inLanguage\":\"sk-SK\"},{\"@type\":\"WebPage\",\"@id\":\"https:\\\/\\\/pmza.sk\\\/?p=1313\",\"url\":\"https:\\\/\\\/pmza.sk\\\/?p=1313\",\"name\":\"Rezb\u00e1rsky de\u0148 v Budat\u00ednskom parku - Pova\u017esk\u00e9 m\u00fazeum\",\"isPartOf\":{\"@id\":\"https:\\\/\\\/pmza.sk\\\/#website\"},\"primaryImageOfPage\":{\"@id\":\"https:\\\/\\\/pmza.sk\\\/?p=1313#primaryimage\"},\"image\":{\"@id\":\"https:\\\/\\\/pmza.sk\\\/?p=1313#primaryimage\"},\"thumbnailUrl\":\"http:\\\/\\\/pmza.sk.sk\\\/wp-content\\\/uploads\\\/2010\\\/09\\\/59-300x200.jpg\",\"datePublished\":\"2010-09-17T08:40:47+00:00\",\"breadcrumb\":{\"@id\":\"https:\\\/\\\/pmza.sk\\\/?p=1313#breadcrumb\"},\"inLanguage\":\"sk-SK\",\"potentialAction\":[{\"@type\":\"ReadAction\",\"target\":[\"https:\\\/\\\/pmza.sk\\\/?p=1313\"]}]},{\"@type\":\"ImageObject\",\"inLanguage\":\"sk-SK\",\"@id\":\"https:\\\/\\\/pmza.sk\\\/?p=1313#primaryimage\",\"url\":\"http:\\\/\\\/pmza.sk.sk\\\/wp-content\\\/uploads\\\/2010\\\/09\\\/59-300x200.jpg\",\"contentUrl\":\"http:\\\/\\\/pmza.sk.sk\\\/wp-content\\\/uploads\\\/2010\\\/09\\\/59-300x200.jpg\"},{\"@type\":\"BreadcrumbList\",\"@id\":\"https:\\\/\\\/pmza.sk\\\/?p=1313#breadcrumb\",\"itemListElement\":[{\"@type\":\"ListItem\",\"position\":1,\"name\":\"Domovsk\u00e1 str\u00e1nka\",\"item\":\"https:\\\/\\\/pmza.sk\\\/\"},{\"@type\":\"ListItem\",\"position\":2,\"name\":\"Rezb\u00e1rsky de\u0148 v Budat\u00ednskom parku\"}]},{\"@type\":\"WebSite\",\"@id\":\"https:\\\/\\\/pmza.sk\\\/#website\",\"url\":\"https:\\\/\\\/pmza.sk\\\/\",\"name\":\"Pova\u017esk\u00e9 m\u00fazeum\",\"description\":\"Pova\u017esk\u00e9 m\u00fazeum v \u017diline je region\u00e1lne m\u00fazeum so s\u00eddlom v Budat\u00edne. Jeho expoz\u00edcie s\u00fa zameran\u00e9 na dejiny slovensk\u00e9ho umenia, kult\u00fary a dopravy.\",\"publisher\":{\"@id\":\"https:\\\/\\\/pmza.sk\\\/#organization\"},\"potentialAction\":[{\"@type\":\"SearchAction\",\"target\":{\"@type\":\"EntryPoint\",\"urlTemplate\":\"https:\\\/\\\/pmza.sk\\\/?s={search_term_string}\"},\"query-input\":{\"@type\":\"PropertyValueSpecification\",\"valueRequired\":true,\"valueName\":\"search_term_string\"}}],\"inLanguage\":\"sk-SK\"},{\"@type\":\"Organization\",\"@id\":\"https:\\\/\\\/pmza.sk\\\/#organization\",\"name\":\"Pova\u017esk\u00e9 m\u00fazeum\",\"url\":\"https:\\\/\\\/pmza.sk\\\/\",\"logo\":{\"@type\":\"ImageObject\",\"inLanguage\":\"sk-SK\",\"@id\":\"https:\\\/\\\/pmza.sk\\\/#\\\/schema\\\/logo\\\/image\\\/\",\"url\":\"https:\\\/\\\/pmza.sk\\\/wp-content\\\/uploads\\\/2022\\\/01\\\/logo_PM_horizontal.jpg\",\"contentUrl\":\"https:\\\/\\\/pmza.sk\\\/wp-content\\\/uploads\\\/2022\\\/01\\\/logo_PM_horizontal.jpg\",\"width\":231,\"height\":142,\"caption\":\"Pova\u017esk\u00e9 m\u00fazeum\"},\"image\":{\"@id\":\"https:\\\/\\\/pmza.sk\\\/#\\\/schema\\\/logo\\\/image\\\/\"},\"sameAs\":[\"https:\\\/\\\/www.facebook.com\\\/povazskemuzeum\",\"https:\\\/\\\/www.instagram.com\\\/povazskemuzeum\\\/\"]},{\"@type\":\"Person\",\"@id\":\"https:\\\/\\\/pmza.sk\\\/#\\\/schema\\\/person\\\/595e6a2ce731ea94dcd5d7f50a41ae33\",\"name\":\"Pova\u017esk\u00e9 m\u00fazeum\",\"image\":{\"@type\":\"ImageObject\",\"inLanguage\":\"sk-SK\",\"@id\":\"https:\\\/\\\/secure.gravatar.com\\\/avatar\\\/2bb7f1561282132fb5826dfeccc66c7996d11ee392ac6aaf7ced8a1c2027fbb2?s=96&d=mm&r=g\",\"url\":\"https:\\\/\\\/secure.gravatar.com\\\/avatar\\\/2bb7f1561282132fb5826dfeccc66c7996d11ee392ac6aaf7ced8a1c2027fbb2?s=96&d=mm&r=g\",\"contentUrl\":\"https:\\\/\\\/secure.gravatar.com\\\/avatar\\\/2bb7f1561282132fb5826dfeccc66c7996d11ee392ac6aaf7ced8a1c2027fbb2?s=96&d=mm&r=g\",\"caption\":\"Pova\u017esk\u00e9 m\u00fazeum\"}}]}<\/script>\n<!-- \/ Yoast SEO plugin. -->","yoast_head_json":{"title":"Rezb\u00e1rsky de\u0148 v Budat\u00ednskom parku - Pova\u017esk\u00e9 m\u00fazeum","robots":{"index":"index","follow":"follow","max-snippet":"max-snippet:-1","max-image-preview":"max-image-preview:large","max-video-preview":"max-video-preview:-1"},"canonical":"https:\/\/pmza.sk\/?p=1313","og_locale":"sk_SK","og_type":"article","og_title":"Rezb\u00e1rsky de\u0148 v Budat\u00ednskom parku - Pova\u017esk\u00e9 m\u00fazeum","og_description":"\u017dilinsk\u00fd samospr\u00e1vny kraj v\u00a0r\u00e1mci implement\u00e1cie schv\u00e1len\u00e9ho projektu s\u00a0n\u00e1zvom \u201eBudat\u00edn \u2013 Strumie\u0144: Revitaliz\u00e1cia a\u00a0rozvoj kult\u00farneho dedi\u010dstva\u201c V\u00e1s poz\u00fdva na \u010fal\u0161iu aktivitu konaj\u00facu sa v\u00a0zrevitalizovanom Budat\u00ednskom parku \u2013 Rezb\u00e1rsky de\u0148 v\u00a0d\u0148och 25. \u2013 26. september 2010. \u00a0Hlavnou t\u00e9mou stretnutia \u017eilinsk\u00fdch rezb\u00e1rov a\u00a0rezb\u00e1rov z\u00a0po\u013esk\u00e9ho Strumie\u0144a bude spolo\u010dn\u00e1 pr\u00e1ca na ve\u013ekorozmernej k\u00f3pii plte s\u00a0charakteristickou kolibou, pltn\u00edckym vybaven\u00edm, ktor\u00fa bud\u00fa [&hellip;]","og_url":"https:\/\/pmza.sk\/?p=1313","og_site_name":"Pova\u017esk\u00e9 m\u00fazeum","article_publisher":"https:\/\/www.facebook.com\/povazskemuzeum","article_published_time":"2010-09-17T08:40:47+00:00","og_image":[{"url":"https:\/\/pmza.sk.sk\/wp-content\/uploads\/2010\/09\/59-300x200.jpg","type":"","width":"","height":""}],"author":"Pova\u017esk\u00e9 m\u00fazeum","twitter_card":"summary_large_image","twitter_misc":{"Autor":"Pova\u017esk\u00e9 m\u00fazeum","Predpokladan\u00fd \u010das \u010d\u00edtania":"1 min\u00fata"},"schema":{"@context":"https:\/\/schema.org","@graph":[{"@type":"Article","@id":"https:\/\/pmza.sk\/?p=1313#article","isPartOf":{"@id":"https:\/\/pmza.sk\/?p=1313"},"author":{"name":"Pova\u017esk\u00e9 m\u00fazeum","@id":"https:\/\/pmza.sk\/#\/schema\/person\/595e6a2ce731ea94dcd5d7f50a41ae33"},"headline":"Rezb\u00e1rsky de\u0148 v Budat\u00ednskom parku","datePublished":"2010-09-17T08:40:47+00:00","mainEntityOfPage":{"@id":"https:\/\/pmza.sk\/?p=1313"},"wordCount":161,"publisher":{"@id":"https:\/\/pmza.sk\/#organization"},"image":{"@id":"https:\/\/pmza.sk\/?p=1313#primaryimage"},"thumbnailUrl":"https:\/\/pmza.sk.sk\/wp-content\/uploads\/2010\/09\/59-300x200.jpg","articleSection":["Arch\u00edv 2010"],"inLanguage":"sk-SK"},{"@type":"WebPage","@id":"https:\/\/pmza.sk\/?p=1313","url":"https:\/\/pmza.sk\/?p=1313","name":"Rezb\u00e1rsky de\u0148 v Budat\u00ednskom parku - Pova\u017esk\u00e9 m\u00fazeum","isPartOf":{"@id":"https:\/\/pmza.sk\/#website"},"primaryImageOfPage":{"@id":"https:\/\/pmza.sk\/?p=1313#primaryimage"},"image":{"@id":"https:\/\/pmza.sk\/?p=1313#primaryimage"},"thumbnailUrl":"https:\/\/pmza.sk.sk\/wp-content\/uploads\/2010\/09\/59-300x200.jpg","datePublished":"2010-09-17T08:40:47+00:00","breadcrumb":{"@id":"https:\/\/pmza.sk\/?p=1313#breadcrumb"},"inLanguage":"sk-SK","potentialAction":[{"@type":"ReadAction","target":["https:\/\/pmza.sk\/?p=1313"]}]},{"@type":"ImageObject","inLanguage":"sk-SK","@id":"https:\/\/pmza.sk\/?p=1313#primaryimage","url":"https:\/\/pmza.sk.sk\/wp-content\/uploads\/2010\/09\/59-300x200.jpg","contentUrl":"https:\/\/pmza.sk.sk\/wp-content\/uploads\/2010\/09\/59-300x200.jpg"},{"@type":"BreadcrumbList","@id":"https:\/\/pmza.sk\/?p=1313#breadcrumb","itemListElement":[{"@type":"ListItem","position":1,"name":"Domovsk\u00e1 str\u00e1nka","item":"https:\/\/pmza.sk\/"},{"@type":"ListItem","position":2,"name":"Rezb\u00e1rsky de\u0148 v Budat\u00ednskom parku"}]},{"@type":"WebSite","@id":"https:\/\/pmza.sk\/#website","url":"https:\/\/pmza.sk\/","name":"Pova\u017esk\u00e9 m\u00fazeum","description":"Pova\u017esk\u00e9 m\u00fazeum v \u017diline je region\u00e1lne m\u00fazeum so s\u00eddlom v Budat\u00edne. Jeho expoz\u00edcie s\u00fa zameran\u00e9 na dejiny slovensk\u00e9ho umenia, kult\u00fary a dopravy.","publisher":{"@id":"https:\/\/pmza.sk\/#organization"},"potentialAction":[{"@type":"SearchAction","target":{"@type":"EntryPoint","urlTemplate":"https:\/\/pmza.sk\/?s={search_term_string}"},"query-input":{"@type":"PropertyValueSpecification","valueRequired":true,"valueName":"search_term_string"}}],"inLanguage":"sk-SK"},{"@type":"Organization","@id":"https:\/\/pmza.sk\/#organization","name":"Pova\u017esk\u00e9 m\u00fazeum","url":"https:\/\/pmza.sk\/","logo":{"@type":"ImageObject","inLanguage":"sk-SK","@id":"https:\/\/pmza.sk\/#\/schema\/logo\/image\/","url":"https:\/\/pmza.sk\/wp-content\/uploads\/2022\/01\/logo_PM_horizontal.jpg","contentUrl":"https:\/\/pmza.sk\/wp-content\/uploads\/2022\/01\/logo_PM_horizontal.jpg","width":231,"height":142,"caption":"Pova\u017esk\u00e9 m\u00fazeum"},"image":{"@id":"https:\/\/pmza.sk\/#\/schema\/logo\/image\/"},"sameAs":["https:\/\/www.facebook.com\/povazskemuzeum","https:\/\/www.instagram.com\/povazskemuzeum\/"]},{"@type":"Person","@id":"https:\/\/pmza.sk\/#\/schema\/person\/595e6a2ce731ea94dcd5d7f50a41ae33","name":"Pova\u017esk\u00e9 m\u00fazeum","image":{"@type":"ImageObject","inLanguage":"sk-SK","@id":"https:\/\/secure.gravatar.com\/avatar\/2bb7f1561282132fb5826dfeccc66c7996d11ee392ac6aaf7ced8a1c2027fbb2?s=96&d=mm&r=g","url":"https:\/\/secure.gravatar.com\/avatar\/2bb7f1561282132fb5826dfeccc66c7996d11ee392ac6aaf7ced8a1c2027fbb2?s=96&d=mm&r=g","contentUrl":"https:\/\/secure.gravatar.com\/avatar\/2bb7f1561282132fb5826dfeccc66c7996d11ee392ac6aaf7ced8a1c2027fbb2?s=96&d=mm&r=g","caption":"Pova\u017esk\u00e9 m\u00fazeum"}}]}},"_links":{"self":[{"href":"https:\/\/pmza.sk\/index.php?rest_route=\/wp\/v2\/posts\/1313","targetHints":{"allow":["GET"]}}],"collection":[{"href":"https:\/\/pmza.sk\/index.php?rest_route=\/wp\/v2\/posts"}],"about":[{"href":"https:\/\/pmza.sk\/index.php?rest_route=\/wp\/v2\/types\/post"}],"author":[{"embeddable":true,"href":"https:\/\/pmza.sk\/index.php?rest_route=\/wp\/v2\/users\/2"}],"replies":[{"embeddable":true,"href":"https:\/\/pmza.sk\/index.php?rest_route=%2Fwp%2Fv2%2Fcomments&post=1313"}],"version-history":[{"count":0,"href":"https:\/\/pmza.sk\/index.php?rest_route=\/wp\/v2\/posts\/1313\/revisions"}],"wp:attachment":[{"href":"https:\/\/pmza.sk\/index.php?rest_route=%2Fwp%2Fv2%2Fmedia&parent=1313"}],"wp:term":[{"taxonomy":"category","embeddable":true,"href":"https:\/\/pmza.sk\/index.php?rest_route=%2Fwp%2Fv2%2Fcategories&post=1313"},{"taxonomy":"post_tag","embeddable":true,"href":"https:\/\/pmza.sk\/index.php?rest_route=%2Fwp%2Fv2%2Ftags&post=1313"}],"curies":[{"name":"wp","href":"https:\/\/api.w.org\/{rel}","templated":true}]}}