{"id":13162,"date":"2015-07-17T13:41:13","date_gmt":"2015-07-17T11:41:13","guid":{"rendered":"https:\/\/pmza.sk.sk\/?p=13162"},"modified":"2015-07-17T13:41:13","modified_gmt":"2015-07-17T11:41:13","slug":"janosik-v-ludovom-umeni-2","status":"publish","type":"post","link":"https:\/\/pmza.sk\/?p=13162","title":{"rendered":"J\u00e1no\u0161\u00edk v \u013eudovom umen\u00ed"},"content":{"rendered":"<p>Pova\u017esk\u00e9 m\u00fazeum v zria\u010fovate\u013eskej p\u00f4sobnosti \u017dilinsk\u00e9ho samospr\u00e1vneho kraja pripravilo v spolupr\u00e1ci s Etnografick\u00fdm m\u00fazeom v Martine a s\u00fa\u010dasn\u00fdmi neprofesion\u00e1lnymi umelcami v\u00fdstavu s n\u00e1zvom <strong>J\u00e1no\u0161\u00edk v \u013eudovom umen\u00ed<\/strong>. N\u00e1metom v\u00fdstavy je j\u00e1no\u0161\u00edkovsk\u00e1 tematika a trad\u00edcia, ktor\u00e1 na Slovensku pretrv\u00e1va u\u017e takmer tri storo\u010dia v nepretr\u017eitej kontinuite mnoh\u00fdch folkl\u00f3rnych, liter\u00e1rnych a v\u00fdtvarn\u00fdch \u017e\u00e1nrov. Zrodila sa z prirodzenej \u013eudskej t\u00fa\u017eby po lep\u0161om \u017eivote, soci\u00e1lnej spravodlivosti, mor\u00e1lnych hodnot\u00e1ch \u010di norm\u00e1ch. Na dlh\u00fa dobu bola j\u00e1no\u0161\u00edkovsk\u00e1 trad\u00edcia dom\u00e9nou \u013eudov\u00e9ho v\u00fdtvarn\u00e9ho umenia, a\u017e nesk\u00f4r sa vyv\u00edjala paralelne s umen\u00edm profesion\u00e1lnym. Cez \u013eudov\u00fd v\u00fdtvarn\u00fd prejav, nepodliehaj\u00faci norm\u00e1m, prost\u00fd \u013eud vyjadroval svoj vz\u0165ah k J\u00e1no\u0161\u00edkovi ako k hrdinovi, ktor\u00fd stoj\u00ed na strane chudobn\u00fdch a tie\u017e interpretoval svoje predstavy o jeho domnelom v\u00fdzore \u010di skutkoch.<\/p>\n<p>V\u00fdstava bude spr\u00edstupnen\u00e1 <strong>od 21. j\u00fala do 30. augusta<\/strong> v priestore gal\u00e9rie Obecn\u00e9ho \u00faradu v Terchovej nad expoz\u00edciou Pova\u017esk\u00e9ho m\u00fazea v \u017diline s n\u00e1zvom J\u00e1no\u0161\u00edk a Terchov\u00e1. Bude s\u00fa\u010das\u0165ou prehliadky expoz\u00edcie J\u00e1no\u0161\u00edk a Terchov\u00e1.<\/p>\n<p><span style=\"text-decoration: underline;\">O v\u00fdstave:<\/span><br \/>\u201eV\u00fdstava predstav\u00ed n\u00e1\u0161ho \u013eudov\u00e9ho hrdinu na jednej strane cez anonymn\u00fa tvorbu \u013eudov\u00fdch vrstiev v minulosti a na druhej strane cez pr\u00e1ce s\u00fa\u010dasn\u00fdch neprofesion\u00e1lnych umelcov zo severoz\u00e1padn\u00e9ho Slovenska. Koncipovan\u00e1 je tak, aby boli zast\u00fapen\u00e9 v\u0161etky oblasti \u013eudov\u00e9ho umenia, v ktor\u00fdch sa j\u00e1no\u0161\u00edkovsk\u00e1 trad\u00edcia najviac prejavila,\u201c uviedla kur\u00e1torka v\u00fdstavy Katar\u00edna Kendrov\u00e1. Zo zbierok Pova\u017esk\u00e9ho m\u00fazea v \u017diline tu n\u00e1v\u0161tevn\u00edci n\u00e1jdu predov\u0161etk\u00fdm ma\u013eby na skle, kresby ceruzou, ale aj mohutn\u00fd kamenn\u00fd \u010di keramick\u00fd reli\u00e9f. Pastierska drevorezba, ktor\u00e1 patr\u00ed k najkraj\u0161\u00edm prejavom \u013eudov\u00e9ho umenia v\u00f4bec, je na v\u00fdstave zast\u00fapen\u00e1 najm\u00e4 zbierkami Etnografick\u00e9ho m\u00fazea v Martine. \u201e\u010crp\u00e1ky, praslice, vala\u0161ky \u010di predmety z rohoviny, zdoben\u00e9 mot\u00edvom J\u00e1no\u0161\u00edka a jeho h\u00f4rnych chlapcov, oslovia najm\u00e4 svoj\u00edm prec\u00edznym, detailn\u00fdm spracovan\u00edm. Najviac dokladov stv\u00e1rnenia j\u00e1no\u0161\u00edkovskej tematiky v\u0161ak nach\u00e1dzame v drevenej komornej plastike, v dreven\u00fdch reli\u00e9foch a monument\u00e1lnych soch\u00e1ch,\u201c doplnila K. Kendrov\u00e1. T\u00fato oblas\u0165 umenia prezentuj\u00fa najm\u00e4 po\u010detn\u00e9 komorn\u00e9 plastiky z r\u00fak s\u00fa\u010dasn\u00fdch neprofesion\u00e1lnych umelcov \u2013 rezb\u00e1rov. Zo \u017eilinsk\u00fdch rezb\u00e1rov sa na v\u00fdstave predstavia \u013eudovoumeleck\u00ed majstri nielen dreva, ale i ko\u017ee a kovu Tibor Mah\u00fat a V\u00edt Pie\u0161. V\u00fdznamn\u00e9 rezb\u00e1rske centrum \u2013 obec \u0160tiavnik zast\u00fapia svojou tvorbou rezb\u00e1ri J\u00e1n Palko a Stanislav Polek, oblas\u0165 Kys\u00fac Anton Kadura z Podvysokej a J\u00e1n Podsklan z \u010cadce. Terchov\u00fa, rodisko Juraja J\u00e1no\u0161\u00edka, viacer\u00fdmi plastikami reprezentuje J\u00e1n Marto\u0161. Postava J\u00e1no\u0161\u00edka si na\u0161la miesto aj v textilnej tvorbe. T\u00fato oblas\u0165 umenia prezentuje pr\u00e1ca zn\u00e1mej \u017eilinskej \u010dipk\u00e1rky M\u00e1rie Hnidkovej, ktor\u00e1 cel\u00fa v\u00fdstavu vhodne dop\u013a\u0148a. Z u\u017e ne\u017eij\u00facich autorov sa zauj\u00edmav\u00fdmi dreven\u00fdmi reli\u00e9fmi zo zbierok Etnografick\u00e9ho m\u00fazea v Martine predstav\u00ed \u0160tefan Ba\u010da, vynikaj\u00faci rezb\u00e1r dru\u017estva Rezb\u00e1r v Rajci.<\/p>\n<p>V\u00fdstava je obohaten\u00e1 o informa\u010dn\u00e9 bannery, obsahuj\u00face odborn\u00e9 texty a fotografie k danej problematike.<\/p>\n","protected":false},"excerpt":{"rendered":"<p>Pova\u017esk\u00e9 m\u00fazeum v zria\u010fovate\u013eskej p\u00f4sobnosti \u017dilinsk\u00e9ho samospr\u00e1vneho kraja pripravilo v spolupr\u00e1ci s Etnografick\u00fdm m\u00fazeom v Martine a s\u00fa\u010dasn\u00fdmi neprofesion\u00e1lnymi umelcami v\u00fdstavu s n\u00e1zvom J\u00e1no\u0161\u00edk v \u013eudovom umen\u00ed. N\u00e1metom v\u00fdstavy je j\u00e1no\u0161\u00edkovsk\u00e1 tematika a trad\u00edcia, ktor\u00e1 na Slovensku pretrv\u00e1va u\u017e takmer tri storo\u010dia v nepretr\u017eitej kontinuite mnoh\u00fdch folkl\u00f3rnych, liter\u00e1rnych a v\u00fdtvarn\u00fdch \u017e\u00e1nrov. Zrodila sa z prirodzenej [&hellip;]<\/p>\n","protected":false},"author":2,"featured_media":13181,"comment_status":"closed","ping_status":"closed","sticky":false,"template":"","format":"standard","meta":{"site-sidebar-layout":"default","site-content-layout":"","ast-site-content-layout":"","site-content-style":"default","site-sidebar-style":"default","ast-global-header-display":"","ast-banner-title-visibility":"","ast-main-header-display":"","ast-hfb-above-header-display":"","ast-hfb-below-header-display":"","ast-hfb-mobile-header-display":"","site-post-title":"","ast-breadcrumbs-content":"","ast-featured-img":"","footer-sml-layout":"","theme-transparent-header-meta":"","adv-header-id-meta":"","stick-header-meta":"","header-above-stick-meta":"","header-main-stick-meta":"","header-below-stick-meta":"","astra-migrate-meta-layouts":"default","ast-page-background-enabled":"default","ast-page-background-meta":{"desktop":{"background-color":"var(--ast-global-color-4)","background-image":"","background-repeat":"repeat","background-position":"center center","background-size":"auto","background-attachment":"scroll","background-type":"","background-media":"","overlay-type":"","overlay-color":"","overlay-opacity":"","overlay-gradient":""},"tablet":{"background-color":"","background-image":"","background-repeat":"repeat","background-position":"center center","background-size":"auto","background-attachment":"scroll","background-type":"","background-media":"","overlay-type":"","overlay-color":"","overlay-opacity":"","overlay-gradient":""},"mobile":{"background-color":"","background-image":"","background-repeat":"repeat","background-position":"center center","background-size":"auto","background-attachment":"scroll","background-type":"","background-media":"","overlay-type":"","overlay-color":"","overlay-opacity":"","overlay-gradient":""}},"ast-content-background-meta":{"desktop":{"background-color":"var(--ast-global-color-5)","background-image":"","background-repeat":"repeat","background-position":"center center","background-size":"auto","background-attachment":"scroll","background-type":"","background-media":"","overlay-type":"","overlay-color":"","overlay-opacity":"","overlay-gradient":""},"tablet":{"background-color":"var(--ast-global-color-5)","background-image":"","background-repeat":"repeat","background-position":"center center","background-size":"auto","background-attachment":"scroll","background-type":"","background-media":"","overlay-type":"","overlay-color":"","overlay-opacity":"","overlay-gradient":""},"mobile":{"background-color":"var(--ast-global-color-5)","background-image":"","background-repeat":"repeat","background-position":"center center","background-size":"auto","background-attachment":"scroll","background-type":"","background-media":"","overlay-type":"","overlay-color":"","overlay-opacity":"","overlay-gradient":""}},"footnotes":""},"categories":[38],"tags":[],"class_list":["post-13162","post","type-post","status-publish","format-standard","has-post-thumbnail","hentry","category-archiv-2015"],"yoast_head":"<!-- This site is optimized with the Yoast SEO plugin v27.4 - https:\/\/yoast.com\/product\/yoast-seo-wordpress\/ -->\n<title>J\u00e1no\u0161\u00edk v \u013eudovom umen\u00ed - Pova\u017esk\u00e9 m\u00fazeum<\/title>\n<meta name=\"robots\" content=\"index, follow, max-snippet:-1, max-image-preview:large, max-video-preview:-1\" \/>\n<link rel=\"canonical\" href=\"https:\/\/pmza.sk\/?p=13162\" \/>\n<meta property=\"og:locale\" content=\"sk_SK\" \/>\n<meta property=\"og:type\" content=\"article\" \/>\n<meta property=\"og:title\" content=\"J\u00e1no\u0161\u00edk v \u013eudovom umen\u00ed - Pova\u017esk\u00e9 m\u00fazeum\" \/>\n<meta property=\"og:description\" content=\"Pova\u017esk\u00e9 m\u00fazeum v zria\u010fovate\u013eskej p\u00f4sobnosti \u017dilinsk\u00e9ho samospr\u00e1vneho kraja pripravilo v spolupr\u00e1ci s Etnografick\u00fdm m\u00fazeom v Martine a s\u00fa\u010dasn\u00fdmi neprofesion\u00e1lnymi umelcami v\u00fdstavu s n\u00e1zvom J\u00e1no\u0161\u00edk v \u013eudovom umen\u00ed. N\u00e1metom v\u00fdstavy je j\u00e1no\u0161\u00edkovsk\u00e1 tematika a trad\u00edcia, ktor\u00e1 na Slovensku pretrv\u00e1va u\u017e takmer tri storo\u010dia v nepretr\u017eitej kontinuite mnoh\u00fdch folkl\u00f3rnych, liter\u00e1rnych a v\u00fdtvarn\u00fdch \u017e\u00e1nrov. Zrodila sa z prirodzenej [&hellip;]\" \/>\n<meta property=\"og:url\" content=\"https:\/\/pmza.sk\/?p=13162\" \/>\n<meta property=\"og:site_name\" content=\"Pova\u017esk\u00e9 m\u00fazeum\" \/>\n<meta property=\"article:publisher\" content=\"https:\/\/www.facebook.com\/povazskemuzeum\" \/>\n<meta property=\"article:published_time\" content=\"2015-07-17T11:41:13+00:00\" \/>\n<meta property=\"og:image\" content=\"https:\/\/pmza.sk\/wp-content\/uploads\/2015\/07\/Janosik-v-ludovom-umeni.jpg\" \/>\n\t<meta property=\"og:image:width\" content=\"552\" \/>\n\t<meta property=\"og:image:height\" content=\"780\" \/>\n\t<meta property=\"og:image:type\" content=\"image\/jpeg\" \/>\n<meta name=\"author\" content=\"Pova\u017esk\u00e9 m\u00fazeum\" \/>\n<meta name=\"twitter:card\" content=\"summary_large_image\" \/>\n<meta name=\"twitter:label1\" content=\"Autor\" \/>\n\t<meta name=\"twitter:data1\" content=\"Pova\u017esk\u00e9 m\u00fazeum\" \/>\n\t<meta name=\"twitter:label2\" content=\"Predpokladan\u00fd \u010das \u010d\u00edtania\" \/>\n\t<meta name=\"twitter:data2\" content=\"3 min\u00faty\" \/>\n<script type=\"application\/ld+json\" class=\"yoast-schema-graph\">{\"@context\":\"https:\\\/\\\/schema.org\",\"@graph\":[{\"@type\":\"Article\",\"@id\":\"https:\\\/\\\/pmza.sk\\\/?p=13162#article\",\"isPartOf\":{\"@id\":\"https:\\\/\\\/pmza.sk\\\/?p=13162\"},\"author\":{\"name\":\"Pova\u017esk\u00e9 m\u00fazeum\",\"@id\":\"https:\\\/\\\/pmza.sk\\\/#\\\/schema\\\/person\\\/595e6a2ce731ea94dcd5d7f50a41ae33\"},\"headline\":\"J\u00e1no\u0161\u00edk v \u013eudovom umen\u00ed\",\"datePublished\":\"2015-07-17T11:41:13+00:00\",\"mainEntityOfPage\":{\"@id\":\"https:\\\/\\\/pmza.sk\\\/?p=13162\"},\"wordCount\":597,\"publisher\":{\"@id\":\"https:\\\/\\\/pmza.sk\\\/#organization\"},\"image\":{\"@id\":\"https:\\\/\\\/pmza.sk\\\/?p=13162#primaryimage\"},\"thumbnailUrl\":\"https:\\\/\\\/pmza.sk\\\/wp-content\\\/uploads\\\/2015\\\/07\\\/Janosik-v-ludovom-umeni.jpg\",\"articleSection\":[\"Arch\u00edv 2015\"],\"inLanguage\":\"sk-SK\"},{\"@type\":\"WebPage\",\"@id\":\"https:\\\/\\\/pmza.sk\\\/?p=13162\",\"url\":\"https:\\\/\\\/pmza.sk\\\/?p=13162\",\"name\":\"J\u00e1no\u0161\u00edk v \u013eudovom umen\u00ed - Pova\u017esk\u00e9 m\u00fazeum\",\"isPartOf\":{\"@id\":\"https:\\\/\\\/pmza.sk\\\/#website\"},\"primaryImageOfPage\":{\"@id\":\"https:\\\/\\\/pmza.sk\\\/?p=13162#primaryimage\"},\"image\":{\"@id\":\"https:\\\/\\\/pmza.sk\\\/?p=13162#primaryimage\"},\"thumbnailUrl\":\"https:\\\/\\\/pmza.sk\\\/wp-content\\\/uploads\\\/2015\\\/07\\\/Janosik-v-ludovom-umeni.jpg\",\"datePublished\":\"2015-07-17T11:41:13+00:00\",\"breadcrumb\":{\"@id\":\"https:\\\/\\\/pmza.sk\\\/?p=13162#breadcrumb\"},\"inLanguage\":\"sk-SK\",\"potentialAction\":[{\"@type\":\"ReadAction\",\"target\":[\"https:\\\/\\\/pmza.sk\\\/?p=13162\"]}]},{\"@type\":\"ImageObject\",\"inLanguage\":\"sk-SK\",\"@id\":\"https:\\\/\\\/pmza.sk\\\/?p=13162#primaryimage\",\"url\":\"https:\\\/\\\/pmza.sk\\\/wp-content\\\/uploads\\\/2015\\\/07\\\/Janosik-v-ludovom-umeni.jpg\",\"contentUrl\":\"https:\\\/\\\/pmza.sk\\\/wp-content\\\/uploads\\\/2015\\\/07\\\/Janosik-v-ludovom-umeni.jpg\",\"width\":552,\"height\":780},{\"@type\":\"BreadcrumbList\",\"@id\":\"https:\\\/\\\/pmza.sk\\\/?p=13162#breadcrumb\",\"itemListElement\":[{\"@type\":\"ListItem\",\"position\":1,\"name\":\"Domovsk\u00e1 str\u00e1nka\",\"item\":\"https:\\\/\\\/pmza.sk\\\/\"},{\"@type\":\"ListItem\",\"position\":2,\"name\":\"J\u00e1no\u0161\u00edk v \u013eudovom umen\u00ed\"}]},{\"@type\":\"WebSite\",\"@id\":\"https:\\\/\\\/pmza.sk\\\/#website\",\"url\":\"https:\\\/\\\/pmza.sk\\\/\",\"name\":\"Pova\u017esk\u00e9 m\u00fazeum\",\"description\":\"Pova\u017esk\u00e9 m\u00fazeum v \u017diline je region\u00e1lne m\u00fazeum so s\u00eddlom v Budat\u00edne. Jeho expoz\u00edcie s\u00fa zameran\u00e9 na dejiny slovensk\u00e9ho umenia, kult\u00fary a dopravy.\",\"publisher\":{\"@id\":\"https:\\\/\\\/pmza.sk\\\/#organization\"},\"potentialAction\":[{\"@type\":\"SearchAction\",\"target\":{\"@type\":\"EntryPoint\",\"urlTemplate\":\"https:\\\/\\\/pmza.sk\\\/?s={search_term_string}\"},\"query-input\":{\"@type\":\"PropertyValueSpecification\",\"valueRequired\":true,\"valueName\":\"search_term_string\"}}],\"inLanguage\":\"sk-SK\"},{\"@type\":\"Organization\",\"@id\":\"https:\\\/\\\/pmza.sk\\\/#organization\",\"name\":\"Pova\u017esk\u00e9 m\u00fazeum\",\"url\":\"https:\\\/\\\/pmza.sk\\\/\",\"logo\":{\"@type\":\"ImageObject\",\"inLanguage\":\"sk-SK\",\"@id\":\"https:\\\/\\\/pmza.sk\\\/#\\\/schema\\\/logo\\\/image\\\/\",\"url\":\"https:\\\/\\\/pmza.sk\\\/wp-content\\\/uploads\\\/2022\\\/01\\\/logo_PM_horizontal.jpg\",\"contentUrl\":\"https:\\\/\\\/pmza.sk\\\/wp-content\\\/uploads\\\/2022\\\/01\\\/logo_PM_horizontal.jpg\",\"width\":231,\"height\":142,\"caption\":\"Pova\u017esk\u00e9 m\u00fazeum\"},\"image\":{\"@id\":\"https:\\\/\\\/pmza.sk\\\/#\\\/schema\\\/logo\\\/image\\\/\"},\"sameAs\":[\"https:\\\/\\\/www.facebook.com\\\/povazskemuzeum\",\"https:\\\/\\\/www.instagram.com\\\/povazskemuzeum\\\/\"]},{\"@type\":\"Person\",\"@id\":\"https:\\\/\\\/pmza.sk\\\/#\\\/schema\\\/person\\\/595e6a2ce731ea94dcd5d7f50a41ae33\",\"name\":\"Pova\u017esk\u00e9 m\u00fazeum\",\"image\":{\"@type\":\"ImageObject\",\"inLanguage\":\"sk-SK\",\"@id\":\"https:\\\/\\\/secure.gravatar.com\\\/avatar\\\/2bb7f1561282132fb5826dfeccc66c7996d11ee392ac6aaf7ced8a1c2027fbb2?s=96&d=mm&r=g\",\"url\":\"https:\\\/\\\/secure.gravatar.com\\\/avatar\\\/2bb7f1561282132fb5826dfeccc66c7996d11ee392ac6aaf7ced8a1c2027fbb2?s=96&d=mm&r=g\",\"contentUrl\":\"https:\\\/\\\/secure.gravatar.com\\\/avatar\\\/2bb7f1561282132fb5826dfeccc66c7996d11ee392ac6aaf7ced8a1c2027fbb2?s=96&d=mm&r=g\",\"caption\":\"Pova\u017esk\u00e9 m\u00fazeum\"}}]}<\/script>\n<!-- \/ Yoast SEO plugin. -->","yoast_head_json":{"title":"J\u00e1no\u0161\u00edk v \u013eudovom umen\u00ed - Pova\u017esk\u00e9 m\u00fazeum","robots":{"index":"index","follow":"follow","max-snippet":"max-snippet:-1","max-image-preview":"max-image-preview:large","max-video-preview":"max-video-preview:-1"},"canonical":"https:\/\/pmza.sk\/?p=13162","og_locale":"sk_SK","og_type":"article","og_title":"J\u00e1no\u0161\u00edk v \u013eudovom umen\u00ed - Pova\u017esk\u00e9 m\u00fazeum","og_description":"Pova\u017esk\u00e9 m\u00fazeum v zria\u010fovate\u013eskej p\u00f4sobnosti \u017dilinsk\u00e9ho samospr\u00e1vneho kraja pripravilo v spolupr\u00e1ci s Etnografick\u00fdm m\u00fazeom v Martine a s\u00fa\u010dasn\u00fdmi neprofesion\u00e1lnymi umelcami v\u00fdstavu s n\u00e1zvom J\u00e1no\u0161\u00edk v \u013eudovom umen\u00ed. N\u00e1metom v\u00fdstavy je j\u00e1no\u0161\u00edkovsk\u00e1 tematika a trad\u00edcia, ktor\u00e1 na Slovensku pretrv\u00e1va u\u017e takmer tri storo\u010dia v nepretr\u017eitej kontinuite mnoh\u00fdch folkl\u00f3rnych, liter\u00e1rnych a v\u00fdtvarn\u00fdch \u017e\u00e1nrov. Zrodila sa z prirodzenej [&hellip;]","og_url":"https:\/\/pmza.sk\/?p=13162","og_site_name":"Pova\u017esk\u00e9 m\u00fazeum","article_publisher":"https:\/\/www.facebook.com\/povazskemuzeum","article_published_time":"2015-07-17T11:41:13+00:00","og_image":[{"width":552,"height":780,"url":"https:\/\/pmza.sk\/wp-content\/uploads\/2015\/07\/Janosik-v-ludovom-umeni.jpg","type":"image\/jpeg"}],"author":"Pova\u017esk\u00e9 m\u00fazeum","twitter_card":"summary_large_image","twitter_misc":{"Autor":"Pova\u017esk\u00e9 m\u00fazeum","Predpokladan\u00fd \u010das \u010d\u00edtania":"3 min\u00faty"},"schema":{"@context":"https:\/\/schema.org","@graph":[{"@type":"Article","@id":"https:\/\/pmza.sk\/?p=13162#article","isPartOf":{"@id":"https:\/\/pmza.sk\/?p=13162"},"author":{"name":"Pova\u017esk\u00e9 m\u00fazeum","@id":"https:\/\/pmza.sk\/#\/schema\/person\/595e6a2ce731ea94dcd5d7f50a41ae33"},"headline":"J\u00e1no\u0161\u00edk v \u013eudovom umen\u00ed","datePublished":"2015-07-17T11:41:13+00:00","mainEntityOfPage":{"@id":"https:\/\/pmza.sk\/?p=13162"},"wordCount":597,"publisher":{"@id":"https:\/\/pmza.sk\/#organization"},"image":{"@id":"https:\/\/pmza.sk\/?p=13162#primaryimage"},"thumbnailUrl":"https:\/\/pmza.sk\/wp-content\/uploads\/2015\/07\/Janosik-v-ludovom-umeni.jpg","articleSection":["Arch\u00edv 2015"],"inLanguage":"sk-SK"},{"@type":"WebPage","@id":"https:\/\/pmza.sk\/?p=13162","url":"https:\/\/pmza.sk\/?p=13162","name":"J\u00e1no\u0161\u00edk v \u013eudovom umen\u00ed - Pova\u017esk\u00e9 m\u00fazeum","isPartOf":{"@id":"https:\/\/pmza.sk\/#website"},"primaryImageOfPage":{"@id":"https:\/\/pmza.sk\/?p=13162#primaryimage"},"image":{"@id":"https:\/\/pmza.sk\/?p=13162#primaryimage"},"thumbnailUrl":"https:\/\/pmza.sk\/wp-content\/uploads\/2015\/07\/Janosik-v-ludovom-umeni.jpg","datePublished":"2015-07-17T11:41:13+00:00","breadcrumb":{"@id":"https:\/\/pmza.sk\/?p=13162#breadcrumb"},"inLanguage":"sk-SK","potentialAction":[{"@type":"ReadAction","target":["https:\/\/pmza.sk\/?p=13162"]}]},{"@type":"ImageObject","inLanguage":"sk-SK","@id":"https:\/\/pmza.sk\/?p=13162#primaryimage","url":"https:\/\/pmza.sk\/wp-content\/uploads\/2015\/07\/Janosik-v-ludovom-umeni.jpg","contentUrl":"https:\/\/pmza.sk\/wp-content\/uploads\/2015\/07\/Janosik-v-ludovom-umeni.jpg","width":552,"height":780},{"@type":"BreadcrumbList","@id":"https:\/\/pmza.sk\/?p=13162#breadcrumb","itemListElement":[{"@type":"ListItem","position":1,"name":"Domovsk\u00e1 str\u00e1nka","item":"https:\/\/pmza.sk\/"},{"@type":"ListItem","position":2,"name":"J\u00e1no\u0161\u00edk v \u013eudovom umen\u00ed"}]},{"@type":"WebSite","@id":"https:\/\/pmza.sk\/#website","url":"https:\/\/pmza.sk\/","name":"Pova\u017esk\u00e9 m\u00fazeum","description":"Pova\u017esk\u00e9 m\u00fazeum v \u017diline je region\u00e1lne m\u00fazeum so s\u00eddlom v Budat\u00edne. Jeho expoz\u00edcie s\u00fa zameran\u00e9 na dejiny slovensk\u00e9ho umenia, kult\u00fary a dopravy.","publisher":{"@id":"https:\/\/pmza.sk\/#organization"},"potentialAction":[{"@type":"SearchAction","target":{"@type":"EntryPoint","urlTemplate":"https:\/\/pmza.sk\/?s={search_term_string}"},"query-input":{"@type":"PropertyValueSpecification","valueRequired":true,"valueName":"search_term_string"}}],"inLanguage":"sk-SK"},{"@type":"Organization","@id":"https:\/\/pmza.sk\/#organization","name":"Pova\u017esk\u00e9 m\u00fazeum","url":"https:\/\/pmza.sk\/","logo":{"@type":"ImageObject","inLanguage":"sk-SK","@id":"https:\/\/pmza.sk\/#\/schema\/logo\/image\/","url":"https:\/\/pmza.sk\/wp-content\/uploads\/2022\/01\/logo_PM_horizontal.jpg","contentUrl":"https:\/\/pmza.sk\/wp-content\/uploads\/2022\/01\/logo_PM_horizontal.jpg","width":231,"height":142,"caption":"Pova\u017esk\u00e9 m\u00fazeum"},"image":{"@id":"https:\/\/pmza.sk\/#\/schema\/logo\/image\/"},"sameAs":["https:\/\/www.facebook.com\/povazskemuzeum","https:\/\/www.instagram.com\/povazskemuzeum\/"]},{"@type":"Person","@id":"https:\/\/pmza.sk\/#\/schema\/person\/595e6a2ce731ea94dcd5d7f50a41ae33","name":"Pova\u017esk\u00e9 m\u00fazeum","image":{"@type":"ImageObject","inLanguage":"sk-SK","@id":"https:\/\/secure.gravatar.com\/avatar\/2bb7f1561282132fb5826dfeccc66c7996d11ee392ac6aaf7ced8a1c2027fbb2?s=96&d=mm&r=g","url":"https:\/\/secure.gravatar.com\/avatar\/2bb7f1561282132fb5826dfeccc66c7996d11ee392ac6aaf7ced8a1c2027fbb2?s=96&d=mm&r=g","contentUrl":"https:\/\/secure.gravatar.com\/avatar\/2bb7f1561282132fb5826dfeccc66c7996d11ee392ac6aaf7ced8a1c2027fbb2?s=96&d=mm&r=g","caption":"Pova\u017esk\u00e9 m\u00fazeum"}}]}},"_links":{"self":[{"href":"https:\/\/pmza.sk\/index.php?rest_route=\/wp\/v2\/posts\/13162","targetHints":{"allow":["GET"]}}],"collection":[{"href":"https:\/\/pmza.sk\/index.php?rest_route=\/wp\/v2\/posts"}],"about":[{"href":"https:\/\/pmza.sk\/index.php?rest_route=\/wp\/v2\/types\/post"}],"author":[{"embeddable":true,"href":"https:\/\/pmza.sk\/index.php?rest_route=\/wp\/v2\/users\/2"}],"replies":[{"embeddable":true,"href":"https:\/\/pmza.sk\/index.php?rest_route=%2Fwp%2Fv2%2Fcomments&post=13162"}],"version-history":[{"count":0,"href":"https:\/\/pmza.sk\/index.php?rest_route=\/wp\/v2\/posts\/13162\/revisions"}],"wp:featuredmedia":[{"embeddable":true,"href":"https:\/\/pmza.sk\/index.php?rest_route=\/wp\/v2\/media\/13181"}],"wp:attachment":[{"href":"https:\/\/pmza.sk\/index.php?rest_route=%2Fwp%2Fv2%2Fmedia&parent=13162"}],"wp:term":[{"taxonomy":"category","embeddable":true,"href":"https:\/\/pmza.sk\/index.php?rest_route=%2Fwp%2Fv2%2Fcategories&post=13162"},{"taxonomy":"post_tag","embeddable":true,"href":"https:\/\/pmza.sk\/index.php?rest_route=%2Fwp%2Fv2%2Ftags&post=13162"}],"curies":[{"name":"wp","href":"https:\/\/api.w.org\/{rel}","templated":true}]}}