{"id":13187,"date":"2015-07-22T09:37:48","date_gmt":"2015-07-22T07:37:48","guid":{"rendered":"https:\/\/pmza.sk.sk\/?p=13187"},"modified":"2015-07-22T09:37:48","modified_gmt":"2015-07-22T07:37:48","slug":"lubomir-mati-oddtiene","status":"publish","type":"post","link":"https:\/\/pmza.sk\/?p=13187","title":{"rendered":"\u013dubom\u00edr Mati: (ODD)TIENE"},"content":{"rendered":"<p>Pova\u017esk\u00e9 m\u00fazeum v\u00a0\u017diline pripravilo 37. pokra\u010dovanie cyklu Umenie na hrade. Predstav\u00ed sa v\u00a0\u0148om mlad\u00fd \u0161tudent Vysokej \u0161koly v\u00fdtvarn\u00fdch umen\u00ed v\u00a0Bratislave <strong>\u013dubom\u00edr Mati<\/strong>. Jeho debutov\u00e1 v\u00fdstava <strong>(ODD)TIENE<\/strong> prinesie na hrad Stre\u010dno \u010derstv\u00fd vietor a\u00a0bude s\u00fa\u010das\u0165ou be\u017enej prehliadky. Verejnos\u0165 m\u00f4\u017ee v\u00fdstavu nav\u0161t\u00edvi\u0165 od 31. j\u00fala do 9. septembra 2015.<\/p>\n<p><u>O\u00a0v\u00fdstave:<\/u><\/p>\n<p>H\u013eada\u0165 tie spr\u00e1vne (ODD)TIENE svojej tvorivosti je cie\u013eom ka\u017ed\u00e9ho n\u00e1dejn\u00e9ho mlad\u00e9ho umelca. N\u00e1js\u0165 seba a\u00a0neb\u00e1\u0165 sa posun\u00fa\u0165 svoje hranice. <em>\u201eVojdite cez z\u00e1hadu stratenej majstrovskej fresky do autorovej mysle, nechajte p\u00f4sobi\u0165 nespavos\u0165, za\u017eite ponorkov\u00fa chorobu medzi re\u00e1lnym a\u00a0abstraktn\u00fdm a\u00a0vyst\u00fapte cez sple\u0165 r\u00fak, ktor\u00e9 sa v\u00e1s bud\u00fa sna\u017ei\u0165 vtiahnu\u0165 sp\u00e4\u0165,\u201c <\/em>poz\u00fdva samotn\u00fd autor \u013d. Mati. V\u00fdstavu uvedie J\u00falia Kubekov\u00e1, \u0161tudentka Dej\u00edn umenia a\u00a0estetiky Masarykovej univerzity, Filozofickej fakulty.<\/p>\n<p><u>O\u00a0autorovi:<\/u><\/p>\n<p><strong>\u013dubom\u00edr Mati <\/strong>je 22-ro\u010dn\u00fd milovn\u00edk a\u00a0obdivovate\u013e nielen star\u00e9ho umenia, ktor\u00e9mu sa venuje popri \u0161t\u00fadiu re\u0161taurovania. Fascinuje ho prec\u00edzna dokonalos\u0165, ktor\u00e1 vznikla pod \u0161tetcom renesan\u010dn\u00fdch majstrov, no rovnako ho in\u0161piruje aj priekopn\u00edk abstraktn\u00e9ho umenia Franti\u0161ek Kupka \u010di realistick\u00fd Lucian Freud a\u00a0jeho jedine\u010dn\u00e9 zobrazovanie \u013eudsk\u00fdch fig\u00far. \u013dubom\u00edr Mati vy\u0161tudoval S\u00fakromn\u00fa stredn\u00fa umeleck\u00fa \u0161kolu v\u00a0\u017diline a\u00a0aktu\u00e1lne je u\u017e \u0161tvrt\u00fdm rokom \u0161tudentom re\u0161taurovania na Vysokej \u0161kole v\u00fdtvarn\u00fdch umen\u00ed v\u00a0Bratislave. Debutov\u00e1 v\u00fdstava (ODD)TIENE je komplexn\u00fdm v\u00fdberom jeho najnov\u0161\u00edch pr\u00e1c.<\/p>\n","protected":false},"excerpt":{"rendered":"<p>Pova\u017esk\u00e9 m\u00fazeum v\u00a0\u017diline pripravilo 37. pokra\u010dovanie cyklu Umenie na hrade. Predstav\u00ed sa v\u00a0\u0148om mlad\u00fd \u0161tudent Vysokej \u0161koly v\u00fdtvarn\u00fdch umen\u00ed v\u00a0Bratislave \u013dubom\u00edr Mati. Jeho debutov\u00e1 v\u00fdstava (ODD)TIENE prinesie na hrad Stre\u010dno \u010derstv\u00fd vietor a\u00a0bude s\u00fa\u010das\u0165ou be\u017enej prehliadky. Verejnos\u0165 m\u00f4\u017ee v\u00fdstavu nav\u0161t\u00edvi\u0165 od 31. j\u00fala do 9. septembra 2015. O\u00a0v\u00fdstave: H\u013eada\u0165 tie spr\u00e1vne (ODD)TIENE svojej tvorivosti je [&hellip;]<\/p>\n","protected":false},"author":2,"featured_media":13186,"comment_status":"closed","ping_status":"closed","sticky":false,"template":"","format":"standard","meta":{"site-sidebar-layout":"default","site-content-layout":"","ast-site-content-layout":"","site-content-style":"default","site-sidebar-style":"default","ast-global-header-display":"","ast-banner-title-visibility":"","ast-main-header-display":"","ast-hfb-above-header-display":"","ast-hfb-below-header-display":"","ast-hfb-mobile-header-display":"","site-post-title":"","ast-breadcrumbs-content":"","ast-featured-img":"","footer-sml-layout":"","theme-transparent-header-meta":"","adv-header-id-meta":"","stick-header-meta":"","header-above-stick-meta":"","header-main-stick-meta":"","header-below-stick-meta":"","astra-migrate-meta-layouts":"default","ast-page-background-enabled":"default","ast-page-background-meta":{"desktop":{"background-color":"var(--ast-global-color-4)","background-image":"","background-repeat":"repeat","background-position":"center center","background-size":"auto","background-attachment":"scroll","background-type":"","background-media":"","overlay-type":"","overlay-color":"","overlay-opacity":"","overlay-gradient":""},"tablet":{"background-color":"","background-image":"","background-repeat":"repeat","background-position":"center center","background-size":"auto","background-attachment":"scroll","background-type":"","background-media":"","overlay-type":"","overlay-color":"","overlay-opacity":"","overlay-gradient":""},"mobile":{"background-color":"","background-image":"","background-repeat":"repeat","background-position":"center center","background-size":"auto","background-attachment":"scroll","background-type":"","background-media":"","overlay-type":"","overlay-color":"","overlay-opacity":"","overlay-gradient":""}},"ast-content-background-meta":{"desktop":{"background-color":"var(--ast-global-color-5)","background-image":"","background-repeat":"repeat","background-position":"center center","background-size":"auto","background-attachment":"scroll","background-type":"","background-media":"","overlay-type":"","overlay-color":"","overlay-opacity":"","overlay-gradient":""},"tablet":{"background-color":"var(--ast-global-color-5)","background-image":"","background-repeat":"repeat","background-position":"center center","background-size":"auto","background-attachment":"scroll","background-type":"","background-media":"","overlay-type":"","overlay-color":"","overlay-opacity":"","overlay-gradient":""},"mobile":{"background-color":"var(--ast-global-color-5)","background-image":"","background-repeat":"repeat","background-position":"center center","background-size":"auto","background-attachment":"scroll","background-type":"","background-media":"","overlay-type":"","overlay-color":"","overlay-opacity":"","overlay-gradient":""}},"footnotes":""},"categories":[38],"tags":[],"class_list":["post-13187","post","type-post","status-publish","format-standard","has-post-thumbnail","hentry","category-archiv-2015"],"yoast_head":"<!-- This site is optimized with the Yoast SEO plugin v27.4 - https:\/\/yoast.com\/product\/yoast-seo-wordpress\/ -->\n<title>\u013dubom\u00edr Mati: (ODD)TIENE - Pova\u017esk\u00e9 m\u00fazeum<\/title>\n<meta name=\"robots\" content=\"index, follow, max-snippet:-1, max-image-preview:large, max-video-preview:-1\" \/>\n<link rel=\"canonical\" href=\"https:\/\/pmza.sk\/?p=13187\" \/>\n<meta property=\"og:locale\" content=\"sk_SK\" \/>\n<meta property=\"og:type\" content=\"article\" \/>\n<meta property=\"og:title\" content=\"\u013dubom\u00edr Mati: (ODD)TIENE - Pova\u017esk\u00e9 m\u00fazeum\" \/>\n<meta property=\"og:description\" content=\"Pova\u017esk\u00e9 m\u00fazeum v\u00a0\u017diline pripravilo 37. pokra\u010dovanie cyklu Umenie na hrade. Predstav\u00ed sa v\u00a0\u0148om mlad\u00fd \u0161tudent Vysokej \u0161koly v\u00fdtvarn\u00fdch umen\u00ed v\u00a0Bratislave \u013dubom\u00edr Mati. Jeho debutov\u00e1 v\u00fdstava (ODD)TIENE prinesie na hrad Stre\u010dno \u010derstv\u00fd vietor a\u00a0bude s\u00fa\u010das\u0165ou be\u017enej prehliadky. Verejnos\u0165 m\u00f4\u017ee v\u00fdstavu nav\u0161t\u00edvi\u0165 od 31. j\u00fala do 9. septembra 2015. O\u00a0v\u00fdstave: H\u013eada\u0165 tie spr\u00e1vne (ODD)TIENE svojej tvorivosti je [&hellip;]\" \/>\n<meta property=\"og:url\" content=\"https:\/\/pmza.sk\/?p=13187\" \/>\n<meta property=\"og:site_name\" content=\"Pova\u017esk\u00e9 m\u00fazeum\" \/>\n<meta property=\"article:publisher\" content=\"https:\/\/www.facebook.com\/povazskemuzeum\" \/>\n<meta property=\"article:published_time\" content=\"2015-07-22T07:37:48+00:00\" \/>\n<meta property=\"og:image\" content=\"https:\/\/pmza.sk\/wp-content\/uploads\/2015\/07\/Umenie-na-hrade-XXXVII-Lubomir-Mati-ODDTIENE-page-001-scaled-1.jpg\" \/>\n\t<meta property=\"og:image:width\" content=\"1792\" \/>\n\t<meta property=\"og:image:height\" content=\"2560\" \/>\n\t<meta property=\"og:image:type\" content=\"image\/jpeg\" \/>\n<meta name=\"author\" content=\"Pova\u017esk\u00e9 m\u00fazeum\" \/>\n<meta name=\"twitter:card\" content=\"summary_large_image\" \/>\n<meta name=\"twitter:label1\" content=\"Autor\" \/>\n\t<meta name=\"twitter:data1\" content=\"Pova\u017esk\u00e9 m\u00fazeum\" \/>\n\t<meta name=\"twitter:label2\" content=\"Predpokladan\u00fd \u010das \u010d\u00edtania\" \/>\n\t<meta name=\"twitter:data2\" content=\"1 min\u00fata\" \/>\n<script type=\"application\/ld+json\" class=\"yoast-schema-graph\">{\"@context\":\"https:\\\/\\\/schema.org\",\"@graph\":[{\"@type\":\"Article\",\"@id\":\"https:\\\/\\\/pmza.sk\\\/?p=13187#article\",\"isPartOf\":{\"@id\":\"https:\\\/\\\/pmza.sk\\\/?p=13187\"},\"author\":{\"name\":\"Pova\u017esk\u00e9 m\u00fazeum\",\"@id\":\"https:\\\/\\\/pmza.sk\\\/#\\\/schema\\\/person\\\/595e6a2ce731ea94dcd5d7f50a41ae33\"},\"headline\":\"\u013dubom\u00edr Mati: (ODD)TIENE\",\"datePublished\":\"2015-07-22T07:37:48+00:00\",\"mainEntityOfPage\":{\"@id\":\"https:\\\/\\\/pmza.sk\\\/?p=13187\"},\"wordCount\":275,\"publisher\":{\"@id\":\"https:\\\/\\\/pmza.sk\\\/#organization\"},\"image\":{\"@id\":\"https:\\\/\\\/pmza.sk\\\/?p=13187#primaryimage\"},\"thumbnailUrl\":\"https:\\\/\\\/pmza.sk\\\/wp-content\\\/uploads\\\/2015\\\/07\\\/Umenie-na-hrade-XXXVII-Lubomir-Mati-ODDTIENE-page-001-scaled-1.jpg\",\"articleSection\":[\"Arch\u00edv 2015\"],\"inLanguage\":\"sk-SK\"},{\"@type\":\"WebPage\",\"@id\":\"https:\\\/\\\/pmza.sk\\\/?p=13187\",\"url\":\"https:\\\/\\\/pmza.sk\\\/?p=13187\",\"name\":\"\u013dubom\u00edr Mati: (ODD)TIENE - Pova\u017esk\u00e9 m\u00fazeum\",\"isPartOf\":{\"@id\":\"https:\\\/\\\/pmza.sk\\\/#website\"},\"primaryImageOfPage\":{\"@id\":\"https:\\\/\\\/pmza.sk\\\/?p=13187#primaryimage\"},\"image\":{\"@id\":\"https:\\\/\\\/pmza.sk\\\/?p=13187#primaryimage\"},\"thumbnailUrl\":\"https:\\\/\\\/pmza.sk\\\/wp-content\\\/uploads\\\/2015\\\/07\\\/Umenie-na-hrade-XXXVII-Lubomir-Mati-ODDTIENE-page-001-scaled-1.jpg\",\"datePublished\":\"2015-07-22T07:37:48+00:00\",\"breadcrumb\":{\"@id\":\"https:\\\/\\\/pmza.sk\\\/?p=13187#breadcrumb\"},\"inLanguage\":\"sk-SK\",\"potentialAction\":[{\"@type\":\"ReadAction\",\"target\":[\"https:\\\/\\\/pmza.sk\\\/?p=13187\"]}]},{\"@type\":\"ImageObject\",\"inLanguage\":\"sk-SK\",\"@id\":\"https:\\\/\\\/pmza.sk\\\/?p=13187#primaryimage\",\"url\":\"https:\\\/\\\/pmza.sk\\\/wp-content\\\/uploads\\\/2015\\\/07\\\/Umenie-na-hrade-XXXVII-Lubomir-Mati-ODDTIENE-page-001-scaled-1.jpg\",\"contentUrl\":\"https:\\\/\\\/pmza.sk\\\/wp-content\\\/uploads\\\/2015\\\/07\\\/Umenie-na-hrade-XXXVII-Lubomir-Mati-ODDTIENE-page-001-scaled-1.jpg\",\"width\":1792,\"height\":2560},{\"@type\":\"BreadcrumbList\",\"@id\":\"https:\\\/\\\/pmza.sk\\\/?p=13187#breadcrumb\",\"itemListElement\":[{\"@type\":\"ListItem\",\"position\":1,\"name\":\"Domovsk\u00e1 str\u00e1nka\",\"item\":\"https:\\\/\\\/pmza.sk\\\/\"},{\"@type\":\"ListItem\",\"position\":2,\"name\":\"\u013dubom\u00edr Mati: (ODD)TIENE\"}]},{\"@type\":\"WebSite\",\"@id\":\"https:\\\/\\\/pmza.sk\\\/#website\",\"url\":\"https:\\\/\\\/pmza.sk\\\/\",\"name\":\"Pova\u017esk\u00e9 m\u00fazeum\",\"description\":\"Pova\u017esk\u00e9 m\u00fazeum v \u017diline je region\u00e1lne m\u00fazeum so s\u00eddlom v Budat\u00edne. Jeho expoz\u00edcie s\u00fa zameran\u00e9 na dejiny slovensk\u00e9ho umenia, kult\u00fary a dopravy.\",\"publisher\":{\"@id\":\"https:\\\/\\\/pmza.sk\\\/#organization\"},\"potentialAction\":[{\"@type\":\"SearchAction\",\"target\":{\"@type\":\"EntryPoint\",\"urlTemplate\":\"https:\\\/\\\/pmza.sk\\\/?s={search_term_string}\"},\"query-input\":{\"@type\":\"PropertyValueSpecification\",\"valueRequired\":true,\"valueName\":\"search_term_string\"}}],\"inLanguage\":\"sk-SK\"},{\"@type\":\"Organization\",\"@id\":\"https:\\\/\\\/pmza.sk\\\/#organization\",\"name\":\"Pova\u017esk\u00e9 m\u00fazeum\",\"url\":\"https:\\\/\\\/pmza.sk\\\/\",\"logo\":{\"@type\":\"ImageObject\",\"inLanguage\":\"sk-SK\",\"@id\":\"https:\\\/\\\/pmza.sk\\\/#\\\/schema\\\/logo\\\/image\\\/\",\"url\":\"https:\\\/\\\/pmza.sk\\\/wp-content\\\/uploads\\\/2022\\\/01\\\/logo_PM_horizontal.jpg\",\"contentUrl\":\"https:\\\/\\\/pmza.sk\\\/wp-content\\\/uploads\\\/2022\\\/01\\\/logo_PM_horizontal.jpg\",\"width\":231,\"height\":142,\"caption\":\"Pova\u017esk\u00e9 m\u00fazeum\"},\"image\":{\"@id\":\"https:\\\/\\\/pmza.sk\\\/#\\\/schema\\\/logo\\\/image\\\/\"},\"sameAs\":[\"https:\\\/\\\/www.facebook.com\\\/povazskemuzeum\",\"https:\\\/\\\/www.instagram.com\\\/povazskemuzeum\\\/\"]},{\"@type\":\"Person\",\"@id\":\"https:\\\/\\\/pmza.sk\\\/#\\\/schema\\\/person\\\/595e6a2ce731ea94dcd5d7f50a41ae33\",\"name\":\"Pova\u017esk\u00e9 m\u00fazeum\",\"image\":{\"@type\":\"ImageObject\",\"inLanguage\":\"sk-SK\",\"@id\":\"https:\\\/\\\/secure.gravatar.com\\\/avatar\\\/2bb7f1561282132fb5826dfeccc66c7996d11ee392ac6aaf7ced8a1c2027fbb2?s=96&d=mm&r=g\",\"url\":\"https:\\\/\\\/secure.gravatar.com\\\/avatar\\\/2bb7f1561282132fb5826dfeccc66c7996d11ee392ac6aaf7ced8a1c2027fbb2?s=96&d=mm&r=g\",\"contentUrl\":\"https:\\\/\\\/secure.gravatar.com\\\/avatar\\\/2bb7f1561282132fb5826dfeccc66c7996d11ee392ac6aaf7ced8a1c2027fbb2?s=96&d=mm&r=g\",\"caption\":\"Pova\u017esk\u00e9 m\u00fazeum\"}}]}<\/script>\n<!-- \/ Yoast SEO plugin. -->","yoast_head_json":{"title":"\u013dubom\u00edr Mati: (ODD)TIENE - Pova\u017esk\u00e9 m\u00fazeum","robots":{"index":"index","follow":"follow","max-snippet":"max-snippet:-1","max-image-preview":"max-image-preview:large","max-video-preview":"max-video-preview:-1"},"canonical":"https:\/\/pmza.sk\/?p=13187","og_locale":"sk_SK","og_type":"article","og_title":"\u013dubom\u00edr Mati: (ODD)TIENE - Pova\u017esk\u00e9 m\u00fazeum","og_description":"Pova\u017esk\u00e9 m\u00fazeum v\u00a0\u017diline pripravilo 37. pokra\u010dovanie cyklu Umenie na hrade. Predstav\u00ed sa v\u00a0\u0148om mlad\u00fd \u0161tudent Vysokej \u0161koly v\u00fdtvarn\u00fdch umen\u00ed v\u00a0Bratislave \u013dubom\u00edr Mati. Jeho debutov\u00e1 v\u00fdstava (ODD)TIENE prinesie na hrad Stre\u010dno \u010derstv\u00fd vietor a\u00a0bude s\u00fa\u010das\u0165ou be\u017enej prehliadky. Verejnos\u0165 m\u00f4\u017ee v\u00fdstavu nav\u0161t\u00edvi\u0165 od 31. j\u00fala do 9. septembra 2015. O\u00a0v\u00fdstave: H\u013eada\u0165 tie spr\u00e1vne (ODD)TIENE svojej tvorivosti je [&hellip;]","og_url":"https:\/\/pmza.sk\/?p=13187","og_site_name":"Pova\u017esk\u00e9 m\u00fazeum","article_publisher":"https:\/\/www.facebook.com\/povazskemuzeum","article_published_time":"2015-07-22T07:37:48+00:00","og_image":[{"width":1792,"height":2560,"url":"https:\/\/pmza.sk\/wp-content\/uploads\/2015\/07\/Umenie-na-hrade-XXXVII-Lubomir-Mati-ODDTIENE-page-001-scaled-1.jpg","type":"image\/jpeg"}],"author":"Pova\u017esk\u00e9 m\u00fazeum","twitter_card":"summary_large_image","twitter_misc":{"Autor":"Pova\u017esk\u00e9 m\u00fazeum","Predpokladan\u00fd \u010das \u010d\u00edtania":"1 min\u00fata"},"schema":{"@context":"https:\/\/schema.org","@graph":[{"@type":"Article","@id":"https:\/\/pmza.sk\/?p=13187#article","isPartOf":{"@id":"https:\/\/pmza.sk\/?p=13187"},"author":{"name":"Pova\u017esk\u00e9 m\u00fazeum","@id":"https:\/\/pmza.sk\/#\/schema\/person\/595e6a2ce731ea94dcd5d7f50a41ae33"},"headline":"\u013dubom\u00edr Mati: (ODD)TIENE","datePublished":"2015-07-22T07:37:48+00:00","mainEntityOfPage":{"@id":"https:\/\/pmza.sk\/?p=13187"},"wordCount":275,"publisher":{"@id":"https:\/\/pmza.sk\/#organization"},"image":{"@id":"https:\/\/pmza.sk\/?p=13187#primaryimage"},"thumbnailUrl":"https:\/\/pmza.sk\/wp-content\/uploads\/2015\/07\/Umenie-na-hrade-XXXVII-Lubomir-Mati-ODDTIENE-page-001-scaled-1.jpg","articleSection":["Arch\u00edv 2015"],"inLanguage":"sk-SK"},{"@type":"WebPage","@id":"https:\/\/pmza.sk\/?p=13187","url":"https:\/\/pmza.sk\/?p=13187","name":"\u013dubom\u00edr Mati: (ODD)TIENE - Pova\u017esk\u00e9 m\u00fazeum","isPartOf":{"@id":"https:\/\/pmza.sk\/#website"},"primaryImageOfPage":{"@id":"https:\/\/pmza.sk\/?p=13187#primaryimage"},"image":{"@id":"https:\/\/pmza.sk\/?p=13187#primaryimage"},"thumbnailUrl":"https:\/\/pmza.sk\/wp-content\/uploads\/2015\/07\/Umenie-na-hrade-XXXVII-Lubomir-Mati-ODDTIENE-page-001-scaled-1.jpg","datePublished":"2015-07-22T07:37:48+00:00","breadcrumb":{"@id":"https:\/\/pmza.sk\/?p=13187#breadcrumb"},"inLanguage":"sk-SK","potentialAction":[{"@type":"ReadAction","target":["https:\/\/pmza.sk\/?p=13187"]}]},{"@type":"ImageObject","inLanguage":"sk-SK","@id":"https:\/\/pmza.sk\/?p=13187#primaryimage","url":"https:\/\/pmza.sk\/wp-content\/uploads\/2015\/07\/Umenie-na-hrade-XXXVII-Lubomir-Mati-ODDTIENE-page-001-scaled-1.jpg","contentUrl":"https:\/\/pmza.sk\/wp-content\/uploads\/2015\/07\/Umenie-na-hrade-XXXVII-Lubomir-Mati-ODDTIENE-page-001-scaled-1.jpg","width":1792,"height":2560},{"@type":"BreadcrumbList","@id":"https:\/\/pmza.sk\/?p=13187#breadcrumb","itemListElement":[{"@type":"ListItem","position":1,"name":"Domovsk\u00e1 str\u00e1nka","item":"https:\/\/pmza.sk\/"},{"@type":"ListItem","position":2,"name":"\u013dubom\u00edr Mati: (ODD)TIENE"}]},{"@type":"WebSite","@id":"https:\/\/pmza.sk\/#website","url":"https:\/\/pmza.sk\/","name":"Pova\u017esk\u00e9 m\u00fazeum","description":"Pova\u017esk\u00e9 m\u00fazeum v \u017diline je region\u00e1lne m\u00fazeum so s\u00eddlom v Budat\u00edne. Jeho expoz\u00edcie s\u00fa zameran\u00e9 na dejiny slovensk\u00e9ho umenia, kult\u00fary a dopravy.","publisher":{"@id":"https:\/\/pmza.sk\/#organization"},"potentialAction":[{"@type":"SearchAction","target":{"@type":"EntryPoint","urlTemplate":"https:\/\/pmza.sk\/?s={search_term_string}"},"query-input":{"@type":"PropertyValueSpecification","valueRequired":true,"valueName":"search_term_string"}}],"inLanguage":"sk-SK"},{"@type":"Organization","@id":"https:\/\/pmza.sk\/#organization","name":"Pova\u017esk\u00e9 m\u00fazeum","url":"https:\/\/pmza.sk\/","logo":{"@type":"ImageObject","inLanguage":"sk-SK","@id":"https:\/\/pmza.sk\/#\/schema\/logo\/image\/","url":"https:\/\/pmza.sk\/wp-content\/uploads\/2022\/01\/logo_PM_horizontal.jpg","contentUrl":"https:\/\/pmza.sk\/wp-content\/uploads\/2022\/01\/logo_PM_horizontal.jpg","width":231,"height":142,"caption":"Pova\u017esk\u00e9 m\u00fazeum"},"image":{"@id":"https:\/\/pmza.sk\/#\/schema\/logo\/image\/"},"sameAs":["https:\/\/www.facebook.com\/povazskemuzeum","https:\/\/www.instagram.com\/povazskemuzeum\/"]},{"@type":"Person","@id":"https:\/\/pmza.sk\/#\/schema\/person\/595e6a2ce731ea94dcd5d7f50a41ae33","name":"Pova\u017esk\u00e9 m\u00fazeum","image":{"@type":"ImageObject","inLanguage":"sk-SK","@id":"https:\/\/secure.gravatar.com\/avatar\/2bb7f1561282132fb5826dfeccc66c7996d11ee392ac6aaf7ced8a1c2027fbb2?s=96&d=mm&r=g","url":"https:\/\/secure.gravatar.com\/avatar\/2bb7f1561282132fb5826dfeccc66c7996d11ee392ac6aaf7ced8a1c2027fbb2?s=96&d=mm&r=g","contentUrl":"https:\/\/secure.gravatar.com\/avatar\/2bb7f1561282132fb5826dfeccc66c7996d11ee392ac6aaf7ced8a1c2027fbb2?s=96&d=mm&r=g","caption":"Pova\u017esk\u00e9 m\u00fazeum"}}]}},"_links":{"self":[{"href":"https:\/\/pmza.sk\/index.php?rest_route=\/wp\/v2\/posts\/13187","targetHints":{"allow":["GET"]}}],"collection":[{"href":"https:\/\/pmza.sk\/index.php?rest_route=\/wp\/v2\/posts"}],"about":[{"href":"https:\/\/pmza.sk\/index.php?rest_route=\/wp\/v2\/types\/post"}],"author":[{"embeddable":true,"href":"https:\/\/pmza.sk\/index.php?rest_route=\/wp\/v2\/users\/2"}],"replies":[{"embeddable":true,"href":"https:\/\/pmza.sk\/index.php?rest_route=%2Fwp%2Fv2%2Fcomments&post=13187"}],"version-history":[{"count":0,"href":"https:\/\/pmza.sk\/index.php?rest_route=\/wp\/v2\/posts\/13187\/revisions"}],"wp:featuredmedia":[{"embeddable":true,"href":"https:\/\/pmza.sk\/index.php?rest_route=\/wp\/v2\/media\/13186"}],"wp:attachment":[{"href":"https:\/\/pmza.sk\/index.php?rest_route=%2Fwp%2Fv2%2Fmedia&parent=13187"}],"wp:term":[{"taxonomy":"category","embeddable":true,"href":"https:\/\/pmza.sk\/index.php?rest_route=%2Fwp%2Fv2%2Fcategories&post=13187"},{"taxonomy":"post_tag","embeddable":true,"href":"https:\/\/pmza.sk\/index.php?rest_route=%2Fwp%2Fv2%2Ftags&post=13187"}],"curies":[{"name":"wp","href":"https:\/\/api.w.org\/{rel}","templated":true}]}}