{"id":13198,"date":"2015-07-22T11:03:31","date_gmt":"2015-07-22T09:03:31","guid":{"rendered":"https:\/\/pmza.sk.sk\/?p=13198"},"modified":"2015-07-22T11:03:31","modified_gmt":"2015-07-22T09:03:31","slug":"le-pi-dlo-na-nocnej-prehliadke-hradu-strecno","status":"publish","type":"post","link":"https:\/\/pmza.sk\/?p=13198","title":{"rendered":"Le.Pi.Dlo na no\u010dnej prehliadke hradu Stre\u010dno"},"content":{"rendered":"<p>V\u00a0piatok <strong>24. j\u00fala 2015<\/strong> bude <strong>na hrade Stre\u010dno<\/strong> v\u00a0porad\u00ed <strong>druh\u00e1 letn\u00e1 no\u010dn\u00e1 prehliadka<\/strong> s\u00a0podtitulom <strong>Le.Pi.Dlo<\/strong>, teda letn\u00e9 piatkov\u00e9 divadlo. <em>\u201eDon Quijote sa so svoj\u00edm vern\u00fdm slu\u017eobn\u00edkom vrhne do dobrodru\u017estiev, o\u00a0ak\u00fdch sa v\u00e1m (a ani jemu) ani nesn\u00edvalo. Vybehnite v\u00a0piatok na hrad Stre\u010dno a\u00a0spolu s\u00a0Divadlom Kapor na sc\u00e9ne zist\u00edte, \u017ee bojova\u0165 s\u00a0vetern\u00fdmi mlynmi sa niekedy oplat\u00ed,\u201c<\/em> poz\u00fdva Katar\u00edna Rep\u00e1\u0148ov\u00e1, spr\u00e1vky\u0148a hradu Stre\u010dno.<\/p>\n<p>Z\u00e1rove\u0148 sa v\u00a0tento ve\u010der pok\u00fasime otvori\u0165 pr\u00edbeh aj druhej zn\u00e1mej osobnosti, ktor\u00e1 \u017eila na hrade Stre\u010dno: Benigna, dc\u00e9ra v\u00fdznamn\u00e9ho vojvodcu Bla\u017eeja Ma\u010fara, jedn\u00e9ho z\u00a0najv\u00fdznamnej\u0161\u00edch mu\u017eov Uhorsk\u00e9ho kr\u00e1\u013eovstva, sa po vy\u0161e 500 rokoch pri\u0161la presved\u010di\u0165 o\u00a0tom, ako si ju \u013eudia z\u00a0panstva Stre\u010dno zapam\u00e4tali. Na panstvo toti\u017e akoby upadla kliatba, ktor\u00fa si nielen okolit\u00fd \u013eud, ale aj samotn\u00e1 \u0161\u013eachta, sp\u00e1jaj\u00fa pr\u00e1ve s\u00a0\u0148ou. Naz\u00fdvaj\u00fa ju \u010diernou pani pr\u00e1ve preto, \u017ee bola trikr\u00e1t vydat\u00e1 a\u00a0v\u0161etky man\u017eelstv\u00e1 boli bezdetn\u00e9. V\u010faka n\u00e1rekom prost\u00e9ho \u013eudu a\u00a0\u010dast\u00e9mu spom\u00ednaniu jej mena, nem\u00f4\u017ee du\u0161a Benigny n\u00e1js\u0165 pokoj, a\u00a0tak sa pri\u0161la presved\u010di\u0165, pre\u010do sa v\u00a0kraji rozmohla bezn\u00e1dej a\u00a0chudoba. Benigna, ako duch, pri\u0161la pom\u00f4c\u0165 a\u00a0z\u00e1rove\u0148 n\u00e1js\u0165 d\u00f4vod, pre ktor\u00fd ju \u013eud spom\u00edna v zlom. Previnila sa nie\u010d\u00edm? Ve\u010f hrad Stre\u010dno br\u00e1nila mo\u017en\u00fdmi aj nemo\u017en\u00fdmi sp\u00f4sobmi, zve\u013ea\u010fovala ho ako mohla a\u00a0za svojho \u017eivota sa ho nikdy nevzdala. Prez\u00fdvku \u201e\u010dierna vdova\u201c si u\u00a0\u013eud\u00ed vysl\u00fa\u017eila t\u00fdm, \u017ee pochovala troch man\u017eelov. Toho posledn\u00e9ho dala vraj zhodi\u0165 zo skaly. Presne tak\u00e9to re\u010di sa \u0161\u00edria o\u00a0ochrankyni hradu Stre\u010dno. \u010ci sa zabudlo na jej hrdinstv\u00e1, na jej oddan\u00fa a\u00a0\u00faprimn\u00fa kres\u0165ansk\u00fa vieru a\u00a0dobr\u00e9 skutky, a\u00a0\u010di \u010dierna pani hradu Stre\u010dno obh\u00e1ji a\u00a0o\u010dist\u00ed svoje meno, sa pr\u00ed\u010fte presved\u010di\u0165 s divadlom Teatro Orlus na no\u010dn\u00fa prehliadku <strong>v\u00a0piatok 24. j\u00fala 2015<\/strong>.<\/p>\n<p>S\u00fa\u010das\u0165ou no\u010dnej prehliadky hradu Stre\u010dno bude op\u00e4\u0165 aj oh\u0148ov\u00e1 \u0161ou v\u00a0podan\u00ed skupiny Black Evils a\u00a0v\u00a0pr\u00edpade priazniv\u00e9ho po\u010dasie pozorovanie no\u010dnej oblohy v\u00a0spolupr\u00e1ci s\u00a0Krajskou hvezd\u00e1r\u0148ou v\u00a0\u017diline. No\u010dn\u00e9 prehliadky hradu Stre\u010dno organizuje Pova\u017esk\u00e9 m\u00fazeum v\u00a0\u017diline, ktor\u00e9 je v\u00a0zria\u010fovate\u013eskej p\u00f4sobnosti \u017dilinsk\u00e9ho samospr\u00e1vneho kraja.<\/p>\n","protected":false},"excerpt":{"rendered":"<p>V\u00a0piatok 24. j\u00fala 2015 bude na hrade Stre\u010dno v\u00a0porad\u00ed druh\u00e1 letn\u00e1 no\u010dn\u00e1 prehliadka s\u00a0podtitulom Le.Pi.Dlo, teda letn\u00e9 piatkov\u00e9 divadlo. \u201eDon Quijote sa so svoj\u00edm vern\u00fdm slu\u017eobn\u00edkom vrhne do dobrodru\u017estiev, o\u00a0ak\u00fdch sa v\u00e1m (a ani jemu) ani nesn\u00edvalo. Vybehnite v\u00a0piatok na hrad Stre\u010dno a\u00a0spolu s\u00a0Divadlom Kapor na sc\u00e9ne zist\u00edte, \u017ee bojova\u0165 s\u00a0vetern\u00fdmi mlynmi sa niekedy oplat\u00ed,\u201c [&hellip;]<\/p>\n","protected":false},"author":2,"featured_media":12990,"comment_status":"closed","ping_status":"closed","sticky":false,"template":"","format":"standard","meta":{"site-sidebar-layout":"default","site-content-layout":"","ast-site-content-layout":"","site-content-style":"default","site-sidebar-style":"default","ast-global-header-display":"","ast-banner-title-visibility":"","ast-main-header-display":"","ast-hfb-above-header-display":"","ast-hfb-below-header-display":"","ast-hfb-mobile-header-display":"","site-post-title":"","ast-breadcrumbs-content":"","ast-featured-img":"","footer-sml-layout":"","theme-transparent-header-meta":"","adv-header-id-meta":"","stick-header-meta":"","header-above-stick-meta":"","header-main-stick-meta":"","header-below-stick-meta":"","astra-migrate-meta-layouts":"default","ast-page-background-enabled":"default","ast-page-background-meta":{"desktop":{"background-color":"var(--ast-global-color-4)","background-image":"","background-repeat":"repeat","background-position":"center center","background-size":"auto","background-attachment":"scroll","background-type":"","background-media":"","overlay-type":"","overlay-color":"","overlay-opacity":"","overlay-gradient":""},"tablet":{"background-color":"","background-image":"","background-repeat":"repeat","background-position":"center center","background-size":"auto","background-attachment":"scroll","background-type":"","background-media":"","overlay-type":"","overlay-color":"","overlay-opacity":"","overlay-gradient":""},"mobile":{"background-color":"","background-image":"","background-repeat":"repeat","background-position":"center center","background-size":"auto","background-attachment":"scroll","background-type":"","background-media":"","overlay-type":"","overlay-color":"","overlay-opacity":"","overlay-gradient":""}},"ast-content-background-meta":{"desktop":{"background-color":"var(--ast-global-color-5)","background-image":"","background-repeat":"repeat","background-position":"center center","background-size":"auto","background-attachment":"scroll","background-type":"","background-media":"","overlay-type":"","overlay-color":"","overlay-opacity":"","overlay-gradient":""},"tablet":{"background-color":"var(--ast-global-color-5)","background-image":"","background-repeat":"repeat","background-position":"center center","background-size":"auto","background-attachment":"scroll","background-type":"","background-media":"","overlay-type":"","overlay-color":"","overlay-opacity":"","overlay-gradient":""},"mobile":{"background-color":"var(--ast-global-color-5)","background-image":"","background-repeat":"repeat","background-position":"center center","background-size":"auto","background-attachment":"scroll","background-type":"","background-media":"","overlay-type":"","overlay-color":"","overlay-opacity":"","overlay-gradient":""}},"footnotes":""},"categories":[38],"tags":[],"class_list":["post-13198","post","type-post","status-publish","format-standard","has-post-thumbnail","hentry","category-archiv-2015"],"yoast_head":"<!-- This site is optimized with the Yoast SEO plugin v27.4 - https:\/\/yoast.com\/product\/yoast-seo-wordpress\/ -->\n<title>Le.Pi.Dlo na no\u010dnej prehliadke hradu Stre\u010dno - Pova\u017esk\u00e9 m\u00fazeum<\/title>\n<meta name=\"robots\" content=\"index, follow, max-snippet:-1, max-image-preview:large, max-video-preview:-1\" \/>\n<link rel=\"canonical\" href=\"https:\/\/pmza.sk\/?p=13198\" \/>\n<meta property=\"og:locale\" content=\"sk_SK\" \/>\n<meta property=\"og:type\" content=\"article\" \/>\n<meta property=\"og:title\" content=\"Le.Pi.Dlo na no\u010dnej prehliadke hradu Stre\u010dno - Pova\u017esk\u00e9 m\u00fazeum\" \/>\n<meta property=\"og:description\" content=\"V\u00a0piatok 24. j\u00fala 2015 bude na hrade Stre\u010dno v\u00a0porad\u00ed druh\u00e1 letn\u00e1 no\u010dn\u00e1 prehliadka s\u00a0podtitulom Le.Pi.Dlo, teda letn\u00e9 piatkov\u00e9 divadlo. \u201eDon Quijote sa so svoj\u00edm vern\u00fdm slu\u017eobn\u00edkom vrhne do dobrodru\u017estiev, o\u00a0ak\u00fdch sa v\u00e1m (a ani jemu) ani nesn\u00edvalo. Vybehnite v\u00a0piatok na hrad Stre\u010dno a\u00a0spolu s\u00a0Divadlom Kapor na sc\u00e9ne zist\u00edte, \u017ee bojova\u0165 s\u00a0vetern\u00fdmi mlynmi sa niekedy oplat\u00ed,\u201c [&hellip;]\" \/>\n<meta property=\"og:url\" content=\"https:\/\/pmza.sk\/?p=13198\" \/>\n<meta property=\"og:site_name\" content=\"Pova\u017esk\u00e9 m\u00fazeum\" \/>\n<meta property=\"article:publisher\" content=\"https:\/\/www.facebook.com\/povazskemuzeum\" \/>\n<meta property=\"article:published_time\" content=\"2015-07-22T09:03:31+00:00\" \/>\n<meta property=\"og:image\" content=\"https:\/\/pmza.sk\/wp-content\/uploads\/2015\/07\/nocne_strecno1.jpg\" \/>\n\t<meta property=\"og:image:width\" content=\"552\" \/>\n\t<meta property=\"og:image:height\" content=\"780\" \/>\n\t<meta property=\"og:image:type\" content=\"image\/jpeg\" \/>\n<meta name=\"author\" content=\"Pova\u017esk\u00e9 m\u00fazeum\" \/>\n<meta name=\"twitter:card\" content=\"summary_large_image\" \/>\n<meta name=\"twitter:label1\" content=\"Autor\" \/>\n\t<meta name=\"twitter:data1\" content=\"Pova\u017esk\u00e9 m\u00fazeum\" \/>\n\t<meta name=\"twitter:label2\" content=\"Predpokladan\u00fd \u010das \u010d\u00edtania\" \/>\n\t<meta name=\"twitter:data2\" content=\"2 min\u00faty\" \/>\n<script type=\"application\/ld+json\" class=\"yoast-schema-graph\">{\"@context\":\"https:\\\/\\\/schema.org\",\"@graph\":[{\"@type\":\"Article\",\"@id\":\"https:\\\/\\\/pmza.sk\\\/?p=13198#article\",\"isPartOf\":{\"@id\":\"https:\\\/\\\/pmza.sk\\\/?p=13198\"},\"author\":{\"name\":\"Pova\u017esk\u00e9 m\u00fazeum\",\"@id\":\"https:\\\/\\\/pmza.sk\\\/#\\\/schema\\\/person\\\/595e6a2ce731ea94dcd5d7f50a41ae33\"},\"headline\":\"Le.Pi.Dlo na no\u010dnej prehliadke hradu Stre\u010dno\",\"datePublished\":\"2015-07-22T09:03:31+00:00\",\"mainEntityOfPage\":{\"@id\":\"https:\\\/\\\/pmza.sk\\\/?p=13198\"},\"wordCount\":454,\"publisher\":{\"@id\":\"https:\\\/\\\/pmza.sk\\\/#organization\"},\"image\":{\"@id\":\"https:\\\/\\\/pmza.sk\\\/?p=13198#primaryimage\"},\"thumbnailUrl\":\"https:\\\/\\\/pmza.sk\\\/wp-content\\\/uploads\\\/2015\\\/07\\\/nocne_strecno1.jpg\",\"articleSection\":[\"Arch\u00edv 2015\"],\"inLanguage\":\"sk-SK\"},{\"@type\":\"WebPage\",\"@id\":\"https:\\\/\\\/pmza.sk\\\/?p=13198\",\"url\":\"https:\\\/\\\/pmza.sk\\\/?p=13198\",\"name\":\"Le.Pi.Dlo na no\u010dnej prehliadke hradu Stre\u010dno - Pova\u017esk\u00e9 m\u00fazeum\",\"isPartOf\":{\"@id\":\"https:\\\/\\\/pmza.sk\\\/#website\"},\"primaryImageOfPage\":{\"@id\":\"https:\\\/\\\/pmza.sk\\\/?p=13198#primaryimage\"},\"image\":{\"@id\":\"https:\\\/\\\/pmza.sk\\\/?p=13198#primaryimage\"},\"thumbnailUrl\":\"https:\\\/\\\/pmza.sk\\\/wp-content\\\/uploads\\\/2015\\\/07\\\/nocne_strecno1.jpg\",\"datePublished\":\"2015-07-22T09:03:31+00:00\",\"breadcrumb\":{\"@id\":\"https:\\\/\\\/pmza.sk\\\/?p=13198#breadcrumb\"},\"inLanguage\":\"sk-SK\",\"potentialAction\":[{\"@type\":\"ReadAction\",\"target\":[\"https:\\\/\\\/pmza.sk\\\/?p=13198\"]}]},{\"@type\":\"ImageObject\",\"inLanguage\":\"sk-SK\",\"@id\":\"https:\\\/\\\/pmza.sk\\\/?p=13198#primaryimage\",\"url\":\"https:\\\/\\\/pmza.sk\\\/wp-content\\\/uploads\\\/2015\\\/07\\\/nocne_strecno1.jpg\",\"contentUrl\":\"https:\\\/\\\/pmza.sk\\\/wp-content\\\/uploads\\\/2015\\\/07\\\/nocne_strecno1.jpg\",\"width\":552,\"height\":780},{\"@type\":\"BreadcrumbList\",\"@id\":\"https:\\\/\\\/pmza.sk\\\/?p=13198#breadcrumb\",\"itemListElement\":[{\"@type\":\"ListItem\",\"position\":1,\"name\":\"Domovsk\u00e1 str\u00e1nka\",\"item\":\"https:\\\/\\\/pmza.sk\\\/\"},{\"@type\":\"ListItem\",\"position\":2,\"name\":\"Le.Pi.Dlo na no\u010dnej prehliadke hradu Stre\u010dno\"}]},{\"@type\":\"WebSite\",\"@id\":\"https:\\\/\\\/pmza.sk\\\/#website\",\"url\":\"https:\\\/\\\/pmza.sk\\\/\",\"name\":\"Pova\u017esk\u00e9 m\u00fazeum\",\"description\":\"Pova\u017esk\u00e9 m\u00fazeum v \u017diline je region\u00e1lne m\u00fazeum so s\u00eddlom v Budat\u00edne. Jeho expoz\u00edcie s\u00fa zameran\u00e9 na dejiny slovensk\u00e9ho umenia, kult\u00fary a dopravy.\",\"publisher\":{\"@id\":\"https:\\\/\\\/pmza.sk\\\/#organization\"},\"potentialAction\":[{\"@type\":\"SearchAction\",\"target\":{\"@type\":\"EntryPoint\",\"urlTemplate\":\"https:\\\/\\\/pmza.sk\\\/?s={search_term_string}\"},\"query-input\":{\"@type\":\"PropertyValueSpecification\",\"valueRequired\":true,\"valueName\":\"search_term_string\"}}],\"inLanguage\":\"sk-SK\"},{\"@type\":\"Organization\",\"@id\":\"https:\\\/\\\/pmza.sk\\\/#organization\",\"name\":\"Pova\u017esk\u00e9 m\u00fazeum\",\"url\":\"https:\\\/\\\/pmza.sk\\\/\",\"logo\":{\"@type\":\"ImageObject\",\"inLanguage\":\"sk-SK\",\"@id\":\"https:\\\/\\\/pmza.sk\\\/#\\\/schema\\\/logo\\\/image\\\/\",\"url\":\"https:\\\/\\\/pmza.sk\\\/wp-content\\\/uploads\\\/2022\\\/01\\\/logo_PM_horizontal.jpg\",\"contentUrl\":\"https:\\\/\\\/pmza.sk\\\/wp-content\\\/uploads\\\/2022\\\/01\\\/logo_PM_horizontal.jpg\",\"width\":231,\"height\":142,\"caption\":\"Pova\u017esk\u00e9 m\u00fazeum\"},\"image\":{\"@id\":\"https:\\\/\\\/pmza.sk\\\/#\\\/schema\\\/logo\\\/image\\\/\"},\"sameAs\":[\"https:\\\/\\\/www.facebook.com\\\/povazskemuzeum\",\"https:\\\/\\\/www.instagram.com\\\/povazskemuzeum\\\/\"]},{\"@type\":\"Person\",\"@id\":\"https:\\\/\\\/pmza.sk\\\/#\\\/schema\\\/person\\\/595e6a2ce731ea94dcd5d7f50a41ae33\",\"name\":\"Pova\u017esk\u00e9 m\u00fazeum\",\"image\":{\"@type\":\"ImageObject\",\"inLanguage\":\"sk-SK\",\"@id\":\"https:\\\/\\\/secure.gravatar.com\\\/avatar\\\/2bb7f1561282132fb5826dfeccc66c7996d11ee392ac6aaf7ced8a1c2027fbb2?s=96&d=mm&r=g\",\"url\":\"https:\\\/\\\/secure.gravatar.com\\\/avatar\\\/2bb7f1561282132fb5826dfeccc66c7996d11ee392ac6aaf7ced8a1c2027fbb2?s=96&d=mm&r=g\",\"contentUrl\":\"https:\\\/\\\/secure.gravatar.com\\\/avatar\\\/2bb7f1561282132fb5826dfeccc66c7996d11ee392ac6aaf7ced8a1c2027fbb2?s=96&d=mm&r=g\",\"caption\":\"Pova\u017esk\u00e9 m\u00fazeum\"}}]}<\/script>\n<!-- \/ Yoast SEO plugin. -->","yoast_head_json":{"title":"Le.Pi.Dlo na no\u010dnej prehliadke hradu Stre\u010dno - Pova\u017esk\u00e9 m\u00fazeum","robots":{"index":"index","follow":"follow","max-snippet":"max-snippet:-1","max-image-preview":"max-image-preview:large","max-video-preview":"max-video-preview:-1"},"canonical":"https:\/\/pmza.sk\/?p=13198","og_locale":"sk_SK","og_type":"article","og_title":"Le.Pi.Dlo na no\u010dnej prehliadke hradu Stre\u010dno - Pova\u017esk\u00e9 m\u00fazeum","og_description":"V\u00a0piatok 24. j\u00fala 2015 bude na hrade Stre\u010dno v\u00a0porad\u00ed druh\u00e1 letn\u00e1 no\u010dn\u00e1 prehliadka s\u00a0podtitulom Le.Pi.Dlo, teda letn\u00e9 piatkov\u00e9 divadlo. \u201eDon Quijote sa so svoj\u00edm vern\u00fdm slu\u017eobn\u00edkom vrhne do dobrodru\u017estiev, o\u00a0ak\u00fdch sa v\u00e1m (a ani jemu) ani nesn\u00edvalo. Vybehnite v\u00a0piatok na hrad Stre\u010dno a\u00a0spolu s\u00a0Divadlom Kapor na sc\u00e9ne zist\u00edte, \u017ee bojova\u0165 s\u00a0vetern\u00fdmi mlynmi sa niekedy oplat\u00ed,\u201c [&hellip;]","og_url":"https:\/\/pmza.sk\/?p=13198","og_site_name":"Pova\u017esk\u00e9 m\u00fazeum","article_publisher":"https:\/\/www.facebook.com\/povazskemuzeum","article_published_time":"2015-07-22T09:03:31+00:00","og_image":[{"width":552,"height":780,"url":"https:\/\/pmza.sk\/wp-content\/uploads\/2015\/07\/nocne_strecno1.jpg","type":"image\/jpeg"}],"author":"Pova\u017esk\u00e9 m\u00fazeum","twitter_card":"summary_large_image","twitter_misc":{"Autor":"Pova\u017esk\u00e9 m\u00fazeum","Predpokladan\u00fd \u010das \u010d\u00edtania":"2 min\u00faty"},"schema":{"@context":"https:\/\/schema.org","@graph":[{"@type":"Article","@id":"https:\/\/pmza.sk\/?p=13198#article","isPartOf":{"@id":"https:\/\/pmza.sk\/?p=13198"},"author":{"name":"Pova\u017esk\u00e9 m\u00fazeum","@id":"https:\/\/pmza.sk\/#\/schema\/person\/595e6a2ce731ea94dcd5d7f50a41ae33"},"headline":"Le.Pi.Dlo na no\u010dnej prehliadke hradu Stre\u010dno","datePublished":"2015-07-22T09:03:31+00:00","mainEntityOfPage":{"@id":"https:\/\/pmza.sk\/?p=13198"},"wordCount":454,"publisher":{"@id":"https:\/\/pmza.sk\/#organization"},"image":{"@id":"https:\/\/pmza.sk\/?p=13198#primaryimage"},"thumbnailUrl":"https:\/\/pmza.sk\/wp-content\/uploads\/2015\/07\/nocne_strecno1.jpg","articleSection":["Arch\u00edv 2015"],"inLanguage":"sk-SK"},{"@type":"WebPage","@id":"https:\/\/pmza.sk\/?p=13198","url":"https:\/\/pmza.sk\/?p=13198","name":"Le.Pi.Dlo na no\u010dnej prehliadke hradu Stre\u010dno - Pova\u017esk\u00e9 m\u00fazeum","isPartOf":{"@id":"https:\/\/pmza.sk\/#website"},"primaryImageOfPage":{"@id":"https:\/\/pmza.sk\/?p=13198#primaryimage"},"image":{"@id":"https:\/\/pmza.sk\/?p=13198#primaryimage"},"thumbnailUrl":"https:\/\/pmza.sk\/wp-content\/uploads\/2015\/07\/nocne_strecno1.jpg","datePublished":"2015-07-22T09:03:31+00:00","breadcrumb":{"@id":"https:\/\/pmza.sk\/?p=13198#breadcrumb"},"inLanguage":"sk-SK","potentialAction":[{"@type":"ReadAction","target":["https:\/\/pmza.sk\/?p=13198"]}]},{"@type":"ImageObject","inLanguage":"sk-SK","@id":"https:\/\/pmza.sk\/?p=13198#primaryimage","url":"https:\/\/pmza.sk\/wp-content\/uploads\/2015\/07\/nocne_strecno1.jpg","contentUrl":"https:\/\/pmza.sk\/wp-content\/uploads\/2015\/07\/nocne_strecno1.jpg","width":552,"height":780},{"@type":"BreadcrumbList","@id":"https:\/\/pmza.sk\/?p=13198#breadcrumb","itemListElement":[{"@type":"ListItem","position":1,"name":"Domovsk\u00e1 str\u00e1nka","item":"https:\/\/pmza.sk\/"},{"@type":"ListItem","position":2,"name":"Le.Pi.Dlo na no\u010dnej prehliadke hradu Stre\u010dno"}]},{"@type":"WebSite","@id":"https:\/\/pmza.sk\/#website","url":"https:\/\/pmza.sk\/","name":"Pova\u017esk\u00e9 m\u00fazeum","description":"Pova\u017esk\u00e9 m\u00fazeum v \u017diline je region\u00e1lne m\u00fazeum so s\u00eddlom v Budat\u00edne. Jeho expoz\u00edcie s\u00fa zameran\u00e9 na dejiny slovensk\u00e9ho umenia, kult\u00fary a dopravy.","publisher":{"@id":"https:\/\/pmza.sk\/#organization"},"potentialAction":[{"@type":"SearchAction","target":{"@type":"EntryPoint","urlTemplate":"https:\/\/pmza.sk\/?s={search_term_string}"},"query-input":{"@type":"PropertyValueSpecification","valueRequired":true,"valueName":"search_term_string"}}],"inLanguage":"sk-SK"},{"@type":"Organization","@id":"https:\/\/pmza.sk\/#organization","name":"Pova\u017esk\u00e9 m\u00fazeum","url":"https:\/\/pmza.sk\/","logo":{"@type":"ImageObject","inLanguage":"sk-SK","@id":"https:\/\/pmza.sk\/#\/schema\/logo\/image\/","url":"https:\/\/pmza.sk\/wp-content\/uploads\/2022\/01\/logo_PM_horizontal.jpg","contentUrl":"https:\/\/pmza.sk\/wp-content\/uploads\/2022\/01\/logo_PM_horizontal.jpg","width":231,"height":142,"caption":"Pova\u017esk\u00e9 m\u00fazeum"},"image":{"@id":"https:\/\/pmza.sk\/#\/schema\/logo\/image\/"},"sameAs":["https:\/\/www.facebook.com\/povazskemuzeum","https:\/\/www.instagram.com\/povazskemuzeum\/"]},{"@type":"Person","@id":"https:\/\/pmza.sk\/#\/schema\/person\/595e6a2ce731ea94dcd5d7f50a41ae33","name":"Pova\u017esk\u00e9 m\u00fazeum","image":{"@type":"ImageObject","inLanguage":"sk-SK","@id":"https:\/\/secure.gravatar.com\/avatar\/2bb7f1561282132fb5826dfeccc66c7996d11ee392ac6aaf7ced8a1c2027fbb2?s=96&d=mm&r=g","url":"https:\/\/secure.gravatar.com\/avatar\/2bb7f1561282132fb5826dfeccc66c7996d11ee392ac6aaf7ced8a1c2027fbb2?s=96&d=mm&r=g","contentUrl":"https:\/\/secure.gravatar.com\/avatar\/2bb7f1561282132fb5826dfeccc66c7996d11ee392ac6aaf7ced8a1c2027fbb2?s=96&d=mm&r=g","caption":"Pova\u017esk\u00e9 m\u00fazeum"}}]}},"_links":{"self":[{"href":"https:\/\/pmza.sk\/index.php?rest_route=\/wp\/v2\/posts\/13198","targetHints":{"allow":["GET"]}}],"collection":[{"href":"https:\/\/pmza.sk\/index.php?rest_route=\/wp\/v2\/posts"}],"about":[{"href":"https:\/\/pmza.sk\/index.php?rest_route=\/wp\/v2\/types\/post"}],"author":[{"embeddable":true,"href":"https:\/\/pmza.sk\/index.php?rest_route=\/wp\/v2\/users\/2"}],"replies":[{"embeddable":true,"href":"https:\/\/pmza.sk\/index.php?rest_route=%2Fwp%2Fv2%2Fcomments&post=13198"}],"version-history":[{"count":0,"href":"https:\/\/pmza.sk\/index.php?rest_route=\/wp\/v2\/posts\/13198\/revisions"}],"wp:featuredmedia":[{"embeddable":true,"href":"https:\/\/pmza.sk\/index.php?rest_route=\/wp\/v2\/media\/12990"}],"wp:attachment":[{"href":"https:\/\/pmza.sk\/index.php?rest_route=%2Fwp%2Fv2%2Fmedia&parent=13198"}],"wp:term":[{"taxonomy":"category","embeddable":true,"href":"https:\/\/pmza.sk\/index.php?rest_route=%2Fwp%2Fv2%2Fcategories&post=13198"},{"taxonomy":"post_tag","embeddable":true,"href":"https:\/\/pmza.sk\/index.php?rest_route=%2Fwp%2Fv2%2Ftags&post=13198"}],"curies":[{"name":"wp","href":"https:\/\/api.w.org\/{rel}","templated":true}]}}