{"id":13239,"date":"2015-07-28T08:21:31","date_gmt":"2015-07-28T06:21:31","guid":{"rendered":"https:\/\/pmza.sk.sk\/?p=13239"},"modified":"2015-07-28T08:21:31","modified_gmt":"2015-07-28T06:21:31","slug":"archeologicky-vyskum-na-hradisku-velky-vrch-pri-divinke","status":"publish","type":"post","link":"https:\/\/pmza.sk\/?p=13239","title":{"rendered":"Archeologick\u00fd v\u00fdskum na hradisku Ve\u013ek\u00fd vrch pri Divinke"},"content":{"rendered":"<p>V\u00a0\u00fazkej spolupr\u00e1ci Pova\u017esk\u00e9ho m\u00fazea v \u017diline, ktor\u00e9 je v zria\u010fovate\u013eskej p\u00f4sobnosti \u017dilinsk\u00e9ho samospr\u00e1vneho kraja, Archeologick\u00e9ho \u00fastavu SAV Nitra a\u00a0obce Divinka za\u010dala v\u00a0mesiaci j\u00fal tretia sez\u00f3na pamiatkov\u00e9ho archeologick\u00e9ho v\u00fdskumu hradiska Ve\u013ek\u00fd vrch v\u00a0Divinke na dokumenta\u010dn\u00e9 a\u00a0vedeck\u00e9 \u00fa\u010dely. V\u00a0tejto v\u00fdskumnej sez\u00f3ne v\u00fdskum finan\u010dne podporil \u017dilinsk\u00fd samospr\u00e1vny kraj a\u00a0Nada\u010dn\u00fd fond Kia Motors Slovakia v Nad\u00e1cii Pontis.<\/p>\n<p>Celkov\u00e1 plocha hradiska presahuje 12 hekt\u00e1rov. T\u00e1to v\u00fdznamn\u00e1 archeologick\u00e1 lokalita, s mno\u017estvom z\u00edskan\u00fdch archeologick\u00fdch n\u00e1lezov, je l\u00e1kadlom nielen pre obyvate\u013eov \u017dilinsk\u00e9ho regi\u00f3nu, ale aj pre z\u00e1ujemcov o hist\u00f3riu, pr\u00edrodu, turistov a\u00a0n\u00e1v\u0161tevn\u00edkov zo v\u0161etk\u00fdch k\u00fatov Slovenska.<\/p>\n<p>Z archeol\u00f3gov sa ako prv\u00fd Ve\u013ek\u00fdm vrchom systematickej\u0161ie zaoberal Anton Petrovsk\u00fd-\u0160ichman. Inform\u00e1cie o\u00a0hradisku z\u00edskal povrchov\u00fdm prieskumom v\u00a0\u0161tyridsiatych a\u00a0p\u00e4\u0165desiatych rokoch minul\u00e9ho storo\u010dia. V\u00a0rokoch 1972 \u2013 1973 sa na akropole hradiska realizoval z\u00e1chrann\u00fd archeologick\u00fd v\u00fdskum pod veden\u00edm PhDr. Jozefa Morav\u010d\u00edka z\u00a0Pova\u017esk\u00e9ho m\u00fazea v\u00a0\u017diline a\u00a0PhDr. Karola Pietu, DrSc., z\u00a0Archeologick\u00e9ho \u00fastavu SAV Nitra. Sondami umiestnen\u00fdmi v\u00a0z\u00e1padnej \u010dasti akropoly sa odkryli zlo\u017eit\u00e9 stratigrafick\u00e9 situ\u00e1cie.<\/p>\n<p>V\u00a0roku 2013 na hradisku uskuto\u010dnil PhDr. Gabriel Fusek, CSc. (Archeologick\u00fd \u00fastav SAV Nitra) mesiac trvaj\u00faci systematick\u00fd archeologick\u00fd prieskum lokality. Jeho cie\u013eom bolo spozna\u0165 jej s\u00fa\u010dasn\u00fd stav a\u00a0overi\u0165 spr\u00e1vnos\u0165 star\u0161\u00edch mapov\u00fdch podkladov z\u00a0p\u00e4\u0165desiatych rokov minul\u00e9ho storo\u010dia. Zameriavanie sa robilo pomocou GPS pr\u00edstroja. Potvrdilo sa, \u017ee hradisko pozost\u00e1va zo s\u00fastavy opevnen\u00ed vytv\u00e1raj\u00facich tri oddelen\u00e9 celky. Na pozd\u013a\u017enom temeni kopca sa nach\u00e1dza jeho \u00fazka vrcholov\u00e1 \u010das\u0165. Od nej je v\u00a0jej najvy\u0161\u0161ie polo\u017eenej z\u00e1padnej \u010dasti okolo k\u00f3ty Ve\u013ek\u00e9ho vrchu valom od\u010dlenen\u00e1 akropola. Najv\u00fdraznej\u0161ia koncentr\u00e1cia os\u00eddlenia bola pr\u00e1ve v\u00a0tejto \u010dasti hradiska. Najv\u00e4\u010d\u0161iu rozlohu zaber\u00e1 podhradie na severov\u00fdchodnom svahu kopca. Jeho vy\u0161\u0161ie polo\u017een\u00e1 \u010das\u0165 sa nach\u00e1dza vo ve\u013emi prudkom svahu a\u00a0na os\u00eddlenie nebola vhodn\u00e1. V\u00fdrazn\u00fd, s\u010dasti zni\u010duj\u00faci bol z\u00e1sah do v\u00fdzoru hradiska v\u00a0s\u00favislosti s\u00a0geologick\u00fdm prieskumom na lokalite na za\u010diatku sedemdesiatych rokov minul\u00e9ho storo\u010dia.<\/p>\n<p>\u0164a\u017eiskom ter\u00e9nneho v\u00fdskumu v\u00a0roku 2014 boli pr\u00e1ce vo vyt\u00fd\u010den\u00fdch sond\u00e1ch na akropole hradiska na Ve\u013ekom vrchu a\u00a0na podhrad\u00ed v\u00a0polohe Hol\u00fd prieloh. Okrem toho sa vyh\u013abila mal\u00e1 sonda v\u00a0polohe Koleso a\u00a0zdokumentovalo sa sedem v\u00fdkopov v\u00a0s\u00favislosti s\u00a0os\u00e1dzan\u00edm informa\u010dn\u00fdch tab\u00fa\u013e n\u00e1u\u010dn\u00e9ho chodn\u00edka. V\u00fdskum sa uskuto\u010dnil v\u00a0spolupr\u00e1ci Pova\u017esk\u00e9ho m\u00fazea v\u00a0\u017diline a\u00a0Archeologick\u00e9ho \u00fastavu SAV Nitra.<\/p>\n<p><em>\u201ePrioritnou \u00falohou ter\u00e9nneho v\u00fdskumu v\u00a0roku 2015 je dosk\u00famanie sond na akropole hradiska, na Holom prielohu i\u00a0sondy v\u00a0polohe Koleso. Geofyzik\u00e1lnym prieskumom sa z\u00edskali nov\u00e9 poznatky o\u00a0\u0161trukt\u00fare mohylovit\u00e9ho \u00fatvaru na Ve\u013ek\u00fdch Sala\u0161k\u00e1ch, ktor\u00e9ho v\u00fdskum je tie\u017e napl\u00e1novan\u00fd,\u201c<\/em> povedal PhDr. Gabriel Fusek, CSc., ved\u00faci v\u00fdskumu.<\/p>\n<p>V\u00fdznamn\u00e1 archeologick\u00e1 lokalita NKP Hradisko Ve\u013ek\u00fd vrch si vy\u017eaduje najvy\u0161\u0161\u00ed mo\u017en\u00fd stupe\u0148 ochrany. Mno\u017estvo n\u00e1lezov bolo odcudzen\u00fdch ileg\u00e1lnou \u010dinnos\u0165ou a\u00a0verejnos\u0165 nebola dostato\u010dne informovan\u00e1 o\u00a0v\u00fdzname hradiska. Potrebn\u00e9 je zachr\u00e1ni\u0165 pamiatky, informova\u0165 verejnos\u0165 o\u00a0d\u00e1vnej hist\u00f3rii regi\u00f3nu a\u00a0t\u00fdm prispie\u0165 k\u00a0ochrane kult\u00farneho dedi\u010dstva. Napl\u00e1novan\u00e9 s\u00fa tie\u017e aktivity v\u00a0spolupr\u00e1ci s\u00a0obcou Divinka, ako De\u0148 otvoren\u00fdch dver\u00ed na archeologickom v\u00fdskume (15. 8. 2015, od 10:00 hod.), spojen\u00fd s\u00a0\u010disten\u00edm Ve\u013ek\u00e9ho vrchu od odpadkov, \u010di u\u017e tradi\u010dn\u00e9 podujatie \u201eStaroslovansk\u00e1 Divinka\u201c (29. 8. 2015). <em>\u201eVer\u00edme, \u017ee na\u0161e aktivity prispej\u00fa k\u00a0informovanosti ob\u010danov o\u00a0v\u00fdsledkoch archeologick\u00fdch v\u00fdskumov, ochrane \u017eivotn\u00e9ho prostredia a\u00a0k\u00a0celkov\u00e9mu naplneniu na\u0161ich cie\u013eov,\u201c <\/em>dodala Monika Hrin\u00edkov\u00e1, riadite\u013eka Pova\u017esk\u00e9ho m\u00fazea v\u00a0\u017diline, poveren\u00e1 veden\u00edm.<\/p>\n<p>&nbsp;<\/p>\n<figure id=\"attachment_13237\" aria-describedby=\"caption-attachment-13237\" style=\"width: 431px\" class=\"wp-caption aligncenter\"><a href=\"https:\/\/pmza.sk\/wp-content\/uploads\/2015\/07\/PMZA_Velky-vrch_priprava-na-kresbovu-dokumentaciu.jpg\"><img fetchpriority=\"high\" decoding=\"async\" class=\"wp-image-13237\" src=\"https:\/\/pmza.sk\/wp-content\/uploads\/2015\/07\/PMZA_Velky-vrch_priprava-na-kresbovu-dokumentaciu.jpg\" alt=\"Pr\u00edprava na kresbov\u00fa dokument\u00e1ciu\" width=\"431\" height=\"324\" srcset=\"https:\/\/pmza.sk\/wp-content\/uploads\/2015\/07\/PMZA_Velky-vrch_priprava-na-kresbovu-dokumentaciu.jpg 1024w, https:\/\/pmza.sk\/wp-content\/uploads\/2015\/07\/PMZA_Velky-vrch_priprava-na-kresbovu-dokumentaciu-480x360.jpg 480w, https:\/\/pmza.sk\/wp-content\/uploads\/2015\/07\/PMZA_Velky-vrch_priprava-na-kresbovu-dokumentaciu-981x736.jpg 981w, https:\/\/pmza.sk\/wp-content\/uploads\/2015\/07\/PMZA_Velky-vrch_priprava-na-kresbovu-dokumentaciu-768x576.jpg 768w, https:\/\/pmza.sk\/wp-content\/uploads\/2015\/07\/PMZA_Velky-vrch_priprava-na-kresbovu-dokumentaciu-600x450.jpg 600w\" sizes=\"(max-width: 431px) 100vw, 431px\" \/><\/a><figcaption id=\"caption-attachment-13237\" class=\"wp-caption-text\">Pr\u00edprava na kresbov\u00fa dokument\u00e1ciu<\/figcaption><\/figure>\n<p>&nbsp;<\/p>\n","protected":false},"excerpt":{"rendered":"<p>V\u00a0\u00fazkej spolupr\u00e1ci Pova\u017esk\u00e9ho m\u00fazea v \u017diline, ktor\u00e9 je v zria\u010fovate\u013eskej p\u00f4sobnosti \u017dilinsk\u00e9ho samospr\u00e1vneho kraja, Archeologick\u00e9ho \u00fastavu SAV Nitra a\u00a0obce Divinka za\u010dala v\u00a0mesiaci j\u00fal tretia sez\u00f3na pamiatkov\u00e9ho archeologick\u00e9ho v\u00fdskumu hradiska Ve\u013ek\u00fd vrch v\u00a0Divinke na dokumenta\u010dn\u00e9 a\u00a0vedeck\u00e9 \u00fa\u010dely. V\u00a0tejto v\u00fdskumnej sez\u00f3ne v\u00fdskum finan\u010dne podporil \u017dilinsk\u00fd samospr\u00e1vny kraj a\u00a0Nada\u010dn\u00fd fond Kia Motors Slovakia v Nad\u00e1cii Pontis. Celkov\u00e1 plocha [&hellip;]<\/p>\n","protected":false},"author":2,"featured_media":13238,"comment_status":"closed","ping_status":"closed","sticky":false,"template":"","format":"standard","meta":{"site-sidebar-layout":"default","site-content-layout":"","ast-site-content-layout":"","site-content-style":"default","site-sidebar-style":"default","ast-global-header-display":"","ast-banner-title-visibility":"","ast-main-header-display":"","ast-hfb-above-header-display":"","ast-hfb-below-header-display":"","ast-hfb-mobile-header-display":"","site-post-title":"","ast-breadcrumbs-content":"","ast-featured-img":"","footer-sml-layout":"","theme-transparent-header-meta":"","adv-header-id-meta":"","stick-header-meta":"","header-above-stick-meta":"","header-main-stick-meta":"","header-below-stick-meta":"","astra-migrate-meta-layouts":"default","ast-page-background-enabled":"default","ast-page-background-meta":{"desktop":{"background-color":"var(--ast-global-color-4)","background-image":"","background-repeat":"repeat","background-position":"center center","background-size":"auto","background-attachment":"scroll","background-type":"","background-media":"","overlay-type":"","overlay-color":"","overlay-opacity":"","overlay-gradient":""},"tablet":{"background-color":"","background-image":"","background-repeat":"repeat","background-position":"center center","background-size":"auto","background-attachment":"scroll","background-type":"","background-media":"","overlay-type":"","overlay-color":"","overlay-opacity":"","overlay-gradient":""},"mobile":{"background-color":"","background-image":"","background-repeat":"repeat","background-position":"center center","background-size":"auto","background-attachment":"scroll","background-type":"","background-media":"","overlay-type":"","overlay-color":"","overlay-opacity":"","overlay-gradient":""}},"ast-content-background-meta":{"desktop":{"background-color":"var(--ast-global-color-5)","background-image":"","background-repeat":"repeat","background-position":"center center","background-size":"auto","background-attachment":"scroll","background-type":"","background-media":"","overlay-type":"","overlay-color":"","overlay-opacity":"","overlay-gradient":""},"tablet":{"background-color":"var(--ast-global-color-5)","background-image":"","background-repeat":"repeat","background-position":"center center","background-size":"auto","background-attachment":"scroll","background-type":"","background-media":"","overlay-type":"","overlay-color":"","overlay-opacity":"","overlay-gradient":""},"mobile":{"background-color":"var(--ast-global-color-5)","background-image":"","background-repeat":"repeat","background-position":"center center","background-size":"auto","background-attachment":"scroll","background-type":"","background-media":"","overlay-type":"","overlay-color":"","overlay-opacity":"","overlay-gradient":""}},"footnotes":""},"categories":[38],"tags":[],"class_list":["post-13239","post","type-post","status-publish","format-standard","has-post-thumbnail","hentry","category-archiv-2015"],"yoast_head":"<!-- This site is optimized with the Yoast SEO plugin v27.4 - https:\/\/yoast.com\/product\/yoast-seo-wordpress\/ -->\n<title>Archeologick\u00fd v\u00fdskum na hradisku Ve\u013ek\u00fd vrch pri Divinke - Pova\u017esk\u00e9 m\u00fazeum<\/title>\n<meta name=\"robots\" content=\"index, follow, max-snippet:-1, max-image-preview:large, max-video-preview:-1\" \/>\n<link rel=\"canonical\" href=\"https:\/\/pmza.sk\/?p=13239\" \/>\n<meta property=\"og:locale\" content=\"sk_SK\" \/>\n<meta property=\"og:type\" content=\"article\" \/>\n<meta property=\"og:title\" content=\"Archeologick\u00fd v\u00fdskum na hradisku Ve\u013ek\u00fd vrch pri Divinke - Pova\u017esk\u00e9 m\u00fazeum\" \/>\n<meta property=\"og:description\" content=\"V\u00a0\u00fazkej spolupr\u00e1ci Pova\u017esk\u00e9ho m\u00fazea v \u017diline, ktor\u00e9 je v zria\u010fovate\u013eskej p\u00f4sobnosti \u017dilinsk\u00e9ho samospr\u00e1vneho kraja, Archeologick\u00e9ho \u00fastavu SAV Nitra a\u00a0obce Divinka za\u010dala v\u00a0mesiaci j\u00fal tretia sez\u00f3na pamiatkov\u00e9ho archeologick\u00e9ho v\u00fdskumu hradiska Ve\u013ek\u00fd vrch v\u00a0Divinke na dokumenta\u010dn\u00e9 a\u00a0vedeck\u00e9 \u00fa\u010dely. V\u00a0tejto v\u00fdskumnej sez\u00f3ne v\u00fdskum finan\u010dne podporil \u017dilinsk\u00fd samospr\u00e1vny kraj a\u00a0Nada\u010dn\u00fd fond Kia Motors Slovakia v Nad\u00e1cii Pontis. Celkov\u00e1 plocha [&hellip;]\" \/>\n<meta property=\"og:url\" content=\"https:\/\/pmza.sk\/?p=13239\" \/>\n<meta property=\"og:site_name\" content=\"Pova\u017esk\u00e9 m\u00fazeum\" \/>\n<meta property=\"article:publisher\" content=\"https:\/\/www.facebook.com\/povazskemuzeum\" \/>\n<meta property=\"article:published_time\" content=\"2015-07-28T06:21:31+00:00\" \/>\n<meta property=\"og:image\" content=\"https:\/\/pmza.sk\/wp-content\/uploads\/2015\/07\/PMZA_Velky-vrch_Celkovy-pohlad-na-vykopavky-na-mohylovom-utvare-pohlad-z-juhu.jpg\" \/>\n\t<meta property=\"og:image:width\" content=\"1024\" \/>\n\t<meta property=\"og:image:height\" content=\"768\" \/>\n\t<meta property=\"og:image:type\" content=\"image\/jpeg\" \/>\n<meta name=\"author\" content=\"Pova\u017esk\u00e9 m\u00fazeum\" \/>\n<meta name=\"twitter:card\" content=\"summary_large_image\" \/>\n<meta name=\"twitter:label1\" content=\"Autor\" \/>\n\t<meta name=\"twitter:data1\" content=\"Pova\u017esk\u00e9 m\u00fazeum\" \/>\n\t<meta name=\"twitter:label2\" content=\"Predpokladan\u00fd \u010das \u010d\u00edtania\" \/>\n\t<meta name=\"twitter:data2\" content=\"4 min\u00faty\" \/>\n<script type=\"application\/ld+json\" class=\"yoast-schema-graph\">{\"@context\":\"https:\\\/\\\/schema.org\",\"@graph\":[{\"@type\":\"Article\",\"@id\":\"https:\\\/\\\/pmza.sk\\\/?p=13239#article\",\"isPartOf\":{\"@id\":\"https:\\\/\\\/pmza.sk\\\/?p=13239\"},\"author\":{\"name\":\"Pova\u017esk\u00e9 m\u00fazeum\",\"@id\":\"https:\\\/\\\/pmza.sk\\\/#\\\/schema\\\/person\\\/595e6a2ce731ea94dcd5d7f50a41ae33\"},\"headline\":\"Archeologick\u00fd v\u00fdskum na hradisku Ve\u013ek\u00fd vrch pri Divinke\",\"datePublished\":\"2015-07-28T06:21:31+00:00\",\"mainEntityOfPage\":{\"@id\":\"https:\\\/\\\/pmza.sk\\\/?p=13239\"},\"wordCount\":730,\"publisher\":{\"@id\":\"https:\\\/\\\/pmza.sk\\\/#organization\"},\"image\":{\"@id\":\"https:\\\/\\\/pmza.sk\\\/?p=13239#primaryimage\"},\"thumbnailUrl\":\"https:\\\/\\\/pmza.sk\\\/wp-content\\\/uploads\\\/2015\\\/07\\\/PMZA_Velky-vrch_Celkovy-pohlad-na-vykopavky-na-mohylovom-utvare-pohlad-z-juhu.jpg\",\"articleSection\":[\"Arch\u00edv 2015\"],\"inLanguage\":\"sk-SK\"},{\"@type\":\"WebPage\",\"@id\":\"https:\\\/\\\/pmza.sk\\\/?p=13239\",\"url\":\"https:\\\/\\\/pmza.sk\\\/?p=13239\",\"name\":\"Archeologick\u00fd v\u00fdskum na hradisku Ve\u013ek\u00fd vrch pri Divinke - Pova\u017esk\u00e9 m\u00fazeum\",\"isPartOf\":{\"@id\":\"https:\\\/\\\/pmza.sk\\\/#website\"},\"primaryImageOfPage\":{\"@id\":\"https:\\\/\\\/pmza.sk\\\/?p=13239#primaryimage\"},\"image\":{\"@id\":\"https:\\\/\\\/pmza.sk\\\/?p=13239#primaryimage\"},\"thumbnailUrl\":\"https:\\\/\\\/pmza.sk\\\/wp-content\\\/uploads\\\/2015\\\/07\\\/PMZA_Velky-vrch_Celkovy-pohlad-na-vykopavky-na-mohylovom-utvare-pohlad-z-juhu.jpg\",\"datePublished\":\"2015-07-28T06:21:31+00:00\",\"breadcrumb\":{\"@id\":\"https:\\\/\\\/pmza.sk\\\/?p=13239#breadcrumb\"},\"inLanguage\":\"sk-SK\",\"potentialAction\":[{\"@type\":\"ReadAction\",\"target\":[\"https:\\\/\\\/pmza.sk\\\/?p=13239\"]}]},{\"@type\":\"ImageObject\",\"inLanguage\":\"sk-SK\",\"@id\":\"https:\\\/\\\/pmza.sk\\\/?p=13239#primaryimage\",\"url\":\"https:\\\/\\\/pmza.sk\\\/wp-content\\\/uploads\\\/2015\\\/07\\\/PMZA_Velky-vrch_Celkovy-pohlad-na-vykopavky-na-mohylovom-utvare-pohlad-z-juhu.jpg\",\"contentUrl\":\"https:\\\/\\\/pmza.sk\\\/wp-content\\\/uploads\\\/2015\\\/07\\\/PMZA_Velky-vrch_Celkovy-pohlad-na-vykopavky-na-mohylovom-utvare-pohlad-z-juhu.jpg\",\"width\":1024,\"height\":768,\"caption\":\"Celkov\u00fd poh\u013ead na vykop\u00e1vky na mohylovom \u00fatvare - poh\u013ead z juhu\"},{\"@type\":\"BreadcrumbList\",\"@id\":\"https:\\\/\\\/pmza.sk\\\/?p=13239#breadcrumb\",\"itemListElement\":[{\"@type\":\"ListItem\",\"position\":1,\"name\":\"Domovsk\u00e1 str\u00e1nka\",\"item\":\"https:\\\/\\\/pmza.sk\\\/\"},{\"@type\":\"ListItem\",\"position\":2,\"name\":\"Archeologick\u00fd v\u00fdskum na hradisku Ve\u013ek\u00fd vrch pri Divinke\"}]},{\"@type\":\"WebSite\",\"@id\":\"https:\\\/\\\/pmza.sk\\\/#website\",\"url\":\"https:\\\/\\\/pmza.sk\\\/\",\"name\":\"Pova\u017esk\u00e9 m\u00fazeum\",\"description\":\"Pova\u017esk\u00e9 m\u00fazeum v \u017diline je region\u00e1lne m\u00fazeum so s\u00eddlom v Budat\u00edne. Jeho expoz\u00edcie s\u00fa zameran\u00e9 na dejiny slovensk\u00e9ho umenia, kult\u00fary a dopravy.\",\"publisher\":{\"@id\":\"https:\\\/\\\/pmza.sk\\\/#organization\"},\"potentialAction\":[{\"@type\":\"SearchAction\",\"target\":{\"@type\":\"EntryPoint\",\"urlTemplate\":\"https:\\\/\\\/pmza.sk\\\/?s={search_term_string}\"},\"query-input\":{\"@type\":\"PropertyValueSpecification\",\"valueRequired\":true,\"valueName\":\"search_term_string\"}}],\"inLanguage\":\"sk-SK\"},{\"@type\":\"Organization\",\"@id\":\"https:\\\/\\\/pmza.sk\\\/#organization\",\"name\":\"Pova\u017esk\u00e9 m\u00fazeum\",\"url\":\"https:\\\/\\\/pmza.sk\\\/\",\"logo\":{\"@type\":\"ImageObject\",\"inLanguage\":\"sk-SK\",\"@id\":\"https:\\\/\\\/pmza.sk\\\/#\\\/schema\\\/logo\\\/image\\\/\",\"url\":\"https:\\\/\\\/pmza.sk\\\/wp-content\\\/uploads\\\/2022\\\/01\\\/logo_PM_horizontal.jpg\",\"contentUrl\":\"https:\\\/\\\/pmza.sk\\\/wp-content\\\/uploads\\\/2022\\\/01\\\/logo_PM_horizontal.jpg\",\"width\":231,\"height\":142,\"caption\":\"Pova\u017esk\u00e9 m\u00fazeum\"},\"image\":{\"@id\":\"https:\\\/\\\/pmza.sk\\\/#\\\/schema\\\/logo\\\/image\\\/\"},\"sameAs\":[\"https:\\\/\\\/www.facebook.com\\\/povazskemuzeum\",\"https:\\\/\\\/www.instagram.com\\\/povazskemuzeum\\\/\"]},{\"@type\":\"Person\",\"@id\":\"https:\\\/\\\/pmza.sk\\\/#\\\/schema\\\/person\\\/595e6a2ce731ea94dcd5d7f50a41ae33\",\"name\":\"Pova\u017esk\u00e9 m\u00fazeum\",\"image\":{\"@type\":\"ImageObject\",\"inLanguage\":\"sk-SK\",\"@id\":\"https:\\\/\\\/secure.gravatar.com\\\/avatar\\\/2bb7f1561282132fb5826dfeccc66c7996d11ee392ac6aaf7ced8a1c2027fbb2?s=96&d=mm&r=g\",\"url\":\"https:\\\/\\\/secure.gravatar.com\\\/avatar\\\/2bb7f1561282132fb5826dfeccc66c7996d11ee392ac6aaf7ced8a1c2027fbb2?s=96&d=mm&r=g\",\"contentUrl\":\"https:\\\/\\\/secure.gravatar.com\\\/avatar\\\/2bb7f1561282132fb5826dfeccc66c7996d11ee392ac6aaf7ced8a1c2027fbb2?s=96&d=mm&r=g\",\"caption\":\"Pova\u017esk\u00e9 m\u00fazeum\"}}]}<\/script>\n<!-- \/ Yoast SEO plugin. -->","yoast_head_json":{"title":"Archeologick\u00fd v\u00fdskum na hradisku Ve\u013ek\u00fd vrch pri Divinke - Pova\u017esk\u00e9 m\u00fazeum","robots":{"index":"index","follow":"follow","max-snippet":"max-snippet:-1","max-image-preview":"max-image-preview:large","max-video-preview":"max-video-preview:-1"},"canonical":"https:\/\/pmza.sk\/?p=13239","og_locale":"sk_SK","og_type":"article","og_title":"Archeologick\u00fd v\u00fdskum na hradisku Ve\u013ek\u00fd vrch pri Divinke - Pova\u017esk\u00e9 m\u00fazeum","og_description":"V\u00a0\u00fazkej spolupr\u00e1ci Pova\u017esk\u00e9ho m\u00fazea v \u017diline, ktor\u00e9 je v zria\u010fovate\u013eskej p\u00f4sobnosti \u017dilinsk\u00e9ho samospr\u00e1vneho kraja, Archeologick\u00e9ho \u00fastavu SAV Nitra a\u00a0obce Divinka za\u010dala v\u00a0mesiaci j\u00fal tretia sez\u00f3na pamiatkov\u00e9ho archeologick\u00e9ho v\u00fdskumu hradiska Ve\u013ek\u00fd vrch v\u00a0Divinke na dokumenta\u010dn\u00e9 a\u00a0vedeck\u00e9 \u00fa\u010dely. V\u00a0tejto v\u00fdskumnej sez\u00f3ne v\u00fdskum finan\u010dne podporil \u017dilinsk\u00fd samospr\u00e1vny kraj a\u00a0Nada\u010dn\u00fd fond Kia Motors Slovakia v Nad\u00e1cii Pontis. Celkov\u00e1 plocha [&hellip;]","og_url":"https:\/\/pmza.sk\/?p=13239","og_site_name":"Pova\u017esk\u00e9 m\u00fazeum","article_publisher":"https:\/\/www.facebook.com\/povazskemuzeum","article_published_time":"2015-07-28T06:21:31+00:00","og_image":[{"width":1024,"height":768,"url":"https:\/\/pmza.sk\/wp-content\/uploads\/2015\/07\/PMZA_Velky-vrch_Celkovy-pohlad-na-vykopavky-na-mohylovom-utvare-pohlad-z-juhu.jpg","type":"image\/jpeg"}],"author":"Pova\u017esk\u00e9 m\u00fazeum","twitter_card":"summary_large_image","twitter_misc":{"Autor":"Pova\u017esk\u00e9 m\u00fazeum","Predpokladan\u00fd \u010das \u010d\u00edtania":"4 min\u00faty"},"schema":{"@context":"https:\/\/schema.org","@graph":[{"@type":"Article","@id":"https:\/\/pmza.sk\/?p=13239#article","isPartOf":{"@id":"https:\/\/pmza.sk\/?p=13239"},"author":{"name":"Pova\u017esk\u00e9 m\u00fazeum","@id":"https:\/\/pmza.sk\/#\/schema\/person\/595e6a2ce731ea94dcd5d7f50a41ae33"},"headline":"Archeologick\u00fd v\u00fdskum na hradisku Ve\u013ek\u00fd vrch pri Divinke","datePublished":"2015-07-28T06:21:31+00:00","mainEntityOfPage":{"@id":"https:\/\/pmza.sk\/?p=13239"},"wordCount":730,"publisher":{"@id":"https:\/\/pmza.sk\/#organization"},"image":{"@id":"https:\/\/pmza.sk\/?p=13239#primaryimage"},"thumbnailUrl":"https:\/\/pmza.sk\/wp-content\/uploads\/2015\/07\/PMZA_Velky-vrch_Celkovy-pohlad-na-vykopavky-na-mohylovom-utvare-pohlad-z-juhu.jpg","articleSection":["Arch\u00edv 2015"],"inLanguage":"sk-SK"},{"@type":"WebPage","@id":"https:\/\/pmza.sk\/?p=13239","url":"https:\/\/pmza.sk\/?p=13239","name":"Archeologick\u00fd v\u00fdskum na hradisku Ve\u013ek\u00fd vrch pri Divinke - Pova\u017esk\u00e9 m\u00fazeum","isPartOf":{"@id":"https:\/\/pmza.sk\/#website"},"primaryImageOfPage":{"@id":"https:\/\/pmza.sk\/?p=13239#primaryimage"},"image":{"@id":"https:\/\/pmza.sk\/?p=13239#primaryimage"},"thumbnailUrl":"https:\/\/pmza.sk\/wp-content\/uploads\/2015\/07\/PMZA_Velky-vrch_Celkovy-pohlad-na-vykopavky-na-mohylovom-utvare-pohlad-z-juhu.jpg","datePublished":"2015-07-28T06:21:31+00:00","breadcrumb":{"@id":"https:\/\/pmza.sk\/?p=13239#breadcrumb"},"inLanguage":"sk-SK","potentialAction":[{"@type":"ReadAction","target":["https:\/\/pmza.sk\/?p=13239"]}]},{"@type":"ImageObject","inLanguage":"sk-SK","@id":"https:\/\/pmza.sk\/?p=13239#primaryimage","url":"https:\/\/pmza.sk\/wp-content\/uploads\/2015\/07\/PMZA_Velky-vrch_Celkovy-pohlad-na-vykopavky-na-mohylovom-utvare-pohlad-z-juhu.jpg","contentUrl":"https:\/\/pmza.sk\/wp-content\/uploads\/2015\/07\/PMZA_Velky-vrch_Celkovy-pohlad-na-vykopavky-na-mohylovom-utvare-pohlad-z-juhu.jpg","width":1024,"height":768,"caption":"Celkov\u00fd poh\u013ead na vykop\u00e1vky na mohylovom \u00fatvare - poh\u013ead z juhu"},{"@type":"BreadcrumbList","@id":"https:\/\/pmza.sk\/?p=13239#breadcrumb","itemListElement":[{"@type":"ListItem","position":1,"name":"Domovsk\u00e1 str\u00e1nka","item":"https:\/\/pmza.sk\/"},{"@type":"ListItem","position":2,"name":"Archeologick\u00fd v\u00fdskum na hradisku Ve\u013ek\u00fd vrch pri Divinke"}]},{"@type":"WebSite","@id":"https:\/\/pmza.sk\/#website","url":"https:\/\/pmza.sk\/","name":"Pova\u017esk\u00e9 m\u00fazeum","description":"Pova\u017esk\u00e9 m\u00fazeum v \u017diline je region\u00e1lne m\u00fazeum so s\u00eddlom v Budat\u00edne. Jeho expoz\u00edcie s\u00fa zameran\u00e9 na dejiny slovensk\u00e9ho umenia, kult\u00fary a dopravy.","publisher":{"@id":"https:\/\/pmza.sk\/#organization"},"potentialAction":[{"@type":"SearchAction","target":{"@type":"EntryPoint","urlTemplate":"https:\/\/pmza.sk\/?s={search_term_string}"},"query-input":{"@type":"PropertyValueSpecification","valueRequired":true,"valueName":"search_term_string"}}],"inLanguage":"sk-SK"},{"@type":"Organization","@id":"https:\/\/pmza.sk\/#organization","name":"Pova\u017esk\u00e9 m\u00fazeum","url":"https:\/\/pmza.sk\/","logo":{"@type":"ImageObject","inLanguage":"sk-SK","@id":"https:\/\/pmza.sk\/#\/schema\/logo\/image\/","url":"https:\/\/pmza.sk\/wp-content\/uploads\/2022\/01\/logo_PM_horizontal.jpg","contentUrl":"https:\/\/pmza.sk\/wp-content\/uploads\/2022\/01\/logo_PM_horizontal.jpg","width":231,"height":142,"caption":"Pova\u017esk\u00e9 m\u00fazeum"},"image":{"@id":"https:\/\/pmza.sk\/#\/schema\/logo\/image\/"},"sameAs":["https:\/\/www.facebook.com\/povazskemuzeum","https:\/\/www.instagram.com\/povazskemuzeum\/"]},{"@type":"Person","@id":"https:\/\/pmza.sk\/#\/schema\/person\/595e6a2ce731ea94dcd5d7f50a41ae33","name":"Pova\u017esk\u00e9 m\u00fazeum","image":{"@type":"ImageObject","inLanguage":"sk-SK","@id":"https:\/\/secure.gravatar.com\/avatar\/2bb7f1561282132fb5826dfeccc66c7996d11ee392ac6aaf7ced8a1c2027fbb2?s=96&d=mm&r=g","url":"https:\/\/secure.gravatar.com\/avatar\/2bb7f1561282132fb5826dfeccc66c7996d11ee392ac6aaf7ced8a1c2027fbb2?s=96&d=mm&r=g","contentUrl":"https:\/\/secure.gravatar.com\/avatar\/2bb7f1561282132fb5826dfeccc66c7996d11ee392ac6aaf7ced8a1c2027fbb2?s=96&d=mm&r=g","caption":"Pova\u017esk\u00e9 m\u00fazeum"}}]}},"_links":{"self":[{"href":"https:\/\/pmza.sk\/index.php?rest_route=\/wp\/v2\/posts\/13239","targetHints":{"allow":["GET"]}}],"collection":[{"href":"https:\/\/pmza.sk\/index.php?rest_route=\/wp\/v2\/posts"}],"about":[{"href":"https:\/\/pmza.sk\/index.php?rest_route=\/wp\/v2\/types\/post"}],"author":[{"embeddable":true,"href":"https:\/\/pmza.sk\/index.php?rest_route=\/wp\/v2\/users\/2"}],"replies":[{"embeddable":true,"href":"https:\/\/pmza.sk\/index.php?rest_route=%2Fwp%2Fv2%2Fcomments&post=13239"}],"version-history":[{"count":0,"href":"https:\/\/pmza.sk\/index.php?rest_route=\/wp\/v2\/posts\/13239\/revisions"}],"wp:featuredmedia":[{"embeddable":true,"href":"https:\/\/pmza.sk\/index.php?rest_route=\/wp\/v2\/media\/13238"}],"wp:attachment":[{"href":"https:\/\/pmza.sk\/index.php?rest_route=%2Fwp%2Fv2%2Fmedia&parent=13239"}],"wp:term":[{"taxonomy":"category","embeddable":true,"href":"https:\/\/pmza.sk\/index.php?rest_route=%2Fwp%2Fv2%2Fcategories&post=13239"},{"taxonomy":"post_tag","embeddable":true,"href":"https:\/\/pmza.sk\/index.php?rest_route=%2Fwp%2Fv2%2Ftags&post=13239"}],"curies":[{"name":"wp","href":"https:\/\/api.w.org\/{rel}","templated":true}]}}