{"id":1346,"date":"2010-09-30T12:31:39","date_gmt":"2010-09-30T10:31:39","guid":{"rendered":"https:\/\/pmza.sk.sk\/?p=1346"},"modified":"2010-09-30T12:31:39","modified_gmt":"2010-09-30T10:31:39","slug":"nostalgicke-jazdy-s-rajeckou-ancou","status":"publish","type":"post","link":"https:\/\/pmza.sk\/?p=1346","title":{"rendered":"Nostalgick\u00e9 jazdy s Rajeckou An\u010dou"},"content":{"rendered":"<p><a href=\"https:\/\/pmza.sk\/wp-content\/uploads\/2010\/09\/110-rokov-ZA-RJ-oslavy-na-stanici.jpg\"><img fetchpriority=\"high\" decoding=\"async\" class=\"alignleft size-medium wp-image-1348\" style=\"border: 2px solid black; margin: 4px;\" title=\"110 rokov ZA-RJ oslavy na stanici\" src=\"https:\/\/pmza.sk.sk\/wp-content\/uploads\/2010\/09\/110-rokov-ZA-RJ-oslavy-na-stanici-300x225.jpg\" alt=\"\" width=\"300\" height=\"225\" \/><\/a>Region\u00e1lny vlak prem\u00e1vaj\u00faci na trati \u017dilina \u2013 Rajec, zn\u00e1mej\u0161\u00ed pod menom Rajeck\u00e1 An\u010da, si za\u010diatkom okt\u00f3bra 2010 pripomenie 111 rokov svojej existencie. Oslavy spojen\u00e9 s\u00a0nostalgick\u00fdmi jazdami priamo nadv\u00e4zuj\u00fa na \u00faspe\u0161n\u00fd projekt jej okr\u00fahleho v\u00fdro\u010dia z\u00a0minul\u00e9ho roku, kedy bola na Stanici \u017dilina-Z\u00e1rie\u010die otvoren\u00e1 v\u00fdstava mapuj\u00faca dejiny\u00a0 trate a zrealizovali sa detsk\u00e9 vzdel\u00e1vacie jazdy, ktor\u00e9 za \u0161tyri dni prepravili viac ako dvesto \u017eiakov z\u00e1kladn\u00fdch a stredn\u00fdch \u0161k\u00f4l. \u201e <em>V\u00a0podobnom duchu pl\u00e1nuj\u00fa tri spolupracuj\u00face organiz\u00e1cie, ktor\u00fdm hist\u00f3ria trate nie je \u013eahostajn\u00e1 \u2013 Spolo\u010dnos\u0165 Pova\u017eskej dr\u00e1hy \u017dilina, OZ Mulica a\u00a0Pova\u017esk\u00e9 m\u00fazeum v\u00a0\u017diline pokra\u010dova\u0165 aj v\u00a0tomto roku. Predov\u0161etk\u00fdm to bud\u00fa <!--more-->mimoriadne \u00a0jazdy historick\u00e9ho motorov\u00e9ho voz\u0148a Hurv\u00ednek 131.1443 \u00a0v\u00a0sobotu a\u00a0nede\u013eu 9. a\u00a010. okt\u00f3bra 2010. Hurv\u00ednek patril v\u00a050. rokoch 20. storo\u010dia medzi najzn\u00e1mej\u0161ie vlaky jazdiace na region\u00e1lnych tratiach v\u00a0celom b\u00fdvalom \u010ceskoslovensku. V\u00a0s\u00fa\u010dasnosti m\u00e1me na \u00a0Slovensku\u00a0 zachovan\u00e9\u00a0 asi len posledn\u00e9 \u0161tyri vozidl\u00e1 tohoto typu,<\/em> \u201c povedal Peter \u0160imko, historik dopravy Pova\u017esk\u00e9ho m\u00fazea v\u00a0\u017diline a\u00a0jeden z\u00a0autorov podujatia. \u201e<em>Vy\u0161e p\u00e4\u0165desiatp\u00e4\u0165ro\u010dn\u00fd voze\u0148 131.1443 sme za\u010dali renovova\u0165 na jar v\u00a0roku 2008, odkedy pre\u0161iel opravou interi\u00e9ru i\u00a0prelakovan\u00edm karos\u00e9rie. Verejnosti sa prv\u00fdkr\u00e1t predstavil na konci m\u00e1ja tohto roku vo Vr\u00fatkach a\u00a0v\u00a0bud\u00facnosti s\u00a0n\u00edm pl\u00e1nujeme organizova\u0165 aj \u010fal\u0161ie nostalgick\u00e9 jazdy na \u017eeleznici \u017dilina \u2013 Rajec,\u201c<\/em> doplnil Lum\u00edr Kunc, predseda Spolo\u010dnosti Pova\u017eskej dr\u00e1hy, ktor\u00e1 je jedin\u00fdm spolkom nad\u0161encov \u017eelezni\u010dnej hist\u00f3rie na Hornom Pova\u017e\u00ed.<\/p>\n<p>Priaznivcov Rajeckej An\u010de \u010dak\u00e1 po\u010das samotn\u00fdch j\u00e1zd nieko\u013eko\u00a0 prekvapen\u00ed ako napr\u00edklad informa\u010dn\u00fd materi\u00e1l o\u00a0hist\u00f3rii trate a\u00a0narodeninov\u00e1 torta a\u00a0pod. \u010eal\u0161\u00edm sprievodn\u00fdm programom osl\u00e1v, v\u00a0r\u00e9\u017eii Kult\u00farneho centra Stanica \u017dilina \u2013 Z\u00e1rie\u010die, bude krst detskej komiksovej publik\u00e1cie o vlakoch umelecky spracovan\u00fdch pod n\u00e1zvom <em>Pozor, prich\u00e1dza vlak!<\/em> alebo premi\u00e9ra detsk\u00e9ho animovan\u00e9ho historick\u00e9ho dokumentu Historky zo Stanice.<\/p>\n<p>\u201e<em>\u017delezni\u010dnej trati \u017dilina \u2013 Rajec venuje \u00a0Pova\u017esk\u00e9 m\u00fazeum v\u00a0\u017diline z\u00a0poz\u00edcie m\u00fazea s\u00a0celoslovenskou \u0161pecializ\u00e1ciou na hist\u00f3riu dopravy d\u00f4le\u017eit\u00fa pozornos\u0165. Aj z\u00a0tohto d\u00f4vodu podporujeme toto podujatie a\u00a0spolupodie\u013eali sme sa na zroden\u00ed trad\u00edcie osl\u00e1v Rajeckej An\u010de. Jedn\u00fdm z\u00a0na\u0161ich prioritn\u00fdch z\u00e1merov v\u00a0bl\u00edzkej bud\u00facnosti je zriadi\u0165 st\u00e1lu expoz\u00edciu hist\u00f3rie dopravy, pr\u00e1ve na rajeckej trati, konkr\u00e9tne\u00a0v budove \u017eelezni\u010dnej zast\u00e1vky Rajeck\u00e9 Teplice,\u201c<\/em>dodal na z\u00e1ver Boris Schubert, riadite\u013e m\u00fazea.<em> <\/em><\/p>\n<p><em> <\/em>Nostalgick\u00e9 jazdy pri pr\u00edle\u017eitosti <strong>111. v\u00fdro\u010dia vzniku trate \u017dilina \u2013 Rajec <\/strong>sa uskuto\u010dnia <strong>9. a\u00a010. okt\u00f3bra 2010<\/strong>, odchodom historick\u00fdch vlakov zo \u017eilinskej hlavnej stanice <strong>o 9,55h a\u00a0o\u00a014,20h, z\u00a0Rajca v\u00a0oboch d\u0148och o\u00a012.30, v\u00a0sobotu 9. 10. o\u00a016.40 a\u00a0v\u00a0nede\u013eu 10. 10. o\u00a015.40h<\/strong>. Organiz\u00e1torom je Spolo\u010dnos\u0165 Pova\u017eskej dr\u00e1hy v\u00a0 \u017diline, ob\u010dianske zdru\u017eenie Mulica, \u017dilinsk\u00fd samospr\u00e1vny kraj a Pova\u017esk\u00e9 m\u00fazeum v\u00a0\u017diline.<\/p>\n<p><a href=\"http:\/\/www.pmza.sk\/plag\/plagat2.jpg\" target=\"_blank\" rel=\"noopener\">Plag\u00e1t s cestovn\u00fdmi poriadkami a \u010fal\u0161\u00edmi inform\u00e1ciami<\/a><\/p>\n","protected":false},"excerpt":{"rendered":"<p>Region\u00e1lny vlak prem\u00e1vaj\u00faci na trati \u017dilina \u2013 Rajec, zn\u00e1mej\u0161\u00ed pod menom Rajeck\u00e1 An\u010da, si za\u010diatkom okt\u00f3bra 2010 pripomenie 111 rokov svojej existencie. Oslavy spojen\u00e9 s\u00a0nostalgick\u00fdmi jazdami priamo nadv\u00e4zuj\u00fa na \u00faspe\u0161n\u00fd projekt jej okr\u00fahleho v\u00fdro\u010dia z\u00a0minul\u00e9ho roku, kedy bola na Stanici \u017dilina-Z\u00e1rie\u010die otvoren\u00e1 v\u00fdstava mapuj\u00faca dejiny\u00a0 trate a zrealizovali sa detsk\u00e9 vzdel\u00e1vacie jazdy, ktor\u00e9 za \u0161tyri [&hellip;]<\/p>\n","protected":false},"author":2,"featured_media":0,"comment_status":"closed","ping_status":"closed","sticky":false,"template":"","format":"standard","meta":{"site-sidebar-layout":"default","site-content-layout":"","ast-site-content-layout":"","site-content-style":"default","site-sidebar-style":"default","ast-global-header-display":"","ast-banner-title-visibility":"","ast-main-header-display":"","ast-hfb-above-header-display":"","ast-hfb-below-header-display":"","ast-hfb-mobile-header-display":"","site-post-title":"","ast-breadcrumbs-content":"","ast-featured-img":"","footer-sml-layout":"","theme-transparent-header-meta":"","adv-header-id-meta":"","stick-header-meta":"","header-above-stick-meta":"","header-main-stick-meta":"","header-below-stick-meta":"","astra-migrate-meta-layouts":"default","ast-page-background-enabled":"default","ast-page-background-meta":{"desktop":{"background-color":"var(--ast-global-color-4)","background-image":"","background-repeat":"repeat","background-position":"center center","background-size":"auto","background-attachment":"scroll","background-type":"","background-media":"","overlay-type":"","overlay-color":"","overlay-opacity":"","overlay-gradient":""},"tablet":{"background-color":"","background-image":"","background-repeat":"repeat","background-position":"center center","background-size":"auto","background-attachment":"scroll","background-type":"","background-media":"","overlay-type":"","overlay-color":"","overlay-opacity":"","overlay-gradient":""},"mobile":{"background-color":"","background-image":"","background-repeat":"repeat","background-position":"center center","background-size":"auto","background-attachment":"scroll","background-type":"","background-media":"","overlay-type":"","overlay-color":"","overlay-opacity":"","overlay-gradient":""}},"ast-content-background-meta":{"desktop":{"background-color":"var(--ast-global-color-5)","background-image":"","background-repeat":"repeat","background-position":"center center","background-size":"auto","background-attachment":"scroll","background-type":"","background-media":"","overlay-type":"","overlay-color":"","overlay-opacity":"","overlay-gradient":""},"tablet":{"background-color":"var(--ast-global-color-5)","background-image":"","background-repeat":"repeat","background-position":"center center","background-size":"auto","background-attachment":"scroll","background-type":"","background-media":"","overlay-type":"","overlay-color":"","overlay-opacity":"","overlay-gradient":""},"mobile":{"background-color":"var(--ast-global-color-5)","background-image":"","background-repeat":"repeat","background-position":"center center","background-size":"auto","background-attachment":"scroll","background-type":"","background-media":"","overlay-type":"","overlay-color":"","overlay-opacity":"","overlay-gradient":""}},"footnotes":""},"categories":[29],"tags":[],"class_list":["post-1346","post","type-post","status-publish","format-standard","hentry","category-archiv-2010"],"yoast_head":"<!-- This site is optimized with the Yoast SEO plugin v27.4 - https:\/\/yoast.com\/product\/yoast-seo-wordpress\/ -->\n<title>Nostalgick\u00e9 jazdy s Rajeckou An\u010dou - Pova\u017esk\u00e9 m\u00fazeum<\/title>\n<meta name=\"robots\" content=\"index, follow, max-snippet:-1, max-image-preview:large, max-video-preview:-1\" \/>\n<link rel=\"canonical\" href=\"https:\/\/pmza.sk\/?p=1346\" \/>\n<meta property=\"og:locale\" content=\"sk_SK\" \/>\n<meta property=\"og:type\" content=\"article\" \/>\n<meta property=\"og:title\" content=\"Nostalgick\u00e9 jazdy s Rajeckou An\u010dou - Pova\u017esk\u00e9 m\u00fazeum\" \/>\n<meta property=\"og:description\" content=\"Region\u00e1lny vlak prem\u00e1vaj\u00faci na trati \u017dilina \u2013 Rajec, zn\u00e1mej\u0161\u00ed pod menom Rajeck\u00e1 An\u010da, si za\u010diatkom okt\u00f3bra 2010 pripomenie 111 rokov svojej existencie. Oslavy spojen\u00e9 s\u00a0nostalgick\u00fdmi jazdami priamo nadv\u00e4zuj\u00fa na \u00faspe\u0161n\u00fd projekt jej okr\u00fahleho v\u00fdro\u010dia z\u00a0minul\u00e9ho roku, kedy bola na Stanici \u017dilina-Z\u00e1rie\u010die otvoren\u00e1 v\u00fdstava mapuj\u00faca dejiny\u00a0 trate a zrealizovali sa detsk\u00e9 vzdel\u00e1vacie jazdy, ktor\u00e9 za \u0161tyri [&hellip;]\" \/>\n<meta property=\"og:url\" content=\"https:\/\/pmza.sk\/?p=1346\" \/>\n<meta property=\"og:site_name\" content=\"Pova\u017esk\u00e9 m\u00fazeum\" \/>\n<meta property=\"article:publisher\" content=\"https:\/\/www.facebook.com\/povazskemuzeum\" \/>\n<meta property=\"article:published_time\" content=\"2010-09-30T10:31:39+00:00\" \/>\n<meta property=\"og:image\" content=\"https:\/\/pmza.sk.sk\/wp-content\/uploads\/2010\/09\/110-rokov-ZA-RJ-oslavy-na-stanici-300x225.jpg\" \/>\n<meta name=\"author\" content=\"Pova\u017esk\u00e9 m\u00fazeum\" \/>\n<meta name=\"twitter:card\" content=\"summary_large_image\" \/>\n<meta name=\"twitter:label1\" content=\"Autor\" \/>\n\t<meta name=\"twitter:data1\" content=\"Pova\u017esk\u00e9 m\u00fazeum\" \/>\n\t<meta name=\"twitter:label2\" content=\"Predpokladan\u00fd \u010das \u010d\u00edtania\" \/>\n\t<meta name=\"twitter:data2\" content=\"3 min\u00faty\" \/>\n<script type=\"application\/ld+json\" class=\"yoast-schema-graph\">{\"@context\":\"https:\\\/\\\/schema.org\",\"@graph\":[{\"@type\":\"Article\",\"@id\":\"https:\\\/\\\/pmza.sk\\\/?p=1346#article\",\"isPartOf\":{\"@id\":\"https:\\\/\\\/pmza.sk\\\/?p=1346\"},\"author\":{\"name\":\"Pova\u017esk\u00e9 m\u00fazeum\",\"@id\":\"https:\\\/\\\/pmza.sk\\\/#\\\/schema\\\/person\\\/595e6a2ce731ea94dcd5d7f50a41ae33\"},\"headline\":\"Nostalgick\u00e9 jazdy s Rajeckou An\u010dou\",\"datePublished\":\"2010-09-30T10:31:39+00:00\",\"mainEntityOfPage\":{\"@id\":\"https:\\\/\\\/pmza.sk\\\/?p=1346\"},\"wordCount\":558,\"publisher\":{\"@id\":\"https:\\\/\\\/pmza.sk\\\/#organization\"},\"image\":{\"@id\":\"https:\\\/\\\/pmza.sk\\\/?p=1346#primaryimage\"},\"thumbnailUrl\":\"http:\\\/\\\/pmza.sk.sk\\\/wp-content\\\/uploads\\\/2010\\\/09\\\/110-rokov-ZA-RJ-oslavy-na-stanici-300x225.jpg\",\"articleSection\":[\"Arch\u00edv 2010\"],\"inLanguage\":\"sk-SK\"},{\"@type\":\"WebPage\",\"@id\":\"https:\\\/\\\/pmza.sk\\\/?p=1346\",\"url\":\"https:\\\/\\\/pmza.sk\\\/?p=1346\",\"name\":\"Nostalgick\u00e9 jazdy s Rajeckou An\u010dou - Pova\u017esk\u00e9 m\u00fazeum\",\"isPartOf\":{\"@id\":\"https:\\\/\\\/pmza.sk\\\/#website\"},\"primaryImageOfPage\":{\"@id\":\"https:\\\/\\\/pmza.sk\\\/?p=1346#primaryimage\"},\"image\":{\"@id\":\"https:\\\/\\\/pmza.sk\\\/?p=1346#primaryimage\"},\"thumbnailUrl\":\"http:\\\/\\\/pmza.sk.sk\\\/wp-content\\\/uploads\\\/2010\\\/09\\\/110-rokov-ZA-RJ-oslavy-na-stanici-300x225.jpg\",\"datePublished\":\"2010-09-30T10:31:39+00:00\",\"breadcrumb\":{\"@id\":\"https:\\\/\\\/pmza.sk\\\/?p=1346#breadcrumb\"},\"inLanguage\":\"sk-SK\",\"potentialAction\":[{\"@type\":\"ReadAction\",\"target\":[\"https:\\\/\\\/pmza.sk\\\/?p=1346\"]}]},{\"@type\":\"ImageObject\",\"inLanguage\":\"sk-SK\",\"@id\":\"https:\\\/\\\/pmza.sk\\\/?p=1346#primaryimage\",\"url\":\"http:\\\/\\\/pmza.sk.sk\\\/wp-content\\\/uploads\\\/2010\\\/09\\\/110-rokov-ZA-RJ-oslavy-na-stanici-300x225.jpg\",\"contentUrl\":\"http:\\\/\\\/pmza.sk.sk\\\/wp-content\\\/uploads\\\/2010\\\/09\\\/110-rokov-ZA-RJ-oslavy-na-stanici-300x225.jpg\"},{\"@type\":\"BreadcrumbList\",\"@id\":\"https:\\\/\\\/pmza.sk\\\/?p=1346#breadcrumb\",\"itemListElement\":[{\"@type\":\"ListItem\",\"position\":1,\"name\":\"Domovsk\u00e1 str\u00e1nka\",\"item\":\"https:\\\/\\\/pmza.sk\\\/\"},{\"@type\":\"ListItem\",\"position\":2,\"name\":\"Nostalgick\u00e9 jazdy s Rajeckou An\u010dou\"}]},{\"@type\":\"WebSite\",\"@id\":\"https:\\\/\\\/pmza.sk\\\/#website\",\"url\":\"https:\\\/\\\/pmza.sk\\\/\",\"name\":\"Pova\u017esk\u00e9 m\u00fazeum\",\"description\":\"Pova\u017esk\u00e9 m\u00fazeum v \u017diline je region\u00e1lne m\u00fazeum so s\u00eddlom v Budat\u00edne. Jeho expoz\u00edcie s\u00fa zameran\u00e9 na dejiny slovensk\u00e9ho umenia, kult\u00fary a dopravy.\",\"publisher\":{\"@id\":\"https:\\\/\\\/pmza.sk\\\/#organization\"},\"potentialAction\":[{\"@type\":\"SearchAction\",\"target\":{\"@type\":\"EntryPoint\",\"urlTemplate\":\"https:\\\/\\\/pmza.sk\\\/?s={search_term_string}\"},\"query-input\":{\"@type\":\"PropertyValueSpecification\",\"valueRequired\":true,\"valueName\":\"search_term_string\"}}],\"inLanguage\":\"sk-SK\"},{\"@type\":\"Organization\",\"@id\":\"https:\\\/\\\/pmza.sk\\\/#organization\",\"name\":\"Pova\u017esk\u00e9 m\u00fazeum\",\"url\":\"https:\\\/\\\/pmza.sk\\\/\",\"logo\":{\"@type\":\"ImageObject\",\"inLanguage\":\"sk-SK\",\"@id\":\"https:\\\/\\\/pmza.sk\\\/#\\\/schema\\\/logo\\\/image\\\/\",\"url\":\"https:\\\/\\\/pmza.sk\\\/wp-content\\\/uploads\\\/2022\\\/01\\\/logo_PM_horizontal.jpg\",\"contentUrl\":\"https:\\\/\\\/pmza.sk\\\/wp-content\\\/uploads\\\/2022\\\/01\\\/logo_PM_horizontal.jpg\",\"width\":231,\"height\":142,\"caption\":\"Pova\u017esk\u00e9 m\u00fazeum\"},\"image\":{\"@id\":\"https:\\\/\\\/pmza.sk\\\/#\\\/schema\\\/logo\\\/image\\\/\"},\"sameAs\":[\"https:\\\/\\\/www.facebook.com\\\/povazskemuzeum\",\"https:\\\/\\\/www.instagram.com\\\/povazskemuzeum\\\/\"]},{\"@type\":\"Person\",\"@id\":\"https:\\\/\\\/pmza.sk\\\/#\\\/schema\\\/person\\\/595e6a2ce731ea94dcd5d7f50a41ae33\",\"name\":\"Pova\u017esk\u00e9 m\u00fazeum\",\"image\":{\"@type\":\"ImageObject\",\"inLanguage\":\"sk-SK\",\"@id\":\"https:\\\/\\\/secure.gravatar.com\\\/avatar\\\/2bb7f1561282132fb5826dfeccc66c7996d11ee392ac6aaf7ced8a1c2027fbb2?s=96&d=mm&r=g\",\"url\":\"https:\\\/\\\/secure.gravatar.com\\\/avatar\\\/2bb7f1561282132fb5826dfeccc66c7996d11ee392ac6aaf7ced8a1c2027fbb2?s=96&d=mm&r=g\",\"contentUrl\":\"https:\\\/\\\/secure.gravatar.com\\\/avatar\\\/2bb7f1561282132fb5826dfeccc66c7996d11ee392ac6aaf7ced8a1c2027fbb2?s=96&d=mm&r=g\",\"caption\":\"Pova\u017esk\u00e9 m\u00fazeum\"}}]}<\/script>\n<!-- \/ Yoast SEO plugin. -->","yoast_head_json":{"title":"Nostalgick\u00e9 jazdy s Rajeckou An\u010dou - Pova\u017esk\u00e9 m\u00fazeum","robots":{"index":"index","follow":"follow","max-snippet":"max-snippet:-1","max-image-preview":"max-image-preview:large","max-video-preview":"max-video-preview:-1"},"canonical":"https:\/\/pmza.sk\/?p=1346","og_locale":"sk_SK","og_type":"article","og_title":"Nostalgick\u00e9 jazdy s Rajeckou An\u010dou - Pova\u017esk\u00e9 m\u00fazeum","og_description":"Region\u00e1lny vlak prem\u00e1vaj\u00faci na trati \u017dilina \u2013 Rajec, zn\u00e1mej\u0161\u00ed pod menom Rajeck\u00e1 An\u010da, si za\u010diatkom okt\u00f3bra 2010 pripomenie 111 rokov svojej existencie. Oslavy spojen\u00e9 s\u00a0nostalgick\u00fdmi jazdami priamo nadv\u00e4zuj\u00fa na \u00faspe\u0161n\u00fd projekt jej okr\u00fahleho v\u00fdro\u010dia z\u00a0minul\u00e9ho roku, kedy bola na Stanici \u017dilina-Z\u00e1rie\u010die otvoren\u00e1 v\u00fdstava mapuj\u00faca dejiny\u00a0 trate a zrealizovali sa detsk\u00e9 vzdel\u00e1vacie jazdy, ktor\u00e9 za \u0161tyri [&hellip;]","og_url":"https:\/\/pmza.sk\/?p=1346","og_site_name":"Pova\u017esk\u00e9 m\u00fazeum","article_publisher":"https:\/\/www.facebook.com\/povazskemuzeum","article_published_time":"2010-09-30T10:31:39+00:00","og_image":[{"url":"https:\/\/pmza.sk.sk\/wp-content\/uploads\/2010\/09\/110-rokov-ZA-RJ-oslavy-na-stanici-300x225.jpg","type":"","width":"","height":""}],"author":"Pova\u017esk\u00e9 m\u00fazeum","twitter_card":"summary_large_image","twitter_misc":{"Autor":"Pova\u017esk\u00e9 m\u00fazeum","Predpokladan\u00fd \u010das \u010d\u00edtania":"3 min\u00faty"},"schema":{"@context":"https:\/\/schema.org","@graph":[{"@type":"Article","@id":"https:\/\/pmza.sk\/?p=1346#article","isPartOf":{"@id":"https:\/\/pmza.sk\/?p=1346"},"author":{"name":"Pova\u017esk\u00e9 m\u00fazeum","@id":"https:\/\/pmza.sk\/#\/schema\/person\/595e6a2ce731ea94dcd5d7f50a41ae33"},"headline":"Nostalgick\u00e9 jazdy s Rajeckou An\u010dou","datePublished":"2010-09-30T10:31:39+00:00","mainEntityOfPage":{"@id":"https:\/\/pmza.sk\/?p=1346"},"wordCount":558,"publisher":{"@id":"https:\/\/pmza.sk\/#organization"},"image":{"@id":"https:\/\/pmza.sk\/?p=1346#primaryimage"},"thumbnailUrl":"https:\/\/pmza.sk.sk\/wp-content\/uploads\/2010\/09\/110-rokov-ZA-RJ-oslavy-na-stanici-300x225.jpg","articleSection":["Arch\u00edv 2010"],"inLanguage":"sk-SK"},{"@type":"WebPage","@id":"https:\/\/pmza.sk\/?p=1346","url":"https:\/\/pmza.sk\/?p=1346","name":"Nostalgick\u00e9 jazdy s Rajeckou An\u010dou - Pova\u017esk\u00e9 m\u00fazeum","isPartOf":{"@id":"https:\/\/pmza.sk\/#website"},"primaryImageOfPage":{"@id":"https:\/\/pmza.sk\/?p=1346#primaryimage"},"image":{"@id":"https:\/\/pmza.sk\/?p=1346#primaryimage"},"thumbnailUrl":"https:\/\/pmza.sk.sk\/wp-content\/uploads\/2010\/09\/110-rokov-ZA-RJ-oslavy-na-stanici-300x225.jpg","datePublished":"2010-09-30T10:31:39+00:00","breadcrumb":{"@id":"https:\/\/pmza.sk\/?p=1346#breadcrumb"},"inLanguage":"sk-SK","potentialAction":[{"@type":"ReadAction","target":["https:\/\/pmza.sk\/?p=1346"]}]},{"@type":"ImageObject","inLanguage":"sk-SK","@id":"https:\/\/pmza.sk\/?p=1346#primaryimage","url":"https:\/\/pmza.sk.sk\/wp-content\/uploads\/2010\/09\/110-rokov-ZA-RJ-oslavy-na-stanici-300x225.jpg","contentUrl":"https:\/\/pmza.sk.sk\/wp-content\/uploads\/2010\/09\/110-rokov-ZA-RJ-oslavy-na-stanici-300x225.jpg"},{"@type":"BreadcrumbList","@id":"https:\/\/pmza.sk\/?p=1346#breadcrumb","itemListElement":[{"@type":"ListItem","position":1,"name":"Domovsk\u00e1 str\u00e1nka","item":"https:\/\/pmza.sk\/"},{"@type":"ListItem","position":2,"name":"Nostalgick\u00e9 jazdy s Rajeckou An\u010dou"}]},{"@type":"WebSite","@id":"https:\/\/pmza.sk\/#website","url":"https:\/\/pmza.sk\/","name":"Pova\u017esk\u00e9 m\u00fazeum","description":"Pova\u017esk\u00e9 m\u00fazeum v \u017diline je region\u00e1lne m\u00fazeum so s\u00eddlom v Budat\u00edne. Jeho expoz\u00edcie s\u00fa zameran\u00e9 na dejiny slovensk\u00e9ho umenia, kult\u00fary a dopravy.","publisher":{"@id":"https:\/\/pmza.sk\/#organization"},"potentialAction":[{"@type":"SearchAction","target":{"@type":"EntryPoint","urlTemplate":"https:\/\/pmza.sk\/?s={search_term_string}"},"query-input":{"@type":"PropertyValueSpecification","valueRequired":true,"valueName":"search_term_string"}}],"inLanguage":"sk-SK"},{"@type":"Organization","@id":"https:\/\/pmza.sk\/#organization","name":"Pova\u017esk\u00e9 m\u00fazeum","url":"https:\/\/pmza.sk\/","logo":{"@type":"ImageObject","inLanguage":"sk-SK","@id":"https:\/\/pmza.sk\/#\/schema\/logo\/image\/","url":"https:\/\/pmza.sk\/wp-content\/uploads\/2022\/01\/logo_PM_horizontal.jpg","contentUrl":"https:\/\/pmza.sk\/wp-content\/uploads\/2022\/01\/logo_PM_horizontal.jpg","width":231,"height":142,"caption":"Pova\u017esk\u00e9 m\u00fazeum"},"image":{"@id":"https:\/\/pmza.sk\/#\/schema\/logo\/image\/"},"sameAs":["https:\/\/www.facebook.com\/povazskemuzeum","https:\/\/www.instagram.com\/povazskemuzeum\/"]},{"@type":"Person","@id":"https:\/\/pmza.sk\/#\/schema\/person\/595e6a2ce731ea94dcd5d7f50a41ae33","name":"Pova\u017esk\u00e9 m\u00fazeum","image":{"@type":"ImageObject","inLanguage":"sk-SK","@id":"https:\/\/secure.gravatar.com\/avatar\/2bb7f1561282132fb5826dfeccc66c7996d11ee392ac6aaf7ced8a1c2027fbb2?s=96&d=mm&r=g","url":"https:\/\/secure.gravatar.com\/avatar\/2bb7f1561282132fb5826dfeccc66c7996d11ee392ac6aaf7ced8a1c2027fbb2?s=96&d=mm&r=g","contentUrl":"https:\/\/secure.gravatar.com\/avatar\/2bb7f1561282132fb5826dfeccc66c7996d11ee392ac6aaf7ced8a1c2027fbb2?s=96&d=mm&r=g","caption":"Pova\u017esk\u00e9 m\u00fazeum"}}]}},"_links":{"self":[{"href":"https:\/\/pmza.sk\/index.php?rest_route=\/wp\/v2\/posts\/1346","targetHints":{"allow":["GET"]}}],"collection":[{"href":"https:\/\/pmza.sk\/index.php?rest_route=\/wp\/v2\/posts"}],"about":[{"href":"https:\/\/pmza.sk\/index.php?rest_route=\/wp\/v2\/types\/post"}],"author":[{"embeddable":true,"href":"https:\/\/pmza.sk\/index.php?rest_route=\/wp\/v2\/users\/2"}],"replies":[{"embeddable":true,"href":"https:\/\/pmza.sk\/index.php?rest_route=%2Fwp%2Fv2%2Fcomments&post=1346"}],"version-history":[{"count":0,"href":"https:\/\/pmza.sk\/index.php?rest_route=\/wp\/v2\/posts\/1346\/revisions"}],"wp:attachment":[{"href":"https:\/\/pmza.sk\/index.php?rest_route=%2Fwp%2Fv2%2Fmedia&parent=1346"}],"wp:term":[{"taxonomy":"category","embeddable":true,"href":"https:\/\/pmza.sk\/index.php?rest_route=%2Fwp%2Fv2%2Fcategories&post=1346"},{"taxonomy":"post_tag","embeddable":true,"href":"https:\/\/pmza.sk\/index.php?rest_route=%2Fwp%2Fv2%2Ftags&post=1346"}],"curies":[{"name":"wp","href":"https:\/\/api.w.org\/{rel}","templated":true}]}}