{"id":13500,"date":"2015-08-12T09:38:31","date_gmt":"2015-08-12T07:38:31","guid":{"rendered":"https:\/\/pmza.sk.sk\/?p=13500"},"modified":"2015-08-12T09:38:31","modified_gmt":"2015-08-12T07:38:31","slug":"den-otvorenych-dveri-na-archeologickom-vyskume","status":"publish","type":"post","link":"https:\/\/pmza.sk\/?p=13500","title":{"rendered":"De\u0148 otvoren\u00fdch dver\u00ed na archeologickom v\u00fdskume"},"content":{"rendered":"<p>Poz\u00fdvame v\u00e1s na <strong>De\u0148 otvoren\u00fdch dver\u00ed<\/strong> na archeologickom v\u00fdskume hradiska Ve\u013ek\u00fd vrch v\u00a0Divinke. Ak v\u00e1s zauj\u00edma, ako prebieha v\u00fdskum, \u010do archeol\u00f3govia objavili a\u00a0ako bude v\u00fdskum pokra\u010dova\u0165, dozviete sa pr\u00e1ve v\u00a0sobotu <strong>15. augusta<\/strong> 2015. De\u0148 otvoren\u00fdch dver\u00ed bude spojen\u00fd s\u00a0\u010disten\u00edm okolia hradiska Ve\u013ek\u00e9ho vrchu. S\u00fa\u010das\u0165ou bude sprev\u00e1dzanie po n\u00e1u\u010dnom chodn\u00edku na hradisku, ktor\u00fd bol otvoren\u00fd minul\u00fd rok, a\u00a0z\u00e1rove\u0148 si n\u00e1v\u0161tevn\u00edci pozr\u00fa sk\u00faman\u00e9 miesta na akropole na Holom prielohu a\u00a0Ve\u013ek\u00fdch Sala\u0161k\u00e1ch.<\/p>\n<p>Zraz pre z\u00e1ujemcov D\u0148a otvoren\u00fdch dver\u00ed na archeologickom v\u00fdskume v\u00a0Divinke je o\u00a010. hodine pred Obecn\u00fdm \u00faradom Divinka.<\/p>\n<p>V\u00a0mesiaci j\u00fal za\u010dala v\u00a0\u00fazkej spolupr\u00e1ci Pova\u017esk\u00e9ho m\u00fazea v \u017diline, ktor\u00e9 je v zria\u010fovate\u013eskej p\u00f4sobnosti \u017dilinsk\u00e9ho samospr\u00e1vneho kraja, Archeologick\u00e9ho \u00fastavu SAV Nitra a\u00a0obce Divinka tretia sez\u00f3na pamiatkov\u00e9ho archeologick\u00e9ho v\u00fdskumu hradiska Ve\u013ek\u00fd vrch v\u00a0Divinke na dokumenta\u010dn\u00e9 a\u00a0vedeck\u00e9 \u00fa\u010dely. V\u00a0tejto v\u00fdskumnej sez\u00f3ne v\u00fdskum finan\u010dne podporil \u017dilinsk\u00fd samospr\u00e1vny kraj a\u00a0Nada\u010dn\u00fd fond Kia Motors Slovakia v Nad\u00e1cii Pontis.<\/p>\n<p>Viac o\u00a0archeologickom v\u00fdskume sa dozviete <a href=\"https:\/\/pmza.sk.sk\/archeologicky-vyskum-na-hradisku-velky-vrch-pri-divinke\/\">TU<\/a><\/p>\n","protected":false},"excerpt":{"rendered":"<p>Poz\u00fdvame v\u00e1s na De\u0148 otvoren\u00fdch dver\u00ed na archeologickom v\u00fdskume hradiska Ve\u013ek\u00fd vrch v\u00a0Divinke. Ak v\u00e1s zauj\u00edma, ako prebieha v\u00fdskum, \u010do archeol\u00f3govia objavili a\u00a0ako bude v\u00fdskum pokra\u010dova\u0165, dozviete sa pr\u00e1ve v\u00a0sobotu 15. augusta 2015. De\u0148 otvoren\u00fdch dver\u00ed bude spojen\u00fd s\u00a0\u010disten\u00edm okolia hradiska Ve\u013ek\u00e9ho vrchu. S\u00fa\u010das\u0165ou bude sprev\u00e1dzanie po n\u00e1u\u010dnom chodn\u00edku na hradisku, ktor\u00fd bol otvoren\u00fd minul\u00fd [&hellip;]<\/p>\n","protected":false},"author":2,"featured_media":0,"comment_status":"closed","ping_status":"closed","sticky":false,"template":"","format":"standard","meta":{"site-sidebar-layout":"default","site-content-layout":"","ast-site-content-layout":"","site-content-style":"default","site-sidebar-style":"default","ast-global-header-display":"","ast-banner-title-visibility":"","ast-main-header-display":"","ast-hfb-above-header-display":"","ast-hfb-below-header-display":"","ast-hfb-mobile-header-display":"","site-post-title":"","ast-breadcrumbs-content":"","ast-featured-img":"","footer-sml-layout":"","theme-transparent-header-meta":"","adv-header-id-meta":"","stick-header-meta":"","header-above-stick-meta":"","header-main-stick-meta":"","header-below-stick-meta":"","astra-migrate-meta-layouts":"default","ast-page-background-enabled":"default","ast-page-background-meta":{"desktop":{"background-color":"var(--ast-global-color-4)","background-image":"","background-repeat":"repeat","background-position":"center center","background-size":"auto","background-attachment":"scroll","background-type":"","background-media":"","overlay-type":"","overlay-color":"","overlay-opacity":"","overlay-gradient":""},"tablet":{"background-color":"","background-image":"","background-repeat":"repeat","background-position":"center center","background-size":"auto","background-attachment":"scroll","background-type":"","background-media":"","overlay-type":"","overlay-color":"","overlay-opacity":"","overlay-gradient":""},"mobile":{"background-color":"","background-image":"","background-repeat":"repeat","background-position":"center center","background-size":"auto","background-attachment":"scroll","background-type":"","background-media":"","overlay-type":"","overlay-color":"","overlay-opacity":"","overlay-gradient":""}},"ast-content-background-meta":{"desktop":{"background-color":"var(--ast-global-color-5)","background-image":"","background-repeat":"repeat","background-position":"center center","background-size":"auto","background-attachment":"scroll","background-type":"","background-media":"","overlay-type":"","overlay-color":"","overlay-opacity":"","overlay-gradient":""},"tablet":{"background-color":"var(--ast-global-color-5)","background-image":"","background-repeat":"repeat","background-position":"center center","background-size":"auto","background-attachment":"scroll","background-type":"","background-media":"","overlay-type":"","overlay-color":"","overlay-opacity":"","overlay-gradient":""},"mobile":{"background-color":"var(--ast-global-color-5)","background-image":"","background-repeat":"repeat","background-position":"center center","background-size":"auto","background-attachment":"scroll","background-type":"","background-media":"","overlay-type":"","overlay-color":"","overlay-opacity":"","overlay-gradient":""}},"footnotes":""},"categories":[38],"tags":[],"class_list":["post-13500","post","type-post","status-publish","format-standard","hentry","category-archiv-2015"],"yoast_head":"<!-- This site is optimized with the Yoast SEO plugin v27.4 - https:\/\/yoast.com\/product\/yoast-seo-wordpress\/ -->\n<title>De\u0148 otvoren\u00fdch dver\u00ed na archeologickom v\u00fdskume - Pova\u017esk\u00e9 m\u00fazeum<\/title>\n<meta name=\"robots\" content=\"index, follow, max-snippet:-1, max-image-preview:large, max-video-preview:-1\" \/>\n<link rel=\"canonical\" href=\"https:\/\/pmza.sk\/?p=13500\" \/>\n<meta property=\"og:locale\" content=\"sk_SK\" \/>\n<meta property=\"og:type\" content=\"article\" \/>\n<meta property=\"og:title\" content=\"De\u0148 otvoren\u00fdch dver\u00ed na archeologickom v\u00fdskume - Pova\u017esk\u00e9 m\u00fazeum\" \/>\n<meta property=\"og:description\" content=\"Poz\u00fdvame v\u00e1s na De\u0148 otvoren\u00fdch dver\u00ed na archeologickom v\u00fdskume hradiska Ve\u013ek\u00fd vrch v\u00a0Divinke. Ak v\u00e1s zauj\u00edma, ako prebieha v\u00fdskum, \u010do archeol\u00f3govia objavili a\u00a0ako bude v\u00fdskum pokra\u010dova\u0165, dozviete sa pr\u00e1ve v\u00a0sobotu 15. augusta 2015. De\u0148 otvoren\u00fdch dver\u00ed bude spojen\u00fd s\u00a0\u010disten\u00edm okolia hradiska Ve\u013ek\u00e9ho vrchu. S\u00fa\u010das\u0165ou bude sprev\u00e1dzanie po n\u00e1u\u010dnom chodn\u00edku na hradisku, ktor\u00fd bol otvoren\u00fd minul\u00fd [&hellip;]\" \/>\n<meta property=\"og:url\" content=\"https:\/\/pmza.sk\/?p=13500\" \/>\n<meta property=\"og:site_name\" content=\"Pova\u017esk\u00e9 m\u00fazeum\" \/>\n<meta property=\"article:publisher\" content=\"https:\/\/www.facebook.com\/povazskemuzeum\" \/>\n<meta property=\"article:published_time\" content=\"2015-08-12T07:38:31+00:00\" \/>\n<meta name=\"author\" content=\"Pova\u017esk\u00e9 m\u00fazeum\" \/>\n<meta name=\"twitter:card\" content=\"summary_large_image\" \/>\n<meta name=\"twitter:label1\" content=\"Autor\" \/>\n\t<meta name=\"twitter:data1\" content=\"Pova\u017esk\u00e9 m\u00fazeum\" \/>\n\t<meta name=\"twitter:label2\" content=\"Predpokladan\u00fd \u010das \u010d\u00edtania\" \/>\n\t<meta name=\"twitter:data2\" content=\"1 min\u00fata\" \/>\n<script type=\"application\/ld+json\" class=\"yoast-schema-graph\">{\"@context\":\"https:\\\/\\\/schema.org\",\"@graph\":[{\"@type\":\"Article\",\"@id\":\"https:\\\/\\\/pmza.sk\\\/?p=13500#article\",\"isPartOf\":{\"@id\":\"https:\\\/\\\/pmza.sk\\\/?p=13500\"},\"author\":{\"name\":\"Pova\u017esk\u00e9 m\u00fazeum\",\"@id\":\"https:\\\/\\\/pmza.sk\\\/#\\\/schema\\\/person\\\/595e6a2ce731ea94dcd5d7f50a41ae33\"},\"headline\":\"De\u0148 otvoren\u00fdch dver\u00ed na archeologickom v\u00fdskume\",\"datePublished\":\"2015-08-12T07:38:31+00:00\",\"mainEntityOfPage\":{\"@id\":\"https:\\\/\\\/pmza.sk\\\/?p=13500\"},\"wordCount\":228,\"publisher\":{\"@id\":\"https:\\\/\\\/pmza.sk\\\/#organization\"},\"articleSection\":[\"Arch\u00edv 2015\"],\"inLanguage\":\"sk-SK\"},{\"@type\":\"WebPage\",\"@id\":\"https:\\\/\\\/pmza.sk\\\/?p=13500\",\"url\":\"https:\\\/\\\/pmza.sk\\\/?p=13500\",\"name\":\"De\u0148 otvoren\u00fdch dver\u00ed na archeologickom v\u00fdskume - Pova\u017esk\u00e9 m\u00fazeum\",\"isPartOf\":{\"@id\":\"https:\\\/\\\/pmza.sk\\\/#website\"},\"datePublished\":\"2015-08-12T07:38:31+00:00\",\"breadcrumb\":{\"@id\":\"https:\\\/\\\/pmza.sk\\\/?p=13500#breadcrumb\"},\"inLanguage\":\"sk-SK\",\"potentialAction\":[{\"@type\":\"ReadAction\",\"target\":[\"https:\\\/\\\/pmza.sk\\\/?p=13500\"]}]},{\"@type\":\"BreadcrumbList\",\"@id\":\"https:\\\/\\\/pmza.sk\\\/?p=13500#breadcrumb\",\"itemListElement\":[{\"@type\":\"ListItem\",\"position\":1,\"name\":\"Domovsk\u00e1 str\u00e1nka\",\"item\":\"https:\\\/\\\/pmza.sk\\\/\"},{\"@type\":\"ListItem\",\"position\":2,\"name\":\"De\u0148 otvoren\u00fdch dver\u00ed na archeologickom v\u00fdskume\"}]},{\"@type\":\"WebSite\",\"@id\":\"https:\\\/\\\/pmza.sk\\\/#website\",\"url\":\"https:\\\/\\\/pmza.sk\\\/\",\"name\":\"Pova\u017esk\u00e9 m\u00fazeum\",\"description\":\"Pova\u017esk\u00e9 m\u00fazeum v \u017diline je region\u00e1lne m\u00fazeum so s\u00eddlom v Budat\u00edne. Jeho expoz\u00edcie s\u00fa zameran\u00e9 na dejiny slovensk\u00e9ho umenia, kult\u00fary a dopravy.\",\"publisher\":{\"@id\":\"https:\\\/\\\/pmza.sk\\\/#organization\"},\"potentialAction\":[{\"@type\":\"SearchAction\",\"target\":{\"@type\":\"EntryPoint\",\"urlTemplate\":\"https:\\\/\\\/pmza.sk\\\/?s={search_term_string}\"},\"query-input\":{\"@type\":\"PropertyValueSpecification\",\"valueRequired\":true,\"valueName\":\"search_term_string\"}}],\"inLanguage\":\"sk-SK\"},{\"@type\":\"Organization\",\"@id\":\"https:\\\/\\\/pmza.sk\\\/#organization\",\"name\":\"Pova\u017esk\u00e9 m\u00fazeum\",\"url\":\"https:\\\/\\\/pmza.sk\\\/\",\"logo\":{\"@type\":\"ImageObject\",\"inLanguage\":\"sk-SK\",\"@id\":\"https:\\\/\\\/pmza.sk\\\/#\\\/schema\\\/logo\\\/image\\\/\",\"url\":\"https:\\\/\\\/pmza.sk\\\/wp-content\\\/uploads\\\/2022\\\/01\\\/logo_PM_horizontal.jpg\",\"contentUrl\":\"https:\\\/\\\/pmza.sk\\\/wp-content\\\/uploads\\\/2022\\\/01\\\/logo_PM_horizontal.jpg\",\"width\":231,\"height\":142,\"caption\":\"Pova\u017esk\u00e9 m\u00fazeum\"},\"image\":{\"@id\":\"https:\\\/\\\/pmza.sk\\\/#\\\/schema\\\/logo\\\/image\\\/\"},\"sameAs\":[\"https:\\\/\\\/www.facebook.com\\\/povazskemuzeum\",\"https:\\\/\\\/www.instagram.com\\\/povazskemuzeum\\\/\"]},{\"@type\":\"Person\",\"@id\":\"https:\\\/\\\/pmza.sk\\\/#\\\/schema\\\/person\\\/595e6a2ce731ea94dcd5d7f50a41ae33\",\"name\":\"Pova\u017esk\u00e9 m\u00fazeum\",\"image\":{\"@type\":\"ImageObject\",\"inLanguage\":\"sk-SK\",\"@id\":\"https:\\\/\\\/secure.gravatar.com\\\/avatar\\\/2bb7f1561282132fb5826dfeccc66c7996d11ee392ac6aaf7ced8a1c2027fbb2?s=96&d=mm&r=g\",\"url\":\"https:\\\/\\\/secure.gravatar.com\\\/avatar\\\/2bb7f1561282132fb5826dfeccc66c7996d11ee392ac6aaf7ced8a1c2027fbb2?s=96&d=mm&r=g\",\"contentUrl\":\"https:\\\/\\\/secure.gravatar.com\\\/avatar\\\/2bb7f1561282132fb5826dfeccc66c7996d11ee392ac6aaf7ced8a1c2027fbb2?s=96&d=mm&r=g\",\"caption\":\"Pova\u017esk\u00e9 m\u00fazeum\"}}]}<\/script>\n<!-- \/ Yoast SEO plugin. -->","yoast_head_json":{"title":"De\u0148 otvoren\u00fdch dver\u00ed na archeologickom v\u00fdskume - Pova\u017esk\u00e9 m\u00fazeum","robots":{"index":"index","follow":"follow","max-snippet":"max-snippet:-1","max-image-preview":"max-image-preview:large","max-video-preview":"max-video-preview:-1"},"canonical":"https:\/\/pmza.sk\/?p=13500","og_locale":"sk_SK","og_type":"article","og_title":"De\u0148 otvoren\u00fdch dver\u00ed na archeologickom v\u00fdskume - Pova\u017esk\u00e9 m\u00fazeum","og_description":"Poz\u00fdvame v\u00e1s na De\u0148 otvoren\u00fdch dver\u00ed na archeologickom v\u00fdskume hradiska Ve\u013ek\u00fd vrch v\u00a0Divinke. Ak v\u00e1s zauj\u00edma, ako prebieha v\u00fdskum, \u010do archeol\u00f3govia objavili a\u00a0ako bude v\u00fdskum pokra\u010dova\u0165, dozviete sa pr\u00e1ve v\u00a0sobotu 15. augusta 2015. De\u0148 otvoren\u00fdch dver\u00ed bude spojen\u00fd s\u00a0\u010disten\u00edm okolia hradiska Ve\u013ek\u00e9ho vrchu. S\u00fa\u010das\u0165ou bude sprev\u00e1dzanie po n\u00e1u\u010dnom chodn\u00edku na hradisku, ktor\u00fd bol otvoren\u00fd minul\u00fd [&hellip;]","og_url":"https:\/\/pmza.sk\/?p=13500","og_site_name":"Pova\u017esk\u00e9 m\u00fazeum","article_publisher":"https:\/\/www.facebook.com\/povazskemuzeum","article_published_time":"2015-08-12T07:38:31+00:00","author":"Pova\u017esk\u00e9 m\u00fazeum","twitter_card":"summary_large_image","twitter_misc":{"Autor":"Pova\u017esk\u00e9 m\u00fazeum","Predpokladan\u00fd \u010das \u010d\u00edtania":"1 min\u00fata"},"schema":{"@context":"https:\/\/schema.org","@graph":[{"@type":"Article","@id":"https:\/\/pmza.sk\/?p=13500#article","isPartOf":{"@id":"https:\/\/pmza.sk\/?p=13500"},"author":{"name":"Pova\u017esk\u00e9 m\u00fazeum","@id":"https:\/\/pmza.sk\/#\/schema\/person\/595e6a2ce731ea94dcd5d7f50a41ae33"},"headline":"De\u0148 otvoren\u00fdch dver\u00ed na archeologickom v\u00fdskume","datePublished":"2015-08-12T07:38:31+00:00","mainEntityOfPage":{"@id":"https:\/\/pmza.sk\/?p=13500"},"wordCount":228,"publisher":{"@id":"https:\/\/pmza.sk\/#organization"},"articleSection":["Arch\u00edv 2015"],"inLanguage":"sk-SK"},{"@type":"WebPage","@id":"https:\/\/pmza.sk\/?p=13500","url":"https:\/\/pmza.sk\/?p=13500","name":"De\u0148 otvoren\u00fdch dver\u00ed na archeologickom v\u00fdskume - Pova\u017esk\u00e9 m\u00fazeum","isPartOf":{"@id":"https:\/\/pmza.sk\/#website"},"datePublished":"2015-08-12T07:38:31+00:00","breadcrumb":{"@id":"https:\/\/pmza.sk\/?p=13500#breadcrumb"},"inLanguage":"sk-SK","potentialAction":[{"@type":"ReadAction","target":["https:\/\/pmza.sk\/?p=13500"]}]},{"@type":"BreadcrumbList","@id":"https:\/\/pmza.sk\/?p=13500#breadcrumb","itemListElement":[{"@type":"ListItem","position":1,"name":"Domovsk\u00e1 str\u00e1nka","item":"https:\/\/pmza.sk\/"},{"@type":"ListItem","position":2,"name":"De\u0148 otvoren\u00fdch dver\u00ed na archeologickom v\u00fdskume"}]},{"@type":"WebSite","@id":"https:\/\/pmza.sk\/#website","url":"https:\/\/pmza.sk\/","name":"Pova\u017esk\u00e9 m\u00fazeum","description":"Pova\u017esk\u00e9 m\u00fazeum v \u017diline je region\u00e1lne m\u00fazeum so s\u00eddlom v Budat\u00edne. Jeho expoz\u00edcie s\u00fa zameran\u00e9 na dejiny slovensk\u00e9ho umenia, kult\u00fary a dopravy.","publisher":{"@id":"https:\/\/pmza.sk\/#organization"},"potentialAction":[{"@type":"SearchAction","target":{"@type":"EntryPoint","urlTemplate":"https:\/\/pmza.sk\/?s={search_term_string}"},"query-input":{"@type":"PropertyValueSpecification","valueRequired":true,"valueName":"search_term_string"}}],"inLanguage":"sk-SK"},{"@type":"Organization","@id":"https:\/\/pmza.sk\/#organization","name":"Pova\u017esk\u00e9 m\u00fazeum","url":"https:\/\/pmza.sk\/","logo":{"@type":"ImageObject","inLanguage":"sk-SK","@id":"https:\/\/pmza.sk\/#\/schema\/logo\/image\/","url":"https:\/\/pmza.sk\/wp-content\/uploads\/2022\/01\/logo_PM_horizontal.jpg","contentUrl":"https:\/\/pmza.sk\/wp-content\/uploads\/2022\/01\/logo_PM_horizontal.jpg","width":231,"height":142,"caption":"Pova\u017esk\u00e9 m\u00fazeum"},"image":{"@id":"https:\/\/pmza.sk\/#\/schema\/logo\/image\/"},"sameAs":["https:\/\/www.facebook.com\/povazskemuzeum","https:\/\/www.instagram.com\/povazskemuzeum\/"]},{"@type":"Person","@id":"https:\/\/pmza.sk\/#\/schema\/person\/595e6a2ce731ea94dcd5d7f50a41ae33","name":"Pova\u017esk\u00e9 m\u00fazeum","image":{"@type":"ImageObject","inLanguage":"sk-SK","@id":"https:\/\/secure.gravatar.com\/avatar\/2bb7f1561282132fb5826dfeccc66c7996d11ee392ac6aaf7ced8a1c2027fbb2?s=96&d=mm&r=g","url":"https:\/\/secure.gravatar.com\/avatar\/2bb7f1561282132fb5826dfeccc66c7996d11ee392ac6aaf7ced8a1c2027fbb2?s=96&d=mm&r=g","contentUrl":"https:\/\/secure.gravatar.com\/avatar\/2bb7f1561282132fb5826dfeccc66c7996d11ee392ac6aaf7ced8a1c2027fbb2?s=96&d=mm&r=g","caption":"Pova\u017esk\u00e9 m\u00fazeum"}}]}},"_links":{"self":[{"href":"https:\/\/pmza.sk\/index.php?rest_route=\/wp\/v2\/posts\/13500","targetHints":{"allow":["GET"]}}],"collection":[{"href":"https:\/\/pmza.sk\/index.php?rest_route=\/wp\/v2\/posts"}],"about":[{"href":"https:\/\/pmza.sk\/index.php?rest_route=\/wp\/v2\/types\/post"}],"author":[{"embeddable":true,"href":"https:\/\/pmza.sk\/index.php?rest_route=\/wp\/v2\/users\/2"}],"replies":[{"embeddable":true,"href":"https:\/\/pmza.sk\/index.php?rest_route=%2Fwp%2Fv2%2Fcomments&post=13500"}],"version-history":[{"count":0,"href":"https:\/\/pmza.sk\/index.php?rest_route=\/wp\/v2\/posts\/13500\/revisions"}],"wp:attachment":[{"href":"https:\/\/pmza.sk\/index.php?rest_route=%2Fwp%2Fv2%2Fmedia&parent=13500"}],"wp:term":[{"taxonomy":"category","embeddable":true,"href":"https:\/\/pmza.sk\/index.php?rest_route=%2Fwp%2Fv2%2Fcategories&post=13500"},{"taxonomy":"post_tag","embeddable":true,"href":"https:\/\/pmza.sk\/index.php?rest_route=%2Fwp%2Fv2%2Ftags&post=13500"}],"curies":[{"name":"wp","href":"https:\/\/api.w.org\/{rel}","templated":true}]}}