{"id":13527,"date":"2015-08-18T14:12:26","date_gmt":"2015-08-18T12:12:26","guid":{"rendered":"https:\/\/pmza.sk.sk\/?p=13527"},"modified":"2015-08-18T14:12:26","modified_gmt":"2015-08-18T12:12:26","slug":"posledna-letna-nocna-prehliadka-hradu-strecno","status":"publish","type":"post","link":"https:\/\/pmza.sk\/?p=13527","title":{"rendered":"Posledn\u00e1 letn\u00e1 no\u010dn\u00e1 prehliadka hradu Stre\u010dno"},"content":{"rendered":"<p><b>No\u010dn\u00e9 prehliadky hradu Stre\u010dno<\/b> sa bl\u00ed\u017eia k\u00a0svojmu z\u00e1veru. Posledn\u00e1 v\u00a0r\u00e1mci leta je napl\u00e1novan\u00e1 na piatok <b>21. augusta<\/b> od 20. do 23. hodiny.<\/p>\n<p>Ke\u010f sa letn\u00e9 br\u00e1ny Stre\u010dna posledn\u00fdkr\u00e1t otvoria, pr\u00edde kr\u00e1sny mu\u017e, ktor\u00e9mu Don Juan hovoria. Ak\u00fd je naozajstn\u00fd pr\u00edbeh tohto z\u00e1hadn\u00e9ho amanta, v\u00a0\u010dom sa skr\u00fdvalo tajomstvo zn\u00e1meho l\u00e1ma\u010da \u017eensk\u00fdch s\u0155dc \u2013 ne\u010dakan\u00e9 (du\u0161evn\u00e9) odhalenia prinesie na n\u00e1dvor\u00ed hradu improviza\u010dn\u00e9 Divadlo Kapor na sc\u00e9ne. S\u00fa\u010das\u0165ou no\u010dnej prehliadky na hrade Stre\u010dno bud\u00fa aj vyst\u00fapenia skupiny historick\u00e9ho \u0161ermu Wagus. <i>\u201eNa ju\u017enom n\u00e1dvor\u00ed bude sc\u00e9nka, ak\u00fdch sa odohr\u00e1vali tis\u00edcky v\u00a0r\u00f4znych pouli\u010dn\u00fdch hostincoch i\u00a0v\u00a0hostincoch patriacich hradn\u00fdm p\u00e1nom a\u00a0t\u00e1to sc\u00e9nka sa odohrala aj jedn\u00e9ho d\u0148a cestou na hrad Stre\u010dno. V\u00a0\u010fal\u0161ej \u010dasti bude dere\u0161ovanie \u2013 ob\u010das sa st\u00e1valo, \u017ee bolo treba niekomu napravi\u0165 hlavu, lebo sa vzb\u00faril panskej moci, ale nebolo nutn\u00e9 ho obesi\u0165 \u010di up\u00e1li\u0165, a\u00a0tak pri\u0161iel na rad dere\u0161, ob\u00e1van\u00fd prostriedok na n\u00e1pravu pre poddan\u00fdch,\u201c<\/i> pribl\u00ed\u017eila spr\u00e1vky\u0148a hradu Stre\u010dno Katar\u00edna Rep\u00e1\u0148ov\u00e1. Pred vstupom do kaplnky\u00a0 bude na n\u00e1v\u0161tevn\u00edkov \u010daka\u0165 uk\u00e1\u017eka tanca: \u201eP\u00e1ni sa \u010dasto na hostin\u00e1ch zab\u00e1vali a\u00a0tancovali, odd\u00e1vali sa radov\u00e1nkam, ale v\u0161etko to malo svoje pravidl\u00e1 a\u00a0i\u00a0tanec bol s\u00fa\u010das\u0165ou \u0161\u013eachtickej v\u00fdchovy,\u201c doplnila K. Rep\u00e1\u0148ov\u00e1. V\u00a0kaplnke si m\u00f4\u017eu n\u00e1v\u0161tevn\u00edci vypo\u010du\u0165 minikoncerty a\u00a0na n\u00e1dvor\u00ed pozrie\u0165 oh\u0148ov\u00fa \u0161ou v\u00a0podan\u00ed skupiny Black Evil. Ak bude priazniv\u00e9 po\u010dasie, bude mo\u017en\u00e9 pozorova\u0165 hviezdnu oblohu v\u00a0spolupr\u00e1ci s\u00a0Krajskou hvezd\u00e1r\u0148ou v\u00a0\u017diline.<\/p>\n<p>Organiz\u00e1torom podujat\u00ed No\u010dn\u00e9 prehliadky hradu Stre\u010dno je Pova\u017esk\u00e9 m\u00fazeum v\u00a0\u017diline, ktor\u00e9 je v\u00a0zria\u010fovate\u013eskej p\u00f4sobnosti \u017dilinsk\u00e9ho samospr\u00e1vneho kraja. Program na hrade Stre\u010dno finan\u010dne podporila Stredoslovensk\u00e1 energetika, a.s., ktor\u00e1 dod\u00e1va okrem tradi\u010dn\u00fdch energetick\u00fdch komod\u00edt, elektriny a\u00a0plynu, aj \u201eenergiu, ktor\u00e1 pom\u00e1ha\u201c. Prostredn\u00edctvom r\u00f4znych programov a\u00a0grantov\u00fdch v\u00fdziev prispieva k\u00a0rozvoju vz\u0165ahov so zamestnancami, z\u00e1kazn\u00edkmi a\u00a0komunitn\u00fdmi organiz\u00e1ciami v\u00a0regi\u00f3ne, v\u00a0ktorom p\u00f4sob\u00ed \u2013 najm\u00e4 v\u00a0oblasti soci\u00e1lnej sf\u00e9ry, vzdel\u00e1vania, kult\u00fary a\u00a0\u017eivotn\u00e9ho prostredia.<\/p>\n","protected":false},"excerpt":{"rendered":"<p>No\u010dn\u00e9 prehliadky hradu Stre\u010dno sa bl\u00ed\u017eia k\u00a0svojmu z\u00e1veru. Posledn\u00e1 v\u00a0r\u00e1mci leta je napl\u00e1novan\u00e1 na piatok 21. augusta od 20. do 23. hodiny. Ke\u010f sa letn\u00e9 br\u00e1ny Stre\u010dna posledn\u00fdkr\u00e1t otvoria, pr\u00edde kr\u00e1sny mu\u017e, ktor\u00e9mu Don Juan hovoria. Ak\u00fd je naozajstn\u00fd pr\u00edbeh tohto z\u00e1hadn\u00e9ho amanta, v\u00a0\u010dom sa skr\u00fdvalo tajomstvo zn\u00e1meho l\u00e1ma\u010da \u017eensk\u00fdch s\u0155dc \u2013 ne\u010dakan\u00e9 (du\u0161evn\u00e9) odhalenia [&hellip;]<\/p>\n","protected":false},"author":2,"featured_media":12990,"comment_status":"closed","ping_status":"closed","sticky":false,"template":"","format":"standard","meta":{"site-sidebar-layout":"default","site-content-layout":"","ast-site-content-layout":"","site-content-style":"default","site-sidebar-style":"default","ast-global-header-display":"","ast-banner-title-visibility":"","ast-main-header-display":"","ast-hfb-above-header-display":"","ast-hfb-below-header-display":"","ast-hfb-mobile-header-display":"","site-post-title":"","ast-breadcrumbs-content":"","ast-featured-img":"","footer-sml-layout":"","theme-transparent-header-meta":"","adv-header-id-meta":"","stick-header-meta":"","header-above-stick-meta":"","header-main-stick-meta":"","header-below-stick-meta":"","astra-migrate-meta-layouts":"default","ast-page-background-enabled":"default","ast-page-background-meta":{"desktop":{"background-color":"var(--ast-global-color-4)","background-image":"","background-repeat":"repeat","background-position":"center center","background-size":"auto","background-attachment":"scroll","background-type":"","background-media":"","overlay-type":"","overlay-color":"","overlay-opacity":"","overlay-gradient":""},"tablet":{"background-color":"","background-image":"","background-repeat":"repeat","background-position":"center center","background-size":"auto","background-attachment":"scroll","background-type":"","background-media":"","overlay-type":"","overlay-color":"","overlay-opacity":"","overlay-gradient":""},"mobile":{"background-color":"","background-image":"","background-repeat":"repeat","background-position":"center center","background-size":"auto","background-attachment":"scroll","background-type":"","background-media":"","overlay-type":"","overlay-color":"","overlay-opacity":"","overlay-gradient":""}},"ast-content-background-meta":{"desktop":{"background-color":"var(--ast-global-color-5)","background-image":"","background-repeat":"repeat","background-position":"center center","background-size":"auto","background-attachment":"scroll","background-type":"","background-media":"","overlay-type":"","overlay-color":"","overlay-opacity":"","overlay-gradient":""},"tablet":{"background-color":"var(--ast-global-color-5)","background-image":"","background-repeat":"repeat","background-position":"center center","background-size":"auto","background-attachment":"scroll","background-type":"","background-media":"","overlay-type":"","overlay-color":"","overlay-opacity":"","overlay-gradient":""},"mobile":{"background-color":"var(--ast-global-color-5)","background-image":"","background-repeat":"repeat","background-position":"center center","background-size":"auto","background-attachment":"scroll","background-type":"","background-media":"","overlay-type":"","overlay-color":"","overlay-opacity":"","overlay-gradient":""}},"footnotes":""},"categories":[38],"tags":[],"class_list":["post-13527","post","type-post","status-publish","format-standard","has-post-thumbnail","hentry","category-archiv-2015"],"yoast_head":"<!-- This site is optimized with the Yoast SEO plugin v27.4 - https:\/\/yoast.com\/product\/yoast-seo-wordpress\/ -->\n<title>Posledn\u00e1 letn\u00e1 no\u010dn\u00e1 prehliadka hradu Stre\u010dno - Pova\u017esk\u00e9 m\u00fazeum<\/title>\n<meta name=\"robots\" content=\"index, follow, max-snippet:-1, max-image-preview:large, max-video-preview:-1\" \/>\n<link rel=\"canonical\" href=\"https:\/\/pmza.sk\/?p=13527\" \/>\n<meta property=\"og:locale\" content=\"sk_SK\" \/>\n<meta property=\"og:type\" content=\"article\" \/>\n<meta property=\"og:title\" content=\"Posledn\u00e1 letn\u00e1 no\u010dn\u00e1 prehliadka hradu Stre\u010dno - Pova\u017esk\u00e9 m\u00fazeum\" \/>\n<meta property=\"og:description\" content=\"No\u010dn\u00e9 prehliadky hradu Stre\u010dno sa bl\u00ed\u017eia k\u00a0svojmu z\u00e1veru. Posledn\u00e1 v\u00a0r\u00e1mci leta je napl\u00e1novan\u00e1 na piatok 21. augusta od 20. do 23. hodiny. Ke\u010f sa letn\u00e9 br\u00e1ny Stre\u010dna posledn\u00fdkr\u00e1t otvoria, pr\u00edde kr\u00e1sny mu\u017e, ktor\u00e9mu Don Juan hovoria. Ak\u00fd je naozajstn\u00fd pr\u00edbeh tohto z\u00e1hadn\u00e9ho amanta, v\u00a0\u010dom sa skr\u00fdvalo tajomstvo zn\u00e1meho l\u00e1ma\u010da \u017eensk\u00fdch s\u0155dc \u2013 ne\u010dakan\u00e9 (du\u0161evn\u00e9) odhalenia [&hellip;]\" \/>\n<meta property=\"og:url\" content=\"https:\/\/pmza.sk\/?p=13527\" \/>\n<meta property=\"og:site_name\" content=\"Pova\u017esk\u00e9 m\u00fazeum\" \/>\n<meta property=\"article:publisher\" content=\"https:\/\/www.facebook.com\/povazskemuzeum\" \/>\n<meta property=\"article:published_time\" content=\"2015-08-18T12:12:26+00:00\" \/>\n<meta property=\"og:image\" content=\"https:\/\/pmza.sk\/wp-content\/uploads\/2015\/07\/nocne_strecno1.jpg\" \/>\n\t<meta property=\"og:image:width\" content=\"552\" \/>\n\t<meta property=\"og:image:height\" content=\"780\" \/>\n\t<meta property=\"og:image:type\" content=\"image\/jpeg\" \/>\n<meta name=\"author\" content=\"Pova\u017esk\u00e9 m\u00fazeum\" \/>\n<meta name=\"twitter:card\" content=\"summary_large_image\" \/>\n<meta name=\"twitter:label1\" content=\"Autor\" \/>\n\t<meta name=\"twitter:data1\" content=\"Pova\u017esk\u00e9 m\u00fazeum\" \/>\n\t<meta name=\"twitter:label2\" content=\"Predpokladan\u00fd \u010das \u010d\u00edtania\" \/>\n\t<meta name=\"twitter:data2\" content=\"2 min\u00faty\" \/>\n<script type=\"application\/ld+json\" class=\"yoast-schema-graph\">{\"@context\":\"https:\\\/\\\/schema.org\",\"@graph\":[{\"@type\":\"Article\",\"@id\":\"https:\\\/\\\/pmza.sk\\\/?p=13527#article\",\"isPartOf\":{\"@id\":\"https:\\\/\\\/pmza.sk\\\/?p=13527\"},\"author\":{\"name\":\"Pova\u017esk\u00e9 m\u00fazeum\",\"@id\":\"https:\\\/\\\/pmza.sk\\\/#\\\/schema\\\/person\\\/595e6a2ce731ea94dcd5d7f50a41ae33\"},\"headline\":\"Posledn\u00e1 letn\u00e1 no\u010dn\u00e1 prehliadka hradu Stre\u010dno\",\"datePublished\":\"2015-08-18T12:12:26+00:00\",\"mainEntityOfPage\":{\"@id\":\"https:\\\/\\\/pmza.sk\\\/?p=13527\"},\"wordCount\":428,\"publisher\":{\"@id\":\"https:\\\/\\\/pmza.sk\\\/#organization\"},\"image\":{\"@id\":\"https:\\\/\\\/pmza.sk\\\/?p=13527#primaryimage\"},\"thumbnailUrl\":\"https:\\\/\\\/pmza.sk\\\/wp-content\\\/uploads\\\/2015\\\/07\\\/nocne_strecno1.jpg\",\"articleSection\":[\"Arch\u00edv 2015\"],\"inLanguage\":\"sk-SK\"},{\"@type\":\"WebPage\",\"@id\":\"https:\\\/\\\/pmza.sk\\\/?p=13527\",\"url\":\"https:\\\/\\\/pmza.sk\\\/?p=13527\",\"name\":\"Posledn\u00e1 letn\u00e1 no\u010dn\u00e1 prehliadka hradu Stre\u010dno - Pova\u017esk\u00e9 m\u00fazeum\",\"isPartOf\":{\"@id\":\"https:\\\/\\\/pmza.sk\\\/#website\"},\"primaryImageOfPage\":{\"@id\":\"https:\\\/\\\/pmza.sk\\\/?p=13527#primaryimage\"},\"image\":{\"@id\":\"https:\\\/\\\/pmza.sk\\\/?p=13527#primaryimage\"},\"thumbnailUrl\":\"https:\\\/\\\/pmza.sk\\\/wp-content\\\/uploads\\\/2015\\\/07\\\/nocne_strecno1.jpg\",\"datePublished\":\"2015-08-18T12:12:26+00:00\",\"breadcrumb\":{\"@id\":\"https:\\\/\\\/pmza.sk\\\/?p=13527#breadcrumb\"},\"inLanguage\":\"sk-SK\",\"potentialAction\":[{\"@type\":\"ReadAction\",\"target\":[\"https:\\\/\\\/pmza.sk\\\/?p=13527\"]}]},{\"@type\":\"ImageObject\",\"inLanguage\":\"sk-SK\",\"@id\":\"https:\\\/\\\/pmza.sk\\\/?p=13527#primaryimage\",\"url\":\"https:\\\/\\\/pmza.sk\\\/wp-content\\\/uploads\\\/2015\\\/07\\\/nocne_strecno1.jpg\",\"contentUrl\":\"https:\\\/\\\/pmza.sk\\\/wp-content\\\/uploads\\\/2015\\\/07\\\/nocne_strecno1.jpg\",\"width\":552,\"height\":780},{\"@type\":\"BreadcrumbList\",\"@id\":\"https:\\\/\\\/pmza.sk\\\/?p=13527#breadcrumb\",\"itemListElement\":[{\"@type\":\"ListItem\",\"position\":1,\"name\":\"Domovsk\u00e1 str\u00e1nka\",\"item\":\"https:\\\/\\\/pmza.sk\\\/\"},{\"@type\":\"ListItem\",\"position\":2,\"name\":\"Posledn\u00e1 letn\u00e1 no\u010dn\u00e1 prehliadka hradu Stre\u010dno\"}]},{\"@type\":\"WebSite\",\"@id\":\"https:\\\/\\\/pmza.sk\\\/#website\",\"url\":\"https:\\\/\\\/pmza.sk\\\/\",\"name\":\"Pova\u017esk\u00e9 m\u00fazeum\",\"description\":\"Pova\u017esk\u00e9 m\u00fazeum v \u017diline je region\u00e1lne m\u00fazeum so s\u00eddlom v Budat\u00edne. Jeho expoz\u00edcie s\u00fa zameran\u00e9 na dejiny slovensk\u00e9ho umenia, kult\u00fary a dopravy.\",\"publisher\":{\"@id\":\"https:\\\/\\\/pmza.sk\\\/#organization\"},\"potentialAction\":[{\"@type\":\"SearchAction\",\"target\":{\"@type\":\"EntryPoint\",\"urlTemplate\":\"https:\\\/\\\/pmza.sk\\\/?s={search_term_string}\"},\"query-input\":{\"@type\":\"PropertyValueSpecification\",\"valueRequired\":true,\"valueName\":\"search_term_string\"}}],\"inLanguage\":\"sk-SK\"},{\"@type\":\"Organization\",\"@id\":\"https:\\\/\\\/pmza.sk\\\/#organization\",\"name\":\"Pova\u017esk\u00e9 m\u00fazeum\",\"url\":\"https:\\\/\\\/pmza.sk\\\/\",\"logo\":{\"@type\":\"ImageObject\",\"inLanguage\":\"sk-SK\",\"@id\":\"https:\\\/\\\/pmza.sk\\\/#\\\/schema\\\/logo\\\/image\\\/\",\"url\":\"https:\\\/\\\/pmza.sk\\\/wp-content\\\/uploads\\\/2022\\\/01\\\/logo_PM_horizontal.jpg\",\"contentUrl\":\"https:\\\/\\\/pmza.sk\\\/wp-content\\\/uploads\\\/2022\\\/01\\\/logo_PM_horizontal.jpg\",\"width\":231,\"height\":142,\"caption\":\"Pova\u017esk\u00e9 m\u00fazeum\"},\"image\":{\"@id\":\"https:\\\/\\\/pmza.sk\\\/#\\\/schema\\\/logo\\\/image\\\/\"},\"sameAs\":[\"https:\\\/\\\/www.facebook.com\\\/povazskemuzeum\",\"https:\\\/\\\/www.instagram.com\\\/povazskemuzeum\\\/\"]},{\"@type\":\"Person\",\"@id\":\"https:\\\/\\\/pmza.sk\\\/#\\\/schema\\\/person\\\/595e6a2ce731ea94dcd5d7f50a41ae33\",\"name\":\"Pova\u017esk\u00e9 m\u00fazeum\",\"image\":{\"@type\":\"ImageObject\",\"inLanguage\":\"sk-SK\",\"@id\":\"https:\\\/\\\/secure.gravatar.com\\\/avatar\\\/2bb7f1561282132fb5826dfeccc66c7996d11ee392ac6aaf7ced8a1c2027fbb2?s=96&d=mm&r=g\",\"url\":\"https:\\\/\\\/secure.gravatar.com\\\/avatar\\\/2bb7f1561282132fb5826dfeccc66c7996d11ee392ac6aaf7ced8a1c2027fbb2?s=96&d=mm&r=g\",\"contentUrl\":\"https:\\\/\\\/secure.gravatar.com\\\/avatar\\\/2bb7f1561282132fb5826dfeccc66c7996d11ee392ac6aaf7ced8a1c2027fbb2?s=96&d=mm&r=g\",\"caption\":\"Pova\u017esk\u00e9 m\u00fazeum\"}}]}<\/script>\n<!-- \/ Yoast SEO plugin. -->","yoast_head_json":{"title":"Posledn\u00e1 letn\u00e1 no\u010dn\u00e1 prehliadka hradu Stre\u010dno - Pova\u017esk\u00e9 m\u00fazeum","robots":{"index":"index","follow":"follow","max-snippet":"max-snippet:-1","max-image-preview":"max-image-preview:large","max-video-preview":"max-video-preview:-1"},"canonical":"https:\/\/pmza.sk\/?p=13527","og_locale":"sk_SK","og_type":"article","og_title":"Posledn\u00e1 letn\u00e1 no\u010dn\u00e1 prehliadka hradu Stre\u010dno - Pova\u017esk\u00e9 m\u00fazeum","og_description":"No\u010dn\u00e9 prehliadky hradu Stre\u010dno sa bl\u00ed\u017eia k\u00a0svojmu z\u00e1veru. Posledn\u00e1 v\u00a0r\u00e1mci leta je napl\u00e1novan\u00e1 na piatok 21. augusta od 20. do 23. hodiny. Ke\u010f sa letn\u00e9 br\u00e1ny Stre\u010dna posledn\u00fdkr\u00e1t otvoria, pr\u00edde kr\u00e1sny mu\u017e, ktor\u00e9mu Don Juan hovoria. Ak\u00fd je naozajstn\u00fd pr\u00edbeh tohto z\u00e1hadn\u00e9ho amanta, v\u00a0\u010dom sa skr\u00fdvalo tajomstvo zn\u00e1meho l\u00e1ma\u010da \u017eensk\u00fdch s\u0155dc \u2013 ne\u010dakan\u00e9 (du\u0161evn\u00e9) odhalenia [&hellip;]","og_url":"https:\/\/pmza.sk\/?p=13527","og_site_name":"Pova\u017esk\u00e9 m\u00fazeum","article_publisher":"https:\/\/www.facebook.com\/povazskemuzeum","article_published_time":"2015-08-18T12:12:26+00:00","og_image":[{"width":552,"height":780,"url":"https:\/\/pmza.sk\/wp-content\/uploads\/2015\/07\/nocne_strecno1.jpg","type":"image\/jpeg"}],"author":"Pova\u017esk\u00e9 m\u00fazeum","twitter_card":"summary_large_image","twitter_misc":{"Autor":"Pova\u017esk\u00e9 m\u00fazeum","Predpokladan\u00fd \u010das \u010d\u00edtania":"2 min\u00faty"},"schema":{"@context":"https:\/\/schema.org","@graph":[{"@type":"Article","@id":"https:\/\/pmza.sk\/?p=13527#article","isPartOf":{"@id":"https:\/\/pmza.sk\/?p=13527"},"author":{"name":"Pova\u017esk\u00e9 m\u00fazeum","@id":"https:\/\/pmza.sk\/#\/schema\/person\/595e6a2ce731ea94dcd5d7f50a41ae33"},"headline":"Posledn\u00e1 letn\u00e1 no\u010dn\u00e1 prehliadka hradu Stre\u010dno","datePublished":"2015-08-18T12:12:26+00:00","mainEntityOfPage":{"@id":"https:\/\/pmza.sk\/?p=13527"},"wordCount":428,"publisher":{"@id":"https:\/\/pmza.sk\/#organization"},"image":{"@id":"https:\/\/pmza.sk\/?p=13527#primaryimage"},"thumbnailUrl":"https:\/\/pmza.sk\/wp-content\/uploads\/2015\/07\/nocne_strecno1.jpg","articleSection":["Arch\u00edv 2015"],"inLanguage":"sk-SK"},{"@type":"WebPage","@id":"https:\/\/pmza.sk\/?p=13527","url":"https:\/\/pmza.sk\/?p=13527","name":"Posledn\u00e1 letn\u00e1 no\u010dn\u00e1 prehliadka hradu Stre\u010dno - Pova\u017esk\u00e9 m\u00fazeum","isPartOf":{"@id":"https:\/\/pmza.sk\/#website"},"primaryImageOfPage":{"@id":"https:\/\/pmza.sk\/?p=13527#primaryimage"},"image":{"@id":"https:\/\/pmza.sk\/?p=13527#primaryimage"},"thumbnailUrl":"https:\/\/pmza.sk\/wp-content\/uploads\/2015\/07\/nocne_strecno1.jpg","datePublished":"2015-08-18T12:12:26+00:00","breadcrumb":{"@id":"https:\/\/pmza.sk\/?p=13527#breadcrumb"},"inLanguage":"sk-SK","potentialAction":[{"@type":"ReadAction","target":["https:\/\/pmza.sk\/?p=13527"]}]},{"@type":"ImageObject","inLanguage":"sk-SK","@id":"https:\/\/pmza.sk\/?p=13527#primaryimage","url":"https:\/\/pmza.sk\/wp-content\/uploads\/2015\/07\/nocne_strecno1.jpg","contentUrl":"https:\/\/pmza.sk\/wp-content\/uploads\/2015\/07\/nocne_strecno1.jpg","width":552,"height":780},{"@type":"BreadcrumbList","@id":"https:\/\/pmza.sk\/?p=13527#breadcrumb","itemListElement":[{"@type":"ListItem","position":1,"name":"Domovsk\u00e1 str\u00e1nka","item":"https:\/\/pmza.sk\/"},{"@type":"ListItem","position":2,"name":"Posledn\u00e1 letn\u00e1 no\u010dn\u00e1 prehliadka hradu Stre\u010dno"}]},{"@type":"WebSite","@id":"https:\/\/pmza.sk\/#website","url":"https:\/\/pmza.sk\/","name":"Pova\u017esk\u00e9 m\u00fazeum","description":"Pova\u017esk\u00e9 m\u00fazeum v \u017diline je region\u00e1lne m\u00fazeum so s\u00eddlom v Budat\u00edne. Jeho expoz\u00edcie s\u00fa zameran\u00e9 na dejiny slovensk\u00e9ho umenia, kult\u00fary a dopravy.","publisher":{"@id":"https:\/\/pmza.sk\/#organization"},"potentialAction":[{"@type":"SearchAction","target":{"@type":"EntryPoint","urlTemplate":"https:\/\/pmza.sk\/?s={search_term_string}"},"query-input":{"@type":"PropertyValueSpecification","valueRequired":true,"valueName":"search_term_string"}}],"inLanguage":"sk-SK"},{"@type":"Organization","@id":"https:\/\/pmza.sk\/#organization","name":"Pova\u017esk\u00e9 m\u00fazeum","url":"https:\/\/pmza.sk\/","logo":{"@type":"ImageObject","inLanguage":"sk-SK","@id":"https:\/\/pmza.sk\/#\/schema\/logo\/image\/","url":"https:\/\/pmza.sk\/wp-content\/uploads\/2022\/01\/logo_PM_horizontal.jpg","contentUrl":"https:\/\/pmza.sk\/wp-content\/uploads\/2022\/01\/logo_PM_horizontal.jpg","width":231,"height":142,"caption":"Pova\u017esk\u00e9 m\u00fazeum"},"image":{"@id":"https:\/\/pmza.sk\/#\/schema\/logo\/image\/"},"sameAs":["https:\/\/www.facebook.com\/povazskemuzeum","https:\/\/www.instagram.com\/povazskemuzeum\/"]},{"@type":"Person","@id":"https:\/\/pmza.sk\/#\/schema\/person\/595e6a2ce731ea94dcd5d7f50a41ae33","name":"Pova\u017esk\u00e9 m\u00fazeum","image":{"@type":"ImageObject","inLanguage":"sk-SK","@id":"https:\/\/secure.gravatar.com\/avatar\/2bb7f1561282132fb5826dfeccc66c7996d11ee392ac6aaf7ced8a1c2027fbb2?s=96&d=mm&r=g","url":"https:\/\/secure.gravatar.com\/avatar\/2bb7f1561282132fb5826dfeccc66c7996d11ee392ac6aaf7ced8a1c2027fbb2?s=96&d=mm&r=g","contentUrl":"https:\/\/secure.gravatar.com\/avatar\/2bb7f1561282132fb5826dfeccc66c7996d11ee392ac6aaf7ced8a1c2027fbb2?s=96&d=mm&r=g","caption":"Pova\u017esk\u00e9 m\u00fazeum"}}]}},"_links":{"self":[{"href":"https:\/\/pmza.sk\/index.php?rest_route=\/wp\/v2\/posts\/13527","targetHints":{"allow":["GET"]}}],"collection":[{"href":"https:\/\/pmza.sk\/index.php?rest_route=\/wp\/v2\/posts"}],"about":[{"href":"https:\/\/pmza.sk\/index.php?rest_route=\/wp\/v2\/types\/post"}],"author":[{"embeddable":true,"href":"https:\/\/pmza.sk\/index.php?rest_route=\/wp\/v2\/users\/2"}],"replies":[{"embeddable":true,"href":"https:\/\/pmza.sk\/index.php?rest_route=%2Fwp%2Fv2%2Fcomments&post=13527"}],"version-history":[{"count":0,"href":"https:\/\/pmza.sk\/index.php?rest_route=\/wp\/v2\/posts\/13527\/revisions"}],"wp:featuredmedia":[{"embeddable":true,"href":"https:\/\/pmza.sk\/index.php?rest_route=\/wp\/v2\/media\/12990"}],"wp:attachment":[{"href":"https:\/\/pmza.sk\/index.php?rest_route=%2Fwp%2Fv2%2Fmedia&parent=13527"}],"wp:term":[{"taxonomy":"category","embeddable":true,"href":"https:\/\/pmza.sk\/index.php?rest_route=%2Fwp%2Fv2%2Fcategories&post=13527"},{"taxonomy":"post_tag","embeddable":true,"href":"https:\/\/pmza.sk\/index.php?rest_route=%2Fwp%2Fv2%2Ftags&post=13527"}],"curies":[{"name":"wp","href":"https:\/\/api.w.org\/{rel}","templated":true}]}}