{"id":13599,"date":"2015-09-03T09:30:30","date_gmt":"2015-09-03T07:30:30","guid":{"rendered":"https:\/\/pmza.sk.sk\/?p=13599"},"modified":"2015-09-03T09:30:30","modified_gmt":"2015-09-03T07:30:30","slug":"ako-zneju","status":"publish","type":"post","link":"https:\/\/pmza.sk\/?p=13599","title":{"rendered":"Ako znej\u00fa&#8230;"},"content":{"rendered":"<p>Pova\u017esk\u00e9 m\u00fazeum v\u00a0\u017diline v\u00a0zria\u010fovate\u013eskej p\u00f4sobnosti \u017dilinsk\u00e9ho samospr\u00e1vneho kraja pripravilo v\u00fdstavu venovan\u00fa tvorbe s\u00fa\u010dasn\u00fdch v\u00fdrobcov \u013eudov\u00fdch hudobn\u00fdch n\u00e1strojov v\u00a0\u017dilinskom kraji. Autorom my\u0161lienky, odborn\u00fdm garantom a\u00a0z\u00e1rove\u0148 spoluautorom v\u00fdskumu a\u00a0v\u00fdstavy je zn\u00e1my pedag\u00f3g, hudobn\u00edk a\u00a0v\u00fdrobca \u013eudov\u00fdch hudobn\u00fdch n\u00e1strojov PaedDr. Roman Bienik, PhD.<\/p>\n<p>S\u00fa\u010das\u0165ou otvorenia v\u00fdstavy bude neform\u00e1lne stretnutie v\u00fdrobcov \u013eudov\u00fdch hudobn\u00fdch n\u00e1strojov s\u00a0popredn\u00fdmi etnomuzikol\u00f3gmi, kde si navz\u00e1jom vymenia teoretick\u00e9 poznatky a\u00a0sk\u00fasenosti v\u00a0oblasti v\u00fdroby \u013eudov\u00fdch hudobn\u00fdch n\u00e1strojov, ktor\u00e9 za\u010dne 8. 9. 2015 o\u00a014:00 hod.<!--more--><\/p>\n<p>Verejnos\u0165 m\u00f4\u017ee v\u00fdstavu nav\u0161t\u00edvi\u0165 od 8. septembra do 29. novembra 2015.<\/p>\n<p><u>O\u00a0v\u00fdstave:<\/u><\/p>\n<p>V\u00fdstava \u201eAko znej\u00fa&#8230;\u201c je v\u00fdsledkom v\u00fdskumu zameran\u00e9ho na zmapovanie tvorby s\u00fa\u010dasn\u00fdch v\u00fdrobcov \u013eudov\u00fdch hudobn\u00fdch n\u00e1strojov v\u00a0\u017dilinskom kraji. Predstavuje 11 autorov z\u00a0r\u00f4znych regi\u00f3nov kraja a\u00a0s\u00a0r\u00f4znym zameran\u00edm pr\u00e1ce. \u201e<em>Ka\u017ed\u00e9mu v\u00fdrobcovi je venovan\u00fd 1 banner, ktor\u00fd prostredn\u00edctvom textu a\u00a0fotografi\u00ed poskytuje z\u00e1kladn\u00e9 inform\u00e1cie o\u00a0ich \u017eivote a\u00a0pr\u00e1ci. N\u00e1v\u0161tevn\u00edci tu n\u00e1jdu tie\u017e zmienky a\u00a0zauj\u00edmavosti o\u00a0sp\u00f4sobe v\u00fdroby jednotliv\u00fdch n\u00e1strojov \u010di o pou\u017eit\u00fdch materi\u00e1loch.\u201c <\/em>V\u00fdstava \u010falej pozost\u00e1va z\u00a0hudobn\u00fdch n\u00e1strojov, ktor\u00e9 vyrobili a\u00a0zapo\u017ei\u010dali samotn\u00ed autori. \u201e<em>Zostaven\u00e1 je tak, aby z\u00e1ujemcom predstavila \u010do naj\u0161ir\u0161iu \u0161k\u00e1lu rozmanit\u00fdch typov n\u00e1strojov z\u00a0troch z\u00e1kladn\u00fdch skup\u00edn \u2013 vzduchozvu\u010dn\u00fdch, strunozvu\u010dn\u00fdch a\u00a0samoznej\u00facich. N\u00e1v\u0161tevn\u00edci m\u00f4\u017eu na v\u00fdstave vidie\u0165 po\u010detn\u00e9 p\u00ed\u0161\u0165aly, fujary, pastierske rohy a\u00a0tr\u00faby, detsk\u00e9 zvukov\u00e9 hra\u010dky, tie\u017e zvonce, gajdy, husle, bi\u010de a\u00a0helig\u00f3nku. Mnoh\u00e9 z\u00a0nich oslovia najm\u00e4 prec\u00edznou dekorat\u00edvnou v\u00fdzdobou a\u00a0dokonal\u00fdm spracovan\u00edm.\u201c <\/em>Povedala Katar\u00edna Kendrov\u00e1, spoluautorka v\u00fdstavy. Autorom my\u0161lienky, odborn\u00fdm garantom a\u00a0z\u00e1rove\u0148 spoluautorom v\u00fdskumu a\u00a0v\u00fdstavy je zn\u00e1my pedag\u00f3g, hudobn\u00edk a\u00a0v\u00fdrobca \u013eudov\u00fdch hudobn\u00fdch n\u00e1strojov PaedDr. Roman Bienik, PhD.<\/p>\n<p>Od 14:00 hod. bude prebieha\u0165 neform\u00e1lny semin\u00e1r formou diskusie medzi v\u00fdrobcami \u013eudov\u00fdch n\u00e1strojov a\u00a0popredn\u00fdmi etnomuzikol\u00f3gmi. Diskusie sa m\u00f4\u017eu z\u00fa\u010dastni\u0165 aj ak\u00fdko\u013evek z\u00e1ujemcovia o\u00a0t\u00fato oblas\u0165 kult\u00fary (u\u010ditelia hudobnej v\u00fdchovy, \u0161tudenti, hudobn\u00ed teoretici a\u00a0podobne).<\/p>\n<p>Na vernis\u00e1\u017ei, ktor\u00e1 za\u010dne o\u00a016:00 hod. sa predstavia ako interpreti samotn\u00ed v\u00fdrobcovia.<\/p>\n<p>V\u00fdstava v\u00a0Sob\u00e1\u0161nom pal\u00e1ci potrv\u00e1 do 29. novembra 2015.<\/p>\n<p>Vstup na v\u00fdstavu a do Sob\u00e1\u0161neho pal\u00e1ca v\u00a0Byt\u010di je bezplatn\u00fd.<\/p>\n","protected":false},"excerpt":{"rendered":"<p>Pova\u017esk\u00e9 m\u00fazeum v\u00a0\u017diline v\u00a0zria\u010fovate\u013eskej p\u00f4sobnosti \u017dilinsk\u00e9ho samospr\u00e1vneho kraja pripravilo v\u00fdstavu venovan\u00fa tvorbe s\u00fa\u010dasn\u00fdch v\u00fdrobcov \u013eudov\u00fdch hudobn\u00fdch n\u00e1strojov v\u00a0\u017dilinskom kraji. Autorom my\u0161lienky, odborn\u00fdm garantom a\u00a0z\u00e1rove\u0148 spoluautorom v\u00fdskumu a\u00a0v\u00fdstavy je zn\u00e1my pedag\u00f3g, hudobn\u00edk a\u00a0v\u00fdrobca \u013eudov\u00fdch hudobn\u00fdch n\u00e1strojov PaedDr. Roman Bienik, PhD. S\u00fa\u010das\u0165ou otvorenia v\u00fdstavy bude neform\u00e1lne stretnutie v\u00fdrobcov \u013eudov\u00fdch hudobn\u00fdch n\u00e1strojov s\u00a0popredn\u00fdmi etnomuzikol\u00f3gmi, kde si navz\u00e1jom vymenia [&hellip;]<\/p>\n","protected":false},"author":2,"featured_media":13600,"comment_status":"closed","ping_status":"closed","sticky":false,"template":"","format":"standard","meta":{"site-sidebar-layout":"default","site-content-layout":"","ast-site-content-layout":"","site-content-style":"default","site-sidebar-style":"default","ast-global-header-display":"","ast-banner-title-visibility":"","ast-main-header-display":"","ast-hfb-above-header-display":"","ast-hfb-below-header-display":"","ast-hfb-mobile-header-display":"","site-post-title":"","ast-breadcrumbs-content":"","ast-featured-img":"","footer-sml-layout":"","theme-transparent-header-meta":"","adv-header-id-meta":"","stick-header-meta":"","header-above-stick-meta":"","header-main-stick-meta":"","header-below-stick-meta":"","astra-migrate-meta-layouts":"default","ast-page-background-enabled":"default","ast-page-background-meta":{"desktop":{"background-color":"var(--ast-global-color-4)","background-image":"","background-repeat":"repeat","background-position":"center center","background-size":"auto","background-attachment":"scroll","background-type":"","background-media":"","overlay-type":"","overlay-color":"","overlay-opacity":"","overlay-gradient":""},"tablet":{"background-color":"","background-image":"","background-repeat":"repeat","background-position":"center center","background-size":"auto","background-attachment":"scroll","background-type":"","background-media":"","overlay-type":"","overlay-color":"","overlay-opacity":"","overlay-gradient":""},"mobile":{"background-color":"","background-image":"","background-repeat":"repeat","background-position":"center center","background-size":"auto","background-attachment":"scroll","background-type":"","background-media":"","overlay-type":"","overlay-color":"","overlay-opacity":"","overlay-gradient":""}},"ast-content-background-meta":{"desktop":{"background-color":"var(--ast-global-color-5)","background-image":"","background-repeat":"repeat","background-position":"center center","background-size":"auto","background-attachment":"scroll","background-type":"","background-media":"","overlay-type":"","overlay-color":"","overlay-opacity":"","overlay-gradient":""},"tablet":{"background-color":"var(--ast-global-color-5)","background-image":"","background-repeat":"repeat","background-position":"center center","background-size":"auto","background-attachment":"scroll","background-type":"","background-media":"","overlay-type":"","overlay-color":"","overlay-opacity":"","overlay-gradient":""},"mobile":{"background-color":"var(--ast-global-color-5)","background-image":"","background-repeat":"repeat","background-position":"center center","background-size":"auto","background-attachment":"scroll","background-type":"","background-media":"","overlay-type":"","overlay-color":"","overlay-opacity":"","overlay-gradient":""}},"footnotes":""},"categories":[38],"tags":[],"class_list":["post-13599","post","type-post","status-publish","format-standard","has-post-thumbnail","hentry","category-archiv-2015"],"yoast_head":"<!-- This site is optimized with the Yoast SEO plugin v27.4 - https:\/\/yoast.com\/product\/yoast-seo-wordpress\/ -->\n<title>Ako znej\u00fa... - Pova\u017esk\u00e9 m\u00fazeum<\/title>\n<meta name=\"robots\" content=\"index, follow, max-snippet:-1, max-image-preview:large, max-video-preview:-1\" \/>\n<link rel=\"canonical\" href=\"https:\/\/pmza.sk\/?p=13599\" \/>\n<meta property=\"og:locale\" content=\"sk_SK\" \/>\n<meta property=\"og:type\" content=\"article\" \/>\n<meta property=\"og:title\" content=\"Ako znej\u00fa... - Pova\u017esk\u00e9 m\u00fazeum\" \/>\n<meta property=\"og:description\" content=\"Pova\u017esk\u00e9 m\u00fazeum v\u00a0\u017diline v\u00a0zria\u010fovate\u013eskej p\u00f4sobnosti \u017dilinsk\u00e9ho samospr\u00e1vneho kraja pripravilo v\u00fdstavu venovan\u00fa tvorbe s\u00fa\u010dasn\u00fdch v\u00fdrobcov \u013eudov\u00fdch hudobn\u00fdch n\u00e1strojov v\u00a0\u017dilinskom kraji. Autorom my\u0161lienky, odborn\u00fdm garantom a\u00a0z\u00e1rove\u0148 spoluautorom v\u00fdskumu a\u00a0v\u00fdstavy je zn\u00e1my pedag\u00f3g, hudobn\u00edk a\u00a0v\u00fdrobca \u013eudov\u00fdch hudobn\u00fdch n\u00e1strojov PaedDr. Roman Bienik, PhD. S\u00fa\u010das\u0165ou otvorenia v\u00fdstavy bude neform\u00e1lne stretnutie v\u00fdrobcov \u013eudov\u00fdch hudobn\u00fdch n\u00e1strojov s\u00a0popredn\u00fdmi etnomuzikol\u00f3gmi, kde si navz\u00e1jom vymenia [&hellip;]\" \/>\n<meta property=\"og:url\" content=\"https:\/\/pmza.sk\/?p=13599\" \/>\n<meta property=\"og:site_name\" content=\"Pova\u017esk\u00e9 m\u00fazeum\" \/>\n<meta property=\"article:publisher\" content=\"https:\/\/www.facebook.com\/povazskemuzeum\" \/>\n<meta property=\"article:published_time\" content=\"2015-09-03T07:30:30+00:00\" \/>\n<meta property=\"og:image\" content=\"https:\/\/pmza.sk\/wp-content\/uploads\/2015\/09\/A4_plagat.jpg\" \/>\n\t<meta property=\"og:image:width\" content=\"1102\" \/>\n\t<meta property=\"og:image:height\" content=\"1560\" \/>\n\t<meta property=\"og:image:type\" content=\"image\/jpeg\" \/>\n<meta name=\"author\" content=\"Pova\u017esk\u00e9 m\u00fazeum\" \/>\n<meta name=\"twitter:card\" content=\"summary_large_image\" \/>\n<meta name=\"twitter:label1\" content=\"Autor\" \/>\n\t<meta name=\"twitter:data1\" content=\"Pova\u017esk\u00e9 m\u00fazeum\" \/>\n\t<meta name=\"twitter:label2\" content=\"Predpokladan\u00fd \u010das \u010d\u00edtania\" \/>\n\t<meta name=\"twitter:data2\" content=\"2 min\u00faty\" \/>\n<script type=\"application\/ld+json\" class=\"yoast-schema-graph\">{\"@context\":\"https:\\\/\\\/schema.org\",\"@graph\":[{\"@type\":\"Article\",\"@id\":\"https:\\\/\\\/pmza.sk\\\/?p=13599#article\",\"isPartOf\":{\"@id\":\"https:\\\/\\\/pmza.sk\\\/?p=13599\"},\"author\":{\"name\":\"Pova\u017esk\u00e9 m\u00fazeum\",\"@id\":\"https:\\\/\\\/pmza.sk\\\/#\\\/schema\\\/person\\\/595e6a2ce731ea94dcd5d7f50a41ae33\"},\"headline\":\"Ako znej\u00fa&#8230;\",\"datePublished\":\"2015-09-03T07:30:30+00:00\",\"mainEntityOfPage\":{\"@id\":\"https:\\\/\\\/pmza.sk\\\/?p=13599\"},\"wordCount\":466,\"publisher\":{\"@id\":\"https:\\\/\\\/pmza.sk\\\/#organization\"},\"image\":{\"@id\":\"https:\\\/\\\/pmza.sk\\\/?p=13599#primaryimage\"},\"thumbnailUrl\":\"https:\\\/\\\/pmza.sk\\\/wp-content\\\/uploads\\\/2015\\\/09\\\/A4_plagat.jpg\",\"articleSection\":[\"Arch\u00edv 2015\"],\"inLanguage\":\"sk-SK\"},{\"@type\":\"WebPage\",\"@id\":\"https:\\\/\\\/pmza.sk\\\/?p=13599\",\"url\":\"https:\\\/\\\/pmza.sk\\\/?p=13599\",\"name\":\"Ako znej\u00fa... - Pova\u017esk\u00e9 m\u00fazeum\",\"isPartOf\":{\"@id\":\"https:\\\/\\\/pmza.sk\\\/#website\"},\"primaryImageOfPage\":{\"@id\":\"https:\\\/\\\/pmza.sk\\\/?p=13599#primaryimage\"},\"image\":{\"@id\":\"https:\\\/\\\/pmza.sk\\\/?p=13599#primaryimage\"},\"thumbnailUrl\":\"https:\\\/\\\/pmza.sk\\\/wp-content\\\/uploads\\\/2015\\\/09\\\/A4_plagat.jpg\",\"datePublished\":\"2015-09-03T07:30:30+00:00\",\"breadcrumb\":{\"@id\":\"https:\\\/\\\/pmza.sk\\\/?p=13599#breadcrumb\"},\"inLanguage\":\"sk-SK\",\"potentialAction\":[{\"@type\":\"ReadAction\",\"target\":[\"https:\\\/\\\/pmza.sk\\\/?p=13599\"]}]},{\"@type\":\"ImageObject\",\"inLanguage\":\"sk-SK\",\"@id\":\"https:\\\/\\\/pmza.sk\\\/?p=13599#primaryimage\",\"url\":\"https:\\\/\\\/pmza.sk\\\/wp-content\\\/uploads\\\/2015\\\/09\\\/A4_plagat.jpg\",\"contentUrl\":\"https:\\\/\\\/pmza.sk\\\/wp-content\\\/uploads\\\/2015\\\/09\\\/A4_plagat.jpg\",\"width\":1102,\"height\":1560},{\"@type\":\"BreadcrumbList\",\"@id\":\"https:\\\/\\\/pmza.sk\\\/?p=13599#breadcrumb\",\"itemListElement\":[{\"@type\":\"ListItem\",\"position\":1,\"name\":\"Domovsk\u00e1 str\u00e1nka\",\"item\":\"https:\\\/\\\/pmza.sk\\\/\"},{\"@type\":\"ListItem\",\"position\":2,\"name\":\"Ako znej\u00fa&#8230;\"}]},{\"@type\":\"WebSite\",\"@id\":\"https:\\\/\\\/pmza.sk\\\/#website\",\"url\":\"https:\\\/\\\/pmza.sk\\\/\",\"name\":\"Pova\u017esk\u00e9 m\u00fazeum\",\"description\":\"Pova\u017esk\u00e9 m\u00fazeum v \u017diline je region\u00e1lne m\u00fazeum so s\u00eddlom v Budat\u00edne. Jeho expoz\u00edcie s\u00fa zameran\u00e9 na dejiny slovensk\u00e9ho umenia, kult\u00fary a dopravy.\",\"publisher\":{\"@id\":\"https:\\\/\\\/pmza.sk\\\/#organization\"},\"potentialAction\":[{\"@type\":\"SearchAction\",\"target\":{\"@type\":\"EntryPoint\",\"urlTemplate\":\"https:\\\/\\\/pmza.sk\\\/?s={search_term_string}\"},\"query-input\":{\"@type\":\"PropertyValueSpecification\",\"valueRequired\":true,\"valueName\":\"search_term_string\"}}],\"inLanguage\":\"sk-SK\"},{\"@type\":\"Organization\",\"@id\":\"https:\\\/\\\/pmza.sk\\\/#organization\",\"name\":\"Pova\u017esk\u00e9 m\u00fazeum\",\"url\":\"https:\\\/\\\/pmza.sk\\\/\",\"logo\":{\"@type\":\"ImageObject\",\"inLanguage\":\"sk-SK\",\"@id\":\"https:\\\/\\\/pmza.sk\\\/#\\\/schema\\\/logo\\\/image\\\/\",\"url\":\"https:\\\/\\\/pmza.sk\\\/wp-content\\\/uploads\\\/2022\\\/01\\\/logo_PM_horizontal.jpg\",\"contentUrl\":\"https:\\\/\\\/pmza.sk\\\/wp-content\\\/uploads\\\/2022\\\/01\\\/logo_PM_horizontal.jpg\",\"width\":231,\"height\":142,\"caption\":\"Pova\u017esk\u00e9 m\u00fazeum\"},\"image\":{\"@id\":\"https:\\\/\\\/pmza.sk\\\/#\\\/schema\\\/logo\\\/image\\\/\"},\"sameAs\":[\"https:\\\/\\\/www.facebook.com\\\/povazskemuzeum\",\"https:\\\/\\\/www.instagram.com\\\/povazskemuzeum\\\/\"]},{\"@type\":\"Person\",\"@id\":\"https:\\\/\\\/pmza.sk\\\/#\\\/schema\\\/person\\\/595e6a2ce731ea94dcd5d7f50a41ae33\",\"name\":\"Pova\u017esk\u00e9 m\u00fazeum\",\"image\":{\"@type\":\"ImageObject\",\"inLanguage\":\"sk-SK\",\"@id\":\"https:\\\/\\\/secure.gravatar.com\\\/avatar\\\/2bb7f1561282132fb5826dfeccc66c7996d11ee392ac6aaf7ced8a1c2027fbb2?s=96&d=mm&r=g\",\"url\":\"https:\\\/\\\/secure.gravatar.com\\\/avatar\\\/2bb7f1561282132fb5826dfeccc66c7996d11ee392ac6aaf7ced8a1c2027fbb2?s=96&d=mm&r=g\",\"contentUrl\":\"https:\\\/\\\/secure.gravatar.com\\\/avatar\\\/2bb7f1561282132fb5826dfeccc66c7996d11ee392ac6aaf7ced8a1c2027fbb2?s=96&d=mm&r=g\",\"caption\":\"Pova\u017esk\u00e9 m\u00fazeum\"}}]}<\/script>\n<!-- \/ Yoast SEO plugin. -->","yoast_head_json":{"title":"Ako znej\u00fa... - Pova\u017esk\u00e9 m\u00fazeum","robots":{"index":"index","follow":"follow","max-snippet":"max-snippet:-1","max-image-preview":"max-image-preview:large","max-video-preview":"max-video-preview:-1"},"canonical":"https:\/\/pmza.sk\/?p=13599","og_locale":"sk_SK","og_type":"article","og_title":"Ako znej\u00fa... - Pova\u017esk\u00e9 m\u00fazeum","og_description":"Pova\u017esk\u00e9 m\u00fazeum v\u00a0\u017diline v\u00a0zria\u010fovate\u013eskej p\u00f4sobnosti \u017dilinsk\u00e9ho samospr\u00e1vneho kraja pripravilo v\u00fdstavu venovan\u00fa tvorbe s\u00fa\u010dasn\u00fdch v\u00fdrobcov \u013eudov\u00fdch hudobn\u00fdch n\u00e1strojov v\u00a0\u017dilinskom kraji. Autorom my\u0161lienky, odborn\u00fdm garantom a\u00a0z\u00e1rove\u0148 spoluautorom v\u00fdskumu a\u00a0v\u00fdstavy je zn\u00e1my pedag\u00f3g, hudobn\u00edk a\u00a0v\u00fdrobca \u013eudov\u00fdch hudobn\u00fdch n\u00e1strojov PaedDr. Roman Bienik, PhD. S\u00fa\u010das\u0165ou otvorenia v\u00fdstavy bude neform\u00e1lne stretnutie v\u00fdrobcov \u013eudov\u00fdch hudobn\u00fdch n\u00e1strojov s\u00a0popredn\u00fdmi etnomuzikol\u00f3gmi, kde si navz\u00e1jom vymenia [&hellip;]","og_url":"https:\/\/pmza.sk\/?p=13599","og_site_name":"Pova\u017esk\u00e9 m\u00fazeum","article_publisher":"https:\/\/www.facebook.com\/povazskemuzeum","article_published_time":"2015-09-03T07:30:30+00:00","og_image":[{"width":1102,"height":1560,"url":"https:\/\/pmza.sk\/wp-content\/uploads\/2015\/09\/A4_plagat.jpg","type":"image\/jpeg"}],"author":"Pova\u017esk\u00e9 m\u00fazeum","twitter_card":"summary_large_image","twitter_misc":{"Autor":"Pova\u017esk\u00e9 m\u00fazeum","Predpokladan\u00fd \u010das \u010d\u00edtania":"2 min\u00faty"},"schema":{"@context":"https:\/\/schema.org","@graph":[{"@type":"Article","@id":"https:\/\/pmza.sk\/?p=13599#article","isPartOf":{"@id":"https:\/\/pmza.sk\/?p=13599"},"author":{"name":"Pova\u017esk\u00e9 m\u00fazeum","@id":"https:\/\/pmza.sk\/#\/schema\/person\/595e6a2ce731ea94dcd5d7f50a41ae33"},"headline":"Ako znej\u00fa&#8230;","datePublished":"2015-09-03T07:30:30+00:00","mainEntityOfPage":{"@id":"https:\/\/pmza.sk\/?p=13599"},"wordCount":466,"publisher":{"@id":"https:\/\/pmza.sk\/#organization"},"image":{"@id":"https:\/\/pmza.sk\/?p=13599#primaryimage"},"thumbnailUrl":"https:\/\/pmza.sk\/wp-content\/uploads\/2015\/09\/A4_plagat.jpg","articleSection":["Arch\u00edv 2015"],"inLanguage":"sk-SK"},{"@type":"WebPage","@id":"https:\/\/pmza.sk\/?p=13599","url":"https:\/\/pmza.sk\/?p=13599","name":"Ako znej\u00fa... - Pova\u017esk\u00e9 m\u00fazeum","isPartOf":{"@id":"https:\/\/pmza.sk\/#website"},"primaryImageOfPage":{"@id":"https:\/\/pmza.sk\/?p=13599#primaryimage"},"image":{"@id":"https:\/\/pmza.sk\/?p=13599#primaryimage"},"thumbnailUrl":"https:\/\/pmza.sk\/wp-content\/uploads\/2015\/09\/A4_plagat.jpg","datePublished":"2015-09-03T07:30:30+00:00","breadcrumb":{"@id":"https:\/\/pmza.sk\/?p=13599#breadcrumb"},"inLanguage":"sk-SK","potentialAction":[{"@type":"ReadAction","target":["https:\/\/pmza.sk\/?p=13599"]}]},{"@type":"ImageObject","inLanguage":"sk-SK","@id":"https:\/\/pmza.sk\/?p=13599#primaryimage","url":"https:\/\/pmza.sk\/wp-content\/uploads\/2015\/09\/A4_plagat.jpg","contentUrl":"https:\/\/pmza.sk\/wp-content\/uploads\/2015\/09\/A4_plagat.jpg","width":1102,"height":1560},{"@type":"BreadcrumbList","@id":"https:\/\/pmza.sk\/?p=13599#breadcrumb","itemListElement":[{"@type":"ListItem","position":1,"name":"Domovsk\u00e1 str\u00e1nka","item":"https:\/\/pmza.sk\/"},{"@type":"ListItem","position":2,"name":"Ako znej\u00fa&#8230;"}]},{"@type":"WebSite","@id":"https:\/\/pmza.sk\/#website","url":"https:\/\/pmza.sk\/","name":"Pova\u017esk\u00e9 m\u00fazeum","description":"Pova\u017esk\u00e9 m\u00fazeum v \u017diline je region\u00e1lne m\u00fazeum so s\u00eddlom v Budat\u00edne. Jeho expoz\u00edcie s\u00fa zameran\u00e9 na dejiny slovensk\u00e9ho umenia, kult\u00fary a dopravy.","publisher":{"@id":"https:\/\/pmza.sk\/#organization"},"potentialAction":[{"@type":"SearchAction","target":{"@type":"EntryPoint","urlTemplate":"https:\/\/pmza.sk\/?s={search_term_string}"},"query-input":{"@type":"PropertyValueSpecification","valueRequired":true,"valueName":"search_term_string"}}],"inLanguage":"sk-SK"},{"@type":"Organization","@id":"https:\/\/pmza.sk\/#organization","name":"Pova\u017esk\u00e9 m\u00fazeum","url":"https:\/\/pmza.sk\/","logo":{"@type":"ImageObject","inLanguage":"sk-SK","@id":"https:\/\/pmza.sk\/#\/schema\/logo\/image\/","url":"https:\/\/pmza.sk\/wp-content\/uploads\/2022\/01\/logo_PM_horizontal.jpg","contentUrl":"https:\/\/pmza.sk\/wp-content\/uploads\/2022\/01\/logo_PM_horizontal.jpg","width":231,"height":142,"caption":"Pova\u017esk\u00e9 m\u00fazeum"},"image":{"@id":"https:\/\/pmza.sk\/#\/schema\/logo\/image\/"},"sameAs":["https:\/\/www.facebook.com\/povazskemuzeum","https:\/\/www.instagram.com\/povazskemuzeum\/"]},{"@type":"Person","@id":"https:\/\/pmza.sk\/#\/schema\/person\/595e6a2ce731ea94dcd5d7f50a41ae33","name":"Pova\u017esk\u00e9 m\u00fazeum","image":{"@type":"ImageObject","inLanguage":"sk-SK","@id":"https:\/\/secure.gravatar.com\/avatar\/2bb7f1561282132fb5826dfeccc66c7996d11ee392ac6aaf7ced8a1c2027fbb2?s=96&d=mm&r=g","url":"https:\/\/secure.gravatar.com\/avatar\/2bb7f1561282132fb5826dfeccc66c7996d11ee392ac6aaf7ced8a1c2027fbb2?s=96&d=mm&r=g","contentUrl":"https:\/\/secure.gravatar.com\/avatar\/2bb7f1561282132fb5826dfeccc66c7996d11ee392ac6aaf7ced8a1c2027fbb2?s=96&d=mm&r=g","caption":"Pova\u017esk\u00e9 m\u00fazeum"}}]}},"_links":{"self":[{"href":"https:\/\/pmza.sk\/index.php?rest_route=\/wp\/v2\/posts\/13599","targetHints":{"allow":["GET"]}}],"collection":[{"href":"https:\/\/pmza.sk\/index.php?rest_route=\/wp\/v2\/posts"}],"about":[{"href":"https:\/\/pmza.sk\/index.php?rest_route=\/wp\/v2\/types\/post"}],"author":[{"embeddable":true,"href":"https:\/\/pmza.sk\/index.php?rest_route=\/wp\/v2\/users\/2"}],"replies":[{"embeddable":true,"href":"https:\/\/pmza.sk\/index.php?rest_route=%2Fwp%2Fv2%2Fcomments&post=13599"}],"version-history":[{"count":0,"href":"https:\/\/pmza.sk\/index.php?rest_route=\/wp\/v2\/posts\/13599\/revisions"}],"wp:featuredmedia":[{"embeddable":true,"href":"https:\/\/pmza.sk\/index.php?rest_route=\/wp\/v2\/media\/13600"}],"wp:attachment":[{"href":"https:\/\/pmza.sk\/index.php?rest_route=%2Fwp%2Fv2%2Fmedia&parent=13599"}],"wp:term":[{"taxonomy":"category","embeddable":true,"href":"https:\/\/pmza.sk\/index.php?rest_route=%2Fwp%2Fv2%2Fcategories&post=13599"},{"taxonomy":"post_tag","embeddable":true,"href":"https:\/\/pmza.sk\/index.php?rest_route=%2Fwp%2Fv2%2Ftags&post=13599"}],"curies":[{"name":"wp","href":"https:\/\/api.w.org\/{rel}","templated":true}]}}