{"id":1361,"date":"2010-10-07T17:27:40","date_gmt":"2010-10-07T15:27:40","guid":{"rendered":"https:\/\/pmza.sk.sk\/?p=1361"},"modified":"2010-10-07T17:27:40","modified_gmt":"2010-10-07T15:27:40","slug":"zrevitalizovany-park-priniesol-prve-ovocie","status":"publish","type":"post","link":"https:\/\/pmza.sk\/?p=1361","title":{"rendered":"Zrevitalizovan\u00fd park priniesol prv\u00e9 ovocie"},"content":{"rendered":"<p><a href=\"https:\/\/pmza.sk\/wp-content\/uploads\/2010\/10\/P1010004.jpg\"><img fetchpriority=\"high\" decoding=\"async\" class=\"alignleft size-medium wp-image-1362\" style=\"border: 2px solid black; margin: 4px;\" title=\"P1010004\" src=\"https:\/\/pmza.sk.sk\/wp-content\/uploads\/2010\/10\/P1010004-300x225.jpg\" alt=\"\" width=\"300\" height=\"225\" \/><\/a>Tohoro\u010dn\u00e1 jese\u0148 v\u00a0are\u00e1li Budat\u00ednskeho hradu bola ve\u013emi zauj\u00edmav\u00e1 a\u00a0n\u00e1v\u0161tevn\u00edcky bohat\u00e1 najm\u00e4 na podujatia konaj\u00face sa v\u00a0zrevitalizovanom Budat\u00ednskom parku. Sl\u00e1vnostn\u00e9 otvorenie parku, spojen\u00e9 s\u00a0hudobn\u00fdm d\u0148om, pritiahlo nielen stovky nad\u0161encov hudby, ale predov\u0161etk\u00fdm pr\u00edvr\u017eencov my\u0161lienky komplexnej obnovy parku ako miesta oddychu a\u00a0jedine\u010dnej novej zelenej z\u00f3ny v\u00a0\u017diline. \u010eal\u0161ie podujatie<!--more--> &#8211; Dni rezb\u00e1rskeho umenia, okrem in\u00fdch, ocenila\u00a0 asi desiatka svadobn\u00fdch p\u00e1rov, ktor\u00e9 si ako atrakt\u00edvnu kulisu vybrala pr\u00e1ve tento romatick\u00fd priestor a\u00a0medzin\u00e1rodn\u00fd workshop prebiehaj\u00faci \u00a0po\u010das Rezb\u00e1rskych\u00a0 dn\u00ed. Od 26. septembra 2010 m\u00f4\u017eu n\u00e1v\u0161tevn\u00edci parku obdivova\u0165 na s\u00fatoku riek V\u00e1hu a\u00a0Kysuce re\u00e1lny model plte s dreven\u00fdmi plastikami pltn\u00edkov, ktor\u00e9 pripom\u00ednaj\u00fa Budat\u00edn ako v\u00fdznamn\u00e9 centrum\u00a0 pltn\u00edctva od \u010dias stredoveku.<\/p>\n<p>Zrevitalizovan\u00fd Budat\u00ednsky park s nov\u00fdmi \u00a0lavi\u010dkami, osvetlen\u00edm alebo\u00a0 modern\u00fdm p\u00f3diom priniesol okrem po\u010detn\u00e9ho mno\u017estva spokojn\u00fdch host\u00ed aj nov\u00fdch z\u00e1ujemcov o\u00a0do\u010dasn\u00e9 v\u00fdstavy Pova\u017esk\u00e9ho m\u00fazea v\u00a0\u017diline. V\u00fdstavu Z\u00a0baroka \u2013obraz, hudba, text, prezentuj\u00facu barokov\u00e9 umenie regi\u00f3nu, pritiahlo aj v\u010faka otvoreniu parku viac ako tritis\u00edc n\u00e1v\u0161tevn\u00edkov. \u201e<em>\u010eal\u0161ou jesennou aktivitou Pova\u017esk\u00e9ho m\u00fazea v\u00a0\u017diline \u00a0v\u00a0Are\u00e1li Budat\u00ednskeho hradu je v\u00fdstava pod n\u00e1zvom <strong>Sosnowiec v\u010dera a\u00a0dnes<\/strong>, ktor\u00e1 do konca novembra sprostredkuje pohnut\u00fa hist\u00f3riu n\u00e1\u0161ho partnersk\u00e9ho mesta v\u00a0Sliezskom vojvodstve. Bannerov\u00e1 v\u00fdstava dokumentuje Sosnowiec, jeho historick\u00e9 m\u00ed\u013eniky, kult\u00farne pamiatky a\u00a0samozrejme jubiluj\u00face dvadsa\u0165p\u00e4\u0165ro\u010dn\u00e9 mestsk\u00e9 m\u00fazeum s\u00a0jedine\u010dnou \u0161pecializ\u00e1ciou na po\u013esk\u00e9 modern\u00e9 skl\u00e1rske umenie, \u201c<\/em> povedal riadite\u013e Pova\u017esk\u00e9ho m\u00fazea v\u00a0\u017diline, Boris Schubert.<\/p>\n<p>Budat\u00ednska jese\u0148 s\u013eubuje e\u0161te mnoho z\u00e1\u017eitkov, a\u00a0to nielen v\u00a0pr\u00edjemnom prostred\u00ed parku. Pova\u017esk\u00e9 m\u00fazeum v\u00a0\u017diline, v\u00a0zria\u010fovate\u013eskej p\u00f4sobnosti \u017dilinsk\u00e9ho samospr\u00e1vneho kraja, po ukon\u010den\u00ed v\u00fdstavy <strong>Sosnowiec v\u010dera a\u00a0dnes,<\/strong> pripravuje prekvapenie v\u00a0podobe v\u00fdstavy s\u00a0tematikou a\u00a0expon\u00e1tmi zameran\u00fdmi na hist\u00f3riu \u017eelezni\u010dnej dopravy Slovenska.<\/p>\n","protected":false},"excerpt":{"rendered":"<p>Tohoro\u010dn\u00e1 jese\u0148 v\u00a0are\u00e1li Budat\u00ednskeho hradu bola ve\u013emi zauj\u00edmav\u00e1 a\u00a0n\u00e1v\u0161tevn\u00edcky bohat\u00e1 najm\u00e4 na podujatia konaj\u00face sa v\u00a0zrevitalizovanom Budat\u00ednskom parku. Sl\u00e1vnostn\u00e9 otvorenie parku, spojen\u00e9 s\u00a0hudobn\u00fdm d\u0148om, pritiahlo nielen stovky nad\u0161encov hudby, ale predov\u0161etk\u00fdm pr\u00edvr\u017eencov my\u0161lienky komplexnej obnovy parku ako miesta oddychu a\u00a0jedine\u010dnej novej zelenej z\u00f3ny v\u00a0\u017diline. \u010eal\u0161ie podujatie<\/p>\n","protected":false},"author":2,"featured_media":0,"comment_status":"closed","ping_status":"closed","sticky":false,"template":"","format":"standard","meta":{"site-sidebar-layout":"default","site-content-layout":"","ast-site-content-layout":"","site-content-style":"default","site-sidebar-style":"default","ast-global-header-display":"","ast-banner-title-visibility":"","ast-main-header-display":"","ast-hfb-above-header-display":"","ast-hfb-below-header-display":"","ast-hfb-mobile-header-display":"","site-post-title":"","ast-breadcrumbs-content":"","ast-featured-img":"","footer-sml-layout":"","theme-transparent-header-meta":"","adv-header-id-meta":"","stick-header-meta":"","header-above-stick-meta":"","header-main-stick-meta":"","header-below-stick-meta":"","astra-migrate-meta-layouts":"default","ast-page-background-enabled":"default","ast-page-background-meta":{"desktop":{"background-color":"var(--ast-global-color-4)","background-image":"","background-repeat":"repeat","background-position":"center center","background-size":"auto","background-attachment":"scroll","background-type":"","background-media":"","overlay-type":"","overlay-color":"","overlay-opacity":"","overlay-gradient":""},"tablet":{"background-color":"","background-image":"","background-repeat":"repeat","background-position":"center center","background-size":"auto","background-attachment":"scroll","background-type":"","background-media":"","overlay-type":"","overlay-color":"","overlay-opacity":"","overlay-gradient":""},"mobile":{"background-color":"","background-image":"","background-repeat":"repeat","background-position":"center center","background-size":"auto","background-attachment":"scroll","background-type":"","background-media":"","overlay-type":"","overlay-color":"","overlay-opacity":"","overlay-gradient":""}},"ast-content-background-meta":{"desktop":{"background-color":"var(--ast-global-color-5)","background-image":"","background-repeat":"repeat","background-position":"center center","background-size":"auto","background-attachment":"scroll","background-type":"","background-media":"","overlay-type":"","overlay-color":"","overlay-opacity":"","overlay-gradient":""},"tablet":{"background-color":"var(--ast-global-color-5)","background-image":"","background-repeat":"repeat","background-position":"center center","background-size":"auto","background-attachment":"scroll","background-type":"","background-media":"","overlay-type":"","overlay-color":"","overlay-opacity":"","overlay-gradient":""},"mobile":{"background-color":"var(--ast-global-color-5)","background-image":"","background-repeat":"repeat","background-position":"center center","background-size":"auto","background-attachment":"scroll","background-type":"","background-media":"","overlay-type":"","overlay-color":"","overlay-opacity":"","overlay-gradient":""}},"footnotes":""},"categories":[29],"tags":[],"class_list":["post-1361","post","type-post","status-publish","format-standard","hentry","category-archiv-2010"],"yoast_head":"<!-- This site is optimized with the Yoast SEO plugin v27.4 - https:\/\/yoast.com\/product\/yoast-seo-wordpress\/ -->\n<title>Zrevitalizovan\u00fd park priniesol prv\u00e9 ovocie - Pova\u017esk\u00e9 m\u00fazeum<\/title>\n<meta name=\"robots\" content=\"index, follow, max-snippet:-1, max-image-preview:large, max-video-preview:-1\" \/>\n<link rel=\"canonical\" href=\"https:\/\/pmza.sk\/?p=1361\" \/>\n<meta property=\"og:locale\" content=\"sk_SK\" \/>\n<meta property=\"og:type\" content=\"article\" \/>\n<meta property=\"og:title\" content=\"Zrevitalizovan\u00fd park priniesol prv\u00e9 ovocie - Pova\u017esk\u00e9 m\u00fazeum\" \/>\n<meta property=\"og:description\" content=\"Tohoro\u010dn\u00e1 jese\u0148 v\u00a0are\u00e1li Budat\u00ednskeho hradu bola ve\u013emi zauj\u00edmav\u00e1 a\u00a0n\u00e1v\u0161tevn\u00edcky bohat\u00e1 najm\u00e4 na podujatia konaj\u00face sa v\u00a0zrevitalizovanom Budat\u00ednskom parku. Sl\u00e1vnostn\u00e9 otvorenie parku, spojen\u00e9 s\u00a0hudobn\u00fdm d\u0148om, pritiahlo nielen stovky nad\u0161encov hudby, ale predov\u0161etk\u00fdm pr\u00edvr\u017eencov my\u0161lienky komplexnej obnovy parku ako miesta oddychu a\u00a0jedine\u010dnej novej zelenej z\u00f3ny v\u00a0\u017diline. \u010eal\u0161ie podujatie\" \/>\n<meta property=\"og:url\" content=\"https:\/\/pmza.sk\/?p=1361\" \/>\n<meta property=\"og:site_name\" content=\"Pova\u017esk\u00e9 m\u00fazeum\" \/>\n<meta property=\"article:publisher\" content=\"https:\/\/www.facebook.com\/povazskemuzeum\" \/>\n<meta property=\"article:published_time\" content=\"2010-10-07T15:27:40+00:00\" \/>\n<meta property=\"og:image\" content=\"https:\/\/pmza.sk.sk\/wp-content\/uploads\/2010\/10\/P1010004-300x225.jpg\" \/>\n<meta name=\"author\" content=\"Pova\u017esk\u00e9 m\u00fazeum\" \/>\n<meta name=\"twitter:card\" content=\"summary_large_image\" \/>\n<meta name=\"twitter:label1\" content=\"Autor\" \/>\n\t<meta name=\"twitter:data1\" content=\"Pova\u017esk\u00e9 m\u00fazeum\" \/>\n\t<meta name=\"twitter:label2\" content=\"Predpokladan\u00fd \u010das \u010d\u00edtania\" \/>\n\t<meta name=\"twitter:data2\" content=\"2 min\u00faty\" \/>\n<script type=\"application\/ld+json\" class=\"yoast-schema-graph\">{\"@context\":\"https:\\\/\\\/schema.org\",\"@graph\":[{\"@type\":\"Article\",\"@id\":\"https:\\\/\\\/pmza.sk\\\/?p=1361#article\",\"isPartOf\":{\"@id\":\"https:\\\/\\\/pmza.sk\\\/?p=1361\"},\"author\":{\"name\":\"Pova\u017esk\u00e9 m\u00fazeum\",\"@id\":\"https:\\\/\\\/pmza.sk\\\/#\\\/schema\\\/person\\\/595e6a2ce731ea94dcd5d7f50a41ae33\"},\"headline\":\"Zrevitalizovan\u00fd park priniesol prv\u00e9 ovocie\",\"datePublished\":\"2010-10-07T15:27:40+00:00\",\"mainEntityOfPage\":{\"@id\":\"https:\\\/\\\/pmza.sk\\\/?p=1361\"},\"wordCount\":384,\"publisher\":{\"@id\":\"https:\\\/\\\/pmza.sk\\\/#organization\"},\"image\":{\"@id\":\"https:\\\/\\\/pmza.sk\\\/?p=1361#primaryimage\"},\"thumbnailUrl\":\"http:\\\/\\\/pmza.sk.sk\\\/wp-content\\\/uploads\\\/2010\\\/10\\\/P1010004-300x225.jpg\",\"articleSection\":[\"Arch\u00edv 2010\"],\"inLanguage\":\"sk-SK\"},{\"@type\":\"WebPage\",\"@id\":\"https:\\\/\\\/pmza.sk\\\/?p=1361\",\"url\":\"https:\\\/\\\/pmza.sk\\\/?p=1361\",\"name\":\"Zrevitalizovan\u00fd park priniesol prv\u00e9 ovocie - Pova\u017esk\u00e9 m\u00fazeum\",\"isPartOf\":{\"@id\":\"https:\\\/\\\/pmza.sk\\\/#website\"},\"primaryImageOfPage\":{\"@id\":\"https:\\\/\\\/pmza.sk\\\/?p=1361#primaryimage\"},\"image\":{\"@id\":\"https:\\\/\\\/pmza.sk\\\/?p=1361#primaryimage\"},\"thumbnailUrl\":\"http:\\\/\\\/pmza.sk.sk\\\/wp-content\\\/uploads\\\/2010\\\/10\\\/P1010004-300x225.jpg\",\"datePublished\":\"2010-10-07T15:27:40+00:00\",\"breadcrumb\":{\"@id\":\"https:\\\/\\\/pmza.sk\\\/?p=1361#breadcrumb\"},\"inLanguage\":\"sk-SK\",\"potentialAction\":[{\"@type\":\"ReadAction\",\"target\":[\"https:\\\/\\\/pmza.sk\\\/?p=1361\"]}]},{\"@type\":\"ImageObject\",\"inLanguage\":\"sk-SK\",\"@id\":\"https:\\\/\\\/pmza.sk\\\/?p=1361#primaryimage\",\"url\":\"http:\\\/\\\/pmza.sk.sk\\\/wp-content\\\/uploads\\\/2010\\\/10\\\/P1010004-300x225.jpg\",\"contentUrl\":\"http:\\\/\\\/pmza.sk.sk\\\/wp-content\\\/uploads\\\/2010\\\/10\\\/P1010004-300x225.jpg\"},{\"@type\":\"BreadcrumbList\",\"@id\":\"https:\\\/\\\/pmza.sk\\\/?p=1361#breadcrumb\",\"itemListElement\":[{\"@type\":\"ListItem\",\"position\":1,\"name\":\"Domovsk\u00e1 str\u00e1nka\",\"item\":\"https:\\\/\\\/pmza.sk\\\/\"},{\"@type\":\"ListItem\",\"position\":2,\"name\":\"Zrevitalizovan\u00fd park priniesol prv\u00e9 ovocie\"}]},{\"@type\":\"WebSite\",\"@id\":\"https:\\\/\\\/pmza.sk\\\/#website\",\"url\":\"https:\\\/\\\/pmza.sk\\\/\",\"name\":\"Pova\u017esk\u00e9 m\u00fazeum\",\"description\":\"Pova\u017esk\u00e9 m\u00fazeum v \u017diline je region\u00e1lne m\u00fazeum so s\u00eddlom v Budat\u00edne. Jeho expoz\u00edcie s\u00fa zameran\u00e9 na dejiny slovensk\u00e9ho umenia, kult\u00fary a dopravy.\",\"publisher\":{\"@id\":\"https:\\\/\\\/pmza.sk\\\/#organization\"},\"potentialAction\":[{\"@type\":\"SearchAction\",\"target\":{\"@type\":\"EntryPoint\",\"urlTemplate\":\"https:\\\/\\\/pmza.sk\\\/?s={search_term_string}\"},\"query-input\":{\"@type\":\"PropertyValueSpecification\",\"valueRequired\":true,\"valueName\":\"search_term_string\"}}],\"inLanguage\":\"sk-SK\"},{\"@type\":\"Organization\",\"@id\":\"https:\\\/\\\/pmza.sk\\\/#organization\",\"name\":\"Pova\u017esk\u00e9 m\u00fazeum\",\"url\":\"https:\\\/\\\/pmza.sk\\\/\",\"logo\":{\"@type\":\"ImageObject\",\"inLanguage\":\"sk-SK\",\"@id\":\"https:\\\/\\\/pmza.sk\\\/#\\\/schema\\\/logo\\\/image\\\/\",\"url\":\"https:\\\/\\\/pmza.sk\\\/wp-content\\\/uploads\\\/2022\\\/01\\\/logo_PM_horizontal.jpg\",\"contentUrl\":\"https:\\\/\\\/pmza.sk\\\/wp-content\\\/uploads\\\/2022\\\/01\\\/logo_PM_horizontal.jpg\",\"width\":231,\"height\":142,\"caption\":\"Pova\u017esk\u00e9 m\u00fazeum\"},\"image\":{\"@id\":\"https:\\\/\\\/pmza.sk\\\/#\\\/schema\\\/logo\\\/image\\\/\"},\"sameAs\":[\"https:\\\/\\\/www.facebook.com\\\/povazskemuzeum\",\"https:\\\/\\\/www.instagram.com\\\/povazskemuzeum\\\/\"]},{\"@type\":\"Person\",\"@id\":\"https:\\\/\\\/pmza.sk\\\/#\\\/schema\\\/person\\\/595e6a2ce731ea94dcd5d7f50a41ae33\",\"name\":\"Pova\u017esk\u00e9 m\u00fazeum\",\"image\":{\"@type\":\"ImageObject\",\"inLanguage\":\"sk-SK\",\"@id\":\"https:\\\/\\\/secure.gravatar.com\\\/avatar\\\/2bb7f1561282132fb5826dfeccc66c7996d11ee392ac6aaf7ced8a1c2027fbb2?s=96&d=mm&r=g\",\"url\":\"https:\\\/\\\/secure.gravatar.com\\\/avatar\\\/2bb7f1561282132fb5826dfeccc66c7996d11ee392ac6aaf7ced8a1c2027fbb2?s=96&d=mm&r=g\",\"contentUrl\":\"https:\\\/\\\/secure.gravatar.com\\\/avatar\\\/2bb7f1561282132fb5826dfeccc66c7996d11ee392ac6aaf7ced8a1c2027fbb2?s=96&d=mm&r=g\",\"caption\":\"Pova\u017esk\u00e9 m\u00fazeum\"}}]}<\/script>\n<!-- \/ Yoast SEO plugin. -->","yoast_head_json":{"title":"Zrevitalizovan\u00fd park priniesol prv\u00e9 ovocie - Pova\u017esk\u00e9 m\u00fazeum","robots":{"index":"index","follow":"follow","max-snippet":"max-snippet:-1","max-image-preview":"max-image-preview:large","max-video-preview":"max-video-preview:-1"},"canonical":"https:\/\/pmza.sk\/?p=1361","og_locale":"sk_SK","og_type":"article","og_title":"Zrevitalizovan\u00fd park priniesol prv\u00e9 ovocie - Pova\u017esk\u00e9 m\u00fazeum","og_description":"Tohoro\u010dn\u00e1 jese\u0148 v\u00a0are\u00e1li Budat\u00ednskeho hradu bola ve\u013emi zauj\u00edmav\u00e1 a\u00a0n\u00e1v\u0161tevn\u00edcky bohat\u00e1 najm\u00e4 na podujatia konaj\u00face sa v\u00a0zrevitalizovanom Budat\u00ednskom parku. Sl\u00e1vnostn\u00e9 otvorenie parku, spojen\u00e9 s\u00a0hudobn\u00fdm d\u0148om, pritiahlo nielen stovky nad\u0161encov hudby, ale predov\u0161etk\u00fdm pr\u00edvr\u017eencov my\u0161lienky komplexnej obnovy parku ako miesta oddychu a\u00a0jedine\u010dnej novej zelenej z\u00f3ny v\u00a0\u017diline. \u010eal\u0161ie podujatie","og_url":"https:\/\/pmza.sk\/?p=1361","og_site_name":"Pova\u017esk\u00e9 m\u00fazeum","article_publisher":"https:\/\/www.facebook.com\/povazskemuzeum","article_published_time":"2010-10-07T15:27:40+00:00","og_image":[{"url":"https:\/\/pmza.sk.sk\/wp-content\/uploads\/2010\/10\/P1010004-300x225.jpg","type":"","width":"","height":""}],"author":"Pova\u017esk\u00e9 m\u00fazeum","twitter_card":"summary_large_image","twitter_misc":{"Autor":"Pova\u017esk\u00e9 m\u00fazeum","Predpokladan\u00fd \u010das \u010d\u00edtania":"2 min\u00faty"},"schema":{"@context":"https:\/\/schema.org","@graph":[{"@type":"Article","@id":"https:\/\/pmza.sk\/?p=1361#article","isPartOf":{"@id":"https:\/\/pmza.sk\/?p=1361"},"author":{"name":"Pova\u017esk\u00e9 m\u00fazeum","@id":"https:\/\/pmza.sk\/#\/schema\/person\/595e6a2ce731ea94dcd5d7f50a41ae33"},"headline":"Zrevitalizovan\u00fd park priniesol prv\u00e9 ovocie","datePublished":"2010-10-07T15:27:40+00:00","mainEntityOfPage":{"@id":"https:\/\/pmza.sk\/?p=1361"},"wordCount":384,"publisher":{"@id":"https:\/\/pmza.sk\/#organization"},"image":{"@id":"https:\/\/pmza.sk\/?p=1361#primaryimage"},"thumbnailUrl":"https:\/\/pmza.sk.sk\/wp-content\/uploads\/2010\/10\/P1010004-300x225.jpg","articleSection":["Arch\u00edv 2010"],"inLanguage":"sk-SK"},{"@type":"WebPage","@id":"https:\/\/pmza.sk\/?p=1361","url":"https:\/\/pmza.sk\/?p=1361","name":"Zrevitalizovan\u00fd park priniesol prv\u00e9 ovocie - Pova\u017esk\u00e9 m\u00fazeum","isPartOf":{"@id":"https:\/\/pmza.sk\/#website"},"primaryImageOfPage":{"@id":"https:\/\/pmza.sk\/?p=1361#primaryimage"},"image":{"@id":"https:\/\/pmza.sk\/?p=1361#primaryimage"},"thumbnailUrl":"https:\/\/pmza.sk.sk\/wp-content\/uploads\/2010\/10\/P1010004-300x225.jpg","datePublished":"2010-10-07T15:27:40+00:00","breadcrumb":{"@id":"https:\/\/pmza.sk\/?p=1361#breadcrumb"},"inLanguage":"sk-SK","potentialAction":[{"@type":"ReadAction","target":["https:\/\/pmza.sk\/?p=1361"]}]},{"@type":"ImageObject","inLanguage":"sk-SK","@id":"https:\/\/pmza.sk\/?p=1361#primaryimage","url":"https:\/\/pmza.sk.sk\/wp-content\/uploads\/2010\/10\/P1010004-300x225.jpg","contentUrl":"https:\/\/pmza.sk.sk\/wp-content\/uploads\/2010\/10\/P1010004-300x225.jpg"},{"@type":"BreadcrumbList","@id":"https:\/\/pmza.sk\/?p=1361#breadcrumb","itemListElement":[{"@type":"ListItem","position":1,"name":"Domovsk\u00e1 str\u00e1nka","item":"https:\/\/pmza.sk\/"},{"@type":"ListItem","position":2,"name":"Zrevitalizovan\u00fd park priniesol prv\u00e9 ovocie"}]},{"@type":"WebSite","@id":"https:\/\/pmza.sk\/#website","url":"https:\/\/pmza.sk\/","name":"Pova\u017esk\u00e9 m\u00fazeum","description":"Pova\u017esk\u00e9 m\u00fazeum v \u017diline je region\u00e1lne m\u00fazeum so s\u00eddlom v Budat\u00edne. Jeho expoz\u00edcie s\u00fa zameran\u00e9 na dejiny slovensk\u00e9ho umenia, kult\u00fary a dopravy.","publisher":{"@id":"https:\/\/pmza.sk\/#organization"},"potentialAction":[{"@type":"SearchAction","target":{"@type":"EntryPoint","urlTemplate":"https:\/\/pmza.sk\/?s={search_term_string}"},"query-input":{"@type":"PropertyValueSpecification","valueRequired":true,"valueName":"search_term_string"}}],"inLanguage":"sk-SK"},{"@type":"Organization","@id":"https:\/\/pmza.sk\/#organization","name":"Pova\u017esk\u00e9 m\u00fazeum","url":"https:\/\/pmza.sk\/","logo":{"@type":"ImageObject","inLanguage":"sk-SK","@id":"https:\/\/pmza.sk\/#\/schema\/logo\/image\/","url":"https:\/\/pmza.sk\/wp-content\/uploads\/2022\/01\/logo_PM_horizontal.jpg","contentUrl":"https:\/\/pmza.sk\/wp-content\/uploads\/2022\/01\/logo_PM_horizontal.jpg","width":231,"height":142,"caption":"Pova\u017esk\u00e9 m\u00fazeum"},"image":{"@id":"https:\/\/pmza.sk\/#\/schema\/logo\/image\/"},"sameAs":["https:\/\/www.facebook.com\/povazskemuzeum","https:\/\/www.instagram.com\/povazskemuzeum\/"]},{"@type":"Person","@id":"https:\/\/pmza.sk\/#\/schema\/person\/595e6a2ce731ea94dcd5d7f50a41ae33","name":"Pova\u017esk\u00e9 m\u00fazeum","image":{"@type":"ImageObject","inLanguage":"sk-SK","@id":"https:\/\/secure.gravatar.com\/avatar\/2bb7f1561282132fb5826dfeccc66c7996d11ee392ac6aaf7ced8a1c2027fbb2?s=96&d=mm&r=g","url":"https:\/\/secure.gravatar.com\/avatar\/2bb7f1561282132fb5826dfeccc66c7996d11ee392ac6aaf7ced8a1c2027fbb2?s=96&d=mm&r=g","contentUrl":"https:\/\/secure.gravatar.com\/avatar\/2bb7f1561282132fb5826dfeccc66c7996d11ee392ac6aaf7ced8a1c2027fbb2?s=96&d=mm&r=g","caption":"Pova\u017esk\u00e9 m\u00fazeum"}}]}},"_links":{"self":[{"href":"https:\/\/pmza.sk\/index.php?rest_route=\/wp\/v2\/posts\/1361","targetHints":{"allow":["GET"]}}],"collection":[{"href":"https:\/\/pmza.sk\/index.php?rest_route=\/wp\/v2\/posts"}],"about":[{"href":"https:\/\/pmza.sk\/index.php?rest_route=\/wp\/v2\/types\/post"}],"author":[{"embeddable":true,"href":"https:\/\/pmza.sk\/index.php?rest_route=\/wp\/v2\/users\/2"}],"replies":[{"embeddable":true,"href":"https:\/\/pmza.sk\/index.php?rest_route=%2Fwp%2Fv2%2Fcomments&post=1361"}],"version-history":[{"count":0,"href":"https:\/\/pmza.sk\/index.php?rest_route=\/wp\/v2\/posts\/1361\/revisions"}],"wp:attachment":[{"href":"https:\/\/pmza.sk\/index.php?rest_route=%2Fwp%2Fv2%2Fmedia&parent=1361"}],"wp:term":[{"taxonomy":"category","embeddable":true,"href":"https:\/\/pmza.sk\/index.php?rest_route=%2Fwp%2Fv2%2Fcategories&post=1361"},{"taxonomy":"post_tag","embeddable":true,"href":"https:\/\/pmza.sk\/index.php?rest_route=%2Fwp%2Fv2%2Ftags&post=1361"}],"curies":[{"name":"wp","href":"https:\/\/api.w.org\/{rel}","templated":true}]}}