{"id":13673,"date":"2015-09-16T10:59:05","date_gmt":"2015-09-16T08:59:05","guid":{"rendered":"https:\/\/pmza.sk.sk\/?p=13673"},"modified":"2015-09-16T10:59:05","modified_gmt":"2015-09-16T08:59:05","slug":"stuzkova-po-stopach-juraja-turzu","status":"publish","type":"post","link":"https:\/\/pmza.sk\/?p=13673","title":{"rendered":"Stu\u017ekov\u00e1 &#8211; Po stop\u00e1ch Juraja Turzu"},"content":{"rendered":"<p><strong><em>S\u00fa\u0165a\u017e o realiz\u00e1ciu stu\u017ekovej sl\u00e1vnosti v Sob\u00e1\u0161nom pal\u00e1ci v Byt\u010di<\/em><\/strong><\/p>\n<p>Vyhlasovate\u013e \u2013 \u017dilinsk\u00fd samospr\u00e1vny kraj<\/p>\n<p>Organiza\u010dn\u00fd garant \u2013 Pova\u017esk\u00e9 m\u00fazeum v \u017diline<\/p>\n<h2><strong>1. Z\u00e1kladn\u00e1 charakteristika s\u00fa\u0165a\u017ee<\/strong><\/h2>\n<p>V s\u00favislosti s platn\u00fdmi pr\u00e1vnymi predpismi \u2013 Z\u00e1kon NR SR \u010d. 49\/2002 Z.z. o ochrane pamiatkov\u00e9ho fondu \u00a7 27,28,29,30, Z\u00e1kon \u010d. 206\/2009 Z.z. o m\u00faze\u00e1ch a o gal\u00e9ri\u00e1ch a o ochrane predmetov kult\u00farnej hodnoty a o zmene z\u00e1kona Slovenskej n\u00e1rodnej rady \u010d. 372\/1990 Zb. o priestupkoch v znen\u00ed neskor\u0161\u00edch predpisov a s\u00fa\u010dasne platn\u00e1 Zmluva o poskytnut\u00ed nen\u00e1vratn\u00e9ho finan\u010dn\u00e9ho pr\u00edspevku z Finan\u010dn\u00e9ho mechanizmu EHP, N\u00f3rskeho finan\u010dn\u00e9ho mechanizmu a zo \u0161t\u00e1tneho rozpo\u010dtu SR s referen\u010dn\u00fdm \u010d\u00edslom \u00daFM:SK0034, z\u00e1v\u00e4zn\u00e9 stanovisko \u017dSK Odboru kult\u00fary \u010d. 8011\/2009\/OK-002 zo d\u0148a 04.12.2009, intern\u00e1 smernicou \u010d. 1\/2010 Pova\u017esk\u00e9ho m\u00fazea v \u017diline o Podmienkach vyu\u017e\u00edvania priestorov Sob\u00e1\u0161neho pal\u00e1ca v Byt\u010di pr\u00e1vnick\u00fdmi a fyzick\u00fdmi osobami na podujatia a v\u00fdsledok prieskumu o z\u00e1ujme verejnosti vyu\u017eitia Sob\u00e1\u0161neho pal\u00e1ca v Byt\u010di \u2013 bola ur\u010den\u00e1 frekvencia typu podujatia \u2013 stu\u017ekov\u00e1 sl\u00e1vnos\u0165 1x ro\u010dne, v\u00fdlu\u010dne pre \u0161tudentov maturitn\u00fdch ro\u010dn\u00edkov stredn\u00fdch \u0161k\u00f4l v zria\u010fovate\u013eskej p\u00f4sobnosti \u017dilinsk\u00e9ho samospr\u00e1vneho kraja. Z tohto d\u00f4vodu je vyhl\u00e1sen\u00fd piaty ro\u010dn\u00edk s\u00fa\u0165a\u017ee pod n\u00e1zvom \u201eStu\u017ekov\u00e1 \u2013 Po stop\u00e1ch Juraja Turzu\u201c ur\u010denej <em><strong>z\u00e1ujemcom o realiz\u00e1ciu stu\u017ekovej sl\u00e1vnosti v priestoroch Sob\u00e1\u0161neho pal\u00e1ca v Byt\u010di v roku 2016.<\/strong><\/em><\/p>\n<p><strong>2. Vyhl\u00e1senie s\u00fa\u0165a\u017ee<\/strong><\/p>\n<p><span style=\"font-size: 10.5pt; color: black;\">S\u00fa\u0165a\u017e sa vyhlasuje d\u0148a 21. novembra \u00a02015 a\u00a0je zverejnen\u00e1 na www.pmza.sk.<\/span><\/p>\n<p><strong>3. Krit\u00e9ria a\u00a0podmienky \u00fa\u010dasti<\/strong><\/p>\n<p>Z\u00e1kladnou podmienkou s\u00fa\u0165a\u017ee je umeleck\u00e9 stv\u00e1rnenie v\u00fdznamn\u00e9ho uhorsk\u00e9ho palat\u00edna Juraja Turzu a jeho doby v \u017e\u00e1nroch (vi\u010f 3.1, 3.2, 3.3 ) a v nasleduj\u00facich t\u00e9mach:<\/p>\n<ul>\n<li>\u00a0Juraj Turzo- renesan\u010dn\u00fd \u010dlovek<\/li>\n<li>\u00a0Juraj Turzo ako miluj\u00faci otec svojich 6 dc\u00e9r<\/li>\n<li>Povinnosti uhorsk\u00e9ho palat\u00edna<\/li>\n<li>Juraj Turzo a Al\u017ebeta B\u00e1toriov\u00e1<\/li>\n<li>Juraj Turzo a \u017dilinsk\u00e1 synoda<\/li>\n<li>Predstava svadobnej hostiny v Sob\u00e1\u0161nom pal\u00e1ci v Byt\u010di v roku 1612<\/li>\n<li>\u010co Juraj Turzo vo svojom \u017eivote nestihol<\/li>\n<li>Architektonick\u00e9 pamiatky sp\u00e4t\u00e9 s Turzom<\/li>\n<li>Juraj Turzo a m\u00f4j regi\u00f3n<\/li>\n<\/ul>\n<p><span style=\"font-size: 18.0pt; color: black; font-weight: normal;\">3.1.\u00a0Fotografia<\/span><\/p>\n<p>Akceptovan\u00e9 bud\u00fa fotografie \u010diernobiele, farebn\u00e9 alebo multimedi\u00e1lne prezent\u00e1cie fotografi\u00ed, ktor\u00e9 maj\u00fa jednotn\u00fa dejov\u00fa a v\u00fdtvarn\u00fa l\u00edniu (max. do 3 min.) Form\u00e1t: Pre kateg\u00f3rie \u010diernobielych a farebn\u00fdch fotografi\u00ed je ur\u010den\u00fd form\u00e1t 30 x 40 cm a jeho odvodeniny pri zachovan\u00ed rozmeru dlh\u0161ej strany; ako i \u0161tvorcov\u00fd rozmer 30 x 30 cm. Pre kateg\u00f3riu multimedi\u00e1lnej prezent\u00e1cie fotografi\u00ed, ktor\u00e9 maj\u00fa jednotn\u00fa dejov\u00fa a v\u00fdtvarn\u00fa l\u00edniu, je stanoven\u00fd form\u00e1t prehratia Power Point alebo DVD-video; prezent\u00e1cia nesmie presiahnu\u0165 d\u013a\u017eku 3 min\u00fat.<\/p>\n<p><span style=\"font-size: 18.0pt; color: black; font-weight: normal;\">3.2\u00a0V\u00fdtvarn\u00e1 tvorba<\/span><\/p>\n<p>Akceptovan\u00e9 bud\u00fa v\u00fdtvarn\u00e9 diela v\u0161etk\u00fdch vo\u013en\u00fdch v\u00fdtvarn\u00fdch discipl\u00edn: plo\u0161n\u00e9 pr\u00e1ce spracovan\u00e9 v\u00fdtvarn\u00fdmi technikami: ma\u013eba (olej, tempera, akryl, pastel,\u2026), grafika (kresba ceruzou, uh\u013eom, rudkou, tu\u0161om, such\u00e1 ihla, akvatinta, linoryt, drevoryt, lept,\u2026 ), kombinovan\u00e9 techniky (kol\u00e1\u017e, frot\u00e1\u017e,monotypia,..) Akceptuj\u00fa sa autorsk\u00e9 aj kolekt\u00edvne diela Form\u00e1ty v\u00fdtvarn\u00fdch pr\u00e1c: min. A3, max. A1<\/p>\n<p><span style=\"font-size: 18.0pt; color: black; font-weight: normal;\">3.3\u00a0Literat\u00fara<\/span><\/p>\n<p>Akceptovan\u00e9 bud\u00fa v\u0161etky prozaick\u00e9, poetick\u00e9 liter\u00e1rne \u00fatvary. Liter\u00e1rny druh sa nevymedzuje (b\u00e1sne, rozpr\u00e1vky, poviedky, report\u00e1\u017ee, cestopisy, dramatick\u00e9 \u00fatvary, povesti, eseje a i.). Form\u00e1t: V po\u00e9zii jedna b\u00e1se\u0148 alebo s\u00fabor b\u00e1sn\u00ed v maxim\u00e1lnom rozsahu spolu 90 ver\u0161ov . V pr\u00f3ze jedna pr\u00f3za alebo s\u00fabor pr\u00f3z v maxim\u00e1lnom rozsahu spolu 10 normostr\u00e1n (1 normostrana = 1800 znakov s medzerami). Typ p\u00edsma: Times New Roman, 12, norm\u00e1lne Odovzda\u0165 vo form\u00e1te .doc na CD\/DVD Podmienkou s\u00fa\u0165a\u017ee je zasla\u0165 \u013eubovo\u013en\u00fd po\u010det pr\u00e1c na uveden\u00e9 t\u00e9my, jedna trieda v ka\u017edom \u017e\u00e1nri v\u0161ak minim\u00e1lne po tri pr\u00e1ce. Ka\u017ed\u00e1 pr\u00e1ca mus\u00ed by\u0165 opatren\u00e1 identifika\u010dn\u00fdmi \u00fadajmi ako meno, priezvisko, adresa, trieda, n\u00e1zov diela. Pr\u00e1ce sa st\u00e1vaj\u00fa majetkom Pova\u017esk\u00e9ho m\u00fazea v \u017diline.<\/p>\n<p><strong>4. Uz\u00e1vierka s\u00fa\u0165a\u017ee<\/strong><\/p>\n<p>S\u00fa\u0165a\u017eiaca trieda pri splnen\u00ed vy\u0161\u0161ie uveden\u00fdch pravidiel mus\u00ed doru\u010di\u0165\u00a0 minim\u00e1lne dev\u00e4\u0165 pr\u00e1c\u00a0 spolu so \u017eiados\u0165ou o vyu\u017eitie priestorov Sob\u00e1\u0161neho pal\u00e1ca v\u00a0Byt\u010di \u00a0p\u00edsomne (doporu\u010dene), alebo fyzicky na adresu Pova\u017esk\u00e9 m\u00fazeum v\u00a0\u017diline, Topo\u013eov\u00e1 1, 010 03 \u017dilina najnesk\u00f4r do 31. marca\u00a0 2016. Tla\u010divo \u017eiadosti je pr\u00edstupn\u00e9 na str\u00e1nke\u00a0<a style=\"font-style: inherit; font-weight: inherit;\" href=\"http:\/\/www.pmza.sk\/\">www.pmza.sk<\/a>\u00a0alebo na sekretari\u00e1te riadite\u013ea Pova\u017esk\u00e9ho m\u00fazea v\u00a0\u017diline.<\/p>\n<p><strong>5. Vyhodnotenie s\u00fa\u0165a\u017ee:<\/strong><\/p>\n<p>Pr\u00e1ce v jednotliv\u00fdch umeleck\u00fdch \u017e\u00e1nroch bud\u00fa hodnoten\u00e9 odborn\u00fdmi porotami, v ka\u017edom \u017e\u00e1nri bude ur\u010den\u00e1 v\u00ed\u0165azn\u00e1 pr\u00e1ca, ktorej autor alebo kolekt\u00edv autorov bude odmenen\u00fd vecnou cenou. Najlep\u0161ie fotografie a v\u00fdtvarn\u00e9 pr\u00e1ce m\u00f4\u017eu by\u0165 vystaven\u00e9 v priestoroch Sob\u00e1\u0161neho pal\u00e1ca v Byt\u010di v novembri 2016. Celkov\u00e9 vyhodnotenie s\u00fa\u0165a\u017ee sa uskuto\u010dn\u00ed v m\u00e1ji 2016 v Sob\u00e1\u0161nom pal\u00e1ci v Byt\u010di a bude spojen\u00e9 so \u017erebovan\u00edm triedy, ktor\u00e1 z\u00edska mo\u017enos\u0165 realiz\u00e1cie stu\u017ekovej sl\u00e1vnosti v priestoroch Sob\u00e1\u0161neho pal\u00e1ca v Byt\u010di v roku 2016.<\/p>\n<h2><strong>6. Kontakt<\/strong><\/h2>\n<p>Pova\u017esk\u00e9 m\u00fazeum v \u017diline Topo\u013eov\u00e1 1 010 03 \u017dilina<\/p>\n<p>Tel: + 421 41 500 15 11<\/p>\n<p>muzeum@pmza.skwww.pmza.sk<\/p>\n","protected":false},"excerpt":{"rendered":"<p>S\u00fa\u0165a\u017e o realiz\u00e1ciu stu\u017ekovej sl\u00e1vnosti v Sob\u00e1\u0161nom pal\u00e1ci v Byt\u010di Vyhlasovate\u013e \u2013 \u017dilinsk\u00fd samospr\u00e1vny kraj Organiza\u010dn\u00fd garant \u2013 Pova\u017esk\u00e9 m\u00fazeum v \u017diline 1. Z\u00e1kladn\u00e1 charakteristika s\u00fa\u0165a\u017ee V s\u00favislosti s platn\u00fdmi pr\u00e1vnymi predpismi \u2013 Z\u00e1kon NR SR \u010d. 49\/2002 Z.z. o ochrane pamiatkov\u00e9ho fondu \u00a7 27,28,29,30, Z\u00e1kon \u010d. 206\/2009 Z.z. o m\u00faze\u00e1ch a o gal\u00e9ri\u00e1ch a [&hellip;]<\/p>\n","protected":false},"author":2,"featured_media":13674,"comment_status":"closed","ping_status":"closed","sticky":false,"template":"","format":"standard","meta":{"site-sidebar-layout":"default","site-content-layout":"","ast-site-content-layout":"","site-content-style":"default","site-sidebar-style":"default","ast-global-header-display":"","ast-banner-title-visibility":"","ast-main-header-display":"","ast-hfb-above-header-display":"","ast-hfb-below-header-display":"","ast-hfb-mobile-header-display":"","site-post-title":"","ast-breadcrumbs-content":"","ast-featured-img":"","footer-sml-layout":"","theme-transparent-header-meta":"","adv-header-id-meta":"","stick-header-meta":"","header-above-stick-meta":"","header-main-stick-meta":"","header-below-stick-meta":"","astra-migrate-meta-layouts":"default","ast-page-background-enabled":"default","ast-page-background-meta":{"desktop":{"background-color":"var(--ast-global-color-4)","background-image":"","background-repeat":"repeat","background-position":"center center","background-size":"auto","background-attachment":"scroll","background-type":"","background-media":"","overlay-type":"","overlay-color":"","overlay-opacity":"","overlay-gradient":""},"tablet":{"background-color":"","background-image":"","background-repeat":"repeat","background-position":"center center","background-size":"auto","background-attachment":"scroll","background-type":"","background-media":"","overlay-type":"","overlay-color":"","overlay-opacity":"","overlay-gradient":""},"mobile":{"background-color":"","background-image":"","background-repeat":"repeat","background-position":"center center","background-size":"auto","background-attachment":"scroll","background-type":"","background-media":"","overlay-type":"","overlay-color":"","overlay-opacity":"","overlay-gradient":""}},"ast-content-background-meta":{"desktop":{"background-color":"var(--ast-global-color-5)","background-image":"","background-repeat":"repeat","background-position":"center center","background-size":"auto","background-attachment":"scroll","background-type":"","background-media":"","overlay-type":"","overlay-color":"","overlay-opacity":"","overlay-gradient":""},"tablet":{"background-color":"var(--ast-global-color-5)","background-image":"","background-repeat":"repeat","background-position":"center center","background-size":"auto","background-attachment":"scroll","background-type":"","background-media":"","overlay-type":"","overlay-color":"","overlay-opacity":"","overlay-gradient":""},"mobile":{"background-color":"var(--ast-global-color-5)","background-image":"","background-repeat":"repeat","background-position":"center center","background-size":"auto","background-attachment":"scroll","background-type":"","background-media":"","overlay-type":"","overlay-color":"","overlay-opacity":"","overlay-gradient":""}},"footnotes":""},"categories":[38],"tags":[],"class_list":["post-13673","post","type-post","status-publish","format-standard","has-post-thumbnail","hentry","category-archiv-2015"],"yoast_head":"<!-- This site is optimized with the Yoast SEO plugin v27.4 - https:\/\/yoast.com\/product\/yoast-seo-wordpress\/ -->\n<title>Stu\u017ekov\u00e1 - Po stop\u00e1ch Juraja Turzu - Pova\u017esk\u00e9 m\u00fazeum<\/title>\n<meta name=\"robots\" content=\"index, follow, max-snippet:-1, max-image-preview:large, max-video-preview:-1\" \/>\n<link rel=\"canonical\" href=\"https:\/\/pmza.sk\/?p=13673\" \/>\n<meta property=\"og:locale\" content=\"sk_SK\" \/>\n<meta property=\"og:type\" content=\"article\" \/>\n<meta property=\"og:title\" content=\"Stu\u017ekov\u00e1 - Po stop\u00e1ch Juraja Turzu - Pova\u017esk\u00e9 m\u00fazeum\" \/>\n<meta property=\"og:description\" content=\"S\u00fa\u0165a\u017e o realiz\u00e1ciu stu\u017ekovej sl\u00e1vnosti v Sob\u00e1\u0161nom pal\u00e1ci v Byt\u010di Vyhlasovate\u013e \u2013 \u017dilinsk\u00fd samospr\u00e1vny kraj Organiza\u010dn\u00fd garant \u2013 Pova\u017esk\u00e9 m\u00fazeum v \u017diline 1. Z\u00e1kladn\u00e1 charakteristika s\u00fa\u0165a\u017ee V s\u00favislosti s platn\u00fdmi pr\u00e1vnymi predpismi \u2013 Z\u00e1kon NR SR \u010d. 49\/2002 Z.z. o ochrane pamiatkov\u00e9ho fondu \u00a7 27,28,29,30, Z\u00e1kon \u010d. 206\/2009 Z.z. o m\u00faze\u00e1ch a o gal\u00e9ri\u00e1ch a [&hellip;]\" \/>\n<meta property=\"og:url\" content=\"https:\/\/pmza.sk\/?p=13673\" \/>\n<meta property=\"og:site_name\" content=\"Pova\u017esk\u00e9 m\u00fazeum\" \/>\n<meta property=\"article:publisher\" content=\"https:\/\/www.facebook.com\/povazskemuzeum\" \/>\n<meta property=\"article:published_time\" content=\"2015-09-16T08:59:05+00:00\" \/>\n<meta property=\"og:image\" content=\"https:\/\/pmza.sk\/wp-content\/uploads\/2015\/09\/Stuzkova-SPvB.jpg\" \/>\n\t<meta property=\"og:image:width\" content=\"329\" \/>\n\t<meta property=\"og:image:height\" content=\"494\" \/>\n\t<meta property=\"og:image:type\" content=\"image\/jpeg\" \/>\n<meta name=\"author\" content=\"Pova\u017esk\u00e9 m\u00fazeum\" \/>\n<meta name=\"twitter:card\" content=\"summary_large_image\" \/>\n<meta name=\"twitter:label1\" content=\"Autor\" \/>\n\t<meta name=\"twitter:data1\" content=\"Pova\u017esk\u00e9 m\u00fazeum\" \/>\n\t<meta name=\"twitter:label2\" content=\"Predpokladan\u00fd \u010das \u010d\u00edtania\" \/>\n\t<meta name=\"twitter:data2\" content=\"5 min\u00fat\" \/>\n<script type=\"application\/ld+json\" class=\"yoast-schema-graph\">{\"@context\":\"https:\\\/\\\/schema.org\",\"@graph\":[{\"@type\":\"Article\",\"@id\":\"https:\\\/\\\/pmza.sk\\\/?p=13673#article\",\"isPartOf\":{\"@id\":\"https:\\\/\\\/pmza.sk\\\/?p=13673\"},\"author\":{\"name\":\"Pova\u017esk\u00e9 m\u00fazeum\",\"@id\":\"https:\\\/\\\/pmza.sk\\\/#\\\/schema\\\/person\\\/595e6a2ce731ea94dcd5d7f50a41ae33\"},\"headline\":\"Stu\u017ekov\u00e1 &#8211; Po stop\u00e1ch Juraja Turzu\",\"datePublished\":\"2015-09-16T08:59:05+00:00\",\"mainEntityOfPage\":{\"@id\":\"https:\\\/\\\/pmza.sk\\\/?p=13673\"},\"wordCount\":926,\"publisher\":{\"@id\":\"https:\\\/\\\/pmza.sk\\\/#organization\"},\"image\":{\"@id\":\"https:\\\/\\\/pmza.sk\\\/?p=13673#primaryimage\"},\"thumbnailUrl\":\"https:\\\/\\\/pmza.sk\\\/wp-content\\\/uploads\\\/2015\\\/09\\\/Stuzkova-SPvB.jpg\",\"articleSection\":[\"Arch\u00edv 2015\"],\"inLanguage\":\"sk-SK\"},{\"@type\":\"WebPage\",\"@id\":\"https:\\\/\\\/pmza.sk\\\/?p=13673\",\"url\":\"https:\\\/\\\/pmza.sk\\\/?p=13673\",\"name\":\"Stu\u017ekov\u00e1 - Po stop\u00e1ch Juraja Turzu - Pova\u017esk\u00e9 m\u00fazeum\",\"isPartOf\":{\"@id\":\"https:\\\/\\\/pmza.sk\\\/#website\"},\"primaryImageOfPage\":{\"@id\":\"https:\\\/\\\/pmza.sk\\\/?p=13673#primaryimage\"},\"image\":{\"@id\":\"https:\\\/\\\/pmza.sk\\\/?p=13673#primaryimage\"},\"thumbnailUrl\":\"https:\\\/\\\/pmza.sk\\\/wp-content\\\/uploads\\\/2015\\\/09\\\/Stuzkova-SPvB.jpg\",\"datePublished\":\"2015-09-16T08:59:05+00:00\",\"breadcrumb\":{\"@id\":\"https:\\\/\\\/pmza.sk\\\/?p=13673#breadcrumb\"},\"inLanguage\":\"sk-SK\",\"potentialAction\":[{\"@type\":\"ReadAction\",\"target\":[\"https:\\\/\\\/pmza.sk\\\/?p=13673\"]}]},{\"@type\":\"ImageObject\",\"inLanguage\":\"sk-SK\",\"@id\":\"https:\\\/\\\/pmza.sk\\\/?p=13673#primaryimage\",\"url\":\"https:\\\/\\\/pmza.sk\\\/wp-content\\\/uploads\\\/2015\\\/09\\\/Stuzkova-SPvB.jpg\",\"contentUrl\":\"https:\\\/\\\/pmza.sk\\\/wp-content\\\/uploads\\\/2015\\\/09\\\/Stuzkova-SPvB.jpg\",\"width\":329,\"height\":494},{\"@type\":\"BreadcrumbList\",\"@id\":\"https:\\\/\\\/pmza.sk\\\/?p=13673#breadcrumb\",\"itemListElement\":[{\"@type\":\"ListItem\",\"position\":1,\"name\":\"Domovsk\u00e1 str\u00e1nka\",\"item\":\"https:\\\/\\\/pmza.sk\\\/\"},{\"@type\":\"ListItem\",\"position\":2,\"name\":\"Stu\u017ekov\u00e1 &#8211; Po stop\u00e1ch Juraja Turzu\"}]},{\"@type\":\"WebSite\",\"@id\":\"https:\\\/\\\/pmza.sk\\\/#website\",\"url\":\"https:\\\/\\\/pmza.sk\\\/\",\"name\":\"Pova\u017esk\u00e9 m\u00fazeum\",\"description\":\"Pova\u017esk\u00e9 m\u00fazeum v \u017diline je region\u00e1lne m\u00fazeum so s\u00eddlom v Budat\u00edne. Jeho expoz\u00edcie s\u00fa zameran\u00e9 na dejiny slovensk\u00e9ho umenia, kult\u00fary a dopravy.\",\"publisher\":{\"@id\":\"https:\\\/\\\/pmza.sk\\\/#organization\"},\"potentialAction\":[{\"@type\":\"SearchAction\",\"target\":{\"@type\":\"EntryPoint\",\"urlTemplate\":\"https:\\\/\\\/pmza.sk\\\/?s={search_term_string}\"},\"query-input\":{\"@type\":\"PropertyValueSpecification\",\"valueRequired\":true,\"valueName\":\"search_term_string\"}}],\"inLanguage\":\"sk-SK\"},{\"@type\":\"Organization\",\"@id\":\"https:\\\/\\\/pmza.sk\\\/#organization\",\"name\":\"Pova\u017esk\u00e9 m\u00fazeum\",\"url\":\"https:\\\/\\\/pmza.sk\\\/\",\"logo\":{\"@type\":\"ImageObject\",\"inLanguage\":\"sk-SK\",\"@id\":\"https:\\\/\\\/pmza.sk\\\/#\\\/schema\\\/logo\\\/image\\\/\",\"url\":\"https:\\\/\\\/pmza.sk\\\/wp-content\\\/uploads\\\/2022\\\/01\\\/logo_PM_horizontal.jpg\",\"contentUrl\":\"https:\\\/\\\/pmza.sk\\\/wp-content\\\/uploads\\\/2022\\\/01\\\/logo_PM_horizontal.jpg\",\"width\":231,\"height\":142,\"caption\":\"Pova\u017esk\u00e9 m\u00fazeum\"},\"image\":{\"@id\":\"https:\\\/\\\/pmza.sk\\\/#\\\/schema\\\/logo\\\/image\\\/\"},\"sameAs\":[\"https:\\\/\\\/www.facebook.com\\\/povazskemuzeum\",\"https:\\\/\\\/www.instagram.com\\\/povazskemuzeum\\\/\"]},{\"@type\":\"Person\",\"@id\":\"https:\\\/\\\/pmza.sk\\\/#\\\/schema\\\/person\\\/595e6a2ce731ea94dcd5d7f50a41ae33\",\"name\":\"Pova\u017esk\u00e9 m\u00fazeum\",\"image\":{\"@type\":\"ImageObject\",\"inLanguage\":\"sk-SK\",\"@id\":\"https:\\\/\\\/secure.gravatar.com\\\/avatar\\\/2bb7f1561282132fb5826dfeccc66c7996d11ee392ac6aaf7ced8a1c2027fbb2?s=96&d=mm&r=g\",\"url\":\"https:\\\/\\\/secure.gravatar.com\\\/avatar\\\/2bb7f1561282132fb5826dfeccc66c7996d11ee392ac6aaf7ced8a1c2027fbb2?s=96&d=mm&r=g\",\"contentUrl\":\"https:\\\/\\\/secure.gravatar.com\\\/avatar\\\/2bb7f1561282132fb5826dfeccc66c7996d11ee392ac6aaf7ced8a1c2027fbb2?s=96&d=mm&r=g\",\"caption\":\"Pova\u017esk\u00e9 m\u00fazeum\"}}]}<\/script>\n<!-- \/ Yoast SEO plugin. -->","yoast_head_json":{"title":"Stu\u017ekov\u00e1 - Po stop\u00e1ch Juraja Turzu - Pova\u017esk\u00e9 m\u00fazeum","robots":{"index":"index","follow":"follow","max-snippet":"max-snippet:-1","max-image-preview":"max-image-preview:large","max-video-preview":"max-video-preview:-1"},"canonical":"https:\/\/pmza.sk\/?p=13673","og_locale":"sk_SK","og_type":"article","og_title":"Stu\u017ekov\u00e1 - Po stop\u00e1ch Juraja Turzu - Pova\u017esk\u00e9 m\u00fazeum","og_description":"S\u00fa\u0165a\u017e o realiz\u00e1ciu stu\u017ekovej sl\u00e1vnosti v Sob\u00e1\u0161nom pal\u00e1ci v Byt\u010di Vyhlasovate\u013e \u2013 \u017dilinsk\u00fd samospr\u00e1vny kraj Organiza\u010dn\u00fd garant \u2013 Pova\u017esk\u00e9 m\u00fazeum v \u017diline 1. Z\u00e1kladn\u00e1 charakteristika s\u00fa\u0165a\u017ee V s\u00favislosti s platn\u00fdmi pr\u00e1vnymi predpismi \u2013 Z\u00e1kon NR SR \u010d. 49\/2002 Z.z. o ochrane pamiatkov\u00e9ho fondu \u00a7 27,28,29,30, Z\u00e1kon \u010d. 206\/2009 Z.z. o m\u00faze\u00e1ch a o gal\u00e9ri\u00e1ch a [&hellip;]","og_url":"https:\/\/pmza.sk\/?p=13673","og_site_name":"Pova\u017esk\u00e9 m\u00fazeum","article_publisher":"https:\/\/www.facebook.com\/povazskemuzeum","article_published_time":"2015-09-16T08:59:05+00:00","og_image":[{"width":329,"height":494,"url":"https:\/\/pmza.sk\/wp-content\/uploads\/2015\/09\/Stuzkova-SPvB.jpg","type":"image\/jpeg"}],"author":"Pova\u017esk\u00e9 m\u00fazeum","twitter_card":"summary_large_image","twitter_misc":{"Autor":"Pova\u017esk\u00e9 m\u00fazeum","Predpokladan\u00fd \u010das \u010d\u00edtania":"5 min\u00fat"},"schema":{"@context":"https:\/\/schema.org","@graph":[{"@type":"Article","@id":"https:\/\/pmza.sk\/?p=13673#article","isPartOf":{"@id":"https:\/\/pmza.sk\/?p=13673"},"author":{"name":"Pova\u017esk\u00e9 m\u00fazeum","@id":"https:\/\/pmza.sk\/#\/schema\/person\/595e6a2ce731ea94dcd5d7f50a41ae33"},"headline":"Stu\u017ekov\u00e1 &#8211; Po stop\u00e1ch Juraja Turzu","datePublished":"2015-09-16T08:59:05+00:00","mainEntityOfPage":{"@id":"https:\/\/pmza.sk\/?p=13673"},"wordCount":926,"publisher":{"@id":"https:\/\/pmza.sk\/#organization"},"image":{"@id":"https:\/\/pmza.sk\/?p=13673#primaryimage"},"thumbnailUrl":"https:\/\/pmza.sk\/wp-content\/uploads\/2015\/09\/Stuzkova-SPvB.jpg","articleSection":["Arch\u00edv 2015"],"inLanguage":"sk-SK"},{"@type":"WebPage","@id":"https:\/\/pmza.sk\/?p=13673","url":"https:\/\/pmza.sk\/?p=13673","name":"Stu\u017ekov\u00e1 - Po stop\u00e1ch Juraja Turzu - Pova\u017esk\u00e9 m\u00fazeum","isPartOf":{"@id":"https:\/\/pmza.sk\/#website"},"primaryImageOfPage":{"@id":"https:\/\/pmza.sk\/?p=13673#primaryimage"},"image":{"@id":"https:\/\/pmza.sk\/?p=13673#primaryimage"},"thumbnailUrl":"https:\/\/pmza.sk\/wp-content\/uploads\/2015\/09\/Stuzkova-SPvB.jpg","datePublished":"2015-09-16T08:59:05+00:00","breadcrumb":{"@id":"https:\/\/pmza.sk\/?p=13673#breadcrumb"},"inLanguage":"sk-SK","potentialAction":[{"@type":"ReadAction","target":["https:\/\/pmza.sk\/?p=13673"]}]},{"@type":"ImageObject","inLanguage":"sk-SK","@id":"https:\/\/pmza.sk\/?p=13673#primaryimage","url":"https:\/\/pmza.sk\/wp-content\/uploads\/2015\/09\/Stuzkova-SPvB.jpg","contentUrl":"https:\/\/pmza.sk\/wp-content\/uploads\/2015\/09\/Stuzkova-SPvB.jpg","width":329,"height":494},{"@type":"BreadcrumbList","@id":"https:\/\/pmza.sk\/?p=13673#breadcrumb","itemListElement":[{"@type":"ListItem","position":1,"name":"Domovsk\u00e1 str\u00e1nka","item":"https:\/\/pmza.sk\/"},{"@type":"ListItem","position":2,"name":"Stu\u017ekov\u00e1 &#8211; Po stop\u00e1ch Juraja Turzu"}]},{"@type":"WebSite","@id":"https:\/\/pmza.sk\/#website","url":"https:\/\/pmza.sk\/","name":"Pova\u017esk\u00e9 m\u00fazeum","description":"Pova\u017esk\u00e9 m\u00fazeum v \u017diline je region\u00e1lne m\u00fazeum so s\u00eddlom v Budat\u00edne. Jeho expoz\u00edcie s\u00fa zameran\u00e9 na dejiny slovensk\u00e9ho umenia, kult\u00fary a dopravy.","publisher":{"@id":"https:\/\/pmza.sk\/#organization"},"potentialAction":[{"@type":"SearchAction","target":{"@type":"EntryPoint","urlTemplate":"https:\/\/pmza.sk\/?s={search_term_string}"},"query-input":{"@type":"PropertyValueSpecification","valueRequired":true,"valueName":"search_term_string"}}],"inLanguage":"sk-SK"},{"@type":"Organization","@id":"https:\/\/pmza.sk\/#organization","name":"Pova\u017esk\u00e9 m\u00fazeum","url":"https:\/\/pmza.sk\/","logo":{"@type":"ImageObject","inLanguage":"sk-SK","@id":"https:\/\/pmza.sk\/#\/schema\/logo\/image\/","url":"https:\/\/pmza.sk\/wp-content\/uploads\/2022\/01\/logo_PM_horizontal.jpg","contentUrl":"https:\/\/pmza.sk\/wp-content\/uploads\/2022\/01\/logo_PM_horizontal.jpg","width":231,"height":142,"caption":"Pova\u017esk\u00e9 m\u00fazeum"},"image":{"@id":"https:\/\/pmza.sk\/#\/schema\/logo\/image\/"},"sameAs":["https:\/\/www.facebook.com\/povazskemuzeum","https:\/\/www.instagram.com\/povazskemuzeum\/"]},{"@type":"Person","@id":"https:\/\/pmza.sk\/#\/schema\/person\/595e6a2ce731ea94dcd5d7f50a41ae33","name":"Pova\u017esk\u00e9 m\u00fazeum","image":{"@type":"ImageObject","inLanguage":"sk-SK","@id":"https:\/\/secure.gravatar.com\/avatar\/2bb7f1561282132fb5826dfeccc66c7996d11ee392ac6aaf7ced8a1c2027fbb2?s=96&d=mm&r=g","url":"https:\/\/secure.gravatar.com\/avatar\/2bb7f1561282132fb5826dfeccc66c7996d11ee392ac6aaf7ced8a1c2027fbb2?s=96&d=mm&r=g","contentUrl":"https:\/\/secure.gravatar.com\/avatar\/2bb7f1561282132fb5826dfeccc66c7996d11ee392ac6aaf7ced8a1c2027fbb2?s=96&d=mm&r=g","caption":"Pova\u017esk\u00e9 m\u00fazeum"}}]}},"_links":{"self":[{"href":"https:\/\/pmza.sk\/index.php?rest_route=\/wp\/v2\/posts\/13673","targetHints":{"allow":["GET"]}}],"collection":[{"href":"https:\/\/pmza.sk\/index.php?rest_route=\/wp\/v2\/posts"}],"about":[{"href":"https:\/\/pmza.sk\/index.php?rest_route=\/wp\/v2\/types\/post"}],"author":[{"embeddable":true,"href":"https:\/\/pmza.sk\/index.php?rest_route=\/wp\/v2\/users\/2"}],"replies":[{"embeddable":true,"href":"https:\/\/pmza.sk\/index.php?rest_route=%2Fwp%2Fv2%2Fcomments&post=13673"}],"version-history":[{"count":0,"href":"https:\/\/pmza.sk\/index.php?rest_route=\/wp\/v2\/posts\/13673\/revisions"}],"wp:featuredmedia":[{"embeddable":true,"href":"https:\/\/pmza.sk\/index.php?rest_route=\/wp\/v2\/media\/13674"}],"wp:attachment":[{"href":"https:\/\/pmza.sk\/index.php?rest_route=%2Fwp%2Fv2%2Fmedia&parent=13673"}],"wp:term":[{"taxonomy":"category","embeddable":true,"href":"https:\/\/pmza.sk\/index.php?rest_route=%2Fwp%2Fv2%2Fcategories&post=13673"},{"taxonomy":"post_tag","embeddable":true,"href":"https:\/\/pmza.sk\/index.php?rest_route=%2Fwp%2Fv2%2Ftags&post=13673"}],"curies":[{"name":"wp","href":"https:\/\/api.w.org\/{rel}","templated":true}]}}