{"id":13681,"date":"2015-09-18T12:36:19","date_gmt":"2015-09-18T10:36:19","guid":{"rendered":"https:\/\/pmza.sk.sk\/?p=13681"},"modified":"2015-09-18T12:36:19","modified_gmt":"2015-09-18T10:36:19","slug":"cestovanie-v-case-chutna-minulost","status":"publish","type":"post","link":"https:\/\/pmza.sk\/?p=13681","title":{"rendered":"Cestovanie v \u010dase \u2013 Chutn\u00e1 minulos\u0165"},"content":{"rendered":"<p>Pova\u017esk\u00e9 m\u00fazeum v\u00a0\u017diline (PMZA), ktor\u00e9 je v\u00a0zria\u010fovate\u013eskej p\u00f4sobnosti \u017dilinsk\u00e9ho samospr\u00e1vneho kraja, sa tento rok rozhodlo neby\u0165 iba m\u00fazeom, ale aj sprostredkovate\u013eom. V\u00a0r\u00e1mci Medzin\u00e1rodn\u00e9ho d\u0148a cestovn\u00e9ho ruchu 27. septembra 2015 bude PMZA na hrade Stre\u010dno na podujat\u00ed <strong>Cestovanie v\u00a0\u010dase<\/strong> s\u00a0podtitulom <em>Chutn\u00e1 minulos\u0165<\/em> sprostredkovate\u013eom ponuky r\u00f4znych zauj\u00edmavost\u00ed kraja. <em>\u201e\u010ci u\u017e p\u00f4jde o\u00a0ubytovanie, stravovanie, \u0161port alebo in\u00fa zauj\u00edmav\u00fa atrakciu, pri ktorej sa m\u00f4\u017ee n\u00e1v\u0161tevn\u00edk e\u0161te zastavi\u0165 od n\u00e1s, aby mohol pokra\u010dova\u0165 za z\u00e1\u017eitkami v\u00a0na\u0161om regi\u00f3ne. Na hrade Stre\u010dno budeme konkr\u00e9tne v\u00a0tento de\u0148 pon\u00faka\u0165 chutn\u00fa minulos\u0165,\u201c<\/em> povedala Monika Hrin\u00edkov\u00e1, riadite\u013eka m\u00fazea poveren\u00e1 veden\u00edm.<\/p>\n<p>Program na hrade Stre\u010dno bude orientovan\u00fd na chu\u0165ov\u00e9 poh\u00e1riky n\u00e1v\u0161tevn\u00edkov, atmosf\u00e9ru stredovekej herne, hradnej zbrojnice a\u00a0kov\u00e1\u010dskej vyhne v\u00a0spolo\u010dnosti \u0161ermiarskej skupiny Wagus z Tren\u010d\u00edna. <em>\u201eN\u00e1v\u0161tevn\u00edci sa dozvedia pravidl\u00e1 etikety a\u00a0spolo\u010densk\u00e9ho tanca v\u00a0dob\u00e1ch d\u00e1vno minul\u00fdch. Cech Terra de Selinan priprav\u00ed ochutn\u00e1vku stredovek\u00fdch jed\u00e1l s\u00a0r\u00f4znymi vari\u00e1ciami plniek. Predv\u00e1dza\u0165 bud\u00fa lukostre\u013ebu za akt\u00edvnej \u00fa\u010dasti n\u00e1v\u0161tevn\u00edkov. Nebud\u00fa ch\u00fdba\u0165 ani hradn\u00ed delostrelci,\u201c<\/em> uviedla Katar\u00edna Rep\u00e1\u0148ov\u00e1, spr\u00e1vky\u0148a hradu Stre\u010dno. <em>\u201eV\u00a0are\u00e1li stredovekej dediny Paseka bude pek\u00e1r pon\u00faka\u0165 \u010derstvo upe\u010den\u00fd chutn\u00fd chlieb s\u00a0chutn\u00fdmi n\u00e1tierkami. Pri ohnisku na ra\u017eni sa bud\u00fa opeka\u0165 chutn\u00e9 dobroty aj pod\u013ea historick\u00fdch receptov. Pre\u010do opakujem v\u0161ade slov\u00ed\u010dko chutn\u00e9? Preto\u017ee podujatie bude chutn\u00e9 naozaj,\u201c<\/em> vysvetlila K. Rep\u00e1\u0148ov\u00e1. Pre deti bud\u00fa pr\u00edtomn\u00e9 r\u00f4zne druhy zvieratiek pre pote\u0161enie ale aj na vozenie. Ka\u017ed\u00fd, kto zav\u00edta na hrad Stre\u010dno, bude m\u00f4c\u0165 z\u00e1rove\u0148 nahliadnu\u0165 do ponuky prev\u00e1dzkovate\u013eov ubytovac\u00edch a\u00a0stravovac\u00edch slu\u017eieb zo\u00a0\u017dilinsk\u00e9ho kraja. V\u00a0porad\u00ed p\u00e4\u0165desiaty a\u00a0st\u00fd n\u00e1v\u0161tevn\u00edk z\u00edska ob\u010derstvenie na piknik pre 4 osoby.<\/p>\n<p><u>Do expoz\u00edci\u00ed Pova\u017esk\u00e9ho m\u00fazea bude plati\u0165 v\u00a0tento de\u0148 (27. 9. 2015) jednotn\u00e9 vstupn\u00e9:<\/u><\/p>\n<p>Hrad Stre\u010dno \u00a0\u00a0\u00a0\u00a0\u00a0\u00a0\u00a0\u00a0\u00a0\u00a0\u00a0\u00a0\u00a0\u00a0\u00a0\u00a0\u00a0\u00a0\u00a0\u00a0\u00a0\u00a0\u00a0\u00a0\u00a0\u00a0\u00a0\u00a0\u00a0\u00a0\u00a0 \u00a0 \u00a0 \u00a0 \u00a0 \u00a0 \u00a0\u00a0 \u00a0\u00a0\u00a0 2 \u20ac\/osoba<\/p>\n<p>Budat\u00ednska ve\u017ea \u00a0\u00a0\u00a0\u00a0\u00a0\u00a0\u00a0\u00a0\u00a0\u00a0\u00a0\u00a0\u00a0\u00a0\u00a0\u00a0\u00a0\u00a0\u00a0\u00a0\u00a0 \u00a0 \u00a0 \u00a0 \u00a0 \u00a0 \u00a0 \u00a0\u00a0\u00a0\u00a0\u00a0\u00a0\u00a0\u00a0\u00a0 1 \u20ac\/os.<\/p>\n<p>O\u013dA \u010ci\u010dmany \u00a0\u00a0\u00a0\u00a0\u00a0\u00a0\u00a0\u00a0\u00a0\u00a0\u00a0\u00a0\u00a0\u00a0\u00a0\u00a0\u00a0\u00a0\u00a0\u00a0\u00a0\u00a0\u00a0\u00a0\u00a0\u00a0\u00a0 \u00a0 \u00a0 \u00a0 \u00a0 \u00a0 \u00a0\u00a0 \u00a0\u00a0\u00a0\u00a0\u00a0\u00a0 1 \u20ac\/os.<\/p>\n<p>J\u00e1no\u0161\u00edk a\u00a0Terchov\u00e1\u00a0\u00a0\u00a0\u00a0\u00a0\u00a0\u00a0\u00a0\u00a0\u00a0\u00a0\u00a0\u00a0\u00a0\u00a0\u00a0\u00a0 \u00a0 \u00a0 \u00a0 \u00a0 \u00a0 \u00a0 \u00a0 \u00a0\u00a0\u00a0\u00a0\u00a0\u00a0\u00a0 1 \u20ac\/os.<\/p>\n<p>M\u00fazeum dopravy Rajeck\u00e9 Teplice\u00a0\u00a0\u00a0\u00a0 \u00a0 \u00a0 \u00a0 \u00a0\u00a0 1 \u20ac\/os.<\/p>\n<p>Sob\u00e1\u0161ny pal\u00e1c v\u00a0Byt\u010di\u00a0\u00a0\u00a0\u00a0\u00a0\u00a0\u00a0\u00a0\u00a0 \u00a0 \u00a0 \u00a0 \u00a0 \u00a0 \u00a0 \u00a0 \u00a0 \u00a0 \u00a0 \u00a0 \u00a0 \u00a0\u00a0 pr\u00edstupn\u00fd celoro\u010dne bezplatne<\/p>\n<p>Paseka \u00a0\u00a0\u00a0\u00a0\u00a0\u00a0\u00a0\u00a0\u00a0\u00a0\u00a0\u00a0\u00a0\u00a0\u00a0\u00a0\u00a0\u00a0\u00a0\u00a0\u00a0\u00a0\u00a0\u00a0\u00a0\u00a0\u00a0\u00a0\u00a0\u00a0\u00a0\u00a0\u00a0\u00a0\u00a0\u00a0\u00a0\u00a0\u00a0\u00a0 \u00a0 \u00a0 \u00a0 \u00a0 \u00a0 \u00a0 \u00a0\u00a0 \u00a0\u00a0\u00a0\u00a0 pr\u00edstupn\u00e1 bezplatne<\/p>\n","protected":false},"excerpt":{"rendered":"<p>Pova\u017esk\u00e9 m\u00fazeum v\u00a0\u017diline (PMZA), ktor\u00e9 je v\u00a0zria\u010fovate\u013eskej p\u00f4sobnosti \u017dilinsk\u00e9ho samospr\u00e1vneho kraja, sa tento rok rozhodlo neby\u0165 iba m\u00fazeom, ale aj sprostredkovate\u013eom. V\u00a0r\u00e1mci Medzin\u00e1rodn\u00e9ho d\u0148a cestovn\u00e9ho ruchu 27. septembra 2015 bude PMZA na hrade Stre\u010dno na podujat\u00ed Cestovanie v\u00a0\u010dase s\u00a0podtitulom Chutn\u00e1 minulos\u0165 sprostredkovate\u013eom ponuky r\u00f4znych zauj\u00edmavost\u00ed kraja. \u201e\u010ci u\u017e p\u00f4jde o\u00a0ubytovanie, stravovanie, \u0161port alebo in\u00fa zauj\u00edmav\u00fa [&hellip;]<\/p>\n","protected":false},"author":2,"featured_media":13705,"comment_status":"closed","ping_status":"closed","sticky":false,"template":"","format":"standard","meta":{"site-sidebar-layout":"default","site-content-layout":"","ast-site-content-layout":"","site-content-style":"default","site-sidebar-style":"default","ast-global-header-display":"","ast-banner-title-visibility":"","ast-main-header-display":"","ast-hfb-above-header-display":"","ast-hfb-below-header-display":"","ast-hfb-mobile-header-display":"","site-post-title":"","ast-breadcrumbs-content":"","ast-featured-img":"","footer-sml-layout":"","theme-transparent-header-meta":"","adv-header-id-meta":"","stick-header-meta":"","header-above-stick-meta":"","header-main-stick-meta":"","header-below-stick-meta":"","astra-migrate-meta-layouts":"default","ast-page-background-enabled":"default","ast-page-background-meta":{"desktop":{"background-color":"var(--ast-global-color-4)","background-image":"","background-repeat":"repeat","background-position":"center center","background-size":"auto","background-attachment":"scroll","background-type":"","background-media":"","overlay-type":"","overlay-color":"","overlay-opacity":"","overlay-gradient":""},"tablet":{"background-color":"","background-image":"","background-repeat":"repeat","background-position":"center center","background-size":"auto","background-attachment":"scroll","background-type":"","background-media":"","overlay-type":"","overlay-color":"","overlay-opacity":"","overlay-gradient":""},"mobile":{"background-color":"","background-image":"","background-repeat":"repeat","background-position":"center center","background-size":"auto","background-attachment":"scroll","background-type":"","background-media":"","overlay-type":"","overlay-color":"","overlay-opacity":"","overlay-gradient":""}},"ast-content-background-meta":{"desktop":{"background-color":"var(--ast-global-color-5)","background-image":"","background-repeat":"repeat","background-position":"center center","background-size":"auto","background-attachment":"scroll","background-type":"","background-media":"","overlay-type":"","overlay-color":"","overlay-opacity":"","overlay-gradient":""},"tablet":{"background-color":"var(--ast-global-color-5)","background-image":"","background-repeat":"repeat","background-position":"center center","background-size":"auto","background-attachment":"scroll","background-type":"","background-media":"","overlay-type":"","overlay-color":"","overlay-opacity":"","overlay-gradient":""},"mobile":{"background-color":"var(--ast-global-color-5)","background-image":"","background-repeat":"repeat","background-position":"center center","background-size":"auto","background-attachment":"scroll","background-type":"","background-media":"","overlay-type":"","overlay-color":"","overlay-opacity":"","overlay-gradient":""}},"footnotes":""},"categories":[38],"tags":[],"class_list":["post-13681","post","type-post","status-publish","format-standard","has-post-thumbnail","hentry","category-archiv-2015"],"yoast_head":"<!-- This site is optimized with the Yoast SEO plugin v27.4 - https:\/\/yoast.com\/product\/yoast-seo-wordpress\/ -->\n<title>Cestovanie v \u010dase \u2013 Chutn\u00e1 minulos\u0165 - Pova\u017esk\u00e9 m\u00fazeum<\/title>\n<meta name=\"robots\" content=\"index, follow, max-snippet:-1, max-image-preview:large, max-video-preview:-1\" \/>\n<link rel=\"canonical\" href=\"https:\/\/pmza.sk\/?p=13681\" \/>\n<meta property=\"og:locale\" content=\"sk_SK\" \/>\n<meta property=\"og:type\" content=\"article\" \/>\n<meta property=\"og:title\" content=\"Cestovanie v \u010dase \u2013 Chutn\u00e1 minulos\u0165 - Pova\u017esk\u00e9 m\u00fazeum\" \/>\n<meta property=\"og:description\" content=\"Pova\u017esk\u00e9 m\u00fazeum v\u00a0\u017diline (PMZA), ktor\u00e9 je v\u00a0zria\u010fovate\u013eskej p\u00f4sobnosti \u017dilinsk\u00e9ho samospr\u00e1vneho kraja, sa tento rok rozhodlo neby\u0165 iba m\u00fazeom, ale aj sprostredkovate\u013eom. V\u00a0r\u00e1mci Medzin\u00e1rodn\u00e9ho d\u0148a cestovn\u00e9ho ruchu 27. septembra 2015 bude PMZA na hrade Stre\u010dno na podujat\u00ed Cestovanie v\u00a0\u010dase s\u00a0podtitulom Chutn\u00e1 minulos\u0165 sprostredkovate\u013eom ponuky r\u00f4znych zauj\u00edmavost\u00ed kraja. \u201e\u010ci u\u017e p\u00f4jde o\u00a0ubytovanie, stravovanie, \u0161port alebo in\u00fa zauj\u00edmav\u00fa [&hellip;]\" \/>\n<meta property=\"og:url\" content=\"https:\/\/pmza.sk\/?p=13681\" \/>\n<meta property=\"og:site_name\" content=\"Pova\u017esk\u00e9 m\u00fazeum\" \/>\n<meta property=\"article:publisher\" content=\"https:\/\/www.facebook.com\/povazskemuzeum\" \/>\n<meta property=\"article:published_time\" content=\"2015-09-18T10:36:19+00:00\" \/>\n<meta property=\"og:image\" content=\"https:\/\/pmza.sk\/wp-content\/uploads\/2015\/09\/c.ruch_.jpg\" \/>\n\t<meta property=\"og:image:width\" content=\"1102\" \/>\n\t<meta property=\"og:image:height\" content=\"1560\" \/>\n\t<meta property=\"og:image:type\" content=\"image\/jpeg\" \/>\n<meta name=\"author\" content=\"Pova\u017esk\u00e9 m\u00fazeum\" \/>\n<meta name=\"twitter:card\" content=\"summary_large_image\" \/>\n<meta name=\"twitter:label1\" content=\"Autor\" \/>\n\t<meta name=\"twitter:data1\" content=\"Pova\u017esk\u00e9 m\u00fazeum\" \/>\n\t<meta name=\"twitter:label2\" content=\"Predpokladan\u00fd \u010das \u010d\u00edtania\" \/>\n\t<meta name=\"twitter:data2\" content=\"2 min\u00faty\" \/>\n<script type=\"application\/ld+json\" class=\"yoast-schema-graph\">{\"@context\":\"https:\\\/\\\/schema.org\",\"@graph\":[{\"@type\":\"Article\",\"@id\":\"https:\\\/\\\/pmza.sk\\\/?p=13681#article\",\"isPartOf\":{\"@id\":\"https:\\\/\\\/pmza.sk\\\/?p=13681\"},\"author\":{\"name\":\"Pova\u017esk\u00e9 m\u00fazeum\",\"@id\":\"https:\\\/\\\/pmza.sk\\\/#\\\/schema\\\/person\\\/595e6a2ce731ea94dcd5d7f50a41ae33\"},\"headline\":\"Cestovanie v \u010dase \u2013 Chutn\u00e1 minulos\u0165\",\"datePublished\":\"2015-09-18T10:36:19+00:00\",\"mainEntityOfPage\":{\"@id\":\"https:\\\/\\\/pmza.sk\\\/?p=13681\"},\"wordCount\":416,\"publisher\":{\"@id\":\"https:\\\/\\\/pmza.sk\\\/#organization\"},\"image\":{\"@id\":\"https:\\\/\\\/pmza.sk\\\/?p=13681#primaryimage\"},\"thumbnailUrl\":\"https:\\\/\\\/pmza.sk\\\/wp-content\\\/uploads\\\/2015\\\/09\\\/c.ruch_.jpg\",\"articleSection\":[\"Arch\u00edv 2015\"],\"inLanguage\":\"sk-SK\"},{\"@type\":\"WebPage\",\"@id\":\"https:\\\/\\\/pmza.sk\\\/?p=13681\",\"url\":\"https:\\\/\\\/pmza.sk\\\/?p=13681\",\"name\":\"Cestovanie v \u010dase \u2013 Chutn\u00e1 minulos\u0165 - Pova\u017esk\u00e9 m\u00fazeum\",\"isPartOf\":{\"@id\":\"https:\\\/\\\/pmza.sk\\\/#website\"},\"primaryImageOfPage\":{\"@id\":\"https:\\\/\\\/pmza.sk\\\/?p=13681#primaryimage\"},\"image\":{\"@id\":\"https:\\\/\\\/pmza.sk\\\/?p=13681#primaryimage\"},\"thumbnailUrl\":\"https:\\\/\\\/pmza.sk\\\/wp-content\\\/uploads\\\/2015\\\/09\\\/c.ruch_.jpg\",\"datePublished\":\"2015-09-18T10:36:19+00:00\",\"breadcrumb\":{\"@id\":\"https:\\\/\\\/pmza.sk\\\/?p=13681#breadcrumb\"},\"inLanguage\":\"sk-SK\",\"potentialAction\":[{\"@type\":\"ReadAction\",\"target\":[\"https:\\\/\\\/pmza.sk\\\/?p=13681\"]}]},{\"@type\":\"ImageObject\",\"inLanguage\":\"sk-SK\",\"@id\":\"https:\\\/\\\/pmza.sk\\\/?p=13681#primaryimage\",\"url\":\"https:\\\/\\\/pmza.sk\\\/wp-content\\\/uploads\\\/2015\\\/09\\\/c.ruch_.jpg\",\"contentUrl\":\"https:\\\/\\\/pmza.sk\\\/wp-content\\\/uploads\\\/2015\\\/09\\\/c.ruch_.jpg\",\"width\":1102,\"height\":1560},{\"@type\":\"BreadcrumbList\",\"@id\":\"https:\\\/\\\/pmza.sk\\\/?p=13681#breadcrumb\",\"itemListElement\":[{\"@type\":\"ListItem\",\"position\":1,\"name\":\"Domovsk\u00e1 str\u00e1nka\",\"item\":\"https:\\\/\\\/pmza.sk\\\/\"},{\"@type\":\"ListItem\",\"position\":2,\"name\":\"Cestovanie v \u010dase \u2013 Chutn\u00e1 minulos\u0165\"}]},{\"@type\":\"WebSite\",\"@id\":\"https:\\\/\\\/pmza.sk\\\/#website\",\"url\":\"https:\\\/\\\/pmza.sk\\\/\",\"name\":\"Pova\u017esk\u00e9 m\u00fazeum\",\"description\":\"Pova\u017esk\u00e9 m\u00fazeum v \u017diline je region\u00e1lne m\u00fazeum so s\u00eddlom v Budat\u00edne. Jeho expoz\u00edcie s\u00fa zameran\u00e9 na dejiny slovensk\u00e9ho umenia, kult\u00fary a dopravy.\",\"publisher\":{\"@id\":\"https:\\\/\\\/pmza.sk\\\/#organization\"},\"potentialAction\":[{\"@type\":\"SearchAction\",\"target\":{\"@type\":\"EntryPoint\",\"urlTemplate\":\"https:\\\/\\\/pmza.sk\\\/?s={search_term_string}\"},\"query-input\":{\"@type\":\"PropertyValueSpecification\",\"valueRequired\":true,\"valueName\":\"search_term_string\"}}],\"inLanguage\":\"sk-SK\"},{\"@type\":\"Organization\",\"@id\":\"https:\\\/\\\/pmza.sk\\\/#organization\",\"name\":\"Pova\u017esk\u00e9 m\u00fazeum\",\"url\":\"https:\\\/\\\/pmza.sk\\\/\",\"logo\":{\"@type\":\"ImageObject\",\"inLanguage\":\"sk-SK\",\"@id\":\"https:\\\/\\\/pmza.sk\\\/#\\\/schema\\\/logo\\\/image\\\/\",\"url\":\"https:\\\/\\\/pmza.sk\\\/wp-content\\\/uploads\\\/2022\\\/01\\\/logo_PM_horizontal.jpg\",\"contentUrl\":\"https:\\\/\\\/pmza.sk\\\/wp-content\\\/uploads\\\/2022\\\/01\\\/logo_PM_horizontal.jpg\",\"width\":231,\"height\":142,\"caption\":\"Pova\u017esk\u00e9 m\u00fazeum\"},\"image\":{\"@id\":\"https:\\\/\\\/pmza.sk\\\/#\\\/schema\\\/logo\\\/image\\\/\"},\"sameAs\":[\"https:\\\/\\\/www.facebook.com\\\/povazskemuzeum\",\"https:\\\/\\\/www.instagram.com\\\/povazskemuzeum\\\/\"]},{\"@type\":\"Person\",\"@id\":\"https:\\\/\\\/pmza.sk\\\/#\\\/schema\\\/person\\\/595e6a2ce731ea94dcd5d7f50a41ae33\",\"name\":\"Pova\u017esk\u00e9 m\u00fazeum\",\"image\":{\"@type\":\"ImageObject\",\"inLanguage\":\"sk-SK\",\"@id\":\"https:\\\/\\\/secure.gravatar.com\\\/avatar\\\/2bb7f1561282132fb5826dfeccc66c7996d11ee392ac6aaf7ced8a1c2027fbb2?s=96&d=mm&r=g\",\"url\":\"https:\\\/\\\/secure.gravatar.com\\\/avatar\\\/2bb7f1561282132fb5826dfeccc66c7996d11ee392ac6aaf7ced8a1c2027fbb2?s=96&d=mm&r=g\",\"contentUrl\":\"https:\\\/\\\/secure.gravatar.com\\\/avatar\\\/2bb7f1561282132fb5826dfeccc66c7996d11ee392ac6aaf7ced8a1c2027fbb2?s=96&d=mm&r=g\",\"caption\":\"Pova\u017esk\u00e9 m\u00fazeum\"}}]}<\/script>\n<!-- \/ Yoast SEO plugin. -->","yoast_head_json":{"title":"Cestovanie v \u010dase \u2013 Chutn\u00e1 minulos\u0165 - Pova\u017esk\u00e9 m\u00fazeum","robots":{"index":"index","follow":"follow","max-snippet":"max-snippet:-1","max-image-preview":"max-image-preview:large","max-video-preview":"max-video-preview:-1"},"canonical":"https:\/\/pmza.sk\/?p=13681","og_locale":"sk_SK","og_type":"article","og_title":"Cestovanie v \u010dase \u2013 Chutn\u00e1 minulos\u0165 - Pova\u017esk\u00e9 m\u00fazeum","og_description":"Pova\u017esk\u00e9 m\u00fazeum v\u00a0\u017diline (PMZA), ktor\u00e9 je v\u00a0zria\u010fovate\u013eskej p\u00f4sobnosti \u017dilinsk\u00e9ho samospr\u00e1vneho kraja, sa tento rok rozhodlo neby\u0165 iba m\u00fazeom, ale aj sprostredkovate\u013eom. V\u00a0r\u00e1mci Medzin\u00e1rodn\u00e9ho d\u0148a cestovn\u00e9ho ruchu 27. septembra 2015 bude PMZA na hrade Stre\u010dno na podujat\u00ed Cestovanie v\u00a0\u010dase s\u00a0podtitulom Chutn\u00e1 minulos\u0165 sprostredkovate\u013eom ponuky r\u00f4znych zauj\u00edmavost\u00ed kraja. \u201e\u010ci u\u017e p\u00f4jde o\u00a0ubytovanie, stravovanie, \u0161port alebo in\u00fa zauj\u00edmav\u00fa [&hellip;]","og_url":"https:\/\/pmza.sk\/?p=13681","og_site_name":"Pova\u017esk\u00e9 m\u00fazeum","article_publisher":"https:\/\/www.facebook.com\/povazskemuzeum","article_published_time":"2015-09-18T10:36:19+00:00","og_image":[{"width":1102,"height":1560,"url":"https:\/\/pmza.sk\/wp-content\/uploads\/2015\/09\/c.ruch_.jpg","type":"image\/jpeg"}],"author":"Pova\u017esk\u00e9 m\u00fazeum","twitter_card":"summary_large_image","twitter_misc":{"Autor":"Pova\u017esk\u00e9 m\u00fazeum","Predpokladan\u00fd \u010das \u010d\u00edtania":"2 min\u00faty"},"schema":{"@context":"https:\/\/schema.org","@graph":[{"@type":"Article","@id":"https:\/\/pmza.sk\/?p=13681#article","isPartOf":{"@id":"https:\/\/pmza.sk\/?p=13681"},"author":{"name":"Pova\u017esk\u00e9 m\u00fazeum","@id":"https:\/\/pmza.sk\/#\/schema\/person\/595e6a2ce731ea94dcd5d7f50a41ae33"},"headline":"Cestovanie v \u010dase \u2013 Chutn\u00e1 minulos\u0165","datePublished":"2015-09-18T10:36:19+00:00","mainEntityOfPage":{"@id":"https:\/\/pmza.sk\/?p=13681"},"wordCount":416,"publisher":{"@id":"https:\/\/pmza.sk\/#organization"},"image":{"@id":"https:\/\/pmza.sk\/?p=13681#primaryimage"},"thumbnailUrl":"https:\/\/pmza.sk\/wp-content\/uploads\/2015\/09\/c.ruch_.jpg","articleSection":["Arch\u00edv 2015"],"inLanguage":"sk-SK"},{"@type":"WebPage","@id":"https:\/\/pmza.sk\/?p=13681","url":"https:\/\/pmza.sk\/?p=13681","name":"Cestovanie v \u010dase \u2013 Chutn\u00e1 minulos\u0165 - Pova\u017esk\u00e9 m\u00fazeum","isPartOf":{"@id":"https:\/\/pmza.sk\/#website"},"primaryImageOfPage":{"@id":"https:\/\/pmza.sk\/?p=13681#primaryimage"},"image":{"@id":"https:\/\/pmza.sk\/?p=13681#primaryimage"},"thumbnailUrl":"https:\/\/pmza.sk\/wp-content\/uploads\/2015\/09\/c.ruch_.jpg","datePublished":"2015-09-18T10:36:19+00:00","breadcrumb":{"@id":"https:\/\/pmza.sk\/?p=13681#breadcrumb"},"inLanguage":"sk-SK","potentialAction":[{"@type":"ReadAction","target":["https:\/\/pmza.sk\/?p=13681"]}]},{"@type":"ImageObject","inLanguage":"sk-SK","@id":"https:\/\/pmza.sk\/?p=13681#primaryimage","url":"https:\/\/pmza.sk\/wp-content\/uploads\/2015\/09\/c.ruch_.jpg","contentUrl":"https:\/\/pmza.sk\/wp-content\/uploads\/2015\/09\/c.ruch_.jpg","width":1102,"height":1560},{"@type":"BreadcrumbList","@id":"https:\/\/pmza.sk\/?p=13681#breadcrumb","itemListElement":[{"@type":"ListItem","position":1,"name":"Domovsk\u00e1 str\u00e1nka","item":"https:\/\/pmza.sk\/"},{"@type":"ListItem","position":2,"name":"Cestovanie v \u010dase \u2013 Chutn\u00e1 minulos\u0165"}]},{"@type":"WebSite","@id":"https:\/\/pmza.sk\/#website","url":"https:\/\/pmza.sk\/","name":"Pova\u017esk\u00e9 m\u00fazeum","description":"Pova\u017esk\u00e9 m\u00fazeum v \u017diline je region\u00e1lne m\u00fazeum so s\u00eddlom v Budat\u00edne. Jeho expoz\u00edcie s\u00fa zameran\u00e9 na dejiny slovensk\u00e9ho umenia, kult\u00fary a dopravy.","publisher":{"@id":"https:\/\/pmza.sk\/#organization"},"potentialAction":[{"@type":"SearchAction","target":{"@type":"EntryPoint","urlTemplate":"https:\/\/pmza.sk\/?s={search_term_string}"},"query-input":{"@type":"PropertyValueSpecification","valueRequired":true,"valueName":"search_term_string"}}],"inLanguage":"sk-SK"},{"@type":"Organization","@id":"https:\/\/pmza.sk\/#organization","name":"Pova\u017esk\u00e9 m\u00fazeum","url":"https:\/\/pmza.sk\/","logo":{"@type":"ImageObject","inLanguage":"sk-SK","@id":"https:\/\/pmza.sk\/#\/schema\/logo\/image\/","url":"https:\/\/pmza.sk\/wp-content\/uploads\/2022\/01\/logo_PM_horizontal.jpg","contentUrl":"https:\/\/pmza.sk\/wp-content\/uploads\/2022\/01\/logo_PM_horizontal.jpg","width":231,"height":142,"caption":"Pova\u017esk\u00e9 m\u00fazeum"},"image":{"@id":"https:\/\/pmza.sk\/#\/schema\/logo\/image\/"},"sameAs":["https:\/\/www.facebook.com\/povazskemuzeum","https:\/\/www.instagram.com\/povazskemuzeum\/"]},{"@type":"Person","@id":"https:\/\/pmza.sk\/#\/schema\/person\/595e6a2ce731ea94dcd5d7f50a41ae33","name":"Pova\u017esk\u00e9 m\u00fazeum","image":{"@type":"ImageObject","inLanguage":"sk-SK","@id":"https:\/\/secure.gravatar.com\/avatar\/2bb7f1561282132fb5826dfeccc66c7996d11ee392ac6aaf7ced8a1c2027fbb2?s=96&d=mm&r=g","url":"https:\/\/secure.gravatar.com\/avatar\/2bb7f1561282132fb5826dfeccc66c7996d11ee392ac6aaf7ced8a1c2027fbb2?s=96&d=mm&r=g","contentUrl":"https:\/\/secure.gravatar.com\/avatar\/2bb7f1561282132fb5826dfeccc66c7996d11ee392ac6aaf7ced8a1c2027fbb2?s=96&d=mm&r=g","caption":"Pova\u017esk\u00e9 m\u00fazeum"}}]}},"_links":{"self":[{"href":"https:\/\/pmza.sk\/index.php?rest_route=\/wp\/v2\/posts\/13681","targetHints":{"allow":["GET"]}}],"collection":[{"href":"https:\/\/pmza.sk\/index.php?rest_route=\/wp\/v2\/posts"}],"about":[{"href":"https:\/\/pmza.sk\/index.php?rest_route=\/wp\/v2\/types\/post"}],"author":[{"embeddable":true,"href":"https:\/\/pmza.sk\/index.php?rest_route=\/wp\/v2\/users\/2"}],"replies":[{"embeddable":true,"href":"https:\/\/pmza.sk\/index.php?rest_route=%2Fwp%2Fv2%2Fcomments&post=13681"}],"version-history":[{"count":0,"href":"https:\/\/pmza.sk\/index.php?rest_route=\/wp\/v2\/posts\/13681\/revisions"}],"wp:featuredmedia":[{"embeddable":true,"href":"https:\/\/pmza.sk\/index.php?rest_route=\/wp\/v2\/media\/13705"}],"wp:attachment":[{"href":"https:\/\/pmza.sk\/index.php?rest_route=%2Fwp%2Fv2%2Fmedia&parent=13681"}],"wp:term":[{"taxonomy":"category","embeddable":true,"href":"https:\/\/pmza.sk\/index.php?rest_route=%2Fwp%2Fv2%2Fcategories&post=13681"},{"taxonomy":"post_tag","embeddable":true,"href":"https:\/\/pmza.sk\/index.php?rest_route=%2Fwp%2Fv2%2Ftags&post=13681"}],"curies":[{"name":"wp","href":"https:\/\/api.w.org\/{rel}","templated":true}]}}