{"id":13717,"date":"2015-09-21T14:42:29","date_gmt":"2015-09-21T12:42:29","guid":{"rendered":"https:\/\/pmza.sk.sk\/?p=13717"},"modified":"2015-09-21T14:42:29","modified_gmt":"2015-09-21T12:42:29","slug":"exoticka-krasa-2","status":"publish","type":"post","link":"https:\/\/pmza.sk\/?p=13717","title":{"rendered":"Exotick\u00e1 kr\u00e1sa"},"content":{"rendered":"<p>Po prv\u00fd raz vo svojej hist\u00f3rii vystavuje Pova\u017esk\u00e9 m\u00fazeum v\u00a0\u017diline (PMZA) aj \u017eiv\u00e9 expon\u00e1ty. Na v\u00fdstave <strong>Exotick\u00e1 kr\u00e1sa<\/strong>, ktor\u00e1 je pre verejnos\u0165 pr\u00edstupn\u00e1 v\u00a0administrat\u00edvnej budove m\u00fazea od <strong>22. 9. do 25. 10. 2015<\/strong>, s\u00fa okrem preparovan\u00fdch aj \u017eiv\u00e9 exotick\u00e9 druhy \u017eivo\u010d\u00edchov zo s\u00fakromnej kolekcie Michala Zachara, \u017eiv\u00e9 expon\u00e1ty v\u00a0ter\u00e1ri\u00e1ch od chovate\u013eky pakobyliek a\u00a0listoviek Ing. Jany \u0160ubovej a\u00a0najv\u00e4\u010d\u0161ie mot\u00fdle a\u00a0chrob\u00e1ky sveta zo zbierok Vladim\u00edra Rak\u0161aniho.<\/p>\n<p>Pova\u017esk\u00e9 m\u00fazeum v\u00a0\u017diline, ktor\u00e9 je v\u00a0zria\u010fovate\u013eskej p\u00f4sobnosti \u017dilinsk\u00e9ho samospr\u00e1vneho kraja, pripravilo v\u00a0spolupr\u00e1ci so \u00a0Slovensk\u00fdm m\u00fazeum ochrany pr\u00edrody a\u00a0jaskyniarstva v\u00a0Liptovskom Mikul\u00e1\u0161i, s\u00fakromn\u00fdmi zberate\u013emi a\u00a0chovate\u013emi Ing. Janou \u0160ubovou a Michalom Zacharom p\u00fatav\u00fa v\u00fdstavu Exotick\u00e1 kr\u00e1sa. Na n\u00e1v\u0161tevn\u00edka \u010dak\u00e1 exotika rovn\u00edka a\u00a0tr\u00f3pov, druhov\u00e1 aj farebn\u00e1 pestros\u0165 a\u00a0nezvy\u010dajn\u00e1 r\u00f4znorodos\u0165 hmyzej r\u00ed\u0161e z\u00a0cel\u00e9ho sveta. Na v\u00fdstave je mo\u017en\u00e9 pozorova\u0165 r\u00f4zne v\u00fdvinov\u00e9 \u0161t\u00e1dia preparovan\u00e9ho, ale i\u00a0\u017eiv\u00e9ho hmyzu, hadov, ja\u0161terov, pav\u00fakov, a\u00a0tak sa bli\u017e\u0161ie zozn\u00e1mi\u0165 so \u017eivo\u010d\u00edchmi, ktor\u00e9 d\u00e1vno pred pr\u00edchodom \u010dloveka ovl\u00e1dli Zem.<\/p>\n<p><em>\u201eS\u00fa\u010das\u0165ou v\u00fdstavy je aj vzdel\u00e1vacia panelov\u00e1 v\u00fdstava \u017div\u00e9 stra\u0161idielka v\u00a0ter\u00e1ri\u00e1ch od zn\u00e1mej chovate\u013eky pakobyliek a<\/em>\u00a0<em>listoviek Janky \u0160ubovej, ktor\u00e1 prin\u00e1\u0161a zauj\u00edmavosti o<\/em>\u00a0<em>ich chove, roz\u0161\u00edren\u00ed vo svete a<\/em>\u00a0<em>sp\u00f4soby maskovania v\u00a0pr\u00edrodnom prostred\u00ed. Cestovate\u013e a<\/em>\u00a0<em>zberate\u013e Michal Zachar v\u00e1s poz\u00fdva nahliadnu\u0165 do svojej s\u00fakromnej zbierky exotick\u00e9ho hmyzu, ktor\u00fa doviezol z\u00a0exped\u00edci\u00ed po krajin\u00e1ch Afriky, \u00c1zie a<\/em>\u00a0<em>Ju\u017enej Ameriky,\u201c<\/em> povedala riadite\u013eka Pova\u017esk\u00e9ho m\u00fazea v\u00a0\u017diline poveren\u00e1 veden\u00edm, Monika Hrin\u00edkov\u00e1.<\/p>\n<p><em>\u201e\u017dilin\u010dania, ale aj \u013eudia z\u00a0bl\u00edzkeho okolia sa m\u00f4\u017eu te\u0161i\u0165 na najv\u00fdznamnej\u0161ie zbierky exotick\u00e9ho hmyzu z\u00a0fondu Pova\u017esk\u00e9ho m\u00fazea od zn\u00e1meho zberate\u013ea Vladim\u00edra Rak\u0161aniho. Po\u010das v\u00fdstavy si m\u00f4\u017eu n\u00e1v\u0161tevn\u00edci m\u00fazea zak\u00fapi\u0165 preparovan\u00fd exotick\u00fd hmyz v\u00a0podobe obr\u00e1zku na stenu \u010di netradi\u010dn\u00e9ho pr\u00edvesku na k\u013e\u00fa\u010de,\u201c <\/em>doplnila zoologi\u010dka PMZA M\u00e1ria Adamov\u00e1.<\/p>\n<p>&nbsp;<\/p>\n<p><strong>Vstupn\u00e9 na v\u00fdstavu Exotick\u00e1 kr\u00e1sa:<\/strong><\/p>\n<p><strong>z\u00e1kladn\u00e9 <\/strong>1,50 \u20ac<\/p>\n<p><strong>z\u013eavnen\u00e9<\/strong> (deti od 6 do 15 rokov, \u0161tudenti, d\u00f4chodcovia, \u0164ZP) 0,50 \u20ac<\/p>\n<p>&nbsp;<\/p>\n<p><strong>Vstupn\u00e9 na v\u00fdstavu aj s prehliadkou expoz\u00edcie vo ve\u017ei Budat\u00ednskeho hradu:<\/strong><\/p>\n<p><strong>z\u00e1kladn\u00e9:<\/strong>\u00a03 \u20ac\u00a0<br \/><strong>z\u013eavnen\u00e9<\/strong> (deti od 6 do 15 rokov, \u0161tudenti, d\u00f4chodcovia, \u0164ZP): 1,50\u00a0\u20ac\u00a0<br \/><strong>rodinn\u00e9<\/strong> (2 rodi\u010dia a 2 deti od 6 do 15 rokov, ktor\u00e9 spolo\u010dne vychov\u00e1vaj\u00fa): 7\u00a0\u20ac\u00a0<br \/><strong>deti do 6 rokov:<\/strong> bezplatne\u00a0<br \/><strong>pedagogick\u00fd dozor<\/strong> nad 15 os\u00f4b a ved\u00faci z\u00e1jazdov: bezplatne\u00a0<br \/><strong>skupina dospel\u00fdch nad 20 os\u00f4b:<\/strong> z\u013eava 10%\u00a0<br \/><strong>Vstupn\u00e9 mimo otv\u00e1rac\u00edch hod\u00edn:<\/strong> pr\u00edplatok 100 % (vstup mo\u017en\u00fd len na z\u00e1klade objedn\u00e1vky a len pre skupiny nad 10 os\u00f4b).<\/p>\n<p>&nbsp;<\/p>\n","protected":false},"excerpt":{"rendered":"<p>Po prv\u00fd raz vo svojej hist\u00f3rii vystavuje Pova\u017esk\u00e9 m\u00fazeum v\u00a0\u017diline (PMZA) aj \u017eiv\u00e9 expon\u00e1ty. Na v\u00fdstave Exotick\u00e1 kr\u00e1sa, ktor\u00e1 je pre verejnos\u0165 pr\u00edstupn\u00e1 v\u00a0administrat\u00edvnej budove m\u00fazea od 22. 9. do 25. 10. 2015, s\u00fa okrem preparovan\u00fdch aj \u017eiv\u00e9 exotick\u00e9 druhy \u017eivo\u010d\u00edchov zo s\u00fakromnej kolekcie Michala Zachara, \u017eiv\u00e9 expon\u00e1ty v\u00a0ter\u00e1ri\u00e1ch od chovate\u013eky pakobyliek a\u00a0listoviek Ing. Jany [&hellip;]<\/p>\n","protected":false},"author":2,"featured_media":13712,"comment_status":"closed","ping_status":"closed","sticky":false,"template":"","format":"standard","meta":{"site-sidebar-layout":"default","site-content-layout":"","ast-site-content-layout":"","site-content-style":"default","site-sidebar-style":"default","ast-global-header-display":"","ast-banner-title-visibility":"","ast-main-header-display":"","ast-hfb-above-header-display":"","ast-hfb-below-header-display":"","ast-hfb-mobile-header-display":"","site-post-title":"","ast-breadcrumbs-content":"","ast-featured-img":"","footer-sml-layout":"","theme-transparent-header-meta":"","adv-header-id-meta":"","stick-header-meta":"","header-above-stick-meta":"","header-main-stick-meta":"","header-below-stick-meta":"","astra-migrate-meta-layouts":"default","ast-page-background-enabled":"default","ast-page-background-meta":{"desktop":{"background-color":"var(--ast-global-color-4)","background-image":"","background-repeat":"repeat","background-position":"center center","background-size":"auto","background-attachment":"scroll","background-type":"","background-media":"","overlay-type":"","overlay-color":"","overlay-opacity":"","overlay-gradient":""},"tablet":{"background-color":"","background-image":"","background-repeat":"repeat","background-position":"center center","background-size":"auto","background-attachment":"scroll","background-type":"","background-media":"","overlay-type":"","overlay-color":"","overlay-opacity":"","overlay-gradient":""},"mobile":{"background-color":"","background-image":"","background-repeat":"repeat","background-position":"center center","background-size":"auto","background-attachment":"scroll","background-type":"","background-media":"","overlay-type":"","overlay-color":"","overlay-opacity":"","overlay-gradient":""}},"ast-content-background-meta":{"desktop":{"background-color":"var(--ast-global-color-5)","background-image":"","background-repeat":"repeat","background-position":"center center","background-size":"auto","background-attachment":"scroll","background-type":"","background-media":"","overlay-type":"","overlay-color":"","overlay-opacity":"","overlay-gradient":""},"tablet":{"background-color":"var(--ast-global-color-5)","background-image":"","background-repeat":"repeat","background-position":"center center","background-size":"auto","background-attachment":"scroll","background-type":"","background-media":"","overlay-type":"","overlay-color":"","overlay-opacity":"","overlay-gradient":""},"mobile":{"background-color":"var(--ast-global-color-5)","background-image":"","background-repeat":"repeat","background-position":"center center","background-size":"auto","background-attachment":"scroll","background-type":"","background-media":"","overlay-type":"","overlay-color":"","overlay-opacity":"","overlay-gradient":""}},"footnotes":""},"categories":[38],"tags":[],"class_list":["post-13717","post","type-post","status-publish","format-standard","has-post-thumbnail","hentry","category-archiv-2015"],"yoast_head":"<!-- This site is optimized with the Yoast SEO plugin v27.4 - https:\/\/yoast.com\/product\/yoast-seo-wordpress\/ -->\n<title>Exotick\u00e1 kr\u00e1sa - Pova\u017esk\u00e9 m\u00fazeum<\/title>\n<meta name=\"robots\" content=\"index, follow, max-snippet:-1, max-image-preview:large, max-video-preview:-1\" \/>\n<link rel=\"canonical\" href=\"https:\/\/pmza.sk\/?p=13717\" \/>\n<meta property=\"og:locale\" content=\"sk_SK\" \/>\n<meta property=\"og:type\" content=\"article\" \/>\n<meta property=\"og:title\" content=\"Exotick\u00e1 kr\u00e1sa - Pova\u017esk\u00e9 m\u00fazeum\" \/>\n<meta property=\"og:description\" content=\"Po prv\u00fd raz vo svojej hist\u00f3rii vystavuje Pova\u017esk\u00e9 m\u00fazeum v\u00a0\u017diline (PMZA) aj \u017eiv\u00e9 expon\u00e1ty. Na v\u00fdstave Exotick\u00e1 kr\u00e1sa, ktor\u00e1 je pre verejnos\u0165 pr\u00edstupn\u00e1 v\u00a0administrat\u00edvnej budove m\u00fazea od 22. 9. do 25. 10. 2015, s\u00fa okrem preparovan\u00fdch aj \u017eiv\u00e9 exotick\u00e9 druhy \u017eivo\u010d\u00edchov zo s\u00fakromnej kolekcie Michala Zachara, \u017eiv\u00e9 expon\u00e1ty v\u00a0ter\u00e1ri\u00e1ch od chovate\u013eky pakobyliek a\u00a0listoviek Ing. Jany [&hellip;]\" \/>\n<meta property=\"og:url\" content=\"https:\/\/pmza.sk\/?p=13717\" \/>\n<meta property=\"og:site_name\" content=\"Pova\u017esk\u00e9 m\u00fazeum\" \/>\n<meta property=\"article:publisher\" content=\"https:\/\/www.facebook.com\/povazskemuzeum\" \/>\n<meta property=\"article:published_time\" content=\"2015-09-21T12:42:29+00:00\" \/>\n<meta property=\"og:image\" content=\"https:\/\/pmza.sk\/wp-content\/uploads\/2015\/09\/Exoticka-krasa.jpg\" \/>\n\t<meta property=\"og:image:width\" content=\"552\" \/>\n\t<meta property=\"og:image:height\" content=\"780\" \/>\n\t<meta property=\"og:image:type\" content=\"image\/jpeg\" \/>\n<meta name=\"author\" content=\"Pova\u017esk\u00e9 m\u00fazeum\" \/>\n<meta name=\"twitter:card\" content=\"summary_large_image\" \/>\n<meta name=\"twitter:label1\" content=\"Autor\" \/>\n\t<meta name=\"twitter:data1\" content=\"Pova\u017esk\u00e9 m\u00fazeum\" \/>\n\t<meta name=\"twitter:label2\" content=\"Predpokladan\u00fd \u010das \u010d\u00edtania\" \/>\n\t<meta name=\"twitter:data2\" content=\"3 min\u00faty\" \/>\n<script type=\"application\/ld+json\" class=\"yoast-schema-graph\">{\"@context\":\"https:\\\/\\\/schema.org\",\"@graph\":[{\"@type\":\"Article\",\"@id\":\"https:\\\/\\\/pmza.sk\\\/?p=13717#article\",\"isPartOf\":{\"@id\":\"https:\\\/\\\/pmza.sk\\\/?p=13717\"},\"author\":{\"name\":\"Pova\u017esk\u00e9 m\u00fazeum\",\"@id\":\"https:\\\/\\\/pmza.sk\\\/#\\\/schema\\\/person\\\/595e6a2ce731ea94dcd5d7f50a41ae33\"},\"headline\":\"Exotick\u00e1 kr\u00e1sa\",\"datePublished\":\"2015-09-21T12:42:29+00:00\",\"mainEntityOfPage\":{\"@id\":\"https:\\\/\\\/pmza.sk\\\/?p=13717\"},\"wordCount\":505,\"publisher\":{\"@id\":\"https:\\\/\\\/pmza.sk\\\/#organization\"},\"image\":{\"@id\":\"https:\\\/\\\/pmza.sk\\\/?p=13717#primaryimage\"},\"thumbnailUrl\":\"https:\\\/\\\/pmza.sk\\\/wp-content\\\/uploads\\\/2015\\\/09\\\/Exoticka-krasa.jpg\",\"articleSection\":[\"Arch\u00edv 2015\"],\"inLanguage\":\"sk-SK\"},{\"@type\":\"WebPage\",\"@id\":\"https:\\\/\\\/pmza.sk\\\/?p=13717\",\"url\":\"https:\\\/\\\/pmza.sk\\\/?p=13717\",\"name\":\"Exotick\u00e1 kr\u00e1sa - Pova\u017esk\u00e9 m\u00fazeum\",\"isPartOf\":{\"@id\":\"https:\\\/\\\/pmza.sk\\\/#website\"},\"primaryImageOfPage\":{\"@id\":\"https:\\\/\\\/pmza.sk\\\/?p=13717#primaryimage\"},\"image\":{\"@id\":\"https:\\\/\\\/pmza.sk\\\/?p=13717#primaryimage\"},\"thumbnailUrl\":\"https:\\\/\\\/pmza.sk\\\/wp-content\\\/uploads\\\/2015\\\/09\\\/Exoticka-krasa.jpg\",\"datePublished\":\"2015-09-21T12:42:29+00:00\",\"breadcrumb\":{\"@id\":\"https:\\\/\\\/pmza.sk\\\/?p=13717#breadcrumb\"},\"inLanguage\":\"sk-SK\",\"potentialAction\":[{\"@type\":\"ReadAction\",\"target\":[\"https:\\\/\\\/pmza.sk\\\/?p=13717\"]}]},{\"@type\":\"ImageObject\",\"inLanguage\":\"sk-SK\",\"@id\":\"https:\\\/\\\/pmza.sk\\\/?p=13717#primaryimage\",\"url\":\"https:\\\/\\\/pmza.sk\\\/wp-content\\\/uploads\\\/2015\\\/09\\\/Exoticka-krasa.jpg\",\"contentUrl\":\"https:\\\/\\\/pmza.sk\\\/wp-content\\\/uploads\\\/2015\\\/09\\\/Exoticka-krasa.jpg\",\"width\":552,\"height\":780},{\"@type\":\"BreadcrumbList\",\"@id\":\"https:\\\/\\\/pmza.sk\\\/?p=13717#breadcrumb\",\"itemListElement\":[{\"@type\":\"ListItem\",\"position\":1,\"name\":\"Domovsk\u00e1 str\u00e1nka\",\"item\":\"https:\\\/\\\/pmza.sk\\\/\"},{\"@type\":\"ListItem\",\"position\":2,\"name\":\"Exotick\u00e1 kr\u00e1sa\"}]},{\"@type\":\"WebSite\",\"@id\":\"https:\\\/\\\/pmza.sk\\\/#website\",\"url\":\"https:\\\/\\\/pmza.sk\\\/\",\"name\":\"Pova\u017esk\u00e9 m\u00fazeum\",\"description\":\"Pova\u017esk\u00e9 m\u00fazeum v \u017diline je region\u00e1lne m\u00fazeum so s\u00eddlom v Budat\u00edne. Jeho expoz\u00edcie s\u00fa zameran\u00e9 na dejiny slovensk\u00e9ho umenia, kult\u00fary a dopravy.\",\"publisher\":{\"@id\":\"https:\\\/\\\/pmza.sk\\\/#organization\"},\"potentialAction\":[{\"@type\":\"SearchAction\",\"target\":{\"@type\":\"EntryPoint\",\"urlTemplate\":\"https:\\\/\\\/pmza.sk\\\/?s={search_term_string}\"},\"query-input\":{\"@type\":\"PropertyValueSpecification\",\"valueRequired\":true,\"valueName\":\"search_term_string\"}}],\"inLanguage\":\"sk-SK\"},{\"@type\":\"Organization\",\"@id\":\"https:\\\/\\\/pmza.sk\\\/#organization\",\"name\":\"Pova\u017esk\u00e9 m\u00fazeum\",\"url\":\"https:\\\/\\\/pmza.sk\\\/\",\"logo\":{\"@type\":\"ImageObject\",\"inLanguage\":\"sk-SK\",\"@id\":\"https:\\\/\\\/pmza.sk\\\/#\\\/schema\\\/logo\\\/image\\\/\",\"url\":\"https:\\\/\\\/pmza.sk\\\/wp-content\\\/uploads\\\/2022\\\/01\\\/logo_PM_horizontal.jpg\",\"contentUrl\":\"https:\\\/\\\/pmza.sk\\\/wp-content\\\/uploads\\\/2022\\\/01\\\/logo_PM_horizontal.jpg\",\"width\":231,\"height\":142,\"caption\":\"Pova\u017esk\u00e9 m\u00fazeum\"},\"image\":{\"@id\":\"https:\\\/\\\/pmza.sk\\\/#\\\/schema\\\/logo\\\/image\\\/\"},\"sameAs\":[\"https:\\\/\\\/www.facebook.com\\\/povazskemuzeum\",\"https:\\\/\\\/www.instagram.com\\\/povazskemuzeum\\\/\"]},{\"@type\":\"Person\",\"@id\":\"https:\\\/\\\/pmza.sk\\\/#\\\/schema\\\/person\\\/595e6a2ce731ea94dcd5d7f50a41ae33\",\"name\":\"Pova\u017esk\u00e9 m\u00fazeum\",\"image\":{\"@type\":\"ImageObject\",\"inLanguage\":\"sk-SK\",\"@id\":\"https:\\\/\\\/secure.gravatar.com\\\/avatar\\\/2bb7f1561282132fb5826dfeccc66c7996d11ee392ac6aaf7ced8a1c2027fbb2?s=96&d=mm&r=g\",\"url\":\"https:\\\/\\\/secure.gravatar.com\\\/avatar\\\/2bb7f1561282132fb5826dfeccc66c7996d11ee392ac6aaf7ced8a1c2027fbb2?s=96&d=mm&r=g\",\"contentUrl\":\"https:\\\/\\\/secure.gravatar.com\\\/avatar\\\/2bb7f1561282132fb5826dfeccc66c7996d11ee392ac6aaf7ced8a1c2027fbb2?s=96&d=mm&r=g\",\"caption\":\"Pova\u017esk\u00e9 m\u00fazeum\"}}]}<\/script>\n<!-- \/ Yoast SEO plugin. -->","yoast_head_json":{"title":"Exotick\u00e1 kr\u00e1sa - Pova\u017esk\u00e9 m\u00fazeum","robots":{"index":"index","follow":"follow","max-snippet":"max-snippet:-1","max-image-preview":"max-image-preview:large","max-video-preview":"max-video-preview:-1"},"canonical":"https:\/\/pmza.sk\/?p=13717","og_locale":"sk_SK","og_type":"article","og_title":"Exotick\u00e1 kr\u00e1sa - Pova\u017esk\u00e9 m\u00fazeum","og_description":"Po prv\u00fd raz vo svojej hist\u00f3rii vystavuje Pova\u017esk\u00e9 m\u00fazeum v\u00a0\u017diline (PMZA) aj \u017eiv\u00e9 expon\u00e1ty. Na v\u00fdstave Exotick\u00e1 kr\u00e1sa, ktor\u00e1 je pre verejnos\u0165 pr\u00edstupn\u00e1 v\u00a0administrat\u00edvnej budove m\u00fazea od 22. 9. do 25. 10. 2015, s\u00fa okrem preparovan\u00fdch aj \u017eiv\u00e9 exotick\u00e9 druhy \u017eivo\u010d\u00edchov zo s\u00fakromnej kolekcie Michala Zachara, \u017eiv\u00e9 expon\u00e1ty v\u00a0ter\u00e1ri\u00e1ch od chovate\u013eky pakobyliek a\u00a0listoviek Ing. Jany [&hellip;]","og_url":"https:\/\/pmza.sk\/?p=13717","og_site_name":"Pova\u017esk\u00e9 m\u00fazeum","article_publisher":"https:\/\/www.facebook.com\/povazskemuzeum","article_published_time":"2015-09-21T12:42:29+00:00","og_image":[{"width":552,"height":780,"url":"https:\/\/pmza.sk\/wp-content\/uploads\/2015\/09\/Exoticka-krasa.jpg","type":"image\/jpeg"}],"author":"Pova\u017esk\u00e9 m\u00fazeum","twitter_card":"summary_large_image","twitter_misc":{"Autor":"Pova\u017esk\u00e9 m\u00fazeum","Predpokladan\u00fd \u010das \u010d\u00edtania":"3 min\u00faty"},"schema":{"@context":"https:\/\/schema.org","@graph":[{"@type":"Article","@id":"https:\/\/pmza.sk\/?p=13717#article","isPartOf":{"@id":"https:\/\/pmza.sk\/?p=13717"},"author":{"name":"Pova\u017esk\u00e9 m\u00fazeum","@id":"https:\/\/pmza.sk\/#\/schema\/person\/595e6a2ce731ea94dcd5d7f50a41ae33"},"headline":"Exotick\u00e1 kr\u00e1sa","datePublished":"2015-09-21T12:42:29+00:00","mainEntityOfPage":{"@id":"https:\/\/pmza.sk\/?p=13717"},"wordCount":505,"publisher":{"@id":"https:\/\/pmza.sk\/#organization"},"image":{"@id":"https:\/\/pmza.sk\/?p=13717#primaryimage"},"thumbnailUrl":"https:\/\/pmza.sk\/wp-content\/uploads\/2015\/09\/Exoticka-krasa.jpg","articleSection":["Arch\u00edv 2015"],"inLanguage":"sk-SK"},{"@type":"WebPage","@id":"https:\/\/pmza.sk\/?p=13717","url":"https:\/\/pmza.sk\/?p=13717","name":"Exotick\u00e1 kr\u00e1sa - Pova\u017esk\u00e9 m\u00fazeum","isPartOf":{"@id":"https:\/\/pmza.sk\/#website"},"primaryImageOfPage":{"@id":"https:\/\/pmza.sk\/?p=13717#primaryimage"},"image":{"@id":"https:\/\/pmza.sk\/?p=13717#primaryimage"},"thumbnailUrl":"https:\/\/pmza.sk\/wp-content\/uploads\/2015\/09\/Exoticka-krasa.jpg","datePublished":"2015-09-21T12:42:29+00:00","breadcrumb":{"@id":"https:\/\/pmza.sk\/?p=13717#breadcrumb"},"inLanguage":"sk-SK","potentialAction":[{"@type":"ReadAction","target":["https:\/\/pmza.sk\/?p=13717"]}]},{"@type":"ImageObject","inLanguage":"sk-SK","@id":"https:\/\/pmza.sk\/?p=13717#primaryimage","url":"https:\/\/pmza.sk\/wp-content\/uploads\/2015\/09\/Exoticka-krasa.jpg","contentUrl":"https:\/\/pmza.sk\/wp-content\/uploads\/2015\/09\/Exoticka-krasa.jpg","width":552,"height":780},{"@type":"BreadcrumbList","@id":"https:\/\/pmza.sk\/?p=13717#breadcrumb","itemListElement":[{"@type":"ListItem","position":1,"name":"Domovsk\u00e1 str\u00e1nka","item":"https:\/\/pmza.sk\/"},{"@type":"ListItem","position":2,"name":"Exotick\u00e1 kr\u00e1sa"}]},{"@type":"WebSite","@id":"https:\/\/pmza.sk\/#website","url":"https:\/\/pmza.sk\/","name":"Pova\u017esk\u00e9 m\u00fazeum","description":"Pova\u017esk\u00e9 m\u00fazeum v \u017diline je region\u00e1lne m\u00fazeum so s\u00eddlom v Budat\u00edne. Jeho expoz\u00edcie s\u00fa zameran\u00e9 na dejiny slovensk\u00e9ho umenia, kult\u00fary a dopravy.","publisher":{"@id":"https:\/\/pmza.sk\/#organization"},"potentialAction":[{"@type":"SearchAction","target":{"@type":"EntryPoint","urlTemplate":"https:\/\/pmza.sk\/?s={search_term_string}"},"query-input":{"@type":"PropertyValueSpecification","valueRequired":true,"valueName":"search_term_string"}}],"inLanguage":"sk-SK"},{"@type":"Organization","@id":"https:\/\/pmza.sk\/#organization","name":"Pova\u017esk\u00e9 m\u00fazeum","url":"https:\/\/pmza.sk\/","logo":{"@type":"ImageObject","inLanguage":"sk-SK","@id":"https:\/\/pmza.sk\/#\/schema\/logo\/image\/","url":"https:\/\/pmza.sk\/wp-content\/uploads\/2022\/01\/logo_PM_horizontal.jpg","contentUrl":"https:\/\/pmza.sk\/wp-content\/uploads\/2022\/01\/logo_PM_horizontal.jpg","width":231,"height":142,"caption":"Pova\u017esk\u00e9 m\u00fazeum"},"image":{"@id":"https:\/\/pmza.sk\/#\/schema\/logo\/image\/"},"sameAs":["https:\/\/www.facebook.com\/povazskemuzeum","https:\/\/www.instagram.com\/povazskemuzeum\/"]},{"@type":"Person","@id":"https:\/\/pmza.sk\/#\/schema\/person\/595e6a2ce731ea94dcd5d7f50a41ae33","name":"Pova\u017esk\u00e9 m\u00fazeum","image":{"@type":"ImageObject","inLanguage":"sk-SK","@id":"https:\/\/secure.gravatar.com\/avatar\/2bb7f1561282132fb5826dfeccc66c7996d11ee392ac6aaf7ced8a1c2027fbb2?s=96&d=mm&r=g","url":"https:\/\/secure.gravatar.com\/avatar\/2bb7f1561282132fb5826dfeccc66c7996d11ee392ac6aaf7ced8a1c2027fbb2?s=96&d=mm&r=g","contentUrl":"https:\/\/secure.gravatar.com\/avatar\/2bb7f1561282132fb5826dfeccc66c7996d11ee392ac6aaf7ced8a1c2027fbb2?s=96&d=mm&r=g","caption":"Pova\u017esk\u00e9 m\u00fazeum"}}]}},"_links":{"self":[{"href":"https:\/\/pmza.sk\/index.php?rest_route=\/wp\/v2\/posts\/13717","targetHints":{"allow":["GET"]}}],"collection":[{"href":"https:\/\/pmza.sk\/index.php?rest_route=\/wp\/v2\/posts"}],"about":[{"href":"https:\/\/pmza.sk\/index.php?rest_route=\/wp\/v2\/types\/post"}],"author":[{"embeddable":true,"href":"https:\/\/pmza.sk\/index.php?rest_route=\/wp\/v2\/users\/2"}],"replies":[{"embeddable":true,"href":"https:\/\/pmza.sk\/index.php?rest_route=%2Fwp%2Fv2%2Fcomments&post=13717"}],"version-history":[{"count":0,"href":"https:\/\/pmza.sk\/index.php?rest_route=\/wp\/v2\/posts\/13717\/revisions"}],"wp:featuredmedia":[{"embeddable":true,"href":"https:\/\/pmza.sk\/index.php?rest_route=\/wp\/v2\/media\/13712"}],"wp:attachment":[{"href":"https:\/\/pmza.sk\/index.php?rest_route=%2Fwp%2Fv2%2Fmedia&parent=13717"}],"wp:term":[{"taxonomy":"category","embeddable":true,"href":"https:\/\/pmza.sk\/index.php?rest_route=%2Fwp%2Fv2%2Fcategories&post=13717"},{"taxonomy":"post_tag","embeddable":true,"href":"https:\/\/pmza.sk\/index.php?rest_route=%2Fwp%2Fv2%2Ftags&post=13717"}],"curies":[{"name":"wp","href":"https:\/\/api.w.org\/{rel}","templated":true}]}}