{"id":13721,"date":"2015-09-22T08:46:13","date_gmt":"2015-09-22T06:46:13","guid":{"rendered":"https:\/\/pmza.sk.sk\/?p=13721"},"modified":"2015-09-22T08:46:13","modified_gmt":"2015-09-22T06:46:13","slug":"europsky-den-spoluprace-2015","status":"publish","type":"post","link":"https:\/\/pmza.sk\/?p=13721","title":{"rendered":"Eur\u00f3psky de\u0148 spolupr\u00e1ce 2015"},"content":{"rendered":"<p>Ministerstvo p\u00f4dohospod\u00e1rstva a\u00a0rozvoja vidieka Slovenskej republiky v\u00a0spolupr\u00e1ci s\u00a0Ministerstvem pro m\u00edstn\u00ed rozvoj \u010cesk\u00e9 republiky a\u00a0\u017dilinsk\u00fdm samospr\u00e1vnym krajom pripravili d\u0148a<strong> 26. septembra<\/strong> v\u00a0are\u00e1li Budat\u00ednskeho hradu projekt <strong>European Cooperation Day 2015<\/strong>. Ide o\u00a0rozsiahly projekt nadn\u00e1rodn\u00e9ho v\u00fdznamu, ktor\u00fd propaguje cezhrani\u010dn\u00fa spolupr\u00e1cu v\u00a0Eur\u00f3pe prostredn\u00edctvom organiz\u00e1cie mno\u017estvo zauj\u00edmav\u00fdch kult\u00farnych, spolo\u010densk\u00fdch a\u00a0\u0161portov\u00fdch podujat\u00ed s\u00a0my\u0161lienkou obnovenia soci\u00e1lnych, kult\u00farnych a\u00a0spolo\u010densk\u00fdch v\u00e4zieb susediacich prihrani\u010dn\u00fdch regi\u00f3nov. Z\u00e1\u0161titu nad ptrojektom zabezpe\u010duje Program Interact, ktor\u00fd sprostredkov\u00e1va inform\u00e1cie o\u00a0jednotliv\u00fdch podujatiach v\u00a0r\u00e1mci Eur\u00f3py a\u00a0n\u00e1sledne zastre\u0161uje aj ich spolo\u010dn\u00fa propag\u00e1ciu.<\/p>\n<p>V\u00a0r\u00e1mci ECD \u2013 Eur\u00f3pskeho d\u0148a spolupr\u00e1ce 2015 \u2013 na n\u00e1v\u0161tevn\u00edkov \u010dak\u00e1 bohat\u00fd sprievodn\u00fd program: vyst\u00fapenie historickej skupiny Taurus Ater, stredovek\u00fd t\u00e1bor, rytierske akad\u00e9mie, tvoriv\u00e9 dielne s\u00a0anima\u010dn\u00fdm programom, b\u00e1bkov\u00e9 divadlo, ma\u013eovanie na tv\u00e1r, v\u00fdstava \u201e\u017div\u00e1 kult\u00fara\u201c, tombola a\u00a0ve\u013ea \u010fal\u0161\u00edch prekvapen\u00ed.<\/p>\n<p>Vstup na podujatie, ktor\u00e9 sa v\u00a0are\u00e1li Budat\u00ednskeho hradu kon\u00e1 26. septembra 2015 od 13.00 do 17.00 hod. je zdarma.<\/p>\n","protected":false},"excerpt":{"rendered":"<p>Ministerstvo p\u00f4dohospod\u00e1rstva a\u00a0rozvoja vidieka Slovenskej republiky v\u00a0spolupr\u00e1ci s\u00a0Ministerstvem pro m\u00edstn\u00ed rozvoj \u010cesk\u00e9 republiky a\u00a0\u017dilinsk\u00fdm samospr\u00e1vnym krajom pripravili d\u0148a 26. septembra v\u00a0are\u00e1li Budat\u00ednskeho hradu projekt European Cooperation Day 2015. Ide o\u00a0rozsiahly projekt nadn\u00e1rodn\u00e9ho v\u00fdznamu, ktor\u00fd propaguje cezhrani\u010dn\u00fa spolupr\u00e1cu v\u00a0Eur\u00f3pe prostredn\u00edctvom organiz\u00e1cie mno\u017estvo zauj\u00edmav\u00fdch kult\u00farnych, spolo\u010densk\u00fdch a\u00a0\u0161portov\u00fdch podujat\u00ed s\u00a0my\u0161lienkou obnovenia soci\u00e1lnych, kult\u00farnych a\u00a0spolo\u010densk\u00fdch v\u00e4zieb susediacich prihrani\u010dn\u00fdch regi\u00f3nov. [&hellip;]<\/p>\n","protected":false},"author":2,"featured_media":13687,"comment_status":"closed","ping_status":"closed","sticky":false,"template":"","format":"standard","meta":{"site-sidebar-layout":"default","site-content-layout":"","ast-site-content-layout":"","site-content-style":"default","site-sidebar-style":"default","ast-global-header-display":"","ast-banner-title-visibility":"","ast-main-header-display":"","ast-hfb-above-header-display":"","ast-hfb-below-header-display":"","ast-hfb-mobile-header-display":"","site-post-title":"","ast-breadcrumbs-content":"","ast-featured-img":"","footer-sml-layout":"","theme-transparent-header-meta":"","adv-header-id-meta":"","stick-header-meta":"","header-above-stick-meta":"","header-main-stick-meta":"","header-below-stick-meta":"","astra-migrate-meta-layouts":"default","ast-page-background-enabled":"default","ast-page-background-meta":{"desktop":{"background-color":"var(--ast-global-color-4)","background-image":"","background-repeat":"repeat","background-position":"center center","background-size":"auto","background-attachment":"scroll","background-type":"","background-media":"","overlay-type":"","overlay-color":"","overlay-opacity":"","overlay-gradient":""},"tablet":{"background-color":"","background-image":"","background-repeat":"repeat","background-position":"center center","background-size":"auto","background-attachment":"scroll","background-type":"","background-media":"","overlay-type":"","overlay-color":"","overlay-opacity":"","overlay-gradient":""},"mobile":{"background-color":"","background-image":"","background-repeat":"repeat","background-position":"center center","background-size":"auto","background-attachment":"scroll","background-type":"","background-media":"","overlay-type":"","overlay-color":"","overlay-opacity":"","overlay-gradient":""}},"ast-content-background-meta":{"desktop":{"background-color":"var(--ast-global-color-5)","background-image":"","background-repeat":"repeat","background-position":"center center","background-size":"auto","background-attachment":"scroll","background-type":"","background-media":"","overlay-type":"","overlay-color":"","overlay-opacity":"","overlay-gradient":""},"tablet":{"background-color":"var(--ast-global-color-5)","background-image":"","background-repeat":"repeat","background-position":"center center","background-size":"auto","background-attachment":"scroll","background-type":"","background-media":"","overlay-type":"","overlay-color":"","overlay-opacity":"","overlay-gradient":""},"mobile":{"background-color":"var(--ast-global-color-5)","background-image":"","background-repeat":"repeat","background-position":"center center","background-size":"auto","background-attachment":"scroll","background-type":"","background-media":"","overlay-type":"","overlay-color":"","overlay-opacity":"","overlay-gradient":""}},"footnotes":""},"categories":[38],"tags":[],"class_list":["post-13721","post","type-post","status-publish","format-standard","has-post-thumbnail","hentry","category-archiv-2015"],"yoast_head":"<!-- This site is optimized with the Yoast SEO plugin v27.4 - https:\/\/yoast.com\/product\/yoast-seo-wordpress\/ -->\n<title>Eur\u00f3psky de\u0148 spolupr\u00e1ce 2015 - Pova\u017esk\u00e9 m\u00fazeum<\/title>\n<meta name=\"robots\" content=\"index, follow, max-snippet:-1, max-image-preview:large, max-video-preview:-1\" \/>\n<link rel=\"canonical\" href=\"https:\/\/pmza.sk\/?p=13721\" \/>\n<meta property=\"og:locale\" content=\"sk_SK\" \/>\n<meta property=\"og:type\" content=\"article\" \/>\n<meta property=\"og:title\" content=\"Eur\u00f3psky de\u0148 spolupr\u00e1ce 2015 - Pova\u017esk\u00e9 m\u00fazeum\" \/>\n<meta property=\"og:description\" content=\"Ministerstvo p\u00f4dohospod\u00e1rstva a\u00a0rozvoja vidieka Slovenskej republiky v\u00a0spolupr\u00e1ci s\u00a0Ministerstvem pro m\u00edstn\u00ed rozvoj \u010cesk\u00e9 republiky a\u00a0\u017dilinsk\u00fdm samospr\u00e1vnym krajom pripravili d\u0148a 26. septembra v\u00a0are\u00e1li Budat\u00ednskeho hradu projekt European Cooperation Day 2015. Ide o\u00a0rozsiahly projekt nadn\u00e1rodn\u00e9ho v\u00fdznamu, ktor\u00fd propaguje cezhrani\u010dn\u00fa spolupr\u00e1cu v\u00a0Eur\u00f3pe prostredn\u00edctvom organiz\u00e1cie mno\u017estvo zauj\u00edmav\u00fdch kult\u00farnych, spolo\u010densk\u00fdch a\u00a0\u0161portov\u00fdch podujat\u00ed s\u00a0my\u0161lienkou obnovenia soci\u00e1lnych, kult\u00farnych a\u00a0spolo\u010densk\u00fdch v\u00e4zieb susediacich prihrani\u010dn\u00fdch regi\u00f3nov. [&hellip;]\" \/>\n<meta property=\"og:url\" content=\"https:\/\/pmza.sk\/?p=13721\" \/>\n<meta property=\"og:site_name\" content=\"Pova\u017esk\u00e9 m\u00fazeum\" \/>\n<meta property=\"article:publisher\" content=\"https:\/\/www.facebook.com\/povazskemuzeum\" \/>\n<meta property=\"article:published_time\" content=\"2015-09-22T06:46:13+00:00\" \/>\n<meta property=\"og:image\" content=\"https:\/\/pmza.sk\/wp-content\/uploads\/2015\/09\/plagat-A5-ECD-2015-Budatin_150dpi.jpg\" \/>\n\t<meta property=\"og:image:width\" content=\"1240\" \/>\n\t<meta property=\"og:image:height\" content=\"874\" \/>\n\t<meta property=\"og:image:type\" content=\"image\/jpeg\" \/>\n<meta name=\"author\" content=\"Pova\u017esk\u00e9 m\u00fazeum\" \/>\n<meta name=\"twitter:card\" content=\"summary_large_image\" \/>\n<meta name=\"twitter:label1\" content=\"Autor\" \/>\n\t<meta name=\"twitter:data1\" content=\"Pova\u017esk\u00e9 m\u00fazeum\" \/>\n\t<meta name=\"twitter:label2\" content=\"Predpokladan\u00fd \u010das \u010d\u00edtania\" \/>\n\t<meta name=\"twitter:data2\" content=\"1 min\u00fata\" \/>\n<script type=\"application\/ld+json\" class=\"yoast-schema-graph\">{\"@context\":\"https:\\\/\\\/schema.org\",\"@graph\":[{\"@type\":\"Article\",\"@id\":\"https:\\\/\\\/pmza.sk\\\/?p=13721#article\",\"isPartOf\":{\"@id\":\"https:\\\/\\\/pmza.sk\\\/?p=13721\"},\"author\":{\"name\":\"Pova\u017esk\u00e9 m\u00fazeum\",\"@id\":\"https:\\\/\\\/pmza.sk\\\/#\\\/schema\\\/person\\\/595e6a2ce731ea94dcd5d7f50a41ae33\"},\"headline\":\"Eur\u00f3psky de\u0148 spolupr\u00e1ce 2015\",\"datePublished\":\"2015-09-22T06:46:13+00:00\",\"mainEntityOfPage\":{\"@id\":\"https:\\\/\\\/pmza.sk\\\/?p=13721\"},\"wordCount\":210,\"publisher\":{\"@id\":\"https:\\\/\\\/pmza.sk\\\/#organization\"},\"image\":{\"@id\":\"https:\\\/\\\/pmza.sk\\\/?p=13721#primaryimage\"},\"thumbnailUrl\":\"https:\\\/\\\/pmza.sk\\\/wp-content\\\/uploads\\\/2015\\\/09\\\/plagat-A5-ECD-2015-Budatin_150dpi.jpg\",\"articleSection\":[\"Arch\u00edv 2015\"],\"inLanguage\":\"sk-SK\"},{\"@type\":\"WebPage\",\"@id\":\"https:\\\/\\\/pmza.sk\\\/?p=13721\",\"url\":\"https:\\\/\\\/pmza.sk\\\/?p=13721\",\"name\":\"Eur\u00f3psky de\u0148 spolupr\u00e1ce 2015 - Pova\u017esk\u00e9 m\u00fazeum\",\"isPartOf\":{\"@id\":\"https:\\\/\\\/pmza.sk\\\/#website\"},\"primaryImageOfPage\":{\"@id\":\"https:\\\/\\\/pmza.sk\\\/?p=13721#primaryimage\"},\"image\":{\"@id\":\"https:\\\/\\\/pmza.sk\\\/?p=13721#primaryimage\"},\"thumbnailUrl\":\"https:\\\/\\\/pmza.sk\\\/wp-content\\\/uploads\\\/2015\\\/09\\\/plagat-A5-ECD-2015-Budatin_150dpi.jpg\",\"datePublished\":\"2015-09-22T06:46:13+00:00\",\"breadcrumb\":{\"@id\":\"https:\\\/\\\/pmza.sk\\\/?p=13721#breadcrumb\"},\"inLanguage\":\"sk-SK\",\"potentialAction\":[{\"@type\":\"ReadAction\",\"target\":[\"https:\\\/\\\/pmza.sk\\\/?p=13721\"]}]},{\"@type\":\"ImageObject\",\"inLanguage\":\"sk-SK\",\"@id\":\"https:\\\/\\\/pmza.sk\\\/?p=13721#primaryimage\",\"url\":\"https:\\\/\\\/pmza.sk\\\/wp-content\\\/uploads\\\/2015\\\/09\\\/plagat-A5-ECD-2015-Budatin_150dpi.jpg\",\"contentUrl\":\"https:\\\/\\\/pmza.sk\\\/wp-content\\\/uploads\\\/2015\\\/09\\\/plagat-A5-ECD-2015-Budatin_150dpi.jpg\",\"width\":1240,\"height\":874},{\"@type\":\"BreadcrumbList\",\"@id\":\"https:\\\/\\\/pmza.sk\\\/?p=13721#breadcrumb\",\"itemListElement\":[{\"@type\":\"ListItem\",\"position\":1,\"name\":\"Domovsk\u00e1 str\u00e1nka\",\"item\":\"https:\\\/\\\/pmza.sk\\\/\"},{\"@type\":\"ListItem\",\"position\":2,\"name\":\"Eur\u00f3psky de\u0148 spolupr\u00e1ce 2015\"}]},{\"@type\":\"WebSite\",\"@id\":\"https:\\\/\\\/pmza.sk\\\/#website\",\"url\":\"https:\\\/\\\/pmza.sk\\\/\",\"name\":\"Pova\u017esk\u00e9 m\u00fazeum\",\"description\":\"Pova\u017esk\u00e9 m\u00fazeum v \u017diline je region\u00e1lne m\u00fazeum so s\u00eddlom v Budat\u00edne. Jeho expoz\u00edcie s\u00fa zameran\u00e9 na dejiny slovensk\u00e9ho umenia, kult\u00fary a dopravy.\",\"publisher\":{\"@id\":\"https:\\\/\\\/pmza.sk\\\/#organization\"},\"potentialAction\":[{\"@type\":\"SearchAction\",\"target\":{\"@type\":\"EntryPoint\",\"urlTemplate\":\"https:\\\/\\\/pmza.sk\\\/?s={search_term_string}\"},\"query-input\":{\"@type\":\"PropertyValueSpecification\",\"valueRequired\":true,\"valueName\":\"search_term_string\"}}],\"inLanguage\":\"sk-SK\"},{\"@type\":\"Organization\",\"@id\":\"https:\\\/\\\/pmza.sk\\\/#organization\",\"name\":\"Pova\u017esk\u00e9 m\u00fazeum\",\"url\":\"https:\\\/\\\/pmza.sk\\\/\",\"logo\":{\"@type\":\"ImageObject\",\"inLanguage\":\"sk-SK\",\"@id\":\"https:\\\/\\\/pmza.sk\\\/#\\\/schema\\\/logo\\\/image\\\/\",\"url\":\"https:\\\/\\\/pmza.sk\\\/wp-content\\\/uploads\\\/2022\\\/01\\\/logo_PM_horizontal.jpg\",\"contentUrl\":\"https:\\\/\\\/pmza.sk\\\/wp-content\\\/uploads\\\/2022\\\/01\\\/logo_PM_horizontal.jpg\",\"width\":231,\"height\":142,\"caption\":\"Pova\u017esk\u00e9 m\u00fazeum\"},\"image\":{\"@id\":\"https:\\\/\\\/pmza.sk\\\/#\\\/schema\\\/logo\\\/image\\\/\"},\"sameAs\":[\"https:\\\/\\\/www.facebook.com\\\/povazskemuzeum\",\"https:\\\/\\\/www.instagram.com\\\/povazskemuzeum\\\/\"]},{\"@type\":\"Person\",\"@id\":\"https:\\\/\\\/pmza.sk\\\/#\\\/schema\\\/person\\\/595e6a2ce731ea94dcd5d7f50a41ae33\",\"name\":\"Pova\u017esk\u00e9 m\u00fazeum\",\"image\":{\"@type\":\"ImageObject\",\"inLanguage\":\"sk-SK\",\"@id\":\"https:\\\/\\\/secure.gravatar.com\\\/avatar\\\/2bb7f1561282132fb5826dfeccc66c7996d11ee392ac6aaf7ced8a1c2027fbb2?s=96&d=mm&r=g\",\"url\":\"https:\\\/\\\/secure.gravatar.com\\\/avatar\\\/2bb7f1561282132fb5826dfeccc66c7996d11ee392ac6aaf7ced8a1c2027fbb2?s=96&d=mm&r=g\",\"contentUrl\":\"https:\\\/\\\/secure.gravatar.com\\\/avatar\\\/2bb7f1561282132fb5826dfeccc66c7996d11ee392ac6aaf7ced8a1c2027fbb2?s=96&d=mm&r=g\",\"caption\":\"Pova\u017esk\u00e9 m\u00fazeum\"}}]}<\/script>\n<!-- \/ Yoast SEO plugin. -->","yoast_head_json":{"title":"Eur\u00f3psky de\u0148 spolupr\u00e1ce 2015 - Pova\u017esk\u00e9 m\u00fazeum","robots":{"index":"index","follow":"follow","max-snippet":"max-snippet:-1","max-image-preview":"max-image-preview:large","max-video-preview":"max-video-preview:-1"},"canonical":"https:\/\/pmza.sk\/?p=13721","og_locale":"sk_SK","og_type":"article","og_title":"Eur\u00f3psky de\u0148 spolupr\u00e1ce 2015 - Pova\u017esk\u00e9 m\u00fazeum","og_description":"Ministerstvo p\u00f4dohospod\u00e1rstva a\u00a0rozvoja vidieka Slovenskej republiky v\u00a0spolupr\u00e1ci s\u00a0Ministerstvem pro m\u00edstn\u00ed rozvoj \u010cesk\u00e9 republiky a\u00a0\u017dilinsk\u00fdm samospr\u00e1vnym krajom pripravili d\u0148a 26. septembra v\u00a0are\u00e1li Budat\u00ednskeho hradu projekt European Cooperation Day 2015. Ide o\u00a0rozsiahly projekt nadn\u00e1rodn\u00e9ho v\u00fdznamu, ktor\u00fd propaguje cezhrani\u010dn\u00fa spolupr\u00e1cu v\u00a0Eur\u00f3pe prostredn\u00edctvom organiz\u00e1cie mno\u017estvo zauj\u00edmav\u00fdch kult\u00farnych, spolo\u010densk\u00fdch a\u00a0\u0161portov\u00fdch podujat\u00ed s\u00a0my\u0161lienkou obnovenia soci\u00e1lnych, kult\u00farnych a\u00a0spolo\u010densk\u00fdch v\u00e4zieb susediacich prihrani\u010dn\u00fdch regi\u00f3nov. [&hellip;]","og_url":"https:\/\/pmza.sk\/?p=13721","og_site_name":"Pova\u017esk\u00e9 m\u00fazeum","article_publisher":"https:\/\/www.facebook.com\/povazskemuzeum","article_published_time":"2015-09-22T06:46:13+00:00","og_image":[{"width":1240,"height":874,"url":"https:\/\/pmza.sk\/wp-content\/uploads\/2015\/09\/plagat-A5-ECD-2015-Budatin_150dpi.jpg","type":"image\/jpeg"}],"author":"Pova\u017esk\u00e9 m\u00fazeum","twitter_card":"summary_large_image","twitter_misc":{"Autor":"Pova\u017esk\u00e9 m\u00fazeum","Predpokladan\u00fd \u010das \u010d\u00edtania":"1 min\u00fata"},"schema":{"@context":"https:\/\/schema.org","@graph":[{"@type":"Article","@id":"https:\/\/pmza.sk\/?p=13721#article","isPartOf":{"@id":"https:\/\/pmza.sk\/?p=13721"},"author":{"name":"Pova\u017esk\u00e9 m\u00fazeum","@id":"https:\/\/pmza.sk\/#\/schema\/person\/595e6a2ce731ea94dcd5d7f50a41ae33"},"headline":"Eur\u00f3psky de\u0148 spolupr\u00e1ce 2015","datePublished":"2015-09-22T06:46:13+00:00","mainEntityOfPage":{"@id":"https:\/\/pmza.sk\/?p=13721"},"wordCount":210,"publisher":{"@id":"https:\/\/pmza.sk\/#organization"},"image":{"@id":"https:\/\/pmza.sk\/?p=13721#primaryimage"},"thumbnailUrl":"https:\/\/pmza.sk\/wp-content\/uploads\/2015\/09\/plagat-A5-ECD-2015-Budatin_150dpi.jpg","articleSection":["Arch\u00edv 2015"],"inLanguage":"sk-SK"},{"@type":"WebPage","@id":"https:\/\/pmza.sk\/?p=13721","url":"https:\/\/pmza.sk\/?p=13721","name":"Eur\u00f3psky de\u0148 spolupr\u00e1ce 2015 - Pova\u017esk\u00e9 m\u00fazeum","isPartOf":{"@id":"https:\/\/pmza.sk\/#website"},"primaryImageOfPage":{"@id":"https:\/\/pmza.sk\/?p=13721#primaryimage"},"image":{"@id":"https:\/\/pmza.sk\/?p=13721#primaryimage"},"thumbnailUrl":"https:\/\/pmza.sk\/wp-content\/uploads\/2015\/09\/plagat-A5-ECD-2015-Budatin_150dpi.jpg","datePublished":"2015-09-22T06:46:13+00:00","breadcrumb":{"@id":"https:\/\/pmza.sk\/?p=13721#breadcrumb"},"inLanguage":"sk-SK","potentialAction":[{"@type":"ReadAction","target":["https:\/\/pmza.sk\/?p=13721"]}]},{"@type":"ImageObject","inLanguage":"sk-SK","@id":"https:\/\/pmza.sk\/?p=13721#primaryimage","url":"https:\/\/pmza.sk\/wp-content\/uploads\/2015\/09\/plagat-A5-ECD-2015-Budatin_150dpi.jpg","contentUrl":"https:\/\/pmza.sk\/wp-content\/uploads\/2015\/09\/plagat-A5-ECD-2015-Budatin_150dpi.jpg","width":1240,"height":874},{"@type":"BreadcrumbList","@id":"https:\/\/pmza.sk\/?p=13721#breadcrumb","itemListElement":[{"@type":"ListItem","position":1,"name":"Domovsk\u00e1 str\u00e1nka","item":"https:\/\/pmza.sk\/"},{"@type":"ListItem","position":2,"name":"Eur\u00f3psky de\u0148 spolupr\u00e1ce 2015"}]},{"@type":"WebSite","@id":"https:\/\/pmza.sk\/#website","url":"https:\/\/pmza.sk\/","name":"Pova\u017esk\u00e9 m\u00fazeum","description":"Pova\u017esk\u00e9 m\u00fazeum v \u017diline je region\u00e1lne m\u00fazeum so s\u00eddlom v Budat\u00edne. Jeho expoz\u00edcie s\u00fa zameran\u00e9 na dejiny slovensk\u00e9ho umenia, kult\u00fary a dopravy.","publisher":{"@id":"https:\/\/pmza.sk\/#organization"},"potentialAction":[{"@type":"SearchAction","target":{"@type":"EntryPoint","urlTemplate":"https:\/\/pmza.sk\/?s={search_term_string}"},"query-input":{"@type":"PropertyValueSpecification","valueRequired":true,"valueName":"search_term_string"}}],"inLanguage":"sk-SK"},{"@type":"Organization","@id":"https:\/\/pmza.sk\/#organization","name":"Pova\u017esk\u00e9 m\u00fazeum","url":"https:\/\/pmza.sk\/","logo":{"@type":"ImageObject","inLanguage":"sk-SK","@id":"https:\/\/pmza.sk\/#\/schema\/logo\/image\/","url":"https:\/\/pmza.sk\/wp-content\/uploads\/2022\/01\/logo_PM_horizontal.jpg","contentUrl":"https:\/\/pmza.sk\/wp-content\/uploads\/2022\/01\/logo_PM_horizontal.jpg","width":231,"height":142,"caption":"Pova\u017esk\u00e9 m\u00fazeum"},"image":{"@id":"https:\/\/pmza.sk\/#\/schema\/logo\/image\/"},"sameAs":["https:\/\/www.facebook.com\/povazskemuzeum","https:\/\/www.instagram.com\/povazskemuzeum\/"]},{"@type":"Person","@id":"https:\/\/pmza.sk\/#\/schema\/person\/595e6a2ce731ea94dcd5d7f50a41ae33","name":"Pova\u017esk\u00e9 m\u00fazeum","image":{"@type":"ImageObject","inLanguage":"sk-SK","@id":"https:\/\/secure.gravatar.com\/avatar\/2bb7f1561282132fb5826dfeccc66c7996d11ee392ac6aaf7ced8a1c2027fbb2?s=96&d=mm&r=g","url":"https:\/\/secure.gravatar.com\/avatar\/2bb7f1561282132fb5826dfeccc66c7996d11ee392ac6aaf7ced8a1c2027fbb2?s=96&d=mm&r=g","contentUrl":"https:\/\/secure.gravatar.com\/avatar\/2bb7f1561282132fb5826dfeccc66c7996d11ee392ac6aaf7ced8a1c2027fbb2?s=96&d=mm&r=g","caption":"Pova\u017esk\u00e9 m\u00fazeum"}}]}},"_links":{"self":[{"href":"https:\/\/pmza.sk\/index.php?rest_route=\/wp\/v2\/posts\/13721","targetHints":{"allow":["GET"]}}],"collection":[{"href":"https:\/\/pmza.sk\/index.php?rest_route=\/wp\/v2\/posts"}],"about":[{"href":"https:\/\/pmza.sk\/index.php?rest_route=\/wp\/v2\/types\/post"}],"author":[{"embeddable":true,"href":"https:\/\/pmza.sk\/index.php?rest_route=\/wp\/v2\/users\/2"}],"replies":[{"embeddable":true,"href":"https:\/\/pmza.sk\/index.php?rest_route=%2Fwp%2Fv2%2Fcomments&post=13721"}],"version-history":[{"count":0,"href":"https:\/\/pmza.sk\/index.php?rest_route=\/wp\/v2\/posts\/13721\/revisions"}],"wp:featuredmedia":[{"embeddable":true,"href":"https:\/\/pmza.sk\/index.php?rest_route=\/wp\/v2\/media\/13687"}],"wp:attachment":[{"href":"https:\/\/pmza.sk\/index.php?rest_route=%2Fwp%2Fv2%2Fmedia&parent=13721"}],"wp:term":[{"taxonomy":"category","embeddable":true,"href":"https:\/\/pmza.sk\/index.php?rest_route=%2Fwp%2Fv2%2Fcategories&post=13721"},{"taxonomy":"post_tag","embeddable":true,"href":"https:\/\/pmza.sk\/index.php?rest_route=%2Fwp%2Fv2%2Ftags&post=13721"}],"curies":[{"name":"wp","href":"https:\/\/api.w.org\/{rel}","templated":true}]}}