{"id":13801,"date":"2015-10-02T12:18:18","date_gmt":"2015-10-02T10:18:18","guid":{"rendered":"https:\/\/pmza.sk.sk\/?p=13801"},"modified":"2015-10-02T12:18:18","modified_gmt":"2015-10-02T10:18:18","slug":"nostalgicka-jazda-rajeckou-ancou-3","status":"publish","type":"post","link":"https:\/\/pmza.sk\/?p=13801","title":{"rendered":"Nostalgick\u00e1 jazda Rajeckou An\u010dou"},"content":{"rendered":"<p>Po\u010das v\u00edkendu 10. \u2013 11. okt\u00f3bra 2015 organizuje Pova\u017esk\u00e9 m\u00fazeum v\u00a0\u017diline (PMZA) v\u00a0zria\u010fovate\u013eskej p\u00f4sobnosti \u017dilinsk\u00e9ho samospr\u00e1vneho kraja so Spolo\u010dnos\u0165ou Pova\u017eskej dr\u00e1hy \u017dilina Nostalgick\u00fa jazdu Rajeckou An\u010dou po trati \u017dilina \u2013 Rajec.<\/p>\n<p>Dreven\u00fd historick\u00fd motorov\u00fd voze\u0148 Hurv\u00ednek v\u00a0tomto roku oslavuje 60 rokov od svojho narodenia v\u00a0z\u00e1vode Tatra Stud\u00e9nka (1955). Zo \u017diliny bude odch\u00e1dza\u0165 Hurv\u00ednek po oba dni o\u00a09.30 a\u00a013.30, z\u00a0Rajca o\u00a011.30 a\u00a015.30 hod. <em>\u201ePre cestuj\u00facich, ktor\u00ed vyst\u00fapia na zast\u00e1vke Rajeck\u00e9 Teplice, je pripraven\u00fdch nieko\u013eko prekvapen\u00ed. Priv\u00edtame ich v\u00a0na\u0161om m\u00fazeu dopravy nach\u00e1dzaj\u00facom sa v\u00a0priestoroch budovy zast\u00e1vky. M\u00fazeum bude \u0161peci\u00e1lne na toto podujatie doplnen\u00e9 o\u00a0nieko\u013eko nov\u00fdch expon\u00e1tov. Prehliadku m\u00fazea zdarma maj\u00fa v\u0161etci, ktor\u00ed pr\u00eddu v\u00a0rovno\u0161ate \u017eelezni\u010diara alebo vodi\u010da autobusu a\u00a0do\u017eivotn\u00fd vstup do m\u00fazea bude ma\u0165 zdarma ten, kto podaruje do expoz\u00edcie predmet via\u017euci sa k\u00a0hist\u00f3rii dopravy,\u201c<\/em> povedal historik PMZA Peter \u0160imko. Pripraven\u00e9 bud\u00fa aj s\u00fa\u0165a\u017ee pre deti a\u00a0n\u00e1v\u0161tevn\u00edci si bud\u00fa m\u00f4c\u0165 vysk\u00fa\u0161a\u0165 vystaven\u00e9 historick\u00e9 motocykly. V\u00a0nede\u013eu po pr\u00edchode popolud\u0148aj\u0161ieho vlaku zo \u017diliny zahr\u00e1 v\u0161etk\u00fdm dychov\u00e1 hudba Fatranka.<\/p>\n<p>Cestovn\u00e9 vo vlaku bude 1 \u20ac pre dospel\u00fdch, 0,50 \u20ac pre deti od 6 do 15 rokov. Deti do 6 rokov sa prepravuj\u00fa zdarma. In\u00e9 z\u013eavy sa neuzn\u00e1vaj\u00fa. Vstupn\u00e9 do m\u00fazea dopravy je pod\u013ea platn\u00e9ho <a href=\"https:\/\/pmza.sk.sk\/expozicie\/muzeum-dopravy-rajecke-teplice\/\">cenn\u00edka<\/a>.<\/p>\n","protected":false},"excerpt":{"rendered":"<p>Po\u010das v\u00edkendu 10. \u2013 11. okt\u00f3bra 2015 organizuje Pova\u017esk\u00e9 m\u00fazeum v\u00a0\u017diline (PMZA) v\u00a0zria\u010fovate\u013eskej p\u00f4sobnosti \u017dilinsk\u00e9ho samospr\u00e1vneho kraja so Spolo\u010dnos\u0165ou Pova\u017eskej dr\u00e1hy \u017dilina Nostalgick\u00fa jazdu Rajeckou An\u010dou po trati \u017dilina \u2013 Rajec. Dreven\u00fd historick\u00fd motorov\u00fd voze\u0148 Hurv\u00ednek v\u00a0tomto roku oslavuje 60 rokov od svojho narodenia v\u00a0z\u00e1vode Tatra Stud\u00e9nka (1955). Zo \u017diliny bude odch\u00e1dza\u0165 Hurv\u00ednek po oba [&hellip;]<\/p>\n","protected":false},"author":2,"featured_media":13782,"comment_status":"closed","ping_status":"closed","sticky":false,"template":"","format":"standard","meta":{"site-sidebar-layout":"default","site-content-layout":"","ast-site-content-layout":"","site-content-style":"default","site-sidebar-style":"default","ast-global-header-display":"","ast-banner-title-visibility":"","ast-main-header-display":"","ast-hfb-above-header-display":"","ast-hfb-below-header-display":"","ast-hfb-mobile-header-display":"","site-post-title":"","ast-breadcrumbs-content":"","ast-featured-img":"","footer-sml-layout":"","theme-transparent-header-meta":"","adv-header-id-meta":"","stick-header-meta":"","header-above-stick-meta":"","header-main-stick-meta":"","header-below-stick-meta":"","astra-migrate-meta-layouts":"default","ast-page-background-enabled":"default","ast-page-background-meta":{"desktop":{"background-color":"var(--ast-global-color-4)","background-image":"","background-repeat":"repeat","background-position":"center center","background-size":"auto","background-attachment":"scroll","background-type":"","background-media":"","overlay-type":"","overlay-color":"","overlay-opacity":"","overlay-gradient":""},"tablet":{"background-color":"","background-image":"","background-repeat":"repeat","background-position":"center center","background-size":"auto","background-attachment":"scroll","background-type":"","background-media":"","overlay-type":"","overlay-color":"","overlay-opacity":"","overlay-gradient":""},"mobile":{"background-color":"","background-image":"","background-repeat":"repeat","background-position":"center center","background-size":"auto","background-attachment":"scroll","background-type":"","background-media":"","overlay-type":"","overlay-color":"","overlay-opacity":"","overlay-gradient":""}},"ast-content-background-meta":{"desktop":{"background-color":"var(--ast-global-color-5)","background-image":"","background-repeat":"repeat","background-position":"center center","background-size":"auto","background-attachment":"scroll","background-type":"","background-media":"","overlay-type":"","overlay-color":"","overlay-opacity":"","overlay-gradient":""},"tablet":{"background-color":"var(--ast-global-color-5)","background-image":"","background-repeat":"repeat","background-position":"center center","background-size":"auto","background-attachment":"scroll","background-type":"","background-media":"","overlay-type":"","overlay-color":"","overlay-opacity":"","overlay-gradient":""},"mobile":{"background-color":"var(--ast-global-color-5)","background-image":"","background-repeat":"repeat","background-position":"center center","background-size":"auto","background-attachment":"scroll","background-type":"","background-media":"","overlay-type":"","overlay-color":"","overlay-opacity":"","overlay-gradient":""}},"footnotes":""},"categories":[38],"tags":[],"class_list":["post-13801","post","type-post","status-publish","format-standard","has-post-thumbnail","hentry","category-archiv-2015"],"yoast_head":"<!-- This site is optimized with the Yoast SEO plugin v27.4 - https:\/\/yoast.com\/product\/yoast-seo-wordpress\/ -->\n<title>Nostalgick\u00e1 jazda Rajeckou An\u010dou - Pova\u017esk\u00e9 m\u00fazeum<\/title>\n<meta name=\"robots\" content=\"index, follow, max-snippet:-1, max-image-preview:large, max-video-preview:-1\" \/>\n<link rel=\"canonical\" href=\"https:\/\/pmza.sk\/?p=13801\" \/>\n<meta property=\"og:locale\" content=\"sk_SK\" \/>\n<meta property=\"og:type\" content=\"article\" \/>\n<meta property=\"og:title\" content=\"Nostalgick\u00e1 jazda Rajeckou An\u010dou - Pova\u017esk\u00e9 m\u00fazeum\" \/>\n<meta property=\"og:description\" content=\"Po\u010das v\u00edkendu 10. \u2013 11. okt\u00f3bra 2015 organizuje Pova\u017esk\u00e9 m\u00fazeum v\u00a0\u017diline (PMZA) v\u00a0zria\u010fovate\u013eskej p\u00f4sobnosti \u017dilinsk\u00e9ho samospr\u00e1vneho kraja so Spolo\u010dnos\u0165ou Pova\u017eskej dr\u00e1hy \u017dilina Nostalgick\u00fa jazdu Rajeckou An\u010dou po trati \u017dilina \u2013 Rajec. Dreven\u00fd historick\u00fd motorov\u00fd voze\u0148 Hurv\u00ednek v\u00a0tomto roku oslavuje 60 rokov od svojho narodenia v\u00a0z\u00e1vode Tatra Stud\u00e9nka (1955). Zo \u017diliny bude odch\u00e1dza\u0165 Hurv\u00ednek po oba [&hellip;]\" \/>\n<meta property=\"og:url\" content=\"https:\/\/pmza.sk\/?p=13801\" \/>\n<meta property=\"og:site_name\" content=\"Pova\u017esk\u00e9 m\u00fazeum\" \/>\n<meta property=\"article:publisher\" content=\"https:\/\/www.facebook.com\/povazskemuzeum\" \/>\n<meta property=\"article:published_time\" content=\"2015-10-02T10:18:18+00:00\" \/>\n<meta property=\"og:image\" content=\"https:\/\/pmza.sk\/wp-content\/uploads\/2015\/09\/plagat.jpg\" \/>\n\t<meta property=\"og:image:width\" content=\"1102\" \/>\n\t<meta property=\"og:image:height\" content=\"1560\" \/>\n\t<meta property=\"og:image:type\" content=\"image\/jpeg\" \/>\n<meta name=\"author\" content=\"Pova\u017esk\u00e9 m\u00fazeum\" \/>\n<meta name=\"twitter:card\" content=\"summary_large_image\" \/>\n<meta name=\"twitter:label1\" content=\"Autor\" \/>\n\t<meta name=\"twitter:data1\" content=\"Pova\u017esk\u00e9 m\u00fazeum\" \/>\n\t<meta name=\"twitter:label2\" content=\"Predpokladan\u00fd \u010das \u010d\u00edtania\" \/>\n\t<meta name=\"twitter:data2\" content=\"1 min\u00fata\" \/>\n<script type=\"application\/ld+json\" class=\"yoast-schema-graph\">{\"@context\":\"https:\\\/\\\/schema.org\",\"@graph\":[{\"@type\":\"Article\",\"@id\":\"https:\\\/\\\/pmza.sk\\\/?p=13801#article\",\"isPartOf\":{\"@id\":\"https:\\\/\\\/pmza.sk\\\/?p=13801\"},\"author\":{\"name\":\"Pova\u017esk\u00e9 m\u00fazeum\",\"@id\":\"https:\\\/\\\/pmza.sk\\\/#\\\/schema\\\/person\\\/595e6a2ce731ea94dcd5d7f50a41ae33\"},\"headline\":\"Nostalgick\u00e1 jazda Rajeckou An\u010dou\",\"datePublished\":\"2015-10-02T10:18:18+00:00\",\"mainEntityOfPage\":{\"@id\":\"https:\\\/\\\/pmza.sk\\\/?p=13801\"},\"wordCount\":261,\"publisher\":{\"@id\":\"https:\\\/\\\/pmza.sk\\\/#organization\"},\"image\":{\"@id\":\"https:\\\/\\\/pmza.sk\\\/?p=13801#primaryimage\"},\"thumbnailUrl\":\"https:\\\/\\\/pmza.sk\\\/wp-content\\\/uploads\\\/2015\\\/09\\\/plagat.jpg\",\"articleSection\":[\"Arch\u00edv 2015\"],\"inLanguage\":\"sk-SK\"},{\"@type\":\"WebPage\",\"@id\":\"https:\\\/\\\/pmza.sk\\\/?p=13801\",\"url\":\"https:\\\/\\\/pmza.sk\\\/?p=13801\",\"name\":\"Nostalgick\u00e1 jazda Rajeckou An\u010dou - Pova\u017esk\u00e9 m\u00fazeum\",\"isPartOf\":{\"@id\":\"https:\\\/\\\/pmza.sk\\\/#website\"},\"primaryImageOfPage\":{\"@id\":\"https:\\\/\\\/pmza.sk\\\/?p=13801#primaryimage\"},\"image\":{\"@id\":\"https:\\\/\\\/pmza.sk\\\/?p=13801#primaryimage\"},\"thumbnailUrl\":\"https:\\\/\\\/pmza.sk\\\/wp-content\\\/uploads\\\/2015\\\/09\\\/plagat.jpg\",\"datePublished\":\"2015-10-02T10:18:18+00:00\",\"breadcrumb\":{\"@id\":\"https:\\\/\\\/pmza.sk\\\/?p=13801#breadcrumb\"},\"inLanguage\":\"sk-SK\",\"potentialAction\":[{\"@type\":\"ReadAction\",\"target\":[\"https:\\\/\\\/pmza.sk\\\/?p=13801\"]}]},{\"@type\":\"ImageObject\",\"inLanguage\":\"sk-SK\",\"@id\":\"https:\\\/\\\/pmza.sk\\\/?p=13801#primaryimage\",\"url\":\"https:\\\/\\\/pmza.sk\\\/wp-content\\\/uploads\\\/2015\\\/09\\\/plagat.jpg\",\"contentUrl\":\"https:\\\/\\\/pmza.sk\\\/wp-content\\\/uploads\\\/2015\\\/09\\\/plagat.jpg\",\"width\":1102,\"height\":1560},{\"@type\":\"BreadcrumbList\",\"@id\":\"https:\\\/\\\/pmza.sk\\\/?p=13801#breadcrumb\",\"itemListElement\":[{\"@type\":\"ListItem\",\"position\":1,\"name\":\"Domovsk\u00e1 str\u00e1nka\",\"item\":\"https:\\\/\\\/pmza.sk\\\/\"},{\"@type\":\"ListItem\",\"position\":2,\"name\":\"Nostalgick\u00e1 jazda Rajeckou An\u010dou\"}]},{\"@type\":\"WebSite\",\"@id\":\"https:\\\/\\\/pmza.sk\\\/#website\",\"url\":\"https:\\\/\\\/pmza.sk\\\/\",\"name\":\"Pova\u017esk\u00e9 m\u00fazeum\",\"description\":\"Pova\u017esk\u00e9 m\u00fazeum v \u017diline je region\u00e1lne m\u00fazeum so s\u00eddlom v Budat\u00edne. Jeho expoz\u00edcie s\u00fa zameran\u00e9 na dejiny slovensk\u00e9ho umenia, kult\u00fary a dopravy.\",\"publisher\":{\"@id\":\"https:\\\/\\\/pmza.sk\\\/#organization\"},\"potentialAction\":[{\"@type\":\"SearchAction\",\"target\":{\"@type\":\"EntryPoint\",\"urlTemplate\":\"https:\\\/\\\/pmza.sk\\\/?s={search_term_string}\"},\"query-input\":{\"@type\":\"PropertyValueSpecification\",\"valueRequired\":true,\"valueName\":\"search_term_string\"}}],\"inLanguage\":\"sk-SK\"},{\"@type\":\"Organization\",\"@id\":\"https:\\\/\\\/pmza.sk\\\/#organization\",\"name\":\"Pova\u017esk\u00e9 m\u00fazeum\",\"url\":\"https:\\\/\\\/pmza.sk\\\/\",\"logo\":{\"@type\":\"ImageObject\",\"inLanguage\":\"sk-SK\",\"@id\":\"https:\\\/\\\/pmza.sk\\\/#\\\/schema\\\/logo\\\/image\\\/\",\"url\":\"https:\\\/\\\/pmza.sk\\\/wp-content\\\/uploads\\\/2022\\\/01\\\/logo_PM_horizontal.jpg\",\"contentUrl\":\"https:\\\/\\\/pmza.sk\\\/wp-content\\\/uploads\\\/2022\\\/01\\\/logo_PM_horizontal.jpg\",\"width\":231,\"height\":142,\"caption\":\"Pova\u017esk\u00e9 m\u00fazeum\"},\"image\":{\"@id\":\"https:\\\/\\\/pmza.sk\\\/#\\\/schema\\\/logo\\\/image\\\/\"},\"sameAs\":[\"https:\\\/\\\/www.facebook.com\\\/povazskemuzeum\",\"https:\\\/\\\/www.instagram.com\\\/povazskemuzeum\\\/\"]},{\"@type\":\"Person\",\"@id\":\"https:\\\/\\\/pmza.sk\\\/#\\\/schema\\\/person\\\/595e6a2ce731ea94dcd5d7f50a41ae33\",\"name\":\"Pova\u017esk\u00e9 m\u00fazeum\",\"image\":{\"@type\":\"ImageObject\",\"inLanguage\":\"sk-SK\",\"@id\":\"https:\\\/\\\/secure.gravatar.com\\\/avatar\\\/2bb7f1561282132fb5826dfeccc66c7996d11ee392ac6aaf7ced8a1c2027fbb2?s=96&d=mm&r=g\",\"url\":\"https:\\\/\\\/secure.gravatar.com\\\/avatar\\\/2bb7f1561282132fb5826dfeccc66c7996d11ee392ac6aaf7ced8a1c2027fbb2?s=96&d=mm&r=g\",\"contentUrl\":\"https:\\\/\\\/secure.gravatar.com\\\/avatar\\\/2bb7f1561282132fb5826dfeccc66c7996d11ee392ac6aaf7ced8a1c2027fbb2?s=96&d=mm&r=g\",\"caption\":\"Pova\u017esk\u00e9 m\u00fazeum\"}}]}<\/script>\n<!-- \/ Yoast SEO plugin. -->","yoast_head_json":{"title":"Nostalgick\u00e1 jazda Rajeckou An\u010dou - Pova\u017esk\u00e9 m\u00fazeum","robots":{"index":"index","follow":"follow","max-snippet":"max-snippet:-1","max-image-preview":"max-image-preview:large","max-video-preview":"max-video-preview:-1"},"canonical":"https:\/\/pmza.sk\/?p=13801","og_locale":"sk_SK","og_type":"article","og_title":"Nostalgick\u00e1 jazda Rajeckou An\u010dou - Pova\u017esk\u00e9 m\u00fazeum","og_description":"Po\u010das v\u00edkendu 10. \u2013 11. okt\u00f3bra 2015 organizuje Pova\u017esk\u00e9 m\u00fazeum v\u00a0\u017diline (PMZA) v\u00a0zria\u010fovate\u013eskej p\u00f4sobnosti \u017dilinsk\u00e9ho samospr\u00e1vneho kraja so Spolo\u010dnos\u0165ou Pova\u017eskej dr\u00e1hy \u017dilina Nostalgick\u00fa jazdu Rajeckou An\u010dou po trati \u017dilina \u2013 Rajec. Dreven\u00fd historick\u00fd motorov\u00fd voze\u0148 Hurv\u00ednek v\u00a0tomto roku oslavuje 60 rokov od svojho narodenia v\u00a0z\u00e1vode Tatra Stud\u00e9nka (1955). Zo \u017diliny bude odch\u00e1dza\u0165 Hurv\u00ednek po oba [&hellip;]","og_url":"https:\/\/pmza.sk\/?p=13801","og_site_name":"Pova\u017esk\u00e9 m\u00fazeum","article_publisher":"https:\/\/www.facebook.com\/povazskemuzeum","article_published_time":"2015-10-02T10:18:18+00:00","og_image":[{"width":1102,"height":1560,"url":"https:\/\/pmza.sk\/wp-content\/uploads\/2015\/09\/plagat.jpg","type":"image\/jpeg"}],"author":"Pova\u017esk\u00e9 m\u00fazeum","twitter_card":"summary_large_image","twitter_misc":{"Autor":"Pova\u017esk\u00e9 m\u00fazeum","Predpokladan\u00fd \u010das \u010d\u00edtania":"1 min\u00fata"},"schema":{"@context":"https:\/\/schema.org","@graph":[{"@type":"Article","@id":"https:\/\/pmza.sk\/?p=13801#article","isPartOf":{"@id":"https:\/\/pmza.sk\/?p=13801"},"author":{"name":"Pova\u017esk\u00e9 m\u00fazeum","@id":"https:\/\/pmza.sk\/#\/schema\/person\/595e6a2ce731ea94dcd5d7f50a41ae33"},"headline":"Nostalgick\u00e1 jazda Rajeckou An\u010dou","datePublished":"2015-10-02T10:18:18+00:00","mainEntityOfPage":{"@id":"https:\/\/pmza.sk\/?p=13801"},"wordCount":261,"publisher":{"@id":"https:\/\/pmza.sk\/#organization"},"image":{"@id":"https:\/\/pmza.sk\/?p=13801#primaryimage"},"thumbnailUrl":"https:\/\/pmza.sk\/wp-content\/uploads\/2015\/09\/plagat.jpg","articleSection":["Arch\u00edv 2015"],"inLanguage":"sk-SK"},{"@type":"WebPage","@id":"https:\/\/pmza.sk\/?p=13801","url":"https:\/\/pmza.sk\/?p=13801","name":"Nostalgick\u00e1 jazda Rajeckou An\u010dou - Pova\u017esk\u00e9 m\u00fazeum","isPartOf":{"@id":"https:\/\/pmza.sk\/#website"},"primaryImageOfPage":{"@id":"https:\/\/pmza.sk\/?p=13801#primaryimage"},"image":{"@id":"https:\/\/pmza.sk\/?p=13801#primaryimage"},"thumbnailUrl":"https:\/\/pmza.sk\/wp-content\/uploads\/2015\/09\/plagat.jpg","datePublished":"2015-10-02T10:18:18+00:00","breadcrumb":{"@id":"https:\/\/pmza.sk\/?p=13801#breadcrumb"},"inLanguage":"sk-SK","potentialAction":[{"@type":"ReadAction","target":["https:\/\/pmza.sk\/?p=13801"]}]},{"@type":"ImageObject","inLanguage":"sk-SK","@id":"https:\/\/pmza.sk\/?p=13801#primaryimage","url":"https:\/\/pmza.sk\/wp-content\/uploads\/2015\/09\/plagat.jpg","contentUrl":"https:\/\/pmza.sk\/wp-content\/uploads\/2015\/09\/plagat.jpg","width":1102,"height":1560},{"@type":"BreadcrumbList","@id":"https:\/\/pmza.sk\/?p=13801#breadcrumb","itemListElement":[{"@type":"ListItem","position":1,"name":"Domovsk\u00e1 str\u00e1nka","item":"https:\/\/pmza.sk\/"},{"@type":"ListItem","position":2,"name":"Nostalgick\u00e1 jazda Rajeckou An\u010dou"}]},{"@type":"WebSite","@id":"https:\/\/pmza.sk\/#website","url":"https:\/\/pmza.sk\/","name":"Pova\u017esk\u00e9 m\u00fazeum","description":"Pova\u017esk\u00e9 m\u00fazeum v \u017diline je region\u00e1lne m\u00fazeum so s\u00eddlom v Budat\u00edne. Jeho expoz\u00edcie s\u00fa zameran\u00e9 na dejiny slovensk\u00e9ho umenia, kult\u00fary a dopravy.","publisher":{"@id":"https:\/\/pmza.sk\/#organization"},"potentialAction":[{"@type":"SearchAction","target":{"@type":"EntryPoint","urlTemplate":"https:\/\/pmza.sk\/?s={search_term_string}"},"query-input":{"@type":"PropertyValueSpecification","valueRequired":true,"valueName":"search_term_string"}}],"inLanguage":"sk-SK"},{"@type":"Organization","@id":"https:\/\/pmza.sk\/#organization","name":"Pova\u017esk\u00e9 m\u00fazeum","url":"https:\/\/pmza.sk\/","logo":{"@type":"ImageObject","inLanguage":"sk-SK","@id":"https:\/\/pmza.sk\/#\/schema\/logo\/image\/","url":"https:\/\/pmza.sk\/wp-content\/uploads\/2022\/01\/logo_PM_horizontal.jpg","contentUrl":"https:\/\/pmza.sk\/wp-content\/uploads\/2022\/01\/logo_PM_horizontal.jpg","width":231,"height":142,"caption":"Pova\u017esk\u00e9 m\u00fazeum"},"image":{"@id":"https:\/\/pmza.sk\/#\/schema\/logo\/image\/"},"sameAs":["https:\/\/www.facebook.com\/povazskemuzeum","https:\/\/www.instagram.com\/povazskemuzeum\/"]},{"@type":"Person","@id":"https:\/\/pmza.sk\/#\/schema\/person\/595e6a2ce731ea94dcd5d7f50a41ae33","name":"Pova\u017esk\u00e9 m\u00fazeum","image":{"@type":"ImageObject","inLanguage":"sk-SK","@id":"https:\/\/secure.gravatar.com\/avatar\/2bb7f1561282132fb5826dfeccc66c7996d11ee392ac6aaf7ced8a1c2027fbb2?s=96&d=mm&r=g","url":"https:\/\/secure.gravatar.com\/avatar\/2bb7f1561282132fb5826dfeccc66c7996d11ee392ac6aaf7ced8a1c2027fbb2?s=96&d=mm&r=g","contentUrl":"https:\/\/secure.gravatar.com\/avatar\/2bb7f1561282132fb5826dfeccc66c7996d11ee392ac6aaf7ced8a1c2027fbb2?s=96&d=mm&r=g","caption":"Pova\u017esk\u00e9 m\u00fazeum"}}]}},"_links":{"self":[{"href":"https:\/\/pmza.sk\/index.php?rest_route=\/wp\/v2\/posts\/13801","targetHints":{"allow":["GET"]}}],"collection":[{"href":"https:\/\/pmza.sk\/index.php?rest_route=\/wp\/v2\/posts"}],"about":[{"href":"https:\/\/pmza.sk\/index.php?rest_route=\/wp\/v2\/types\/post"}],"author":[{"embeddable":true,"href":"https:\/\/pmza.sk\/index.php?rest_route=\/wp\/v2\/users\/2"}],"replies":[{"embeddable":true,"href":"https:\/\/pmza.sk\/index.php?rest_route=%2Fwp%2Fv2%2Fcomments&post=13801"}],"version-history":[{"count":0,"href":"https:\/\/pmza.sk\/index.php?rest_route=\/wp\/v2\/posts\/13801\/revisions"}],"wp:featuredmedia":[{"embeddable":true,"href":"https:\/\/pmza.sk\/index.php?rest_route=\/wp\/v2\/media\/13782"}],"wp:attachment":[{"href":"https:\/\/pmza.sk\/index.php?rest_route=%2Fwp%2Fv2%2Fmedia&parent=13801"}],"wp:term":[{"taxonomy":"category","embeddable":true,"href":"https:\/\/pmza.sk\/index.php?rest_route=%2Fwp%2Fv2%2Fcategories&post=13801"},{"taxonomy":"post_tag","embeddable":true,"href":"https:\/\/pmza.sk\/index.php?rest_route=%2Fwp%2Fv2%2Ftags&post=13801"}],"curies":[{"name":"wp","href":"https:\/\/api.w.org\/{rel}","templated":true}]}}