{"id":13886,"date":"2015-10-20T09:35:07","date_gmt":"2015-10-20T07:35:07","guid":{"rendered":"https:\/\/pmza.sk.sk\/?p=13886"},"modified":"2015-10-20T09:35:07","modified_gmt":"2015-10-20T07:35:07","slug":"zilinska-zupa-zistuje-zaujem-o-nove-cyklotrasy","status":"publish","type":"post","link":"https:\/\/pmza.sk\/?p=13886","title":{"rendered":"\u017dilinsk\u00e1 \u017eupa zis\u0165uje z\u00e1ujem o nov\u00e9 cyklotrasy"},"content":{"rendered":"<p>V s\u00fa\u010dasnom programovom obdob\u00ed 2014-2020 bude \u017dilinsk\u00fd kraj pokra\u010dova\u0165 v obnove a v\u00fdstavbe nov\u00fdch cyklotr\u00e1s. Postupne pripravuje u\u017e projektov\u00e9 dokument\u00e1cie Rajeckej a Terchovskej cyklomagistr\u00e1ly a \u010falej rozv\u00edja z\u00e1mer vybudovania na Slovensku jedine\u010dn\u00e9ho cyklodopravn\u00e9ho koridoru, ktor\u00fd by prepojil sie\u0165 existuj\u00facich cyklotr\u00e1s popri rieke V\u00e1h a spojil \u017dilinu s Turcom trasou dlhou 16,7 kilometrov.<!--more--> V\u00e1\u017eska cyklomagistr\u00e1la by umo\u017enila milovn\u00edkom tohto \u0161portu doch\u00e1dza\u0165 do pr\u00e1ce \u010di \u0161koly po bezpe\u010dnej trati s unik\u00e1tnou panor\u00e1mou a cyklol\u00e1vkami ponad rieku V\u00e1h. \u201eAby sme v\u0161ak mohli tieto projekty predlo\u017ei\u0165 pre z\u00edskanie eurofondov, je potrebn\u00e9 dolo\u017ei\u0165, \u017ee s\u00fa skuto\u010dne potrebn\u00e9. Preto sme spustili rozsiahly prieskum realizovan\u00fd formou elektronick\u00e9ho dotazn\u00edka a anket\u00e1rov, ktor\u00ed osobne oslovuj\u00fa obyvate\u013eov n\u00e1\u0161ho kraja,\u201c informoval predseda \u017dSK Juraj Blan\u00e1r. Pod\u013ea jeho slov sa v \u017dilinskom kraji rozv\u00edja cyklistika ve\u013emi r\u00fdchlym tempom a z\u00e1merom kraja je podporova\u0165 vznik a obnovu existuj\u00facich tr\u00e1s a zv\u00fd\u0161i\u0165 tak bezpe\u010dnos\u0165 cyklistov, ktor\u00ed musia zatia\u013e jazdi\u0165 po hlavn\u00fdch cest\u00e1ch. \u017dilinsk\u00e1 \u017eupa spravuje u\u017e tret\u00ed rok aj svoj vlastn\u00fd cyklochodn\u00edk BikeKIA, ktor\u00fd sp\u00e1ja historick\u00e9 dominanty horn\u00e9ho Pova\u017eia &#8211; hrad Stre\u010dno a hrad Budat\u00edn. \u201eCyklisti sa tak bezpe\u010dne dostan\u00fa zo \u017diliny do Stre\u010dna a na u\u017e vyasfaltovan\u00fdch \u00fasekoch m\u00f4\u017eu t\u00fato trasu vyu\u017ei\u0165 tie\u017e kor\u010duliari,\u201c uviedol \u017eilinsk\u00fd \u017eupan. Okrem v\u00fdstavby nov\u00fdch zna\u010den\u00fdch \u00fasekov sa \u017dSK chyst\u00e1 predlo\u017ei\u0165 tie\u017e projekt na celkov\u00fa obnovu viac ako 200 kilometrov u\u017e existuj\u00facich trat\u00ed. Predpoklad\u00e1 sa rovnako v\u00fdroba a osadenie 225 cyklosmeroviek, smerovn\u00edkov a tabuliek. \u201eV \u017dilinskej \u017eupe m\u00e1me u\u017e viac ako 2 400 kilometrov zna\u010den\u00fdch cyklistick\u00fdch tr\u00e1s. Na\u0161\u00edm cie\u013eom je pokra\u010dova\u0165 v skvalit\u0148ovan\u00ed tejto jednej z najhustej\u0161\u00edch cyklosiet\u00ed, ktor\u00fa m\u00e1me pr\u00e1ve u n\u00e1s. Preto je d\u00f4le\u017eit\u00e9, aby sa n\u00e1\u0161ho v\u00fdskumu obyvatelia \u017dilinsk\u00e9ho kraja z\u00fa\u010dastnili a uk\u00e1zali, \u017ee sme skuto\u010dne rajom pre cyklistov,\u201c zd\u00f4raznil J. Blan\u00e1r. Cyklodotazn\u00edk m\u00f4\u017eu z\u00e1ujemcovia vyplni\u0165 na odkaze: <a href=\"http:\/\/www.regionzilina.sk\/sk\/aktuality\/aktuality\/nove-cyklotrasy-klikni-vypln-dotaznik.html\">http:\/\/www.regionzilina.sk\/sk\/aktuality\/aktuality\/nove-cyklotrasy-klikni-vypln-dotaznik.html<\/a>.<\/p>\n","protected":false},"excerpt":{"rendered":"<p>V s\u00fa\u010dasnom programovom obdob\u00ed 2014-2020 bude \u017dilinsk\u00fd kraj pokra\u010dova\u0165 v obnove a v\u00fdstavbe nov\u00fdch cyklotr\u00e1s. Postupne pripravuje u\u017e projektov\u00e9 dokument\u00e1cie Rajeckej a Terchovskej cyklomagistr\u00e1ly a \u010falej rozv\u00edja z\u00e1mer vybudovania na Slovensku jedine\u010dn\u00e9ho cyklodopravn\u00e9ho koridoru, ktor\u00fd by prepojil sie\u0165 existuj\u00facich cyklotr\u00e1s popri rieke V\u00e1h a spojil \u017dilinu s Turcom trasou dlhou 16,7 kilometrov.<\/p>\n","protected":false},"author":2,"featured_media":13888,"comment_status":"closed","ping_status":"closed","sticky":false,"template":"","format":"standard","meta":{"site-sidebar-layout":"default","site-content-layout":"","ast-site-content-layout":"","site-content-style":"default","site-sidebar-style":"default","ast-global-header-display":"","ast-banner-title-visibility":"","ast-main-header-display":"","ast-hfb-above-header-display":"","ast-hfb-below-header-display":"","ast-hfb-mobile-header-display":"","site-post-title":"","ast-breadcrumbs-content":"","ast-featured-img":"","footer-sml-layout":"","theme-transparent-header-meta":"","adv-header-id-meta":"","stick-header-meta":"","header-above-stick-meta":"","header-main-stick-meta":"","header-below-stick-meta":"","astra-migrate-meta-layouts":"default","ast-page-background-enabled":"default","ast-page-background-meta":{"desktop":{"background-color":"var(--ast-global-color-4)","background-image":"","background-repeat":"repeat","background-position":"center center","background-size":"auto","background-attachment":"scroll","background-type":"","background-media":"","overlay-type":"","overlay-color":"","overlay-opacity":"","overlay-gradient":""},"tablet":{"background-color":"","background-image":"","background-repeat":"repeat","background-position":"center center","background-size":"auto","background-attachment":"scroll","background-type":"","background-media":"","overlay-type":"","overlay-color":"","overlay-opacity":"","overlay-gradient":""},"mobile":{"background-color":"","background-image":"","background-repeat":"repeat","background-position":"center center","background-size":"auto","background-attachment":"scroll","background-type":"","background-media":"","overlay-type":"","overlay-color":"","overlay-opacity":"","overlay-gradient":""}},"ast-content-background-meta":{"desktop":{"background-color":"var(--ast-global-color-5)","background-image":"","background-repeat":"repeat","background-position":"center center","background-size":"auto","background-attachment":"scroll","background-type":"","background-media":"","overlay-type":"","overlay-color":"","overlay-opacity":"","overlay-gradient":""},"tablet":{"background-color":"var(--ast-global-color-5)","background-image":"","background-repeat":"repeat","background-position":"center center","background-size":"auto","background-attachment":"scroll","background-type":"","background-media":"","overlay-type":"","overlay-color":"","overlay-opacity":"","overlay-gradient":""},"mobile":{"background-color":"var(--ast-global-color-5)","background-image":"","background-repeat":"repeat","background-position":"center center","background-size":"auto","background-attachment":"scroll","background-type":"","background-media":"","overlay-type":"","overlay-color":"","overlay-opacity":"","overlay-gradient":""}},"footnotes":""},"categories":[38],"tags":[],"class_list":["post-13886","post","type-post","status-publish","format-standard","has-post-thumbnail","hentry","category-archiv-2015"],"yoast_head":"<!-- This site is optimized with the Yoast SEO plugin v27.4 - https:\/\/yoast.com\/product\/yoast-seo-wordpress\/ -->\n<title>\u017dilinsk\u00e1 \u017eupa zis\u0165uje z\u00e1ujem o nov\u00e9 cyklotrasy - Pova\u017esk\u00e9 m\u00fazeum<\/title>\n<meta name=\"robots\" content=\"index, follow, max-snippet:-1, max-image-preview:large, max-video-preview:-1\" \/>\n<link rel=\"canonical\" href=\"https:\/\/pmza.sk\/?p=13886\" \/>\n<meta property=\"og:locale\" content=\"sk_SK\" \/>\n<meta property=\"og:type\" content=\"article\" \/>\n<meta property=\"og:title\" content=\"\u017dilinsk\u00e1 \u017eupa zis\u0165uje z\u00e1ujem o nov\u00e9 cyklotrasy - Pova\u017esk\u00e9 m\u00fazeum\" \/>\n<meta property=\"og:description\" content=\"V s\u00fa\u010dasnom programovom obdob\u00ed 2014-2020 bude \u017dilinsk\u00fd kraj pokra\u010dova\u0165 v obnove a v\u00fdstavbe nov\u00fdch cyklotr\u00e1s. Postupne pripravuje u\u017e projektov\u00e9 dokument\u00e1cie Rajeckej a Terchovskej cyklomagistr\u00e1ly a \u010falej rozv\u00edja z\u00e1mer vybudovania na Slovensku jedine\u010dn\u00e9ho cyklodopravn\u00e9ho koridoru, ktor\u00fd by prepojil sie\u0165 existuj\u00facich cyklotr\u00e1s popri rieke V\u00e1h a spojil \u017dilinu s Turcom trasou dlhou 16,7 kilometrov.\" \/>\n<meta property=\"og:url\" content=\"https:\/\/pmza.sk\/?p=13886\" \/>\n<meta property=\"og:site_name\" content=\"Pova\u017esk\u00e9 m\u00fazeum\" \/>\n<meta property=\"article:publisher\" content=\"https:\/\/www.facebook.com\/povazskemuzeum\" \/>\n<meta property=\"article:published_time\" content=\"2015-10-20T07:35:07+00:00\" \/>\n<meta property=\"og:image\" content=\"https:\/\/pmza.sk\/wp-content\/uploads\/2015\/10\/ZSK_Zamerom-kraja-je-skvalitnit-cyklotrasy-a-zvysit-bezpecnost-cyklistov-scaled-1.jpg\" \/>\n\t<meta property=\"og:image:width\" content=\"2560\" \/>\n\t<meta property=\"og:image:height\" content=\"1707\" \/>\n\t<meta property=\"og:image:type\" content=\"image\/jpeg\" \/>\n<meta name=\"author\" content=\"Pova\u017esk\u00e9 m\u00fazeum\" \/>\n<meta name=\"twitter:card\" content=\"summary_large_image\" \/>\n<meta name=\"twitter:label1\" content=\"Autor\" \/>\n\t<meta name=\"twitter:data1\" content=\"Pova\u017esk\u00e9 m\u00fazeum\" \/>\n\t<meta name=\"twitter:label2\" content=\"Predpokladan\u00fd \u010das \u010d\u00edtania\" \/>\n\t<meta name=\"twitter:data2\" content=\"2 min\u00faty\" \/>\n<script type=\"application\/ld+json\" class=\"yoast-schema-graph\">{\"@context\":\"https:\\\/\\\/schema.org\",\"@graph\":[{\"@type\":\"Article\",\"@id\":\"https:\\\/\\\/pmza.sk\\\/?p=13886#article\",\"isPartOf\":{\"@id\":\"https:\\\/\\\/pmza.sk\\\/?p=13886\"},\"author\":{\"name\":\"Pova\u017esk\u00e9 m\u00fazeum\",\"@id\":\"https:\\\/\\\/pmza.sk\\\/#\\\/schema\\\/person\\\/595e6a2ce731ea94dcd5d7f50a41ae33\"},\"headline\":\"\u017dilinsk\u00e1 \u017eupa zis\u0165uje z\u00e1ujem o nov\u00e9 cyklotrasy\",\"datePublished\":\"2015-10-20T07:35:07+00:00\",\"mainEntityOfPage\":{\"@id\":\"https:\\\/\\\/pmza.sk\\\/?p=13886\"},\"wordCount\":391,\"publisher\":{\"@id\":\"https:\\\/\\\/pmza.sk\\\/#organization\"},\"image\":{\"@id\":\"https:\\\/\\\/pmza.sk\\\/?p=13886#primaryimage\"},\"thumbnailUrl\":\"https:\\\/\\\/pmza.sk\\\/wp-content\\\/uploads\\\/2015\\\/10\\\/ZSK_Zamerom-kraja-je-skvalitnit-cyklotrasy-a-zvysit-bezpecnost-cyklistov-scaled-1.jpg\",\"articleSection\":[\"Arch\u00edv 2015\"],\"inLanguage\":\"sk-SK\"},{\"@type\":\"WebPage\",\"@id\":\"https:\\\/\\\/pmza.sk\\\/?p=13886\",\"url\":\"https:\\\/\\\/pmza.sk\\\/?p=13886\",\"name\":\"\u017dilinsk\u00e1 \u017eupa zis\u0165uje z\u00e1ujem o nov\u00e9 cyklotrasy - Pova\u017esk\u00e9 m\u00fazeum\",\"isPartOf\":{\"@id\":\"https:\\\/\\\/pmza.sk\\\/#website\"},\"primaryImageOfPage\":{\"@id\":\"https:\\\/\\\/pmza.sk\\\/?p=13886#primaryimage\"},\"image\":{\"@id\":\"https:\\\/\\\/pmza.sk\\\/?p=13886#primaryimage\"},\"thumbnailUrl\":\"https:\\\/\\\/pmza.sk\\\/wp-content\\\/uploads\\\/2015\\\/10\\\/ZSK_Zamerom-kraja-je-skvalitnit-cyklotrasy-a-zvysit-bezpecnost-cyklistov-scaled-1.jpg\",\"datePublished\":\"2015-10-20T07:35:07+00:00\",\"breadcrumb\":{\"@id\":\"https:\\\/\\\/pmza.sk\\\/?p=13886#breadcrumb\"},\"inLanguage\":\"sk-SK\",\"potentialAction\":[{\"@type\":\"ReadAction\",\"target\":[\"https:\\\/\\\/pmza.sk\\\/?p=13886\"]}]},{\"@type\":\"ImageObject\",\"inLanguage\":\"sk-SK\",\"@id\":\"https:\\\/\\\/pmza.sk\\\/?p=13886#primaryimage\",\"url\":\"https:\\\/\\\/pmza.sk\\\/wp-content\\\/uploads\\\/2015\\\/10\\\/ZSK_Zamerom-kraja-je-skvalitnit-cyklotrasy-a-zvysit-bezpecnost-cyklistov-scaled-1.jpg\",\"contentUrl\":\"https:\\\/\\\/pmza.sk\\\/wp-content\\\/uploads\\\/2015\\\/10\\\/ZSK_Zamerom-kraja-je-skvalitnit-cyklotrasy-a-zvysit-bezpecnost-cyklistov-scaled-1.jpg\",\"width\":2560,\"height\":1707},{\"@type\":\"BreadcrumbList\",\"@id\":\"https:\\\/\\\/pmza.sk\\\/?p=13886#breadcrumb\",\"itemListElement\":[{\"@type\":\"ListItem\",\"position\":1,\"name\":\"Domovsk\u00e1 str\u00e1nka\",\"item\":\"https:\\\/\\\/pmza.sk\\\/\"},{\"@type\":\"ListItem\",\"position\":2,\"name\":\"\u017dilinsk\u00e1 \u017eupa zis\u0165uje z\u00e1ujem o nov\u00e9 cyklotrasy\"}]},{\"@type\":\"WebSite\",\"@id\":\"https:\\\/\\\/pmza.sk\\\/#website\",\"url\":\"https:\\\/\\\/pmza.sk\\\/\",\"name\":\"Pova\u017esk\u00e9 m\u00fazeum\",\"description\":\"Pova\u017esk\u00e9 m\u00fazeum v \u017diline je region\u00e1lne m\u00fazeum so s\u00eddlom v Budat\u00edne. Jeho expoz\u00edcie s\u00fa zameran\u00e9 na dejiny slovensk\u00e9ho umenia, kult\u00fary a dopravy.\",\"publisher\":{\"@id\":\"https:\\\/\\\/pmza.sk\\\/#organization\"},\"potentialAction\":[{\"@type\":\"SearchAction\",\"target\":{\"@type\":\"EntryPoint\",\"urlTemplate\":\"https:\\\/\\\/pmza.sk\\\/?s={search_term_string}\"},\"query-input\":{\"@type\":\"PropertyValueSpecification\",\"valueRequired\":true,\"valueName\":\"search_term_string\"}}],\"inLanguage\":\"sk-SK\"},{\"@type\":\"Organization\",\"@id\":\"https:\\\/\\\/pmza.sk\\\/#organization\",\"name\":\"Pova\u017esk\u00e9 m\u00fazeum\",\"url\":\"https:\\\/\\\/pmza.sk\\\/\",\"logo\":{\"@type\":\"ImageObject\",\"inLanguage\":\"sk-SK\",\"@id\":\"https:\\\/\\\/pmza.sk\\\/#\\\/schema\\\/logo\\\/image\\\/\",\"url\":\"https:\\\/\\\/pmza.sk\\\/wp-content\\\/uploads\\\/2022\\\/01\\\/logo_PM_horizontal.jpg\",\"contentUrl\":\"https:\\\/\\\/pmza.sk\\\/wp-content\\\/uploads\\\/2022\\\/01\\\/logo_PM_horizontal.jpg\",\"width\":231,\"height\":142,\"caption\":\"Pova\u017esk\u00e9 m\u00fazeum\"},\"image\":{\"@id\":\"https:\\\/\\\/pmza.sk\\\/#\\\/schema\\\/logo\\\/image\\\/\"},\"sameAs\":[\"https:\\\/\\\/www.facebook.com\\\/povazskemuzeum\",\"https:\\\/\\\/www.instagram.com\\\/povazskemuzeum\\\/\"]},{\"@type\":\"Person\",\"@id\":\"https:\\\/\\\/pmza.sk\\\/#\\\/schema\\\/person\\\/595e6a2ce731ea94dcd5d7f50a41ae33\",\"name\":\"Pova\u017esk\u00e9 m\u00fazeum\",\"image\":{\"@type\":\"ImageObject\",\"inLanguage\":\"sk-SK\",\"@id\":\"https:\\\/\\\/secure.gravatar.com\\\/avatar\\\/2bb7f1561282132fb5826dfeccc66c7996d11ee392ac6aaf7ced8a1c2027fbb2?s=96&d=mm&r=g\",\"url\":\"https:\\\/\\\/secure.gravatar.com\\\/avatar\\\/2bb7f1561282132fb5826dfeccc66c7996d11ee392ac6aaf7ced8a1c2027fbb2?s=96&d=mm&r=g\",\"contentUrl\":\"https:\\\/\\\/secure.gravatar.com\\\/avatar\\\/2bb7f1561282132fb5826dfeccc66c7996d11ee392ac6aaf7ced8a1c2027fbb2?s=96&d=mm&r=g\",\"caption\":\"Pova\u017esk\u00e9 m\u00fazeum\"}}]}<\/script>\n<!-- \/ Yoast SEO plugin. -->","yoast_head_json":{"title":"\u017dilinsk\u00e1 \u017eupa zis\u0165uje z\u00e1ujem o nov\u00e9 cyklotrasy - Pova\u017esk\u00e9 m\u00fazeum","robots":{"index":"index","follow":"follow","max-snippet":"max-snippet:-1","max-image-preview":"max-image-preview:large","max-video-preview":"max-video-preview:-1"},"canonical":"https:\/\/pmza.sk\/?p=13886","og_locale":"sk_SK","og_type":"article","og_title":"\u017dilinsk\u00e1 \u017eupa zis\u0165uje z\u00e1ujem o nov\u00e9 cyklotrasy - Pova\u017esk\u00e9 m\u00fazeum","og_description":"V s\u00fa\u010dasnom programovom obdob\u00ed 2014-2020 bude \u017dilinsk\u00fd kraj pokra\u010dova\u0165 v obnove a v\u00fdstavbe nov\u00fdch cyklotr\u00e1s. Postupne pripravuje u\u017e projektov\u00e9 dokument\u00e1cie Rajeckej a Terchovskej cyklomagistr\u00e1ly a \u010falej rozv\u00edja z\u00e1mer vybudovania na Slovensku jedine\u010dn\u00e9ho cyklodopravn\u00e9ho koridoru, ktor\u00fd by prepojil sie\u0165 existuj\u00facich cyklotr\u00e1s popri rieke V\u00e1h a spojil \u017dilinu s Turcom trasou dlhou 16,7 kilometrov.","og_url":"https:\/\/pmza.sk\/?p=13886","og_site_name":"Pova\u017esk\u00e9 m\u00fazeum","article_publisher":"https:\/\/www.facebook.com\/povazskemuzeum","article_published_time":"2015-10-20T07:35:07+00:00","og_image":[{"width":2560,"height":1707,"url":"https:\/\/pmza.sk\/wp-content\/uploads\/2015\/10\/ZSK_Zamerom-kraja-je-skvalitnit-cyklotrasy-a-zvysit-bezpecnost-cyklistov-scaled-1.jpg","type":"image\/jpeg"}],"author":"Pova\u017esk\u00e9 m\u00fazeum","twitter_card":"summary_large_image","twitter_misc":{"Autor":"Pova\u017esk\u00e9 m\u00fazeum","Predpokladan\u00fd \u010das \u010d\u00edtania":"2 min\u00faty"},"schema":{"@context":"https:\/\/schema.org","@graph":[{"@type":"Article","@id":"https:\/\/pmza.sk\/?p=13886#article","isPartOf":{"@id":"https:\/\/pmza.sk\/?p=13886"},"author":{"name":"Pova\u017esk\u00e9 m\u00fazeum","@id":"https:\/\/pmza.sk\/#\/schema\/person\/595e6a2ce731ea94dcd5d7f50a41ae33"},"headline":"\u017dilinsk\u00e1 \u017eupa zis\u0165uje z\u00e1ujem o nov\u00e9 cyklotrasy","datePublished":"2015-10-20T07:35:07+00:00","mainEntityOfPage":{"@id":"https:\/\/pmza.sk\/?p=13886"},"wordCount":391,"publisher":{"@id":"https:\/\/pmza.sk\/#organization"},"image":{"@id":"https:\/\/pmza.sk\/?p=13886#primaryimage"},"thumbnailUrl":"https:\/\/pmza.sk\/wp-content\/uploads\/2015\/10\/ZSK_Zamerom-kraja-je-skvalitnit-cyklotrasy-a-zvysit-bezpecnost-cyklistov-scaled-1.jpg","articleSection":["Arch\u00edv 2015"],"inLanguage":"sk-SK"},{"@type":"WebPage","@id":"https:\/\/pmza.sk\/?p=13886","url":"https:\/\/pmza.sk\/?p=13886","name":"\u017dilinsk\u00e1 \u017eupa zis\u0165uje z\u00e1ujem o nov\u00e9 cyklotrasy - Pova\u017esk\u00e9 m\u00fazeum","isPartOf":{"@id":"https:\/\/pmza.sk\/#website"},"primaryImageOfPage":{"@id":"https:\/\/pmza.sk\/?p=13886#primaryimage"},"image":{"@id":"https:\/\/pmza.sk\/?p=13886#primaryimage"},"thumbnailUrl":"https:\/\/pmza.sk\/wp-content\/uploads\/2015\/10\/ZSK_Zamerom-kraja-je-skvalitnit-cyklotrasy-a-zvysit-bezpecnost-cyklistov-scaled-1.jpg","datePublished":"2015-10-20T07:35:07+00:00","breadcrumb":{"@id":"https:\/\/pmza.sk\/?p=13886#breadcrumb"},"inLanguage":"sk-SK","potentialAction":[{"@type":"ReadAction","target":["https:\/\/pmza.sk\/?p=13886"]}]},{"@type":"ImageObject","inLanguage":"sk-SK","@id":"https:\/\/pmza.sk\/?p=13886#primaryimage","url":"https:\/\/pmza.sk\/wp-content\/uploads\/2015\/10\/ZSK_Zamerom-kraja-je-skvalitnit-cyklotrasy-a-zvysit-bezpecnost-cyklistov-scaled-1.jpg","contentUrl":"https:\/\/pmza.sk\/wp-content\/uploads\/2015\/10\/ZSK_Zamerom-kraja-je-skvalitnit-cyklotrasy-a-zvysit-bezpecnost-cyklistov-scaled-1.jpg","width":2560,"height":1707},{"@type":"BreadcrumbList","@id":"https:\/\/pmza.sk\/?p=13886#breadcrumb","itemListElement":[{"@type":"ListItem","position":1,"name":"Domovsk\u00e1 str\u00e1nka","item":"https:\/\/pmza.sk\/"},{"@type":"ListItem","position":2,"name":"\u017dilinsk\u00e1 \u017eupa zis\u0165uje z\u00e1ujem o nov\u00e9 cyklotrasy"}]},{"@type":"WebSite","@id":"https:\/\/pmza.sk\/#website","url":"https:\/\/pmza.sk\/","name":"Pova\u017esk\u00e9 m\u00fazeum","description":"Pova\u017esk\u00e9 m\u00fazeum v \u017diline je region\u00e1lne m\u00fazeum so s\u00eddlom v Budat\u00edne. Jeho expoz\u00edcie s\u00fa zameran\u00e9 na dejiny slovensk\u00e9ho umenia, kult\u00fary a dopravy.","publisher":{"@id":"https:\/\/pmza.sk\/#organization"},"potentialAction":[{"@type":"SearchAction","target":{"@type":"EntryPoint","urlTemplate":"https:\/\/pmza.sk\/?s={search_term_string}"},"query-input":{"@type":"PropertyValueSpecification","valueRequired":true,"valueName":"search_term_string"}}],"inLanguage":"sk-SK"},{"@type":"Organization","@id":"https:\/\/pmza.sk\/#organization","name":"Pova\u017esk\u00e9 m\u00fazeum","url":"https:\/\/pmza.sk\/","logo":{"@type":"ImageObject","inLanguage":"sk-SK","@id":"https:\/\/pmza.sk\/#\/schema\/logo\/image\/","url":"https:\/\/pmza.sk\/wp-content\/uploads\/2022\/01\/logo_PM_horizontal.jpg","contentUrl":"https:\/\/pmza.sk\/wp-content\/uploads\/2022\/01\/logo_PM_horizontal.jpg","width":231,"height":142,"caption":"Pova\u017esk\u00e9 m\u00fazeum"},"image":{"@id":"https:\/\/pmza.sk\/#\/schema\/logo\/image\/"},"sameAs":["https:\/\/www.facebook.com\/povazskemuzeum","https:\/\/www.instagram.com\/povazskemuzeum\/"]},{"@type":"Person","@id":"https:\/\/pmza.sk\/#\/schema\/person\/595e6a2ce731ea94dcd5d7f50a41ae33","name":"Pova\u017esk\u00e9 m\u00fazeum","image":{"@type":"ImageObject","inLanguage":"sk-SK","@id":"https:\/\/secure.gravatar.com\/avatar\/2bb7f1561282132fb5826dfeccc66c7996d11ee392ac6aaf7ced8a1c2027fbb2?s=96&d=mm&r=g","url":"https:\/\/secure.gravatar.com\/avatar\/2bb7f1561282132fb5826dfeccc66c7996d11ee392ac6aaf7ced8a1c2027fbb2?s=96&d=mm&r=g","contentUrl":"https:\/\/secure.gravatar.com\/avatar\/2bb7f1561282132fb5826dfeccc66c7996d11ee392ac6aaf7ced8a1c2027fbb2?s=96&d=mm&r=g","caption":"Pova\u017esk\u00e9 m\u00fazeum"}}]}},"_links":{"self":[{"href":"https:\/\/pmza.sk\/index.php?rest_route=\/wp\/v2\/posts\/13886","targetHints":{"allow":["GET"]}}],"collection":[{"href":"https:\/\/pmza.sk\/index.php?rest_route=\/wp\/v2\/posts"}],"about":[{"href":"https:\/\/pmza.sk\/index.php?rest_route=\/wp\/v2\/types\/post"}],"author":[{"embeddable":true,"href":"https:\/\/pmza.sk\/index.php?rest_route=\/wp\/v2\/users\/2"}],"replies":[{"embeddable":true,"href":"https:\/\/pmza.sk\/index.php?rest_route=%2Fwp%2Fv2%2Fcomments&post=13886"}],"version-history":[{"count":0,"href":"https:\/\/pmza.sk\/index.php?rest_route=\/wp\/v2\/posts\/13886\/revisions"}],"wp:featuredmedia":[{"embeddable":true,"href":"https:\/\/pmza.sk\/index.php?rest_route=\/wp\/v2\/media\/13888"}],"wp:attachment":[{"href":"https:\/\/pmza.sk\/index.php?rest_route=%2Fwp%2Fv2%2Fmedia&parent=13886"}],"wp:term":[{"taxonomy":"category","embeddable":true,"href":"https:\/\/pmza.sk\/index.php?rest_route=%2Fwp%2Fv2%2Fcategories&post=13886"},{"taxonomy":"post_tag","embeddable":true,"href":"https:\/\/pmza.sk\/index.php?rest_route=%2Fwp%2Fv2%2Ftags&post=13886"}],"curies":[{"name":"wp","href":"https:\/\/api.w.org\/{rel}","templated":true}]}}