{"id":13890,"date":"2015-10-20T13:28:37","date_gmt":"2015-10-20T11:28:37","guid":{"rendered":"https:\/\/pmza.sk.sk\/?p=13890"},"modified":"2015-10-20T13:28:37","modified_gmt":"2015-10-20T11:28:37","slug":"noc-duchov-tekvic-a-strasidiel-3","status":"publish","type":"post","link":"https:\/\/pmza.sk\/?p=13890","title":{"rendered":"Noc duchov, tekv\u00edc a stra\u0161idiel"},"content":{"rendered":"<p>Ve\u010der pred jesenn\u00fdmi pr\u00e1zdninami pripravuje Pova\u017esk\u00e9 m\u00fazeum\u00a0v\u00a0\u017diline z\u00e1vere\u010dn\u00e9 podujatie na hrade Stre\u010dno s\u00a0n\u00e1zvom Noc duchov, tekv\u00edc\u00a0a\u00a0stra\u0161idiel. Kona\u0165 sa bude 28. okt\u00f3bra 2015 od 18.00 do 21.00 hod.\u00a0<!--more--><\/p>\n<p>\u201eAko n\u00e1m avizovali stra\u0161idl\u00e1, ktor\u00e9 sa u\u017e pomaly zlietaj\u00fa nad hradom, na\u00a0Stre\u010dne p\u00f4jde o\u00a0krk, preto si treba obliec\u0165 rol\u00e1k a\u00a0vzia\u0165 \u0161\u00e1l,\u201c s\u00a0\u00fasmevom hovor\u00ed\u00a0spr\u00e1vky\u0148a hradu Stre\u010dno Katar\u00edna Rep\u00e1\u0148ov\u00e1 a\u00a0pokra\u010duje: \u201eImproviza\u010dn\u00e9\u00a0divadlo Kapor na sc\u00e9ne na hlavnom n\u00e1dvor\u00ed predstav\u00ed Gr\u00f3fa Drakulu a\u00a0my\u00a0zist\u00edme, \u010di sa t\u00e1to transylv\u00e1nska celebrita dok\u00e1\u017ee zbavi\u0165 svojej z\u00e1vislosti\u00a0a\u00a0potla\u010di\u0165 v\u00a0sebe t\u00fa\u017ebu po \u013eudskej krvi.\u201c Skupina historick\u00e9ho \u0161ermu Wagus\u00a0z\u00a0Tren\u010d\u00edna privedie hladn\u00e9 \u010darodejnice, star\u00fdch bosor\u00e1kov, hradn\u00fdch duchov\u00a0a\u00a0nesp\u00fatan\u00fdch \u0161ermiarov. Atmosf\u00e9ru noci ozvl\u00e1\u0161tnia hradn\u00ed delostrelci, \u010di\u00a0origin\u00e1lna a\u00a0p\u00fatav\u00e1 oh\u0148ov\u00e1 \u0161ou v\u00a0podan\u00ed skupiny Black Evils. \u201eNa zahriatie\u00a0budeme pon\u00faka\u0165 \u010daro\u010daj a\u00a0ak sa nad hradom objavia iba stra\u0161idl\u00e1 a\u00a0nie\u00a0mraky, m\u00f4\u017eeme pozorova\u0165 aj hviezdnu oblohu,\u201c dop\u013a\u0148a K. Rep\u00e1\u0148ov\u00e1.\u00a0Podujatie je vhodn\u00e9 pre deti star\u0161ie ako 10 rokov. Posledn\u00fd vstup je\u00a0napl\u00e1novan\u00fd na 20.30 hod.<\/p>\n<p>Organiz\u00e1torom podujatia je Pova\u017esk\u00e9 m\u00fazeum v\u00a0\u017diline v\u00a0zria\u010fovate\u013eskej\u00a0p\u00f4sobnosti \u017dilinsk\u00e9ho samospr\u00e1vneho kraja, v\u00a0spolupr\u00e1ci s\u00a0Krajskou\u00a0hvezd\u00e1r\u0148ou v\u00a0\u017diline. Program na hrade Stre\u010dno finan\u010dne podporila\u00a0Stredoslovensk\u00e1 energetika, a.s., ktor\u00e1 dod\u00e1va okrem tradi\u010dn\u00fdch\u00a0energetick\u00fdch komod\u00edt, elektriny a\u00a0plynu, aj \u201eenergiu, ktor\u00e1 pom\u00e1ha\u201c.\u00a0Prostredn\u00edctvom r\u00f4znych programov a\u00a0grantov\u00fdch v\u00fdziev prispieva k\u00a0rozvoju\u00a0vz\u0165ahov so zamestnancami, z\u00e1kazn\u00edkmi a\u00a0komunitn\u00fdmi organiz\u00e1ciami\u00a0v\u00a0regi\u00f3ne, v\u00a0ktorom p\u00f4sob\u00ed \u2013 najm\u00e4 v\u00a0oblasti soci\u00e1lnej sf\u00e9ry, vzdel\u00e1vania,\u00a0kult\u00fary a\u00a0\u017eivotn\u00e9ho prostredia.<\/p>\n","protected":false},"excerpt":{"rendered":"<p>Ve\u010der pred jesenn\u00fdmi pr\u00e1zdninami pripravuje Pova\u017esk\u00e9 m\u00fazeum\u00a0v\u00a0\u017diline z\u00e1vere\u010dn\u00e9 podujatie na hrade Stre\u010dno s\u00a0n\u00e1zvom Noc duchov, tekv\u00edc\u00a0a\u00a0stra\u0161idiel. Kona\u0165 sa bude 28. okt\u00f3bra 2015 od 18.00 do 21.00 hod.\u00a0<\/p>\n","protected":false},"author":2,"featured_media":13834,"comment_status":"closed","ping_status":"closed","sticky":false,"template":"","format":"standard","meta":{"site-sidebar-layout":"default","site-content-layout":"","ast-site-content-layout":"","site-content-style":"default","site-sidebar-style":"default","ast-global-header-display":"","ast-banner-title-visibility":"","ast-main-header-display":"","ast-hfb-above-header-display":"","ast-hfb-below-header-display":"","ast-hfb-mobile-header-display":"","site-post-title":"","ast-breadcrumbs-content":"","ast-featured-img":"","footer-sml-layout":"","theme-transparent-header-meta":"","adv-header-id-meta":"","stick-header-meta":"","header-above-stick-meta":"","header-main-stick-meta":"","header-below-stick-meta":"","astra-migrate-meta-layouts":"default","ast-page-background-enabled":"default","ast-page-background-meta":{"desktop":{"background-color":"var(--ast-global-color-4)","background-image":"","background-repeat":"repeat","background-position":"center center","background-size":"auto","background-attachment":"scroll","background-type":"","background-media":"","overlay-type":"","overlay-color":"","overlay-opacity":"","overlay-gradient":""},"tablet":{"background-color":"","background-image":"","background-repeat":"repeat","background-position":"center center","background-size":"auto","background-attachment":"scroll","background-type":"","background-media":"","overlay-type":"","overlay-color":"","overlay-opacity":"","overlay-gradient":""},"mobile":{"background-color":"","background-image":"","background-repeat":"repeat","background-position":"center center","background-size":"auto","background-attachment":"scroll","background-type":"","background-media":"","overlay-type":"","overlay-color":"","overlay-opacity":"","overlay-gradient":""}},"ast-content-background-meta":{"desktop":{"background-color":"var(--ast-global-color-5)","background-image":"","background-repeat":"repeat","background-position":"center center","background-size":"auto","background-attachment":"scroll","background-type":"","background-media":"","overlay-type":"","overlay-color":"","overlay-opacity":"","overlay-gradient":""},"tablet":{"background-color":"var(--ast-global-color-5)","background-image":"","background-repeat":"repeat","background-position":"center center","background-size":"auto","background-attachment":"scroll","background-type":"","background-media":"","overlay-type":"","overlay-color":"","overlay-opacity":"","overlay-gradient":""},"mobile":{"background-color":"var(--ast-global-color-5)","background-image":"","background-repeat":"repeat","background-position":"center center","background-size":"auto","background-attachment":"scroll","background-type":"","background-media":"","overlay-type":"","overlay-color":"","overlay-opacity":"","overlay-gradient":""}},"footnotes":""},"categories":[38],"tags":[],"class_list":["post-13890","post","type-post","status-publish","format-standard","has-post-thumbnail","hentry","category-archiv-2015"],"yoast_head":"<!-- This site is optimized with the Yoast SEO plugin v27.4 - https:\/\/yoast.com\/product\/yoast-seo-wordpress\/ -->\n<title>Noc duchov, tekv\u00edc a stra\u0161idiel - Pova\u017esk\u00e9 m\u00fazeum<\/title>\n<meta name=\"robots\" content=\"index, follow, max-snippet:-1, max-image-preview:large, max-video-preview:-1\" \/>\n<link rel=\"canonical\" href=\"https:\/\/pmza.sk\/?p=13890\" \/>\n<meta property=\"og:locale\" content=\"sk_SK\" \/>\n<meta property=\"og:type\" content=\"article\" \/>\n<meta property=\"og:title\" content=\"Noc duchov, tekv\u00edc a stra\u0161idiel - Pova\u017esk\u00e9 m\u00fazeum\" \/>\n<meta property=\"og:description\" content=\"Ve\u010der pred jesenn\u00fdmi pr\u00e1zdninami pripravuje Pova\u017esk\u00e9 m\u00fazeum\u00a0v\u00a0\u017diline z\u00e1vere\u010dn\u00e9 podujatie na hrade Stre\u010dno s\u00a0n\u00e1zvom Noc duchov, tekv\u00edc\u00a0a\u00a0stra\u0161idiel. Kona\u0165 sa bude 28. okt\u00f3bra 2015 od 18.00 do 21.00 hod.\u00a0\" \/>\n<meta property=\"og:url\" content=\"https:\/\/pmza.sk\/?p=13890\" \/>\n<meta property=\"og:site_name\" content=\"Pova\u017esk\u00e9 m\u00fazeum\" \/>\n<meta property=\"article:publisher\" content=\"https:\/\/www.facebook.com\/povazskemuzeum\" \/>\n<meta property=\"article:published_time\" content=\"2015-10-20T11:28:37+00:00\" \/>\n<meta property=\"og:image\" content=\"https:\/\/pmza.sk\/wp-content\/uploads\/2015\/10\/Noc-duchov-tekvic-a-strasidiel-2015.jpg\" \/>\n\t<meta property=\"og:image:width\" content=\"552\" \/>\n\t<meta property=\"og:image:height\" content=\"780\" \/>\n\t<meta property=\"og:image:type\" content=\"image\/jpeg\" \/>\n<meta name=\"author\" content=\"Pova\u017esk\u00e9 m\u00fazeum\" \/>\n<meta name=\"twitter:card\" content=\"summary_large_image\" \/>\n<meta name=\"twitter:label1\" content=\"Autor\" \/>\n\t<meta name=\"twitter:data1\" content=\"Pova\u017esk\u00e9 m\u00fazeum\" \/>\n\t<meta name=\"twitter:label2\" content=\"Predpokladan\u00fd \u010das \u010d\u00edtania\" \/>\n\t<meta name=\"twitter:data2\" content=\"2 min\u00faty\" \/>\n<script type=\"application\/ld+json\" class=\"yoast-schema-graph\">{\"@context\":\"https:\\\/\\\/schema.org\",\"@graph\":[{\"@type\":\"Article\",\"@id\":\"https:\\\/\\\/pmza.sk\\\/?p=13890#article\",\"isPartOf\":{\"@id\":\"https:\\\/\\\/pmza.sk\\\/?p=13890\"},\"author\":{\"name\":\"Pova\u017esk\u00e9 m\u00fazeum\",\"@id\":\"https:\\\/\\\/pmza.sk\\\/#\\\/schema\\\/person\\\/595e6a2ce731ea94dcd5d7f50a41ae33\"},\"headline\":\"Noc duchov, tekv\u00edc a stra\u0161idiel\",\"datePublished\":\"2015-10-20T11:28:37+00:00\",\"mainEntityOfPage\":{\"@id\":\"https:\\\/\\\/pmza.sk\\\/?p=13890\"},\"wordCount\":333,\"publisher\":{\"@id\":\"https:\\\/\\\/pmza.sk\\\/#organization\"},\"image\":{\"@id\":\"https:\\\/\\\/pmza.sk\\\/?p=13890#primaryimage\"},\"thumbnailUrl\":\"https:\\\/\\\/pmza.sk\\\/wp-content\\\/uploads\\\/2015\\\/10\\\/Noc-duchov-tekvic-a-strasidiel-2015.jpg\",\"articleSection\":[\"Arch\u00edv 2015\"],\"inLanguage\":\"sk-SK\"},{\"@type\":\"WebPage\",\"@id\":\"https:\\\/\\\/pmza.sk\\\/?p=13890\",\"url\":\"https:\\\/\\\/pmza.sk\\\/?p=13890\",\"name\":\"Noc duchov, tekv\u00edc a stra\u0161idiel - Pova\u017esk\u00e9 m\u00fazeum\",\"isPartOf\":{\"@id\":\"https:\\\/\\\/pmza.sk\\\/#website\"},\"primaryImageOfPage\":{\"@id\":\"https:\\\/\\\/pmza.sk\\\/?p=13890#primaryimage\"},\"image\":{\"@id\":\"https:\\\/\\\/pmza.sk\\\/?p=13890#primaryimage\"},\"thumbnailUrl\":\"https:\\\/\\\/pmza.sk\\\/wp-content\\\/uploads\\\/2015\\\/10\\\/Noc-duchov-tekvic-a-strasidiel-2015.jpg\",\"datePublished\":\"2015-10-20T11:28:37+00:00\",\"breadcrumb\":{\"@id\":\"https:\\\/\\\/pmza.sk\\\/?p=13890#breadcrumb\"},\"inLanguage\":\"sk-SK\",\"potentialAction\":[{\"@type\":\"ReadAction\",\"target\":[\"https:\\\/\\\/pmza.sk\\\/?p=13890\"]}]},{\"@type\":\"ImageObject\",\"inLanguage\":\"sk-SK\",\"@id\":\"https:\\\/\\\/pmza.sk\\\/?p=13890#primaryimage\",\"url\":\"https:\\\/\\\/pmza.sk\\\/wp-content\\\/uploads\\\/2015\\\/10\\\/Noc-duchov-tekvic-a-strasidiel-2015.jpg\",\"contentUrl\":\"https:\\\/\\\/pmza.sk\\\/wp-content\\\/uploads\\\/2015\\\/10\\\/Noc-duchov-tekvic-a-strasidiel-2015.jpg\",\"width\":552,\"height\":780},{\"@type\":\"BreadcrumbList\",\"@id\":\"https:\\\/\\\/pmza.sk\\\/?p=13890#breadcrumb\",\"itemListElement\":[{\"@type\":\"ListItem\",\"position\":1,\"name\":\"Domovsk\u00e1 str\u00e1nka\",\"item\":\"https:\\\/\\\/pmza.sk\\\/\"},{\"@type\":\"ListItem\",\"position\":2,\"name\":\"Noc duchov, tekv\u00edc a stra\u0161idiel\"}]},{\"@type\":\"WebSite\",\"@id\":\"https:\\\/\\\/pmza.sk\\\/#website\",\"url\":\"https:\\\/\\\/pmza.sk\\\/\",\"name\":\"Pova\u017esk\u00e9 m\u00fazeum\",\"description\":\"Pova\u017esk\u00e9 m\u00fazeum v \u017diline je region\u00e1lne m\u00fazeum so s\u00eddlom v Budat\u00edne. Jeho expoz\u00edcie s\u00fa zameran\u00e9 na dejiny slovensk\u00e9ho umenia, kult\u00fary a dopravy.\",\"publisher\":{\"@id\":\"https:\\\/\\\/pmza.sk\\\/#organization\"},\"potentialAction\":[{\"@type\":\"SearchAction\",\"target\":{\"@type\":\"EntryPoint\",\"urlTemplate\":\"https:\\\/\\\/pmza.sk\\\/?s={search_term_string}\"},\"query-input\":{\"@type\":\"PropertyValueSpecification\",\"valueRequired\":true,\"valueName\":\"search_term_string\"}}],\"inLanguage\":\"sk-SK\"},{\"@type\":\"Organization\",\"@id\":\"https:\\\/\\\/pmza.sk\\\/#organization\",\"name\":\"Pova\u017esk\u00e9 m\u00fazeum\",\"url\":\"https:\\\/\\\/pmza.sk\\\/\",\"logo\":{\"@type\":\"ImageObject\",\"inLanguage\":\"sk-SK\",\"@id\":\"https:\\\/\\\/pmza.sk\\\/#\\\/schema\\\/logo\\\/image\\\/\",\"url\":\"https:\\\/\\\/pmza.sk\\\/wp-content\\\/uploads\\\/2022\\\/01\\\/logo_PM_horizontal.jpg\",\"contentUrl\":\"https:\\\/\\\/pmza.sk\\\/wp-content\\\/uploads\\\/2022\\\/01\\\/logo_PM_horizontal.jpg\",\"width\":231,\"height\":142,\"caption\":\"Pova\u017esk\u00e9 m\u00fazeum\"},\"image\":{\"@id\":\"https:\\\/\\\/pmza.sk\\\/#\\\/schema\\\/logo\\\/image\\\/\"},\"sameAs\":[\"https:\\\/\\\/www.facebook.com\\\/povazskemuzeum\",\"https:\\\/\\\/www.instagram.com\\\/povazskemuzeum\\\/\"]},{\"@type\":\"Person\",\"@id\":\"https:\\\/\\\/pmza.sk\\\/#\\\/schema\\\/person\\\/595e6a2ce731ea94dcd5d7f50a41ae33\",\"name\":\"Pova\u017esk\u00e9 m\u00fazeum\",\"image\":{\"@type\":\"ImageObject\",\"inLanguage\":\"sk-SK\",\"@id\":\"https:\\\/\\\/secure.gravatar.com\\\/avatar\\\/2bb7f1561282132fb5826dfeccc66c7996d11ee392ac6aaf7ced8a1c2027fbb2?s=96&d=mm&r=g\",\"url\":\"https:\\\/\\\/secure.gravatar.com\\\/avatar\\\/2bb7f1561282132fb5826dfeccc66c7996d11ee392ac6aaf7ced8a1c2027fbb2?s=96&d=mm&r=g\",\"contentUrl\":\"https:\\\/\\\/secure.gravatar.com\\\/avatar\\\/2bb7f1561282132fb5826dfeccc66c7996d11ee392ac6aaf7ced8a1c2027fbb2?s=96&d=mm&r=g\",\"caption\":\"Pova\u017esk\u00e9 m\u00fazeum\"}}]}<\/script>\n<!-- \/ Yoast SEO plugin. -->","yoast_head_json":{"title":"Noc duchov, tekv\u00edc a stra\u0161idiel - Pova\u017esk\u00e9 m\u00fazeum","robots":{"index":"index","follow":"follow","max-snippet":"max-snippet:-1","max-image-preview":"max-image-preview:large","max-video-preview":"max-video-preview:-1"},"canonical":"https:\/\/pmza.sk\/?p=13890","og_locale":"sk_SK","og_type":"article","og_title":"Noc duchov, tekv\u00edc a stra\u0161idiel - Pova\u017esk\u00e9 m\u00fazeum","og_description":"Ve\u010der pred jesenn\u00fdmi pr\u00e1zdninami pripravuje Pova\u017esk\u00e9 m\u00fazeum\u00a0v\u00a0\u017diline z\u00e1vere\u010dn\u00e9 podujatie na hrade Stre\u010dno s\u00a0n\u00e1zvom Noc duchov, tekv\u00edc\u00a0a\u00a0stra\u0161idiel. Kona\u0165 sa bude 28. okt\u00f3bra 2015 od 18.00 do 21.00 hod.\u00a0","og_url":"https:\/\/pmza.sk\/?p=13890","og_site_name":"Pova\u017esk\u00e9 m\u00fazeum","article_publisher":"https:\/\/www.facebook.com\/povazskemuzeum","article_published_time":"2015-10-20T11:28:37+00:00","og_image":[{"width":552,"height":780,"url":"https:\/\/pmza.sk\/wp-content\/uploads\/2015\/10\/Noc-duchov-tekvic-a-strasidiel-2015.jpg","type":"image\/jpeg"}],"author":"Pova\u017esk\u00e9 m\u00fazeum","twitter_card":"summary_large_image","twitter_misc":{"Autor":"Pova\u017esk\u00e9 m\u00fazeum","Predpokladan\u00fd \u010das \u010d\u00edtania":"2 min\u00faty"},"schema":{"@context":"https:\/\/schema.org","@graph":[{"@type":"Article","@id":"https:\/\/pmza.sk\/?p=13890#article","isPartOf":{"@id":"https:\/\/pmza.sk\/?p=13890"},"author":{"name":"Pova\u017esk\u00e9 m\u00fazeum","@id":"https:\/\/pmza.sk\/#\/schema\/person\/595e6a2ce731ea94dcd5d7f50a41ae33"},"headline":"Noc duchov, tekv\u00edc a stra\u0161idiel","datePublished":"2015-10-20T11:28:37+00:00","mainEntityOfPage":{"@id":"https:\/\/pmza.sk\/?p=13890"},"wordCount":333,"publisher":{"@id":"https:\/\/pmza.sk\/#organization"},"image":{"@id":"https:\/\/pmza.sk\/?p=13890#primaryimage"},"thumbnailUrl":"https:\/\/pmza.sk\/wp-content\/uploads\/2015\/10\/Noc-duchov-tekvic-a-strasidiel-2015.jpg","articleSection":["Arch\u00edv 2015"],"inLanguage":"sk-SK"},{"@type":"WebPage","@id":"https:\/\/pmza.sk\/?p=13890","url":"https:\/\/pmza.sk\/?p=13890","name":"Noc duchov, tekv\u00edc a stra\u0161idiel - Pova\u017esk\u00e9 m\u00fazeum","isPartOf":{"@id":"https:\/\/pmza.sk\/#website"},"primaryImageOfPage":{"@id":"https:\/\/pmza.sk\/?p=13890#primaryimage"},"image":{"@id":"https:\/\/pmza.sk\/?p=13890#primaryimage"},"thumbnailUrl":"https:\/\/pmza.sk\/wp-content\/uploads\/2015\/10\/Noc-duchov-tekvic-a-strasidiel-2015.jpg","datePublished":"2015-10-20T11:28:37+00:00","breadcrumb":{"@id":"https:\/\/pmza.sk\/?p=13890#breadcrumb"},"inLanguage":"sk-SK","potentialAction":[{"@type":"ReadAction","target":["https:\/\/pmza.sk\/?p=13890"]}]},{"@type":"ImageObject","inLanguage":"sk-SK","@id":"https:\/\/pmza.sk\/?p=13890#primaryimage","url":"https:\/\/pmza.sk\/wp-content\/uploads\/2015\/10\/Noc-duchov-tekvic-a-strasidiel-2015.jpg","contentUrl":"https:\/\/pmza.sk\/wp-content\/uploads\/2015\/10\/Noc-duchov-tekvic-a-strasidiel-2015.jpg","width":552,"height":780},{"@type":"BreadcrumbList","@id":"https:\/\/pmza.sk\/?p=13890#breadcrumb","itemListElement":[{"@type":"ListItem","position":1,"name":"Domovsk\u00e1 str\u00e1nka","item":"https:\/\/pmza.sk\/"},{"@type":"ListItem","position":2,"name":"Noc duchov, tekv\u00edc a stra\u0161idiel"}]},{"@type":"WebSite","@id":"https:\/\/pmza.sk\/#website","url":"https:\/\/pmza.sk\/","name":"Pova\u017esk\u00e9 m\u00fazeum","description":"Pova\u017esk\u00e9 m\u00fazeum v \u017diline je region\u00e1lne m\u00fazeum so s\u00eddlom v Budat\u00edne. Jeho expoz\u00edcie s\u00fa zameran\u00e9 na dejiny slovensk\u00e9ho umenia, kult\u00fary a dopravy.","publisher":{"@id":"https:\/\/pmza.sk\/#organization"},"potentialAction":[{"@type":"SearchAction","target":{"@type":"EntryPoint","urlTemplate":"https:\/\/pmza.sk\/?s={search_term_string}"},"query-input":{"@type":"PropertyValueSpecification","valueRequired":true,"valueName":"search_term_string"}}],"inLanguage":"sk-SK"},{"@type":"Organization","@id":"https:\/\/pmza.sk\/#organization","name":"Pova\u017esk\u00e9 m\u00fazeum","url":"https:\/\/pmza.sk\/","logo":{"@type":"ImageObject","inLanguage":"sk-SK","@id":"https:\/\/pmza.sk\/#\/schema\/logo\/image\/","url":"https:\/\/pmza.sk\/wp-content\/uploads\/2022\/01\/logo_PM_horizontal.jpg","contentUrl":"https:\/\/pmza.sk\/wp-content\/uploads\/2022\/01\/logo_PM_horizontal.jpg","width":231,"height":142,"caption":"Pova\u017esk\u00e9 m\u00fazeum"},"image":{"@id":"https:\/\/pmza.sk\/#\/schema\/logo\/image\/"},"sameAs":["https:\/\/www.facebook.com\/povazskemuzeum","https:\/\/www.instagram.com\/povazskemuzeum\/"]},{"@type":"Person","@id":"https:\/\/pmza.sk\/#\/schema\/person\/595e6a2ce731ea94dcd5d7f50a41ae33","name":"Pova\u017esk\u00e9 m\u00fazeum","image":{"@type":"ImageObject","inLanguage":"sk-SK","@id":"https:\/\/secure.gravatar.com\/avatar\/2bb7f1561282132fb5826dfeccc66c7996d11ee392ac6aaf7ced8a1c2027fbb2?s=96&d=mm&r=g","url":"https:\/\/secure.gravatar.com\/avatar\/2bb7f1561282132fb5826dfeccc66c7996d11ee392ac6aaf7ced8a1c2027fbb2?s=96&d=mm&r=g","contentUrl":"https:\/\/secure.gravatar.com\/avatar\/2bb7f1561282132fb5826dfeccc66c7996d11ee392ac6aaf7ced8a1c2027fbb2?s=96&d=mm&r=g","caption":"Pova\u017esk\u00e9 m\u00fazeum"}}]}},"_links":{"self":[{"href":"https:\/\/pmza.sk\/index.php?rest_route=\/wp\/v2\/posts\/13890","targetHints":{"allow":["GET"]}}],"collection":[{"href":"https:\/\/pmza.sk\/index.php?rest_route=\/wp\/v2\/posts"}],"about":[{"href":"https:\/\/pmza.sk\/index.php?rest_route=\/wp\/v2\/types\/post"}],"author":[{"embeddable":true,"href":"https:\/\/pmza.sk\/index.php?rest_route=\/wp\/v2\/users\/2"}],"replies":[{"embeddable":true,"href":"https:\/\/pmza.sk\/index.php?rest_route=%2Fwp%2Fv2%2Fcomments&post=13890"}],"version-history":[{"count":0,"href":"https:\/\/pmza.sk\/index.php?rest_route=\/wp\/v2\/posts\/13890\/revisions"}],"wp:featuredmedia":[{"embeddable":true,"href":"https:\/\/pmza.sk\/index.php?rest_route=\/wp\/v2\/media\/13834"}],"wp:attachment":[{"href":"https:\/\/pmza.sk\/index.php?rest_route=%2Fwp%2Fv2%2Fmedia&parent=13890"}],"wp:term":[{"taxonomy":"category","embeddable":true,"href":"https:\/\/pmza.sk\/index.php?rest_route=%2Fwp%2Fv2%2Fcategories&post=13890"},{"taxonomy":"post_tag","embeddable":true,"href":"https:\/\/pmza.sk\/index.php?rest_route=%2Fwp%2Fv2%2Ftags&post=13890"}],"curies":[{"name":"wp","href":"https:\/\/api.w.org\/{rel}","templated":true}]}}