{"id":13927,"date":"2015-10-30T10:28:41","date_gmt":"2015-10-30T09:28:41","guid":{"rendered":"https:\/\/pmza.sk.sk\/?p=13927"},"modified":"2015-10-30T10:28:41","modified_gmt":"2015-10-30T09:28:41","slug":"rinok-aj-noc-duchov-s-rekordnou-navstevnostou","status":"publish","type":"post","link":"https:\/\/pmza.sk\/?p=13927","title":{"rendered":"R\u00ednok aj noc duchov s rekordnou n\u00e1v\u0161tevnos\u0165ou"},"content":{"rendered":"<p><strong>Pova\u017esk\u00e9 m\u00fazeum v\u00a0\u017diline uzatvorilo sez\u00f3nu ve\u013ek\u00fdmi podujatiami vo svojich dvoch najv\u00e4\u010d\u0161\u00edch expoz\u00edci\u00e1ch \u2013 v\u00a0are\u00e1li Budat\u00ednskeho hradu a\u00a0na hrade Stre\u010dno.<\/strong><\/p>\n<p>Podujatia <strong>Budat\u00ednsky r\u00ednok<\/strong> sa v\u00a0sobotu 24. okt\u00f3bra 2015 z\u00fa\u010dastnilo 2370 platiacich n\u00e1v\u0161tevn\u00edkov, 250 \u00fa\u010dinkuj\u00facich a\u00a0host\u00ed, remesl\u00e1 predv\u00e1dzalo a\u00a0v\u00a0st\u00e1nkoch sa prezentovalo asi 60 remeseln\u00edkov, medzi nimi drot\u00e1ri, pek\u00e1ri, garbiari, medovnik\u00e1ri, \u0161perk\u00e1ri, \u010dipk\u00e1ri a\u00a0mnoh\u00ed \u010fal\u0161\u00ed. Pr\u00edtomn\u00ed boli aj v\u00fdrobcovia zvonov, vala\u0161iek, dreven\u00fdch hra\u010diek, pr\u00edrodn\u00fdch mydiel, keramiky, orient\u00e1lneho i\u00a0h\u00e1\u010dkovan\u00e9ho oble\u010denia. N\u00e1v\u0161tevn\u00edci si mohli pochuti\u0165 na v\u00fdbornom ob\u010derstven\u00ed, pe\u010den\u00fdch obl\u00e1tkach, pe\u010den\u00fdch ga\u0161tanoch, kr\u00e1\u013eovsk\u00fdch trdeln\u00edkoch, varenom v\u00edne, medovine, \u010di hor\u00facom kub\u00e1nskom rume s\u00a0vaje\u010dn\u00fdm ko\u0148akom alebo hor\u00facej \u010dokol\u00e1de so \u0161\u013eaha\u010dkou. <em>\u201eK rekordnej n\u00e1v\u0161tevnosti tohto podujatia prispelo ur\u010dite n\u00e1dhern\u00e9 po\u010dasie, v\u010faka ktor\u00e9mu sme mohli zrealizova\u0165 v\u0161etko tak, ako sme si napl\u00e1novali. Spokojnos\u0165 na tv\u00e1rach n\u00e1v\u0161tevn\u00edkov je n\u00e1m ve\u013ek\u00fdm zados\u0165u\u010dinen\u00edm za v\u0161etku n\u00e1mahu vlo\u017een\u00fa do organiz\u00e1cie a\u00a0pr\u00edpravy podujatia Budat\u00ednsky r\u00ednok,\u201c<\/em> uviedla Zuzana Kme\u0165ov\u00e1, riadite\u013eka Pova\u017esk\u00e9ho m\u00fazea v\u00a0\u017diline poveren\u00e1 veden\u00edm.<\/p>\n<p>Pre n\u00e1v\u0161tevn\u00edkov tento rok na r\u00ednku pripravili organiz\u00e1tori nielen bohat\u00fd kult\u00farny program na hlavnom p\u00f3diu, ale aj mno\u017estvo atrakci\u00ed a\u00a0mo\u017enost\u00ed, ako str\u00e1vi\u0165 n\u00e1dhern\u00fd jesenn\u00fd de\u0148 v\u00a0are\u00e1li Budat\u00ednskeho hradu. <em>\u201eVe\u013ek\u00fd z\u00e1ujem bol o\u00a0workshop o\u00a0pran\u00ed a\u00a0\u017eehlen\u00ed, ktor\u00fd s\u00favisel s\u00a0v\u00fdstavou Aby biela bielou bola v\u00a0podkrov\u00ed hradnej ve\u017ee. Zauj\u00edmavou atrakciou boli aj uk\u00e1\u017eky hasi\u010dskej techniky a\u00a0hasi\u010dsk\u00fdch \u00e1ut Dobrovo\u013en\u00e9ho hasi\u010dsk\u00e9ho zboru z\u00a0Hlin\u00edka nad V\u00e1hom. Deti zaujala najm\u00e4 interakt\u00edvna tane\u010dn\u00e1 \u0161kola pripraven\u00e1 s\u00a0Detsk\u00fdm folkl\u00f3rnym s\u00faborom Cipovi\u010dka. Medzi \u010fal\u0161ie atrakcie pre deti patrili hry s\u00a0dobov\u00fdmi historick\u00fdmi hra\u010dkami, sk\u00e1kac\u00ed hrad, ma\u013eovanie na tv\u00e1r, lukostre\u013eba s\u00a0Cechom Terra de Selinan, ml\u00e1de\u017e a\u00a0dospel\u00fdch up\u00fatalo ko\u010dovn\u00e9 divadlo predstavuj\u00face v\u00a0parku legendu o\u00a0zamurovanej Katar\u00edne<\/em>,\u201c povedala kult\u00farna mana\u017e\u00e9rka PMZA Andrea Luk\u00e1csov\u00e1. Program pre dospel\u00fdch \u00faspe\u0161ne zav\u0155\u0161il Klub vojenskej hist\u00f3rie Slovensko s\u00a0po\u013enou nemocnicou a\u00a0uk\u00e1\u017ekami dobov\u00fdch zbran\u00ed a\u00a0bojov. S\u00fa\u010das\u0165ou podujatia bolo sl\u00e1vnostn\u00e9 uvedenie knihy \u201eKelti. Ve\u013ek\u00e1 kniha o\u00a0Keltoch v\u00a0\u017dilinskom kraji\u201c do \u017eivota, ktor\u00fa predstavil riadite\u013e Kysuck\u00e9ho m\u00fazea v\u00a0\u010cadci Milo\u0161 Jesensk\u00fd. Na r\u00ednku bolo mo\u017en\u00e9 knihu si aj priamo zak\u00fapi\u0165. O\u017eiven\u00edm podujatia bolo netradi\u010dn\u00e9 spojenie drot\u00e1rstva a\u00a0\u0161portu, konkr\u00e9tne \u017eilinsk\u00e9ho hokeja. <em>\u201eBudat\u00ednskeho r\u00ednka sa z\u00fa\u010dastnili piati hokejisti MsHK DOXXbet \u017dilina \u2013 Milan Dreven\u00e1k, Matej Val\u00e1\u0161ek, V\u00e1clav Stupka, Tom\u00e1\u0161 Tomek a\u00a0Jakub Dr\u00e1bek, \u2013 ktor\u00fdch \u00falohou bolo udr\u00f4tova\u0165 pod\u013ea predlohy hokejku, pri\u010dom Tom\u00e1\u0161 Tomek brank\u00e1rsku. Skvel\u00fdm a jedine\u010dn\u00fdm v\u00fdtvorom zatienil spoluhr\u00e1\u010dov Va\u0161o Stupka. Chalani dr\u00f4tovali hokejky aj spolu s\u00a0n\u00e1v\u0161tevn\u00edkmi a\u00a0odmenou pre naj\u0161ikovnej\u0161\u00edch boli ro\u010dn\u00e1 permanentka na z\u00e1pasy Tipsport ligy, tri\u010dk\u00e1 a\u00a0minidres\u00edk,\u201c <\/em>doplnil PR mana\u017e\u00e9r MsHK \u017dilina D\u00e1vid \u0160vec.<\/p>\n<p>Na hlavnom p\u00f3diu sa po\u010das r\u00ednka predstavilo \u017eilinsk\u00e9 Divadlo zo \u0161ufl\u00edka s\u00a0predstaven\u00edm O\u00a0zlatej rybke, DFS Cipovi\u010dka a\u00a0Spievanky, folkl\u00f3rny s\u00fabor Nadzieja z\u00a0po\u013esk\u00e9ho partnersk\u00e9ho mesta Strumie\u0144, Dychov\u00e1 hudba Fatranka, FS V\u00e1h z\u00a0P\u00fachova, rockov\u00e9 kapely Bod omylu a\u00a0\u0160leha. Pre v\u0161etk\u00fdch z\u00e1ujemcov boli otvoren\u00e9 aj dvere odbornej kni\u017enice Pova\u017esk\u00e9ho m\u00fazea \u010di v\u00fdstava cudzokrajn\u00e9ho hmyzu so \u017eiv\u00fdmi expon\u00e1tmi Exotick\u00e1 kr\u00e1sa.<\/p>\n<p>Sez\u00f3nu na hrade Stre\u010dno tradi\u010dne uzatv\u00e1ra <strong>Noc duchov, tekv\u00edc a\u00a0stra\u0161idiel<\/strong>, ktor\u00e1 sa tento rok uskuto\u010dnila 28. okt\u00f3bra, de\u0148 pred jesenn\u00fdmi pr\u00e1zdninami, nielen na hrade, ale aj v\u00a0podhrad\u00ed na Paseke. Podujatie videlo 944 n\u00e1v\u0161tevn\u00edkov.<\/p>\n<p>N\u00e1v\u0161tevn\u00edkov na z\u00e1vere\u010dn\u00fa no\u010dn\u00fa prehliadku hradu l\u00e1ka najm\u00e4 p\u00fatav\u00fd program, ktor\u00e9ho tradi\u010dnou s\u00fa\u010das\u0165ou je predstavenie improviza\u010dn\u00e9ho Divadla Kapor na sc\u00e9ne. <em>\u201eN\u00e1\u0161 hrad tentoraz nav\u0161t\u00edvil zn\u00e1my gr\u00f3f Drakula, hoci na odvykacej k\u00fare, no pre istotu sme v\u0161etk\u00fdch vopred upozornili na to, aby mali so sebou \u0161\u00e1l a\u00a0rol\u00e1ky. <strong>Na Stre\u010dne i\u0161lo toti\u017e o\u00a0krk! <\/strong>Nad hradom sa zlietali hladn\u00e9 \u010darodejnice, niektor\u00e9 aj pri\u0161li o\u00a0svoj \u017eivot, in\u00e9 varili n\u00e1poj z\u00a0kost\u00ed, star\u00ed bosor\u00e1ci nechali zmizn\u00fa\u0165 nielen truhlicu s\u00a0peniazmi, ale aj deti, hradn\u00ed duchovia stra\u0161ili n\u00e1v\u0161tevn\u00edkov. Atmosf\u00e9ru noci dop\u013a\u0148ali nesp\u00fatan\u00ed \u0161ermiari, strely z\u00a0hradn\u00e9ho dela, pozorovanie no\u010dnej oblohy, je\u017eibaba pon\u00fakaj\u00faca \u010daro\u010daj, stredovek\u00ed kuch\u00e1ri s\u00a0dobov\u00fdm ob\u010derstven\u00edm, origin\u00e1lna a\u00a0p\u00fatav\u00e1 oh\u0148ov\u00e1 \u0161ou a\u00a0vyrez\u00e1van\u00e9 tekvice,\u201c<\/em> zhodnotila podujatie spr\u00e1vky\u0148a hradu Stre\u010dno Katar\u00edna Rep\u00e1\u0148ov\u00e1. Hoci bolo podujatie napl\u00e1novan\u00e9 do 21. hodiny, posledn\u00ed n\u00e1v\u0161tevn\u00edci odch\u00e1dzali z\u00a0hradu pred polnocou za jasn\u00e9ho svitu mesiaca. Na poslednej no\u010dnej prehliadke hradu Stre\u010dno v\u00a0aktu\u00e1lnej sez\u00f3ne sa okrem improviza\u010dn\u00e9ho Divadla Kapor na sc\u00e9ne z\u00fa\u010dastnila aj Skupina historick\u00e9ho \u0161ermu Wagus z\u00a0Tren\u010d\u00edna, stre\u010dnianski hradn\u00ed delostrelci, Cech Terra de Selinan a\u00a0skupina Black Evils.<\/p>\n<p>Organiz\u00e1torom oboch podujat\u00ed je Pova\u017esk\u00e9 m\u00fazeum v\u00a0\u017diline v\u00a0zria\u010fovate\u013eskej p\u00f4sobnosti \u017dilinsk\u00e9ho samospr\u00e1vneho kraja. Na podujat\u00ed Budat\u00ednsky r\u00ednok sa podie\u013eali aj Centrum vo\u013en\u00e9ho \u010dasu \u017dilina, Gmina Strumie\u0144, Stredn\u00e1 odborn\u00e1 \u0161kola po\u013enohospod\u00e1rstva a\u00a0slu\u017eieb na vidieku a Mesto \u017dilina. Noc duchov, tekv\u00edc a\u00a0stra\u0161idiel sa uskuto\u010dnila aj v\u010faka spolupr\u00e1ci s\u00a0Krajskou hvezd\u00e1r\u0148ou v\u00a0\u017diline. Program na hrade Stre\u010dno finan\u010dne podporila Stredoslovensk\u00e1 energetika, a.s., ktor\u00e1 dod\u00e1va okrem tradi\u010dn\u00fdch energetick\u00fdch komod\u00edt, elektriny a\u00a0plynu, aj \u201eenergiu, ktor\u00e1 pom\u00e1ha\u201c. Prostredn\u00edctvom r\u00f4znych programov a\u00a0grantov\u00fdch v\u00fdziev prispieva k\u00a0rozvoju vz\u0165ahov so zamestnancami, z\u00e1kazn\u00edkmi a\u00a0komunitn\u00fdmi organiz\u00e1ciami v\u00a0regi\u00f3ne, v\u00a0ktorom p\u00f4sob\u00ed \u2013 najm\u00e4 v\u00a0oblasti soci\u00e1lnej sf\u00e9ry, vzdel\u00e1vania, kult\u00fary a\u00a0\u017eivotn\u00e9ho prostredia.<\/p>\n<p>Fotogal\u00e9ria <a href=\"https:\/\/pmza.sk.sk\/foto-mdd\/?album=127\">BUDAT\u00cdNSKY R\u00cdNOK<\/a><\/p>\n<p>Fotogal\u00e9ria <a href=\"https:\/\/pmza.sk.sk\/foto-mdd\/?album=128\">NOC DUCHOV, TEKV\u00cdC A STRA\u0160IDIEL<\/a><\/p>\n","protected":false},"excerpt":{"rendered":"<p>Pova\u017esk\u00e9 m\u00fazeum v\u00a0\u017diline uzatvorilo sez\u00f3nu ve\u013ek\u00fdmi podujatiami vo svojich dvoch najv\u00e4\u010d\u0161\u00edch expoz\u00edci\u00e1ch \u2013 v\u00a0are\u00e1li Budat\u00ednskeho hradu a\u00a0na hrade Stre\u010dno. Podujatia Budat\u00ednsky r\u00ednok sa v\u00a0sobotu 24. okt\u00f3bra 2015 z\u00fa\u010dastnilo 2370 platiacich n\u00e1v\u0161tevn\u00edkov, 250 \u00fa\u010dinkuj\u00facich a\u00a0host\u00ed, remesl\u00e1 predv\u00e1dzalo a\u00a0v\u00a0st\u00e1nkoch sa prezentovalo asi 60 remeseln\u00edkov, medzi nimi drot\u00e1ri, pek\u00e1ri, garbiari, medovnik\u00e1ri, \u0161perk\u00e1ri, \u010dipk\u00e1ri a\u00a0mnoh\u00ed \u010fal\u0161\u00ed. Pr\u00edtomn\u00ed boli aj [&hellip;]<\/p>\n","protected":false},"author":2,"featured_media":13930,"comment_status":"closed","ping_status":"closed","sticky":false,"template":"","format":"standard","meta":{"site-sidebar-layout":"default","site-content-layout":"","ast-site-content-layout":"","site-content-style":"default","site-sidebar-style":"default","ast-global-header-display":"","ast-banner-title-visibility":"","ast-main-header-display":"","ast-hfb-above-header-display":"","ast-hfb-below-header-display":"","ast-hfb-mobile-header-display":"","site-post-title":"","ast-breadcrumbs-content":"","ast-featured-img":"","footer-sml-layout":"","theme-transparent-header-meta":"","adv-header-id-meta":"","stick-header-meta":"","header-above-stick-meta":"","header-main-stick-meta":"","header-below-stick-meta":"","astra-migrate-meta-layouts":"default","ast-page-background-enabled":"default","ast-page-background-meta":{"desktop":{"background-color":"var(--ast-global-color-4)","background-image":"","background-repeat":"repeat","background-position":"center center","background-size":"auto","background-attachment":"scroll","background-type":"","background-media":"","overlay-type":"","overlay-color":"","overlay-opacity":"","overlay-gradient":""},"tablet":{"background-color":"","background-image":"","background-repeat":"repeat","background-position":"center center","background-size":"auto","background-attachment":"scroll","background-type":"","background-media":"","overlay-type":"","overlay-color":"","overlay-opacity":"","overlay-gradient":""},"mobile":{"background-color":"","background-image":"","background-repeat":"repeat","background-position":"center center","background-size":"auto","background-attachment":"scroll","background-type":"","background-media":"","overlay-type":"","overlay-color":"","overlay-opacity":"","overlay-gradient":""}},"ast-content-background-meta":{"desktop":{"background-color":"var(--ast-global-color-5)","background-image":"","background-repeat":"repeat","background-position":"center center","background-size":"auto","background-attachment":"scroll","background-type":"","background-media":"","overlay-type":"","overlay-color":"","overlay-opacity":"","overlay-gradient":""},"tablet":{"background-color":"var(--ast-global-color-5)","background-image":"","background-repeat":"repeat","background-position":"center center","background-size":"auto","background-attachment":"scroll","background-type":"","background-media":"","overlay-type":"","overlay-color":"","overlay-opacity":"","overlay-gradient":""},"mobile":{"background-color":"var(--ast-global-color-5)","background-image":"","background-repeat":"repeat","background-position":"center center","background-size":"auto","background-attachment":"scroll","background-type":"","background-media":"","overlay-type":"","overlay-color":"","overlay-opacity":"","overlay-gradient":""}},"footnotes":""},"categories":[38],"tags":[],"class_list":["post-13927","post","type-post","status-publish","format-standard","has-post-thumbnail","hentry","category-archiv-2015"],"yoast_head":"<!-- This site is optimized with the Yoast SEO plugin v27.4 - https:\/\/yoast.com\/product\/yoast-seo-wordpress\/ -->\n<title>R\u00ednok aj noc duchov s rekordnou n\u00e1v\u0161tevnos\u0165ou - Pova\u017esk\u00e9 m\u00fazeum<\/title>\n<meta name=\"robots\" content=\"index, follow, max-snippet:-1, max-image-preview:large, max-video-preview:-1\" \/>\n<link rel=\"canonical\" href=\"https:\/\/pmza.sk\/?p=13927\" \/>\n<meta property=\"og:locale\" content=\"sk_SK\" \/>\n<meta property=\"og:type\" content=\"article\" \/>\n<meta property=\"og:title\" content=\"R\u00ednok aj noc duchov s rekordnou n\u00e1v\u0161tevnos\u0165ou - Pova\u017esk\u00e9 m\u00fazeum\" \/>\n<meta property=\"og:description\" content=\"Pova\u017esk\u00e9 m\u00fazeum v\u00a0\u017diline uzatvorilo sez\u00f3nu ve\u013ek\u00fdmi podujatiami vo svojich dvoch najv\u00e4\u010d\u0161\u00edch expoz\u00edci\u00e1ch \u2013 v\u00a0are\u00e1li Budat\u00ednskeho hradu a\u00a0na hrade Stre\u010dno. Podujatia Budat\u00ednsky r\u00ednok sa v\u00a0sobotu 24. okt\u00f3bra 2015 z\u00fa\u010dastnilo 2370 platiacich n\u00e1v\u0161tevn\u00edkov, 250 \u00fa\u010dinkuj\u00facich a\u00a0host\u00ed, remesl\u00e1 predv\u00e1dzalo a\u00a0v\u00a0st\u00e1nkoch sa prezentovalo asi 60 remeseln\u00edkov, medzi nimi drot\u00e1ri, pek\u00e1ri, garbiari, medovnik\u00e1ri, \u0161perk\u00e1ri, \u010dipk\u00e1ri a\u00a0mnoh\u00ed \u010fal\u0161\u00ed. Pr\u00edtomn\u00ed boli aj [&hellip;]\" \/>\n<meta property=\"og:url\" content=\"https:\/\/pmza.sk\/?p=13927\" \/>\n<meta property=\"og:site_name\" content=\"Pova\u017esk\u00e9 m\u00fazeum\" \/>\n<meta property=\"article:publisher\" content=\"https:\/\/www.facebook.com\/povazskemuzeum\" \/>\n<meta property=\"article:published_time\" content=\"2015-10-30T09:28:41+00:00\" \/>\n<meta property=\"og:image\" content=\"https:\/\/pmza.sk\/wp-content\/uploads\/2015\/10\/IMG_2814.jpg\" \/>\n\t<meta property=\"og:image:width\" content=\"1024\" \/>\n\t<meta property=\"og:image:height\" content=\"683\" \/>\n\t<meta property=\"og:image:type\" content=\"image\/jpeg\" \/>\n<meta name=\"author\" content=\"Pova\u017esk\u00e9 m\u00fazeum\" \/>\n<meta name=\"twitter:card\" content=\"summary_large_image\" \/>\n<meta name=\"twitter:label1\" content=\"Autor\" \/>\n\t<meta name=\"twitter:data1\" content=\"Pova\u017esk\u00e9 m\u00fazeum\" \/>\n\t<meta name=\"twitter:label2\" content=\"Predpokladan\u00fd \u010das \u010d\u00edtania\" \/>\n\t<meta name=\"twitter:data2\" content=\"6 min\u00fat\" \/>\n<script type=\"application\/ld+json\" class=\"yoast-schema-graph\">{\"@context\":\"https:\\\/\\\/schema.org\",\"@graph\":[{\"@type\":\"Article\",\"@id\":\"https:\\\/\\\/pmza.sk\\\/?p=13927#article\",\"isPartOf\":{\"@id\":\"https:\\\/\\\/pmza.sk\\\/?p=13927\"},\"author\":{\"name\":\"Pova\u017esk\u00e9 m\u00fazeum\",\"@id\":\"https:\\\/\\\/pmza.sk\\\/#\\\/schema\\\/person\\\/595e6a2ce731ea94dcd5d7f50a41ae33\"},\"headline\":\"R\u00ednok aj noc duchov s rekordnou n\u00e1v\u0161tevnos\u0165ou\",\"datePublished\":\"2015-10-30T09:28:41+00:00\",\"mainEntityOfPage\":{\"@id\":\"https:\\\/\\\/pmza.sk\\\/?p=13927\"},\"wordCount\":1149,\"publisher\":{\"@id\":\"https:\\\/\\\/pmza.sk\\\/#organization\"},\"image\":{\"@id\":\"https:\\\/\\\/pmza.sk\\\/?p=13927#primaryimage\"},\"thumbnailUrl\":\"https:\\\/\\\/pmza.sk\\\/wp-content\\\/uploads\\\/2015\\\/10\\\/IMG_2814.jpg\",\"articleSection\":[\"Arch\u00edv 2015\"],\"inLanguage\":\"sk-SK\"},{\"@type\":\"WebPage\",\"@id\":\"https:\\\/\\\/pmza.sk\\\/?p=13927\",\"url\":\"https:\\\/\\\/pmza.sk\\\/?p=13927\",\"name\":\"R\u00ednok aj noc duchov s rekordnou n\u00e1v\u0161tevnos\u0165ou - Pova\u017esk\u00e9 m\u00fazeum\",\"isPartOf\":{\"@id\":\"https:\\\/\\\/pmza.sk\\\/#website\"},\"primaryImageOfPage\":{\"@id\":\"https:\\\/\\\/pmza.sk\\\/?p=13927#primaryimage\"},\"image\":{\"@id\":\"https:\\\/\\\/pmza.sk\\\/?p=13927#primaryimage\"},\"thumbnailUrl\":\"https:\\\/\\\/pmza.sk\\\/wp-content\\\/uploads\\\/2015\\\/10\\\/IMG_2814.jpg\",\"datePublished\":\"2015-10-30T09:28:41+00:00\",\"breadcrumb\":{\"@id\":\"https:\\\/\\\/pmza.sk\\\/?p=13927#breadcrumb\"},\"inLanguage\":\"sk-SK\",\"potentialAction\":[{\"@type\":\"ReadAction\",\"target\":[\"https:\\\/\\\/pmza.sk\\\/?p=13927\"]}]},{\"@type\":\"ImageObject\",\"inLanguage\":\"sk-SK\",\"@id\":\"https:\\\/\\\/pmza.sk\\\/?p=13927#primaryimage\",\"url\":\"https:\\\/\\\/pmza.sk\\\/wp-content\\\/uploads\\\/2015\\\/10\\\/IMG_2814.jpg\",\"contentUrl\":\"https:\\\/\\\/pmza.sk\\\/wp-content\\\/uploads\\\/2015\\\/10\\\/IMG_2814.jpg\",\"width\":1024,\"height\":683,\"caption\":\"Kapor na sc\u00e9ne - DRAKULA\"},{\"@type\":\"BreadcrumbList\",\"@id\":\"https:\\\/\\\/pmza.sk\\\/?p=13927#breadcrumb\",\"itemListElement\":[{\"@type\":\"ListItem\",\"position\":1,\"name\":\"Domovsk\u00e1 str\u00e1nka\",\"item\":\"https:\\\/\\\/pmza.sk\\\/\"},{\"@type\":\"ListItem\",\"position\":2,\"name\":\"R\u00ednok aj noc duchov s rekordnou n\u00e1v\u0161tevnos\u0165ou\"}]},{\"@type\":\"WebSite\",\"@id\":\"https:\\\/\\\/pmza.sk\\\/#website\",\"url\":\"https:\\\/\\\/pmza.sk\\\/\",\"name\":\"Pova\u017esk\u00e9 m\u00fazeum\",\"description\":\"Pova\u017esk\u00e9 m\u00fazeum v \u017diline je region\u00e1lne m\u00fazeum so s\u00eddlom v Budat\u00edne. Jeho expoz\u00edcie s\u00fa zameran\u00e9 na dejiny slovensk\u00e9ho umenia, kult\u00fary a dopravy.\",\"publisher\":{\"@id\":\"https:\\\/\\\/pmza.sk\\\/#organization\"},\"potentialAction\":[{\"@type\":\"SearchAction\",\"target\":{\"@type\":\"EntryPoint\",\"urlTemplate\":\"https:\\\/\\\/pmza.sk\\\/?s={search_term_string}\"},\"query-input\":{\"@type\":\"PropertyValueSpecification\",\"valueRequired\":true,\"valueName\":\"search_term_string\"}}],\"inLanguage\":\"sk-SK\"},{\"@type\":\"Organization\",\"@id\":\"https:\\\/\\\/pmza.sk\\\/#organization\",\"name\":\"Pova\u017esk\u00e9 m\u00fazeum\",\"url\":\"https:\\\/\\\/pmza.sk\\\/\",\"logo\":{\"@type\":\"ImageObject\",\"inLanguage\":\"sk-SK\",\"@id\":\"https:\\\/\\\/pmza.sk\\\/#\\\/schema\\\/logo\\\/image\\\/\",\"url\":\"https:\\\/\\\/pmza.sk\\\/wp-content\\\/uploads\\\/2022\\\/01\\\/logo_PM_horizontal.jpg\",\"contentUrl\":\"https:\\\/\\\/pmza.sk\\\/wp-content\\\/uploads\\\/2022\\\/01\\\/logo_PM_horizontal.jpg\",\"width\":231,\"height\":142,\"caption\":\"Pova\u017esk\u00e9 m\u00fazeum\"},\"image\":{\"@id\":\"https:\\\/\\\/pmza.sk\\\/#\\\/schema\\\/logo\\\/image\\\/\"},\"sameAs\":[\"https:\\\/\\\/www.facebook.com\\\/povazskemuzeum\",\"https:\\\/\\\/www.instagram.com\\\/povazskemuzeum\\\/\"]},{\"@type\":\"Person\",\"@id\":\"https:\\\/\\\/pmza.sk\\\/#\\\/schema\\\/person\\\/595e6a2ce731ea94dcd5d7f50a41ae33\",\"name\":\"Pova\u017esk\u00e9 m\u00fazeum\",\"image\":{\"@type\":\"ImageObject\",\"inLanguage\":\"sk-SK\",\"@id\":\"https:\\\/\\\/secure.gravatar.com\\\/avatar\\\/2bb7f1561282132fb5826dfeccc66c7996d11ee392ac6aaf7ced8a1c2027fbb2?s=96&d=mm&r=g\",\"url\":\"https:\\\/\\\/secure.gravatar.com\\\/avatar\\\/2bb7f1561282132fb5826dfeccc66c7996d11ee392ac6aaf7ced8a1c2027fbb2?s=96&d=mm&r=g\",\"contentUrl\":\"https:\\\/\\\/secure.gravatar.com\\\/avatar\\\/2bb7f1561282132fb5826dfeccc66c7996d11ee392ac6aaf7ced8a1c2027fbb2?s=96&d=mm&r=g\",\"caption\":\"Pova\u017esk\u00e9 m\u00fazeum\"}}]}<\/script>\n<!-- \/ Yoast SEO plugin. -->","yoast_head_json":{"title":"R\u00ednok aj noc duchov s rekordnou n\u00e1v\u0161tevnos\u0165ou - Pova\u017esk\u00e9 m\u00fazeum","robots":{"index":"index","follow":"follow","max-snippet":"max-snippet:-1","max-image-preview":"max-image-preview:large","max-video-preview":"max-video-preview:-1"},"canonical":"https:\/\/pmza.sk\/?p=13927","og_locale":"sk_SK","og_type":"article","og_title":"R\u00ednok aj noc duchov s rekordnou n\u00e1v\u0161tevnos\u0165ou - Pova\u017esk\u00e9 m\u00fazeum","og_description":"Pova\u017esk\u00e9 m\u00fazeum v\u00a0\u017diline uzatvorilo sez\u00f3nu ve\u013ek\u00fdmi podujatiami vo svojich dvoch najv\u00e4\u010d\u0161\u00edch expoz\u00edci\u00e1ch \u2013 v\u00a0are\u00e1li Budat\u00ednskeho hradu a\u00a0na hrade Stre\u010dno. Podujatia Budat\u00ednsky r\u00ednok sa v\u00a0sobotu 24. okt\u00f3bra 2015 z\u00fa\u010dastnilo 2370 platiacich n\u00e1v\u0161tevn\u00edkov, 250 \u00fa\u010dinkuj\u00facich a\u00a0host\u00ed, remesl\u00e1 predv\u00e1dzalo a\u00a0v\u00a0st\u00e1nkoch sa prezentovalo asi 60 remeseln\u00edkov, medzi nimi drot\u00e1ri, pek\u00e1ri, garbiari, medovnik\u00e1ri, \u0161perk\u00e1ri, \u010dipk\u00e1ri a\u00a0mnoh\u00ed \u010fal\u0161\u00ed. Pr\u00edtomn\u00ed boli aj [&hellip;]","og_url":"https:\/\/pmza.sk\/?p=13927","og_site_name":"Pova\u017esk\u00e9 m\u00fazeum","article_publisher":"https:\/\/www.facebook.com\/povazskemuzeum","article_published_time":"2015-10-30T09:28:41+00:00","og_image":[{"width":1024,"height":683,"url":"https:\/\/pmza.sk\/wp-content\/uploads\/2015\/10\/IMG_2814.jpg","type":"image\/jpeg"}],"author":"Pova\u017esk\u00e9 m\u00fazeum","twitter_card":"summary_large_image","twitter_misc":{"Autor":"Pova\u017esk\u00e9 m\u00fazeum","Predpokladan\u00fd \u010das \u010d\u00edtania":"6 min\u00fat"},"schema":{"@context":"https:\/\/schema.org","@graph":[{"@type":"Article","@id":"https:\/\/pmza.sk\/?p=13927#article","isPartOf":{"@id":"https:\/\/pmza.sk\/?p=13927"},"author":{"name":"Pova\u017esk\u00e9 m\u00fazeum","@id":"https:\/\/pmza.sk\/#\/schema\/person\/595e6a2ce731ea94dcd5d7f50a41ae33"},"headline":"R\u00ednok aj noc duchov s rekordnou n\u00e1v\u0161tevnos\u0165ou","datePublished":"2015-10-30T09:28:41+00:00","mainEntityOfPage":{"@id":"https:\/\/pmza.sk\/?p=13927"},"wordCount":1149,"publisher":{"@id":"https:\/\/pmza.sk\/#organization"},"image":{"@id":"https:\/\/pmza.sk\/?p=13927#primaryimage"},"thumbnailUrl":"https:\/\/pmza.sk\/wp-content\/uploads\/2015\/10\/IMG_2814.jpg","articleSection":["Arch\u00edv 2015"],"inLanguage":"sk-SK"},{"@type":"WebPage","@id":"https:\/\/pmza.sk\/?p=13927","url":"https:\/\/pmza.sk\/?p=13927","name":"R\u00ednok aj noc duchov s rekordnou n\u00e1v\u0161tevnos\u0165ou - Pova\u017esk\u00e9 m\u00fazeum","isPartOf":{"@id":"https:\/\/pmza.sk\/#website"},"primaryImageOfPage":{"@id":"https:\/\/pmza.sk\/?p=13927#primaryimage"},"image":{"@id":"https:\/\/pmza.sk\/?p=13927#primaryimage"},"thumbnailUrl":"https:\/\/pmza.sk\/wp-content\/uploads\/2015\/10\/IMG_2814.jpg","datePublished":"2015-10-30T09:28:41+00:00","breadcrumb":{"@id":"https:\/\/pmza.sk\/?p=13927#breadcrumb"},"inLanguage":"sk-SK","potentialAction":[{"@type":"ReadAction","target":["https:\/\/pmza.sk\/?p=13927"]}]},{"@type":"ImageObject","inLanguage":"sk-SK","@id":"https:\/\/pmza.sk\/?p=13927#primaryimage","url":"https:\/\/pmza.sk\/wp-content\/uploads\/2015\/10\/IMG_2814.jpg","contentUrl":"https:\/\/pmza.sk\/wp-content\/uploads\/2015\/10\/IMG_2814.jpg","width":1024,"height":683,"caption":"Kapor na sc\u00e9ne - DRAKULA"},{"@type":"BreadcrumbList","@id":"https:\/\/pmza.sk\/?p=13927#breadcrumb","itemListElement":[{"@type":"ListItem","position":1,"name":"Domovsk\u00e1 str\u00e1nka","item":"https:\/\/pmza.sk\/"},{"@type":"ListItem","position":2,"name":"R\u00ednok aj noc duchov s rekordnou n\u00e1v\u0161tevnos\u0165ou"}]},{"@type":"WebSite","@id":"https:\/\/pmza.sk\/#website","url":"https:\/\/pmza.sk\/","name":"Pova\u017esk\u00e9 m\u00fazeum","description":"Pova\u017esk\u00e9 m\u00fazeum v \u017diline je region\u00e1lne m\u00fazeum so s\u00eddlom v Budat\u00edne. Jeho expoz\u00edcie s\u00fa zameran\u00e9 na dejiny slovensk\u00e9ho umenia, kult\u00fary a dopravy.","publisher":{"@id":"https:\/\/pmza.sk\/#organization"},"potentialAction":[{"@type":"SearchAction","target":{"@type":"EntryPoint","urlTemplate":"https:\/\/pmza.sk\/?s={search_term_string}"},"query-input":{"@type":"PropertyValueSpecification","valueRequired":true,"valueName":"search_term_string"}}],"inLanguage":"sk-SK"},{"@type":"Organization","@id":"https:\/\/pmza.sk\/#organization","name":"Pova\u017esk\u00e9 m\u00fazeum","url":"https:\/\/pmza.sk\/","logo":{"@type":"ImageObject","inLanguage":"sk-SK","@id":"https:\/\/pmza.sk\/#\/schema\/logo\/image\/","url":"https:\/\/pmza.sk\/wp-content\/uploads\/2022\/01\/logo_PM_horizontal.jpg","contentUrl":"https:\/\/pmza.sk\/wp-content\/uploads\/2022\/01\/logo_PM_horizontal.jpg","width":231,"height":142,"caption":"Pova\u017esk\u00e9 m\u00fazeum"},"image":{"@id":"https:\/\/pmza.sk\/#\/schema\/logo\/image\/"},"sameAs":["https:\/\/www.facebook.com\/povazskemuzeum","https:\/\/www.instagram.com\/povazskemuzeum\/"]},{"@type":"Person","@id":"https:\/\/pmza.sk\/#\/schema\/person\/595e6a2ce731ea94dcd5d7f50a41ae33","name":"Pova\u017esk\u00e9 m\u00fazeum","image":{"@type":"ImageObject","inLanguage":"sk-SK","@id":"https:\/\/secure.gravatar.com\/avatar\/2bb7f1561282132fb5826dfeccc66c7996d11ee392ac6aaf7ced8a1c2027fbb2?s=96&d=mm&r=g","url":"https:\/\/secure.gravatar.com\/avatar\/2bb7f1561282132fb5826dfeccc66c7996d11ee392ac6aaf7ced8a1c2027fbb2?s=96&d=mm&r=g","contentUrl":"https:\/\/secure.gravatar.com\/avatar\/2bb7f1561282132fb5826dfeccc66c7996d11ee392ac6aaf7ced8a1c2027fbb2?s=96&d=mm&r=g","caption":"Pova\u017esk\u00e9 m\u00fazeum"}}]}},"_links":{"self":[{"href":"https:\/\/pmza.sk\/index.php?rest_route=\/wp\/v2\/posts\/13927","targetHints":{"allow":["GET"]}}],"collection":[{"href":"https:\/\/pmza.sk\/index.php?rest_route=\/wp\/v2\/posts"}],"about":[{"href":"https:\/\/pmza.sk\/index.php?rest_route=\/wp\/v2\/types\/post"}],"author":[{"embeddable":true,"href":"https:\/\/pmza.sk\/index.php?rest_route=\/wp\/v2\/users\/2"}],"replies":[{"embeddable":true,"href":"https:\/\/pmza.sk\/index.php?rest_route=%2Fwp%2Fv2%2Fcomments&post=13927"}],"version-history":[{"count":0,"href":"https:\/\/pmza.sk\/index.php?rest_route=\/wp\/v2\/posts\/13927\/revisions"}],"wp:featuredmedia":[{"embeddable":true,"href":"https:\/\/pmza.sk\/index.php?rest_route=\/wp\/v2\/media\/13930"}],"wp:attachment":[{"href":"https:\/\/pmza.sk\/index.php?rest_route=%2Fwp%2Fv2%2Fmedia&parent=13927"}],"wp:term":[{"taxonomy":"category","embeddable":true,"href":"https:\/\/pmza.sk\/index.php?rest_route=%2Fwp%2Fv2%2Fcategories&post=13927"},{"taxonomy":"post_tag","embeddable":true,"href":"https:\/\/pmza.sk\/index.php?rest_route=%2Fwp%2Fv2%2Ftags&post=13927"}],"curies":[{"name":"wp","href":"https:\/\/api.w.org\/{rel}","templated":true}]}}