{"id":13978,"date":"2015-12-07T13:07:48","date_gmt":"2015-12-07T12:07:48","guid":{"rendered":"https:\/\/pmza.sk.sk\/?p=13978"},"modified":"2015-12-07T13:07:48","modified_gmt":"2015-12-07T12:07:48","slug":"svadobny-dar-palatina-turzu-3","status":"publish","type":"post","link":"https:\/\/pmza.sk\/?p=13978","title":{"rendered":"Svadobn\u00fd dar palat\u00edna Turza"},"content":{"rendered":"<p>Pova\u017esk\u00e9 m\u00fazeum v\u00a0\u017diline v\u00a0zria\u010fovate\u013eskej p\u00f4sobnosti \u017dilinsk\u00e9ho samospr\u00e1vneho kraja vyhl\u00e1silo 13. febru\u00e1ra 2015 \u0161iesty ro\u010dn\u00edk s\u00fa\u0165a\u017ee pre v\u0161etk\u00fdch z\u00e1ujemcov <em>o\u00a0uskuto\u010dnenie svadobnej hostiny v\u00a0roku 2016<\/em> v\u00a0priestoroch Sob\u00e1\u0161neho pal\u00e1ca v\u00a0Byt\u010di s\u00a0n\u00e1zvom <strong>Svadobn\u00fd dar palat\u00edna Turzu<\/strong>. Ke\u010f\u017ee nie je mo\u017en\u00e9 uspokoji\u0165 z\u00e1ujem v\u0161etk\u00fdch sn\u00fabeneck\u00fdch p\u00e1rov, je vyhl\u00e1sen\u00e1 s\u00fa\u0165a\u017e s\u00a0viacer\u00fdmi bonusmi pre v\u00ed\u0165azov.<\/p>\n<p>Z\u00e1kladnou podmienkou s\u00fa\u0165a\u017ee je \u00fa\u010das\u0165 oboch sn\u00fabencov pri jej plnen\u00ed. Sn\u00fabenci po zak\u00fapen\u00ed mapy s\u00a0n\u00e1zvom \u201ePoklady m\u00faze\u00ed \u017dilinsk\u00e9ho kraja\u201c (mapa je dostupn\u00e1 v\u00a0pokladniciach expoz\u00edci\u00ed m\u00faze\u00ed v\u00a0zria\u010fovate\u013eskej p\u00f4sobnosti \u017dilinsk\u00e9ho samospr\u00e1vneho kraja, aktu\u00e1lne s\u00a0v\u00fdnimkou hradu Stre\u010dno) a\u00a0po n\u00e1v\u0161teve jednotliv\u00fdch expoz\u00edci\u00ed bud\u00fa zaraden\u00ed do \u017erebovania o\u00a0realiz\u00e1ciu svadobnej hostiny v\u00a0Sob\u00e1\u0161nom pal\u00e1ci v\u00a0Byt\u010di v\u00a0roku 2016. Za n\u00e1v\u0161tevu expoz\u00edci\u00ed sa pova\u017euje n\u00e1v\u0161teva v\u0161etk\u00fdch expoz\u00edci\u00ed v\u00a0spr\u00e1ve Pova\u017esk\u00e9ho m\u00fazea v\u00a0\u017diline (Hrad Stre\u010dno, Objekty \u013eudovej architekt\u00fary v\u00a0\u010ci\u010dmanoch, Expoz\u00edcia J\u00e1no\u0161\u00edk a\u00a0Terchov\u00e1 v\u00a0Terchovej, Budat\u00ednsky hrad, Sob\u00e1\u0161ny pal\u00e1c v\u00a0Byt\u010di) a\u00a0n\u00e1v\u0161teva aspo\u0148 jednej expoz\u00edcie v\u00a0ka\u017edom \u010fal\u0161om m\u00fazeu v\u00a0zria\u010fovate\u013eskej p\u00f4sobnosti \u017dilinsk\u00e9ho samospr\u00e1vneho kraja (Oravsk\u00e9 m\u00fazeum P.O.H. v\u00a0Dolnom Kub\u00edne, Liptovsk\u00e9 m\u00fazeum v\u00a0Ru\u017eomberku, Kysuck\u00e9 m\u00fazeum v\u00a0\u010cadci). <strong>S\u00fa\u0165a\u017eiaci za\u0161l\u00fa spr\u00e1vne osignovan\u00fa mapu pe\u010diatkami<\/strong> nav\u0161t\u00edven\u00fdch expoz\u00edci\u00ed po\u0161tou alebo ju osobne prines\u00fa do s\u00eddla Pova\u017esk\u00e9ho m\u00fazea v\u00a0\u017diline &#8211; Budat\u00edne.<\/p>\n<p>Pozor \u2013 od roku 2014 je v\u00a0platnosti aj podmienka, aby <strong>aspo\u0148 jeden zo sn\u00fabeneckej dvojice<\/strong> mal <strong>trval\u00fd pobyt<\/strong> na \u00fazem\u00ed \u017dilinsk\u00e9ho samospr\u00e1vneho kraja.<\/p>\n<p>Uz\u00e1vierka aktu\u00e1lneho ro\u010dn\u00edka s\u00fa\u0165a\u017ee je <strong>31. janu\u00e1ra 2016<\/strong>, dovtedy m\u00f4\u017eu zamilovan\u00e9 p\u00e1ry prihlasova\u0165 spr\u00e1vne osignovan\u00e9 mapy. Expoz\u00edcia na hrade Stre\u010dno je v\u00a0mesiaci november otvoren\u00e1 u\u017e iba po\u010das v\u00edkendov v\u00a0\u010dase od 9.00 do 16.00 hod. (posledn\u00fd vstup o\u00a015.00 hod.). Hrad Stre\u010dno bude v\u00a0mesiacoch december a\u017e marec zatvoren\u00fd.<\/p>\n<p>Vyhodnotenie s\u00fa\u0165a\u017ee sa uskuto\u010dn\u00ed <strong>12. febru\u00e1ra 2016<\/strong> na Svadobnom ve\u013etrhu v\u00a0Bratislave sp\u00f4sobom \u017erebovania m\u00e1p, ktor\u00e9 splnili krit\u00e9ri\u00e1 s\u00fa\u0165a\u017ee, a\u00a0to vy\u017erebovan\u00edm dvoch sn\u00fabeneck\u00fdch p\u00e1rov.<\/p>\n<p>V\u00ed\u0165azn\u00e9 dva sn\u00fabeneck\u00e9 p\u00e1ry \u010dak\u00e1 atrakt\u00edvna odmena \u2013 realiz\u00e1cia svadobnej hostiny v\u00a0Sob\u00e1\u0161nom pal\u00e1ci v\u00a0Byt\u010di bezplatne, uv\u00edtac\u00ed ceremoni\u00e1l v\u00a0pal\u00e1ci a\u00a0\u010fal\u0161ie exkluz\u00edvne svadobn\u00e9 prekvapenia.<\/p>\n<p>V\u010faka \u00fa\u010dasti v\u00a0s\u00fa\u0165a\u017ei mali v\u00a0roku 2015 svadobn\u00e9 hostiny v\u00a0Sob\u00e1\u0161nom pal\u00e1ci v\u00a0Byt\u010di u\u017e oba vy\u017erebovan\u00e9 p\u00e1ry \u2013 Anna Tich\u00e1 a\u00a0Daniel Reimann a\u00a0Veronika Mosorov\u00e1 a\u00a0Mari\u00e1n Mi\u010d\u00edk. Prv\u00fd spom\u00ednan\u00fd p\u00e1r priv\u00edtal v\u00a0priestoroch Sob\u00e1\u0161neho pal\u00e1ca v\u00a0Byt\u010di predseda \u017dSK Juraj Blan\u00e1r a\u00a0druh\u00fd p\u00e1r novoman\u017eelov v\u00edtal podpredseda \u017dSK Jozef \u0160trba.<\/p>\n","protected":false},"excerpt":{"rendered":"<p>Pova\u017esk\u00e9 m\u00fazeum v\u00a0\u017diline v\u00a0zria\u010fovate\u013eskej p\u00f4sobnosti \u017dilinsk\u00e9ho samospr\u00e1vneho kraja vyhl\u00e1silo 13. febru\u00e1ra 2015 \u0161iesty ro\u010dn\u00edk s\u00fa\u0165a\u017ee pre v\u0161etk\u00fdch z\u00e1ujemcov o\u00a0uskuto\u010dnenie svadobnej hostiny v\u00a0roku 2016 v\u00a0priestoroch Sob\u00e1\u0161neho pal\u00e1ca v\u00a0Byt\u010di s\u00a0n\u00e1zvom Svadobn\u00fd dar palat\u00edna Turzu. Ke\u010f\u017ee nie je mo\u017en\u00e9 uspokoji\u0165 z\u00e1ujem v\u0161etk\u00fdch sn\u00fabeneck\u00fdch p\u00e1rov, je vyhl\u00e1sen\u00e1 s\u00fa\u0165a\u017e s\u00a0viacer\u00fdmi bonusmi pre v\u00ed\u0165azov. Z\u00e1kladnou podmienkou s\u00fa\u0165a\u017ee je \u00fa\u010das\u0165 oboch sn\u00fabencov [&hellip;]<\/p>\n","protected":false},"author":2,"featured_media":13980,"comment_status":"closed","ping_status":"closed","sticky":false,"template":"","format":"standard","meta":{"site-sidebar-layout":"default","site-content-layout":"","ast-site-content-layout":"","site-content-style":"default","site-sidebar-style":"default","ast-global-header-display":"","ast-banner-title-visibility":"","ast-main-header-display":"","ast-hfb-above-header-display":"","ast-hfb-below-header-display":"","ast-hfb-mobile-header-display":"","site-post-title":"","ast-breadcrumbs-content":"","ast-featured-img":"","footer-sml-layout":"","theme-transparent-header-meta":"","adv-header-id-meta":"","stick-header-meta":"","header-above-stick-meta":"","header-main-stick-meta":"","header-below-stick-meta":"","astra-migrate-meta-layouts":"default","ast-page-background-enabled":"default","ast-page-background-meta":{"desktop":{"background-color":"var(--ast-global-color-4)","background-image":"","background-repeat":"repeat","background-position":"center center","background-size":"auto","background-attachment":"scroll","background-type":"","background-media":"","overlay-type":"","overlay-color":"","overlay-opacity":"","overlay-gradient":""},"tablet":{"background-color":"","background-image":"","background-repeat":"repeat","background-position":"center center","background-size":"auto","background-attachment":"scroll","background-type":"","background-media":"","overlay-type":"","overlay-color":"","overlay-opacity":"","overlay-gradient":""},"mobile":{"background-color":"","background-image":"","background-repeat":"repeat","background-position":"center center","background-size":"auto","background-attachment":"scroll","background-type":"","background-media":"","overlay-type":"","overlay-color":"","overlay-opacity":"","overlay-gradient":""}},"ast-content-background-meta":{"desktop":{"background-color":"var(--ast-global-color-5)","background-image":"","background-repeat":"repeat","background-position":"center center","background-size":"auto","background-attachment":"scroll","background-type":"","background-media":"","overlay-type":"","overlay-color":"","overlay-opacity":"","overlay-gradient":""},"tablet":{"background-color":"var(--ast-global-color-5)","background-image":"","background-repeat":"repeat","background-position":"center center","background-size":"auto","background-attachment":"scroll","background-type":"","background-media":"","overlay-type":"","overlay-color":"","overlay-opacity":"","overlay-gradient":""},"mobile":{"background-color":"var(--ast-global-color-5)","background-image":"","background-repeat":"repeat","background-position":"center center","background-size":"auto","background-attachment":"scroll","background-type":"","background-media":"","overlay-type":"","overlay-color":"","overlay-opacity":"","overlay-gradient":""}},"footnotes":""},"categories":[38],"tags":[],"class_list":["post-13978","post","type-post","status-publish","format-standard","has-post-thumbnail","hentry","category-archiv-2015"],"yoast_head":"<!-- This site is optimized with the Yoast SEO plugin v27.4 - https:\/\/yoast.com\/product\/yoast-seo-wordpress\/ -->\n<title>Svadobn\u00fd dar palat\u00edna Turza - Pova\u017esk\u00e9 m\u00fazeum<\/title>\n<meta name=\"robots\" content=\"index, follow, max-snippet:-1, max-image-preview:large, max-video-preview:-1\" \/>\n<link rel=\"canonical\" href=\"https:\/\/pmza.sk\/?p=13978\" \/>\n<meta property=\"og:locale\" content=\"sk_SK\" \/>\n<meta property=\"og:type\" content=\"article\" \/>\n<meta property=\"og:title\" content=\"Svadobn\u00fd dar palat\u00edna Turza - Pova\u017esk\u00e9 m\u00fazeum\" \/>\n<meta property=\"og:description\" content=\"Pova\u017esk\u00e9 m\u00fazeum v\u00a0\u017diline v\u00a0zria\u010fovate\u013eskej p\u00f4sobnosti \u017dilinsk\u00e9ho samospr\u00e1vneho kraja vyhl\u00e1silo 13. febru\u00e1ra 2015 \u0161iesty ro\u010dn\u00edk s\u00fa\u0165a\u017ee pre v\u0161etk\u00fdch z\u00e1ujemcov o\u00a0uskuto\u010dnenie svadobnej hostiny v\u00a0roku 2016 v\u00a0priestoroch Sob\u00e1\u0161neho pal\u00e1ca v\u00a0Byt\u010di s\u00a0n\u00e1zvom Svadobn\u00fd dar palat\u00edna Turzu. Ke\u010f\u017ee nie je mo\u017en\u00e9 uspokoji\u0165 z\u00e1ujem v\u0161etk\u00fdch sn\u00fabeneck\u00fdch p\u00e1rov, je vyhl\u00e1sen\u00e1 s\u00fa\u0165a\u017e s\u00a0viacer\u00fdmi bonusmi pre v\u00ed\u0165azov. Z\u00e1kladnou podmienkou s\u00fa\u0165a\u017ee je \u00fa\u010das\u0165 oboch sn\u00fabencov [&hellip;]\" \/>\n<meta property=\"og:url\" content=\"https:\/\/pmza.sk\/?p=13978\" \/>\n<meta property=\"og:site_name\" content=\"Pova\u017esk\u00e9 m\u00fazeum\" \/>\n<meta property=\"article:publisher\" content=\"https:\/\/www.facebook.com\/povazskemuzeum\" \/>\n<meta property=\"article:published_time\" content=\"2015-12-07T12:07:48+00:00\" \/>\n<meta property=\"og:image\" content=\"https:\/\/pmza.sk\/wp-content\/uploads\/2015\/11\/IMG_7229-scaled-1.jpg\" \/>\n\t<meta property=\"og:image:width\" content=\"2560\" \/>\n\t<meta property=\"og:image:height\" content=\"1707\" \/>\n\t<meta property=\"og:image:type\" content=\"image\/jpeg\" \/>\n<meta name=\"author\" content=\"Pova\u017esk\u00e9 m\u00fazeum\" \/>\n<meta name=\"twitter:card\" content=\"summary_large_image\" \/>\n<meta name=\"twitter:label1\" content=\"Autor\" \/>\n\t<meta name=\"twitter:data1\" content=\"Pova\u017esk\u00e9 m\u00fazeum\" \/>\n\t<meta name=\"twitter:label2\" content=\"Predpokladan\u00fd \u010das \u010d\u00edtania\" \/>\n\t<meta name=\"twitter:data2\" content=\"3 min\u00faty\" \/>\n<script type=\"application\/ld+json\" class=\"yoast-schema-graph\">{\"@context\":\"https:\\\/\\\/schema.org\",\"@graph\":[{\"@type\":\"Article\",\"@id\":\"https:\\\/\\\/pmza.sk\\\/?p=13978#article\",\"isPartOf\":{\"@id\":\"https:\\\/\\\/pmza.sk\\\/?p=13978\"},\"author\":{\"name\":\"Pova\u017esk\u00e9 m\u00fazeum\",\"@id\":\"https:\\\/\\\/pmza.sk\\\/#\\\/schema\\\/person\\\/595e6a2ce731ea94dcd5d7f50a41ae33\"},\"headline\":\"Svadobn\u00fd dar palat\u00edna Turza\",\"datePublished\":\"2015-12-07T12:07:48+00:00\",\"mainEntityOfPage\":{\"@id\":\"https:\\\/\\\/pmza.sk\\\/?p=13978\"},\"wordCount\":549,\"publisher\":{\"@id\":\"https:\\\/\\\/pmza.sk\\\/#organization\"},\"image\":{\"@id\":\"https:\\\/\\\/pmza.sk\\\/?p=13978#primaryimage\"},\"thumbnailUrl\":\"https:\\\/\\\/pmza.sk\\\/wp-content\\\/uploads\\\/2015\\\/11\\\/IMG_7229-scaled-1.jpg\",\"articleSection\":[\"Arch\u00edv 2015\"],\"inLanguage\":\"sk-SK\"},{\"@type\":\"WebPage\",\"@id\":\"https:\\\/\\\/pmza.sk\\\/?p=13978\",\"url\":\"https:\\\/\\\/pmza.sk\\\/?p=13978\",\"name\":\"Svadobn\u00fd dar palat\u00edna Turza - Pova\u017esk\u00e9 m\u00fazeum\",\"isPartOf\":{\"@id\":\"https:\\\/\\\/pmza.sk\\\/#website\"},\"primaryImageOfPage\":{\"@id\":\"https:\\\/\\\/pmza.sk\\\/?p=13978#primaryimage\"},\"image\":{\"@id\":\"https:\\\/\\\/pmza.sk\\\/?p=13978#primaryimage\"},\"thumbnailUrl\":\"https:\\\/\\\/pmza.sk\\\/wp-content\\\/uploads\\\/2015\\\/11\\\/IMG_7229-scaled-1.jpg\",\"datePublished\":\"2015-12-07T12:07:48+00:00\",\"breadcrumb\":{\"@id\":\"https:\\\/\\\/pmza.sk\\\/?p=13978#breadcrumb\"},\"inLanguage\":\"sk-SK\",\"potentialAction\":[{\"@type\":\"ReadAction\",\"target\":[\"https:\\\/\\\/pmza.sk\\\/?p=13978\"]}]},{\"@type\":\"ImageObject\",\"inLanguage\":\"sk-SK\",\"@id\":\"https:\\\/\\\/pmza.sk\\\/?p=13978#primaryimage\",\"url\":\"https:\\\/\\\/pmza.sk\\\/wp-content\\\/uploads\\\/2015\\\/11\\\/IMG_7229-scaled-1.jpg\",\"contentUrl\":\"https:\\\/\\\/pmza.sk\\\/wp-content\\\/uploads\\\/2015\\\/11\\\/IMG_7229-scaled-1.jpg\",\"width\":2560,\"height\":1707},{\"@type\":\"BreadcrumbList\",\"@id\":\"https:\\\/\\\/pmza.sk\\\/?p=13978#breadcrumb\",\"itemListElement\":[{\"@type\":\"ListItem\",\"position\":1,\"name\":\"Domovsk\u00e1 str\u00e1nka\",\"item\":\"https:\\\/\\\/pmza.sk\\\/\"},{\"@type\":\"ListItem\",\"position\":2,\"name\":\"Svadobn\u00fd dar palat\u00edna Turza\"}]},{\"@type\":\"WebSite\",\"@id\":\"https:\\\/\\\/pmza.sk\\\/#website\",\"url\":\"https:\\\/\\\/pmza.sk\\\/\",\"name\":\"Pova\u017esk\u00e9 m\u00fazeum\",\"description\":\"Pova\u017esk\u00e9 m\u00fazeum v \u017diline je region\u00e1lne m\u00fazeum so s\u00eddlom v Budat\u00edne. Jeho expoz\u00edcie s\u00fa zameran\u00e9 na dejiny slovensk\u00e9ho umenia, kult\u00fary a dopravy.\",\"publisher\":{\"@id\":\"https:\\\/\\\/pmza.sk\\\/#organization\"},\"potentialAction\":[{\"@type\":\"SearchAction\",\"target\":{\"@type\":\"EntryPoint\",\"urlTemplate\":\"https:\\\/\\\/pmza.sk\\\/?s={search_term_string}\"},\"query-input\":{\"@type\":\"PropertyValueSpecification\",\"valueRequired\":true,\"valueName\":\"search_term_string\"}}],\"inLanguage\":\"sk-SK\"},{\"@type\":\"Organization\",\"@id\":\"https:\\\/\\\/pmza.sk\\\/#organization\",\"name\":\"Pova\u017esk\u00e9 m\u00fazeum\",\"url\":\"https:\\\/\\\/pmza.sk\\\/\",\"logo\":{\"@type\":\"ImageObject\",\"inLanguage\":\"sk-SK\",\"@id\":\"https:\\\/\\\/pmza.sk\\\/#\\\/schema\\\/logo\\\/image\\\/\",\"url\":\"https:\\\/\\\/pmza.sk\\\/wp-content\\\/uploads\\\/2022\\\/01\\\/logo_PM_horizontal.jpg\",\"contentUrl\":\"https:\\\/\\\/pmza.sk\\\/wp-content\\\/uploads\\\/2022\\\/01\\\/logo_PM_horizontal.jpg\",\"width\":231,\"height\":142,\"caption\":\"Pova\u017esk\u00e9 m\u00fazeum\"},\"image\":{\"@id\":\"https:\\\/\\\/pmza.sk\\\/#\\\/schema\\\/logo\\\/image\\\/\"},\"sameAs\":[\"https:\\\/\\\/www.facebook.com\\\/povazskemuzeum\",\"https:\\\/\\\/www.instagram.com\\\/povazskemuzeum\\\/\"]},{\"@type\":\"Person\",\"@id\":\"https:\\\/\\\/pmza.sk\\\/#\\\/schema\\\/person\\\/595e6a2ce731ea94dcd5d7f50a41ae33\",\"name\":\"Pova\u017esk\u00e9 m\u00fazeum\",\"image\":{\"@type\":\"ImageObject\",\"inLanguage\":\"sk-SK\",\"@id\":\"https:\\\/\\\/secure.gravatar.com\\\/avatar\\\/2bb7f1561282132fb5826dfeccc66c7996d11ee392ac6aaf7ced8a1c2027fbb2?s=96&d=mm&r=g\",\"url\":\"https:\\\/\\\/secure.gravatar.com\\\/avatar\\\/2bb7f1561282132fb5826dfeccc66c7996d11ee392ac6aaf7ced8a1c2027fbb2?s=96&d=mm&r=g\",\"contentUrl\":\"https:\\\/\\\/secure.gravatar.com\\\/avatar\\\/2bb7f1561282132fb5826dfeccc66c7996d11ee392ac6aaf7ced8a1c2027fbb2?s=96&d=mm&r=g\",\"caption\":\"Pova\u017esk\u00e9 m\u00fazeum\"}}]}<\/script>\n<!-- \/ Yoast SEO plugin. -->","yoast_head_json":{"title":"Svadobn\u00fd dar palat\u00edna Turza - Pova\u017esk\u00e9 m\u00fazeum","robots":{"index":"index","follow":"follow","max-snippet":"max-snippet:-1","max-image-preview":"max-image-preview:large","max-video-preview":"max-video-preview:-1"},"canonical":"https:\/\/pmza.sk\/?p=13978","og_locale":"sk_SK","og_type":"article","og_title":"Svadobn\u00fd dar palat\u00edna Turza - Pova\u017esk\u00e9 m\u00fazeum","og_description":"Pova\u017esk\u00e9 m\u00fazeum v\u00a0\u017diline v\u00a0zria\u010fovate\u013eskej p\u00f4sobnosti \u017dilinsk\u00e9ho samospr\u00e1vneho kraja vyhl\u00e1silo 13. febru\u00e1ra 2015 \u0161iesty ro\u010dn\u00edk s\u00fa\u0165a\u017ee pre v\u0161etk\u00fdch z\u00e1ujemcov o\u00a0uskuto\u010dnenie svadobnej hostiny v\u00a0roku 2016 v\u00a0priestoroch Sob\u00e1\u0161neho pal\u00e1ca v\u00a0Byt\u010di s\u00a0n\u00e1zvom Svadobn\u00fd dar palat\u00edna Turzu. Ke\u010f\u017ee nie je mo\u017en\u00e9 uspokoji\u0165 z\u00e1ujem v\u0161etk\u00fdch sn\u00fabeneck\u00fdch p\u00e1rov, je vyhl\u00e1sen\u00e1 s\u00fa\u0165a\u017e s\u00a0viacer\u00fdmi bonusmi pre v\u00ed\u0165azov. Z\u00e1kladnou podmienkou s\u00fa\u0165a\u017ee je \u00fa\u010das\u0165 oboch sn\u00fabencov [&hellip;]","og_url":"https:\/\/pmza.sk\/?p=13978","og_site_name":"Pova\u017esk\u00e9 m\u00fazeum","article_publisher":"https:\/\/www.facebook.com\/povazskemuzeum","article_published_time":"2015-12-07T12:07:48+00:00","og_image":[{"width":2560,"height":1707,"url":"https:\/\/pmza.sk\/wp-content\/uploads\/2015\/11\/IMG_7229-scaled-1.jpg","type":"image\/jpeg"}],"author":"Pova\u017esk\u00e9 m\u00fazeum","twitter_card":"summary_large_image","twitter_misc":{"Autor":"Pova\u017esk\u00e9 m\u00fazeum","Predpokladan\u00fd \u010das \u010d\u00edtania":"3 min\u00faty"},"schema":{"@context":"https:\/\/schema.org","@graph":[{"@type":"Article","@id":"https:\/\/pmza.sk\/?p=13978#article","isPartOf":{"@id":"https:\/\/pmza.sk\/?p=13978"},"author":{"name":"Pova\u017esk\u00e9 m\u00fazeum","@id":"https:\/\/pmza.sk\/#\/schema\/person\/595e6a2ce731ea94dcd5d7f50a41ae33"},"headline":"Svadobn\u00fd dar palat\u00edna Turza","datePublished":"2015-12-07T12:07:48+00:00","mainEntityOfPage":{"@id":"https:\/\/pmza.sk\/?p=13978"},"wordCount":549,"publisher":{"@id":"https:\/\/pmza.sk\/#organization"},"image":{"@id":"https:\/\/pmza.sk\/?p=13978#primaryimage"},"thumbnailUrl":"https:\/\/pmza.sk\/wp-content\/uploads\/2015\/11\/IMG_7229-scaled-1.jpg","articleSection":["Arch\u00edv 2015"],"inLanguage":"sk-SK"},{"@type":"WebPage","@id":"https:\/\/pmza.sk\/?p=13978","url":"https:\/\/pmza.sk\/?p=13978","name":"Svadobn\u00fd dar palat\u00edna Turza - Pova\u017esk\u00e9 m\u00fazeum","isPartOf":{"@id":"https:\/\/pmza.sk\/#website"},"primaryImageOfPage":{"@id":"https:\/\/pmza.sk\/?p=13978#primaryimage"},"image":{"@id":"https:\/\/pmza.sk\/?p=13978#primaryimage"},"thumbnailUrl":"https:\/\/pmza.sk\/wp-content\/uploads\/2015\/11\/IMG_7229-scaled-1.jpg","datePublished":"2015-12-07T12:07:48+00:00","breadcrumb":{"@id":"https:\/\/pmza.sk\/?p=13978#breadcrumb"},"inLanguage":"sk-SK","potentialAction":[{"@type":"ReadAction","target":["https:\/\/pmza.sk\/?p=13978"]}]},{"@type":"ImageObject","inLanguage":"sk-SK","@id":"https:\/\/pmza.sk\/?p=13978#primaryimage","url":"https:\/\/pmza.sk\/wp-content\/uploads\/2015\/11\/IMG_7229-scaled-1.jpg","contentUrl":"https:\/\/pmza.sk\/wp-content\/uploads\/2015\/11\/IMG_7229-scaled-1.jpg","width":2560,"height":1707},{"@type":"BreadcrumbList","@id":"https:\/\/pmza.sk\/?p=13978#breadcrumb","itemListElement":[{"@type":"ListItem","position":1,"name":"Domovsk\u00e1 str\u00e1nka","item":"https:\/\/pmza.sk\/"},{"@type":"ListItem","position":2,"name":"Svadobn\u00fd dar palat\u00edna Turza"}]},{"@type":"WebSite","@id":"https:\/\/pmza.sk\/#website","url":"https:\/\/pmza.sk\/","name":"Pova\u017esk\u00e9 m\u00fazeum","description":"Pova\u017esk\u00e9 m\u00fazeum v \u017diline je region\u00e1lne m\u00fazeum so s\u00eddlom v Budat\u00edne. Jeho expoz\u00edcie s\u00fa zameran\u00e9 na dejiny slovensk\u00e9ho umenia, kult\u00fary a dopravy.","publisher":{"@id":"https:\/\/pmza.sk\/#organization"},"potentialAction":[{"@type":"SearchAction","target":{"@type":"EntryPoint","urlTemplate":"https:\/\/pmza.sk\/?s={search_term_string}"},"query-input":{"@type":"PropertyValueSpecification","valueRequired":true,"valueName":"search_term_string"}}],"inLanguage":"sk-SK"},{"@type":"Organization","@id":"https:\/\/pmza.sk\/#organization","name":"Pova\u017esk\u00e9 m\u00fazeum","url":"https:\/\/pmza.sk\/","logo":{"@type":"ImageObject","inLanguage":"sk-SK","@id":"https:\/\/pmza.sk\/#\/schema\/logo\/image\/","url":"https:\/\/pmza.sk\/wp-content\/uploads\/2022\/01\/logo_PM_horizontal.jpg","contentUrl":"https:\/\/pmza.sk\/wp-content\/uploads\/2022\/01\/logo_PM_horizontal.jpg","width":231,"height":142,"caption":"Pova\u017esk\u00e9 m\u00fazeum"},"image":{"@id":"https:\/\/pmza.sk\/#\/schema\/logo\/image\/"},"sameAs":["https:\/\/www.facebook.com\/povazskemuzeum","https:\/\/www.instagram.com\/povazskemuzeum\/"]},{"@type":"Person","@id":"https:\/\/pmza.sk\/#\/schema\/person\/595e6a2ce731ea94dcd5d7f50a41ae33","name":"Pova\u017esk\u00e9 m\u00fazeum","image":{"@type":"ImageObject","inLanguage":"sk-SK","@id":"https:\/\/secure.gravatar.com\/avatar\/2bb7f1561282132fb5826dfeccc66c7996d11ee392ac6aaf7ced8a1c2027fbb2?s=96&d=mm&r=g","url":"https:\/\/secure.gravatar.com\/avatar\/2bb7f1561282132fb5826dfeccc66c7996d11ee392ac6aaf7ced8a1c2027fbb2?s=96&d=mm&r=g","contentUrl":"https:\/\/secure.gravatar.com\/avatar\/2bb7f1561282132fb5826dfeccc66c7996d11ee392ac6aaf7ced8a1c2027fbb2?s=96&d=mm&r=g","caption":"Pova\u017esk\u00e9 m\u00fazeum"}}]}},"_links":{"self":[{"href":"https:\/\/pmza.sk\/index.php?rest_route=\/wp\/v2\/posts\/13978","targetHints":{"allow":["GET"]}}],"collection":[{"href":"https:\/\/pmza.sk\/index.php?rest_route=\/wp\/v2\/posts"}],"about":[{"href":"https:\/\/pmza.sk\/index.php?rest_route=\/wp\/v2\/types\/post"}],"author":[{"embeddable":true,"href":"https:\/\/pmza.sk\/index.php?rest_route=\/wp\/v2\/users\/2"}],"replies":[{"embeddable":true,"href":"https:\/\/pmza.sk\/index.php?rest_route=%2Fwp%2Fv2%2Fcomments&post=13978"}],"version-history":[{"count":0,"href":"https:\/\/pmza.sk\/index.php?rest_route=\/wp\/v2\/posts\/13978\/revisions"}],"wp:featuredmedia":[{"embeddable":true,"href":"https:\/\/pmza.sk\/index.php?rest_route=\/wp\/v2\/media\/13980"}],"wp:attachment":[{"href":"https:\/\/pmza.sk\/index.php?rest_route=%2Fwp%2Fv2%2Fmedia&parent=13978"}],"wp:term":[{"taxonomy":"category","embeddable":true,"href":"https:\/\/pmza.sk\/index.php?rest_route=%2Fwp%2Fv2%2Fcategories&post=13978"},{"taxonomy":"post_tag","embeddable":true,"href":"https:\/\/pmza.sk\/index.php?rest_route=%2Fwp%2Fv2%2Ftags&post=13978"}],"curies":[{"name":"wp","href":"https:\/\/api.w.org\/{rel}","templated":true}]}}