{"id":14105,"date":"2015-11-30T14:03:08","date_gmt":"2015-11-30T13:03:08","guid":{"rendered":"https:\/\/pmza.sk.sk\/?p=14105"},"modified":"2015-11-30T14:03:08","modified_gmt":"2015-11-30T13:03:08","slug":"mikulas-v-muzeu-dopravy-2","status":"publish","type":"post","link":"https:\/\/pmza.sk\/?p=14105","title":{"rendered":"Mikul\u00e1\u0161 pri\u0161iel aj do M\u00fazea dopravy"},"content":{"rendered":"<p>Pova\u017esk\u00e9 m\u00fazeum v\u00a0spolupr\u00e1ci so Spolo\u010dnos\u0165ou Pova\u017eskej dr\u00e1hy v\u00a0\u017diline pripravilo pre deti (a\u00a0ich rodi\u010dov) jazdu historick\u00fdm motorov\u00fdm vl\u00e1\u010dikom Hurv\u00ednek na sobotu, <br \/> <strong>5. decembra<\/strong> <strong>2015, <\/strong>pri pr\u00edle\u017eitosti sviatku sv. Mikul\u00e1\u0161a.<\/p>\n<p>Zo \u017eelezni\u010dnej stanice \u017dilina bude o\u00a013.30 hod. vypraven\u00e1 jedna vlakov\u00e1 s\u00faprava s\u00a0predpokladan\u00fdm pr\u00edchodom do Rajeck\u00fdch Tepl\u00edc o\u00a014.05 hod. Odchod Hurv\u00ednka zo \u017eelezni\u010dnej zast\u00e1vky Rajeck\u00e9 Teplice je napl\u00e1novan\u00fd na 15.40, pr\u00edchod do \u017diliny na hlavn\u00fa stanicu bude asi o\u00a016.10 hod.<\/p>\n<p><em>\u201eOkrem jazdy historick\u00fdm vl\u00e1\u010dikom pon\u00fakneme cestuj\u00facim n\u00e1v\u0161tevu st\u00e1lej expoz\u00edcie v\u00a0m\u00fazeu dopravy, uk\u00e1\u017eeme im funk\u010dn\u00e9 pr\u00edstroje, modelov\u00fa \u017eeleznicu a\u00a0predstav\u00edme detsk\u00fd k\u00fatik\u201e<\/em> povedal historik Peter \u0160imko z\u00a0Pova\u017esk\u00e9ho m\u00fazea v\u00a0\u017diline<em>.<\/em><\/p>\n<p>Do m\u00fazea dopravy sa s\u00a0de\u0165mi historick\u00fdm motorov\u00fdm vl\u00e1\u010dikom povezie aj <strong>Mikul\u00e1\u0161, \u010dert a\u00a0anjel<\/strong>.\u00a0<strong>Vstupn\u00e9 za jazdu vlakom sa bude uhr\u00e1dza\u0165 priamo vo vlaku<\/strong> \u2013 vstupenka m\u00e1 jednotn\u00fa cenu 3 \u20ac na osobu od 6 rokov. Vstupn\u00e9 zah\u0155\u0148a obojsmern\u00fa jazdu motorov\u00fdm osobn\u00fdm vlakom Hurv\u00ednek v\u00a0smere \u017dilina \u2013 Rajeck\u00e9 Teplice a\u00a0sp\u00e4\u0165, vstup do m\u00fazea dopravy a\u00a0mikul\u00e1\u0161ske prekvapenie pre deti. Kapacita Hurv\u00ednka je obmedzen\u00e1 na pribli\u017ene 100 os\u00f4b. Vstupenky je mo\u017en\u00e9 rezervova\u0165 priamo cez e-shop na webovej str\u00e1nke Pova\u017esk\u00e9ho m\u00fazea \u2013 <a href=\"https:\/\/pmza.sk.sk\/produkt\/rezervacia-mikulas-v-muzeu-dopravy\/\">https:\/\/pmza.sk.sk\/produkt\/rezervacia-mikulas-v-muzeu-dopravy\/<\/a> alebo na \u010d\u00edsle 0918 737\u00a0653. Rezerv\u00e1ciu je mo\u017en\u00e9 stornova\u0165 do 4. decembra, 8.00 hod. Pri on-line rezerv\u00e1cii je n\u00e1v\u0161tevn\u00edk povinn\u00fd si vytla\u010di\u0165 objedn\u00e1vkov\u00fd formul\u00e1r, ktor\u00fd mu bude vygenerovan\u00fd v\u00a0mailovej schr\u00e1nke, ktorej adresu zadal. Objedn\u00e1vkov\u00fdm formul\u00e1rom sa preuk\u00e1\u017ee pri n\u00e1stupe do vlaku, kde na z\u00e1klade toho bude m\u00f4c\u0165 uhradi\u0165 pr\u00edslu\u0161n\u00e9 vstupn\u00e9 na podujatie.<\/p>\n<p><span style=\"color: #ff0000;\">V\u0160ETKY REZERV\u00c1CIE S\u00da OBSADEN\u00c9.<\/span><\/p>\n","protected":false},"excerpt":{"rendered":"<p>Pova\u017esk\u00e9 m\u00fazeum v\u00a0spolupr\u00e1ci so Spolo\u010dnos\u0165ou Pova\u017eskej dr\u00e1hy v\u00a0\u017diline pripravilo pre deti (a\u00a0ich rodi\u010dov) jazdu historick\u00fdm motorov\u00fdm vl\u00e1\u010dikom Hurv\u00ednek na sobotu, 5. decembra 2015, pri pr\u00edle\u017eitosti sviatku sv. Mikul\u00e1\u0161a. Zo \u017eelezni\u010dnej stanice \u017dilina bude o\u00a013.30 hod. vypraven\u00e1 jedna vlakov\u00e1 s\u00faprava s\u00a0predpokladan\u00fdm pr\u00edchodom do Rajeck\u00fdch Tepl\u00edc o\u00a014.05 hod. Odchod Hurv\u00ednka zo \u017eelezni\u010dnej zast\u00e1vky Rajeck\u00e9 Teplice je napl\u00e1novan\u00fd [&hellip;]<\/p>\n","protected":false},"author":2,"featured_media":14091,"comment_status":"closed","ping_status":"closed","sticky":false,"template":"","format":"standard","meta":{"site-sidebar-layout":"default","site-content-layout":"","ast-site-content-layout":"","site-content-style":"default","site-sidebar-style":"default","ast-global-header-display":"","ast-banner-title-visibility":"","ast-main-header-display":"","ast-hfb-above-header-display":"","ast-hfb-below-header-display":"","ast-hfb-mobile-header-display":"","site-post-title":"","ast-breadcrumbs-content":"","ast-featured-img":"","footer-sml-layout":"","theme-transparent-header-meta":"","adv-header-id-meta":"","stick-header-meta":"","header-above-stick-meta":"","header-main-stick-meta":"","header-below-stick-meta":"","astra-migrate-meta-layouts":"default","ast-page-background-enabled":"default","ast-page-background-meta":{"desktop":{"background-color":"var(--ast-global-color-4)","background-image":"","background-repeat":"repeat","background-position":"center center","background-size":"auto","background-attachment":"scroll","background-type":"","background-media":"","overlay-type":"","overlay-color":"","overlay-opacity":"","overlay-gradient":""},"tablet":{"background-color":"","background-image":"","background-repeat":"repeat","background-position":"center center","background-size":"auto","background-attachment":"scroll","background-type":"","background-media":"","overlay-type":"","overlay-color":"","overlay-opacity":"","overlay-gradient":""},"mobile":{"background-color":"","background-image":"","background-repeat":"repeat","background-position":"center center","background-size":"auto","background-attachment":"scroll","background-type":"","background-media":"","overlay-type":"","overlay-color":"","overlay-opacity":"","overlay-gradient":""}},"ast-content-background-meta":{"desktop":{"background-color":"var(--ast-global-color-5)","background-image":"","background-repeat":"repeat","background-position":"center center","background-size":"auto","background-attachment":"scroll","background-type":"","background-media":"","overlay-type":"","overlay-color":"","overlay-opacity":"","overlay-gradient":""},"tablet":{"background-color":"var(--ast-global-color-5)","background-image":"","background-repeat":"repeat","background-position":"center center","background-size":"auto","background-attachment":"scroll","background-type":"","background-media":"","overlay-type":"","overlay-color":"","overlay-opacity":"","overlay-gradient":""},"mobile":{"background-color":"var(--ast-global-color-5)","background-image":"","background-repeat":"repeat","background-position":"center center","background-size":"auto","background-attachment":"scroll","background-type":"","background-media":"","overlay-type":"","overlay-color":"","overlay-opacity":"","overlay-gradient":""}},"footnotes":""},"categories":[32,38],"tags":[],"class_list":["post-14105","post","type-post","status-publish","format-standard","has-post-thumbnail","hentry","category-archiv-2012","category-archiv-2015"],"yoast_head":"<!-- This site is optimized with the Yoast SEO plugin v27.4 - https:\/\/yoast.com\/product\/yoast-seo-wordpress\/ -->\n<title>Mikul\u00e1\u0161 pri\u0161iel aj do M\u00fazea dopravy - Pova\u017esk\u00e9 m\u00fazeum<\/title>\n<meta name=\"robots\" content=\"index, follow, max-snippet:-1, max-image-preview:large, max-video-preview:-1\" \/>\n<link rel=\"canonical\" href=\"https:\/\/pmza.sk\/?p=14105\" \/>\n<meta property=\"og:locale\" content=\"sk_SK\" \/>\n<meta property=\"og:type\" content=\"article\" \/>\n<meta property=\"og:title\" content=\"Mikul\u00e1\u0161 pri\u0161iel aj do M\u00fazea dopravy - Pova\u017esk\u00e9 m\u00fazeum\" \/>\n<meta property=\"og:description\" content=\"Pova\u017esk\u00e9 m\u00fazeum v\u00a0spolupr\u00e1ci so Spolo\u010dnos\u0165ou Pova\u017eskej dr\u00e1hy v\u00a0\u017diline pripravilo pre deti (a\u00a0ich rodi\u010dov) jazdu historick\u00fdm motorov\u00fdm vl\u00e1\u010dikom Hurv\u00ednek na sobotu, 5. decembra 2015, pri pr\u00edle\u017eitosti sviatku sv. Mikul\u00e1\u0161a. Zo \u017eelezni\u010dnej stanice \u017dilina bude o\u00a013.30 hod. vypraven\u00e1 jedna vlakov\u00e1 s\u00faprava s\u00a0predpokladan\u00fdm pr\u00edchodom do Rajeck\u00fdch Tepl\u00edc o\u00a014.05 hod. Odchod Hurv\u00ednka zo \u017eelezni\u010dnej zast\u00e1vky Rajeck\u00e9 Teplice je napl\u00e1novan\u00fd [&hellip;]\" \/>\n<meta property=\"og:url\" content=\"https:\/\/pmza.sk\/?p=14105\" \/>\n<meta property=\"og:site_name\" content=\"Pova\u017esk\u00e9 m\u00fazeum\" \/>\n<meta property=\"article:publisher\" content=\"https:\/\/www.facebook.com\/povazskemuzeum\" \/>\n<meta property=\"article:published_time\" content=\"2015-11-30T13:03:08+00:00\" \/>\n<meta property=\"og:image\" content=\"https:\/\/pmza.sk\/wp-content\/uploads\/2015\/11\/mikulas-v-md.jpg\" \/>\n\t<meta property=\"og:image:width\" content=\"785\" \/>\n\t<meta property=\"og:image:height\" content=\"1111\" \/>\n\t<meta property=\"og:image:type\" content=\"image\/jpeg\" \/>\n<meta name=\"author\" content=\"Pova\u017esk\u00e9 m\u00fazeum\" \/>\n<meta name=\"twitter:card\" content=\"summary_large_image\" \/>\n<meta name=\"twitter:label1\" content=\"Autor\" \/>\n\t<meta name=\"twitter:data1\" content=\"Pova\u017esk\u00e9 m\u00fazeum\" \/>\n\t<meta name=\"twitter:label2\" content=\"Predpokladan\u00fd \u010das \u010d\u00edtania\" \/>\n\t<meta name=\"twitter:data2\" content=\"2 min\u00faty\" \/>\n<script type=\"application\/ld+json\" class=\"yoast-schema-graph\">{\"@context\":\"https:\\\/\\\/schema.org\",\"@graph\":[{\"@type\":\"Article\",\"@id\":\"https:\\\/\\\/pmza.sk\\\/?p=14105#article\",\"isPartOf\":{\"@id\":\"https:\\\/\\\/pmza.sk\\\/?p=14105\"},\"author\":{\"name\":\"Pova\u017esk\u00e9 m\u00fazeum\",\"@id\":\"https:\\\/\\\/pmza.sk\\\/#\\\/schema\\\/person\\\/595e6a2ce731ea94dcd5d7f50a41ae33\"},\"headline\":\"Mikul\u00e1\u0161 pri\u0161iel aj do M\u00fazea dopravy\",\"datePublished\":\"2015-11-30T13:03:08+00:00\",\"mainEntityOfPage\":{\"@id\":\"https:\\\/\\\/pmza.sk\\\/?p=14105\"},\"wordCount\":326,\"publisher\":{\"@id\":\"https:\\\/\\\/pmza.sk\\\/#organization\"},\"image\":{\"@id\":\"https:\\\/\\\/pmza.sk\\\/?p=14105#primaryimage\"},\"thumbnailUrl\":\"https:\\\/\\\/pmza.sk\\\/wp-content\\\/uploads\\\/2015\\\/11\\\/mikulas-v-md.jpg\",\"articleSection\":[\"Arch\u00edv 2012\",\"Arch\u00edv 2015\"],\"inLanguage\":\"sk-SK\"},{\"@type\":\"WebPage\",\"@id\":\"https:\\\/\\\/pmza.sk\\\/?p=14105\",\"url\":\"https:\\\/\\\/pmza.sk\\\/?p=14105\",\"name\":\"Mikul\u00e1\u0161 pri\u0161iel aj do M\u00fazea dopravy - Pova\u017esk\u00e9 m\u00fazeum\",\"isPartOf\":{\"@id\":\"https:\\\/\\\/pmza.sk\\\/#website\"},\"primaryImageOfPage\":{\"@id\":\"https:\\\/\\\/pmza.sk\\\/?p=14105#primaryimage\"},\"image\":{\"@id\":\"https:\\\/\\\/pmza.sk\\\/?p=14105#primaryimage\"},\"thumbnailUrl\":\"https:\\\/\\\/pmza.sk\\\/wp-content\\\/uploads\\\/2015\\\/11\\\/mikulas-v-md.jpg\",\"datePublished\":\"2015-11-30T13:03:08+00:00\",\"breadcrumb\":{\"@id\":\"https:\\\/\\\/pmza.sk\\\/?p=14105#breadcrumb\"},\"inLanguage\":\"sk-SK\",\"potentialAction\":[{\"@type\":\"ReadAction\",\"target\":[\"https:\\\/\\\/pmza.sk\\\/?p=14105\"]}]},{\"@type\":\"ImageObject\",\"inLanguage\":\"sk-SK\",\"@id\":\"https:\\\/\\\/pmza.sk\\\/?p=14105#primaryimage\",\"url\":\"https:\\\/\\\/pmza.sk\\\/wp-content\\\/uploads\\\/2015\\\/11\\\/mikulas-v-md.jpg\",\"contentUrl\":\"https:\\\/\\\/pmza.sk\\\/wp-content\\\/uploads\\\/2015\\\/11\\\/mikulas-v-md.jpg\",\"width\":785,\"height\":1111},{\"@type\":\"BreadcrumbList\",\"@id\":\"https:\\\/\\\/pmza.sk\\\/?p=14105#breadcrumb\",\"itemListElement\":[{\"@type\":\"ListItem\",\"position\":1,\"name\":\"Domovsk\u00e1 str\u00e1nka\",\"item\":\"https:\\\/\\\/pmza.sk\\\/\"},{\"@type\":\"ListItem\",\"position\":2,\"name\":\"Mikul\u00e1\u0161 pri\u0161iel aj do M\u00fazea dopravy\"}]},{\"@type\":\"WebSite\",\"@id\":\"https:\\\/\\\/pmza.sk\\\/#website\",\"url\":\"https:\\\/\\\/pmza.sk\\\/\",\"name\":\"Pova\u017esk\u00e9 m\u00fazeum\",\"description\":\"Pova\u017esk\u00e9 m\u00fazeum v \u017diline je region\u00e1lne m\u00fazeum so s\u00eddlom v Budat\u00edne. Jeho expoz\u00edcie s\u00fa zameran\u00e9 na dejiny slovensk\u00e9ho umenia, kult\u00fary a dopravy.\",\"publisher\":{\"@id\":\"https:\\\/\\\/pmza.sk\\\/#organization\"},\"potentialAction\":[{\"@type\":\"SearchAction\",\"target\":{\"@type\":\"EntryPoint\",\"urlTemplate\":\"https:\\\/\\\/pmza.sk\\\/?s={search_term_string}\"},\"query-input\":{\"@type\":\"PropertyValueSpecification\",\"valueRequired\":true,\"valueName\":\"search_term_string\"}}],\"inLanguage\":\"sk-SK\"},{\"@type\":\"Organization\",\"@id\":\"https:\\\/\\\/pmza.sk\\\/#organization\",\"name\":\"Pova\u017esk\u00e9 m\u00fazeum\",\"url\":\"https:\\\/\\\/pmza.sk\\\/\",\"logo\":{\"@type\":\"ImageObject\",\"inLanguage\":\"sk-SK\",\"@id\":\"https:\\\/\\\/pmza.sk\\\/#\\\/schema\\\/logo\\\/image\\\/\",\"url\":\"https:\\\/\\\/pmza.sk\\\/wp-content\\\/uploads\\\/2022\\\/01\\\/logo_PM_horizontal.jpg\",\"contentUrl\":\"https:\\\/\\\/pmza.sk\\\/wp-content\\\/uploads\\\/2022\\\/01\\\/logo_PM_horizontal.jpg\",\"width\":231,\"height\":142,\"caption\":\"Pova\u017esk\u00e9 m\u00fazeum\"},\"image\":{\"@id\":\"https:\\\/\\\/pmza.sk\\\/#\\\/schema\\\/logo\\\/image\\\/\"},\"sameAs\":[\"https:\\\/\\\/www.facebook.com\\\/povazskemuzeum\",\"https:\\\/\\\/www.instagram.com\\\/povazskemuzeum\\\/\"]},{\"@type\":\"Person\",\"@id\":\"https:\\\/\\\/pmza.sk\\\/#\\\/schema\\\/person\\\/595e6a2ce731ea94dcd5d7f50a41ae33\",\"name\":\"Pova\u017esk\u00e9 m\u00fazeum\",\"image\":{\"@type\":\"ImageObject\",\"inLanguage\":\"sk-SK\",\"@id\":\"https:\\\/\\\/secure.gravatar.com\\\/avatar\\\/2bb7f1561282132fb5826dfeccc66c7996d11ee392ac6aaf7ced8a1c2027fbb2?s=96&d=mm&r=g\",\"url\":\"https:\\\/\\\/secure.gravatar.com\\\/avatar\\\/2bb7f1561282132fb5826dfeccc66c7996d11ee392ac6aaf7ced8a1c2027fbb2?s=96&d=mm&r=g\",\"contentUrl\":\"https:\\\/\\\/secure.gravatar.com\\\/avatar\\\/2bb7f1561282132fb5826dfeccc66c7996d11ee392ac6aaf7ced8a1c2027fbb2?s=96&d=mm&r=g\",\"caption\":\"Pova\u017esk\u00e9 m\u00fazeum\"}}]}<\/script>\n<!-- \/ Yoast SEO plugin. -->","yoast_head_json":{"title":"Mikul\u00e1\u0161 pri\u0161iel aj do M\u00fazea dopravy - Pova\u017esk\u00e9 m\u00fazeum","robots":{"index":"index","follow":"follow","max-snippet":"max-snippet:-1","max-image-preview":"max-image-preview:large","max-video-preview":"max-video-preview:-1"},"canonical":"https:\/\/pmza.sk\/?p=14105","og_locale":"sk_SK","og_type":"article","og_title":"Mikul\u00e1\u0161 pri\u0161iel aj do M\u00fazea dopravy - Pova\u017esk\u00e9 m\u00fazeum","og_description":"Pova\u017esk\u00e9 m\u00fazeum v\u00a0spolupr\u00e1ci so Spolo\u010dnos\u0165ou Pova\u017eskej dr\u00e1hy v\u00a0\u017diline pripravilo pre deti (a\u00a0ich rodi\u010dov) jazdu historick\u00fdm motorov\u00fdm vl\u00e1\u010dikom Hurv\u00ednek na sobotu, 5. decembra 2015, pri pr\u00edle\u017eitosti sviatku sv. Mikul\u00e1\u0161a. Zo \u017eelezni\u010dnej stanice \u017dilina bude o\u00a013.30 hod. vypraven\u00e1 jedna vlakov\u00e1 s\u00faprava s\u00a0predpokladan\u00fdm pr\u00edchodom do Rajeck\u00fdch Tepl\u00edc o\u00a014.05 hod. Odchod Hurv\u00ednka zo \u017eelezni\u010dnej zast\u00e1vky Rajeck\u00e9 Teplice je napl\u00e1novan\u00fd [&hellip;]","og_url":"https:\/\/pmza.sk\/?p=14105","og_site_name":"Pova\u017esk\u00e9 m\u00fazeum","article_publisher":"https:\/\/www.facebook.com\/povazskemuzeum","article_published_time":"2015-11-30T13:03:08+00:00","og_image":[{"width":785,"height":1111,"url":"https:\/\/pmza.sk\/wp-content\/uploads\/2015\/11\/mikulas-v-md.jpg","type":"image\/jpeg"}],"author":"Pova\u017esk\u00e9 m\u00fazeum","twitter_card":"summary_large_image","twitter_misc":{"Autor":"Pova\u017esk\u00e9 m\u00fazeum","Predpokladan\u00fd \u010das \u010d\u00edtania":"2 min\u00faty"},"schema":{"@context":"https:\/\/schema.org","@graph":[{"@type":"Article","@id":"https:\/\/pmza.sk\/?p=14105#article","isPartOf":{"@id":"https:\/\/pmza.sk\/?p=14105"},"author":{"name":"Pova\u017esk\u00e9 m\u00fazeum","@id":"https:\/\/pmza.sk\/#\/schema\/person\/595e6a2ce731ea94dcd5d7f50a41ae33"},"headline":"Mikul\u00e1\u0161 pri\u0161iel aj do M\u00fazea dopravy","datePublished":"2015-11-30T13:03:08+00:00","mainEntityOfPage":{"@id":"https:\/\/pmza.sk\/?p=14105"},"wordCount":326,"publisher":{"@id":"https:\/\/pmza.sk\/#organization"},"image":{"@id":"https:\/\/pmza.sk\/?p=14105#primaryimage"},"thumbnailUrl":"https:\/\/pmza.sk\/wp-content\/uploads\/2015\/11\/mikulas-v-md.jpg","articleSection":["Arch\u00edv 2012","Arch\u00edv 2015"],"inLanguage":"sk-SK"},{"@type":"WebPage","@id":"https:\/\/pmza.sk\/?p=14105","url":"https:\/\/pmza.sk\/?p=14105","name":"Mikul\u00e1\u0161 pri\u0161iel aj do M\u00fazea dopravy - Pova\u017esk\u00e9 m\u00fazeum","isPartOf":{"@id":"https:\/\/pmza.sk\/#website"},"primaryImageOfPage":{"@id":"https:\/\/pmza.sk\/?p=14105#primaryimage"},"image":{"@id":"https:\/\/pmza.sk\/?p=14105#primaryimage"},"thumbnailUrl":"https:\/\/pmza.sk\/wp-content\/uploads\/2015\/11\/mikulas-v-md.jpg","datePublished":"2015-11-30T13:03:08+00:00","breadcrumb":{"@id":"https:\/\/pmza.sk\/?p=14105#breadcrumb"},"inLanguage":"sk-SK","potentialAction":[{"@type":"ReadAction","target":["https:\/\/pmza.sk\/?p=14105"]}]},{"@type":"ImageObject","inLanguage":"sk-SK","@id":"https:\/\/pmza.sk\/?p=14105#primaryimage","url":"https:\/\/pmza.sk\/wp-content\/uploads\/2015\/11\/mikulas-v-md.jpg","contentUrl":"https:\/\/pmza.sk\/wp-content\/uploads\/2015\/11\/mikulas-v-md.jpg","width":785,"height":1111},{"@type":"BreadcrumbList","@id":"https:\/\/pmza.sk\/?p=14105#breadcrumb","itemListElement":[{"@type":"ListItem","position":1,"name":"Domovsk\u00e1 str\u00e1nka","item":"https:\/\/pmza.sk\/"},{"@type":"ListItem","position":2,"name":"Mikul\u00e1\u0161 pri\u0161iel aj do M\u00fazea dopravy"}]},{"@type":"WebSite","@id":"https:\/\/pmza.sk\/#website","url":"https:\/\/pmza.sk\/","name":"Pova\u017esk\u00e9 m\u00fazeum","description":"Pova\u017esk\u00e9 m\u00fazeum v \u017diline je region\u00e1lne m\u00fazeum so s\u00eddlom v Budat\u00edne. Jeho expoz\u00edcie s\u00fa zameran\u00e9 na dejiny slovensk\u00e9ho umenia, kult\u00fary a dopravy.","publisher":{"@id":"https:\/\/pmza.sk\/#organization"},"potentialAction":[{"@type":"SearchAction","target":{"@type":"EntryPoint","urlTemplate":"https:\/\/pmza.sk\/?s={search_term_string}"},"query-input":{"@type":"PropertyValueSpecification","valueRequired":true,"valueName":"search_term_string"}}],"inLanguage":"sk-SK"},{"@type":"Organization","@id":"https:\/\/pmza.sk\/#organization","name":"Pova\u017esk\u00e9 m\u00fazeum","url":"https:\/\/pmza.sk\/","logo":{"@type":"ImageObject","inLanguage":"sk-SK","@id":"https:\/\/pmza.sk\/#\/schema\/logo\/image\/","url":"https:\/\/pmza.sk\/wp-content\/uploads\/2022\/01\/logo_PM_horizontal.jpg","contentUrl":"https:\/\/pmza.sk\/wp-content\/uploads\/2022\/01\/logo_PM_horizontal.jpg","width":231,"height":142,"caption":"Pova\u017esk\u00e9 m\u00fazeum"},"image":{"@id":"https:\/\/pmza.sk\/#\/schema\/logo\/image\/"},"sameAs":["https:\/\/www.facebook.com\/povazskemuzeum","https:\/\/www.instagram.com\/povazskemuzeum\/"]},{"@type":"Person","@id":"https:\/\/pmza.sk\/#\/schema\/person\/595e6a2ce731ea94dcd5d7f50a41ae33","name":"Pova\u017esk\u00e9 m\u00fazeum","image":{"@type":"ImageObject","inLanguage":"sk-SK","@id":"https:\/\/secure.gravatar.com\/avatar\/2bb7f1561282132fb5826dfeccc66c7996d11ee392ac6aaf7ced8a1c2027fbb2?s=96&d=mm&r=g","url":"https:\/\/secure.gravatar.com\/avatar\/2bb7f1561282132fb5826dfeccc66c7996d11ee392ac6aaf7ced8a1c2027fbb2?s=96&d=mm&r=g","contentUrl":"https:\/\/secure.gravatar.com\/avatar\/2bb7f1561282132fb5826dfeccc66c7996d11ee392ac6aaf7ced8a1c2027fbb2?s=96&d=mm&r=g","caption":"Pova\u017esk\u00e9 m\u00fazeum"}}]}},"_links":{"self":[{"href":"https:\/\/pmza.sk\/index.php?rest_route=\/wp\/v2\/posts\/14105","targetHints":{"allow":["GET"]}}],"collection":[{"href":"https:\/\/pmza.sk\/index.php?rest_route=\/wp\/v2\/posts"}],"about":[{"href":"https:\/\/pmza.sk\/index.php?rest_route=\/wp\/v2\/types\/post"}],"author":[{"embeddable":true,"href":"https:\/\/pmza.sk\/index.php?rest_route=\/wp\/v2\/users\/2"}],"replies":[{"embeddable":true,"href":"https:\/\/pmza.sk\/index.php?rest_route=%2Fwp%2Fv2%2Fcomments&post=14105"}],"version-history":[{"count":0,"href":"https:\/\/pmza.sk\/index.php?rest_route=\/wp\/v2\/posts\/14105\/revisions"}],"wp:featuredmedia":[{"embeddable":true,"href":"https:\/\/pmza.sk\/index.php?rest_route=\/wp\/v2\/media\/14091"}],"wp:attachment":[{"href":"https:\/\/pmza.sk\/index.php?rest_route=%2Fwp%2Fv2%2Fmedia&parent=14105"}],"wp:term":[{"taxonomy":"category","embeddable":true,"href":"https:\/\/pmza.sk\/index.php?rest_route=%2Fwp%2Fv2%2Fcategories&post=14105"},{"taxonomy":"post_tag","embeddable":true,"href":"https:\/\/pmza.sk\/index.php?rest_route=%2Fwp%2Fv2%2Ftags&post=14105"}],"curies":[{"name":"wp","href":"https:\/\/api.w.org\/{rel}","templated":true}]}}