{"id":14121,"date":"2015-12-01T14:45:35","date_gmt":"2015-12-01T13:45:35","guid":{"rendered":"https:\/\/pmza.sk.sk\/?p=14121"},"modified":"2015-12-01T14:45:35","modified_gmt":"2015-12-01T13:45:35","slug":"zimna-prevadzka-expozicii-povazskeho-muzea","status":"publish","type":"post","link":"https:\/\/pmza.sk\/?p=14121","title":{"rendered":"Zimn\u00e1 prev\u00e1dzka expoz\u00edci\u00ed Pova\u017esk\u00e9ho m\u00fazea"},"content":{"rendered":"<p>Expoz\u00edcie Pova\u017esk\u00e9ho m\u00fazea v \u017diline \u2013 ve\u017ea Budat\u00ednskeho hradu, Objekty \u013eudovej architekt\u00fary v \u010ci\u010dmanoch, M\u00fazeum dopravy Rajeck\u00e9 Teplice, J\u00e1no\u0161\u00edk a Terchov\u00e1 v Terchovej, Sob\u00e1\u0161ny pal\u00e1c v Byt\u010di \u2013 bud\u00fa ma\u0165 po\u010das viano\u010dn\u00fdch pr\u00e1zdnin mimoriadne otvoren\u00e9 aj po\u010das pondelkov &#8211; 28. decembra 2015 a 4. janu\u00e1ra 2016.<\/p>\n<p>\u201eBr\u00e1ny na\u0161ich objektov bud\u00fa v \u010dase viano\u010dn\u00fdch pr\u00e1zdnin od nedele 27. do stredy 30. decembra 2015 otvoren\u00e9 vr\u00e1tane pondelka, 28. decembra 2015. Po Novom roku bud\u00fa expoz\u00edcie otvoren\u00e9 od 2. janu\u00e1ra do 10. janu\u00e1ra nepretr\u017eite, vr\u00e1tane pondelka 4. janu\u00e1ra 2016,\u201c uviedla poveren\u00e1 riadite\u013eka Pova\u017esk\u00e9ho m\u00fazea v \u017diline Zuzana Kme\u0165ov\u00e1 a doplnila: \u201eChceli by sme pozva\u0165 na prehliadku na\u0161ich expoz\u00edci\u00ed v\u0161etk\u00fdch, ktor\u00ed v sviato\u010dnom a z\u00e1rove\u0148 pr\u00e1zdninovom \u010dase vyh\u013ead\u00e1vaj\u00fa aktivity pre cel\u00fa rodinu a maj\u00fa z\u00e1ujem nav\u0161t\u00edvi\u0165 kult\u00farne zariadenia, m\u00faze\u00e1 a gal\u00e9rie. Expoz\u00edcie bud\u00fa d\u00fdcha\u0165 viano\u010dnou atmosf\u00e9rou \u2013 v ka\u017edej bude viano\u010dn\u00fd strom\u010dek, v niektor\u00fdch doplnen\u00fd aj o dobov\u00fd betlehem z depozit\u00e1rov PMZA.\u201c<\/p>\n<p>Hrad Stre\u010dno je v zimn\u00fdch mesiacoch \u2013 od decembra do marca \u2013 z d\u00f4vodov nepriazniv\u00fdch poveternostn\u00fdch podmienok zatvoren\u00fd.<\/p>\n<p>Vyhliadka na ve\u017ei Budat\u00ednskeho hradu je od 1. decembra 2015 z d\u00f4vodu nepriazniv\u00fdch poveternostn\u00fdch podmienok pre verejnos\u0165 uzavret\u00e1. Z tohto d\u00f4vodu Pova\u017esk\u00e9 m\u00fazeum zn\u00ed\u017eilo v\u00fd\u0161ku vstupn\u00e9ho nasledovne:<br \/><strong>z\u00e1kladn\u00e9 2,50 \u20ac<\/strong><br \/><strong>z\u013eavnen\u00e9 1 \u20ac<\/strong><br \/><strong>rodinn\u00e9 6,50 \u20ac<\/strong><br \/>Cenov\u00fd v\u00fdmer je platn\u00fd od 25. novembra 2015 do odvolania.<\/p>\n<p><strong>ZATVOREN\u00c9:<\/strong><\/p>\n<p>22. 12., 23. 12., 24. 12., 25. 12., 26. 12., 31. 12. 2015, 1. 1. 2016<\/p>\n<p><strong>OTVOREN\u00c9:<\/strong><\/p>\n<p>27. 12., 28. 12. (pondelok), 29. 12., 30. 12., 2. 1., 3. 1., 4. 1. (pondelok), 5. 1., 6. 1., 7. 1., 8. 1., 9. 1., 10. 1.<\/p>\n","protected":false},"excerpt":{"rendered":"<p>Expoz\u00edcie Pova\u017esk\u00e9ho m\u00fazea v \u017diline \u2013 ve\u017ea Budat\u00ednskeho hradu, Objekty \u013eudovej architekt\u00fary v \u010ci\u010dmanoch, M\u00fazeum dopravy Rajeck\u00e9 Teplice, J\u00e1no\u0161\u00edk a Terchov\u00e1 v Terchovej, Sob\u00e1\u0161ny pal\u00e1c v Byt\u010di \u2013 bud\u00fa ma\u0165 po\u010das viano\u010dn\u00fdch pr\u00e1zdnin mimoriadne otvoren\u00e9 aj po\u010das pondelkov &#8211; 28. decembra 2015 a 4. janu\u00e1ra 2016. \u201eBr\u00e1ny na\u0161ich objektov bud\u00fa v \u010dase viano\u010dn\u00fdch pr\u00e1zdnin od [&hellip;]<\/p>\n","protected":false},"author":2,"featured_media":14127,"comment_status":"closed","ping_status":"closed","sticky":false,"template":"","format":"standard","meta":{"site-sidebar-layout":"default","site-content-layout":"","ast-site-content-layout":"","site-content-style":"default","site-sidebar-style":"default","ast-global-header-display":"","ast-banner-title-visibility":"","ast-main-header-display":"","ast-hfb-above-header-display":"","ast-hfb-below-header-display":"","ast-hfb-mobile-header-display":"","site-post-title":"","ast-breadcrumbs-content":"","ast-featured-img":"","footer-sml-layout":"","theme-transparent-header-meta":"","adv-header-id-meta":"","stick-header-meta":"","header-above-stick-meta":"","header-main-stick-meta":"","header-below-stick-meta":"","astra-migrate-meta-layouts":"default","ast-page-background-enabled":"default","ast-page-background-meta":{"desktop":{"background-color":"var(--ast-global-color-4)","background-image":"","background-repeat":"repeat","background-position":"center center","background-size":"auto","background-attachment":"scroll","background-type":"","background-media":"","overlay-type":"","overlay-color":"","overlay-opacity":"","overlay-gradient":""},"tablet":{"background-color":"","background-image":"","background-repeat":"repeat","background-position":"center center","background-size":"auto","background-attachment":"scroll","background-type":"","background-media":"","overlay-type":"","overlay-color":"","overlay-opacity":"","overlay-gradient":""},"mobile":{"background-color":"","background-image":"","background-repeat":"repeat","background-position":"center center","background-size":"auto","background-attachment":"scroll","background-type":"","background-media":"","overlay-type":"","overlay-color":"","overlay-opacity":"","overlay-gradient":""}},"ast-content-background-meta":{"desktop":{"background-color":"var(--ast-global-color-5)","background-image":"","background-repeat":"repeat","background-position":"center center","background-size":"auto","background-attachment":"scroll","background-type":"","background-media":"","overlay-type":"","overlay-color":"","overlay-opacity":"","overlay-gradient":""},"tablet":{"background-color":"var(--ast-global-color-5)","background-image":"","background-repeat":"repeat","background-position":"center center","background-size":"auto","background-attachment":"scroll","background-type":"","background-media":"","overlay-type":"","overlay-color":"","overlay-opacity":"","overlay-gradient":""},"mobile":{"background-color":"var(--ast-global-color-5)","background-image":"","background-repeat":"repeat","background-position":"center center","background-size":"auto","background-attachment":"scroll","background-type":"","background-media":"","overlay-type":"","overlay-color":"","overlay-opacity":"","overlay-gradient":""}},"footnotes":""},"categories":[38],"tags":[],"class_list":["post-14121","post","type-post","status-publish","format-standard","has-post-thumbnail","hentry","category-archiv-2015"],"yoast_head":"<!-- This site is optimized with the Yoast SEO plugin v27.4 - https:\/\/yoast.com\/product\/yoast-seo-wordpress\/ -->\n<title>Zimn\u00e1 prev\u00e1dzka expoz\u00edci\u00ed Pova\u017esk\u00e9ho m\u00fazea - Pova\u017esk\u00e9 m\u00fazeum<\/title>\n<meta name=\"robots\" content=\"index, follow, max-snippet:-1, max-image-preview:large, max-video-preview:-1\" \/>\n<link rel=\"canonical\" href=\"https:\/\/pmza.sk\/?p=14121\" \/>\n<meta property=\"og:locale\" content=\"sk_SK\" \/>\n<meta property=\"og:type\" content=\"article\" \/>\n<meta property=\"og:title\" content=\"Zimn\u00e1 prev\u00e1dzka expoz\u00edci\u00ed Pova\u017esk\u00e9ho m\u00fazea - Pova\u017esk\u00e9 m\u00fazeum\" \/>\n<meta property=\"og:description\" content=\"Expoz\u00edcie Pova\u017esk\u00e9ho m\u00fazea v \u017diline \u2013 ve\u017ea Budat\u00ednskeho hradu, Objekty \u013eudovej architekt\u00fary v \u010ci\u010dmanoch, M\u00fazeum dopravy Rajeck\u00e9 Teplice, J\u00e1no\u0161\u00edk a Terchov\u00e1 v Terchovej, Sob\u00e1\u0161ny pal\u00e1c v Byt\u010di \u2013 bud\u00fa ma\u0165 po\u010das viano\u010dn\u00fdch pr\u00e1zdnin mimoriadne otvoren\u00e9 aj po\u010das pondelkov &#8211; 28. decembra 2015 a 4. janu\u00e1ra 2016. \u201eBr\u00e1ny na\u0161ich objektov bud\u00fa v \u010dase viano\u010dn\u00fdch pr\u00e1zdnin od [&hellip;]\" \/>\n<meta property=\"og:url\" content=\"https:\/\/pmza.sk\/?p=14121\" \/>\n<meta property=\"og:site_name\" content=\"Pova\u017esk\u00e9 m\u00fazeum\" \/>\n<meta property=\"article:publisher\" content=\"https:\/\/www.facebook.com\/povazskemuzeum\" \/>\n<meta property=\"article:published_time\" content=\"2015-12-01T13:45:35+00:00\" \/>\n<meta property=\"og:image\" content=\"https:\/\/pmza.sk\/wp-content\/uploads\/2015\/12\/IMG_3792-scaled-1.jpg\" \/>\n\t<meta property=\"og:image:width\" content=\"2560\" \/>\n\t<meta property=\"og:image:height\" content=\"1707\" \/>\n\t<meta property=\"og:image:type\" content=\"image\/jpeg\" \/>\n<meta name=\"author\" content=\"Pova\u017esk\u00e9 m\u00fazeum\" \/>\n<meta name=\"twitter:card\" content=\"summary_large_image\" \/>\n<meta name=\"twitter:label1\" content=\"Autor\" \/>\n\t<meta name=\"twitter:data1\" content=\"Pova\u017esk\u00e9 m\u00fazeum\" \/>\n\t<meta name=\"twitter:label2\" content=\"Predpokladan\u00fd \u010das \u010d\u00edtania\" \/>\n\t<meta name=\"twitter:data2\" content=\"1 min\u00fata\" \/>\n<script type=\"application\/ld+json\" class=\"yoast-schema-graph\">{\"@context\":\"https:\\\/\\\/schema.org\",\"@graph\":[{\"@type\":\"Article\",\"@id\":\"https:\\\/\\\/pmza.sk\\\/?p=14121#article\",\"isPartOf\":{\"@id\":\"https:\\\/\\\/pmza.sk\\\/?p=14121\"},\"author\":{\"name\":\"Pova\u017esk\u00e9 m\u00fazeum\",\"@id\":\"https:\\\/\\\/pmza.sk\\\/#\\\/schema\\\/person\\\/595e6a2ce731ea94dcd5d7f50a41ae33\"},\"headline\":\"Zimn\u00e1 prev\u00e1dzka expoz\u00edci\u00ed Pova\u017esk\u00e9ho m\u00fazea\",\"datePublished\":\"2015-12-01T13:45:35+00:00\",\"mainEntityOfPage\":{\"@id\":\"https:\\\/\\\/pmza.sk\\\/?p=14121\"},\"wordCount\":278,\"publisher\":{\"@id\":\"https:\\\/\\\/pmza.sk\\\/#organization\"},\"image\":{\"@id\":\"https:\\\/\\\/pmza.sk\\\/?p=14121#primaryimage\"},\"thumbnailUrl\":\"https:\\\/\\\/pmza.sk\\\/wp-content\\\/uploads\\\/2015\\\/12\\\/IMG_3792-scaled-1.jpg\",\"articleSection\":[\"Arch\u00edv 2015\"],\"inLanguage\":\"sk-SK\"},{\"@type\":\"WebPage\",\"@id\":\"https:\\\/\\\/pmza.sk\\\/?p=14121\",\"url\":\"https:\\\/\\\/pmza.sk\\\/?p=14121\",\"name\":\"Zimn\u00e1 prev\u00e1dzka expoz\u00edci\u00ed Pova\u017esk\u00e9ho m\u00fazea - Pova\u017esk\u00e9 m\u00fazeum\",\"isPartOf\":{\"@id\":\"https:\\\/\\\/pmza.sk\\\/#website\"},\"primaryImageOfPage\":{\"@id\":\"https:\\\/\\\/pmza.sk\\\/?p=14121#primaryimage\"},\"image\":{\"@id\":\"https:\\\/\\\/pmza.sk\\\/?p=14121#primaryimage\"},\"thumbnailUrl\":\"https:\\\/\\\/pmza.sk\\\/wp-content\\\/uploads\\\/2015\\\/12\\\/IMG_3792-scaled-1.jpg\",\"datePublished\":\"2015-12-01T13:45:35+00:00\",\"breadcrumb\":{\"@id\":\"https:\\\/\\\/pmza.sk\\\/?p=14121#breadcrumb\"},\"inLanguage\":\"sk-SK\",\"potentialAction\":[{\"@type\":\"ReadAction\",\"target\":[\"https:\\\/\\\/pmza.sk\\\/?p=14121\"]}]},{\"@type\":\"ImageObject\",\"inLanguage\":\"sk-SK\",\"@id\":\"https:\\\/\\\/pmza.sk\\\/?p=14121#primaryimage\",\"url\":\"https:\\\/\\\/pmza.sk\\\/wp-content\\\/uploads\\\/2015\\\/12\\\/IMG_3792-scaled-1.jpg\",\"contentUrl\":\"https:\\\/\\\/pmza.sk\\\/wp-content\\\/uploads\\\/2015\\\/12\\\/IMG_3792-scaled-1.jpg\",\"width\":2560,\"height\":1707},{\"@type\":\"BreadcrumbList\",\"@id\":\"https:\\\/\\\/pmza.sk\\\/?p=14121#breadcrumb\",\"itemListElement\":[{\"@type\":\"ListItem\",\"position\":1,\"name\":\"Domovsk\u00e1 str\u00e1nka\",\"item\":\"https:\\\/\\\/pmza.sk\\\/\"},{\"@type\":\"ListItem\",\"position\":2,\"name\":\"Zimn\u00e1 prev\u00e1dzka expoz\u00edci\u00ed Pova\u017esk\u00e9ho m\u00fazea\"}]},{\"@type\":\"WebSite\",\"@id\":\"https:\\\/\\\/pmza.sk\\\/#website\",\"url\":\"https:\\\/\\\/pmza.sk\\\/\",\"name\":\"Pova\u017esk\u00e9 m\u00fazeum\",\"description\":\"Pova\u017esk\u00e9 m\u00fazeum v \u017diline je region\u00e1lne m\u00fazeum so s\u00eddlom v Budat\u00edne. Jeho expoz\u00edcie s\u00fa zameran\u00e9 na dejiny slovensk\u00e9ho umenia, kult\u00fary a dopravy.\",\"publisher\":{\"@id\":\"https:\\\/\\\/pmza.sk\\\/#organization\"},\"potentialAction\":[{\"@type\":\"SearchAction\",\"target\":{\"@type\":\"EntryPoint\",\"urlTemplate\":\"https:\\\/\\\/pmza.sk\\\/?s={search_term_string}\"},\"query-input\":{\"@type\":\"PropertyValueSpecification\",\"valueRequired\":true,\"valueName\":\"search_term_string\"}}],\"inLanguage\":\"sk-SK\"},{\"@type\":\"Organization\",\"@id\":\"https:\\\/\\\/pmza.sk\\\/#organization\",\"name\":\"Pova\u017esk\u00e9 m\u00fazeum\",\"url\":\"https:\\\/\\\/pmza.sk\\\/\",\"logo\":{\"@type\":\"ImageObject\",\"inLanguage\":\"sk-SK\",\"@id\":\"https:\\\/\\\/pmza.sk\\\/#\\\/schema\\\/logo\\\/image\\\/\",\"url\":\"https:\\\/\\\/pmza.sk\\\/wp-content\\\/uploads\\\/2022\\\/01\\\/logo_PM_horizontal.jpg\",\"contentUrl\":\"https:\\\/\\\/pmza.sk\\\/wp-content\\\/uploads\\\/2022\\\/01\\\/logo_PM_horizontal.jpg\",\"width\":231,\"height\":142,\"caption\":\"Pova\u017esk\u00e9 m\u00fazeum\"},\"image\":{\"@id\":\"https:\\\/\\\/pmza.sk\\\/#\\\/schema\\\/logo\\\/image\\\/\"},\"sameAs\":[\"https:\\\/\\\/www.facebook.com\\\/povazskemuzeum\",\"https:\\\/\\\/www.instagram.com\\\/povazskemuzeum\\\/\"]},{\"@type\":\"Person\",\"@id\":\"https:\\\/\\\/pmza.sk\\\/#\\\/schema\\\/person\\\/595e6a2ce731ea94dcd5d7f50a41ae33\",\"name\":\"Pova\u017esk\u00e9 m\u00fazeum\",\"image\":{\"@type\":\"ImageObject\",\"inLanguage\":\"sk-SK\",\"@id\":\"https:\\\/\\\/secure.gravatar.com\\\/avatar\\\/2bb7f1561282132fb5826dfeccc66c7996d11ee392ac6aaf7ced8a1c2027fbb2?s=96&d=mm&r=g\",\"url\":\"https:\\\/\\\/secure.gravatar.com\\\/avatar\\\/2bb7f1561282132fb5826dfeccc66c7996d11ee392ac6aaf7ced8a1c2027fbb2?s=96&d=mm&r=g\",\"contentUrl\":\"https:\\\/\\\/secure.gravatar.com\\\/avatar\\\/2bb7f1561282132fb5826dfeccc66c7996d11ee392ac6aaf7ced8a1c2027fbb2?s=96&d=mm&r=g\",\"caption\":\"Pova\u017esk\u00e9 m\u00fazeum\"}}]}<\/script>\n<!-- \/ Yoast SEO plugin. -->","yoast_head_json":{"title":"Zimn\u00e1 prev\u00e1dzka expoz\u00edci\u00ed Pova\u017esk\u00e9ho m\u00fazea - Pova\u017esk\u00e9 m\u00fazeum","robots":{"index":"index","follow":"follow","max-snippet":"max-snippet:-1","max-image-preview":"max-image-preview:large","max-video-preview":"max-video-preview:-1"},"canonical":"https:\/\/pmza.sk\/?p=14121","og_locale":"sk_SK","og_type":"article","og_title":"Zimn\u00e1 prev\u00e1dzka expoz\u00edci\u00ed Pova\u017esk\u00e9ho m\u00fazea - Pova\u017esk\u00e9 m\u00fazeum","og_description":"Expoz\u00edcie Pova\u017esk\u00e9ho m\u00fazea v \u017diline \u2013 ve\u017ea Budat\u00ednskeho hradu, Objekty \u013eudovej architekt\u00fary v \u010ci\u010dmanoch, M\u00fazeum dopravy Rajeck\u00e9 Teplice, J\u00e1no\u0161\u00edk a Terchov\u00e1 v Terchovej, Sob\u00e1\u0161ny pal\u00e1c v Byt\u010di \u2013 bud\u00fa ma\u0165 po\u010das viano\u010dn\u00fdch pr\u00e1zdnin mimoriadne otvoren\u00e9 aj po\u010das pondelkov &#8211; 28. decembra 2015 a 4. janu\u00e1ra 2016. \u201eBr\u00e1ny na\u0161ich objektov bud\u00fa v \u010dase viano\u010dn\u00fdch pr\u00e1zdnin od [&hellip;]","og_url":"https:\/\/pmza.sk\/?p=14121","og_site_name":"Pova\u017esk\u00e9 m\u00fazeum","article_publisher":"https:\/\/www.facebook.com\/povazskemuzeum","article_published_time":"2015-12-01T13:45:35+00:00","og_image":[{"width":2560,"height":1707,"url":"https:\/\/pmza.sk\/wp-content\/uploads\/2015\/12\/IMG_3792-scaled-1.jpg","type":"image\/jpeg"}],"author":"Pova\u017esk\u00e9 m\u00fazeum","twitter_card":"summary_large_image","twitter_misc":{"Autor":"Pova\u017esk\u00e9 m\u00fazeum","Predpokladan\u00fd \u010das \u010d\u00edtania":"1 min\u00fata"},"schema":{"@context":"https:\/\/schema.org","@graph":[{"@type":"Article","@id":"https:\/\/pmza.sk\/?p=14121#article","isPartOf":{"@id":"https:\/\/pmza.sk\/?p=14121"},"author":{"name":"Pova\u017esk\u00e9 m\u00fazeum","@id":"https:\/\/pmza.sk\/#\/schema\/person\/595e6a2ce731ea94dcd5d7f50a41ae33"},"headline":"Zimn\u00e1 prev\u00e1dzka expoz\u00edci\u00ed Pova\u017esk\u00e9ho m\u00fazea","datePublished":"2015-12-01T13:45:35+00:00","mainEntityOfPage":{"@id":"https:\/\/pmza.sk\/?p=14121"},"wordCount":278,"publisher":{"@id":"https:\/\/pmza.sk\/#organization"},"image":{"@id":"https:\/\/pmza.sk\/?p=14121#primaryimage"},"thumbnailUrl":"https:\/\/pmza.sk\/wp-content\/uploads\/2015\/12\/IMG_3792-scaled-1.jpg","articleSection":["Arch\u00edv 2015"],"inLanguage":"sk-SK"},{"@type":"WebPage","@id":"https:\/\/pmza.sk\/?p=14121","url":"https:\/\/pmza.sk\/?p=14121","name":"Zimn\u00e1 prev\u00e1dzka expoz\u00edci\u00ed Pova\u017esk\u00e9ho m\u00fazea - Pova\u017esk\u00e9 m\u00fazeum","isPartOf":{"@id":"https:\/\/pmza.sk\/#website"},"primaryImageOfPage":{"@id":"https:\/\/pmza.sk\/?p=14121#primaryimage"},"image":{"@id":"https:\/\/pmza.sk\/?p=14121#primaryimage"},"thumbnailUrl":"https:\/\/pmza.sk\/wp-content\/uploads\/2015\/12\/IMG_3792-scaled-1.jpg","datePublished":"2015-12-01T13:45:35+00:00","breadcrumb":{"@id":"https:\/\/pmza.sk\/?p=14121#breadcrumb"},"inLanguage":"sk-SK","potentialAction":[{"@type":"ReadAction","target":["https:\/\/pmza.sk\/?p=14121"]}]},{"@type":"ImageObject","inLanguage":"sk-SK","@id":"https:\/\/pmza.sk\/?p=14121#primaryimage","url":"https:\/\/pmza.sk\/wp-content\/uploads\/2015\/12\/IMG_3792-scaled-1.jpg","contentUrl":"https:\/\/pmza.sk\/wp-content\/uploads\/2015\/12\/IMG_3792-scaled-1.jpg","width":2560,"height":1707},{"@type":"BreadcrumbList","@id":"https:\/\/pmza.sk\/?p=14121#breadcrumb","itemListElement":[{"@type":"ListItem","position":1,"name":"Domovsk\u00e1 str\u00e1nka","item":"https:\/\/pmza.sk\/"},{"@type":"ListItem","position":2,"name":"Zimn\u00e1 prev\u00e1dzka expoz\u00edci\u00ed Pova\u017esk\u00e9ho m\u00fazea"}]},{"@type":"WebSite","@id":"https:\/\/pmza.sk\/#website","url":"https:\/\/pmza.sk\/","name":"Pova\u017esk\u00e9 m\u00fazeum","description":"Pova\u017esk\u00e9 m\u00fazeum v \u017diline je region\u00e1lne m\u00fazeum so s\u00eddlom v Budat\u00edne. Jeho expoz\u00edcie s\u00fa zameran\u00e9 na dejiny slovensk\u00e9ho umenia, kult\u00fary a dopravy.","publisher":{"@id":"https:\/\/pmza.sk\/#organization"},"potentialAction":[{"@type":"SearchAction","target":{"@type":"EntryPoint","urlTemplate":"https:\/\/pmza.sk\/?s={search_term_string}"},"query-input":{"@type":"PropertyValueSpecification","valueRequired":true,"valueName":"search_term_string"}}],"inLanguage":"sk-SK"},{"@type":"Organization","@id":"https:\/\/pmza.sk\/#organization","name":"Pova\u017esk\u00e9 m\u00fazeum","url":"https:\/\/pmza.sk\/","logo":{"@type":"ImageObject","inLanguage":"sk-SK","@id":"https:\/\/pmza.sk\/#\/schema\/logo\/image\/","url":"https:\/\/pmza.sk\/wp-content\/uploads\/2022\/01\/logo_PM_horizontal.jpg","contentUrl":"https:\/\/pmza.sk\/wp-content\/uploads\/2022\/01\/logo_PM_horizontal.jpg","width":231,"height":142,"caption":"Pova\u017esk\u00e9 m\u00fazeum"},"image":{"@id":"https:\/\/pmza.sk\/#\/schema\/logo\/image\/"},"sameAs":["https:\/\/www.facebook.com\/povazskemuzeum","https:\/\/www.instagram.com\/povazskemuzeum\/"]},{"@type":"Person","@id":"https:\/\/pmza.sk\/#\/schema\/person\/595e6a2ce731ea94dcd5d7f50a41ae33","name":"Pova\u017esk\u00e9 m\u00fazeum","image":{"@type":"ImageObject","inLanguage":"sk-SK","@id":"https:\/\/secure.gravatar.com\/avatar\/2bb7f1561282132fb5826dfeccc66c7996d11ee392ac6aaf7ced8a1c2027fbb2?s=96&d=mm&r=g","url":"https:\/\/secure.gravatar.com\/avatar\/2bb7f1561282132fb5826dfeccc66c7996d11ee392ac6aaf7ced8a1c2027fbb2?s=96&d=mm&r=g","contentUrl":"https:\/\/secure.gravatar.com\/avatar\/2bb7f1561282132fb5826dfeccc66c7996d11ee392ac6aaf7ced8a1c2027fbb2?s=96&d=mm&r=g","caption":"Pova\u017esk\u00e9 m\u00fazeum"}}]}},"_links":{"self":[{"href":"https:\/\/pmza.sk\/index.php?rest_route=\/wp\/v2\/posts\/14121","targetHints":{"allow":["GET"]}}],"collection":[{"href":"https:\/\/pmza.sk\/index.php?rest_route=\/wp\/v2\/posts"}],"about":[{"href":"https:\/\/pmza.sk\/index.php?rest_route=\/wp\/v2\/types\/post"}],"author":[{"embeddable":true,"href":"https:\/\/pmza.sk\/index.php?rest_route=\/wp\/v2\/users\/2"}],"replies":[{"embeddable":true,"href":"https:\/\/pmza.sk\/index.php?rest_route=%2Fwp%2Fv2%2Fcomments&post=14121"}],"version-history":[{"count":0,"href":"https:\/\/pmza.sk\/index.php?rest_route=\/wp\/v2\/posts\/14121\/revisions"}],"wp:featuredmedia":[{"embeddable":true,"href":"https:\/\/pmza.sk\/index.php?rest_route=\/wp\/v2\/media\/14127"}],"wp:attachment":[{"href":"https:\/\/pmza.sk\/index.php?rest_route=%2Fwp%2Fv2%2Fmedia&parent=14121"}],"wp:term":[{"taxonomy":"category","embeddable":true,"href":"https:\/\/pmza.sk\/index.php?rest_route=%2Fwp%2Fv2%2Fcategories&post=14121"},{"taxonomy":"post_tag","embeddable":true,"href":"https:\/\/pmza.sk\/index.php?rest_route=%2Fwp%2Fv2%2Ftags&post=14121"}],"curies":[{"name":"wp","href":"https:\/\/api.w.org\/{rel}","templated":true}]}}