{"id":14196,"date":"2015-12-19T12:32:30","date_gmt":"2015-12-19T11:32:30","guid":{"rendered":"https:\/\/pmza.sk.sk\/?p=14196"},"modified":"2015-12-19T12:32:30","modified_gmt":"2015-12-19T11:32:30","slug":"knihy-ludia-osudy-2","status":"publish","type":"post","link":"https:\/\/pmza.sk\/?p=14196","title":{"rendered":"Knihy, \u013eudia, osudy &#8211; v\u00fdstava pred\u013a\u017een\u00e1 do 28. 2. 2016"},"content":{"rendered":"<p>V\u00fdstava je spolo\u010dnou iniciat\u00edvou \u017dilinskej diec\u00e9zy, Slovenskej n\u00e1rodnej kni\u017enice, In\u0161tit\u00fatu Communio a\u00a0troch partnerov \u2013 Dubnick\u00e9ho m\u00fazea, Pova\u017esk\u00e9ho m\u00fazea a\u00a0Tur\u010dianskej kni\u017enice napl\u00e1novanou ako sprievodn\u00e9 podujatie k\u00a0T\u00fd\u017ed\u0148u kres\u0165anskej kult\u00fary. Ide\u00a0o\u00a0prezent\u00e1ciu historick\u00fdch tla\u010d\u00ed z historick\u00e9ho fondu \u017dilinskej diec\u00e9zy, prostredn\u00edctvom ktorej maj\u00fa z\u00e1ujemcovia mo\u017enos\u0165 vidie\u0165 knihy poch\u00e1dzaj\u00face z\u00a0obdobia 16. a\u017e 19. storo\u010dia. V\u00fdstava je rozdelen\u00e1 do nieko\u013ek\u00fdch tematick\u00fdch sekci\u00ed, napr. Biblie, jazykovedn\u00e9 tla\u010de, teologick\u00e9, historick\u00e9 alebo geografick\u00e9 knihy, edukat\u00edvne diela, r\u00f4zne beletrie. V\u00fdstava obsahuje v\u00fdber tla\u010d\u00ed, ktor\u00e9 boli obsahom historick\u00fdch farsk\u00fdch kni\u017en\u00edc.<\/p>\n<p>Mgr. Drahom\u00edr Veli\u010dka, PhD.<\/p>\n","protected":false},"excerpt":{"rendered":"<p>V\u00fdstava je spolo\u010dnou iniciat\u00edvou \u017dilinskej diec\u00e9zy, Slovenskej n\u00e1rodnej kni\u017enice, In\u0161tit\u00fatu Communio a\u00a0troch partnerov \u2013 Dubnick\u00e9ho m\u00fazea, Pova\u017esk\u00e9ho m\u00fazea a\u00a0Tur\u010dianskej kni\u017enice napl\u00e1novanou ako sprievodn\u00e9 podujatie k\u00a0T\u00fd\u017ed\u0148u kres\u0165anskej kult\u00fary. Ide\u00a0o\u00a0prezent\u00e1ciu historick\u00fdch tla\u010d\u00ed z historick\u00e9ho fondu \u017dilinskej diec\u00e9zy, prostredn\u00edctvom ktorej maj\u00fa z\u00e1ujemcovia mo\u017enos\u0165 vidie\u0165 knihy poch\u00e1dzaj\u00face z\u00a0obdobia 16. a\u017e 19. storo\u010dia. V\u00fdstava je rozdelen\u00e1 do nieko\u013ek\u00fdch tematick\u00fdch sekci\u00ed, [&hellip;]<\/p>\n","protected":false},"author":2,"featured_media":14452,"comment_status":"closed","ping_status":"closed","sticky":false,"template":"","format":"standard","meta":{"site-sidebar-layout":"default","site-content-layout":"","ast-site-content-layout":"","site-content-style":"default","site-sidebar-style":"default","ast-global-header-display":"","ast-banner-title-visibility":"","ast-main-header-display":"","ast-hfb-above-header-display":"","ast-hfb-below-header-display":"","ast-hfb-mobile-header-display":"","site-post-title":"","ast-breadcrumbs-content":"","ast-featured-img":"","footer-sml-layout":"","theme-transparent-header-meta":"","adv-header-id-meta":"","stick-header-meta":"","header-above-stick-meta":"","header-main-stick-meta":"","header-below-stick-meta":"","astra-migrate-meta-layouts":"default","ast-page-background-enabled":"default","ast-page-background-meta":{"desktop":{"background-color":"var(--ast-global-color-4)","background-image":"","background-repeat":"repeat","background-position":"center center","background-size":"auto","background-attachment":"scroll","background-type":"","background-media":"","overlay-type":"","overlay-color":"","overlay-opacity":"","overlay-gradient":""},"tablet":{"background-color":"","background-image":"","background-repeat":"repeat","background-position":"center center","background-size":"auto","background-attachment":"scroll","background-type":"","background-media":"","overlay-type":"","overlay-color":"","overlay-opacity":"","overlay-gradient":""},"mobile":{"background-color":"","background-image":"","background-repeat":"repeat","background-position":"center center","background-size":"auto","background-attachment":"scroll","background-type":"","background-media":"","overlay-type":"","overlay-color":"","overlay-opacity":"","overlay-gradient":""}},"ast-content-background-meta":{"desktop":{"background-color":"var(--ast-global-color-5)","background-image":"","background-repeat":"repeat","background-position":"center center","background-size":"auto","background-attachment":"scroll","background-type":"","background-media":"","overlay-type":"","overlay-color":"","overlay-opacity":"","overlay-gradient":""},"tablet":{"background-color":"var(--ast-global-color-5)","background-image":"","background-repeat":"repeat","background-position":"center center","background-size":"auto","background-attachment":"scroll","background-type":"","background-media":"","overlay-type":"","overlay-color":"","overlay-opacity":"","overlay-gradient":""},"mobile":{"background-color":"var(--ast-global-color-5)","background-image":"","background-repeat":"repeat","background-position":"center center","background-size":"auto","background-attachment":"scroll","background-type":"","background-media":"","overlay-type":"","overlay-color":"","overlay-opacity":"","overlay-gradient":""}},"footnotes":""},"categories":[50],"tags":[],"class_list":["post-14196","post","type-post","status-publish","format-standard","has-post-thumbnail","hentry","category-archiv-2016"],"yoast_head":"<!-- This site is optimized with the Yoast SEO plugin v27.4 - https:\/\/yoast.com\/product\/yoast-seo-wordpress\/ -->\n<title>Knihy, \u013eudia, osudy - v\u00fdstava pred\u013a\u017een\u00e1 do 28. 2. 2016 - Pova\u017esk\u00e9 m\u00fazeum<\/title>\n<meta name=\"robots\" content=\"index, follow, max-snippet:-1, max-image-preview:large, max-video-preview:-1\" \/>\n<link rel=\"canonical\" href=\"https:\/\/pmza.sk\/?p=14196\" \/>\n<meta property=\"og:locale\" content=\"sk_SK\" \/>\n<meta property=\"og:type\" content=\"article\" \/>\n<meta property=\"og:title\" content=\"Knihy, \u013eudia, osudy - v\u00fdstava pred\u013a\u017een\u00e1 do 28. 2. 2016 - Pova\u017esk\u00e9 m\u00fazeum\" \/>\n<meta property=\"og:description\" content=\"V\u00fdstava je spolo\u010dnou iniciat\u00edvou \u017dilinskej diec\u00e9zy, Slovenskej n\u00e1rodnej kni\u017enice, In\u0161tit\u00fatu Communio a\u00a0troch partnerov \u2013 Dubnick\u00e9ho m\u00fazea, Pova\u017esk\u00e9ho m\u00fazea a\u00a0Tur\u010dianskej kni\u017enice napl\u00e1novanou ako sprievodn\u00e9 podujatie k\u00a0T\u00fd\u017ed\u0148u kres\u0165anskej kult\u00fary. Ide\u00a0o\u00a0prezent\u00e1ciu historick\u00fdch tla\u010d\u00ed z historick\u00e9ho fondu \u017dilinskej diec\u00e9zy, prostredn\u00edctvom ktorej maj\u00fa z\u00e1ujemcovia mo\u017enos\u0165 vidie\u0165 knihy poch\u00e1dzaj\u00face z\u00a0obdobia 16. a\u017e 19. storo\u010dia. V\u00fdstava je rozdelen\u00e1 do nieko\u013ek\u00fdch tematick\u00fdch sekci\u00ed, [&hellip;]\" \/>\n<meta property=\"og:url\" content=\"https:\/\/pmza.sk\/?p=14196\" \/>\n<meta property=\"og:site_name\" content=\"Pova\u017esk\u00e9 m\u00fazeum\" \/>\n<meta property=\"article:publisher\" content=\"https:\/\/www.facebook.com\/povazskemuzeum\" \/>\n<meta property=\"article:published_time\" content=\"2015-12-19T11:32:30+00:00\" \/>\n<meta property=\"og:image\" content=\"https:\/\/pmza.sk\/wp-content\/uploads\/2015\/12\/knihy-ludia-osudy.jpg\" \/>\n\t<meta property=\"og:image:width\" content=\"1014\" \/>\n\t<meta property=\"og:image:height\" content=\"1434\" \/>\n\t<meta property=\"og:image:type\" content=\"image\/jpeg\" \/>\n<meta name=\"author\" content=\"Pova\u017esk\u00e9 m\u00fazeum\" \/>\n<meta name=\"twitter:card\" content=\"summary_large_image\" \/>\n<meta name=\"twitter:label1\" content=\"Autor\" \/>\n\t<meta name=\"twitter:data1\" content=\"Pova\u017esk\u00e9 m\u00fazeum\" \/>\n\t<meta name=\"twitter:label2\" content=\"Predpokladan\u00fd \u010das \u010d\u00edtania\" \/>\n\t<meta name=\"twitter:data2\" content=\"1 min\u00fata\" \/>\n<script type=\"application\/ld+json\" class=\"yoast-schema-graph\">{\"@context\":\"https:\\\/\\\/schema.org\",\"@graph\":[{\"@type\":\"Article\",\"@id\":\"https:\\\/\\\/pmza.sk\\\/?p=14196#article\",\"isPartOf\":{\"@id\":\"https:\\\/\\\/pmza.sk\\\/?p=14196\"},\"author\":{\"name\":\"Pova\u017esk\u00e9 m\u00fazeum\",\"@id\":\"https:\\\/\\\/pmza.sk\\\/#\\\/schema\\\/person\\\/595e6a2ce731ea94dcd5d7f50a41ae33\"},\"headline\":\"Knihy, \u013eudia, osudy &#8211; v\u00fdstava pred\u013a\u017een\u00e1 do 28. 2. 2016\",\"datePublished\":\"2015-12-19T11:32:30+00:00\",\"mainEntityOfPage\":{\"@id\":\"https:\\\/\\\/pmza.sk\\\/?p=14196\"},\"wordCount\":139,\"publisher\":{\"@id\":\"https:\\\/\\\/pmza.sk\\\/#organization\"},\"image\":{\"@id\":\"https:\\\/\\\/pmza.sk\\\/?p=14196#primaryimage\"},\"thumbnailUrl\":\"https:\\\/\\\/pmza.sk\\\/wp-content\\\/uploads\\\/2015\\\/12\\\/knihy-ludia-osudy.jpg\",\"articleSection\":[\"Arch\u00edv 2016\"],\"inLanguage\":\"sk-SK\"},{\"@type\":\"WebPage\",\"@id\":\"https:\\\/\\\/pmza.sk\\\/?p=14196\",\"url\":\"https:\\\/\\\/pmza.sk\\\/?p=14196\",\"name\":\"Knihy, \u013eudia, osudy - v\u00fdstava pred\u013a\u017een\u00e1 do 28. 2. 2016 - Pova\u017esk\u00e9 m\u00fazeum\",\"isPartOf\":{\"@id\":\"https:\\\/\\\/pmza.sk\\\/#website\"},\"primaryImageOfPage\":{\"@id\":\"https:\\\/\\\/pmza.sk\\\/?p=14196#primaryimage\"},\"image\":{\"@id\":\"https:\\\/\\\/pmza.sk\\\/?p=14196#primaryimage\"},\"thumbnailUrl\":\"https:\\\/\\\/pmza.sk\\\/wp-content\\\/uploads\\\/2015\\\/12\\\/knihy-ludia-osudy.jpg\",\"datePublished\":\"2015-12-19T11:32:30+00:00\",\"breadcrumb\":{\"@id\":\"https:\\\/\\\/pmza.sk\\\/?p=14196#breadcrumb\"},\"inLanguage\":\"sk-SK\",\"potentialAction\":[{\"@type\":\"ReadAction\",\"target\":[\"https:\\\/\\\/pmza.sk\\\/?p=14196\"]}]},{\"@type\":\"ImageObject\",\"inLanguage\":\"sk-SK\",\"@id\":\"https:\\\/\\\/pmza.sk\\\/?p=14196#primaryimage\",\"url\":\"https:\\\/\\\/pmza.sk\\\/wp-content\\\/uploads\\\/2015\\\/12\\\/knihy-ludia-osudy.jpg\",\"contentUrl\":\"https:\\\/\\\/pmza.sk\\\/wp-content\\\/uploads\\\/2015\\\/12\\\/knihy-ludia-osudy.jpg\",\"width\":1014,\"height\":1434},{\"@type\":\"BreadcrumbList\",\"@id\":\"https:\\\/\\\/pmza.sk\\\/?p=14196#breadcrumb\",\"itemListElement\":[{\"@type\":\"ListItem\",\"position\":1,\"name\":\"Domovsk\u00e1 str\u00e1nka\",\"item\":\"https:\\\/\\\/pmza.sk\\\/\"},{\"@type\":\"ListItem\",\"position\":2,\"name\":\"Knihy, \u013eudia, osudy &#8211; v\u00fdstava pred\u013a\u017een\u00e1 do 28. 2. 2016\"}]},{\"@type\":\"WebSite\",\"@id\":\"https:\\\/\\\/pmza.sk\\\/#website\",\"url\":\"https:\\\/\\\/pmza.sk\\\/\",\"name\":\"Pova\u017esk\u00e9 m\u00fazeum\",\"description\":\"Pova\u017esk\u00e9 m\u00fazeum v \u017diline je region\u00e1lne m\u00fazeum so s\u00eddlom v Budat\u00edne. Jeho expoz\u00edcie s\u00fa zameran\u00e9 na dejiny slovensk\u00e9ho umenia, kult\u00fary a dopravy.\",\"publisher\":{\"@id\":\"https:\\\/\\\/pmza.sk\\\/#organization\"},\"potentialAction\":[{\"@type\":\"SearchAction\",\"target\":{\"@type\":\"EntryPoint\",\"urlTemplate\":\"https:\\\/\\\/pmza.sk\\\/?s={search_term_string}\"},\"query-input\":{\"@type\":\"PropertyValueSpecification\",\"valueRequired\":true,\"valueName\":\"search_term_string\"}}],\"inLanguage\":\"sk-SK\"},{\"@type\":\"Organization\",\"@id\":\"https:\\\/\\\/pmza.sk\\\/#organization\",\"name\":\"Pova\u017esk\u00e9 m\u00fazeum\",\"url\":\"https:\\\/\\\/pmza.sk\\\/\",\"logo\":{\"@type\":\"ImageObject\",\"inLanguage\":\"sk-SK\",\"@id\":\"https:\\\/\\\/pmza.sk\\\/#\\\/schema\\\/logo\\\/image\\\/\",\"url\":\"https:\\\/\\\/pmza.sk\\\/wp-content\\\/uploads\\\/2022\\\/01\\\/logo_PM_horizontal.jpg\",\"contentUrl\":\"https:\\\/\\\/pmza.sk\\\/wp-content\\\/uploads\\\/2022\\\/01\\\/logo_PM_horizontal.jpg\",\"width\":231,\"height\":142,\"caption\":\"Pova\u017esk\u00e9 m\u00fazeum\"},\"image\":{\"@id\":\"https:\\\/\\\/pmza.sk\\\/#\\\/schema\\\/logo\\\/image\\\/\"},\"sameAs\":[\"https:\\\/\\\/www.facebook.com\\\/povazskemuzeum\",\"https:\\\/\\\/www.instagram.com\\\/povazskemuzeum\\\/\"]},{\"@type\":\"Person\",\"@id\":\"https:\\\/\\\/pmza.sk\\\/#\\\/schema\\\/person\\\/595e6a2ce731ea94dcd5d7f50a41ae33\",\"name\":\"Pova\u017esk\u00e9 m\u00fazeum\",\"image\":{\"@type\":\"ImageObject\",\"inLanguage\":\"sk-SK\",\"@id\":\"https:\\\/\\\/secure.gravatar.com\\\/avatar\\\/2bb7f1561282132fb5826dfeccc66c7996d11ee392ac6aaf7ced8a1c2027fbb2?s=96&d=mm&r=g\",\"url\":\"https:\\\/\\\/secure.gravatar.com\\\/avatar\\\/2bb7f1561282132fb5826dfeccc66c7996d11ee392ac6aaf7ced8a1c2027fbb2?s=96&d=mm&r=g\",\"contentUrl\":\"https:\\\/\\\/secure.gravatar.com\\\/avatar\\\/2bb7f1561282132fb5826dfeccc66c7996d11ee392ac6aaf7ced8a1c2027fbb2?s=96&d=mm&r=g\",\"caption\":\"Pova\u017esk\u00e9 m\u00fazeum\"}}]}<\/script>\n<!-- \/ Yoast SEO plugin. -->","yoast_head_json":{"title":"Knihy, \u013eudia, osudy - v\u00fdstava pred\u013a\u017een\u00e1 do 28. 2. 2016 - Pova\u017esk\u00e9 m\u00fazeum","robots":{"index":"index","follow":"follow","max-snippet":"max-snippet:-1","max-image-preview":"max-image-preview:large","max-video-preview":"max-video-preview:-1"},"canonical":"https:\/\/pmza.sk\/?p=14196","og_locale":"sk_SK","og_type":"article","og_title":"Knihy, \u013eudia, osudy - v\u00fdstava pred\u013a\u017een\u00e1 do 28. 2. 2016 - Pova\u017esk\u00e9 m\u00fazeum","og_description":"V\u00fdstava je spolo\u010dnou iniciat\u00edvou \u017dilinskej diec\u00e9zy, Slovenskej n\u00e1rodnej kni\u017enice, In\u0161tit\u00fatu Communio a\u00a0troch partnerov \u2013 Dubnick\u00e9ho m\u00fazea, Pova\u017esk\u00e9ho m\u00fazea a\u00a0Tur\u010dianskej kni\u017enice napl\u00e1novanou ako sprievodn\u00e9 podujatie k\u00a0T\u00fd\u017ed\u0148u kres\u0165anskej kult\u00fary. Ide\u00a0o\u00a0prezent\u00e1ciu historick\u00fdch tla\u010d\u00ed z historick\u00e9ho fondu \u017dilinskej diec\u00e9zy, prostredn\u00edctvom ktorej maj\u00fa z\u00e1ujemcovia mo\u017enos\u0165 vidie\u0165 knihy poch\u00e1dzaj\u00face z\u00a0obdobia 16. a\u017e 19. storo\u010dia. V\u00fdstava je rozdelen\u00e1 do nieko\u013ek\u00fdch tematick\u00fdch sekci\u00ed, [&hellip;]","og_url":"https:\/\/pmza.sk\/?p=14196","og_site_name":"Pova\u017esk\u00e9 m\u00fazeum","article_publisher":"https:\/\/www.facebook.com\/povazskemuzeum","article_published_time":"2015-12-19T11:32:30+00:00","og_image":[{"width":1014,"height":1434,"url":"https:\/\/pmza.sk\/wp-content\/uploads\/2015\/12\/knihy-ludia-osudy.jpg","type":"image\/jpeg"}],"author":"Pova\u017esk\u00e9 m\u00fazeum","twitter_card":"summary_large_image","twitter_misc":{"Autor":"Pova\u017esk\u00e9 m\u00fazeum","Predpokladan\u00fd \u010das \u010d\u00edtania":"1 min\u00fata"},"schema":{"@context":"https:\/\/schema.org","@graph":[{"@type":"Article","@id":"https:\/\/pmza.sk\/?p=14196#article","isPartOf":{"@id":"https:\/\/pmza.sk\/?p=14196"},"author":{"name":"Pova\u017esk\u00e9 m\u00fazeum","@id":"https:\/\/pmza.sk\/#\/schema\/person\/595e6a2ce731ea94dcd5d7f50a41ae33"},"headline":"Knihy, \u013eudia, osudy &#8211; v\u00fdstava pred\u013a\u017een\u00e1 do 28. 2. 2016","datePublished":"2015-12-19T11:32:30+00:00","mainEntityOfPage":{"@id":"https:\/\/pmza.sk\/?p=14196"},"wordCount":139,"publisher":{"@id":"https:\/\/pmza.sk\/#organization"},"image":{"@id":"https:\/\/pmza.sk\/?p=14196#primaryimage"},"thumbnailUrl":"https:\/\/pmza.sk\/wp-content\/uploads\/2015\/12\/knihy-ludia-osudy.jpg","articleSection":["Arch\u00edv 2016"],"inLanguage":"sk-SK"},{"@type":"WebPage","@id":"https:\/\/pmza.sk\/?p=14196","url":"https:\/\/pmza.sk\/?p=14196","name":"Knihy, \u013eudia, osudy - v\u00fdstava pred\u013a\u017een\u00e1 do 28. 2. 2016 - Pova\u017esk\u00e9 m\u00fazeum","isPartOf":{"@id":"https:\/\/pmza.sk\/#website"},"primaryImageOfPage":{"@id":"https:\/\/pmza.sk\/?p=14196#primaryimage"},"image":{"@id":"https:\/\/pmza.sk\/?p=14196#primaryimage"},"thumbnailUrl":"https:\/\/pmza.sk\/wp-content\/uploads\/2015\/12\/knihy-ludia-osudy.jpg","datePublished":"2015-12-19T11:32:30+00:00","breadcrumb":{"@id":"https:\/\/pmza.sk\/?p=14196#breadcrumb"},"inLanguage":"sk-SK","potentialAction":[{"@type":"ReadAction","target":["https:\/\/pmza.sk\/?p=14196"]}]},{"@type":"ImageObject","inLanguage":"sk-SK","@id":"https:\/\/pmza.sk\/?p=14196#primaryimage","url":"https:\/\/pmza.sk\/wp-content\/uploads\/2015\/12\/knihy-ludia-osudy.jpg","contentUrl":"https:\/\/pmza.sk\/wp-content\/uploads\/2015\/12\/knihy-ludia-osudy.jpg","width":1014,"height":1434},{"@type":"BreadcrumbList","@id":"https:\/\/pmza.sk\/?p=14196#breadcrumb","itemListElement":[{"@type":"ListItem","position":1,"name":"Domovsk\u00e1 str\u00e1nka","item":"https:\/\/pmza.sk\/"},{"@type":"ListItem","position":2,"name":"Knihy, \u013eudia, osudy &#8211; v\u00fdstava pred\u013a\u017een\u00e1 do 28. 2. 2016"}]},{"@type":"WebSite","@id":"https:\/\/pmza.sk\/#website","url":"https:\/\/pmza.sk\/","name":"Pova\u017esk\u00e9 m\u00fazeum","description":"Pova\u017esk\u00e9 m\u00fazeum v \u017diline je region\u00e1lne m\u00fazeum so s\u00eddlom v Budat\u00edne. Jeho expoz\u00edcie s\u00fa zameran\u00e9 na dejiny slovensk\u00e9ho umenia, kult\u00fary a dopravy.","publisher":{"@id":"https:\/\/pmza.sk\/#organization"},"potentialAction":[{"@type":"SearchAction","target":{"@type":"EntryPoint","urlTemplate":"https:\/\/pmza.sk\/?s={search_term_string}"},"query-input":{"@type":"PropertyValueSpecification","valueRequired":true,"valueName":"search_term_string"}}],"inLanguage":"sk-SK"},{"@type":"Organization","@id":"https:\/\/pmza.sk\/#organization","name":"Pova\u017esk\u00e9 m\u00fazeum","url":"https:\/\/pmza.sk\/","logo":{"@type":"ImageObject","inLanguage":"sk-SK","@id":"https:\/\/pmza.sk\/#\/schema\/logo\/image\/","url":"https:\/\/pmza.sk\/wp-content\/uploads\/2022\/01\/logo_PM_horizontal.jpg","contentUrl":"https:\/\/pmza.sk\/wp-content\/uploads\/2022\/01\/logo_PM_horizontal.jpg","width":231,"height":142,"caption":"Pova\u017esk\u00e9 m\u00fazeum"},"image":{"@id":"https:\/\/pmza.sk\/#\/schema\/logo\/image\/"},"sameAs":["https:\/\/www.facebook.com\/povazskemuzeum","https:\/\/www.instagram.com\/povazskemuzeum\/"]},{"@type":"Person","@id":"https:\/\/pmza.sk\/#\/schema\/person\/595e6a2ce731ea94dcd5d7f50a41ae33","name":"Pova\u017esk\u00e9 m\u00fazeum","image":{"@type":"ImageObject","inLanguage":"sk-SK","@id":"https:\/\/secure.gravatar.com\/avatar\/2bb7f1561282132fb5826dfeccc66c7996d11ee392ac6aaf7ced8a1c2027fbb2?s=96&d=mm&r=g","url":"https:\/\/secure.gravatar.com\/avatar\/2bb7f1561282132fb5826dfeccc66c7996d11ee392ac6aaf7ced8a1c2027fbb2?s=96&d=mm&r=g","contentUrl":"https:\/\/secure.gravatar.com\/avatar\/2bb7f1561282132fb5826dfeccc66c7996d11ee392ac6aaf7ced8a1c2027fbb2?s=96&d=mm&r=g","caption":"Pova\u017esk\u00e9 m\u00fazeum"}}]}},"_links":{"self":[{"href":"https:\/\/pmza.sk\/index.php?rest_route=\/wp\/v2\/posts\/14196","targetHints":{"allow":["GET"]}}],"collection":[{"href":"https:\/\/pmza.sk\/index.php?rest_route=\/wp\/v2\/posts"}],"about":[{"href":"https:\/\/pmza.sk\/index.php?rest_route=\/wp\/v2\/types\/post"}],"author":[{"embeddable":true,"href":"https:\/\/pmza.sk\/index.php?rest_route=\/wp\/v2\/users\/2"}],"replies":[{"embeddable":true,"href":"https:\/\/pmza.sk\/index.php?rest_route=%2Fwp%2Fv2%2Fcomments&post=14196"}],"version-history":[{"count":0,"href":"https:\/\/pmza.sk\/index.php?rest_route=\/wp\/v2\/posts\/14196\/revisions"}],"wp:featuredmedia":[{"embeddable":true,"href":"https:\/\/pmza.sk\/index.php?rest_route=\/wp\/v2\/media\/14452"}],"wp:attachment":[{"href":"https:\/\/pmza.sk\/index.php?rest_route=%2Fwp%2Fv2%2Fmedia&parent=14196"}],"wp:term":[{"taxonomy":"category","embeddable":true,"href":"https:\/\/pmza.sk\/index.php?rest_route=%2Fwp%2Fv2%2Fcategories&post=14196"},{"taxonomy":"post_tag","embeddable":true,"href":"https:\/\/pmza.sk\/index.php?rest_route=%2Fwp%2Fv2%2Ftags&post=14196"}],"curies":[{"name":"wp","href":"https:\/\/api.w.org\/{rel}","templated":true}]}}