{"id":1423,"date":"2010-11-08T07:54:02","date_gmt":"2010-11-08T06:54:02","guid":{"rendered":"https:\/\/pmza.sk.sk\/?p=1423"},"modified":"2010-11-08T07:54:02","modified_gmt":"2010-11-08T06:54:02","slug":"zeleznicna-historia-na-starych-pohladniciach","status":"publish","type":"post","link":"https:\/\/pmza.sk\/?p=1423","title":{"rendered":"\u017delezni\u010dn\u00e1 hist\u00f3ria  na star\u00fdch poh\u013eadniciach"},"content":{"rendered":"<p style=\"text-align: justify;\"><a href=\"https:\/\/pmza.sk\/wp-content\/uploads\/2010\/11\/LichPodTatrami.jpg\"><img decoding=\"async\" class=\"alignleft size-medium wp-image-1428\" style=\"margin-left: 3px; margin-right: 3px; border: 3px solid black;\" title=\"LichPodTatrami\" src=\"https:\/\/pmza.sk.sk\/wp-content\/uploads\/2010\/11\/LichPodTatrami-300x189.jpg\" alt=\"\" width=\"180\" height=\"113\" \/><\/a>Pova\u017esk\u00e9 m\u00fazeum v\u00a0\u017diline ako m\u00fazeum s\u00a0celoslovenskou \u0161pecializ\u00e1ciou pre oblas\u0165 dopravy m\u00e1 t\u00fato sez\u00f3nu za sebou nieko\u013eko \u00faspe\u0161n\u00fdch aktiv\u00edt, ktor\u00fdmi prispelo k\u00a0pripomenutiu si v\u00fdznamn\u00fdch v\u00fdro\u010d\u00ed existencie region\u00e1lnych \u017eelezni\u010dn\u00fdch trat\u00ed. Na za\u010diatku okt\u00f3bra sa konali \u0161tyri nostalgick\u00e9 jazdy historick\u00fdm motorov\u00fdm voz\u0148om Hurv\u00ednek na trati \u017dilina \u2013 Rajec, o\u00a0ktor\u00e9 bol mimoriadny z\u00e1ujem. Posledn\u00fd okt\u00f3brov\u00fd v\u00edkend sa m\u00fazeum organiza\u010dne spolupodia\u013ealo na oslav\u00e1ch st\u00e9ho v\u00fdro\u010dia otvorenia trate Tren\u010dianska Tepl\u00e1 \u2013 Lednick\u00e9 Rovne, kde okrem nostalgick\u00fdch j\u00e1zd Hurv\u00ednkom a\u00a0parn\u00fdm vlakom \u0165ahan\u00fdm ru\u0161\u0148om zn\u00e1mym pod prez\u00fdvkou U\u0161at\u00e1, bola verejnosti v predpremi\u00e9re predstaven\u00e1 v\u00fdstava <strong>\u017delezni\u010dn\u00e9 stanice Slovenska na star\u00fdch poh\u013eadniciach<\/strong>. Pr\u00e1ve t\u00e1to v\u00fdstava bude od 9. novembra 2010 do 31. janu\u00e1ra 2011 spr\u00edstupnen\u00e1 vo v\u00fdstavnej miestnosti Are\u00e1lu Budat\u00ednskeho hradu.<!--more--><\/p>\n<p style=\"text-align: justify;\">\u201e <em>Jednou z\u00a0rozsiahlej\u0161\u00edch \u010dast\u00ed zbierkov\u00e9ho fondu doprava s\u00fa historick\u00e9 poh\u013eadnice s\u00a0tematikou \u017eelezn\u00edc zachyt\u00e1vaj\u00face dobov\u00e9 poh\u013eady na \u017eelezni\u010dn\u00e9 stanice, respekt\u00edve \u017eelezni\u010dn\u00e9 trate vo v\u0161etk\u00fdch regi\u00f3noch Slovenska. V\u00fdstava pon\u00faka reprodukcie ale aj origin\u00e1lne poh\u013eadnice slovensk\u00fdch \u017eelezni\u010dn\u00fdch stan\u00edc datovan\u00e9 u\u017e od roku 1898. Je zauj\u00edmav\u00e9, \u010do v\u0161etko dok\u00e1\u017ee poh\u013eadnica vypoveda\u0165 a\u00a0ako vkusne p\u00f4sob\u00ed po\u00a0vyhotoven\u00ed jej reprodukcie v\u00a0nieko\u013ekon\u00e1sobnom zv\u00e4\u010d\u0161en\u00ed,<\/em>\u201c uviedol Peter \u0160imko, kur\u00e1tor v\u00fdstavy a\u00a0historik dopravy Pova\u017esk\u00e9ho m\u00fazea v\u00a0\u017diline.<\/p>\n<p style=\"text-align: justify;\">Poh\u013eadnice s\u00fa typovo zoraden\u00e9 do troch oblast\u00ed. Najkraj\u0161ie a\u00a0obsahovo najv\u00fdznamnej\u0161ie s\u00fa poh\u013eady na \u017eelezni\u010dn\u00e9 stanice, ktor\u00e9 dokumentuj\u00fa stani\u010dn\u00e9 budovy a\u00a0ich stavebn\u00e9 prvky v\u00a0\u010dasoch po\u010diatkov \u017eelezn\u00edc. Druh\u00fa skupinu poh\u013eadn\u00edc tvoria z\u00e1bery na trate \u2013 port\u00e1ly tunelov \u010di \u017eelezni\u010dn\u00e9 mosty. Poslednou skupinou s\u00fa poh\u013eadnice \u017eelezni\u010dn\u00fdch dr\u00e1hov\u00fdch vozidiel. \u201e<em>Medzi najkraj\u0161ie patr\u00ed kolorovan\u00e1 poh\u013eadnica s\u00a0ru\u0161\u0148om radu Ip Ko\u0161icko-bohum\u00ednskej \u017eeleznicde (354.9 \u010cSD) s\u00a0p\u00f3zuj\u00facimi zamestnancami Hlavnej strojnej dielne vo Vr\u00fatkach<\/em>,\u201c dodal Peter \u0160imko.<\/p>\n<p style=\"text-align: justify;\">V\u00fdstavu okrem toho dop\u013a\u0148aj\u00fa tri modely niektor\u00fdch slovensk\u00fdch stan\u00edc a model ko\u013eajiska, v\u00a0ktorom je zakomponovan\u00e1 samotn\u00e1 p\u00f4vodn\u00e1 \u017eilinsk\u00e1 \u017eelezni\u010dn\u00e1 stanica z\u00a0roku 1870. Zauj\u00edmav\u00fd je model stanice v\u00a0Ke\u017emarku, postavenej v\u00a0secesnom \u0161t\u00fdle, pova\u017eovan\u00e1 za najkraj\u0161iu na Slovensku. V\u00fdstavou<strong> \u017delezni\u010dn\u00e9 stanice Slovenska na star\u00fdch poh\u013eadniciach <\/strong>Pova\u017esk\u00e9 m\u00fazeum v\u00a0\u017diline symbolicky uzatv\u00e1ra \u00faspe\u0161n\u00fd rok dopravy a definit\u00edvnou bodkou za t\u00fdmto rokom bude Mikul\u00e1\u0161ska nostalgick\u00e1 jazda pre deti Hurv\u00ednkom patriacim Spolo\u010dnosti Pova\u017eskej dr\u00e1hy \u017dilina, op\u00e4\u0165 na \u017eilinsko-rajeckej trati d\u0148a 5. decembra 2010.<\/p>\n","protected":false},"excerpt":{"rendered":"<p>Pova\u017esk\u00e9 m\u00fazeum v\u00a0\u017diline ako m\u00fazeum s\u00a0celoslovenskou \u0161pecializ\u00e1ciou pre oblas\u0165 dopravy m\u00e1 t\u00fato sez\u00f3nu za sebou nieko\u013eko \u00faspe\u0161n\u00fdch aktiv\u00edt, ktor\u00fdmi prispelo k\u00a0pripomenutiu si v\u00fdznamn\u00fdch v\u00fdro\u010d\u00ed existencie region\u00e1lnych \u017eelezni\u010dn\u00fdch trat\u00ed. Na za\u010diatku okt\u00f3bra sa konali \u0161tyri nostalgick\u00e9 jazdy historick\u00fdm motorov\u00fdm voz\u0148om Hurv\u00ednek na trati \u017dilina \u2013 Rajec, o\u00a0ktor\u00e9 bol mimoriadny z\u00e1ujem. Posledn\u00fd okt\u00f3brov\u00fd v\u00edkend sa m\u00fazeum organiza\u010dne [&hellip;]<\/p>\n","protected":false},"author":2,"featured_media":0,"comment_status":"closed","ping_status":"closed","sticky":false,"template":"","format":"standard","meta":{"site-sidebar-layout":"default","site-content-layout":"","ast-site-content-layout":"","site-content-style":"default","site-sidebar-style":"default","ast-global-header-display":"","ast-banner-title-visibility":"","ast-main-header-display":"","ast-hfb-above-header-display":"","ast-hfb-below-header-display":"","ast-hfb-mobile-header-display":"","site-post-title":"","ast-breadcrumbs-content":"","ast-featured-img":"","footer-sml-layout":"","theme-transparent-header-meta":"","adv-header-id-meta":"","stick-header-meta":"","header-above-stick-meta":"","header-main-stick-meta":"","header-below-stick-meta":"","astra-migrate-meta-layouts":"default","ast-page-background-enabled":"default","ast-page-background-meta":{"desktop":{"background-color":"var(--ast-global-color-4)","background-image":"","background-repeat":"repeat","background-position":"center center","background-size":"auto","background-attachment":"scroll","background-type":"","background-media":"","overlay-type":"","overlay-color":"","overlay-opacity":"","overlay-gradient":""},"tablet":{"background-color":"","background-image":"","background-repeat":"repeat","background-position":"center center","background-size":"auto","background-attachment":"scroll","background-type":"","background-media":"","overlay-type":"","overlay-color":"","overlay-opacity":"","overlay-gradient":""},"mobile":{"background-color":"","background-image":"","background-repeat":"repeat","background-position":"center center","background-size":"auto","background-attachment":"scroll","background-type":"","background-media":"","overlay-type":"","overlay-color":"","overlay-opacity":"","overlay-gradient":""}},"ast-content-background-meta":{"desktop":{"background-color":"var(--ast-global-color-5)","background-image":"","background-repeat":"repeat","background-position":"center center","background-size":"auto","background-attachment":"scroll","background-type":"","background-media":"","overlay-type":"","overlay-color":"","overlay-opacity":"","overlay-gradient":""},"tablet":{"background-color":"var(--ast-global-color-5)","background-image":"","background-repeat":"repeat","background-position":"center center","background-size":"auto","background-attachment":"scroll","background-type":"","background-media":"","overlay-type":"","overlay-color":"","overlay-opacity":"","overlay-gradient":""},"mobile":{"background-color":"var(--ast-global-color-5)","background-image":"","background-repeat":"repeat","background-position":"center center","background-size":"auto","background-attachment":"scroll","background-type":"","background-media":"","overlay-type":"","overlay-color":"","overlay-opacity":"","overlay-gradient":""}},"footnotes":""},"categories":[29],"tags":[],"class_list":["post-1423","post","type-post","status-publish","format-standard","hentry","category-archiv-2010"],"yoast_head":"<!-- This site is optimized with the Yoast SEO plugin v27.4 - https:\/\/yoast.com\/product\/yoast-seo-wordpress\/ -->\n<title>\u017delezni\u010dn\u00e1 hist\u00f3ria na star\u00fdch poh\u013eadniciach - Pova\u017esk\u00e9 m\u00fazeum<\/title>\n<meta name=\"robots\" content=\"index, follow, max-snippet:-1, max-image-preview:large, max-video-preview:-1\" \/>\n<link rel=\"canonical\" href=\"https:\/\/pmza.sk\/?p=1423\" \/>\n<meta property=\"og:locale\" content=\"sk_SK\" \/>\n<meta property=\"og:type\" content=\"article\" \/>\n<meta property=\"og:title\" content=\"\u017delezni\u010dn\u00e1 hist\u00f3ria na star\u00fdch poh\u013eadniciach - Pova\u017esk\u00e9 m\u00fazeum\" \/>\n<meta property=\"og:description\" content=\"Pova\u017esk\u00e9 m\u00fazeum v\u00a0\u017diline ako m\u00fazeum s\u00a0celoslovenskou \u0161pecializ\u00e1ciou pre oblas\u0165 dopravy m\u00e1 t\u00fato sez\u00f3nu za sebou nieko\u013eko \u00faspe\u0161n\u00fdch aktiv\u00edt, ktor\u00fdmi prispelo k\u00a0pripomenutiu si v\u00fdznamn\u00fdch v\u00fdro\u010d\u00ed existencie region\u00e1lnych \u017eelezni\u010dn\u00fdch trat\u00ed. Na za\u010diatku okt\u00f3bra sa konali \u0161tyri nostalgick\u00e9 jazdy historick\u00fdm motorov\u00fdm voz\u0148om Hurv\u00ednek na trati \u017dilina \u2013 Rajec, o\u00a0ktor\u00e9 bol mimoriadny z\u00e1ujem. Posledn\u00fd okt\u00f3brov\u00fd v\u00edkend sa m\u00fazeum organiza\u010dne [&hellip;]\" \/>\n<meta property=\"og:url\" content=\"https:\/\/pmza.sk\/?p=1423\" \/>\n<meta property=\"og:site_name\" content=\"Pova\u017esk\u00e9 m\u00fazeum\" \/>\n<meta property=\"article:publisher\" content=\"https:\/\/www.facebook.com\/povazskemuzeum\" \/>\n<meta property=\"article:published_time\" content=\"2010-11-08T06:54:02+00:00\" \/>\n<meta property=\"og:image\" content=\"https:\/\/pmza.sk.sk\/wp-content\/uploads\/2010\/11\/LichPodTatrami-300x189.jpg\" \/>\n<meta name=\"author\" content=\"Pova\u017esk\u00e9 m\u00fazeum\" \/>\n<meta name=\"twitter:card\" content=\"summary_large_image\" \/>\n<meta name=\"twitter:label1\" content=\"Autor\" \/>\n\t<meta name=\"twitter:data1\" content=\"Pova\u017esk\u00e9 m\u00fazeum\" \/>\n\t<meta name=\"twitter:label2\" content=\"Predpokladan\u00fd \u010das \u010d\u00edtania\" \/>\n\t<meta name=\"twitter:data2\" content=\"2 min\u00faty\" \/>\n<script type=\"application\/ld+json\" class=\"yoast-schema-graph\">{\"@context\":\"https:\\\/\\\/schema.org\",\"@graph\":[{\"@type\":\"Article\",\"@id\":\"https:\\\/\\\/pmza.sk\\\/?p=1423#article\",\"isPartOf\":{\"@id\":\"https:\\\/\\\/pmza.sk\\\/?p=1423\"},\"author\":{\"name\":\"Pova\u017esk\u00e9 m\u00fazeum\",\"@id\":\"https:\\\/\\\/pmza.sk\\\/#\\\/schema\\\/person\\\/595e6a2ce731ea94dcd5d7f50a41ae33\"},\"headline\":\"\u017delezni\u010dn\u00e1 hist\u00f3ria na star\u00fdch poh\u013eadniciach\",\"datePublished\":\"2010-11-08T06:54:02+00:00\",\"mainEntityOfPage\":{\"@id\":\"https:\\\/\\\/pmza.sk\\\/?p=1423\"},\"wordCount\":483,\"publisher\":{\"@id\":\"https:\\\/\\\/pmza.sk\\\/#organization\"},\"image\":{\"@id\":\"https:\\\/\\\/pmza.sk\\\/?p=1423#primaryimage\"},\"thumbnailUrl\":\"http:\\\/\\\/pmza.sk.sk\\\/wp-content\\\/uploads\\\/2010\\\/11\\\/LichPodTatrami-300x189.jpg\",\"articleSection\":[\"Arch\u00edv 2010\"],\"inLanguage\":\"sk-SK\"},{\"@type\":\"WebPage\",\"@id\":\"https:\\\/\\\/pmza.sk\\\/?p=1423\",\"url\":\"https:\\\/\\\/pmza.sk\\\/?p=1423\",\"name\":\"\u017delezni\u010dn\u00e1 hist\u00f3ria na star\u00fdch poh\u013eadniciach - Pova\u017esk\u00e9 m\u00fazeum\",\"isPartOf\":{\"@id\":\"https:\\\/\\\/pmza.sk\\\/#website\"},\"primaryImageOfPage\":{\"@id\":\"https:\\\/\\\/pmza.sk\\\/?p=1423#primaryimage\"},\"image\":{\"@id\":\"https:\\\/\\\/pmza.sk\\\/?p=1423#primaryimage\"},\"thumbnailUrl\":\"http:\\\/\\\/pmza.sk.sk\\\/wp-content\\\/uploads\\\/2010\\\/11\\\/LichPodTatrami-300x189.jpg\",\"datePublished\":\"2010-11-08T06:54:02+00:00\",\"breadcrumb\":{\"@id\":\"https:\\\/\\\/pmza.sk\\\/?p=1423#breadcrumb\"},\"inLanguage\":\"sk-SK\",\"potentialAction\":[{\"@type\":\"ReadAction\",\"target\":[\"https:\\\/\\\/pmza.sk\\\/?p=1423\"]}]},{\"@type\":\"ImageObject\",\"inLanguage\":\"sk-SK\",\"@id\":\"https:\\\/\\\/pmza.sk\\\/?p=1423#primaryimage\",\"url\":\"http:\\\/\\\/pmza.sk.sk\\\/wp-content\\\/uploads\\\/2010\\\/11\\\/LichPodTatrami-300x189.jpg\",\"contentUrl\":\"http:\\\/\\\/pmza.sk.sk\\\/wp-content\\\/uploads\\\/2010\\\/11\\\/LichPodTatrami-300x189.jpg\"},{\"@type\":\"BreadcrumbList\",\"@id\":\"https:\\\/\\\/pmza.sk\\\/?p=1423#breadcrumb\",\"itemListElement\":[{\"@type\":\"ListItem\",\"position\":1,\"name\":\"Domovsk\u00e1 str\u00e1nka\",\"item\":\"https:\\\/\\\/pmza.sk\\\/\"},{\"@type\":\"ListItem\",\"position\":2,\"name\":\"\u017delezni\u010dn\u00e1 hist\u00f3ria na star\u00fdch poh\u013eadniciach\"}]},{\"@type\":\"WebSite\",\"@id\":\"https:\\\/\\\/pmza.sk\\\/#website\",\"url\":\"https:\\\/\\\/pmza.sk\\\/\",\"name\":\"Pova\u017esk\u00e9 m\u00fazeum\",\"description\":\"Pova\u017esk\u00e9 m\u00fazeum v \u017diline je region\u00e1lne m\u00fazeum so s\u00eddlom v Budat\u00edne. Jeho expoz\u00edcie s\u00fa zameran\u00e9 na dejiny slovensk\u00e9ho umenia, kult\u00fary a dopravy.\",\"publisher\":{\"@id\":\"https:\\\/\\\/pmza.sk\\\/#organization\"},\"potentialAction\":[{\"@type\":\"SearchAction\",\"target\":{\"@type\":\"EntryPoint\",\"urlTemplate\":\"https:\\\/\\\/pmza.sk\\\/?s={search_term_string}\"},\"query-input\":{\"@type\":\"PropertyValueSpecification\",\"valueRequired\":true,\"valueName\":\"search_term_string\"}}],\"inLanguage\":\"sk-SK\"},{\"@type\":\"Organization\",\"@id\":\"https:\\\/\\\/pmza.sk\\\/#organization\",\"name\":\"Pova\u017esk\u00e9 m\u00fazeum\",\"url\":\"https:\\\/\\\/pmza.sk\\\/\",\"logo\":{\"@type\":\"ImageObject\",\"inLanguage\":\"sk-SK\",\"@id\":\"https:\\\/\\\/pmza.sk\\\/#\\\/schema\\\/logo\\\/image\\\/\",\"url\":\"https:\\\/\\\/pmza.sk\\\/wp-content\\\/uploads\\\/2022\\\/01\\\/logo_PM_horizontal.jpg\",\"contentUrl\":\"https:\\\/\\\/pmza.sk\\\/wp-content\\\/uploads\\\/2022\\\/01\\\/logo_PM_horizontal.jpg\",\"width\":231,\"height\":142,\"caption\":\"Pova\u017esk\u00e9 m\u00fazeum\"},\"image\":{\"@id\":\"https:\\\/\\\/pmza.sk\\\/#\\\/schema\\\/logo\\\/image\\\/\"},\"sameAs\":[\"https:\\\/\\\/www.facebook.com\\\/povazskemuzeum\",\"https:\\\/\\\/www.instagram.com\\\/povazskemuzeum\\\/\"]},{\"@type\":\"Person\",\"@id\":\"https:\\\/\\\/pmza.sk\\\/#\\\/schema\\\/person\\\/595e6a2ce731ea94dcd5d7f50a41ae33\",\"name\":\"Pova\u017esk\u00e9 m\u00fazeum\",\"image\":{\"@type\":\"ImageObject\",\"inLanguage\":\"sk-SK\",\"@id\":\"https:\\\/\\\/secure.gravatar.com\\\/avatar\\\/2bb7f1561282132fb5826dfeccc66c7996d11ee392ac6aaf7ced8a1c2027fbb2?s=96&d=mm&r=g\",\"url\":\"https:\\\/\\\/secure.gravatar.com\\\/avatar\\\/2bb7f1561282132fb5826dfeccc66c7996d11ee392ac6aaf7ced8a1c2027fbb2?s=96&d=mm&r=g\",\"contentUrl\":\"https:\\\/\\\/secure.gravatar.com\\\/avatar\\\/2bb7f1561282132fb5826dfeccc66c7996d11ee392ac6aaf7ced8a1c2027fbb2?s=96&d=mm&r=g\",\"caption\":\"Pova\u017esk\u00e9 m\u00fazeum\"}}]}<\/script>\n<!-- \/ Yoast SEO plugin. -->","yoast_head_json":{"title":"\u017delezni\u010dn\u00e1 hist\u00f3ria na star\u00fdch poh\u013eadniciach - Pova\u017esk\u00e9 m\u00fazeum","robots":{"index":"index","follow":"follow","max-snippet":"max-snippet:-1","max-image-preview":"max-image-preview:large","max-video-preview":"max-video-preview:-1"},"canonical":"https:\/\/pmza.sk\/?p=1423","og_locale":"sk_SK","og_type":"article","og_title":"\u017delezni\u010dn\u00e1 hist\u00f3ria na star\u00fdch poh\u013eadniciach - Pova\u017esk\u00e9 m\u00fazeum","og_description":"Pova\u017esk\u00e9 m\u00fazeum v\u00a0\u017diline ako m\u00fazeum s\u00a0celoslovenskou \u0161pecializ\u00e1ciou pre oblas\u0165 dopravy m\u00e1 t\u00fato sez\u00f3nu za sebou nieko\u013eko \u00faspe\u0161n\u00fdch aktiv\u00edt, ktor\u00fdmi prispelo k\u00a0pripomenutiu si v\u00fdznamn\u00fdch v\u00fdro\u010d\u00ed existencie region\u00e1lnych \u017eelezni\u010dn\u00fdch trat\u00ed. Na za\u010diatku okt\u00f3bra sa konali \u0161tyri nostalgick\u00e9 jazdy historick\u00fdm motorov\u00fdm voz\u0148om Hurv\u00ednek na trati \u017dilina \u2013 Rajec, o\u00a0ktor\u00e9 bol mimoriadny z\u00e1ujem. Posledn\u00fd okt\u00f3brov\u00fd v\u00edkend sa m\u00fazeum organiza\u010dne [&hellip;]","og_url":"https:\/\/pmza.sk\/?p=1423","og_site_name":"Pova\u017esk\u00e9 m\u00fazeum","article_publisher":"https:\/\/www.facebook.com\/povazskemuzeum","article_published_time":"2010-11-08T06:54:02+00:00","og_image":[{"url":"https:\/\/pmza.sk.sk\/wp-content\/uploads\/2010\/11\/LichPodTatrami-300x189.jpg","type":"","width":"","height":""}],"author":"Pova\u017esk\u00e9 m\u00fazeum","twitter_card":"summary_large_image","twitter_misc":{"Autor":"Pova\u017esk\u00e9 m\u00fazeum","Predpokladan\u00fd \u010das \u010d\u00edtania":"2 min\u00faty"},"schema":{"@context":"https:\/\/schema.org","@graph":[{"@type":"Article","@id":"https:\/\/pmza.sk\/?p=1423#article","isPartOf":{"@id":"https:\/\/pmza.sk\/?p=1423"},"author":{"name":"Pova\u017esk\u00e9 m\u00fazeum","@id":"https:\/\/pmza.sk\/#\/schema\/person\/595e6a2ce731ea94dcd5d7f50a41ae33"},"headline":"\u017delezni\u010dn\u00e1 hist\u00f3ria na star\u00fdch poh\u013eadniciach","datePublished":"2010-11-08T06:54:02+00:00","mainEntityOfPage":{"@id":"https:\/\/pmza.sk\/?p=1423"},"wordCount":483,"publisher":{"@id":"https:\/\/pmza.sk\/#organization"},"image":{"@id":"https:\/\/pmza.sk\/?p=1423#primaryimage"},"thumbnailUrl":"https:\/\/pmza.sk.sk\/wp-content\/uploads\/2010\/11\/LichPodTatrami-300x189.jpg","articleSection":["Arch\u00edv 2010"],"inLanguage":"sk-SK"},{"@type":"WebPage","@id":"https:\/\/pmza.sk\/?p=1423","url":"https:\/\/pmza.sk\/?p=1423","name":"\u017delezni\u010dn\u00e1 hist\u00f3ria na star\u00fdch poh\u013eadniciach - Pova\u017esk\u00e9 m\u00fazeum","isPartOf":{"@id":"https:\/\/pmza.sk\/#website"},"primaryImageOfPage":{"@id":"https:\/\/pmza.sk\/?p=1423#primaryimage"},"image":{"@id":"https:\/\/pmza.sk\/?p=1423#primaryimage"},"thumbnailUrl":"https:\/\/pmza.sk.sk\/wp-content\/uploads\/2010\/11\/LichPodTatrami-300x189.jpg","datePublished":"2010-11-08T06:54:02+00:00","breadcrumb":{"@id":"https:\/\/pmza.sk\/?p=1423#breadcrumb"},"inLanguage":"sk-SK","potentialAction":[{"@type":"ReadAction","target":["https:\/\/pmza.sk\/?p=1423"]}]},{"@type":"ImageObject","inLanguage":"sk-SK","@id":"https:\/\/pmza.sk\/?p=1423#primaryimage","url":"https:\/\/pmza.sk.sk\/wp-content\/uploads\/2010\/11\/LichPodTatrami-300x189.jpg","contentUrl":"https:\/\/pmza.sk.sk\/wp-content\/uploads\/2010\/11\/LichPodTatrami-300x189.jpg"},{"@type":"BreadcrumbList","@id":"https:\/\/pmza.sk\/?p=1423#breadcrumb","itemListElement":[{"@type":"ListItem","position":1,"name":"Domovsk\u00e1 str\u00e1nka","item":"https:\/\/pmza.sk\/"},{"@type":"ListItem","position":2,"name":"\u017delezni\u010dn\u00e1 hist\u00f3ria na star\u00fdch poh\u013eadniciach"}]},{"@type":"WebSite","@id":"https:\/\/pmza.sk\/#website","url":"https:\/\/pmza.sk\/","name":"Pova\u017esk\u00e9 m\u00fazeum","description":"Pova\u017esk\u00e9 m\u00fazeum v \u017diline je region\u00e1lne m\u00fazeum so s\u00eddlom v Budat\u00edne. Jeho expoz\u00edcie s\u00fa zameran\u00e9 na dejiny slovensk\u00e9ho umenia, kult\u00fary a dopravy.","publisher":{"@id":"https:\/\/pmza.sk\/#organization"},"potentialAction":[{"@type":"SearchAction","target":{"@type":"EntryPoint","urlTemplate":"https:\/\/pmza.sk\/?s={search_term_string}"},"query-input":{"@type":"PropertyValueSpecification","valueRequired":true,"valueName":"search_term_string"}}],"inLanguage":"sk-SK"},{"@type":"Organization","@id":"https:\/\/pmza.sk\/#organization","name":"Pova\u017esk\u00e9 m\u00fazeum","url":"https:\/\/pmza.sk\/","logo":{"@type":"ImageObject","inLanguage":"sk-SK","@id":"https:\/\/pmza.sk\/#\/schema\/logo\/image\/","url":"https:\/\/pmza.sk\/wp-content\/uploads\/2022\/01\/logo_PM_horizontal.jpg","contentUrl":"https:\/\/pmza.sk\/wp-content\/uploads\/2022\/01\/logo_PM_horizontal.jpg","width":231,"height":142,"caption":"Pova\u017esk\u00e9 m\u00fazeum"},"image":{"@id":"https:\/\/pmza.sk\/#\/schema\/logo\/image\/"},"sameAs":["https:\/\/www.facebook.com\/povazskemuzeum","https:\/\/www.instagram.com\/povazskemuzeum\/"]},{"@type":"Person","@id":"https:\/\/pmza.sk\/#\/schema\/person\/595e6a2ce731ea94dcd5d7f50a41ae33","name":"Pova\u017esk\u00e9 m\u00fazeum","image":{"@type":"ImageObject","inLanguage":"sk-SK","@id":"https:\/\/secure.gravatar.com\/avatar\/2bb7f1561282132fb5826dfeccc66c7996d11ee392ac6aaf7ced8a1c2027fbb2?s=96&d=mm&r=g","url":"https:\/\/secure.gravatar.com\/avatar\/2bb7f1561282132fb5826dfeccc66c7996d11ee392ac6aaf7ced8a1c2027fbb2?s=96&d=mm&r=g","contentUrl":"https:\/\/secure.gravatar.com\/avatar\/2bb7f1561282132fb5826dfeccc66c7996d11ee392ac6aaf7ced8a1c2027fbb2?s=96&d=mm&r=g","caption":"Pova\u017esk\u00e9 m\u00fazeum"}}]}},"_links":{"self":[{"href":"https:\/\/pmza.sk\/index.php?rest_route=\/wp\/v2\/posts\/1423","targetHints":{"allow":["GET"]}}],"collection":[{"href":"https:\/\/pmza.sk\/index.php?rest_route=\/wp\/v2\/posts"}],"about":[{"href":"https:\/\/pmza.sk\/index.php?rest_route=\/wp\/v2\/types\/post"}],"author":[{"embeddable":true,"href":"https:\/\/pmza.sk\/index.php?rest_route=\/wp\/v2\/users\/2"}],"replies":[{"embeddable":true,"href":"https:\/\/pmza.sk\/index.php?rest_route=%2Fwp%2Fv2%2Fcomments&post=1423"}],"version-history":[{"count":0,"href":"https:\/\/pmza.sk\/index.php?rest_route=\/wp\/v2\/posts\/1423\/revisions"}],"wp:attachment":[{"href":"https:\/\/pmza.sk\/index.php?rest_route=%2Fwp%2Fv2%2Fmedia&parent=1423"}],"wp:term":[{"taxonomy":"category","embeddable":true,"href":"https:\/\/pmza.sk\/index.php?rest_route=%2Fwp%2Fv2%2Fcategories&post=1423"},{"taxonomy":"post_tag","embeddable":true,"href":"https:\/\/pmza.sk\/index.php?rest_route=%2Fwp%2Fv2%2Ftags&post=1423"}],"curies":[{"name":"wp","href":"https:\/\/api.w.org\/{rel}","templated":true}]}}