{"id":14287,"date":"2015-12-05T10:02:15","date_gmt":"2015-12-05T09:02:15","guid":{"rendered":"https:\/\/pmza.sk.sk\/?p=14287"},"modified":"2015-12-05T10:02:15","modified_gmt":"2015-12-05T09:02:15","slug":"advent-v-sobasnom-palaci-v-bytci","status":"publish","type":"post","link":"https:\/\/pmza.sk\/?p=14287","title":{"rendered":"Adventn\u00fd \u010das sme pre\u017e\u00edvali v Sob\u00e1\u0161nom pal\u00e1ci v Byt\u010di"},"content":{"rendered":"<p>V historick\u00fdch priestoroch renesan\u010dn\u00e9ho Sob\u00e1\u0161neho pal\u00e1ca v\u00a0Byt\u010di sa v\u00a0mesiaci december konali podujatia s n\u00e1dychom viano\u010dnej atmosf\u00e9ry. Do adventn\u00e9ho obdobia sme vkro\u010dili v\u010faka unik\u00e1tnemu projektu Rozhlasu a telev\u00edzie Slovenska (RTVS), ktor\u00fd sp\u00e1ja umenie a kult\u00faru s u\u0161\u013eachtil\u00fdm charitat\u00edvnym rozmerom \u2013 koncertom Slovensko 2015 Advent. Div\u00e1kov Viano\u010dn\u00e9ho koncertu, ktor\u00fd sa v\u00a0pal\u00e1ci konal nasleduj\u00faci de\u0148, si podmanilo vyst\u00fapenie opern\u00e9ho spev\u00e1ka Martina Babjaka a\u00a0jeho host\u00ed. N\u00e1v\u0161tevn\u00edci Viano\u010dn\u00e9ho mal\u00e9ho trhu, ktor\u00fd v\u00a0Sob\u00e1\u0161nom pal\u00e1ci zorganizovalo Ob\u010dianske zdru\u017eenie Za slu\u0161nej\u0161iu Byt\u010du pre v\u0161etk\u00fdch, si mohli vychutna\u0165 prav\u00fa atmosf\u00e9ru bl\u00ed\u017eiacich sa sviatkov v kruhu \u0161ikovn\u00fdch \u013eud\u00ed, pokocha\u0165 sa ich v\u00fdrobkami, pr\u00edpadne ochutna\u0165 prav\u00e9 \u0161peciality dom\u00e1cej kuchyne. Okrem viano\u010dn\u00fdch v\u00fdrobkov, ozd\u00f4b, dar\u010dekov a jed\u00e1l spestrili podujatie aj vyst\u00fapenia det\u00ed z byt\u010dianskych \u0161k\u00f4l a spev\u00e1cky zbor Gloria Deo.<\/p>\n<p>\u010eakujeme v\u0161etk\u00fdm, ktor\u00ed n\u00e1m pom\u00e1haj\u00fa zvidite\u013eni\u0165 tento jedine\u010dn\u00fd priestor.<\/p>\n<figure id=\"attachment_14290\" aria-describedby=\"caption-attachment-14290\" style=\"width: 300px\" class=\"wp-caption aligncenter\"><a href=\"https:\/\/pmza.sk\/wp-content\/uploads\/2015\/12\/Slovensko-2015-Advent-Bytca-scaled-1.jpg\"><img fetchpriority=\"high\" decoding=\"async\" class=\"wp-image-14290 size-medium\" src=\"https:\/\/pmza.sk.sk\/wp-content\/uploads\/2015\/12\/Slovensko-2015-Advent-Byt\u010da-300x225.jpg\" alt=\"Slovensko 2015 Advent - Byt\u010da\" width=\"300\" height=\"225\" \/><\/a><figcaption id=\"caption-attachment-14290\" class=\"wp-caption-text\">Slovensko 2015 Advent (4. 12. 2015)<\/figcaption><\/figure>\n<figure id=\"attachment_14291\" aria-describedby=\"caption-attachment-14291\" style=\"width: 300px\" class=\"wp-caption aligncenter\"><a href=\"https:\/\/pmza.sk\/wp-content\/uploads\/2015\/12\/Vianocny-koncert-Martina-Babjaka.jpg\"><img decoding=\"async\" class=\"wp-image-14291 size-medium\" src=\"https:\/\/pmza.sk.sk\/wp-content\/uploads\/2015\/12\/Viano\u010dn\u00fd-koncert-Martina-Babjaka-300x200.jpg\" alt=\"Viano\u010dn\u00fd koncert Martina Babjaka\" width=\"300\" height=\"200\" \/><\/a><figcaption id=\"caption-attachment-14291\" class=\"wp-caption-text\">Viano\u010dn\u00fd koncert Martina Babjaka a jeho host\u00ed (5. 12. 2015)<\/figcaption><\/figure>\n<figure id=\"attachment_14289\" aria-describedby=\"caption-attachment-14289\" style=\"width: 300px\" class=\"wp-caption aligncenter\"><a href=\"https:\/\/pmza.sk\/wp-content\/uploads\/2015\/12\/Vianocny-maly-trh.jpg\"><img decoding=\"async\" class=\"wp-image-14289 size-medium\" src=\"https:\/\/pmza.sk.sk\/wp-content\/uploads\/2015\/12\/Viano\u010dn\u00fd-mal\u00fd-trh-300x225.jpg\" alt=\"OLYMPUS DIGITAL CAMERA\" width=\"300\" height=\"225\" \/><\/a><figcaption id=\"caption-attachment-14289\" class=\"wp-caption-text\">Viano\u010dn\u00fd mal\u00fd trh (12. 12. 2015)<\/figcaption><\/figure>\n<p style=\"text-align: center;\">\n","protected":false},"excerpt":{"rendered":"<p>V historick\u00fdch priestoroch renesan\u010dn\u00e9ho Sob\u00e1\u0161neho pal\u00e1ca v\u00a0Byt\u010di sa v\u00a0mesiaci december konali podujatia s n\u00e1dychom viano\u010dnej atmosf\u00e9ry. Do adventn\u00e9ho obdobia sme vkro\u010dili v\u010faka unik\u00e1tnemu projektu Rozhlasu a telev\u00edzie Slovenska (RTVS), ktor\u00fd sp\u00e1ja umenie a kult\u00faru s u\u0161\u013eachtil\u00fdm charitat\u00edvnym rozmerom \u2013 koncertom Slovensko 2015 Advent. Div\u00e1kov Viano\u010dn\u00e9ho koncertu, ktor\u00fd sa v\u00a0pal\u00e1ci konal nasleduj\u00faci de\u0148, si podmanilo vyst\u00fapenie [&hellip;]<\/p>\n","protected":false},"author":2,"featured_media":14290,"comment_status":"closed","ping_status":"closed","sticky":false,"template":"","format":"standard","meta":{"site-sidebar-layout":"default","site-content-layout":"","ast-site-content-layout":"","site-content-style":"default","site-sidebar-style":"default","ast-global-header-display":"","ast-banner-title-visibility":"","ast-main-header-display":"","ast-hfb-above-header-display":"","ast-hfb-below-header-display":"","ast-hfb-mobile-header-display":"","site-post-title":"","ast-breadcrumbs-content":"","ast-featured-img":"","footer-sml-layout":"","theme-transparent-header-meta":"","adv-header-id-meta":"","stick-header-meta":"","header-above-stick-meta":"","header-main-stick-meta":"","header-below-stick-meta":"","astra-migrate-meta-layouts":"default","ast-page-background-enabled":"default","ast-page-background-meta":{"desktop":{"background-color":"var(--ast-global-color-4)","background-image":"","background-repeat":"repeat","background-position":"center center","background-size":"auto","background-attachment":"scroll","background-type":"","background-media":"","overlay-type":"","overlay-color":"","overlay-opacity":"","overlay-gradient":""},"tablet":{"background-color":"","background-image":"","background-repeat":"repeat","background-position":"center center","background-size":"auto","background-attachment":"scroll","background-type":"","background-media":"","overlay-type":"","overlay-color":"","overlay-opacity":"","overlay-gradient":""},"mobile":{"background-color":"","background-image":"","background-repeat":"repeat","background-position":"center center","background-size":"auto","background-attachment":"scroll","background-type":"","background-media":"","overlay-type":"","overlay-color":"","overlay-opacity":"","overlay-gradient":""}},"ast-content-background-meta":{"desktop":{"background-color":"var(--ast-global-color-5)","background-image":"","background-repeat":"repeat","background-position":"center center","background-size":"auto","background-attachment":"scroll","background-type":"","background-media":"","overlay-type":"","overlay-color":"","overlay-opacity":"","overlay-gradient":""},"tablet":{"background-color":"var(--ast-global-color-5)","background-image":"","background-repeat":"repeat","background-position":"center center","background-size":"auto","background-attachment":"scroll","background-type":"","background-media":"","overlay-type":"","overlay-color":"","overlay-opacity":"","overlay-gradient":""},"mobile":{"background-color":"var(--ast-global-color-5)","background-image":"","background-repeat":"repeat","background-position":"center center","background-size":"auto","background-attachment":"scroll","background-type":"","background-media":"","overlay-type":"","overlay-color":"","overlay-opacity":"","overlay-gradient":""}},"footnotes":""},"categories":[38],"tags":[],"class_list":["post-14287","post","type-post","status-publish","format-standard","has-post-thumbnail","hentry","category-archiv-2015"],"yoast_head":"<!-- This site is optimized with the Yoast SEO plugin v27.4 - https:\/\/yoast.com\/product\/yoast-seo-wordpress\/ -->\n<title>Adventn\u00fd \u010das sme pre\u017e\u00edvali v Sob\u00e1\u0161nom pal\u00e1ci v Byt\u010di - Pova\u017esk\u00e9 m\u00fazeum<\/title>\n<meta name=\"robots\" content=\"index, follow, max-snippet:-1, max-image-preview:large, max-video-preview:-1\" \/>\n<link rel=\"canonical\" href=\"https:\/\/pmza.sk\/?p=14287\" \/>\n<meta property=\"og:locale\" content=\"sk_SK\" \/>\n<meta property=\"og:type\" content=\"article\" \/>\n<meta property=\"og:title\" content=\"Adventn\u00fd \u010das sme pre\u017e\u00edvali v Sob\u00e1\u0161nom pal\u00e1ci v Byt\u010di - Pova\u017esk\u00e9 m\u00fazeum\" \/>\n<meta property=\"og:description\" content=\"V historick\u00fdch priestoroch renesan\u010dn\u00e9ho Sob\u00e1\u0161neho pal\u00e1ca v\u00a0Byt\u010di sa v\u00a0mesiaci december konali podujatia s n\u00e1dychom viano\u010dnej atmosf\u00e9ry. Do adventn\u00e9ho obdobia sme vkro\u010dili v\u010faka unik\u00e1tnemu projektu Rozhlasu a telev\u00edzie Slovenska (RTVS), ktor\u00fd sp\u00e1ja umenie a kult\u00faru s u\u0161\u013eachtil\u00fdm charitat\u00edvnym rozmerom \u2013 koncertom Slovensko 2015 Advent. Div\u00e1kov Viano\u010dn\u00e9ho koncertu, ktor\u00fd sa v\u00a0pal\u00e1ci konal nasleduj\u00faci de\u0148, si podmanilo vyst\u00fapenie [&hellip;]\" \/>\n<meta property=\"og:url\" content=\"https:\/\/pmza.sk\/?p=14287\" \/>\n<meta property=\"og:site_name\" content=\"Pova\u017esk\u00e9 m\u00fazeum\" \/>\n<meta property=\"article:publisher\" content=\"https:\/\/www.facebook.com\/povazskemuzeum\" \/>\n<meta property=\"article:published_time\" content=\"2015-12-05T09:02:15+00:00\" \/>\n<meta property=\"og:image\" content=\"https:\/\/pmza.sk\/wp-content\/uploads\/2015\/12\/Slovensko-2015-Advent-Bytca-scaled-1.jpg\" \/>\n\t<meta property=\"og:image:width\" content=\"2560\" \/>\n\t<meta property=\"og:image:height\" content=\"1920\" \/>\n\t<meta property=\"og:image:type\" content=\"image\/jpeg\" \/>\n<meta name=\"author\" content=\"Pova\u017esk\u00e9 m\u00fazeum\" \/>\n<meta name=\"twitter:card\" content=\"summary_large_image\" \/>\n<meta name=\"twitter:label1\" content=\"Autor\" \/>\n\t<meta name=\"twitter:data1\" content=\"Pova\u017esk\u00e9 m\u00fazeum\" \/>\n\t<meta name=\"twitter:label2\" content=\"Predpokladan\u00fd \u010das \u010d\u00edtania\" \/>\n\t<meta name=\"twitter:data2\" content=\"1 min\u00fata\" \/>\n<script type=\"application\/ld+json\" class=\"yoast-schema-graph\">{\"@context\":\"https:\\\/\\\/schema.org\",\"@graph\":[{\"@type\":\"Article\",\"@id\":\"https:\\\/\\\/pmza.sk\\\/?p=14287#article\",\"isPartOf\":{\"@id\":\"https:\\\/\\\/pmza.sk\\\/?p=14287\"},\"author\":{\"name\":\"Pova\u017esk\u00e9 m\u00fazeum\",\"@id\":\"https:\\\/\\\/pmza.sk\\\/#\\\/schema\\\/person\\\/595e6a2ce731ea94dcd5d7f50a41ae33\"},\"headline\":\"Adventn\u00fd \u010das sme pre\u017e\u00edvali v Sob\u00e1\u0161nom pal\u00e1ci v Byt\u010di\",\"datePublished\":\"2015-12-05T09:02:15+00:00\",\"mainEntityOfPage\":{\"@id\":\"https:\\\/\\\/pmza.sk\\\/?p=14287\"},\"wordCount\":242,\"publisher\":{\"@id\":\"https:\\\/\\\/pmza.sk\\\/#organization\"},\"image\":{\"@id\":\"https:\\\/\\\/pmza.sk\\\/?p=14287#primaryimage\"},\"thumbnailUrl\":\"https:\\\/\\\/pmza.sk\\\/wp-content\\\/uploads\\\/2015\\\/12\\\/Slovensko-2015-Advent-Bytca-scaled-1.jpg\",\"articleSection\":[\"Arch\u00edv 2015\"],\"inLanguage\":\"sk-SK\"},{\"@type\":\"WebPage\",\"@id\":\"https:\\\/\\\/pmza.sk\\\/?p=14287\",\"url\":\"https:\\\/\\\/pmza.sk\\\/?p=14287\",\"name\":\"Adventn\u00fd \u010das sme pre\u017e\u00edvali v Sob\u00e1\u0161nom pal\u00e1ci v Byt\u010di - Pova\u017esk\u00e9 m\u00fazeum\",\"isPartOf\":{\"@id\":\"https:\\\/\\\/pmza.sk\\\/#website\"},\"primaryImageOfPage\":{\"@id\":\"https:\\\/\\\/pmza.sk\\\/?p=14287#primaryimage\"},\"image\":{\"@id\":\"https:\\\/\\\/pmza.sk\\\/?p=14287#primaryimage\"},\"thumbnailUrl\":\"https:\\\/\\\/pmza.sk\\\/wp-content\\\/uploads\\\/2015\\\/12\\\/Slovensko-2015-Advent-Bytca-scaled-1.jpg\",\"datePublished\":\"2015-12-05T09:02:15+00:00\",\"breadcrumb\":{\"@id\":\"https:\\\/\\\/pmza.sk\\\/?p=14287#breadcrumb\"},\"inLanguage\":\"sk-SK\",\"potentialAction\":[{\"@type\":\"ReadAction\",\"target\":[\"https:\\\/\\\/pmza.sk\\\/?p=14287\"]}]},{\"@type\":\"ImageObject\",\"inLanguage\":\"sk-SK\",\"@id\":\"https:\\\/\\\/pmza.sk\\\/?p=14287#primaryimage\",\"url\":\"https:\\\/\\\/pmza.sk\\\/wp-content\\\/uploads\\\/2015\\\/12\\\/Slovensko-2015-Advent-Bytca-scaled-1.jpg\",\"contentUrl\":\"https:\\\/\\\/pmza.sk\\\/wp-content\\\/uploads\\\/2015\\\/12\\\/Slovensko-2015-Advent-Bytca-scaled-1.jpg\",\"width\":2560,\"height\":1920},{\"@type\":\"BreadcrumbList\",\"@id\":\"https:\\\/\\\/pmza.sk\\\/?p=14287#breadcrumb\",\"itemListElement\":[{\"@type\":\"ListItem\",\"position\":1,\"name\":\"Domovsk\u00e1 str\u00e1nka\",\"item\":\"https:\\\/\\\/pmza.sk\\\/\"},{\"@type\":\"ListItem\",\"position\":2,\"name\":\"Adventn\u00fd \u010das sme pre\u017e\u00edvali v Sob\u00e1\u0161nom pal\u00e1ci v Byt\u010di\"}]},{\"@type\":\"WebSite\",\"@id\":\"https:\\\/\\\/pmza.sk\\\/#website\",\"url\":\"https:\\\/\\\/pmza.sk\\\/\",\"name\":\"Pova\u017esk\u00e9 m\u00fazeum\",\"description\":\"Pova\u017esk\u00e9 m\u00fazeum v \u017diline je region\u00e1lne m\u00fazeum so s\u00eddlom v Budat\u00edne. Jeho expoz\u00edcie s\u00fa zameran\u00e9 na dejiny slovensk\u00e9ho umenia, kult\u00fary a dopravy.\",\"publisher\":{\"@id\":\"https:\\\/\\\/pmza.sk\\\/#organization\"},\"potentialAction\":[{\"@type\":\"SearchAction\",\"target\":{\"@type\":\"EntryPoint\",\"urlTemplate\":\"https:\\\/\\\/pmza.sk\\\/?s={search_term_string}\"},\"query-input\":{\"@type\":\"PropertyValueSpecification\",\"valueRequired\":true,\"valueName\":\"search_term_string\"}}],\"inLanguage\":\"sk-SK\"},{\"@type\":\"Organization\",\"@id\":\"https:\\\/\\\/pmza.sk\\\/#organization\",\"name\":\"Pova\u017esk\u00e9 m\u00fazeum\",\"url\":\"https:\\\/\\\/pmza.sk\\\/\",\"logo\":{\"@type\":\"ImageObject\",\"inLanguage\":\"sk-SK\",\"@id\":\"https:\\\/\\\/pmza.sk\\\/#\\\/schema\\\/logo\\\/image\\\/\",\"url\":\"https:\\\/\\\/pmza.sk\\\/wp-content\\\/uploads\\\/2022\\\/01\\\/logo_PM_horizontal.jpg\",\"contentUrl\":\"https:\\\/\\\/pmza.sk\\\/wp-content\\\/uploads\\\/2022\\\/01\\\/logo_PM_horizontal.jpg\",\"width\":231,\"height\":142,\"caption\":\"Pova\u017esk\u00e9 m\u00fazeum\"},\"image\":{\"@id\":\"https:\\\/\\\/pmza.sk\\\/#\\\/schema\\\/logo\\\/image\\\/\"},\"sameAs\":[\"https:\\\/\\\/www.facebook.com\\\/povazskemuzeum\",\"https:\\\/\\\/www.instagram.com\\\/povazskemuzeum\\\/\"]},{\"@type\":\"Person\",\"@id\":\"https:\\\/\\\/pmza.sk\\\/#\\\/schema\\\/person\\\/595e6a2ce731ea94dcd5d7f50a41ae33\",\"name\":\"Pova\u017esk\u00e9 m\u00fazeum\",\"image\":{\"@type\":\"ImageObject\",\"inLanguage\":\"sk-SK\",\"@id\":\"https:\\\/\\\/secure.gravatar.com\\\/avatar\\\/2bb7f1561282132fb5826dfeccc66c7996d11ee392ac6aaf7ced8a1c2027fbb2?s=96&d=mm&r=g\",\"url\":\"https:\\\/\\\/secure.gravatar.com\\\/avatar\\\/2bb7f1561282132fb5826dfeccc66c7996d11ee392ac6aaf7ced8a1c2027fbb2?s=96&d=mm&r=g\",\"contentUrl\":\"https:\\\/\\\/secure.gravatar.com\\\/avatar\\\/2bb7f1561282132fb5826dfeccc66c7996d11ee392ac6aaf7ced8a1c2027fbb2?s=96&d=mm&r=g\",\"caption\":\"Pova\u017esk\u00e9 m\u00fazeum\"}}]}<\/script>\n<!-- \/ Yoast SEO plugin. -->","yoast_head_json":{"title":"Adventn\u00fd \u010das sme pre\u017e\u00edvali v Sob\u00e1\u0161nom pal\u00e1ci v Byt\u010di - Pova\u017esk\u00e9 m\u00fazeum","robots":{"index":"index","follow":"follow","max-snippet":"max-snippet:-1","max-image-preview":"max-image-preview:large","max-video-preview":"max-video-preview:-1"},"canonical":"https:\/\/pmza.sk\/?p=14287","og_locale":"sk_SK","og_type":"article","og_title":"Adventn\u00fd \u010das sme pre\u017e\u00edvali v Sob\u00e1\u0161nom pal\u00e1ci v Byt\u010di - Pova\u017esk\u00e9 m\u00fazeum","og_description":"V historick\u00fdch priestoroch renesan\u010dn\u00e9ho Sob\u00e1\u0161neho pal\u00e1ca v\u00a0Byt\u010di sa v\u00a0mesiaci december konali podujatia s n\u00e1dychom viano\u010dnej atmosf\u00e9ry. Do adventn\u00e9ho obdobia sme vkro\u010dili v\u010faka unik\u00e1tnemu projektu Rozhlasu a telev\u00edzie Slovenska (RTVS), ktor\u00fd sp\u00e1ja umenie a kult\u00faru s u\u0161\u013eachtil\u00fdm charitat\u00edvnym rozmerom \u2013 koncertom Slovensko 2015 Advent. Div\u00e1kov Viano\u010dn\u00e9ho koncertu, ktor\u00fd sa v\u00a0pal\u00e1ci konal nasleduj\u00faci de\u0148, si podmanilo vyst\u00fapenie [&hellip;]","og_url":"https:\/\/pmza.sk\/?p=14287","og_site_name":"Pova\u017esk\u00e9 m\u00fazeum","article_publisher":"https:\/\/www.facebook.com\/povazskemuzeum","article_published_time":"2015-12-05T09:02:15+00:00","og_image":[{"width":2560,"height":1920,"url":"https:\/\/pmza.sk\/wp-content\/uploads\/2015\/12\/Slovensko-2015-Advent-Bytca-scaled-1.jpg","type":"image\/jpeg"}],"author":"Pova\u017esk\u00e9 m\u00fazeum","twitter_card":"summary_large_image","twitter_misc":{"Autor":"Pova\u017esk\u00e9 m\u00fazeum","Predpokladan\u00fd \u010das \u010d\u00edtania":"1 min\u00fata"},"schema":{"@context":"https:\/\/schema.org","@graph":[{"@type":"Article","@id":"https:\/\/pmza.sk\/?p=14287#article","isPartOf":{"@id":"https:\/\/pmza.sk\/?p=14287"},"author":{"name":"Pova\u017esk\u00e9 m\u00fazeum","@id":"https:\/\/pmza.sk\/#\/schema\/person\/595e6a2ce731ea94dcd5d7f50a41ae33"},"headline":"Adventn\u00fd \u010das sme pre\u017e\u00edvali v Sob\u00e1\u0161nom pal\u00e1ci v Byt\u010di","datePublished":"2015-12-05T09:02:15+00:00","mainEntityOfPage":{"@id":"https:\/\/pmza.sk\/?p=14287"},"wordCount":242,"publisher":{"@id":"https:\/\/pmza.sk\/#organization"},"image":{"@id":"https:\/\/pmza.sk\/?p=14287#primaryimage"},"thumbnailUrl":"https:\/\/pmza.sk\/wp-content\/uploads\/2015\/12\/Slovensko-2015-Advent-Bytca-scaled-1.jpg","articleSection":["Arch\u00edv 2015"],"inLanguage":"sk-SK"},{"@type":"WebPage","@id":"https:\/\/pmza.sk\/?p=14287","url":"https:\/\/pmza.sk\/?p=14287","name":"Adventn\u00fd \u010das sme pre\u017e\u00edvali v Sob\u00e1\u0161nom pal\u00e1ci v Byt\u010di - Pova\u017esk\u00e9 m\u00fazeum","isPartOf":{"@id":"https:\/\/pmza.sk\/#website"},"primaryImageOfPage":{"@id":"https:\/\/pmza.sk\/?p=14287#primaryimage"},"image":{"@id":"https:\/\/pmza.sk\/?p=14287#primaryimage"},"thumbnailUrl":"https:\/\/pmza.sk\/wp-content\/uploads\/2015\/12\/Slovensko-2015-Advent-Bytca-scaled-1.jpg","datePublished":"2015-12-05T09:02:15+00:00","breadcrumb":{"@id":"https:\/\/pmza.sk\/?p=14287#breadcrumb"},"inLanguage":"sk-SK","potentialAction":[{"@type":"ReadAction","target":["https:\/\/pmza.sk\/?p=14287"]}]},{"@type":"ImageObject","inLanguage":"sk-SK","@id":"https:\/\/pmza.sk\/?p=14287#primaryimage","url":"https:\/\/pmza.sk\/wp-content\/uploads\/2015\/12\/Slovensko-2015-Advent-Bytca-scaled-1.jpg","contentUrl":"https:\/\/pmza.sk\/wp-content\/uploads\/2015\/12\/Slovensko-2015-Advent-Bytca-scaled-1.jpg","width":2560,"height":1920},{"@type":"BreadcrumbList","@id":"https:\/\/pmza.sk\/?p=14287#breadcrumb","itemListElement":[{"@type":"ListItem","position":1,"name":"Domovsk\u00e1 str\u00e1nka","item":"https:\/\/pmza.sk\/"},{"@type":"ListItem","position":2,"name":"Adventn\u00fd \u010das sme pre\u017e\u00edvali v Sob\u00e1\u0161nom pal\u00e1ci v Byt\u010di"}]},{"@type":"WebSite","@id":"https:\/\/pmza.sk\/#website","url":"https:\/\/pmza.sk\/","name":"Pova\u017esk\u00e9 m\u00fazeum","description":"Pova\u017esk\u00e9 m\u00fazeum v \u017diline je region\u00e1lne m\u00fazeum so s\u00eddlom v Budat\u00edne. Jeho expoz\u00edcie s\u00fa zameran\u00e9 na dejiny slovensk\u00e9ho umenia, kult\u00fary a dopravy.","publisher":{"@id":"https:\/\/pmza.sk\/#organization"},"potentialAction":[{"@type":"SearchAction","target":{"@type":"EntryPoint","urlTemplate":"https:\/\/pmza.sk\/?s={search_term_string}"},"query-input":{"@type":"PropertyValueSpecification","valueRequired":true,"valueName":"search_term_string"}}],"inLanguage":"sk-SK"},{"@type":"Organization","@id":"https:\/\/pmza.sk\/#organization","name":"Pova\u017esk\u00e9 m\u00fazeum","url":"https:\/\/pmza.sk\/","logo":{"@type":"ImageObject","inLanguage":"sk-SK","@id":"https:\/\/pmza.sk\/#\/schema\/logo\/image\/","url":"https:\/\/pmza.sk\/wp-content\/uploads\/2022\/01\/logo_PM_horizontal.jpg","contentUrl":"https:\/\/pmza.sk\/wp-content\/uploads\/2022\/01\/logo_PM_horizontal.jpg","width":231,"height":142,"caption":"Pova\u017esk\u00e9 m\u00fazeum"},"image":{"@id":"https:\/\/pmza.sk\/#\/schema\/logo\/image\/"},"sameAs":["https:\/\/www.facebook.com\/povazskemuzeum","https:\/\/www.instagram.com\/povazskemuzeum\/"]},{"@type":"Person","@id":"https:\/\/pmza.sk\/#\/schema\/person\/595e6a2ce731ea94dcd5d7f50a41ae33","name":"Pova\u017esk\u00e9 m\u00fazeum","image":{"@type":"ImageObject","inLanguage":"sk-SK","@id":"https:\/\/secure.gravatar.com\/avatar\/2bb7f1561282132fb5826dfeccc66c7996d11ee392ac6aaf7ced8a1c2027fbb2?s=96&d=mm&r=g","url":"https:\/\/secure.gravatar.com\/avatar\/2bb7f1561282132fb5826dfeccc66c7996d11ee392ac6aaf7ced8a1c2027fbb2?s=96&d=mm&r=g","contentUrl":"https:\/\/secure.gravatar.com\/avatar\/2bb7f1561282132fb5826dfeccc66c7996d11ee392ac6aaf7ced8a1c2027fbb2?s=96&d=mm&r=g","caption":"Pova\u017esk\u00e9 m\u00fazeum"}}]}},"_links":{"self":[{"href":"https:\/\/pmza.sk\/index.php?rest_route=\/wp\/v2\/posts\/14287","targetHints":{"allow":["GET"]}}],"collection":[{"href":"https:\/\/pmza.sk\/index.php?rest_route=\/wp\/v2\/posts"}],"about":[{"href":"https:\/\/pmza.sk\/index.php?rest_route=\/wp\/v2\/types\/post"}],"author":[{"embeddable":true,"href":"https:\/\/pmza.sk\/index.php?rest_route=\/wp\/v2\/users\/2"}],"replies":[{"embeddable":true,"href":"https:\/\/pmza.sk\/index.php?rest_route=%2Fwp%2Fv2%2Fcomments&post=14287"}],"version-history":[{"count":0,"href":"https:\/\/pmza.sk\/index.php?rest_route=\/wp\/v2\/posts\/14287\/revisions"}],"wp:featuredmedia":[{"embeddable":true,"href":"https:\/\/pmza.sk\/index.php?rest_route=\/wp\/v2\/media\/14290"}],"wp:attachment":[{"href":"https:\/\/pmza.sk\/index.php?rest_route=%2Fwp%2Fv2%2Fmedia&parent=14287"}],"wp:term":[{"taxonomy":"category","embeddable":true,"href":"https:\/\/pmza.sk\/index.php?rest_route=%2Fwp%2Fv2%2Fcategories&post=14287"},{"taxonomy":"post_tag","embeddable":true,"href":"https:\/\/pmza.sk\/index.php?rest_route=%2Fwp%2Fv2%2Ftags&post=14287"}],"curies":[{"name":"wp","href":"https:\/\/api.w.org\/{rel}","templated":true}]}}