{"id":14377,"date":"2016-01-14T13:23:03","date_gmt":"2016-01-14T12:23:03","guid":{"rendered":"https:\/\/pmza.sk.sk\/?p=14377"},"modified":"2016-01-14T13:23:03","modified_gmt":"2016-01-14T12:23:03","slug":"ohliadnutie-za-rokom-2015","status":"publish","type":"post","link":"https:\/\/pmza.sk\/?p=14377","title":{"rendered":"Ohliadnutie za rokom 2015"},"content":{"rendered":"<p>Pova\u017esk\u00e9 m\u00fazeum v\u00a0\u017diline v\u00a0zria\u010fovate\u013eskej p\u00f4sobnosti \u017dilinsk\u00e9ho samospr\u00e1vneho kraja spravuje Budat\u00ednsky hrad v \u017diline spolu s\u00a0parkom, renesan\u010dn\u00fd klenot Pova\u017eia Sob\u00e1\u0161ny pal\u00e1c v Byt\u010di, ka\u0161tie\u013e v Divinke, hrad Stre\u010dno so stredovekou dedinou Paseka v podhrad\u00ed, expoz\u00edcie Radenov dom v \u010ci\u010dmanoch a chalupu s popisn\u00fdm \u010d\u00edslom 42, v Terchovej to je expoz\u00edcia Juraja J\u00e1no\u0161\u00edka a v Rajeck\u00fdch Tepliciach M\u00fazeum dopravy. Po\u010das roka 2015 nav\u0161t\u00edvilo expoz\u00edcie Pova\u017esk\u00e9ho m\u00fazea spolu <strong>98\u00a0327<\/strong> <strong>n\u00e1v\u0161tevn\u00edkov<\/strong>.<\/p>\n<p>V medzisviatkovom obdob\u00ed v z\u00e1vere roka a v \u00favode roka 2016 ponechalo Pova\u017esk\u00e9 m\u00fazeum otvoren\u00e9 br\u00e1ny do svojich objektov, aby popri t\u00fa\u017ebe po poznan\u00ed hist\u00f3rie mohli n\u00e1v\u0161tevn\u00edci n\u00e1\u0161ho regi\u00f3nu oddychova\u0165 akt\u00edvne a pozrie\u0165 si na\u0161e expoz\u00edcie. Ve\u010f po\u010das sviatkov do nich pribudli aj vyzdoben\u00e9 viano\u010dn\u00e9 strom\u010deky a betlehemy. Otvoren\u00e9 sme mali mimoriadne aj po\u010das inak vo\u013en\u00fdch pondelkov, a v \u010dase od 27. decembra do 10. janu\u00e1ra na\u0161e objekty nav\u0161t\u00edvilo 1 242 turistov.<\/p>\n<p>Medzi podujatia, ktor\u00e9 pravidelne pripravuje Pova\u017esk\u00e9 m\u00fazeum, patria predov\u0161etk\u00fdm no\u010dn\u00e9 prehliadky na hrade Stre\u010dno, Hradn\u00e9 hry \u017dofie Bosniakovej, De\u0148 det\u00ed na hrade, koncerty v\u00a0podhrad\u00ed, Festival drot\u00e1rstva, Budat\u00ednsky r\u00ednok \u010di Nostalgick\u00fa jazdu Rajeckou An\u010dou. Pri pr\u00edle\u017eitosti Medzin\u00e1rodn\u00e9ho d\u0148a cestovn\u00e9ho ruchu sme n\u00e1v\u0161tevn\u00edkom umo\u017enili vstup do na\u0161ich objektov za zn\u00ed\u017een\u00e9 vstupn\u00e9. Pova\u017esk\u00e9 m\u00fazeum sa podie\u013ea aj na Medzin\u00e1rodnom folkl\u00f3rnom festivale J\u00e1no\u0161\u00edkove dni v\u00a0Terchovej, minul\u00fd rok sme pripravili v\u00fdstavu venovan\u00fa zobrazeniu n\u00e1rodn\u00e9ho hrdinu Juraja J\u00e1no\u0161\u00edka v\u00a0\u013eudovom umen\u00ed. Na Hodoch v\u00a0\u010ci\u010dmanoch sme predstavili tradi\u010dn\u00fa \u010di\u010dmiansku svadbu v\u00a0spolupr\u00e1ci s\u00a0Folkl\u00f3rnym s\u00faborom Stavb\u00e1r zo \u017diliny. Na v\u00fdstav\u00e1ch pribli\u017eujeme na\u0161im n\u00e1v\u0161tevn\u00edkom poh\u013eadom do minulosti hist\u00f3riu, ale priestor prenech\u00e1vame aj s\u00fa\u010dasn\u00e9mu\u00a0umeniu. Medzi najzauj\u00edmavej\u0161ie v\u00fdstavy uplynul\u00e9ho roka rad\u00edme autorsk\u00fa v\u00fdstavu Veroniky Psotkovej (500 m<sup>2<\/sup> rabicovej siete) venovanej modernej tvorbe z\u00a0dr\u00f4tu, v\u00fdstavu venovan\u00fa technik\u00e1m prania v\u00a0minulosti \u2013 Aby biela bielou bola, \u017eiv\u00e9 expon\u00e1ty ozvl\u00e1\u0161tnili v\u00fdstavu cudzokrajn\u00e9ho hmyzu z\u00a0cel\u00e9ho sveta Exotick\u00e1 kr\u00e1sa. Prezent\u00e1ciou tvorby v\u00fdrobcov \u013eudov\u00fdch hudobn\u00fdch n\u00e1strojov zo \u017dilinsk\u00e9ho kraja bola v\u00fdstava s\u00a0n\u00e1zvom Ako znej\u00fa&#8230; Na hrade Stre\u010dno sme pokra\u010dovali v\u00a0cykle Umenie na hrade, kde vystavovali umelci ako Vladislav Zabel, \u013dubom\u00edr Mati \u010di umeleck\u00ed kov\u00e1\u010di zo Strednej odbornej \u0161koly v\u00a0Kysuckom Novom Meste.<\/p>\n<p>V\u00a0prvom polroku 2015 sme po obnovovac\u00edch pr\u00e1cach otvorili Radenov dom v\u00a0\u010ci\u010dmanoch, spr\u00edstupnili expoz\u00edciu v\u00a0zrekon\u0161truovan\u00fdch priestoroch Obecn\u00e9ho \u00faradu v\u00a0Terchovej \u2013 J\u00e1no\u0161\u00edk a\u00a0Terchov\u00e1. V\u00a0druhom polroku sa digitaliz\u00e1cia preniesla do svojej z\u00e1vere\u010dnej etapy, ktorou bolo dop\u013a\u0148anie eviden\u010dn\u00fdch z\u00e1znamov pod\u013ea eur\u00f3pskych krit\u00e9ri\u00ed. Od odborn\u00fdch pracovn\u00edkov vy\u017eadovala ve\u013emi detailn\u00fa a\u00a0vytrval\u00fa pr\u00e1cu. Star\u00e9 popisy zbierok svoj\u00edm rozsahom toti\u017e t\u00fdmto po\u017eiadavk\u00e1m ani z\u010faleka neposta\u010dovali. Bolo preto treba ka\u017ed\u00fd predmet, zaraden\u00fd do digitaliz\u00e1cie, nanovo pop\u00edsa\u0165, resp. doplni\u0165 jeho odborn\u00fd popis. Sedem odborn\u00fdch pracovn\u00edkov tak muselo v\u00a0priebehu polroka skompletizova\u0165 z\u00e1znamy okolo 8 000 zbierkov\u00fdch predmetov.<\/p>\n<p>V\u00a0t\u00fdchto d\u0148och pred nami stoj\u00ed v\u00fdznamn\u00e1 \u00faloha z\u00a0\u010fal\u0161ej oblasti na\u0161ej pr\u00e1ce \u2013 tvorba expoz\u00edcie v\u00a0Budat\u00ednskom hrade. Ukon\u010den\u00e9 boli stavebn\u00e9 pr\u00e1ce na 3. nadzemnom podla\u017e\u00ed a\u00a0nasleduje in\u0161tal\u00e1cia expon\u00e1tov. M\u00f4\u017eeme prezradi\u0165, \u017ee tu bud\u00fa expoz\u00edcie via\u017euce sa k\u00a0b\u00fdvaniu na hrade, k\u00a0dejin\u00e1m \u017diliny a\u00a0k\u00a0drot\u00e1rstvu. Rovnako d\u00f4le\u017eit\u00e1 bude in\u0161tal\u00e1cia expoz\u00edcie a\u00a0spr\u00edstupnenie zrekon\u0161truovanej hradnej kaplnky v\u00a0Budat\u00edne. Pova\u017esk\u00e9 m\u00fazeum by chcelo zmeni\u0165 Sob\u00e1\u0161ny pal\u00e1c na v\u00fdstavn\u00fd priestor zameran\u00fd pr\u00e1ve na osobu Juraja Turzu vo v\u0161etk\u00fdch aspektoch jeho p\u00f4sobenia (od protitureck\u00e9ho bojovn\u00edka, cez \u0161t\u00e1tnika a diplomata, cis\u00e1rovho poradcu, i hradn\u00e9ho p\u00e1na). In\u0161tal\u00e1cia by mala by\u0165 st\u00e1lou v\u00fdstavou najm\u00e4 vo foyer, pr\u00edp. \u010diasto\u010dne na poschod\u00ed, aby sa pr\u00e1ve tento pal\u00e1c, ktor\u00fd dal Turzo vybudova\u0165 pred vy\u0161e 400 rokmi, stal epicentrom n\u00e1\u0161ho pripom\u00ednania si tejto osobnosti. a\u00a0tie\u017e nov\u00e1 expoz\u00edcia v\u00a0Sob\u00e1\u0161nom pal\u00e1ci v\u00a0Byt\u010di venovan\u00e1.<\/p>\n<p>&nbsp;<\/p>\n<p><a href=\"https:\/\/pmza.sk\/wp-content\/uploads\/2016\/01\/podakovanie-scaled-1.jpg\"><img fetchpriority=\"high\" decoding=\"async\" class=\" size-medium wp-image-14379 aligncenter\" src=\"https:\/\/pmza.sk.sk\/wp-content\/uploads\/2016\/01\/podakovanie-300x294.jpg\" alt=\"podakovanie\" width=\"300\" height=\"294\" \/><\/a><\/p>\n","protected":false},"excerpt":{"rendered":"<p>Pova\u017esk\u00e9 m\u00fazeum v\u00a0\u017diline v\u00a0zria\u010fovate\u013eskej p\u00f4sobnosti \u017dilinsk\u00e9ho samospr\u00e1vneho kraja spravuje Budat\u00ednsky hrad v \u017diline spolu s\u00a0parkom, renesan\u010dn\u00fd klenot Pova\u017eia Sob\u00e1\u0161ny pal\u00e1c v Byt\u010di, ka\u0161tie\u013e v Divinke, hrad Stre\u010dno so stredovekou dedinou Paseka v podhrad\u00ed, expoz\u00edcie Radenov dom v \u010ci\u010dmanoch a chalupu s popisn\u00fdm \u010d\u00edslom 42, v Terchovej to je expoz\u00edcia Juraja J\u00e1no\u0161\u00edka a v Rajeck\u00fdch Tepliciach [&hellip;]<\/p>\n","protected":false},"author":2,"featured_media":14127,"comment_status":"closed","ping_status":"closed","sticky":false,"template":"","format":"standard","meta":{"site-sidebar-layout":"default","site-content-layout":"","ast-site-content-layout":"","site-content-style":"default","site-sidebar-style":"default","ast-global-header-display":"","ast-banner-title-visibility":"","ast-main-header-display":"","ast-hfb-above-header-display":"","ast-hfb-below-header-display":"","ast-hfb-mobile-header-display":"","site-post-title":"","ast-breadcrumbs-content":"","ast-featured-img":"","footer-sml-layout":"","theme-transparent-header-meta":"","adv-header-id-meta":"","stick-header-meta":"","header-above-stick-meta":"","header-main-stick-meta":"","header-below-stick-meta":"","astra-migrate-meta-layouts":"default","ast-page-background-enabled":"default","ast-page-background-meta":{"desktop":{"background-color":"var(--ast-global-color-4)","background-image":"","background-repeat":"repeat","background-position":"center center","background-size":"auto","background-attachment":"scroll","background-type":"","background-media":"","overlay-type":"","overlay-color":"","overlay-opacity":"","overlay-gradient":""},"tablet":{"background-color":"","background-image":"","background-repeat":"repeat","background-position":"center center","background-size":"auto","background-attachment":"scroll","background-type":"","background-media":"","overlay-type":"","overlay-color":"","overlay-opacity":"","overlay-gradient":""},"mobile":{"background-color":"","background-image":"","background-repeat":"repeat","background-position":"center center","background-size":"auto","background-attachment":"scroll","background-type":"","background-media":"","overlay-type":"","overlay-color":"","overlay-opacity":"","overlay-gradient":""}},"ast-content-background-meta":{"desktop":{"background-color":"var(--ast-global-color-5)","background-image":"","background-repeat":"repeat","background-position":"center center","background-size":"auto","background-attachment":"scroll","background-type":"","background-media":"","overlay-type":"","overlay-color":"","overlay-opacity":"","overlay-gradient":""},"tablet":{"background-color":"var(--ast-global-color-5)","background-image":"","background-repeat":"repeat","background-position":"center center","background-size":"auto","background-attachment":"scroll","background-type":"","background-media":"","overlay-type":"","overlay-color":"","overlay-opacity":"","overlay-gradient":""},"mobile":{"background-color":"var(--ast-global-color-5)","background-image":"","background-repeat":"repeat","background-position":"center center","background-size":"auto","background-attachment":"scroll","background-type":"","background-media":"","overlay-type":"","overlay-color":"","overlay-opacity":"","overlay-gradient":""}},"footnotes":""},"categories":[50],"tags":[],"class_list":["post-14377","post","type-post","status-publish","format-standard","has-post-thumbnail","hentry","category-archiv-2016"],"yoast_head":"<!-- This site is optimized with the Yoast SEO plugin v27.4 - https:\/\/yoast.com\/product\/yoast-seo-wordpress\/ -->\n<title>Ohliadnutie za rokom 2015 - Pova\u017esk\u00e9 m\u00fazeum<\/title>\n<meta name=\"robots\" content=\"index, follow, max-snippet:-1, max-image-preview:large, max-video-preview:-1\" \/>\n<link rel=\"canonical\" href=\"https:\/\/pmza.sk\/?p=14377\" \/>\n<meta property=\"og:locale\" content=\"sk_SK\" \/>\n<meta property=\"og:type\" content=\"article\" \/>\n<meta property=\"og:title\" content=\"Ohliadnutie za rokom 2015 - Pova\u017esk\u00e9 m\u00fazeum\" \/>\n<meta property=\"og:description\" content=\"Pova\u017esk\u00e9 m\u00fazeum v\u00a0\u017diline v\u00a0zria\u010fovate\u013eskej p\u00f4sobnosti \u017dilinsk\u00e9ho samospr\u00e1vneho kraja spravuje Budat\u00ednsky hrad v \u017diline spolu s\u00a0parkom, renesan\u010dn\u00fd klenot Pova\u017eia Sob\u00e1\u0161ny pal\u00e1c v Byt\u010di, ka\u0161tie\u013e v Divinke, hrad Stre\u010dno so stredovekou dedinou Paseka v podhrad\u00ed, expoz\u00edcie Radenov dom v \u010ci\u010dmanoch a chalupu s popisn\u00fdm \u010d\u00edslom 42, v Terchovej to je expoz\u00edcia Juraja J\u00e1no\u0161\u00edka a v Rajeck\u00fdch Tepliciach [&hellip;]\" \/>\n<meta property=\"og:url\" content=\"https:\/\/pmza.sk\/?p=14377\" \/>\n<meta property=\"og:site_name\" content=\"Pova\u017esk\u00e9 m\u00fazeum\" \/>\n<meta property=\"article:publisher\" content=\"https:\/\/www.facebook.com\/povazskemuzeum\" \/>\n<meta property=\"article:published_time\" content=\"2016-01-14T12:23:03+00:00\" \/>\n<meta property=\"og:image\" content=\"https:\/\/pmza.sk\/wp-content\/uploads\/2015\/12\/IMG_3792-scaled-1.jpg\" \/>\n\t<meta property=\"og:image:width\" content=\"2560\" \/>\n\t<meta property=\"og:image:height\" content=\"1707\" \/>\n\t<meta property=\"og:image:type\" content=\"image\/jpeg\" \/>\n<meta name=\"author\" content=\"Pova\u017esk\u00e9 m\u00fazeum\" \/>\n<meta name=\"twitter:card\" content=\"summary_large_image\" \/>\n<meta name=\"twitter:label1\" content=\"Autor\" \/>\n\t<meta name=\"twitter:data1\" content=\"Pova\u017esk\u00e9 m\u00fazeum\" \/>\n\t<meta name=\"twitter:label2\" content=\"Predpokladan\u00fd \u010das \u010d\u00edtania\" \/>\n\t<meta name=\"twitter:data2\" content=\"4 min\u00faty\" \/>\n<script type=\"application\/ld+json\" class=\"yoast-schema-graph\">{\"@context\":\"https:\\\/\\\/schema.org\",\"@graph\":[{\"@type\":\"Article\",\"@id\":\"https:\\\/\\\/pmza.sk\\\/?p=14377#article\",\"isPartOf\":{\"@id\":\"https:\\\/\\\/pmza.sk\\\/?p=14377\"},\"author\":{\"name\":\"Pova\u017esk\u00e9 m\u00fazeum\",\"@id\":\"https:\\\/\\\/pmza.sk\\\/#\\\/schema\\\/person\\\/595e6a2ce731ea94dcd5d7f50a41ae33\"},\"headline\":\"Ohliadnutie za rokom 2015\",\"datePublished\":\"2016-01-14T12:23:03+00:00\",\"mainEntityOfPage\":{\"@id\":\"https:\\\/\\\/pmza.sk\\\/?p=14377\"},\"wordCount\":786,\"publisher\":{\"@id\":\"https:\\\/\\\/pmza.sk\\\/#organization\"},\"image\":{\"@id\":\"https:\\\/\\\/pmza.sk\\\/?p=14377#primaryimage\"},\"thumbnailUrl\":\"https:\\\/\\\/pmza.sk\\\/wp-content\\\/uploads\\\/2015\\\/12\\\/IMG_3792-scaled-1.jpg\",\"articleSection\":[\"Arch\u00edv 2016\"],\"inLanguage\":\"sk-SK\"},{\"@type\":\"WebPage\",\"@id\":\"https:\\\/\\\/pmza.sk\\\/?p=14377\",\"url\":\"https:\\\/\\\/pmza.sk\\\/?p=14377\",\"name\":\"Ohliadnutie za rokom 2015 - Pova\u017esk\u00e9 m\u00fazeum\",\"isPartOf\":{\"@id\":\"https:\\\/\\\/pmza.sk\\\/#website\"},\"primaryImageOfPage\":{\"@id\":\"https:\\\/\\\/pmza.sk\\\/?p=14377#primaryimage\"},\"image\":{\"@id\":\"https:\\\/\\\/pmza.sk\\\/?p=14377#primaryimage\"},\"thumbnailUrl\":\"https:\\\/\\\/pmza.sk\\\/wp-content\\\/uploads\\\/2015\\\/12\\\/IMG_3792-scaled-1.jpg\",\"datePublished\":\"2016-01-14T12:23:03+00:00\",\"breadcrumb\":{\"@id\":\"https:\\\/\\\/pmza.sk\\\/?p=14377#breadcrumb\"},\"inLanguage\":\"sk-SK\",\"potentialAction\":[{\"@type\":\"ReadAction\",\"target\":[\"https:\\\/\\\/pmza.sk\\\/?p=14377\"]}]},{\"@type\":\"ImageObject\",\"inLanguage\":\"sk-SK\",\"@id\":\"https:\\\/\\\/pmza.sk\\\/?p=14377#primaryimage\",\"url\":\"https:\\\/\\\/pmza.sk\\\/wp-content\\\/uploads\\\/2015\\\/12\\\/IMG_3792-scaled-1.jpg\",\"contentUrl\":\"https:\\\/\\\/pmza.sk\\\/wp-content\\\/uploads\\\/2015\\\/12\\\/IMG_3792-scaled-1.jpg\",\"width\":2560,\"height\":1707},{\"@type\":\"BreadcrumbList\",\"@id\":\"https:\\\/\\\/pmza.sk\\\/?p=14377#breadcrumb\",\"itemListElement\":[{\"@type\":\"ListItem\",\"position\":1,\"name\":\"Domovsk\u00e1 str\u00e1nka\",\"item\":\"https:\\\/\\\/pmza.sk\\\/\"},{\"@type\":\"ListItem\",\"position\":2,\"name\":\"Ohliadnutie za rokom 2015\"}]},{\"@type\":\"WebSite\",\"@id\":\"https:\\\/\\\/pmza.sk\\\/#website\",\"url\":\"https:\\\/\\\/pmza.sk\\\/\",\"name\":\"Pova\u017esk\u00e9 m\u00fazeum\",\"description\":\"Pova\u017esk\u00e9 m\u00fazeum v \u017diline je region\u00e1lne m\u00fazeum so s\u00eddlom v Budat\u00edne. Jeho expoz\u00edcie s\u00fa zameran\u00e9 na dejiny slovensk\u00e9ho umenia, kult\u00fary a dopravy.\",\"publisher\":{\"@id\":\"https:\\\/\\\/pmza.sk\\\/#organization\"},\"potentialAction\":[{\"@type\":\"SearchAction\",\"target\":{\"@type\":\"EntryPoint\",\"urlTemplate\":\"https:\\\/\\\/pmza.sk\\\/?s={search_term_string}\"},\"query-input\":{\"@type\":\"PropertyValueSpecification\",\"valueRequired\":true,\"valueName\":\"search_term_string\"}}],\"inLanguage\":\"sk-SK\"},{\"@type\":\"Organization\",\"@id\":\"https:\\\/\\\/pmza.sk\\\/#organization\",\"name\":\"Pova\u017esk\u00e9 m\u00fazeum\",\"url\":\"https:\\\/\\\/pmza.sk\\\/\",\"logo\":{\"@type\":\"ImageObject\",\"inLanguage\":\"sk-SK\",\"@id\":\"https:\\\/\\\/pmza.sk\\\/#\\\/schema\\\/logo\\\/image\\\/\",\"url\":\"https:\\\/\\\/pmza.sk\\\/wp-content\\\/uploads\\\/2022\\\/01\\\/logo_PM_horizontal.jpg\",\"contentUrl\":\"https:\\\/\\\/pmza.sk\\\/wp-content\\\/uploads\\\/2022\\\/01\\\/logo_PM_horizontal.jpg\",\"width\":231,\"height\":142,\"caption\":\"Pova\u017esk\u00e9 m\u00fazeum\"},\"image\":{\"@id\":\"https:\\\/\\\/pmza.sk\\\/#\\\/schema\\\/logo\\\/image\\\/\"},\"sameAs\":[\"https:\\\/\\\/www.facebook.com\\\/povazskemuzeum\",\"https:\\\/\\\/www.instagram.com\\\/povazskemuzeum\\\/\"]},{\"@type\":\"Person\",\"@id\":\"https:\\\/\\\/pmza.sk\\\/#\\\/schema\\\/person\\\/595e6a2ce731ea94dcd5d7f50a41ae33\",\"name\":\"Pova\u017esk\u00e9 m\u00fazeum\",\"image\":{\"@type\":\"ImageObject\",\"inLanguage\":\"sk-SK\",\"@id\":\"https:\\\/\\\/secure.gravatar.com\\\/avatar\\\/2bb7f1561282132fb5826dfeccc66c7996d11ee392ac6aaf7ced8a1c2027fbb2?s=96&d=mm&r=g\",\"url\":\"https:\\\/\\\/secure.gravatar.com\\\/avatar\\\/2bb7f1561282132fb5826dfeccc66c7996d11ee392ac6aaf7ced8a1c2027fbb2?s=96&d=mm&r=g\",\"contentUrl\":\"https:\\\/\\\/secure.gravatar.com\\\/avatar\\\/2bb7f1561282132fb5826dfeccc66c7996d11ee392ac6aaf7ced8a1c2027fbb2?s=96&d=mm&r=g\",\"caption\":\"Pova\u017esk\u00e9 m\u00fazeum\"}}]}<\/script>\n<!-- \/ Yoast SEO plugin. -->","yoast_head_json":{"title":"Ohliadnutie za rokom 2015 - Pova\u017esk\u00e9 m\u00fazeum","robots":{"index":"index","follow":"follow","max-snippet":"max-snippet:-1","max-image-preview":"max-image-preview:large","max-video-preview":"max-video-preview:-1"},"canonical":"https:\/\/pmza.sk\/?p=14377","og_locale":"sk_SK","og_type":"article","og_title":"Ohliadnutie za rokom 2015 - Pova\u017esk\u00e9 m\u00fazeum","og_description":"Pova\u017esk\u00e9 m\u00fazeum v\u00a0\u017diline v\u00a0zria\u010fovate\u013eskej p\u00f4sobnosti \u017dilinsk\u00e9ho samospr\u00e1vneho kraja spravuje Budat\u00ednsky hrad v \u017diline spolu s\u00a0parkom, renesan\u010dn\u00fd klenot Pova\u017eia Sob\u00e1\u0161ny pal\u00e1c v Byt\u010di, ka\u0161tie\u013e v Divinke, hrad Stre\u010dno so stredovekou dedinou Paseka v podhrad\u00ed, expoz\u00edcie Radenov dom v \u010ci\u010dmanoch a chalupu s popisn\u00fdm \u010d\u00edslom 42, v Terchovej to je expoz\u00edcia Juraja J\u00e1no\u0161\u00edka a v Rajeck\u00fdch Tepliciach [&hellip;]","og_url":"https:\/\/pmza.sk\/?p=14377","og_site_name":"Pova\u017esk\u00e9 m\u00fazeum","article_publisher":"https:\/\/www.facebook.com\/povazskemuzeum","article_published_time":"2016-01-14T12:23:03+00:00","og_image":[{"width":2560,"height":1707,"url":"https:\/\/pmza.sk\/wp-content\/uploads\/2015\/12\/IMG_3792-scaled-1.jpg","type":"image\/jpeg"}],"author":"Pova\u017esk\u00e9 m\u00fazeum","twitter_card":"summary_large_image","twitter_misc":{"Autor":"Pova\u017esk\u00e9 m\u00fazeum","Predpokladan\u00fd \u010das \u010d\u00edtania":"4 min\u00faty"},"schema":{"@context":"https:\/\/schema.org","@graph":[{"@type":"Article","@id":"https:\/\/pmza.sk\/?p=14377#article","isPartOf":{"@id":"https:\/\/pmza.sk\/?p=14377"},"author":{"name":"Pova\u017esk\u00e9 m\u00fazeum","@id":"https:\/\/pmza.sk\/#\/schema\/person\/595e6a2ce731ea94dcd5d7f50a41ae33"},"headline":"Ohliadnutie za rokom 2015","datePublished":"2016-01-14T12:23:03+00:00","mainEntityOfPage":{"@id":"https:\/\/pmza.sk\/?p=14377"},"wordCount":786,"publisher":{"@id":"https:\/\/pmza.sk\/#organization"},"image":{"@id":"https:\/\/pmza.sk\/?p=14377#primaryimage"},"thumbnailUrl":"https:\/\/pmza.sk\/wp-content\/uploads\/2015\/12\/IMG_3792-scaled-1.jpg","articleSection":["Arch\u00edv 2016"],"inLanguage":"sk-SK"},{"@type":"WebPage","@id":"https:\/\/pmza.sk\/?p=14377","url":"https:\/\/pmza.sk\/?p=14377","name":"Ohliadnutie za rokom 2015 - Pova\u017esk\u00e9 m\u00fazeum","isPartOf":{"@id":"https:\/\/pmza.sk\/#website"},"primaryImageOfPage":{"@id":"https:\/\/pmza.sk\/?p=14377#primaryimage"},"image":{"@id":"https:\/\/pmza.sk\/?p=14377#primaryimage"},"thumbnailUrl":"https:\/\/pmza.sk\/wp-content\/uploads\/2015\/12\/IMG_3792-scaled-1.jpg","datePublished":"2016-01-14T12:23:03+00:00","breadcrumb":{"@id":"https:\/\/pmza.sk\/?p=14377#breadcrumb"},"inLanguage":"sk-SK","potentialAction":[{"@type":"ReadAction","target":["https:\/\/pmza.sk\/?p=14377"]}]},{"@type":"ImageObject","inLanguage":"sk-SK","@id":"https:\/\/pmza.sk\/?p=14377#primaryimage","url":"https:\/\/pmza.sk\/wp-content\/uploads\/2015\/12\/IMG_3792-scaled-1.jpg","contentUrl":"https:\/\/pmza.sk\/wp-content\/uploads\/2015\/12\/IMG_3792-scaled-1.jpg","width":2560,"height":1707},{"@type":"BreadcrumbList","@id":"https:\/\/pmza.sk\/?p=14377#breadcrumb","itemListElement":[{"@type":"ListItem","position":1,"name":"Domovsk\u00e1 str\u00e1nka","item":"https:\/\/pmza.sk\/"},{"@type":"ListItem","position":2,"name":"Ohliadnutie za rokom 2015"}]},{"@type":"WebSite","@id":"https:\/\/pmza.sk\/#website","url":"https:\/\/pmza.sk\/","name":"Pova\u017esk\u00e9 m\u00fazeum","description":"Pova\u017esk\u00e9 m\u00fazeum v \u017diline je region\u00e1lne m\u00fazeum so s\u00eddlom v Budat\u00edne. Jeho expoz\u00edcie s\u00fa zameran\u00e9 na dejiny slovensk\u00e9ho umenia, kult\u00fary a dopravy.","publisher":{"@id":"https:\/\/pmza.sk\/#organization"},"potentialAction":[{"@type":"SearchAction","target":{"@type":"EntryPoint","urlTemplate":"https:\/\/pmza.sk\/?s={search_term_string}"},"query-input":{"@type":"PropertyValueSpecification","valueRequired":true,"valueName":"search_term_string"}}],"inLanguage":"sk-SK"},{"@type":"Organization","@id":"https:\/\/pmza.sk\/#organization","name":"Pova\u017esk\u00e9 m\u00fazeum","url":"https:\/\/pmza.sk\/","logo":{"@type":"ImageObject","inLanguage":"sk-SK","@id":"https:\/\/pmza.sk\/#\/schema\/logo\/image\/","url":"https:\/\/pmza.sk\/wp-content\/uploads\/2022\/01\/logo_PM_horizontal.jpg","contentUrl":"https:\/\/pmza.sk\/wp-content\/uploads\/2022\/01\/logo_PM_horizontal.jpg","width":231,"height":142,"caption":"Pova\u017esk\u00e9 m\u00fazeum"},"image":{"@id":"https:\/\/pmza.sk\/#\/schema\/logo\/image\/"},"sameAs":["https:\/\/www.facebook.com\/povazskemuzeum","https:\/\/www.instagram.com\/povazskemuzeum\/"]},{"@type":"Person","@id":"https:\/\/pmza.sk\/#\/schema\/person\/595e6a2ce731ea94dcd5d7f50a41ae33","name":"Pova\u017esk\u00e9 m\u00fazeum","image":{"@type":"ImageObject","inLanguage":"sk-SK","@id":"https:\/\/secure.gravatar.com\/avatar\/2bb7f1561282132fb5826dfeccc66c7996d11ee392ac6aaf7ced8a1c2027fbb2?s=96&d=mm&r=g","url":"https:\/\/secure.gravatar.com\/avatar\/2bb7f1561282132fb5826dfeccc66c7996d11ee392ac6aaf7ced8a1c2027fbb2?s=96&d=mm&r=g","contentUrl":"https:\/\/secure.gravatar.com\/avatar\/2bb7f1561282132fb5826dfeccc66c7996d11ee392ac6aaf7ced8a1c2027fbb2?s=96&d=mm&r=g","caption":"Pova\u017esk\u00e9 m\u00fazeum"}}]}},"_links":{"self":[{"href":"https:\/\/pmza.sk\/index.php?rest_route=\/wp\/v2\/posts\/14377","targetHints":{"allow":["GET"]}}],"collection":[{"href":"https:\/\/pmza.sk\/index.php?rest_route=\/wp\/v2\/posts"}],"about":[{"href":"https:\/\/pmza.sk\/index.php?rest_route=\/wp\/v2\/types\/post"}],"author":[{"embeddable":true,"href":"https:\/\/pmza.sk\/index.php?rest_route=\/wp\/v2\/users\/2"}],"replies":[{"embeddable":true,"href":"https:\/\/pmza.sk\/index.php?rest_route=%2Fwp%2Fv2%2Fcomments&post=14377"}],"version-history":[{"count":0,"href":"https:\/\/pmza.sk\/index.php?rest_route=\/wp\/v2\/posts\/14377\/revisions"}],"wp:featuredmedia":[{"embeddable":true,"href":"https:\/\/pmza.sk\/index.php?rest_route=\/wp\/v2\/media\/14127"}],"wp:attachment":[{"href":"https:\/\/pmza.sk\/index.php?rest_route=%2Fwp%2Fv2%2Fmedia&parent=14377"}],"wp:term":[{"taxonomy":"category","embeddable":true,"href":"https:\/\/pmza.sk\/index.php?rest_route=%2Fwp%2Fv2%2Fcategories&post=14377"},{"taxonomy":"post_tag","embeddable":true,"href":"https:\/\/pmza.sk\/index.php?rest_route=%2Fwp%2Fv2%2Ftags&post=14377"}],"curies":[{"name":"wp","href":"https:\/\/api.w.org\/{rel}","templated":true}]}}