{"id":1453,"date":"2010-11-18T15:15:37","date_gmt":"2010-11-18T14:15:37","guid":{"rendered":"https:\/\/pmza.sk.sk\/?p=1453"},"modified":"2010-11-18T15:15:37","modified_gmt":"2010-11-18T14:15:37","slug":"den-otvorenych-dveri-kniznice-povazskeho-muzea-v-ziline","status":"publish","type":"post","link":"https:\/\/pmza.sk\/?p=1453","title":{"rendered":"De\u0148 otvoren\u00fdch dver\u00ed kni\u017enice Pova\u017esk\u00e9ho m\u00fazea v \u017diline"},"content":{"rendered":"<p><strong> <\/strong><\/p>\n<p style=\"text-align: justify;\">Po \u00faspe\u0161nej akcii pod n\u00e1zvom Otvoren\u00fd t\u00fd\u017ede\u0148 Kni\u017enice Pova\u017esk\u00e9ho m\u00fazea v\u00a0\u017diline, do ktor\u00e9ho sa m\u00fazeum prv\u00fdkr\u00e1t zapojilo po\u010das T\u00fd\u017ed\u0148a slovensk\u00fdch kni\u017en\u00edc v\u00a0marci 2010, bude <strong>v stredu 24. novembra 2010 <\/strong>op\u00e4tovne prebieha\u0165 <strong>De\u0148 otvoren\u00fdch dver\u00ed kni\u017enice<\/strong> s\u00a0viacer\u00fdmi bonusmi.<!--more--><\/p>\n<p style=\"text-align: justify;\">\u201e<em>Toto podujatie sa n\u00e1m uk\u00e1zalo ako vydaren\u00e9 a\u00a0ve\u013emi prospe\u0161n\u00e9. Pote\u0161il n\u00e1s z\u00e1ujem nielen odbornej verejnosti, ale aj \u0161tudentov stredn\u00fdch a\u00a0vysok\u00fdch \u00a0\u0161k\u00f4l, ktor\u00ed m\u00f4\u017eu potenci\u00e1l kni\u017enice m\u00fazea vyu\u017ei\u0165\u00a0 pri \u010fal\u0161om svojom \u0161t\u00fadiu. Z\u00e1rove\u0148 to bola \u00a0pr\u00edle\u017eitos\u0165, ako dosta\u0165 do povedomia verejnosti skuto\u010dnos\u0165, \u017ee\u00a0 sa v\u00a0\u017diline nach\u00e1dza \u0161peci\u00e1lna odborn\u00e1 kni\u017enica, s\u00a0rozsiahlym fondom spolo\u010denskovednej a\u00a0 pr\u00edrodovednej literat\u00fary. Nezanedbate\u013en\u00e9\u00a0 s\u00fa tie\u017e publik\u00e1cie z\u00a0region\u00e1lnej hist\u00f3rie, etnografie a\u00a0hist\u00f3rie drot\u00e1rstva a\u00a0remesiel<\/em>,\u201c upozornila Janka Sakalov\u00e1, knihovn\u00ed\u010dka Pova\u017esk\u00e9ho m\u00fazea v\u00a0\u017diline.<\/p>\n<p style=\"text-align: justify;\">V\u00a0predposledn\u00fa novembrov\u00fa stredu \u00a0sa z\u00e1ujemcovia m\u00f4\u017eu podrobnej\u0161ie obozn\u00e1mi\u0165 \u00a0s\u00a0fondom kni\u017enice, nau\u010di\u0165 sa vyh\u013ead\u00e1va\u0165 inform\u00e1cie v\u00a0katal\u00f3gu, ktor\u00fd je pre verejnos\u0165 k\u00a0dispoz\u00edcii nielen v\u00a0kni\u017enici, ale aj na webovej str\u00e1nke m\u00fazea. \u00a0Ve\u013ek\u00fd z\u00e1ujem je najm\u00e4 o\u00a0Vlastivedn\u00e9 zborn\u00edky Pova\u017eia, ktor\u00e9 vych\u00e1dzaj\u00fa\u00a0 v\u00a0r\u00e1mci edi\u010dnej \u010dinnosti m\u00fazea. V\u00a0tomto roku vy\u0161lo v\u00a0porad\u00ed u\u017e jeho\u00a0 24. \u010d\u00edslo. Svoju hist\u00f3riu v\u00a0roku 2009 za\u010dal prv\u00fd raz p\u00edsa\u0165 aj Spravodaj Pova\u017esk\u00e9ho m\u00fazea. \u00a0Onedlho obohatia fond kni\u017enice \u010fal\u0161ie tituly t\u00fdkaj\u00face sa\u00a0 hist\u00f3rie drot\u00e1rstva. V\u0161etky publik\u00e1cie vydan\u00e9 m\u00fazeom si z\u00e1ujemcovia m\u00f4\u017eu zak\u00fapi\u0165 priamo v\u00a0kni\u017enici, resp. objedna\u0165 na mailovej adrese kni\u017enice. Po\u010das <strong>D\u0148a otvoren\u00fdch dver\u00ed<\/strong> Kni\u017enice Pova\u017esk\u00e9ho m\u00fazea v\u00a0\u017diline bude pre \u0161irok\u00fa verejnos\u0165 pripraven\u00e1 \u0161peci\u00e1lna akcia. Po zaregistrovan\u00ed sa v\u00a0kni\u017enici, dostane ka\u017ed\u00fd nov\u00fd \u010ditate\u013e publik\u00e1ciu z\u00a0edi\u010dnej \u010dinnosti m\u00fazea pod\u013ea vlastn\u00e9ho v\u00fdberu zadarmo a\u00a0z\u00e1rove\u0148 si m\u00f4\u017ee pozrie\u0165 aktu\u00e1lnu v\u00fdstavu o\u00a0historick\u00fdch poh\u013eadniciach slovensk\u00fdch \u017eelezn\u00edc \u00a0v\u00a0priestoroch Are\u00e1lu Budat\u00ednskeho hradu tie\u017e zadarmo.<\/p>\n<p style=\"text-align: justify;\">Organiz\u00e1torom D\u0148a otvoren\u00fdch dver\u00ed je \u017dilinsk\u00fd samospr\u00e1vny kraj a\u00a0Pova\u017esk\u00e9 m\u00fazeum v\u00a0\u017diline.<\/p>\n","protected":false},"excerpt":{"rendered":"<p>Po \u00faspe\u0161nej akcii pod n\u00e1zvom Otvoren\u00fd t\u00fd\u017ede\u0148 Kni\u017enice Pova\u017esk\u00e9ho m\u00fazea v\u00a0\u017diline, do ktor\u00e9ho sa m\u00fazeum prv\u00fdkr\u00e1t zapojilo po\u010das T\u00fd\u017ed\u0148a slovensk\u00fdch kni\u017en\u00edc v\u00a0marci 2010, bude v stredu 24. novembra 2010 op\u00e4tovne prebieha\u0165 De\u0148 otvoren\u00fdch dver\u00ed kni\u017enice s\u00a0viacer\u00fdmi bonusmi.<\/p>\n","protected":false},"author":2,"featured_media":0,"comment_status":"closed","ping_status":"closed","sticky":false,"template":"","format":"standard","meta":{"site-sidebar-layout":"default","site-content-layout":"","ast-site-content-layout":"","site-content-style":"default","site-sidebar-style":"default","ast-global-header-display":"","ast-banner-title-visibility":"","ast-main-header-display":"","ast-hfb-above-header-display":"","ast-hfb-below-header-display":"","ast-hfb-mobile-header-display":"","site-post-title":"","ast-breadcrumbs-content":"","ast-featured-img":"","footer-sml-layout":"","theme-transparent-header-meta":"","adv-header-id-meta":"","stick-header-meta":"","header-above-stick-meta":"","header-main-stick-meta":"","header-below-stick-meta":"","astra-migrate-meta-layouts":"default","ast-page-background-enabled":"default","ast-page-background-meta":{"desktop":{"background-color":"var(--ast-global-color-4)","background-image":"","background-repeat":"repeat","background-position":"center center","background-size":"auto","background-attachment":"scroll","background-type":"","background-media":"","overlay-type":"","overlay-color":"","overlay-opacity":"","overlay-gradient":""},"tablet":{"background-color":"","background-image":"","background-repeat":"repeat","background-position":"center center","background-size":"auto","background-attachment":"scroll","background-type":"","background-media":"","overlay-type":"","overlay-color":"","overlay-opacity":"","overlay-gradient":""},"mobile":{"background-color":"","background-image":"","background-repeat":"repeat","background-position":"center center","background-size":"auto","background-attachment":"scroll","background-type":"","background-media":"","overlay-type":"","overlay-color":"","overlay-opacity":"","overlay-gradient":""}},"ast-content-background-meta":{"desktop":{"background-color":"var(--ast-global-color-5)","background-image":"","background-repeat":"repeat","background-position":"center center","background-size":"auto","background-attachment":"scroll","background-type":"","background-media":"","overlay-type":"","overlay-color":"","overlay-opacity":"","overlay-gradient":""},"tablet":{"background-color":"var(--ast-global-color-5)","background-image":"","background-repeat":"repeat","background-position":"center center","background-size":"auto","background-attachment":"scroll","background-type":"","background-media":"","overlay-type":"","overlay-color":"","overlay-opacity":"","overlay-gradient":""},"mobile":{"background-color":"var(--ast-global-color-5)","background-image":"","background-repeat":"repeat","background-position":"center center","background-size":"auto","background-attachment":"scroll","background-type":"","background-media":"","overlay-type":"","overlay-color":"","overlay-opacity":"","overlay-gradient":""}},"footnotes":""},"categories":[29],"tags":[],"class_list":["post-1453","post","type-post","status-publish","format-standard","hentry","category-archiv-2010"],"yoast_head":"<!-- This site is optimized with the Yoast SEO plugin v27.4 - https:\/\/yoast.com\/product\/yoast-seo-wordpress\/ -->\n<title>De\u0148 otvoren\u00fdch dver\u00ed kni\u017enice Pova\u017esk\u00e9ho m\u00fazea v \u017diline - Pova\u017esk\u00e9 m\u00fazeum<\/title>\n<meta name=\"robots\" content=\"index, follow, max-snippet:-1, max-image-preview:large, max-video-preview:-1\" \/>\n<link rel=\"canonical\" href=\"https:\/\/pmza.sk\/?p=1453\" \/>\n<meta property=\"og:locale\" content=\"sk_SK\" \/>\n<meta property=\"og:type\" content=\"article\" \/>\n<meta property=\"og:title\" content=\"De\u0148 otvoren\u00fdch dver\u00ed kni\u017enice Pova\u017esk\u00e9ho m\u00fazea v \u017diline - Pova\u017esk\u00e9 m\u00fazeum\" \/>\n<meta property=\"og:description\" content=\"Po \u00faspe\u0161nej akcii pod n\u00e1zvom Otvoren\u00fd t\u00fd\u017ede\u0148 Kni\u017enice Pova\u017esk\u00e9ho m\u00fazea v\u00a0\u017diline, do ktor\u00e9ho sa m\u00fazeum prv\u00fdkr\u00e1t zapojilo po\u010das T\u00fd\u017ed\u0148a slovensk\u00fdch kni\u017en\u00edc v\u00a0marci 2010, bude v stredu 24. novembra 2010 op\u00e4tovne prebieha\u0165 De\u0148 otvoren\u00fdch dver\u00ed kni\u017enice s\u00a0viacer\u00fdmi bonusmi.\" \/>\n<meta property=\"og:url\" content=\"https:\/\/pmza.sk\/?p=1453\" \/>\n<meta property=\"og:site_name\" content=\"Pova\u017esk\u00e9 m\u00fazeum\" \/>\n<meta property=\"article:publisher\" content=\"https:\/\/www.facebook.com\/povazskemuzeum\" \/>\n<meta property=\"article:published_time\" content=\"2010-11-18T14:15:37+00:00\" \/>\n<meta name=\"author\" content=\"Pova\u017esk\u00e9 m\u00fazeum\" \/>\n<meta name=\"twitter:card\" content=\"summary_large_image\" \/>\n<meta name=\"twitter:label1\" content=\"Autor\" \/>\n\t<meta name=\"twitter:data1\" content=\"Pova\u017esk\u00e9 m\u00fazeum\" \/>\n\t<meta name=\"twitter:label2\" content=\"Predpokladan\u00fd \u010das \u010d\u00edtania\" \/>\n\t<meta name=\"twitter:data2\" content=\"2 min\u00faty\" \/>\n<script type=\"application\/ld+json\" class=\"yoast-schema-graph\">{\"@context\":\"https:\\\/\\\/schema.org\",\"@graph\":[{\"@type\":\"Article\",\"@id\":\"https:\\\/\\\/pmza.sk\\\/?p=1453#article\",\"isPartOf\":{\"@id\":\"https:\\\/\\\/pmza.sk\\\/?p=1453\"},\"author\":{\"name\":\"Pova\u017esk\u00e9 m\u00fazeum\",\"@id\":\"https:\\\/\\\/pmza.sk\\\/#\\\/schema\\\/person\\\/595e6a2ce731ea94dcd5d7f50a41ae33\"},\"headline\":\"De\u0148 otvoren\u00fdch dver\u00ed kni\u017enice Pova\u017esk\u00e9ho m\u00fazea v \u017diline\",\"datePublished\":\"2010-11-18T14:15:37+00:00\",\"mainEntityOfPage\":{\"@id\":\"https:\\\/\\\/pmza.sk\\\/?p=1453\"},\"wordCount\":424,\"publisher\":{\"@id\":\"https:\\\/\\\/pmza.sk\\\/#organization\"},\"articleSection\":[\"Arch\u00edv 2010\"],\"inLanguage\":\"sk-SK\"},{\"@type\":\"WebPage\",\"@id\":\"https:\\\/\\\/pmza.sk\\\/?p=1453\",\"url\":\"https:\\\/\\\/pmza.sk\\\/?p=1453\",\"name\":\"De\u0148 otvoren\u00fdch dver\u00ed kni\u017enice Pova\u017esk\u00e9ho m\u00fazea v \u017diline - Pova\u017esk\u00e9 m\u00fazeum\",\"isPartOf\":{\"@id\":\"https:\\\/\\\/pmza.sk\\\/#website\"},\"datePublished\":\"2010-11-18T14:15:37+00:00\",\"breadcrumb\":{\"@id\":\"https:\\\/\\\/pmza.sk\\\/?p=1453#breadcrumb\"},\"inLanguage\":\"sk-SK\",\"potentialAction\":[{\"@type\":\"ReadAction\",\"target\":[\"https:\\\/\\\/pmza.sk\\\/?p=1453\"]}]},{\"@type\":\"BreadcrumbList\",\"@id\":\"https:\\\/\\\/pmza.sk\\\/?p=1453#breadcrumb\",\"itemListElement\":[{\"@type\":\"ListItem\",\"position\":1,\"name\":\"Domovsk\u00e1 str\u00e1nka\",\"item\":\"https:\\\/\\\/pmza.sk\\\/\"},{\"@type\":\"ListItem\",\"position\":2,\"name\":\"De\u0148 otvoren\u00fdch dver\u00ed kni\u017enice Pova\u017esk\u00e9ho m\u00fazea v \u017diline\"}]},{\"@type\":\"WebSite\",\"@id\":\"https:\\\/\\\/pmza.sk\\\/#website\",\"url\":\"https:\\\/\\\/pmza.sk\\\/\",\"name\":\"Pova\u017esk\u00e9 m\u00fazeum\",\"description\":\"Pova\u017esk\u00e9 m\u00fazeum v \u017diline je region\u00e1lne m\u00fazeum so s\u00eddlom v Budat\u00edne. Jeho expoz\u00edcie s\u00fa zameran\u00e9 na dejiny slovensk\u00e9ho umenia, kult\u00fary a dopravy.\",\"publisher\":{\"@id\":\"https:\\\/\\\/pmza.sk\\\/#organization\"},\"potentialAction\":[{\"@type\":\"SearchAction\",\"target\":{\"@type\":\"EntryPoint\",\"urlTemplate\":\"https:\\\/\\\/pmza.sk\\\/?s={search_term_string}\"},\"query-input\":{\"@type\":\"PropertyValueSpecification\",\"valueRequired\":true,\"valueName\":\"search_term_string\"}}],\"inLanguage\":\"sk-SK\"},{\"@type\":\"Organization\",\"@id\":\"https:\\\/\\\/pmza.sk\\\/#organization\",\"name\":\"Pova\u017esk\u00e9 m\u00fazeum\",\"url\":\"https:\\\/\\\/pmza.sk\\\/\",\"logo\":{\"@type\":\"ImageObject\",\"inLanguage\":\"sk-SK\",\"@id\":\"https:\\\/\\\/pmza.sk\\\/#\\\/schema\\\/logo\\\/image\\\/\",\"url\":\"https:\\\/\\\/pmza.sk\\\/wp-content\\\/uploads\\\/2022\\\/01\\\/logo_PM_horizontal.jpg\",\"contentUrl\":\"https:\\\/\\\/pmza.sk\\\/wp-content\\\/uploads\\\/2022\\\/01\\\/logo_PM_horizontal.jpg\",\"width\":231,\"height\":142,\"caption\":\"Pova\u017esk\u00e9 m\u00fazeum\"},\"image\":{\"@id\":\"https:\\\/\\\/pmza.sk\\\/#\\\/schema\\\/logo\\\/image\\\/\"},\"sameAs\":[\"https:\\\/\\\/www.facebook.com\\\/povazskemuzeum\",\"https:\\\/\\\/www.instagram.com\\\/povazskemuzeum\\\/\"]},{\"@type\":\"Person\",\"@id\":\"https:\\\/\\\/pmza.sk\\\/#\\\/schema\\\/person\\\/595e6a2ce731ea94dcd5d7f50a41ae33\",\"name\":\"Pova\u017esk\u00e9 m\u00fazeum\",\"image\":{\"@type\":\"ImageObject\",\"inLanguage\":\"sk-SK\",\"@id\":\"https:\\\/\\\/secure.gravatar.com\\\/avatar\\\/2bb7f1561282132fb5826dfeccc66c7996d11ee392ac6aaf7ced8a1c2027fbb2?s=96&d=mm&r=g\",\"url\":\"https:\\\/\\\/secure.gravatar.com\\\/avatar\\\/2bb7f1561282132fb5826dfeccc66c7996d11ee392ac6aaf7ced8a1c2027fbb2?s=96&d=mm&r=g\",\"contentUrl\":\"https:\\\/\\\/secure.gravatar.com\\\/avatar\\\/2bb7f1561282132fb5826dfeccc66c7996d11ee392ac6aaf7ced8a1c2027fbb2?s=96&d=mm&r=g\",\"caption\":\"Pova\u017esk\u00e9 m\u00fazeum\"}}]}<\/script>\n<!-- \/ Yoast SEO plugin. -->","yoast_head_json":{"title":"De\u0148 otvoren\u00fdch dver\u00ed kni\u017enice Pova\u017esk\u00e9ho m\u00fazea v \u017diline - Pova\u017esk\u00e9 m\u00fazeum","robots":{"index":"index","follow":"follow","max-snippet":"max-snippet:-1","max-image-preview":"max-image-preview:large","max-video-preview":"max-video-preview:-1"},"canonical":"https:\/\/pmza.sk\/?p=1453","og_locale":"sk_SK","og_type":"article","og_title":"De\u0148 otvoren\u00fdch dver\u00ed kni\u017enice Pova\u017esk\u00e9ho m\u00fazea v \u017diline - Pova\u017esk\u00e9 m\u00fazeum","og_description":"Po \u00faspe\u0161nej akcii pod n\u00e1zvom Otvoren\u00fd t\u00fd\u017ede\u0148 Kni\u017enice Pova\u017esk\u00e9ho m\u00fazea v\u00a0\u017diline, do ktor\u00e9ho sa m\u00fazeum prv\u00fdkr\u00e1t zapojilo po\u010das T\u00fd\u017ed\u0148a slovensk\u00fdch kni\u017en\u00edc v\u00a0marci 2010, bude v stredu 24. novembra 2010 op\u00e4tovne prebieha\u0165 De\u0148 otvoren\u00fdch dver\u00ed kni\u017enice s\u00a0viacer\u00fdmi bonusmi.","og_url":"https:\/\/pmza.sk\/?p=1453","og_site_name":"Pova\u017esk\u00e9 m\u00fazeum","article_publisher":"https:\/\/www.facebook.com\/povazskemuzeum","article_published_time":"2010-11-18T14:15:37+00:00","author":"Pova\u017esk\u00e9 m\u00fazeum","twitter_card":"summary_large_image","twitter_misc":{"Autor":"Pova\u017esk\u00e9 m\u00fazeum","Predpokladan\u00fd \u010das \u010d\u00edtania":"2 min\u00faty"},"schema":{"@context":"https:\/\/schema.org","@graph":[{"@type":"Article","@id":"https:\/\/pmza.sk\/?p=1453#article","isPartOf":{"@id":"https:\/\/pmza.sk\/?p=1453"},"author":{"name":"Pova\u017esk\u00e9 m\u00fazeum","@id":"https:\/\/pmza.sk\/#\/schema\/person\/595e6a2ce731ea94dcd5d7f50a41ae33"},"headline":"De\u0148 otvoren\u00fdch dver\u00ed kni\u017enice Pova\u017esk\u00e9ho m\u00fazea v \u017diline","datePublished":"2010-11-18T14:15:37+00:00","mainEntityOfPage":{"@id":"https:\/\/pmza.sk\/?p=1453"},"wordCount":424,"publisher":{"@id":"https:\/\/pmza.sk\/#organization"},"articleSection":["Arch\u00edv 2010"],"inLanguage":"sk-SK"},{"@type":"WebPage","@id":"https:\/\/pmza.sk\/?p=1453","url":"https:\/\/pmza.sk\/?p=1453","name":"De\u0148 otvoren\u00fdch dver\u00ed kni\u017enice Pova\u017esk\u00e9ho m\u00fazea v \u017diline - Pova\u017esk\u00e9 m\u00fazeum","isPartOf":{"@id":"https:\/\/pmza.sk\/#website"},"datePublished":"2010-11-18T14:15:37+00:00","breadcrumb":{"@id":"https:\/\/pmza.sk\/?p=1453#breadcrumb"},"inLanguage":"sk-SK","potentialAction":[{"@type":"ReadAction","target":["https:\/\/pmza.sk\/?p=1453"]}]},{"@type":"BreadcrumbList","@id":"https:\/\/pmza.sk\/?p=1453#breadcrumb","itemListElement":[{"@type":"ListItem","position":1,"name":"Domovsk\u00e1 str\u00e1nka","item":"https:\/\/pmza.sk\/"},{"@type":"ListItem","position":2,"name":"De\u0148 otvoren\u00fdch dver\u00ed kni\u017enice Pova\u017esk\u00e9ho m\u00fazea v \u017diline"}]},{"@type":"WebSite","@id":"https:\/\/pmza.sk\/#website","url":"https:\/\/pmza.sk\/","name":"Pova\u017esk\u00e9 m\u00fazeum","description":"Pova\u017esk\u00e9 m\u00fazeum v \u017diline je region\u00e1lne m\u00fazeum so s\u00eddlom v Budat\u00edne. Jeho expoz\u00edcie s\u00fa zameran\u00e9 na dejiny slovensk\u00e9ho umenia, kult\u00fary a dopravy.","publisher":{"@id":"https:\/\/pmza.sk\/#organization"},"potentialAction":[{"@type":"SearchAction","target":{"@type":"EntryPoint","urlTemplate":"https:\/\/pmza.sk\/?s={search_term_string}"},"query-input":{"@type":"PropertyValueSpecification","valueRequired":true,"valueName":"search_term_string"}}],"inLanguage":"sk-SK"},{"@type":"Organization","@id":"https:\/\/pmza.sk\/#organization","name":"Pova\u017esk\u00e9 m\u00fazeum","url":"https:\/\/pmza.sk\/","logo":{"@type":"ImageObject","inLanguage":"sk-SK","@id":"https:\/\/pmza.sk\/#\/schema\/logo\/image\/","url":"https:\/\/pmza.sk\/wp-content\/uploads\/2022\/01\/logo_PM_horizontal.jpg","contentUrl":"https:\/\/pmza.sk\/wp-content\/uploads\/2022\/01\/logo_PM_horizontal.jpg","width":231,"height":142,"caption":"Pova\u017esk\u00e9 m\u00fazeum"},"image":{"@id":"https:\/\/pmza.sk\/#\/schema\/logo\/image\/"},"sameAs":["https:\/\/www.facebook.com\/povazskemuzeum","https:\/\/www.instagram.com\/povazskemuzeum\/"]},{"@type":"Person","@id":"https:\/\/pmza.sk\/#\/schema\/person\/595e6a2ce731ea94dcd5d7f50a41ae33","name":"Pova\u017esk\u00e9 m\u00fazeum","image":{"@type":"ImageObject","inLanguage":"sk-SK","@id":"https:\/\/secure.gravatar.com\/avatar\/2bb7f1561282132fb5826dfeccc66c7996d11ee392ac6aaf7ced8a1c2027fbb2?s=96&d=mm&r=g","url":"https:\/\/secure.gravatar.com\/avatar\/2bb7f1561282132fb5826dfeccc66c7996d11ee392ac6aaf7ced8a1c2027fbb2?s=96&d=mm&r=g","contentUrl":"https:\/\/secure.gravatar.com\/avatar\/2bb7f1561282132fb5826dfeccc66c7996d11ee392ac6aaf7ced8a1c2027fbb2?s=96&d=mm&r=g","caption":"Pova\u017esk\u00e9 m\u00fazeum"}}]}},"_links":{"self":[{"href":"https:\/\/pmza.sk\/index.php?rest_route=\/wp\/v2\/posts\/1453","targetHints":{"allow":["GET"]}}],"collection":[{"href":"https:\/\/pmza.sk\/index.php?rest_route=\/wp\/v2\/posts"}],"about":[{"href":"https:\/\/pmza.sk\/index.php?rest_route=\/wp\/v2\/types\/post"}],"author":[{"embeddable":true,"href":"https:\/\/pmza.sk\/index.php?rest_route=\/wp\/v2\/users\/2"}],"replies":[{"embeddable":true,"href":"https:\/\/pmza.sk\/index.php?rest_route=%2Fwp%2Fv2%2Fcomments&post=1453"}],"version-history":[{"count":0,"href":"https:\/\/pmza.sk\/index.php?rest_route=\/wp\/v2\/posts\/1453\/revisions"}],"wp:attachment":[{"href":"https:\/\/pmza.sk\/index.php?rest_route=%2Fwp%2Fv2%2Fmedia&parent=1453"}],"wp:term":[{"taxonomy":"category","embeddable":true,"href":"https:\/\/pmza.sk\/index.php?rest_route=%2Fwp%2Fv2%2Fcategories&post=1453"},{"taxonomy":"post_tag","embeddable":true,"href":"https:\/\/pmza.sk\/index.php?rest_route=%2Fwp%2Fv2%2Ftags&post=1453"}],"curies":[{"name":"wp","href":"https:\/\/api.w.org\/{rel}","templated":true}]}}