{"id":1495,"date":"2010-12-02T15:43:03","date_gmt":"2010-12-02T14:43:03","guid":{"rendered":"https:\/\/pmza.sk.sk\/?p=1495"},"modified":"2010-12-02T15:43:03","modified_gmt":"2010-12-02T14:43:03","slug":"podujatie-kazdy-dovidi-na-hviezdy-vstupuje-do-druheho-rocnika","status":"publish","type":"post","link":"https:\/\/pmza.sk\/?p=1495","title":{"rendered":"Podujatie Ka\u017ed\u00fd dovid\u00ed na hviezdy vstupuje do druh\u00e9ho ro\u010dn\u00edka"},"content":{"rendered":"<p><a href=\"https:\/\/pmza.sk\/wp-content\/uploads\/2010\/12\/PC131004.jpg\"><img fetchpriority=\"high\" decoding=\"async\" class=\"alignleft size-medium wp-image-1496\" style=\"border: 2px solid black; margin: 4px;\" title=\"PC131004\" src=\"https:\/\/pmza.sk.sk\/wp-content\/uploads\/2010\/12\/PC131004-300x225.jpg\" alt=\"\" width=\"300\" height=\"225\" \/><\/a>Koncom minul\u00e9ho roku sa uskuto\u010dnil v are\u00e1li Budat\u00ednskeho hradu pilotn\u00fd projekt\u00a0 Pova\u017esk\u00e9ho m\u00fazea v \u017diline v spolupr\u00e1ci s \u00a0Krajsk\u00fdm strediskom \u00danie nevidiacich a slabozrak\u00fdch Slovenska v \u017diline, ktor\u00e9ho nosnou\u00a0 aktivitou \u00a0boli tvoriv\u00e9 dielne dr\u00f4tovania a pali\u010dkovanej \u010dipky s viano\u010dnou tematikou pre klientov \u00danie a pre \u0161irok\u00fa verejnos\u0165. V\u00fdsledkom boli n\u00e1dhern\u00e9 dekora\u010dn\u00e9 predmety, nov\u00e9 priate\u013estv\u00e1 a neopakovate\u013en\u00e1 atmosf\u00e9ra. Podujatie <strong>Ka\u017ed\u00fd dovid\u00ed na hviezdy <\/strong>bolo nielen o\u00a0integr\u00e1cii znev\u00fdhodnenej skupiny obyvate\u013estva, o\u00a0pribl\u00ed\u017een\u00ed ich probl\u00e9mov, schopnost\u00ed, ale bolo najm\u00e4 o\u00a0spolupatri\u010dnosti a\u00a0o\u00a0Vianociach. \u201e <em>Ve\u013emi sa te\u0161\u00edm, \u017ee aj tento rok som bola spolu s\u00a0\u010dipk\u00e1rou Katar\u00ednou B\u00faranovou osloven\u00e1 lektorova\u0165 tieto dielne. M\u00e1m na ne kr\u00e1sne spomienky, preto\u017ee sa dobr\u00e1 my\u0161lienka pretavila naozaj do vydaren\u00e9ho a\u00a0pr\u00edjemn\u00e9ho stretnutia nevidiacich a\u00a0zdrav\u00fdch n\u00e1v\u0161tevn\u00edkov podujatia,\u201c <\/em>upozornila M\u00e1ria Porub\u010dansk\u00e1, lektorka a remeseln\u00ed\u010dka pracuj\u00faca jednak s\u00a0tradi\u010dn\u00fdmi ale aj nov\u00fdmi technikami opletania dr\u00f4tom.<!--more--><\/p>\n<p>V sobotu <strong>11. decembra 2010 u\u017e od 10,00 h <\/strong>viano\u010dn\u00fd workshop <strong>Ka\u017ed\u00fd dovid\u00ed na hviezdy<\/strong> vst\u00fapi do druh\u00e9ho ro\u010dn\u00edka. Tentokr\u00e1t ho bude hosti\u0165 Turzov Sob\u00e1\u0161ny pal\u00e1c v Byt\u010di. Op\u00e4\u0165 sa bud\u00fa dr\u00f4tova\u0165 a pali\u010dkova\u0165 dekora\u010dn\u00e9 predmety najrozli\u010dnej\u0161\u00edmi technikami. Taktie\u017e\u00a0 bude prv\u00fdkr\u00e1t predstaven\u00fd\u00a0 v\u00fdnimo\u010dn\u00fd monument\u00e1lny betlehem \u0161tiavnick\u00e9ho rezb\u00e1ra J\u00e1na Palku, ktor\u00fd je nain\u0161talovan\u00fd v pal\u00e1ci. Pod\u013ea autora betlehemu, tieto vy\u0161e dvojmetrov\u00e9 sochy tvoril \u0161peci\u00e1lne aj pre t\u00fato akciu. S\u00fa zauj\u00edmav\u00e9 \u00a0t\u00fdm, \u017ee jezuliatko le\u017e\u00ed nie v kol\u00edske ale na kolen\u00e1ch M\u00e1rie, aby si dreven\u00e9 plastiky \u00a0klienti \u00danie mohli za\u017ei\u0165 a prec\u00ed\u0165 rukami. Pre ostatn\u00fdch n\u00e1v\u0161tevn\u00edkov podujatia bude pripraven\u00e1 prezent\u00e1cia pom\u00f4cok a zariaden\u00ed, ktor\u00e9 kompenzuj\u00fa d\u00f4sledky straty alebo po\u0161kodenia zraku.<\/p>\n<p>\u201c <em>Minul\u00fd rok n\u00e1s prekvapil z\u00e1ujem vidiacich vysk\u00fa\u0161a\u0165 si tieto \u00a0pom\u00f4cky , \u010d\u00edm sa naplnila hlavn\u00e1 my\u0161lienka prezent\u00e1cie \u2013 pochopi\u0165 nie jednoduch\u00fd \u017eivot na\u0161ich klientov,\u201d<\/em> dodala Erika K\u00e1n\u00e1tov\u00e1, \u00a0ved\u00faca Krajsk\u00e9ho strediska \u00danie nevidiacich a slabozrak\u00fdch Slovenska v \u017diline.<\/p>\n<p>Vianoce v Sob\u00e1\u0161nom pal\u00e1ci v Byt\u010div podobe podujatia <strong>Ka\u017ed\u00fd dovid\u00ed na hviezdy 11. decembra 2010 <\/strong>spr\u00edjemnia okrem viano\u010dn\u00e9ho pe\u010diva aj koledy \u013dH s\u00farodencov \u010eurancov zo Str\u00e1\u017ee. Organiz\u00e1torom je \u017dilinsk\u00fd samospr\u00e1vny kraj, Pova\u017esk\u00e9 m\u00fazeum v \u017diline a Krajsk\u00e9 strediskao\u00danie nevidiacich a slabozrak\u00fdch Slovenska v \u017diline.<\/p>\n<p><strong> <\/strong><\/p>\n","protected":false},"excerpt":{"rendered":"<p>Koncom minul\u00e9ho roku sa uskuto\u010dnil v are\u00e1li Budat\u00ednskeho hradu pilotn\u00fd projekt\u00a0 Pova\u017esk\u00e9ho m\u00fazea v \u017diline v spolupr\u00e1ci s \u00a0Krajsk\u00fdm strediskom \u00danie nevidiacich a slabozrak\u00fdch Slovenska v \u017diline, ktor\u00e9ho nosnou\u00a0 aktivitou \u00a0boli tvoriv\u00e9 dielne dr\u00f4tovania a pali\u010dkovanej \u010dipky s viano\u010dnou tematikou pre klientov \u00danie a pre \u0161irok\u00fa verejnos\u0165. V\u00fdsledkom boli n\u00e1dhern\u00e9 dekora\u010dn\u00e9 predmety, nov\u00e9 priate\u013estv\u00e1 a [&hellip;]<\/p>\n","protected":false},"author":2,"featured_media":0,"comment_status":"closed","ping_status":"closed","sticky":false,"template":"","format":"standard","meta":{"site-sidebar-layout":"default","site-content-layout":"","ast-site-content-layout":"","site-content-style":"default","site-sidebar-style":"default","ast-global-header-display":"","ast-banner-title-visibility":"","ast-main-header-display":"","ast-hfb-above-header-display":"","ast-hfb-below-header-display":"","ast-hfb-mobile-header-display":"","site-post-title":"","ast-breadcrumbs-content":"","ast-featured-img":"","footer-sml-layout":"","theme-transparent-header-meta":"","adv-header-id-meta":"","stick-header-meta":"","header-above-stick-meta":"","header-main-stick-meta":"","header-below-stick-meta":"","astra-migrate-meta-layouts":"default","ast-page-background-enabled":"default","ast-page-background-meta":{"desktop":{"background-color":"var(--ast-global-color-4)","background-image":"","background-repeat":"repeat","background-position":"center center","background-size":"auto","background-attachment":"scroll","background-type":"","background-media":"","overlay-type":"","overlay-color":"","overlay-opacity":"","overlay-gradient":""},"tablet":{"background-color":"","background-image":"","background-repeat":"repeat","background-position":"center center","background-size":"auto","background-attachment":"scroll","background-type":"","background-media":"","overlay-type":"","overlay-color":"","overlay-opacity":"","overlay-gradient":""},"mobile":{"background-color":"","background-image":"","background-repeat":"repeat","background-position":"center center","background-size":"auto","background-attachment":"scroll","background-type":"","background-media":"","overlay-type":"","overlay-color":"","overlay-opacity":"","overlay-gradient":""}},"ast-content-background-meta":{"desktop":{"background-color":"var(--ast-global-color-5)","background-image":"","background-repeat":"repeat","background-position":"center center","background-size":"auto","background-attachment":"scroll","background-type":"","background-media":"","overlay-type":"","overlay-color":"","overlay-opacity":"","overlay-gradient":""},"tablet":{"background-color":"var(--ast-global-color-5)","background-image":"","background-repeat":"repeat","background-position":"center center","background-size":"auto","background-attachment":"scroll","background-type":"","background-media":"","overlay-type":"","overlay-color":"","overlay-opacity":"","overlay-gradient":""},"mobile":{"background-color":"var(--ast-global-color-5)","background-image":"","background-repeat":"repeat","background-position":"center center","background-size":"auto","background-attachment":"scroll","background-type":"","background-media":"","overlay-type":"","overlay-color":"","overlay-opacity":"","overlay-gradient":""}},"footnotes":""},"categories":[29],"tags":[],"class_list":["post-1495","post","type-post","status-publish","format-standard","hentry","category-archiv-2010"],"yoast_head":"<!-- This site is optimized with the Yoast SEO plugin v27.4 - https:\/\/yoast.com\/product\/yoast-seo-wordpress\/ -->\n<title>Podujatie Ka\u017ed\u00fd dovid\u00ed na hviezdy vstupuje do druh\u00e9ho ro\u010dn\u00edka - Pova\u017esk\u00e9 m\u00fazeum<\/title>\n<meta name=\"robots\" content=\"index, follow, max-snippet:-1, max-image-preview:large, max-video-preview:-1\" \/>\n<link rel=\"canonical\" href=\"https:\/\/pmza.sk\/?p=1495\" \/>\n<meta property=\"og:locale\" content=\"sk_SK\" \/>\n<meta property=\"og:type\" content=\"article\" \/>\n<meta property=\"og:title\" content=\"Podujatie Ka\u017ed\u00fd dovid\u00ed na hviezdy vstupuje do druh\u00e9ho ro\u010dn\u00edka - Pova\u017esk\u00e9 m\u00fazeum\" \/>\n<meta property=\"og:description\" content=\"Koncom minul\u00e9ho roku sa uskuto\u010dnil v are\u00e1li Budat\u00ednskeho hradu pilotn\u00fd projekt\u00a0 Pova\u017esk\u00e9ho m\u00fazea v \u017diline v spolupr\u00e1ci s \u00a0Krajsk\u00fdm strediskom \u00danie nevidiacich a slabozrak\u00fdch Slovenska v \u017diline, ktor\u00e9ho nosnou\u00a0 aktivitou \u00a0boli tvoriv\u00e9 dielne dr\u00f4tovania a pali\u010dkovanej \u010dipky s viano\u010dnou tematikou pre klientov \u00danie a pre \u0161irok\u00fa verejnos\u0165. V\u00fdsledkom boli n\u00e1dhern\u00e9 dekora\u010dn\u00e9 predmety, nov\u00e9 priate\u013estv\u00e1 a [&hellip;]\" \/>\n<meta property=\"og:url\" content=\"https:\/\/pmza.sk\/?p=1495\" \/>\n<meta property=\"og:site_name\" content=\"Pova\u017esk\u00e9 m\u00fazeum\" \/>\n<meta property=\"article:publisher\" content=\"https:\/\/www.facebook.com\/povazskemuzeum\" \/>\n<meta property=\"article:published_time\" content=\"2010-12-02T14:43:03+00:00\" \/>\n<meta property=\"og:image\" content=\"https:\/\/pmza.sk.sk\/wp-content\/uploads\/2010\/12\/PC131004-300x225.jpg\" \/>\n<meta name=\"author\" content=\"Pova\u017esk\u00e9 m\u00fazeum\" \/>\n<meta name=\"twitter:card\" content=\"summary_large_image\" \/>\n<meta name=\"twitter:label1\" content=\"Autor\" \/>\n\t<meta name=\"twitter:data1\" content=\"Pova\u017esk\u00e9 m\u00fazeum\" \/>\n\t<meta name=\"twitter:label2\" content=\"Predpokladan\u00fd \u010das \u010d\u00edtania\" \/>\n\t<meta name=\"twitter:data2\" content=\"2 min\u00faty\" \/>\n<script type=\"application\/ld+json\" class=\"yoast-schema-graph\">{\"@context\":\"https:\\\/\\\/schema.org\",\"@graph\":[{\"@type\":\"Article\",\"@id\":\"https:\\\/\\\/pmza.sk\\\/?p=1495#article\",\"isPartOf\":{\"@id\":\"https:\\\/\\\/pmza.sk\\\/?p=1495\"},\"author\":{\"name\":\"Pova\u017esk\u00e9 m\u00fazeum\",\"@id\":\"https:\\\/\\\/pmza.sk\\\/#\\\/schema\\\/person\\\/595e6a2ce731ea94dcd5d7f50a41ae33\"},\"headline\":\"Podujatie Ka\u017ed\u00fd dovid\u00ed na hviezdy vstupuje do druh\u00e9ho ro\u010dn\u00edka\",\"datePublished\":\"2010-12-02T14:43:03+00:00\",\"mainEntityOfPage\":{\"@id\":\"https:\\\/\\\/pmza.sk\\\/?p=1495\"},\"wordCount\":454,\"publisher\":{\"@id\":\"https:\\\/\\\/pmza.sk\\\/#organization\"},\"image\":{\"@id\":\"https:\\\/\\\/pmza.sk\\\/?p=1495#primaryimage\"},\"thumbnailUrl\":\"http:\\\/\\\/pmza.sk.sk\\\/wp-content\\\/uploads\\\/2010\\\/12\\\/PC131004-300x225.jpg\",\"articleSection\":[\"Arch\u00edv 2010\"],\"inLanguage\":\"sk-SK\"},{\"@type\":\"WebPage\",\"@id\":\"https:\\\/\\\/pmza.sk\\\/?p=1495\",\"url\":\"https:\\\/\\\/pmza.sk\\\/?p=1495\",\"name\":\"Podujatie Ka\u017ed\u00fd dovid\u00ed na hviezdy vstupuje do druh\u00e9ho ro\u010dn\u00edka - Pova\u017esk\u00e9 m\u00fazeum\",\"isPartOf\":{\"@id\":\"https:\\\/\\\/pmza.sk\\\/#website\"},\"primaryImageOfPage\":{\"@id\":\"https:\\\/\\\/pmza.sk\\\/?p=1495#primaryimage\"},\"image\":{\"@id\":\"https:\\\/\\\/pmza.sk\\\/?p=1495#primaryimage\"},\"thumbnailUrl\":\"http:\\\/\\\/pmza.sk.sk\\\/wp-content\\\/uploads\\\/2010\\\/12\\\/PC131004-300x225.jpg\",\"datePublished\":\"2010-12-02T14:43:03+00:00\",\"breadcrumb\":{\"@id\":\"https:\\\/\\\/pmza.sk\\\/?p=1495#breadcrumb\"},\"inLanguage\":\"sk-SK\",\"potentialAction\":[{\"@type\":\"ReadAction\",\"target\":[\"https:\\\/\\\/pmza.sk\\\/?p=1495\"]}]},{\"@type\":\"ImageObject\",\"inLanguage\":\"sk-SK\",\"@id\":\"https:\\\/\\\/pmza.sk\\\/?p=1495#primaryimage\",\"url\":\"http:\\\/\\\/pmza.sk.sk\\\/wp-content\\\/uploads\\\/2010\\\/12\\\/PC131004-300x225.jpg\",\"contentUrl\":\"http:\\\/\\\/pmza.sk.sk\\\/wp-content\\\/uploads\\\/2010\\\/12\\\/PC131004-300x225.jpg\"},{\"@type\":\"BreadcrumbList\",\"@id\":\"https:\\\/\\\/pmza.sk\\\/?p=1495#breadcrumb\",\"itemListElement\":[{\"@type\":\"ListItem\",\"position\":1,\"name\":\"Domovsk\u00e1 str\u00e1nka\",\"item\":\"https:\\\/\\\/pmza.sk\\\/\"},{\"@type\":\"ListItem\",\"position\":2,\"name\":\"Podujatie Ka\u017ed\u00fd dovid\u00ed na hviezdy vstupuje do druh\u00e9ho ro\u010dn\u00edka\"}]},{\"@type\":\"WebSite\",\"@id\":\"https:\\\/\\\/pmza.sk\\\/#website\",\"url\":\"https:\\\/\\\/pmza.sk\\\/\",\"name\":\"Pova\u017esk\u00e9 m\u00fazeum\",\"description\":\"Pova\u017esk\u00e9 m\u00fazeum v \u017diline je region\u00e1lne m\u00fazeum so s\u00eddlom v Budat\u00edne. Jeho expoz\u00edcie s\u00fa zameran\u00e9 na dejiny slovensk\u00e9ho umenia, kult\u00fary a dopravy.\",\"publisher\":{\"@id\":\"https:\\\/\\\/pmza.sk\\\/#organization\"},\"potentialAction\":[{\"@type\":\"SearchAction\",\"target\":{\"@type\":\"EntryPoint\",\"urlTemplate\":\"https:\\\/\\\/pmza.sk\\\/?s={search_term_string}\"},\"query-input\":{\"@type\":\"PropertyValueSpecification\",\"valueRequired\":true,\"valueName\":\"search_term_string\"}}],\"inLanguage\":\"sk-SK\"},{\"@type\":\"Organization\",\"@id\":\"https:\\\/\\\/pmza.sk\\\/#organization\",\"name\":\"Pova\u017esk\u00e9 m\u00fazeum\",\"url\":\"https:\\\/\\\/pmza.sk\\\/\",\"logo\":{\"@type\":\"ImageObject\",\"inLanguage\":\"sk-SK\",\"@id\":\"https:\\\/\\\/pmza.sk\\\/#\\\/schema\\\/logo\\\/image\\\/\",\"url\":\"https:\\\/\\\/pmza.sk\\\/wp-content\\\/uploads\\\/2022\\\/01\\\/logo_PM_horizontal.jpg\",\"contentUrl\":\"https:\\\/\\\/pmza.sk\\\/wp-content\\\/uploads\\\/2022\\\/01\\\/logo_PM_horizontal.jpg\",\"width\":231,\"height\":142,\"caption\":\"Pova\u017esk\u00e9 m\u00fazeum\"},\"image\":{\"@id\":\"https:\\\/\\\/pmza.sk\\\/#\\\/schema\\\/logo\\\/image\\\/\"},\"sameAs\":[\"https:\\\/\\\/www.facebook.com\\\/povazskemuzeum\",\"https:\\\/\\\/www.instagram.com\\\/povazskemuzeum\\\/\"]},{\"@type\":\"Person\",\"@id\":\"https:\\\/\\\/pmza.sk\\\/#\\\/schema\\\/person\\\/595e6a2ce731ea94dcd5d7f50a41ae33\",\"name\":\"Pova\u017esk\u00e9 m\u00fazeum\",\"image\":{\"@type\":\"ImageObject\",\"inLanguage\":\"sk-SK\",\"@id\":\"https:\\\/\\\/secure.gravatar.com\\\/avatar\\\/2bb7f1561282132fb5826dfeccc66c7996d11ee392ac6aaf7ced8a1c2027fbb2?s=96&d=mm&r=g\",\"url\":\"https:\\\/\\\/secure.gravatar.com\\\/avatar\\\/2bb7f1561282132fb5826dfeccc66c7996d11ee392ac6aaf7ced8a1c2027fbb2?s=96&d=mm&r=g\",\"contentUrl\":\"https:\\\/\\\/secure.gravatar.com\\\/avatar\\\/2bb7f1561282132fb5826dfeccc66c7996d11ee392ac6aaf7ced8a1c2027fbb2?s=96&d=mm&r=g\",\"caption\":\"Pova\u017esk\u00e9 m\u00fazeum\"}}]}<\/script>\n<!-- \/ Yoast SEO plugin. -->","yoast_head_json":{"title":"Podujatie Ka\u017ed\u00fd dovid\u00ed na hviezdy vstupuje do druh\u00e9ho ro\u010dn\u00edka - Pova\u017esk\u00e9 m\u00fazeum","robots":{"index":"index","follow":"follow","max-snippet":"max-snippet:-1","max-image-preview":"max-image-preview:large","max-video-preview":"max-video-preview:-1"},"canonical":"https:\/\/pmza.sk\/?p=1495","og_locale":"sk_SK","og_type":"article","og_title":"Podujatie Ka\u017ed\u00fd dovid\u00ed na hviezdy vstupuje do druh\u00e9ho ro\u010dn\u00edka - Pova\u017esk\u00e9 m\u00fazeum","og_description":"Koncom minul\u00e9ho roku sa uskuto\u010dnil v are\u00e1li Budat\u00ednskeho hradu pilotn\u00fd projekt\u00a0 Pova\u017esk\u00e9ho m\u00fazea v \u017diline v spolupr\u00e1ci s \u00a0Krajsk\u00fdm strediskom \u00danie nevidiacich a slabozrak\u00fdch Slovenska v \u017diline, ktor\u00e9ho nosnou\u00a0 aktivitou \u00a0boli tvoriv\u00e9 dielne dr\u00f4tovania a pali\u010dkovanej \u010dipky s viano\u010dnou tematikou pre klientov \u00danie a pre \u0161irok\u00fa verejnos\u0165. V\u00fdsledkom boli n\u00e1dhern\u00e9 dekora\u010dn\u00e9 predmety, nov\u00e9 priate\u013estv\u00e1 a [&hellip;]","og_url":"https:\/\/pmza.sk\/?p=1495","og_site_name":"Pova\u017esk\u00e9 m\u00fazeum","article_publisher":"https:\/\/www.facebook.com\/povazskemuzeum","article_published_time":"2010-12-02T14:43:03+00:00","og_image":[{"url":"https:\/\/pmza.sk.sk\/wp-content\/uploads\/2010\/12\/PC131004-300x225.jpg","type":"","width":"","height":""}],"author":"Pova\u017esk\u00e9 m\u00fazeum","twitter_card":"summary_large_image","twitter_misc":{"Autor":"Pova\u017esk\u00e9 m\u00fazeum","Predpokladan\u00fd \u010das \u010d\u00edtania":"2 min\u00faty"},"schema":{"@context":"https:\/\/schema.org","@graph":[{"@type":"Article","@id":"https:\/\/pmza.sk\/?p=1495#article","isPartOf":{"@id":"https:\/\/pmza.sk\/?p=1495"},"author":{"name":"Pova\u017esk\u00e9 m\u00fazeum","@id":"https:\/\/pmza.sk\/#\/schema\/person\/595e6a2ce731ea94dcd5d7f50a41ae33"},"headline":"Podujatie Ka\u017ed\u00fd dovid\u00ed na hviezdy vstupuje do druh\u00e9ho ro\u010dn\u00edka","datePublished":"2010-12-02T14:43:03+00:00","mainEntityOfPage":{"@id":"https:\/\/pmza.sk\/?p=1495"},"wordCount":454,"publisher":{"@id":"https:\/\/pmza.sk\/#organization"},"image":{"@id":"https:\/\/pmza.sk\/?p=1495#primaryimage"},"thumbnailUrl":"https:\/\/pmza.sk.sk\/wp-content\/uploads\/2010\/12\/PC131004-300x225.jpg","articleSection":["Arch\u00edv 2010"],"inLanguage":"sk-SK"},{"@type":"WebPage","@id":"https:\/\/pmza.sk\/?p=1495","url":"https:\/\/pmza.sk\/?p=1495","name":"Podujatie Ka\u017ed\u00fd dovid\u00ed na hviezdy vstupuje do druh\u00e9ho ro\u010dn\u00edka - Pova\u017esk\u00e9 m\u00fazeum","isPartOf":{"@id":"https:\/\/pmza.sk\/#website"},"primaryImageOfPage":{"@id":"https:\/\/pmza.sk\/?p=1495#primaryimage"},"image":{"@id":"https:\/\/pmza.sk\/?p=1495#primaryimage"},"thumbnailUrl":"https:\/\/pmza.sk.sk\/wp-content\/uploads\/2010\/12\/PC131004-300x225.jpg","datePublished":"2010-12-02T14:43:03+00:00","breadcrumb":{"@id":"https:\/\/pmza.sk\/?p=1495#breadcrumb"},"inLanguage":"sk-SK","potentialAction":[{"@type":"ReadAction","target":["https:\/\/pmza.sk\/?p=1495"]}]},{"@type":"ImageObject","inLanguage":"sk-SK","@id":"https:\/\/pmza.sk\/?p=1495#primaryimage","url":"https:\/\/pmza.sk.sk\/wp-content\/uploads\/2010\/12\/PC131004-300x225.jpg","contentUrl":"https:\/\/pmza.sk.sk\/wp-content\/uploads\/2010\/12\/PC131004-300x225.jpg"},{"@type":"BreadcrumbList","@id":"https:\/\/pmza.sk\/?p=1495#breadcrumb","itemListElement":[{"@type":"ListItem","position":1,"name":"Domovsk\u00e1 str\u00e1nka","item":"https:\/\/pmza.sk\/"},{"@type":"ListItem","position":2,"name":"Podujatie Ka\u017ed\u00fd dovid\u00ed na hviezdy vstupuje do druh\u00e9ho ro\u010dn\u00edka"}]},{"@type":"WebSite","@id":"https:\/\/pmza.sk\/#website","url":"https:\/\/pmza.sk\/","name":"Pova\u017esk\u00e9 m\u00fazeum","description":"Pova\u017esk\u00e9 m\u00fazeum v \u017diline je region\u00e1lne m\u00fazeum so s\u00eddlom v Budat\u00edne. Jeho expoz\u00edcie s\u00fa zameran\u00e9 na dejiny slovensk\u00e9ho umenia, kult\u00fary a dopravy.","publisher":{"@id":"https:\/\/pmza.sk\/#organization"},"potentialAction":[{"@type":"SearchAction","target":{"@type":"EntryPoint","urlTemplate":"https:\/\/pmza.sk\/?s={search_term_string}"},"query-input":{"@type":"PropertyValueSpecification","valueRequired":true,"valueName":"search_term_string"}}],"inLanguage":"sk-SK"},{"@type":"Organization","@id":"https:\/\/pmza.sk\/#organization","name":"Pova\u017esk\u00e9 m\u00fazeum","url":"https:\/\/pmza.sk\/","logo":{"@type":"ImageObject","inLanguage":"sk-SK","@id":"https:\/\/pmza.sk\/#\/schema\/logo\/image\/","url":"https:\/\/pmza.sk\/wp-content\/uploads\/2022\/01\/logo_PM_horizontal.jpg","contentUrl":"https:\/\/pmza.sk\/wp-content\/uploads\/2022\/01\/logo_PM_horizontal.jpg","width":231,"height":142,"caption":"Pova\u017esk\u00e9 m\u00fazeum"},"image":{"@id":"https:\/\/pmza.sk\/#\/schema\/logo\/image\/"},"sameAs":["https:\/\/www.facebook.com\/povazskemuzeum","https:\/\/www.instagram.com\/povazskemuzeum\/"]},{"@type":"Person","@id":"https:\/\/pmza.sk\/#\/schema\/person\/595e6a2ce731ea94dcd5d7f50a41ae33","name":"Pova\u017esk\u00e9 m\u00fazeum","image":{"@type":"ImageObject","inLanguage":"sk-SK","@id":"https:\/\/secure.gravatar.com\/avatar\/2bb7f1561282132fb5826dfeccc66c7996d11ee392ac6aaf7ced8a1c2027fbb2?s=96&d=mm&r=g","url":"https:\/\/secure.gravatar.com\/avatar\/2bb7f1561282132fb5826dfeccc66c7996d11ee392ac6aaf7ced8a1c2027fbb2?s=96&d=mm&r=g","contentUrl":"https:\/\/secure.gravatar.com\/avatar\/2bb7f1561282132fb5826dfeccc66c7996d11ee392ac6aaf7ced8a1c2027fbb2?s=96&d=mm&r=g","caption":"Pova\u017esk\u00e9 m\u00fazeum"}}]}},"_links":{"self":[{"href":"https:\/\/pmza.sk\/index.php?rest_route=\/wp\/v2\/posts\/1495","targetHints":{"allow":["GET"]}}],"collection":[{"href":"https:\/\/pmza.sk\/index.php?rest_route=\/wp\/v2\/posts"}],"about":[{"href":"https:\/\/pmza.sk\/index.php?rest_route=\/wp\/v2\/types\/post"}],"author":[{"embeddable":true,"href":"https:\/\/pmza.sk\/index.php?rest_route=\/wp\/v2\/users\/2"}],"replies":[{"embeddable":true,"href":"https:\/\/pmza.sk\/index.php?rest_route=%2Fwp%2Fv2%2Fcomments&post=1495"}],"version-history":[{"count":0,"href":"https:\/\/pmza.sk\/index.php?rest_route=\/wp\/v2\/posts\/1495\/revisions"}],"wp:attachment":[{"href":"https:\/\/pmza.sk\/index.php?rest_route=%2Fwp%2Fv2%2Fmedia&parent=1495"}],"wp:term":[{"taxonomy":"category","embeddable":true,"href":"https:\/\/pmza.sk\/index.php?rest_route=%2Fwp%2Fv2%2Fcategories&post=1495"},{"taxonomy":"post_tag","embeddable":true,"href":"https:\/\/pmza.sk\/index.php?rest_route=%2Fwp%2Fv2%2Ftags&post=1495"}],"curies":[{"name":"wp","href":"https:\/\/api.w.org\/{rel}","templated":true}]}}