{"id":1498,"date":"2010-12-07T13:09:03","date_gmt":"2010-12-07T12:09:03","guid":{"rendered":"https:\/\/pmza.sk.sk\/?p=1498"},"modified":"2010-12-07T13:09:03","modified_gmt":"2010-12-07T12:09:03","slug":"aj-svadobny-dar-palatina-turzu-vstupuje-do-2-rocnika","status":"publish","type":"post","link":"https:\/\/pmza.sk\/?p=1498","title":{"rendered":"Aj svadobn\u00fd dar palat\u00edna Turzu vstupuje do 2. ro\u010dn\u00edka"},"content":{"rendered":"<p><a href=\"https:\/\/pmza.sk\/wp-content\/uploads\/2010\/12\/794_9458.jpg\"><img decoding=\"async\" class=\"alignleft size-medium wp-image-1499\" style=\"margin-left: 3px; margin-right: 3px; border: 3px solid black;\" title=\"794_9458\" src=\"https:\/\/pmza.sk.sk\/wp-content\/uploads\/2010\/12\/794_9458-300x225.jpg\" alt=\"\" width=\"180\" height=\"135\" \/><\/a>Sob\u00e1\u0161ny pal\u00e1c \u2013 klenot Byt\u010de bilancuje. U\u017e je tomu rok, \u010do po kompletnej obnove bol cel\u00fd objekt spr\u00edstupnen\u00fd \u0161irokej verejnosti a\u00a0obyvate\u013eom cel\u00e9ho kraja. Za ten \u010das sa tu uskuto\u010dnilo mno\u017estvo r\u00f4znorod\u00fdch kult\u00farnych podujat\u00ed \u2013 plesy, stu\u017ekov\u00e9, koncerty, v\u00fdstavy, festivaly, vzdel\u00e1vacie programy, sl\u00e1vnostn\u00e9 v\u00fdro\u010dia v\u00fdznamn\u00fdch in\u0161tit\u00facii a organiz\u00e1cii. Jeho priestory doposia\u013e videlo a\u00a0vyu\u017eilo takmer dvan\u00e1s\u0165tis\u00edc n\u00e1v\u0161tevn\u00edkov. Pal\u00e1c bol \u010dastokr\u00e1t i dnes svedkom udalost\u00ed, pre ktor\u00e9 ho dal v\u00a0roku 1601 postavi\u0165 uhorsk\u00fd palat\u00edn Juraj Turzo. V\u00a0roku 2010 sa tu zosob\u00e1\u0161ilo dvadsa\u0165 novoman\u017eelsk\u00fdch p\u00e1rov. Len pre zauj\u00edmavos\u0165, svoje \u00e1no si tu povedali okrem na\u0161incov \u00a0aj slovensko-taliansk\u00e9, kanadsk\u00e9, americk\u00e9, nemeck\u00e9 \u010di \u00edrske p\u00e1ry.<!--more--><\/p>\n<p>Ke\u010f\u017ee zo strany sn\u00fabencov bol enormn\u00fd z\u00e1ujem nielen zrealizova\u0165 sob\u00e1\u0161 v\u00a0kaplnke pal\u00e1ca, ale uskuto\u010dni\u0165 aj svadobn\u00fa hostinu, \u017dilinsk\u00fd samospr\u00e1vny kraj (vlastn\u00edk objektu) a\u00a0Pova\u017esk\u00e9 m\u00fazeum v\u00a0\u017diline (spr\u00e1vca objektu) vyhl\u00e1sili v\u00a0roku 2010 prv\u00fd ro\u010dn\u00edk s\u00fa\u0165a\u017ee o\u00a0svadbu v\u00a0Sob\u00e1\u0161nom pal\u00e1ci v\u00a0Byt\u010di pod n\u00e1zvom <strong>Svadobn\u00fd dar palat\u00edna Turzu.<\/strong> Bud\u00faci mladoman\u017eelia po\u010das cel\u00e9ho roka nav\u0161tevovali kult\u00farne pamiatky v\u00a0spr\u00e1ve m\u00faze\u00ed \u017dilinsk\u00e9ho samospr\u00e1vneho kraja a postupne si d\u00e1vali signova\u0165 mapu &#8222;Poklady m\u00faze\u00ed \u017dilinsk\u00e9ho kraja&#8220;. U\u017e za\u010diatkom febru\u00e1ra 2011, na najv\u00e4\u010d\u0161ej kontrakta\u010dno-predajnej svadobnej akcii na Slovensku &#8211; Svadobn\u00fd ve\u013etrh 2011 v\u00a0bratislavskej Inchebe, bud\u00fa zn\u00e1me dva v\u00ed\u0165azn\u00e9 p\u00e1ry, ktor\u00e9 si svoj svadobn\u00fd sen bud\u00faci rok splnia pr\u00e1ve v\u00a0n\u00e1dhernom renesan\u010dnom pal\u00e1ci, kde ich \u010dakaj\u00fa aj zauj\u00edmav\u00e9 prekvapenia.<\/p>\n<p>Nielen v roku 2011 chce by\u0165 Sob\u00e1\u0161ny pal\u00e1c v\u00a0Byt\u010di \u0161tedr\u00fd k\u00a0bud\u00facim sn\u00fabencom. Aj v\u00a0\u010fal\u0161om roku tu dostan\u00fa priestor str\u00e1vi\u0165 v\u00fdnimo\u010dn\u00e9 okamihy svojho \u017eivota dva novoman\u017eelsk\u00e9 p\u00e1ry. U\u017e od 1. decembra 2010 sa vyhlasuje druh\u00fd ro\u010dn\u00edk s\u00fa\u0165a\u017ee o\u00a0svadbu v\u00a0byt\u010dianskom pal\u00e1ci v\u00a0roku 2012, ktor\u00e9ho hlavn\u00fdm mottom pre sn\u00fabencov \u00a0podobne ako pri prvom bude \u2013 putujte, spozn\u00e1vajte hist\u00f3riu , zbierajte pe\u010diatky, ale najm\u00e4, u\u017e\u00edvajte si pr\u00edjemn\u00e9 chv\u00edle v\u00a0kult\u00farnych pamiatkach \u017dilinsk\u00e9ho kraja.<\/p>\n<p>Podmienky s\u00fa\u0165a\u017ee:<\/p>\n<p><a href=\"https:\/\/pmza.sk.sk\/?page_id=882\">https:\/\/pmza.sk.sk\/?page_id=882<\/a><\/p>\n","protected":false},"excerpt":{"rendered":"<p>Sob\u00e1\u0161ny pal\u00e1c \u2013 klenot Byt\u010de bilancuje. U\u017e je tomu rok, \u010do po kompletnej obnove bol cel\u00fd objekt spr\u00edstupnen\u00fd \u0161irokej verejnosti a\u00a0obyvate\u013eom cel\u00e9ho kraja. Za ten \u010das sa tu uskuto\u010dnilo mno\u017estvo r\u00f4znorod\u00fdch kult\u00farnych podujat\u00ed \u2013 plesy, stu\u017ekov\u00e9, koncerty, v\u00fdstavy, festivaly, vzdel\u00e1vacie programy, sl\u00e1vnostn\u00e9 v\u00fdro\u010dia v\u00fdznamn\u00fdch in\u0161tit\u00facii a organiz\u00e1cii. Jeho priestory doposia\u013e videlo a\u00a0vyu\u017eilo takmer dvan\u00e1s\u0165tis\u00edc n\u00e1v\u0161tevn\u00edkov. [&hellip;]<\/p>\n","protected":false},"author":2,"featured_media":0,"comment_status":"closed","ping_status":"closed","sticky":false,"template":"","format":"standard","meta":{"site-sidebar-layout":"default","site-content-layout":"","ast-site-content-layout":"","site-content-style":"default","site-sidebar-style":"default","ast-global-header-display":"","ast-banner-title-visibility":"","ast-main-header-display":"","ast-hfb-above-header-display":"","ast-hfb-below-header-display":"","ast-hfb-mobile-header-display":"","site-post-title":"","ast-breadcrumbs-content":"","ast-featured-img":"","footer-sml-layout":"","theme-transparent-header-meta":"","adv-header-id-meta":"","stick-header-meta":"","header-above-stick-meta":"","header-main-stick-meta":"","header-below-stick-meta":"","astra-migrate-meta-layouts":"default","ast-page-background-enabled":"default","ast-page-background-meta":{"desktop":{"background-color":"var(--ast-global-color-4)","background-image":"","background-repeat":"repeat","background-position":"center center","background-size":"auto","background-attachment":"scroll","background-type":"","background-media":"","overlay-type":"","overlay-color":"","overlay-opacity":"","overlay-gradient":""},"tablet":{"background-color":"","background-image":"","background-repeat":"repeat","background-position":"center center","background-size":"auto","background-attachment":"scroll","background-type":"","background-media":"","overlay-type":"","overlay-color":"","overlay-opacity":"","overlay-gradient":""},"mobile":{"background-color":"","background-image":"","background-repeat":"repeat","background-position":"center center","background-size":"auto","background-attachment":"scroll","background-type":"","background-media":"","overlay-type":"","overlay-color":"","overlay-opacity":"","overlay-gradient":""}},"ast-content-background-meta":{"desktop":{"background-color":"var(--ast-global-color-5)","background-image":"","background-repeat":"repeat","background-position":"center center","background-size":"auto","background-attachment":"scroll","background-type":"","background-media":"","overlay-type":"","overlay-color":"","overlay-opacity":"","overlay-gradient":""},"tablet":{"background-color":"var(--ast-global-color-5)","background-image":"","background-repeat":"repeat","background-position":"center center","background-size":"auto","background-attachment":"scroll","background-type":"","background-media":"","overlay-type":"","overlay-color":"","overlay-opacity":"","overlay-gradient":""},"mobile":{"background-color":"var(--ast-global-color-5)","background-image":"","background-repeat":"repeat","background-position":"center center","background-size":"auto","background-attachment":"scroll","background-type":"","background-media":"","overlay-type":"","overlay-color":"","overlay-opacity":"","overlay-gradient":""}},"footnotes":""},"categories":[29],"tags":[],"class_list":["post-1498","post","type-post","status-publish","format-standard","hentry","category-archiv-2010"],"yoast_head":"<!-- This site is optimized with the Yoast SEO plugin v27.4 - https:\/\/yoast.com\/product\/yoast-seo-wordpress\/ -->\n<title>Aj svadobn\u00fd dar palat\u00edna Turzu vstupuje do 2. ro\u010dn\u00edka - Pova\u017esk\u00e9 m\u00fazeum<\/title>\n<meta name=\"robots\" content=\"index, follow, max-snippet:-1, max-image-preview:large, max-video-preview:-1\" \/>\n<link rel=\"canonical\" href=\"https:\/\/pmza.sk\/?p=1498\" \/>\n<meta property=\"og:locale\" content=\"sk_SK\" \/>\n<meta property=\"og:type\" content=\"article\" \/>\n<meta property=\"og:title\" content=\"Aj svadobn\u00fd dar palat\u00edna Turzu vstupuje do 2. ro\u010dn\u00edka - Pova\u017esk\u00e9 m\u00fazeum\" \/>\n<meta property=\"og:description\" content=\"Sob\u00e1\u0161ny pal\u00e1c \u2013 klenot Byt\u010de bilancuje. U\u017e je tomu rok, \u010do po kompletnej obnove bol cel\u00fd objekt spr\u00edstupnen\u00fd \u0161irokej verejnosti a\u00a0obyvate\u013eom cel\u00e9ho kraja. Za ten \u010das sa tu uskuto\u010dnilo mno\u017estvo r\u00f4znorod\u00fdch kult\u00farnych podujat\u00ed \u2013 plesy, stu\u017ekov\u00e9, koncerty, v\u00fdstavy, festivaly, vzdel\u00e1vacie programy, sl\u00e1vnostn\u00e9 v\u00fdro\u010dia v\u00fdznamn\u00fdch in\u0161tit\u00facii a organiz\u00e1cii. Jeho priestory doposia\u013e videlo a\u00a0vyu\u017eilo takmer dvan\u00e1s\u0165tis\u00edc n\u00e1v\u0161tevn\u00edkov. [&hellip;]\" \/>\n<meta property=\"og:url\" content=\"https:\/\/pmza.sk\/?p=1498\" \/>\n<meta property=\"og:site_name\" content=\"Pova\u017esk\u00e9 m\u00fazeum\" \/>\n<meta property=\"article:publisher\" content=\"https:\/\/www.facebook.com\/povazskemuzeum\" \/>\n<meta property=\"article:published_time\" content=\"2010-12-07T12:09:03+00:00\" \/>\n<meta property=\"og:image\" content=\"https:\/\/pmza.sk.sk\/wp-content\/uploads\/2010\/12\/794_9458-300x225.jpg\" \/>\n<meta name=\"author\" content=\"Pova\u017esk\u00e9 m\u00fazeum\" \/>\n<meta name=\"twitter:card\" content=\"summary_large_image\" \/>\n<meta name=\"twitter:label1\" content=\"Autor\" \/>\n\t<meta name=\"twitter:data1\" content=\"Pova\u017esk\u00e9 m\u00fazeum\" \/>\n\t<meta name=\"twitter:label2\" content=\"Predpokladan\u00fd \u010das \u010d\u00edtania\" \/>\n\t<meta name=\"twitter:data2\" content=\"2 min\u00faty\" \/>\n<script type=\"application\/ld+json\" class=\"yoast-schema-graph\">{\"@context\":\"https:\\\/\\\/schema.org\",\"@graph\":[{\"@type\":\"Article\",\"@id\":\"https:\\\/\\\/pmza.sk\\\/?p=1498#article\",\"isPartOf\":{\"@id\":\"https:\\\/\\\/pmza.sk\\\/?p=1498\"},\"author\":{\"name\":\"Pova\u017esk\u00e9 m\u00fazeum\",\"@id\":\"https:\\\/\\\/pmza.sk\\\/#\\\/schema\\\/person\\\/595e6a2ce731ea94dcd5d7f50a41ae33\"},\"headline\":\"Aj svadobn\u00fd dar palat\u00edna Turzu vstupuje do 2. ro\u010dn\u00edka\",\"datePublished\":\"2010-12-07T12:09:03+00:00\",\"mainEntityOfPage\":{\"@id\":\"https:\\\/\\\/pmza.sk\\\/?p=1498\"},\"wordCount\":416,\"publisher\":{\"@id\":\"https:\\\/\\\/pmza.sk\\\/#organization\"},\"image\":{\"@id\":\"https:\\\/\\\/pmza.sk\\\/?p=1498#primaryimage\"},\"thumbnailUrl\":\"http:\\\/\\\/pmza.sk.sk\\\/wp-content\\\/uploads\\\/2010\\\/12\\\/794_9458-300x225.jpg\",\"articleSection\":[\"Arch\u00edv 2010\"],\"inLanguage\":\"sk-SK\"},{\"@type\":\"WebPage\",\"@id\":\"https:\\\/\\\/pmza.sk\\\/?p=1498\",\"url\":\"https:\\\/\\\/pmza.sk\\\/?p=1498\",\"name\":\"Aj svadobn\u00fd dar palat\u00edna Turzu vstupuje do 2. ro\u010dn\u00edka - Pova\u017esk\u00e9 m\u00fazeum\",\"isPartOf\":{\"@id\":\"https:\\\/\\\/pmza.sk\\\/#website\"},\"primaryImageOfPage\":{\"@id\":\"https:\\\/\\\/pmza.sk\\\/?p=1498#primaryimage\"},\"image\":{\"@id\":\"https:\\\/\\\/pmza.sk\\\/?p=1498#primaryimage\"},\"thumbnailUrl\":\"http:\\\/\\\/pmza.sk.sk\\\/wp-content\\\/uploads\\\/2010\\\/12\\\/794_9458-300x225.jpg\",\"datePublished\":\"2010-12-07T12:09:03+00:00\",\"breadcrumb\":{\"@id\":\"https:\\\/\\\/pmza.sk\\\/?p=1498#breadcrumb\"},\"inLanguage\":\"sk-SK\",\"potentialAction\":[{\"@type\":\"ReadAction\",\"target\":[\"https:\\\/\\\/pmza.sk\\\/?p=1498\"]}]},{\"@type\":\"ImageObject\",\"inLanguage\":\"sk-SK\",\"@id\":\"https:\\\/\\\/pmza.sk\\\/?p=1498#primaryimage\",\"url\":\"http:\\\/\\\/pmza.sk.sk\\\/wp-content\\\/uploads\\\/2010\\\/12\\\/794_9458-300x225.jpg\",\"contentUrl\":\"http:\\\/\\\/pmza.sk.sk\\\/wp-content\\\/uploads\\\/2010\\\/12\\\/794_9458-300x225.jpg\"},{\"@type\":\"BreadcrumbList\",\"@id\":\"https:\\\/\\\/pmza.sk\\\/?p=1498#breadcrumb\",\"itemListElement\":[{\"@type\":\"ListItem\",\"position\":1,\"name\":\"Domovsk\u00e1 str\u00e1nka\",\"item\":\"https:\\\/\\\/pmza.sk\\\/\"},{\"@type\":\"ListItem\",\"position\":2,\"name\":\"Aj svadobn\u00fd dar palat\u00edna Turzu vstupuje do 2. ro\u010dn\u00edka\"}]},{\"@type\":\"WebSite\",\"@id\":\"https:\\\/\\\/pmza.sk\\\/#website\",\"url\":\"https:\\\/\\\/pmza.sk\\\/\",\"name\":\"Pova\u017esk\u00e9 m\u00fazeum\",\"description\":\"Pova\u017esk\u00e9 m\u00fazeum v \u017diline je region\u00e1lne m\u00fazeum so s\u00eddlom v Budat\u00edne. Jeho expoz\u00edcie s\u00fa zameran\u00e9 na dejiny slovensk\u00e9ho umenia, kult\u00fary a dopravy.\",\"publisher\":{\"@id\":\"https:\\\/\\\/pmza.sk\\\/#organization\"},\"potentialAction\":[{\"@type\":\"SearchAction\",\"target\":{\"@type\":\"EntryPoint\",\"urlTemplate\":\"https:\\\/\\\/pmza.sk\\\/?s={search_term_string}\"},\"query-input\":{\"@type\":\"PropertyValueSpecification\",\"valueRequired\":true,\"valueName\":\"search_term_string\"}}],\"inLanguage\":\"sk-SK\"},{\"@type\":\"Organization\",\"@id\":\"https:\\\/\\\/pmza.sk\\\/#organization\",\"name\":\"Pova\u017esk\u00e9 m\u00fazeum\",\"url\":\"https:\\\/\\\/pmza.sk\\\/\",\"logo\":{\"@type\":\"ImageObject\",\"inLanguage\":\"sk-SK\",\"@id\":\"https:\\\/\\\/pmza.sk\\\/#\\\/schema\\\/logo\\\/image\\\/\",\"url\":\"https:\\\/\\\/pmza.sk\\\/wp-content\\\/uploads\\\/2022\\\/01\\\/logo_PM_horizontal.jpg\",\"contentUrl\":\"https:\\\/\\\/pmza.sk\\\/wp-content\\\/uploads\\\/2022\\\/01\\\/logo_PM_horizontal.jpg\",\"width\":231,\"height\":142,\"caption\":\"Pova\u017esk\u00e9 m\u00fazeum\"},\"image\":{\"@id\":\"https:\\\/\\\/pmza.sk\\\/#\\\/schema\\\/logo\\\/image\\\/\"},\"sameAs\":[\"https:\\\/\\\/www.facebook.com\\\/povazskemuzeum\",\"https:\\\/\\\/www.instagram.com\\\/povazskemuzeum\\\/\"]},{\"@type\":\"Person\",\"@id\":\"https:\\\/\\\/pmza.sk\\\/#\\\/schema\\\/person\\\/595e6a2ce731ea94dcd5d7f50a41ae33\",\"name\":\"Pova\u017esk\u00e9 m\u00fazeum\",\"image\":{\"@type\":\"ImageObject\",\"inLanguage\":\"sk-SK\",\"@id\":\"https:\\\/\\\/secure.gravatar.com\\\/avatar\\\/2bb7f1561282132fb5826dfeccc66c7996d11ee392ac6aaf7ced8a1c2027fbb2?s=96&d=mm&r=g\",\"url\":\"https:\\\/\\\/secure.gravatar.com\\\/avatar\\\/2bb7f1561282132fb5826dfeccc66c7996d11ee392ac6aaf7ced8a1c2027fbb2?s=96&d=mm&r=g\",\"contentUrl\":\"https:\\\/\\\/secure.gravatar.com\\\/avatar\\\/2bb7f1561282132fb5826dfeccc66c7996d11ee392ac6aaf7ced8a1c2027fbb2?s=96&d=mm&r=g\",\"caption\":\"Pova\u017esk\u00e9 m\u00fazeum\"}}]}<\/script>\n<!-- \/ Yoast SEO plugin. -->","yoast_head_json":{"title":"Aj svadobn\u00fd dar palat\u00edna Turzu vstupuje do 2. ro\u010dn\u00edka - Pova\u017esk\u00e9 m\u00fazeum","robots":{"index":"index","follow":"follow","max-snippet":"max-snippet:-1","max-image-preview":"max-image-preview:large","max-video-preview":"max-video-preview:-1"},"canonical":"https:\/\/pmza.sk\/?p=1498","og_locale":"sk_SK","og_type":"article","og_title":"Aj svadobn\u00fd dar palat\u00edna Turzu vstupuje do 2. ro\u010dn\u00edka - Pova\u017esk\u00e9 m\u00fazeum","og_description":"Sob\u00e1\u0161ny pal\u00e1c \u2013 klenot Byt\u010de bilancuje. U\u017e je tomu rok, \u010do po kompletnej obnove bol cel\u00fd objekt spr\u00edstupnen\u00fd \u0161irokej verejnosti a\u00a0obyvate\u013eom cel\u00e9ho kraja. Za ten \u010das sa tu uskuto\u010dnilo mno\u017estvo r\u00f4znorod\u00fdch kult\u00farnych podujat\u00ed \u2013 plesy, stu\u017ekov\u00e9, koncerty, v\u00fdstavy, festivaly, vzdel\u00e1vacie programy, sl\u00e1vnostn\u00e9 v\u00fdro\u010dia v\u00fdznamn\u00fdch in\u0161tit\u00facii a organiz\u00e1cii. Jeho priestory doposia\u013e videlo a\u00a0vyu\u017eilo takmer dvan\u00e1s\u0165tis\u00edc n\u00e1v\u0161tevn\u00edkov. [&hellip;]","og_url":"https:\/\/pmza.sk\/?p=1498","og_site_name":"Pova\u017esk\u00e9 m\u00fazeum","article_publisher":"https:\/\/www.facebook.com\/povazskemuzeum","article_published_time":"2010-12-07T12:09:03+00:00","og_image":[{"url":"https:\/\/pmza.sk.sk\/wp-content\/uploads\/2010\/12\/794_9458-300x225.jpg","type":"","width":"","height":""}],"author":"Pova\u017esk\u00e9 m\u00fazeum","twitter_card":"summary_large_image","twitter_misc":{"Autor":"Pova\u017esk\u00e9 m\u00fazeum","Predpokladan\u00fd \u010das \u010d\u00edtania":"2 min\u00faty"},"schema":{"@context":"https:\/\/schema.org","@graph":[{"@type":"Article","@id":"https:\/\/pmza.sk\/?p=1498#article","isPartOf":{"@id":"https:\/\/pmza.sk\/?p=1498"},"author":{"name":"Pova\u017esk\u00e9 m\u00fazeum","@id":"https:\/\/pmza.sk\/#\/schema\/person\/595e6a2ce731ea94dcd5d7f50a41ae33"},"headline":"Aj svadobn\u00fd dar palat\u00edna Turzu vstupuje do 2. ro\u010dn\u00edka","datePublished":"2010-12-07T12:09:03+00:00","mainEntityOfPage":{"@id":"https:\/\/pmza.sk\/?p=1498"},"wordCount":416,"publisher":{"@id":"https:\/\/pmza.sk\/#organization"},"image":{"@id":"https:\/\/pmza.sk\/?p=1498#primaryimage"},"thumbnailUrl":"https:\/\/pmza.sk.sk\/wp-content\/uploads\/2010\/12\/794_9458-300x225.jpg","articleSection":["Arch\u00edv 2010"],"inLanguage":"sk-SK"},{"@type":"WebPage","@id":"https:\/\/pmza.sk\/?p=1498","url":"https:\/\/pmza.sk\/?p=1498","name":"Aj svadobn\u00fd dar palat\u00edna Turzu vstupuje do 2. ro\u010dn\u00edka - Pova\u017esk\u00e9 m\u00fazeum","isPartOf":{"@id":"https:\/\/pmza.sk\/#website"},"primaryImageOfPage":{"@id":"https:\/\/pmza.sk\/?p=1498#primaryimage"},"image":{"@id":"https:\/\/pmza.sk\/?p=1498#primaryimage"},"thumbnailUrl":"https:\/\/pmza.sk.sk\/wp-content\/uploads\/2010\/12\/794_9458-300x225.jpg","datePublished":"2010-12-07T12:09:03+00:00","breadcrumb":{"@id":"https:\/\/pmza.sk\/?p=1498#breadcrumb"},"inLanguage":"sk-SK","potentialAction":[{"@type":"ReadAction","target":["https:\/\/pmza.sk\/?p=1498"]}]},{"@type":"ImageObject","inLanguage":"sk-SK","@id":"https:\/\/pmza.sk\/?p=1498#primaryimage","url":"https:\/\/pmza.sk.sk\/wp-content\/uploads\/2010\/12\/794_9458-300x225.jpg","contentUrl":"https:\/\/pmza.sk.sk\/wp-content\/uploads\/2010\/12\/794_9458-300x225.jpg"},{"@type":"BreadcrumbList","@id":"https:\/\/pmza.sk\/?p=1498#breadcrumb","itemListElement":[{"@type":"ListItem","position":1,"name":"Domovsk\u00e1 str\u00e1nka","item":"https:\/\/pmza.sk\/"},{"@type":"ListItem","position":2,"name":"Aj svadobn\u00fd dar palat\u00edna Turzu vstupuje do 2. ro\u010dn\u00edka"}]},{"@type":"WebSite","@id":"https:\/\/pmza.sk\/#website","url":"https:\/\/pmza.sk\/","name":"Pova\u017esk\u00e9 m\u00fazeum","description":"Pova\u017esk\u00e9 m\u00fazeum v \u017diline je region\u00e1lne m\u00fazeum so s\u00eddlom v Budat\u00edne. Jeho expoz\u00edcie s\u00fa zameran\u00e9 na dejiny slovensk\u00e9ho umenia, kult\u00fary a dopravy.","publisher":{"@id":"https:\/\/pmza.sk\/#organization"},"potentialAction":[{"@type":"SearchAction","target":{"@type":"EntryPoint","urlTemplate":"https:\/\/pmza.sk\/?s={search_term_string}"},"query-input":{"@type":"PropertyValueSpecification","valueRequired":true,"valueName":"search_term_string"}}],"inLanguage":"sk-SK"},{"@type":"Organization","@id":"https:\/\/pmza.sk\/#organization","name":"Pova\u017esk\u00e9 m\u00fazeum","url":"https:\/\/pmza.sk\/","logo":{"@type":"ImageObject","inLanguage":"sk-SK","@id":"https:\/\/pmza.sk\/#\/schema\/logo\/image\/","url":"https:\/\/pmza.sk\/wp-content\/uploads\/2022\/01\/logo_PM_horizontal.jpg","contentUrl":"https:\/\/pmza.sk\/wp-content\/uploads\/2022\/01\/logo_PM_horizontal.jpg","width":231,"height":142,"caption":"Pova\u017esk\u00e9 m\u00fazeum"},"image":{"@id":"https:\/\/pmza.sk\/#\/schema\/logo\/image\/"},"sameAs":["https:\/\/www.facebook.com\/povazskemuzeum","https:\/\/www.instagram.com\/povazskemuzeum\/"]},{"@type":"Person","@id":"https:\/\/pmza.sk\/#\/schema\/person\/595e6a2ce731ea94dcd5d7f50a41ae33","name":"Pova\u017esk\u00e9 m\u00fazeum","image":{"@type":"ImageObject","inLanguage":"sk-SK","@id":"https:\/\/secure.gravatar.com\/avatar\/2bb7f1561282132fb5826dfeccc66c7996d11ee392ac6aaf7ced8a1c2027fbb2?s=96&d=mm&r=g","url":"https:\/\/secure.gravatar.com\/avatar\/2bb7f1561282132fb5826dfeccc66c7996d11ee392ac6aaf7ced8a1c2027fbb2?s=96&d=mm&r=g","contentUrl":"https:\/\/secure.gravatar.com\/avatar\/2bb7f1561282132fb5826dfeccc66c7996d11ee392ac6aaf7ced8a1c2027fbb2?s=96&d=mm&r=g","caption":"Pova\u017esk\u00e9 m\u00fazeum"}}]}},"_links":{"self":[{"href":"https:\/\/pmza.sk\/index.php?rest_route=\/wp\/v2\/posts\/1498","targetHints":{"allow":["GET"]}}],"collection":[{"href":"https:\/\/pmza.sk\/index.php?rest_route=\/wp\/v2\/posts"}],"about":[{"href":"https:\/\/pmza.sk\/index.php?rest_route=\/wp\/v2\/types\/post"}],"author":[{"embeddable":true,"href":"https:\/\/pmza.sk\/index.php?rest_route=\/wp\/v2\/users\/2"}],"replies":[{"embeddable":true,"href":"https:\/\/pmza.sk\/index.php?rest_route=%2Fwp%2Fv2%2Fcomments&post=1498"}],"version-history":[{"count":0,"href":"https:\/\/pmza.sk\/index.php?rest_route=\/wp\/v2\/posts\/1498\/revisions"}],"wp:attachment":[{"href":"https:\/\/pmza.sk\/index.php?rest_route=%2Fwp%2Fv2%2Fmedia&parent=1498"}],"wp:term":[{"taxonomy":"category","embeddable":true,"href":"https:\/\/pmza.sk\/index.php?rest_route=%2Fwp%2Fv2%2Fcategories&post=1498"},{"taxonomy":"post_tag","embeddable":true,"href":"https:\/\/pmza.sk\/index.php?rest_route=%2Fwp%2Fv2%2Ftags&post=1498"}],"curies":[{"name":"wp","href":"https:\/\/api.w.org\/{rel}","templated":true}]}}