{"id":15093,"date":"2016-04-06T10:39:24","date_gmt":"2016-04-06T08:39:24","guid":{"rendered":"https:\/\/pmza.sk.sk\/?p=15093"},"modified":"2016-04-06T10:39:24","modified_gmt":"2016-04-06T08:39:24","slug":"odborna-kniznica-pre-vsetkych","status":"publish","type":"post","link":"https:\/\/pmza.sk\/?p=15093","title":{"rendered":"Vy\u017erebovali sme v\u00fdhercu dar\u010dekov\u00e9ho bal\u00ed\u010dka"},"content":{"rendered":"<p>Pri pr\u00edle\u017eitosti marca \u2013 mesiaca knihy otvorilo od 21. do 24. marca 2016 Pova\u017esk\u00e9 m\u00fazeum v\u00a0\u017diline v\u00a0zria\u010fovate\u013eskej p\u00f4sobnosti \u017dilinsk\u00e9ho samospr\u00e1vneho kraja dvere svojej odbornej kni\u017enice \u0161irokej verejnosti.<\/p>\n<p>V\u0161etk\u00fdm z\u00e1ujemcom, odborn\u00fdm i\u00a0laick\u00fdm, sme poskytli mo\u017enos\u0165 nazrie\u0165 do bohatstva hist\u00f3rie, archeol\u00f3gie, dopravy, etnografie, drot\u00e1rstva, pr\u00edrodovedy a\u00a0\u010fal\u0161\u00edch zauj\u00edmav\u00fdch oblast\u00ed. V\u00a0t\u00fd\u017edni od 21. do 24. marca bola umo\u017enen\u00e1 <strong>registr\u00e1cia <\/strong>v\u00a0odbornej kni\u017enici <strong>bezplatne<\/strong>. Vych\u00e1dzame tak v\u00a0\u00fastrety predov\u0161etk\u00fdm \u0161tudentom stredn\u00fdch a\u00a0vysok\u00fdch \u0161k\u00f4l, ktor\u00ed tu n\u00e1jdu inform\u00e1cie \u010dasto vyh\u013ead\u00e1van\u00e9 pri \u0161t\u00fadiu a\u00a0vypracov\u00e1van\u00ed odborn\u00fdch pr\u00e1c. Pripravili sme aj prezent\u00e1ciu bibliografick\u00e9ho s\u00fapisu kn\u00edh o\u00a0\u017diline z\u00a0fondu odbornej kni\u017enice m\u00fazea. <strong>Bonusom<\/strong> je dar\u010dekov\u00fd bal\u00ed\u010dek z\u00a0edi\u010dnej \u010dinnosti Pova\u017esk\u00e9ho m\u00fazea, ktor\u00fd mohli novo registrovan\u00ed n\u00e1v\u0161tevn\u00edci vyhra\u0165. <strong>Vy\u017erebovali sme u\u017e aj v\u00fdhercu dar\u010dekov\u00e9ho bal\u00ed\u010dka, ktor\u00fdm sa st\u00e1va p\u00e1n Daniel Ha\u0161\u010d\u00edk zo \u017diliny.<\/strong><\/p>\n<p>\u0160peci\u00e1lna, vedeck\u00e1, odborn\u00e1 kni\u017enica s\u00a0bohat\u00fdm fondom je s\u00fa\u010das\u0165ou Pova\u017esk\u00e9ho m\u00fazea v\u00a0\u017diline od roku 1953. Vo fonde kni\u017enice sa nach\u00e1dza takmer 12 500 kni\u017eni\u010dn\u00fdch jednotiek, z\u00a0toho je 488 star\u00fdch tla\u010d\u00ed do r. 1918. Fond tvor\u00ed literat\u00fara spolo\u010denskovedn\u00e1, pr\u00edrodovedn\u00e1 a\u00a0vlastivedn\u00e1, s\u00a0mno\u017estvom zborn\u00edkov a\u00a0periodickej literat\u00fary z hist\u00f3rie, archeol\u00f3gie, geol\u00f3gie, botaniky, zool\u00f3gie, dopravy a n\u00e1rodopisu z dom\u00e1cej aj zahrani\u010dnej produkcie. Bli\u017e\u0161ie inform\u00e1cie o\u00a0kni\u017enici, ako aj jej <a href=\"http:\/\/194.160.178.22\/mask\/\">online katal\u00f3g<\/a> n\u00e1jdete na web str\u00e1nke m\u00fazea <a href=\"https:\/\/pmza.sk.sk\/sluzby\/kniznica\/\">https:\/\/pmza.sk.sk\/sluzby\/kniznica\/<\/a>.<\/p>\n","protected":false},"excerpt":{"rendered":"<p>Pri pr\u00edle\u017eitosti marca \u2013 mesiaca knihy otvorilo od 21. do 24. marca 2016 Pova\u017esk\u00e9 m\u00fazeum v\u00a0\u017diline v\u00a0zria\u010fovate\u013eskej p\u00f4sobnosti \u017dilinsk\u00e9ho samospr\u00e1vneho kraja dvere svojej odbornej kni\u017enice \u0161irokej verejnosti. V\u0161etk\u00fdm z\u00e1ujemcom, odborn\u00fdm i\u00a0laick\u00fdm, sme poskytli mo\u017enos\u0165 nazrie\u0165 do bohatstva hist\u00f3rie, archeol\u00f3gie, dopravy, etnografie, drot\u00e1rstva, pr\u00edrodovedy a\u00a0\u010fal\u0161\u00edch zauj\u00edmav\u00fdch oblast\u00ed. V\u00a0t\u00fd\u017edni od 21. do 24. marca bola umo\u017enen\u00e1 registr\u00e1cia [&hellip;]<\/p>\n","protected":false},"author":2,"featured_media":15034,"comment_status":"closed","ping_status":"closed","sticky":false,"template":"","format":"standard","meta":{"site-sidebar-layout":"default","site-content-layout":"","ast-site-content-layout":"","site-content-style":"default","site-sidebar-style":"default","ast-global-header-display":"","ast-banner-title-visibility":"","ast-main-header-display":"","ast-hfb-above-header-display":"","ast-hfb-below-header-display":"","ast-hfb-mobile-header-display":"","site-post-title":"","ast-breadcrumbs-content":"","ast-featured-img":"","footer-sml-layout":"","theme-transparent-header-meta":"","adv-header-id-meta":"","stick-header-meta":"","header-above-stick-meta":"","header-main-stick-meta":"","header-below-stick-meta":"","astra-migrate-meta-layouts":"default","ast-page-background-enabled":"default","ast-page-background-meta":{"desktop":{"background-color":"var(--ast-global-color-4)","background-image":"","background-repeat":"repeat","background-position":"center center","background-size":"auto","background-attachment":"scroll","background-type":"","background-media":"","overlay-type":"","overlay-color":"","overlay-opacity":"","overlay-gradient":""},"tablet":{"background-color":"","background-image":"","background-repeat":"repeat","background-position":"center center","background-size":"auto","background-attachment":"scroll","background-type":"","background-media":"","overlay-type":"","overlay-color":"","overlay-opacity":"","overlay-gradient":""},"mobile":{"background-color":"","background-image":"","background-repeat":"repeat","background-position":"center center","background-size":"auto","background-attachment":"scroll","background-type":"","background-media":"","overlay-type":"","overlay-color":"","overlay-opacity":"","overlay-gradient":""}},"ast-content-background-meta":{"desktop":{"background-color":"var(--ast-global-color-5)","background-image":"","background-repeat":"repeat","background-position":"center center","background-size":"auto","background-attachment":"scroll","background-type":"","background-media":"","overlay-type":"","overlay-color":"","overlay-opacity":"","overlay-gradient":""},"tablet":{"background-color":"var(--ast-global-color-5)","background-image":"","background-repeat":"repeat","background-position":"center center","background-size":"auto","background-attachment":"scroll","background-type":"","background-media":"","overlay-type":"","overlay-color":"","overlay-opacity":"","overlay-gradient":""},"mobile":{"background-color":"var(--ast-global-color-5)","background-image":"","background-repeat":"repeat","background-position":"center center","background-size":"auto","background-attachment":"scroll","background-type":"","background-media":"","overlay-type":"","overlay-color":"","overlay-opacity":"","overlay-gradient":""}},"footnotes":""},"categories":[50],"tags":[],"class_list":["post-15093","post","type-post","status-publish","format-standard","has-post-thumbnail","hentry","category-archiv-2016"],"yoast_head":"<!-- This site is optimized with the Yoast SEO plugin v27.4 - https:\/\/yoast.com\/product\/yoast-seo-wordpress\/ -->\n<title>Vy\u017erebovali sme v\u00fdhercu dar\u010dekov\u00e9ho bal\u00ed\u010dka - Pova\u017esk\u00e9 m\u00fazeum<\/title>\n<meta name=\"robots\" content=\"index, follow, max-snippet:-1, max-image-preview:large, max-video-preview:-1\" \/>\n<link rel=\"canonical\" href=\"https:\/\/pmza.sk\/?p=15093\" \/>\n<meta property=\"og:locale\" content=\"sk_SK\" \/>\n<meta property=\"og:type\" content=\"article\" \/>\n<meta property=\"og:title\" content=\"Vy\u017erebovali sme v\u00fdhercu dar\u010dekov\u00e9ho bal\u00ed\u010dka - Pova\u017esk\u00e9 m\u00fazeum\" \/>\n<meta property=\"og:description\" content=\"Pri pr\u00edle\u017eitosti marca \u2013 mesiaca knihy otvorilo od 21. do 24. marca 2016 Pova\u017esk\u00e9 m\u00fazeum v\u00a0\u017diline v\u00a0zria\u010fovate\u013eskej p\u00f4sobnosti \u017dilinsk\u00e9ho samospr\u00e1vneho kraja dvere svojej odbornej kni\u017enice \u0161irokej verejnosti. V\u0161etk\u00fdm z\u00e1ujemcom, odborn\u00fdm i\u00a0laick\u00fdm, sme poskytli mo\u017enos\u0165 nazrie\u0165 do bohatstva hist\u00f3rie, archeol\u00f3gie, dopravy, etnografie, drot\u00e1rstva, pr\u00edrodovedy a\u00a0\u010fal\u0161\u00edch zauj\u00edmav\u00fdch oblast\u00ed. V\u00a0t\u00fd\u017edni od 21. do 24. marca bola umo\u017enen\u00e1 registr\u00e1cia [&hellip;]\" \/>\n<meta property=\"og:url\" content=\"https:\/\/pmza.sk\/?p=15093\" \/>\n<meta property=\"og:site_name\" content=\"Pova\u017esk\u00e9 m\u00fazeum\" \/>\n<meta property=\"article:publisher\" content=\"https:\/\/www.facebook.com\/povazskemuzeum\" \/>\n<meta property=\"article:published_time\" content=\"2016-04-06T08:39:24+00:00\" \/>\n<meta property=\"og:image\" content=\"https:\/\/pmza.sk\/wp-content\/uploads\/2016\/02\/Tyzden-otvorenych-dveri-odbornej-kniznice-PMZA.jpg\" \/>\n\t<meta property=\"og:image:width\" content=\"1102\" \/>\n\t<meta property=\"og:image:height\" content=\"1560\" \/>\n\t<meta property=\"og:image:type\" content=\"image\/jpeg\" \/>\n<meta name=\"author\" content=\"Pova\u017esk\u00e9 m\u00fazeum\" \/>\n<meta name=\"twitter:card\" content=\"summary_large_image\" \/>\n<meta name=\"twitter:label1\" content=\"Autor\" \/>\n\t<meta name=\"twitter:data1\" content=\"Pova\u017esk\u00e9 m\u00fazeum\" \/>\n\t<meta name=\"twitter:label2\" content=\"Predpokladan\u00fd \u010das \u010d\u00edtania\" \/>\n\t<meta name=\"twitter:data2\" content=\"2 min\u00faty\" \/>\n<script type=\"application\/ld+json\" class=\"yoast-schema-graph\">{\"@context\":\"https:\\\/\\\/schema.org\",\"@graph\":[{\"@type\":\"Article\",\"@id\":\"https:\\\/\\\/pmza.sk\\\/?p=15093#article\",\"isPartOf\":{\"@id\":\"https:\\\/\\\/pmza.sk\\\/?p=15093\"},\"author\":{\"name\":\"Pova\u017esk\u00e9 m\u00fazeum\",\"@id\":\"https:\\\/\\\/pmza.sk\\\/#\\\/schema\\\/person\\\/595e6a2ce731ea94dcd5d7f50a41ae33\"},\"headline\":\"Vy\u017erebovali sme v\u00fdhercu dar\u010dekov\u00e9ho bal\u00ed\u010dka\",\"datePublished\":\"2016-04-06T08:39:24+00:00\",\"mainEntityOfPage\":{\"@id\":\"https:\\\/\\\/pmza.sk\\\/?p=15093\"},\"wordCount\":310,\"publisher\":{\"@id\":\"https:\\\/\\\/pmza.sk\\\/#organization\"},\"image\":{\"@id\":\"https:\\\/\\\/pmza.sk\\\/?p=15093#primaryimage\"},\"thumbnailUrl\":\"https:\\\/\\\/pmza.sk\\\/wp-content\\\/uploads\\\/2016\\\/02\\\/Tyzden-otvorenych-dveri-odbornej-kniznice-PMZA.jpg\",\"articleSection\":[\"Arch\u00edv 2016\"],\"inLanguage\":\"sk-SK\"},{\"@type\":\"WebPage\",\"@id\":\"https:\\\/\\\/pmza.sk\\\/?p=15093\",\"url\":\"https:\\\/\\\/pmza.sk\\\/?p=15093\",\"name\":\"Vy\u017erebovali sme v\u00fdhercu dar\u010dekov\u00e9ho bal\u00ed\u010dka - Pova\u017esk\u00e9 m\u00fazeum\",\"isPartOf\":{\"@id\":\"https:\\\/\\\/pmza.sk\\\/#website\"},\"primaryImageOfPage\":{\"@id\":\"https:\\\/\\\/pmza.sk\\\/?p=15093#primaryimage\"},\"image\":{\"@id\":\"https:\\\/\\\/pmza.sk\\\/?p=15093#primaryimage\"},\"thumbnailUrl\":\"https:\\\/\\\/pmza.sk\\\/wp-content\\\/uploads\\\/2016\\\/02\\\/Tyzden-otvorenych-dveri-odbornej-kniznice-PMZA.jpg\",\"datePublished\":\"2016-04-06T08:39:24+00:00\",\"breadcrumb\":{\"@id\":\"https:\\\/\\\/pmza.sk\\\/?p=15093#breadcrumb\"},\"inLanguage\":\"sk-SK\",\"potentialAction\":[{\"@type\":\"ReadAction\",\"target\":[\"https:\\\/\\\/pmza.sk\\\/?p=15093\"]}]},{\"@type\":\"ImageObject\",\"inLanguage\":\"sk-SK\",\"@id\":\"https:\\\/\\\/pmza.sk\\\/?p=15093#primaryimage\",\"url\":\"https:\\\/\\\/pmza.sk\\\/wp-content\\\/uploads\\\/2016\\\/02\\\/Tyzden-otvorenych-dveri-odbornej-kniznice-PMZA.jpg\",\"contentUrl\":\"https:\\\/\\\/pmza.sk\\\/wp-content\\\/uploads\\\/2016\\\/02\\\/Tyzden-otvorenych-dveri-odbornej-kniznice-PMZA.jpg\",\"width\":1102,\"height\":1560},{\"@type\":\"BreadcrumbList\",\"@id\":\"https:\\\/\\\/pmza.sk\\\/?p=15093#breadcrumb\",\"itemListElement\":[{\"@type\":\"ListItem\",\"position\":1,\"name\":\"Domovsk\u00e1 str\u00e1nka\",\"item\":\"https:\\\/\\\/pmza.sk\\\/\"},{\"@type\":\"ListItem\",\"position\":2,\"name\":\"Vy\u017erebovali sme v\u00fdhercu dar\u010dekov\u00e9ho bal\u00ed\u010dka\"}]},{\"@type\":\"WebSite\",\"@id\":\"https:\\\/\\\/pmza.sk\\\/#website\",\"url\":\"https:\\\/\\\/pmza.sk\\\/\",\"name\":\"Pova\u017esk\u00e9 m\u00fazeum\",\"description\":\"Pova\u017esk\u00e9 m\u00fazeum v \u017diline je region\u00e1lne m\u00fazeum so s\u00eddlom v Budat\u00edne. Jeho expoz\u00edcie s\u00fa zameran\u00e9 na dejiny slovensk\u00e9ho umenia, kult\u00fary a dopravy.\",\"publisher\":{\"@id\":\"https:\\\/\\\/pmza.sk\\\/#organization\"},\"potentialAction\":[{\"@type\":\"SearchAction\",\"target\":{\"@type\":\"EntryPoint\",\"urlTemplate\":\"https:\\\/\\\/pmza.sk\\\/?s={search_term_string}\"},\"query-input\":{\"@type\":\"PropertyValueSpecification\",\"valueRequired\":true,\"valueName\":\"search_term_string\"}}],\"inLanguage\":\"sk-SK\"},{\"@type\":\"Organization\",\"@id\":\"https:\\\/\\\/pmza.sk\\\/#organization\",\"name\":\"Pova\u017esk\u00e9 m\u00fazeum\",\"url\":\"https:\\\/\\\/pmza.sk\\\/\",\"logo\":{\"@type\":\"ImageObject\",\"inLanguage\":\"sk-SK\",\"@id\":\"https:\\\/\\\/pmza.sk\\\/#\\\/schema\\\/logo\\\/image\\\/\",\"url\":\"https:\\\/\\\/pmza.sk\\\/wp-content\\\/uploads\\\/2022\\\/01\\\/logo_PM_horizontal.jpg\",\"contentUrl\":\"https:\\\/\\\/pmza.sk\\\/wp-content\\\/uploads\\\/2022\\\/01\\\/logo_PM_horizontal.jpg\",\"width\":231,\"height\":142,\"caption\":\"Pova\u017esk\u00e9 m\u00fazeum\"},\"image\":{\"@id\":\"https:\\\/\\\/pmza.sk\\\/#\\\/schema\\\/logo\\\/image\\\/\"},\"sameAs\":[\"https:\\\/\\\/www.facebook.com\\\/povazskemuzeum\",\"https:\\\/\\\/www.instagram.com\\\/povazskemuzeum\\\/\"]},{\"@type\":\"Person\",\"@id\":\"https:\\\/\\\/pmza.sk\\\/#\\\/schema\\\/person\\\/595e6a2ce731ea94dcd5d7f50a41ae33\",\"name\":\"Pova\u017esk\u00e9 m\u00fazeum\",\"image\":{\"@type\":\"ImageObject\",\"inLanguage\":\"sk-SK\",\"@id\":\"https:\\\/\\\/secure.gravatar.com\\\/avatar\\\/2bb7f1561282132fb5826dfeccc66c7996d11ee392ac6aaf7ced8a1c2027fbb2?s=96&d=mm&r=g\",\"url\":\"https:\\\/\\\/secure.gravatar.com\\\/avatar\\\/2bb7f1561282132fb5826dfeccc66c7996d11ee392ac6aaf7ced8a1c2027fbb2?s=96&d=mm&r=g\",\"contentUrl\":\"https:\\\/\\\/secure.gravatar.com\\\/avatar\\\/2bb7f1561282132fb5826dfeccc66c7996d11ee392ac6aaf7ced8a1c2027fbb2?s=96&d=mm&r=g\",\"caption\":\"Pova\u017esk\u00e9 m\u00fazeum\"}}]}<\/script>\n<!-- \/ Yoast SEO plugin. -->","yoast_head_json":{"title":"Vy\u017erebovali sme v\u00fdhercu dar\u010dekov\u00e9ho bal\u00ed\u010dka - Pova\u017esk\u00e9 m\u00fazeum","robots":{"index":"index","follow":"follow","max-snippet":"max-snippet:-1","max-image-preview":"max-image-preview:large","max-video-preview":"max-video-preview:-1"},"canonical":"https:\/\/pmza.sk\/?p=15093","og_locale":"sk_SK","og_type":"article","og_title":"Vy\u017erebovali sme v\u00fdhercu dar\u010dekov\u00e9ho bal\u00ed\u010dka - Pova\u017esk\u00e9 m\u00fazeum","og_description":"Pri pr\u00edle\u017eitosti marca \u2013 mesiaca knihy otvorilo od 21. do 24. marca 2016 Pova\u017esk\u00e9 m\u00fazeum v\u00a0\u017diline v\u00a0zria\u010fovate\u013eskej p\u00f4sobnosti \u017dilinsk\u00e9ho samospr\u00e1vneho kraja dvere svojej odbornej kni\u017enice \u0161irokej verejnosti. V\u0161etk\u00fdm z\u00e1ujemcom, odborn\u00fdm i\u00a0laick\u00fdm, sme poskytli mo\u017enos\u0165 nazrie\u0165 do bohatstva hist\u00f3rie, archeol\u00f3gie, dopravy, etnografie, drot\u00e1rstva, pr\u00edrodovedy a\u00a0\u010fal\u0161\u00edch zauj\u00edmav\u00fdch oblast\u00ed. V\u00a0t\u00fd\u017edni od 21. do 24. marca bola umo\u017enen\u00e1 registr\u00e1cia [&hellip;]","og_url":"https:\/\/pmza.sk\/?p=15093","og_site_name":"Pova\u017esk\u00e9 m\u00fazeum","article_publisher":"https:\/\/www.facebook.com\/povazskemuzeum","article_published_time":"2016-04-06T08:39:24+00:00","og_image":[{"width":1102,"height":1560,"url":"https:\/\/pmza.sk\/wp-content\/uploads\/2016\/02\/Tyzden-otvorenych-dveri-odbornej-kniznice-PMZA.jpg","type":"image\/jpeg"}],"author":"Pova\u017esk\u00e9 m\u00fazeum","twitter_card":"summary_large_image","twitter_misc":{"Autor":"Pova\u017esk\u00e9 m\u00fazeum","Predpokladan\u00fd \u010das \u010d\u00edtania":"2 min\u00faty"},"schema":{"@context":"https:\/\/schema.org","@graph":[{"@type":"Article","@id":"https:\/\/pmza.sk\/?p=15093#article","isPartOf":{"@id":"https:\/\/pmza.sk\/?p=15093"},"author":{"name":"Pova\u017esk\u00e9 m\u00fazeum","@id":"https:\/\/pmza.sk\/#\/schema\/person\/595e6a2ce731ea94dcd5d7f50a41ae33"},"headline":"Vy\u017erebovali sme v\u00fdhercu dar\u010dekov\u00e9ho bal\u00ed\u010dka","datePublished":"2016-04-06T08:39:24+00:00","mainEntityOfPage":{"@id":"https:\/\/pmza.sk\/?p=15093"},"wordCount":310,"publisher":{"@id":"https:\/\/pmza.sk\/#organization"},"image":{"@id":"https:\/\/pmza.sk\/?p=15093#primaryimage"},"thumbnailUrl":"https:\/\/pmza.sk\/wp-content\/uploads\/2016\/02\/Tyzden-otvorenych-dveri-odbornej-kniznice-PMZA.jpg","articleSection":["Arch\u00edv 2016"],"inLanguage":"sk-SK"},{"@type":"WebPage","@id":"https:\/\/pmza.sk\/?p=15093","url":"https:\/\/pmza.sk\/?p=15093","name":"Vy\u017erebovali sme v\u00fdhercu dar\u010dekov\u00e9ho bal\u00ed\u010dka - Pova\u017esk\u00e9 m\u00fazeum","isPartOf":{"@id":"https:\/\/pmza.sk\/#website"},"primaryImageOfPage":{"@id":"https:\/\/pmza.sk\/?p=15093#primaryimage"},"image":{"@id":"https:\/\/pmza.sk\/?p=15093#primaryimage"},"thumbnailUrl":"https:\/\/pmza.sk\/wp-content\/uploads\/2016\/02\/Tyzden-otvorenych-dveri-odbornej-kniznice-PMZA.jpg","datePublished":"2016-04-06T08:39:24+00:00","breadcrumb":{"@id":"https:\/\/pmza.sk\/?p=15093#breadcrumb"},"inLanguage":"sk-SK","potentialAction":[{"@type":"ReadAction","target":["https:\/\/pmza.sk\/?p=15093"]}]},{"@type":"ImageObject","inLanguage":"sk-SK","@id":"https:\/\/pmza.sk\/?p=15093#primaryimage","url":"https:\/\/pmza.sk\/wp-content\/uploads\/2016\/02\/Tyzden-otvorenych-dveri-odbornej-kniznice-PMZA.jpg","contentUrl":"https:\/\/pmza.sk\/wp-content\/uploads\/2016\/02\/Tyzden-otvorenych-dveri-odbornej-kniznice-PMZA.jpg","width":1102,"height":1560},{"@type":"BreadcrumbList","@id":"https:\/\/pmza.sk\/?p=15093#breadcrumb","itemListElement":[{"@type":"ListItem","position":1,"name":"Domovsk\u00e1 str\u00e1nka","item":"https:\/\/pmza.sk\/"},{"@type":"ListItem","position":2,"name":"Vy\u017erebovali sme v\u00fdhercu dar\u010dekov\u00e9ho bal\u00ed\u010dka"}]},{"@type":"WebSite","@id":"https:\/\/pmza.sk\/#website","url":"https:\/\/pmza.sk\/","name":"Pova\u017esk\u00e9 m\u00fazeum","description":"Pova\u017esk\u00e9 m\u00fazeum v \u017diline je region\u00e1lne m\u00fazeum so s\u00eddlom v Budat\u00edne. Jeho expoz\u00edcie s\u00fa zameran\u00e9 na dejiny slovensk\u00e9ho umenia, kult\u00fary a dopravy.","publisher":{"@id":"https:\/\/pmza.sk\/#organization"},"potentialAction":[{"@type":"SearchAction","target":{"@type":"EntryPoint","urlTemplate":"https:\/\/pmza.sk\/?s={search_term_string}"},"query-input":{"@type":"PropertyValueSpecification","valueRequired":true,"valueName":"search_term_string"}}],"inLanguage":"sk-SK"},{"@type":"Organization","@id":"https:\/\/pmza.sk\/#organization","name":"Pova\u017esk\u00e9 m\u00fazeum","url":"https:\/\/pmza.sk\/","logo":{"@type":"ImageObject","inLanguage":"sk-SK","@id":"https:\/\/pmza.sk\/#\/schema\/logo\/image\/","url":"https:\/\/pmza.sk\/wp-content\/uploads\/2022\/01\/logo_PM_horizontal.jpg","contentUrl":"https:\/\/pmza.sk\/wp-content\/uploads\/2022\/01\/logo_PM_horizontal.jpg","width":231,"height":142,"caption":"Pova\u017esk\u00e9 m\u00fazeum"},"image":{"@id":"https:\/\/pmza.sk\/#\/schema\/logo\/image\/"},"sameAs":["https:\/\/www.facebook.com\/povazskemuzeum","https:\/\/www.instagram.com\/povazskemuzeum\/"]},{"@type":"Person","@id":"https:\/\/pmza.sk\/#\/schema\/person\/595e6a2ce731ea94dcd5d7f50a41ae33","name":"Pova\u017esk\u00e9 m\u00fazeum","image":{"@type":"ImageObject","inLanguage":"sk-SK","@id":"https:\/\/secure.gravatar.com\/avatar\/2bb7f1561282132fb5826dfeccc66c7996d11ee392ac6aaf7ced8a1c2027fbb2?s=96&d=mm&r=g","url":"https:\/\/secure.gravatar.com\/avatar\/2bb7f1561282132fb5826dfeccc66c7996d11ee392ac6aaf7ced8a1c2027fbb2?s=96&d=mm&r=g","contentUrl":"https:\/\/secure.gravatar.com\/avatar\/2bb7f1561282132fb5826dfeccc66c7996d11ee392ac6aaf7ced8a1c2027fbb2?s=96&d=mm&r=g","caption":"Pova\u017esk\u00e9 m\u00fazeum"}}]}},"_links":{"self":[{"href":"https:\/\/pmza.sk\/index.php?rest_route=\/wp\/v2\/posts\/15093","targetHints":{"allow":["GET"]}}],"collection":[{"href":"https:\/\/pmza.sk\/index.php?rest_route=\/wp\/v2\/posts"}],"about":[{"href":"https:\/\/pmza.sk\/index.php?rest_route=\/wp\/v2\/types\/post"}],"author":[{"embeddable":true,"href":"https:\/\/pmza.sk\/index.php?rest_route=\/wp\/v2\/users\/2"}],"replies":[{"embeddable":true,"href":"https:\/\/pmza.sk\/index.php?rest_route=%2Fwp%2Fv2%2Fcomments&post=15093"}],"version-history":[{"count":0,"href":"https:\/\/pmza.sk\/index.php?rest_route=\/wp\/v2\/posts\/15093\/revisions"}],"wp:featuredmedia":[{"embeddable":true,"href":"https:\/\/pmza.sk\/index.php?rest_route=\/wp\/v2\/media\/15034"}],"wp:attachment":[{"href":"https:\/\/pmza.sk\/index.php?rest_route=%2Fwp%2Fv2%2Fmedia&parent=15093"}],"wp:term":[{"taxonomy":"category","embeddable":true,"href":"https:\/\/pmza.sk\/index.php?rest_route=%2Fwp%2Fv2%2Fcategories&post=15093"},{"taxonomy":"post_tag","embeddable":true,"href":"https:\/\/pmza.sk\/index.php?rest_route=%2Fwp%2Fv2%2Ftags&post=15093"}],"curies":[{"name":"wp","href":"https:\/\/api.w.org\/{rel}","templated":true}]}}