{"id":15099,"date":"2016-03-04T12:45:49","date_gmt":"2016-03-04T11:45:49","guid":{"rendered":"https:\/\/pmza.sk.sk\/?p=15099"},"modified":"2016-03-04T12:45:49","modified_gmt":"2016-03-04T11:45:49","slug":"morenu-neseme-zimu-zaneseme-2","status":"publish","type":"post","link":"https:\/\/pmza.sk\/?p=15099","title":{"rendered":"\u201eMorenu neseme, zimu zaneseme\u201c &#8211; Fotogal\u00e9ria"},"content":{"rendered":"<p>Pova\u017esk\u00e9 m\u00fazeum v\u00a0\u017diline v\u00a0zria\u010fovate\u013eskej p\u00f4sobnosti \u017dilinsk\u00e9ho samospr\u00e1vneho kraja v\u00a0spolupr\u00e1ci s\u00a0Centrom vo\u013en\u00e9ho \u010dasu v\u00a0\u017diline v\u00a0zria\u010fovate\u013eskej p\u00f4sobnosti Mesta \u017dilina sa rozhodlo pokra\u010dova\u0165 v\u00a0trad\u00edcii vyn\u00e1\u0161ania Moreny. Ide o\u00a0jeden zo zachovan\u00fdch zastaran\u00fdch zvykov, ktor\u00fd sa kon\u00e1 na prelome zimy a jari. Podujatie sa uskuto\u010dn\u00ed v\u00a0are\u00e1li Budat\u00ednskeho\u00a0hradu <strong>v\u00a0nede\u013eu 13. marca od 14. hodiny<\/strong>.<\/p>\n<p><em>\u201eVyn\u00e1\u0161anie Moreny je trad\u00edcia, ktorou sa vyjadruje t\u00fa\u017eba \u013eud\u00ed po odchode zimy. Aby do dediny mohla zav\u00edta\u0165 jar, museli necha\u0165 up\u00e1li\u0165 a\u00a0utopi\u0165 Morenu symbolizuj\u00facu zimu. Tento rok sme si pre uskuto\u010dnenie tohto podujatia pod\u013ea trad\u00edcie zvolili Smrtn\u00fa nede\u013eu, \u010do je t\u00fd\u017ede\u0148 pred Kvetnou nede\u013eou,\u201c<\/em> povedala kult\u00farna mana\u017e\u00e9rka Pova\u017esk\u00e9ho m\u00fazea v\u00a0\u017diline Petra Kubikov\u00e1.<\/p>\n<p>S\u00a0Morenou po dedine zvy\u010dajne chodievali diev\u010dat\u00e1 za spevu obradn\u00fdch piesn\u00ed. O\u00a0zobrazenie tejto trad\u00edcie sa postar\u00e1 Detsk\u00fd folkl\u00f3rny s\u00fabor Cipovi\u010dka z\u00a0Centra vo\u013en\u00e9ho \u010dasu v \u017diline a Diev\u010densk\u00e1 spev\u00e1cka skupina Spievanky. Sprievodn\u00fdmi aktivitami v\u00a0de\u0148 vyn\u00e1\u0161ania Moreny v\u00a0Budat\u00edne bud\u00fa tvoriv\u00e9 dielne pre deti zameran\u00e9 na v\u00fdrobu Moreny, ochutn\u00e1vka tradi\u010dnej p\u00f4stnej kuchyne, odborn\u00e1 predn\u00e1\u0161ka etnologi\u010dky Pova\u017esk\u00e9ho m\u00fazea v\u00a0\u017diline Adriany B\u00e1rdyovej.<\/p>\n<p>&nbsp;<\/p>\n<p><a href=\"https:\/\/pmza.sk.sk\/foto-mdd\/?album=135\">FOTOGAL\u00c9RIA 2016<\/a><\/p>\n<p><a href=\"https:\/\/pmza.sk.sk\/foto-mdd\/?album=102\">FOTOGAL\u00c9RIA 2015<\/a><\/p>\n<p>&nbsp;<\/p>\n<p><a href=\"https:\/\/pmza.sk\/wp-content\/uploads\/2016\/03\/12833437_10154022604779686_349220693_n.jpg\"><img decoding=\"async\" class=\"alignleft  wp-image-15120\" src=\"https:\/\/pmza.sk.sk\/wp-content\/uploads\/2016\/03\/12833437_10154022604779686_349220693_n-204x300.jpg\" alt=\"12833437_10154022604779686_349220693_n\" width=\"129\" height=\"191\" \/><\/a><a href=\"https:\/\/pmza.sk\/wp-content\/uploads\/2016\/03\/12834960_10154022604974686_1387987847_n.jpg\"><img decoding=\"async\" class=\"alignleft  wp-image-15121\" src=\"https:\/\/pmza.sk.sk\/wp-content\/uploads\/2016\/03\/12834960_10154022604974686_1387987847_n-205x300.jpg\" alt=\"12834960_10154022604974686_1387987847_n\" width=\"130\" height=\"191\" \/><\/a> <a href=\"https:\/\/pmza.sk\/wp-content\/uploads\/2016\/03\/12833317_10154022604704686_1450765951_n.jpg\"><img decoding=\"async\" class=\"alignleft  wp-image-15119\" src=\"https:\/\/pmza.sk.sk\/wp-content\/uploads\/2016\/03\/12833317_10154022604704686_1450765951_n-204x300.jpg\" alt=\"12833317_10154022604704686_1450765951_n\" width=\"130\" height=\"191\" \/><\/a><\/p>\n<p>&nbsp;<\/p>\n<p>&nbsp;<\/p>\n<p>&nbsp;<\/p>\n<p>&nbsp;<\/p>\n<p>&nbsp;<\/p>\n<p>&nbsp;<\/p>\n<p>&nbsp;<\/p>\n<p>&nbsp;<\/p>\n<p>&nbsp;<\/p>\n","protected":false},"excerpt":{"rendered":"<p>Pova\u017esk\u00e9 m\u00fazeum v\u00a0\u017diline v\u00a0zria\u010fovate\u013eskej p\u00f4sobnosti \u017dilinsk\u00e9ho samospr\u00e1vneho kraja v\u00a0spolupr\u00e1ci s\u00a0Centrom vo\u013en\u00e9ho \u010dasu v\u00a0\u017diline v\u00a0zria\u010fovate\u013eskej p\u00f4sobnosti Mesta \u017dilina sa rozhodlo pokra\u010dova\u0165 v\u00a0trad\u00edcii vyn\u00e1\u0161ania Moreny. Ide o\u00a0jeden zo zachovan\u00fdch zastaran\u00fdch zvykov, ktor\u00fd sa kon\u00e1 na prelome zimy a jari. Podujatie sa uskuto\u010dn\u00ed v\u00a0are\u00e1li Budat\u00ednskeho\u00a0hradu v\u00a0nede\u013eu 13. marca od 14. hodiny. \u201eVyn\u00e1\u0161anie Moreny je trad\u00edcia, ktorou sa vyjadruje [&hellip;]<\/p>\n","protected":false},"author":2,"featured_media":15032,"comment_status":"closed","ping_status":"closed","sticky":false,"template":"","format":"standard","meta":{"site-sidebar-layout":"default","site-content-layout":"","ast-site-content-layout":"","site-content-style":"default","site-sidebar-style":"default","ast-global-header-display":"","ast-banner-title-visibility":"","ast-main-header-display":"","ast-hfb-above-header-display":"","ast-hfb-below-header-display":"","ast-hfb-mobile-header-display":"","site-post-title":"","ast-breadcrumbs-content":"","ast-featured-img":"","footer-sml-layout":"","theme-transparent-header-meta":"","adv-header-id-meta":"","stick-header-meta":"","header-above-stick-meta":"","header-main-stick-meta":"","header-below-stick-meta":"","astra-migrate-meta-layouts":"default","ast-page-background-enabled":"default","ast-page-background-meta":{"desktop":{"background-color":"var(--ast-global-color-4)","background-image":"","background-repeat":"repeat","background-position":"center center","background-size":"auto","background-attachment":"scroll","background-type":"","background-media":"","overlay-type":"","overlay-color":"","overlay-opacity":"","overlay-gradient":""},"tablet":{"background-color":"","background-image":"","background-repeat":"repeat","background-position":"center center","background-size":"auto","background-attachment":"scroll","background-type":"","background-media":"","overlay-type":"","overlay-color":"","overlay-opacity":"","overlay-gradient":""},"mobile":{"background-color":"","background-image":"","background-repeat":"repeat","background-position":"center center","background-size":"auto","background-attachment":"scroll","background-type":"","background-media":"","overlay-type":"","overlay-color":"","overlay-opacity":"","overlay-gradient":""}},"ast-content-background-meta":{"desktop":{"background-color":"var(--ast-global-color-5)","background-image":"","background-repeat":"repeat","background-position":"center center","background-size":"auto","background-attachment":"scroll","background-type":"","background-media":"","overlay-type":"","overlay-color":"","overlay-opacity":"","overlay-gradient":""},"tablet":{"background-color":"var(--ast-global-color-5)","background-image":"","background-repeat":"repeat","background-position":"center center","background-size":"auto","background-attachment":"scroll","background-type":"","background-media":"","overlay-type":"","overlay-color":"","overlay-opacity":"","overlay-gradient":""},"mobile":{"background-color":"var(--ast-global-color-5)","background-image":"","background-repeat":"repeat","background-position":"center center","background-size":"auto","background-attachment":"scroll","background-type":"","background-media":"","overlay-type":"","overlay-color":"","overlay-opacity":"","overlay-gradient":""}},"footnotes":""},"categories":[50],"tags":[],"class_list":["post-15099","post","type-post","status-publish","format-standard","has-post-thumbnail","hentry","category-archiv-2016"],"yoast_head":"<!-- This site is optimized with the Yoast SEO plugin v27.4 - https:\/\/yoast.com\/product\/yoast-seo-wordpress\/ -->\n<title>\u201eMorenu neseme, zimu zaneseme\u201c - Fotogal\u00e9ria - Pova\u017esk\u00e9 m\u00fazeum<\/title>\n<meta name=\"robots\" content=\"index, follow, max-snippet:-1, max-image-preview:large, max-video-preview:-1\" \/>\n<link rel=\"canonical\" href=\"https:\/\/pmza.sk\/?p=15099\" \/>\n<meta property=\"og:locale\" content=\"sk_SK\" \/>\n<meta property=\"og:type\" content=\"article\" \/>\n<meta property=\"og:title\" content=\"\u201eMorenu neseme, zimu zaneseme\u201c - Fotogal\u00e9ria - Pova\u017esk\u00e9 m\u00fazeum\" \/>\n<meta property=\"og:description\" content=\"Pova\u017esk\u00e9 m\u00fazeum v\u00a0\u017diline v\u00a0zria\u010fovate\u013eskej p\u00f4sobnosti \u017dilinsk\u00e9ho samospr\u00e1vneho kraja v\u00a0spolupr\u00e1ci s\u00a0Centrom vo\u013en\u00e9ho \u010dasu v\u00a0\u017diline v\u00a0zria\u010fovate\u013eskej p\u00f4sobnosti Mesta \u017dilina sa rozhodlo pokra\u010dova\u0165 v\u00a0trad\u00edcii vyn\u00e1\u0161ania Moreny. Ide o\u00a0jeden zo zachovan\u00fdch zastaran\u00fdch zvykov, ktor\u00fd sa kon\u00e1 na prelome zimy a jari. Podujatie sa uskuto\u010dn\u00ed v\u00a0are\u00e1li Budat\u00ednskeho\u00a0hradu v\u00a0nede\u013eu 13. marca od 14. hodiny. \u201eVyn\u00e1\u0161anie Moreny je trad\u00edcia, ktorou sa vyjadruje [&hellip;]\" \/>\n<meta property=\"og:url\" content=\"https:\/\/pmza.sk\/?p=15099\" \/>\n<meta property=\"og:site_name\" content=\"Pova\u017esk\u00e9 m\u00fazeum\" \/>\n<meta property=\"article:publisher\" content=\"https:\/\/www.facebook.com\/povazskemuzeum\" \/>\n<meta property=\"article:published_time\" content=\"2016-03-04T11:45:49+00:00\" \/>\n<meta property=\"og:image\" content=\"https:\/\/pmza.sk\/wp-content\/uploads\/2016\/02\/Morenu-neseme-zimu-zaneseme_2016.jpg\" \/>\n\t<meta property=\"og:image:width\" content=\"1102\" \/>\n\t<meta property=\"og:image:height\" content=\"1560\" \/>\n\t<meta property=\"og:image:type\" content=\"image\/jpeg\" \/>\n<meta name=\"author\" content=\"Pova\u017esk\u00e9 m\u00fazeum\" \/>\n<meta name=\"twitter:card\" content=\"summary_large_image\" \/>\n<meta name=\"twitter:label1\" content=\"Autor\" \/>\n\t<meta name=\"twitter:data1\" content=\"Pova\u017esk\u00e9 m\u00fazeum\" \/>\n\t<meta name=\"twitter:label2\" content=\"Predpokladan\u00fd \u010das \u010d\u00edtania\" \/>\n\t<meta name=\"twitter:data2\" content=\"1 min\u00fata\" \/>\n<script type=\"application\/ld+json\" class=\"yoast-schema-graph\">{\"@context\":\"https:\\\/\\\/schema.org\",\"@graph\":[{\"@type\":\"Article\",\"@id\":\"https:\\\/\\\/pmza.sk\\\/?p=15099#article\",\"isPartOf\":{\"@id\":\"https:\\\/\\\/pmza.sk\\\/?p=15099\"},\"author\":{\"name\":\"Pova\u017esk\u00e9 m\u00fazeum\",\"@id\":\"https:\\\/\\\/pmza.sk\\\/#\\\/schema\\\/person\\\/595e6a2ce731ea94dcd5d7f50a41ae33\"},\"headline\":\"\u201eMorenu neseme, zimu zaneseme\u201c &#8211; Fotogal\u00e9ria\",\"datePublished\":\"2016-03-04T11:45:49+00:00\",\"mainEntityOfPage\":{\"@id\":\"https:\\\/\\\/pmza.sk\\\/?p=15099\"},\"wordCount\":258,\"publisher\":{\"@id\":\"https:\\\/\\\/pmza.sk\\\/#organization\"},\"image\":{\"@id\":\"https:\\\/\\\/pmza.sk\\\/?p=15099#primaryimage\"},\"thumbnailUrl\":\"https:\\\/\\\/pmza.sk\\\/wp-content\\\/uploads\\\/2016\\\/02\\\/Morenu-neseme-zimu-zaneseme_2016.jpg\",\"articleSection\":[\"Arch\u00edv 2016\"],\"inLanguage\":\"sk-SK\"},{\"@type\":\"WebPage\",\"@id\":\"https:\\\/\\\/pmza.sk\\\/?p=15099\",\"url\":\"https:\\\/\\\/pmza.sk\\\/?p=15099\",\"name\":\"\u201eMorenu neseme, zimu zaneseme\u201c - Fotogal\u00e9ria - Pova\u017esk\u00e9 m\u00fazeum\",\"isPartOf\":{\"@id\":\"https:\\\/\\\/pmza.sk\\\/#website\"},\"primaryImageOfPage\":{\"@id\":\"https:\\\/\\\/pmza.sk\\\/?p=15099#primaryimage\"},\"image\":{\"@id\":\"https:\\\/\\\/pmza.sk\\\/?p=15099#primaryimage\"},\"thumbnailUrl\":\"https:\\\/\\\/pmza.sk\\\/wp-content\\\/uploads\\\/2016\\\/02\\\/Morenu-neseme-zimu-zaneseme_2016.jpg\",\"datePublished\":\"2016-03-04T11:45:49+00:00\",\"breadcrumb\":{\"@id\":\"https:\\\/\\\/pmza.sk\\\/?p=15099#breadcrumb\"},\"inLanguage\":\"sk-SK\",\"potentialAction\":[{\"@type\":\"ReadAction\",\"target\":[\"https:\\\/\\\/pmza.sk\\\/?p=15099\"]}]},{\"@type\":\"ImageObject\",\"inLanguage\":\"sk-SK\",\"@id\":\"https:\\\/\\\/pmza.sk\\\/?p=15099#primaryimage\",\"url\":\"https:\\\/\\\/pmza.sk\\\/wp-content\\\/uploads\\\/2016\\\/02\\\/Morenu-neseme-zimu-zaneseme_2016.jpg\",\"contentUrl\":\"https:\\\/\\\/pmza.sk\\\/wp-content\\\/uploads\\\/2016\\\/02\\\/Morenu-neseme-zimu-zaneseme_2016.jpg\",\"width\":1102,\"height\":1560},{\"@type\":\"BreadcrumbList\",\"@id\":\"https:\\\/\\\/pmza.sk\\\/?p=15099#breadcrumb\",\"itemListElement\":[{\"@type\":\"ListItem\",\"position\":1,\"name\":\"Domovsk\u00e1 str\u00e1nka\",\"item\":\"https:\\\/\\\/pmza.sk\\\/\"},{\"@type\":\"ListItem\",\"position\":2,\"name\":\"\u201eMorenu neseme, zimu zaneseme\u201c &#8211; Fotogal\u00e9ria\"}]},{\"@type\":\"WebSite\",\"@id\":\"https:\\\/\\\/pmza.sk\\\/#website\",\"url\":\"https:\\\/\\\/pmza.sk\\\/\",\"name\":\"Pova\u017esk\u00e9 m\u00fazeum\",\"description\":\"Pova\u017esk\u00e9 m\u00fazeum v \u017diline je region\u00e1lne m\u00fazeum so s\u00eddlom v Budat\u00edne. Jeho expoz\u00edcie s\u00fa zameran\u00e9 na dejiny slovensk\u00e9ho umenia, kult\u00fary a dopravy.\",\"publisher\":{\"@id\":\"https:\\\/\\\/pmza.sk\\\/#organization\"},\"potentialAction\":[{\"@type\":\"SearchAction\",\"target\":{\"@type\":\"EntryPoint\",\"urlTemplate\":\"https:\\\/\\\/pmza.sk\\\/?s={search_term_string}\"},\"query-input\":{\"@type\":\"PropertyValueSpecification\",\"valueRequired\":true,\"valueName\":\"search_term_string\"}}],\"inLanguage\":\"sk-SK\"},{\"@type\":\"Organization\",\"@id\":\"https:\\\/\\\/pmza.sk\\\/#organization\",\"name\":\"Pova\u017esk\u00e9 m\u00fazeum\",\"url\":\"https:\\\/\\\/pmza.sk\\\/\",\"logo\":{\"@type\":\"ImageObject\",\"inLanguage\":\"sk-SK\",\"@id\":\"https:\\\/\\\/pmza.sk\\\/#\\\/schema\\\/logo\\\/image\\\/\",\"url\":\"https:\\\/\\\/pmza.sk\\\/wp-content\\\/uploads\\\/2022\\\/01\\\/logo_PM_horizontal.jpg\",\"contentUrl\":\"https:\\\/\\\/pmza.sk\\\/wp-content\\\/uploads\\\/2022\\\/01\\\/logo_PM_horizontal.jpg\",\"width\":231,\"height\":142,\"caption\":\"Pova\u017esk\u00e9 m\u00fazeum\"},\"image\":{\"@id\":\"https:\\\/\\\/pmza.sk\\\/#\\\/schema\\\/logo\\\/image\\\/\"},\"sameAs\":[\"https:\\\/\\\/www.facebook.com\\\/povazskemuzeum\",\"https:\\\/\\\/www.instagram.com\\\/povazskemuzeum\\\/\"]},{\"@type\":\"Person\",\"@id\":\"https:\\\/\\\/pmza.sk\\\/#\\\/schema\\\/person\\\/595e6a2ce731ea94dcd5d7f50a41ae33\",\"name\":\"Pova\u017esk\u00e9 m\u00fazeum\",\"image\":{\"@type\":\"ImageObject\",\"inLanguage\":\"sk-SK\",\"@id\":\"https:\\\/\\\/secure.gravatar.com\\\/avatar\\\/2bb7f1561282132fb5826dfeccc66c7996d11ee392ac6aaf7ced8a1c2027fbb2?s=96&d=mm&r=g\",\"url\":\"https:\\\/\\\/secure.gravatar.com\\\/avatar\\\/2bb7f1561282132fb5826dfeccc66c7996d11ee392ac6aaf7ced8a1c2027fbb2?s=96&d=mm&r=g\",\"contentUrl\":\"https:\\\/\\\/secure.gravatar.com\\\/avatar\\\/2bb7f1561282132fb5826dfeccc66c7996d11ee392ac6aaf7ced8a1c2027fbb2?s=96&d=mm&r=g\",\"caption\":\"Pova\u017esk\u00e9 m\u00fazeum\"}}]}<\/script>\n<!-- \/ Yoast SEO plugin. -->","yoast_head_json":{"title":"\u201eMorenu neseme, zimu zaneseme\u201c - Fotogal\u00e9ria - Pova\u017esk\u00e9 m\u00fazeum","robots":{"index":"index","follow":"follow","max-snippet":"max-snippet:-1","max-image-preview":"max-image-preview:large","max-video-preview":"max-video-preview:-1"},"canonical":"https:\/\/pmza.sk\/?p=15099","og_locale":"sk_SK","og_type":"article","og_title":"\u201eMorenu neseme, zimu zaneseme\u201c - Fotogal\u00e9ria - Pova\u017esk\u00e9 m\u00fazeum","og_description":"Pova\u017esk\u00e9 m\u00fazeum v\u00a0\u017diline v\u00a0zria\u010fovate\u013eskej p\u00f4sobnosti \u017dilinsk\u00e9ho samospr\u00e1vneho kraja v\u00a0spolupr\u00e1ci s\u00a0Centrom vo\u013en\u00e9ho \u010dasu v\u00a0\u017diline v\u00a0zria\u010fovate\u013eskej p\u00f4sobnosti Mesta \u017dilina sa rozhodlo pokra\u010dova\u0165 v\u00a0trad\u00edcii vyn\u00e1\u0161ania Moreny. Ide o\u00a0jeden zo zachovan\u00fdch zastaran\u00fdch zvykov, ktor\u00fd sa kon\u00e1 na prelome zimy a jari. Podujatie sa uskuto\u010dn\u00ed v\u00a0are\u00e1li Budat\u00ednskeho\u00a0hradu v\u00a0nede\u013eu 13. marca od 14. hodiny. \u201eVyn\u00e1\u0161anie Moreny je trad\u00edcia, ktorou sa vyjadruje [&hellip;]","og_url":"https:\/\/pmza.sk\/?p=15099","og_site_name":"Pova\u017esk\u00e9 m\u00fazeum","article_publisher":"https:\/\/www.facebook.com\/povazskemuzeum","article_published_time":"2016-03-04T11:45:49+00:00","og_image":[{"width":1102,"height":1560,"url":"https:\/\/pmza.sk\/wp-content\/uploads\/2016\/02\/Morenu-neseme-zimu-zaneseme_2016.jpg","type":"image\/jpeg"}],"author":"Pova\u017esk\u00e9 m\u00fazeum","twitter_card":"summary_large_image","twitter_misc":{"Autor":"Pova\u017esk\u00e9 m\u00fazeum","Predpokladan\u00fd \u010das \u010d\u00edtania":"1 min\u00fata"},"schema":{"@context":"https:\/\/schema.org","@graph":[{"@type":"Article","@id":"https:\/\/pmza.sk\/?p=15099#article","isPartOf":{"@id":"https:\/\/pmza.sk\/?p=15099"},"author":{"name":"Pova\u017esk\u00e9 m\u00fazeum","@id":"https:\/\/pmza.sk\/#\/schema\/person\/595e6a2ce731ea94dcd5d7f50a41ae33"},"headline":"\u201eMorenu neseme, zimu zaneseme\u201c &#8211; Fotogal\u00e9ria","datePublished":"2016-03-04T11:45:49+00:00","mainEntityOfPage":{"@id":"https:\/\/pmza.sk\/?p=15099"},"wordCount":258,"publisher":{"@id":"https:\/\/pmza.sk\/#organization"},"image":{"@id":"https:\/\/pmza.sk\/?p=15099#primaryimage"},"thumbnailUrl":"https:\/\/pmza.sk\/wp-content\/uploads\/2016\/02\/Morenu-neseme-zimu-zaneseme_2016.jpg","articleSection":["Arch\u00edv 2016"],"inLanguage":"sk-SK"},{"@type":"WebPage","@id":"https:\/\/pmza.sk\/?p=15099","url":"https:\/\/pmza.sk\/?p=15099","name":"\u201eMorenu neseme, zimu zaneseme\u201c - Fotogal\u00e9ria - Pova\u017esk\u00e9 m\u00fazeum","isPartOf":{"@id":"https:\/\/pmza.sk\/#website"},"primaryImageOfPage":{"@id":"https:\/\/pmza.sk\/?p=15099#primaryimage"},"image":{"@id":"https:\/\/pmza.sk\/?p=15099#primaryimage"},"thumbnailUrl":"https:\/\/pmza.sk\/wp-content\/uploads\/2016\/02\/Morenu-neseme-zimu-zaneseme_2016.jpg","datePublished":"2016-03-04T11:45:49+00:00","breadcrumb":{"@id":"https:\/\/pmza.sk\/?p=15099#breadcrumb"},"inLanguage":"sk-SK","potentialAction":[{"@type":"ReadAction","target":["https:\/\/pmza.sk\/?p=15099"]}]},{"@type":"ImageObject","inLanguage":"sk-SK","@id":"https:\/\/pmza.sk\/?p=15099#primaryimage","url":"https:\/\/pmza.sk\/wp-content\/uploads\/2016\/02\/Morenu-neseme-zimu-zaneseme_2016.jpg","contentUrl":"https:\/\/pmza.sk\/wp-content\/uploads\/2016\/02\/Morenu-neseme-zimu-zaneseme_2016.jpg","width":1102,"height":1560},{"@type":"BreadcrumbList","@id":"https:\/\/pmza.sk\/?p=15099#breadcrumb","itemListElement":[{"@type":"ListItem","position":1,"name":"Domovsk\u00e1 str\u00e1nka","item":"https:\/\/pmza.sk\/"},{"@type":"ListItem","position":2,"name":"\u201eMorenu neseme, zimu zaneseme\u201c &#8211; Fotogal\u00e9ria"}]},{"@type":"WebSite","@id":"https:\/\/pmza.sk\/#website","url":"https:\/\/pmza.sk\/","name":"Pova\u017esk\u00e9 m\u00fazeum","description":"Pova\u017esk\u00e9 m\u00fazeum v \u017diline je region\u00e1lne m\u00fazeum so s\u00eddlom v Budat\u00edne. Jeho expoz\u00edcie s\u00fa zameran\u00e9 na dejiny slovensk\u00e9ho umenia, kult\u00fary a dopravy.","publisher":{"@id":"https:\/\/pmza.sk\/#organization"},"potentialAction":[{"@type":"SearchAction","target":{"@type":"EntryPoint","urlTemplate":"https:\/\/pmza.sk\/?s={search_term_string}"},"query-input":{"@type":"PropertyValueSpecification","valueRequired":true,"valueName":"search_term_string"}}],"inLanguage":"sk-SK"},{"@type":"Organization","@id":"https:\/\/pmza.sk\/#organization","name":"Pova\u017esk\u00e9 m\u00fazeum","url":"https:\/\/pmza.sk\/","logo":{"@type":"ImageObject","inLanguage":"sk-SK","@id":"https:\/\/pmza.sk\/#\/schema\/logo\/image\/","url":"https:\/\/pmza.sk\/wp-content\/uploads\/2022\/01\/logo_PM_horizontal.jpg","contentUrl":"https:\/\/pmza.sk\/wp-content\/uploads\/2022\/01\/logo_PM_horizontal.jpg","width":231,"height":142,"caption":"Pova\u017esk\u00e9 m\u00fazeum"},"image":{"@id":"https:\/\/pmza.sk\/#\/schema\/logo\/image\/"},"sameAs":["https:\/\/www.facebook.com\/povazskemuzeum","https:\/\/www.instagram.com\/povazskemuzeum\/"]},{"@type":"Person","@id":"https:\/\/pmza.sk\/#\/schema\/person\/595e6a2ce731ea94dcd5d7f50a41ae33","name":"Pova\u017esk\u00e9 m\u00fazeum","image":{"@type":"ImageObject","inLanguage":"sk-SK","@id":"https:\/\/secure.gravatar.com\/avatar\/2bb7f1561282132fb5826dfeccc66c7996d11ee392ac6aaf7ced8a1c2027fbb2?s=96&d=mm&r=g","url":"https:\/\/secure.gravatar.com\/avatar\/2bb7f1561282132fb5826dfeccc66c7996d11ee392ac6aaf7ced8a1c2027fbb2?s=96&d=mm&r=g","contentUrl":"https:\/\/secure.gravatar.com\/avatar\/2bb7f1561282132fb5826dfeccc66c7996d11ee392ac6aaf7ced8a1c2027fbb2?s=96&d=mm&r=g","caption":"Pova\u017esk\u00e9 m\u00fazeum"}}]}},"_links":{"self":[{"href":"https:\/\/pmza.sk\/index.php?rest_route=\/wp\/v2\/posts\/15099","targetHints":{"allow":["GET"]}}],"collection":[{"href":"https:\/\/pmza.sk\/index.php?rest_route=\/wp\/v2\/posts"}],"about":[{"href":"https:\/\/pmza.sk\/index.php?rest_route=\/wp\/v2\/types\/post"}],"author":[{"embeddable":true,"href":"https:\/\/pmza.sk\/index.php?rest_route=\/wp\/v2\/users\/2"}],"replies":[{"embeddable":true,"href":"https:\/\/pmza.sk\/index.php?rest_route=%2Fwp%2Fv2%2Fcomments&post=15099"}],"version-history":[{"count":0,"href":"https:\/\/pmza.sk\/index.php?rest_route=\/wp\/v2\/posts\/15099\/revisions"}],"wp:featuredmedia":[{"embeddable":true,"href":"https:\/\/pmza.sk\/index.php?rest_route=\/wp\/v2\/media\/15032"}],"wp:attachment":[{"href":"https:\/\/pmza.sk\/index.php?rest_route=%2Fwp%2Fv2%2Fmedia&parent=15099"}],"wp:term":[{"taxonomy":"category","embeddable":true,"href":"https:\/\/pmza.sk\/index.php?rest_route=%2Fwp%2Fv2%2Fcategories&post=15099"},{"taxonomy":"post_tag","embeddable":true,"href":"https:\/\/pmza.sk\/index.php?rest_route=%2Fwp%2Fv2%2Ftags&post=15099"}],"curies":[{"name":"wp","href":"https:\/\/api.w.org\/{rel}","templated":true}]}}