{"id":1512,"date":"2010-12-09T08:15:47","date_gmt":"2010-12-09T07:15:47","guid":{"rendered":"https:\/\/pmza.sk.sk\/?p=1512"},"modified":"2010-12-09T08:15:47","modified_gmt":"2010-12-09T07:15:47","slug":"ako-sa-rodila-kniha-o-slovenskom-drotarstve","status":"publish","type":"post","link":"https:\/\/pmza.sk\/?p=1512","title":{"rendered":"Ako sa rodila kniha o slovenskom drot\u00e1rstve"},"content":{"rendered":"<p><a href=\"https:\/\/pmza.sk\/wp-content\/uploads\/2010\/12\/publikacia-Drotarstvo.jpg\"><img decoding=\"async\" class=\"alignleft size-medium wp-image-1513\" style=\"margin-left: 3px; margin-right: 3px; border: 3px solid black;\" title=\"publikacia Drotarstvo\" src=\"https:\/\/pmza.sk.sk\/wp-content\/uploads\/2010\/12\/publikacia-Drotarstvo-200x300.jpg\" alt=\"\" width=\"140\" height=\"210\" \/><\/a>Publik\u00e1cia <strong>Drot\u00e1rstvo. Ve\u013ek\u00e1 kniha o slovenskom drot\u00e1rstve<\/strong> m\u00e1 za sebou sl\u00e1vnostn\u00e9 uvedenie do \u017eivota. A\u00a0to nie hocijak\u00e9. V\u00a0Pova\u017eskej gal\u00e9rii umenia v\u00a0\u017diline ju star\u00fdm zvykom, ktor\u00fd je\u00a0 charakteristick\u00fd pri naroden\u00ed chlapca v\u00a0drot\u00e1rskej rodine, koncom novembra 2010 symbolicky vyslali do \u010ditate\u013esk\u00e9ho sveta prezident Slovenskej republiky Ivan Ga\u0161parovi\u010d\u00a0 a\u00a0predseda \u017dilinsk\u00e9ho samospr\u00e1vneho kraja Juraj Blan\u00e1r.<\/p>\n<p>Spolo\u010dn\u00e9mu dielu Vydavate\u013estva Matice Slovenskej v\u00a0Martine, Pova\u017esk\u00e9ho m\u00fazea v\u00a0\u017diline a\u00a0Kysuck\u00e9ho m\u00fazea v\u00a0\u010cadci bude <strong>vo \u0161tvrtok 16. decembra 2010 v\u00a0priestoroch Krajskej kni\u017enice v\u00a0\u017diline <\/strong>venovan\u00e1 \u0161peci\u00e1lna prezent\u00e1cia a\u00a0stretnutie so samotn\u00fdmi autormi publik\u00e1cie. <!--more-->\u201e <em>Je to doteraz najkomplexnej\u0161ie syntetick\u00e9 dielo vydan\u00e9 k\u00a0danej problematike. Drot\u00e1rstvo predstavuje ako v\u00fdznamn\u00fd a\u00a0mnohotv\u00e1rny fenom\u00e9n n\u00e1\u0161ho kult\u00farneho dedi\u010dstva, a\u00a0to tak z\u00a0h\u013eadiska historick\u00e9ho, n\u00e1rodopisn\u00e9ho, ako aj umenovedn\u00e9ho<\/em>,\u201c upozornila Katar\u00edna Hallonov\u00e1, histori\u010dka drot\u00e1rstva Pova\u017esk\u00e9ho m\u00fazea v\u00a0\u017diline a\u00a0jedna z\u00a0autoriek monografie. Publik\u00e1cia je rozdelen\u00e1 do troch vz\u00e1jomne sa dopl\u0148uj\u00facich \u010dast\u00ed, ktor\u00e9 spolo\u010dne tvoria pestr\u00fa paletu z\u00e1kladn\u00fdch inform\u00e1cii o\u00a0minulosti a\u00a0s\u00fa\u010dasnosti drot\u00e1rskeho remesla i\u00a0o\u00a0jeho odraze v\u00a0literat\u00fare, hudbe a\u00a0v\u00fdtvarn\u00fdch dielach. Napriek tomu, \u017ee svojou t\u00e9mou ide o\u00a0odborn\u00fa publik\u00e1ciu, je spracovan\u00e1 pr\u00edstupnou formou, v\u010faka ktorej \u010ditate\u013e z\u00edska odborne podlo\u017een\u00e9 poznatky a\u00a0z\u00e1kladn\u00fa orient\u00e1ciu v\u00a0problematike.<\/p>\n<p><a href=\"https:\/\/pmza.sk\/wp-content\/uploads\/2010\/12\/uvedenie-publikacie-do-zivota.jpg\"><img fetchpriority=\"high\" decoding=\"async\" class=\"aligncenter size-full wp-image-1514\" title=\"uvedenie publikacie do zivota\" src=\"https:\/\/pmza.sk\/wp-content\/uploads\/2010\/12\/uvedenie-publikacie-do-zivota.jpg\" alt=\"\" width=\"640\" height=\"427\" srcset=\"https:\/\/pmza.sk\/wp-content\/uploads\/2010\/12\/uvedenie-publikacie-do-zivota.jpg 640w, https:\/\/pmza.sk\/wp-content\/uploads\/2010\/12\/uvedenie-publikacie-do-zivota-600x400.jpg 600w, https:\/\/pmza.sk\/wp-content\/uploads\/2010\/12\/uvedenie-publikacie-do-zivota-540x360.jpg 540w\" sizes=\"(max-width: 640px) 100vw, 640px\" \/><\/a><\/p>\n<p>O\u00a0n\u00e1ro\u010dnom procese zrodu kolekt\u00edvneho diela, o\u00a0dlhoro\u010dn\u00fdch ter\u00e9nnych a\u00a0arch\u00edvnych v\u00fdskumoch pracovn\u00edkov Pova\u017esk\u00e9ho a\u00a0Kysuck\u00e9ho m\u00fazea sa pr\u00eddu do Krajskej kni\u017enice s\u00a0\u010ditate\u013emi podeli\u0165 jeho autori &#8211; Katar\u00edna Hallonov\u00e1, Monika V\u00e1lekov\u00e1, Katar\u00edna Kendrov\u00e1, Jana Adamusov\u00e1 a\u00a0Alojz Kontr\u00edk. Beseda bude spojen\u00e1 aj s predajom knihy.<\/p>\n<p>\u201e <em>Ve\u013emi n\u00e1s te\u0161\u00ed, \u017ee\u00a0 uveden\u00edm tejto reprezentat\u00edvnej a\u00a0obrazovo bohatej publik\u00e1cie na slovensk\u00fd trh sme \u00faspe\u0161ne zav\u0155\u0161ili jubilejn\u00fd rok, v\u00a0ktorom si Pova\u017esk\u00e9 m\u00fazeum v\u00a0\u017diline pripomenulo dvadsiate v\u00fdro\u010die projektu revitaliz\u00e1cie drot\u00e1rstva na Slovensku<\/em>,\u201c dodal na z\u00e1ver \u00a0Boris Schubert, riadite\u013e Pova\u017esk\u00e9ho m\u00fazea v\u00a0\u017diline.<\/p>\n<p>Organiz\u00e1torom\u00a0 prezent\u00e1cie knihy <strong>Drot\u00e1rstvo. Ve\u013ek\u00e1 kniha o\u00a0slovenskom drot\u00e1rstve <\/strong>vo \u0161tvrtok 16. decembra 2010 o\u00a016,00h v\u00a0Krajskej kni\u017enici v\u00a0\u017diline je \u017dilinsk\u00fd samospr\u00e1vny kraj, Vydavate\u013estvo Matice slovcenskej v\u00a0Martine, Pova\u017esk\u00e9 m\u00fazeum v\u00a0\u017diline, Kysuck\u00e9 m\u00fazeum v\u00a0\u010cadci a\u00a0Krajsk\u00e1 kni\u017enica v\u00a0\u017diline. Publik\u00e1cia bola vydan\u00e1 s\u00a0finan\u010dnou podporou Ministerstva kult\u00fary Slovenskej republiky.<\/p>\n","protected":false},"excerpt":{"rendered":"<p>Publik\u00e1cia Drot\u00e1rstvo. Ve\u013ek\u00e1 kniha o slovenskom drot\u00e1rstve m\u00e1 za sebou sl\u00e1vnostn\u00e9 uvedenie do \u017eivota. A\u00a0to nie hocijak\u00e9. V\u00a0Pova\u017eskej gal\u00e9rii umenia v\u00a0\u017diline ju star\u00fdm zvykom, ktor\u00fd je\u00a0 charakteristick\u00fd pri naroden\u00ed chlapca v\u00a0drot\u00e1rskej rodine, koncom novembra 2010 symbolicky vyslali do \u010ditate\u013esk\u00e9ho sveta prezident Slovenskej republiky Ivan Ga\u0161parovi\u010d\u00a0 a\u00a0predseda \u017dilinsk\u00e9ho samospr\u00e1vneho kraja Juraj Blan\u00e1r. Spolo\u010dn\u00e9mu dielu Vydavate\u013estva Matice [&hellip;]<\/p>\n","protected":false},"author":2,"featured_media":0,"comment_status":"closed","ping_status":"closed","sticky":false,"template":"","format":"standard","meta":{"site-sidebar-layout":"default","site-content-layout":"","ast-site-content-layout":"","site-content-style":"default","site-sidebar-style":"default","ast-global-header-display":"","ast-banner-title-visibility":"","ast-main-header-display":"","ast-hfb-above-header-display":"","ast-hfb-below-header-display":"","ast-hfb-mobile-header-display":"","site-post-title":"","ast-breadcrumbs-content":"","ast-featured-img":"","footer-sml-layout":"","theme-transparent-header-meta":"","adv-header-id-meta":"","stick-header-meta":"","header-above-stick-meta":"","header-main-stick-meta":"","header-below-stick-meta":"","astra-migrate-meta-layouts":"default","ast-page-background-enabled":"default","ast-page-background-meta":{"desktop":{"background-color":"var(--ast-global-color-4)","background-image":"","background-repeat":"repeat","background-position":"center center","background-size":"auto","background-attachment":"scroll","background-type":"","background-media":"","overlay-type":"","overlay-color":"","overlay-opacity":"","overlay-gradient":""},"tablet":{"background-color":"","background-image":"","background-repeat":"repeat","background-position":"center center","background-size":"auto","background-attachment":"scroll","background-type":"","background-media":"","overlay-type":"","overlay-color":"","overlay-opacity":"","overlay-gradient":""},"mobile":{"background-color":"","background-image":"","background-repeat":"repeat","background-position":"center center","background-size":"auto","background-attachment":"scroll","background-type":"","background-media":"","overlay-type":"","overlay-color":"","overlay-opacity":"","overlay-gradient":""}},"ast-content-background-meta":{"desktop":{"background-color":"var(--ast-global-color-5)","background-image":"","background-repeat":"repeat","background-position":"center center","background-size":"auto","background-attachment":"scroll","background-type":"","background-media":"","overlay-type":"","overlay-color":"","overlay-opacity":"","overlay-gradient":""},"tablet":{"background-color":"var(--ast-global-color-5)","background-image":"","background-repeat":"repeat","background-position":"center center","background-size":"auto","background-attachment":"scroll","background-type":"","background-media":"","overlay-type":"","overlay-color":"","overlay-opacity":"","overlay-gradient":""},"mobile":{"background-color":"var(--ast-global-color-5)","background-image":"","background-repeat":"repeat","background-position":"center center","background-size":"auto","background-attachment":"scroll","background-type":"","background-media":"","overlay-type":"","overlay-color":"","overlay-opacity":"","overlay-gradient":""}},"footnotes":""},"categories":[29],"tags":[],"class_list":["post-1512","post","type-post","status-publish","format-standard","hentry","category-archiv-2010"],"yoast_head":"<!-- This site is optimized with the Yoast SEO plugin v27.4 - https:\/\/yoast.com\/product\/yoast-seo-wordpress\/ -->\n<title>Ako sa rodila kniha o slovenskom drot\u00e1rstve - Pova\u017esk\u00e9 m\u00fazeum<\/title>\n<meta name=\"robots\" content=\"index, follow, max-snippet:-1, max-image-preview:large, max-video-preview:-1\" \/>\n<link rel=\"canonical\" href=\"https:\/\/pmza.sk\/?p=1512\" \/>\n<meta property=\"og:locale\" content=\"sk_SK\" \/>\n<meta property=\"og:type\" content=\"article\" \/>\n<meta property=\"og:title\" content=\"Ako sa rodila kniha o slovenskom drot\u00e1rstve - Pova\u017esk\u00e9 m\u00fazeum\" \/>\n<meta property=\"og:description\" content=\"Publik\u00e1cia Drot\u00e1rstvo. Ve\u013ek\u00e1 kniha o slovenskom drot\u00e1rstve m\u00e1 za sebou sl\u00e1vnostn\u00e9 uvedenie do \u017eivota. A\u00a0to nie hocijak\u00e9. V\u00a0Pova\u017eskej gal\u00e9rii umenia v\u00a0\u017diline ju star\u00fdm zvykom, ktor\u00fd je\u00a0 charakteristick\u00fd pri naroden\u00ed chlapca v\u00a0drot\u00e1rskej rodine, koncom novembra 2010 symbolicky vyslali do \u010ditate\u013esk\u00e9ho sveta prezident Slovenskej republiky Ivan Ga\u0161parovi\u010d\u00a0 a\u00a0predseda \u017dilinsk\u00e9ho samospr\u00e1vneho kraja Juraj Blan\u00e1r. Spolo\u010dn\u00e9mu dielu Vydavate\u013estva Matice [&hellip;]\" \/>\n<meta property=\"og:url\" content=\"https:\/\/pmza.sk\/?p=1512\" \/>\n<meta property=\"og:site_name\" content=\"Pova\u017esk\u00e9 m\u00fazeum\" \/>\n<meta property=\"article:publisher\" content=\"https:\/\/www.facebook.com\/povazskemuzeum\" \/>\n<meta property=\"article:published_time\" content=\"2010-12-09T07:15:47+00:00\" \/>\n<meta property=\"og:image\" content=\"https:\/\/pmza.sk.sk\/wp-content\/uploads\/2010\/12\/publikacia-Drotarstvo-200x300.jpg\" \/>\n<meta name=\"author\" content=\"Pova\u017esk\u00e9 m\u00fazeum\" \/>\n<meta name=\"twitter:card\" content=\"summary_large_image\" \/>\n<meta name=\"twitter:label1\" content=\"Autor\" \/>\n\t<meta name=\"twitter:data1\" content=\"Pova\u017esk\u00e9 m\u00fazeum\" \/>\n\t<meta name=\"twitter:label2\" content=\"Predpokladan\u00fd \u010das \u010d\u00edtania\" \/>\n\t<meta name=\"twitter:data2\" content=\"2 min\u00faty\" \/>\n<script type=\"application\/ld+json\" class=\"yoast-schema-graph\">{\"@context\":\"https:\\\/\\\/schema.org\",\"@graph\":[{\"@type\":\"Article\",\"@id\":\"https:\\\/\\\/pmza.sk\\\/?p=1512#article\",\"isPartOf\":{\"@id\":\"https:\\\/\\\/pmza.sk\\\/?p=1512\"},\"author\":{\"name\":\"Pova\u017esk\u00e9 m\u00fazeum\",\"@id\":\"https:\\\/\\\/pmza.sk\\\/#\\\/schema\\\/person\\\/595e6a2ce731ea94dcd5d7f50a41ae33\"},\"headline\":\"Ako sa rodila kniha o slovenskom drot\u00e1rstve\",\"datePublished\":\"2010-12-09T07:15:47+00:00\",\"mainEntityOfPage\":{\"@id\":\"https:\\\/\\\/pmza.sk\\\/?p=1512\"},\"wordCount\":460,\"publisher\":{\"@id\":\"https:\\\/\\\/pmza.sk\\\/#organization\"},\"image\":{\"@id\":\"https:\\\/\\\/pmza.sk\\\/?p=1512#primaryimage\"},\"thumbnailUrl\":\"http:\\\/\\\/pmza.sk.sk\\\/wp-content\\\/uploads\\\/2010\\\/12\\\/publikacia-Drotarstvo-200x300.jpg\",\"articleSection\":[\"Arch\u00edv 2010\"],\"inLanguage\":\"sk-SK\"},{\"@type\":\"WebPage\",\"@id\":\"https:\\\/\\\/pmza.sk\\\/?p=1512\",\"url\":\"https:\\\/\\\/pmza.sk\\\/?p=1512\",\"name\":\"Ako sa rodila kniha o slovenskom drot\u00e1rstve - Pova\u017esk\u00e9 m\u00fazeum\",\"isPartOf\":{\"@id\":\"https:\\\/\\\/pmza.sk\\\/#website\"},\"primaryImageOfPage\":{\"@id\":\"https:\\\/\\\/pmza.sk\\\/?p=1512#primaryimage\"},\"image\":{\"@id\":\"https:\\\/\\\/pmza.sk\\\/?p=1512#primaryimage\"},\"thumbnailUrl\":\"http:\\\/\\\/pmza.sk.sk\\\/wp-content\\\/uploads\\\/2010\\\/12\\\/publikacia-Drotarstvo-200x300.jpg\",\"datePublished\":\"2010-12-09T07:15:47+00:00\",\"breadcrumb\":{\"@id\":\"https:\\\/\\\/pmza.sk\\\/?p=1512#breadcrumb\"},\"inLanguage\":\"sk-SK\",\"potentialAction\":[{\"@type\":\"ReadAction\",\"target\":[\"https:\\\/\\\/pmza.sk\\\/?p=1512\"]}]},{\"@type\":\"ImageObject\",\"inLanguage\":\"sk-SK\",\"@id\":\"https:\\\/\\\/pmza.sk\\\/?p=1512#primaryimage\",\"url\":\"http:\\\/\\\/pmza.sk.sk\\\/wp-content\\\/uploads\\\/2010\\\/12\\\/publikacia-Drotarstvo-200x300.jpg\",\"contentUrl\":\"http:\\\/\\\/pmza.sk.sk\\\/wp-content\\\/uploads\\\/2010\\\/12\\\/publikacia-Drotarstvo-200x300.jpg\"},{\"@type\":\"BreadcrumbList\",\"@id\":\"https:\\\/\\\/pmza.sk\\\/?p=1512#breadcrumb\",\"itemListElement\":[{\"@type\":\"ListItem\",\"position\":1,\"name\":\"Domovsk\u00e1 str\u00e1nka\",\"item\":\"https:\\\/\\\/pmza.sk\\\/\"},{\"@type\":\"ListItem\",\"position\":2,\"name\":\"Ako sa rodila kniha o slovenskom drot\u00e1rstve\"}]},{\"@type\":\"WebSite\",\"@id\":\"https:\\\/\\\/pmza.sk\\\/#website\",\"url\":\"https:\\\/\\\/pmza.sk\\\/\",\"name\":\"Pova\u017esk\u00e9 m\u00fazeum\",\"description\":\"Pova\u017esk\u00e9 m\u00fazeum v \u017diline je region\u00e1lne m\u00fazeum so s\u00eddlom v Budat\u00edne. Jeho expoz\u00edcie s\u00fa zameran\u00e9 na dejiny slovensk\u00e9ho umenia, kult\u00fary a dopravy.\",\"publisher\":{\"@id\":\"https:\\\/\\\/pmza.sk\\\/#organization\"},\"potentialAction\":[{\"@type\":\"SearchAction\",\"target\":{\"@type\":\"EntryPoint\",\"urlTemplate\":\"https:\\\/\\\/pmza.sk\\\/?s={search_term_string}\"},\"query-input\":{\"@type\":\"PropertyValueSpecification\",\"valueRequired\":true,\"valueName\":\"search_term_string\"}}],\"inLanguage\":\"sk-SK\"},{\"@type\":\"Organization\",\"@id\":\"https:\\\/\\\/pmza.sk\\\/#organization\",\"name\":\"Pova\u017esk\u00e9 m\u00fazeum\",\"url\":\"https:\\\/\\\/pmza.sk\\\/\",\"logo\":{\"@type\":\"ImageObject\",\"inLanguage\":\"sk-SK\",\"@id\":\"https:\\\/\\\/pmza.sk\\\/#\\\/schema\\\/logo\\\/image\\\/\",\"url\":\"https:\\\/\\\/pmza.sk\\\/wp-content\\\/uploads\\\/2022\\\/01\\\/logo_PM_horizontal.jpg\",\"contentUrl\":\"https:\\\/\\\/pmza.sk\\\/wp-content\\\/uploads\\\/2022\\\/01\\\/logo_PM_horizontal.jpg\",\"width\":231,\"height\":142,\"caption\":\"Pova\u017esk\u00e9 m\u00fazeum\"},\"image\":{\"@id\":\"https:\\\/\\\/pmza.sk\\\/#\\\/schema\\\/logo\\\/image\\\/\"},\"sameAs\":[\"https:\\\/\\\/www.facebook.com\\\/povazskemuzeum\",\"https:\\\/\\\/www.instagram.com\\\/povazskemuzeum\\\/\"]},{\"@type\":\"Person\",\"@id\":\"https:\\\/\\\/pmza.sk\\\/#\\\/schema\\\/person\\\/595e6a2ce731ea94dcd5d7f50a41ae33\",\"name\":\"Pova\u017esk\u00e9 m\u00fazeum\",\"image\":{\"@type\":\"ImageObject\",\"inLanguage\":\"sk-SK\",\"@id\":\"https:\\\/\\\/secure.gravatar.com\\\/avatar\\\/2bb7f1561282132fb5826dfeccc66c7996d11ee392ac6aaf7ced8a1c2027fbb2?s=96&d=mm&r=g\",\"url\":\"https:\\\/\\\/secure.gravatar.com\\\/avatar\\\/2bb7f1561282132fb5826dfeccc66c7996d11ee392ac6aaf7ced8a1c2027fbb2?s=96&d=mm&r=g\",\"contentUrl\":\"https:\\\/\\\/secure.gravatar.com\\\/avatar\\\/2bb7f1561282132fb5826dfeccc66c7996d11ee392ac6aaf7ced8a1c2027fbb2?s=96&d=mm&r=g\",\"caption\":\"Pova\u017esk\u00e9 m\u00fazeum\"}}]}<\/script>\n<!-- \/ Yoast SEO plugin. -->","yoast_head_json":{"title":"Ako sa rodila kniha o slovenskom drot\u00e1rstve - Pova\u017esk\u00e9 m\u00fazeum","robots":{"index":"index","follow":"follow","max-snippet":"max-snippet:-1","max-image-preview":"max-image-preview:large","max-video-preview":"max-video-preview:-1"},"canonical":"https:\/\/pmza.sk\/?p=1512","og_locale":"sk_SK","og_type":"article","og_title":"Ako sa rodila kniha o slovenskom drot\u00e1rstve - Pova\u017esk\u00e9 m\u00fazeum","og_description":"Publik\u00e1cia Drot\u00e1rstvo. Ve\u013ek\u00e1 kniha o slovenskom drot\u00e1rstve m\u00e1 za sebou sl\u00e1vnostn\u00e9 uvedenie do \u017eivota. A\u00a0to nie hocijak\u00e9. V\u00a0Pova\u017eskej gal\u00e9rii umenia v\u00a0\u017diline ju star\u00fdm zvykom, ktor\u00fd je\u00a0 charakteristick\u00fd pri naroden\u00ed chlapca v\u00a0drot\u00e1rskej rodine, koncom novembra 2010 symbolicky vyslali do \u010ditate\u013esk\u00e9ho sveta prezident Slovenskej republiky Ivan Ga\u0161parovi\u010d\u00a0 a\u00a0predseda \u017dilinsk\u00e9ho samospr\u00e1vneho kraja Juraj Blan\u00e1r. Spolo\u010dn\u00e9mu dielu Vydavate\u013estva Matice [&hellip;]","og_url":"https:\/\/pmza.sk\/?p=1512","og_site_name":"Pova\u017esk\u00e9 m\u00fazeum","article_publisher":"https:\/\/www.facebook.com\/povazskemuzeum","article_published_time":"2010-12-09T07:15:47+00:00","og_image":[{"url":"https:\/\/pmza.sk.sk\/wp-content\/uploads\/2010\/12\/publikacia-Drotarstvo-200x300.jpg","type":"","width":"","height":""}],"author":"Pova\u017esk\u00e9 m\u00fazeum","twitter_card":"summary_large_image","twitter_misc":{"Autor":"Pova\u017esk\u00e9 m\u00fazeum","Predpokladan\u00fd \u010das \u010d\u00edtania":"2 min\u00faty"},"schema":{"@context":"https:\/\/schema.org","@graph":[{"@type":"Article","@id":"https:\/\/pmza.sk\/?p=1512#article","isPartOf":{"@id":"https:\/\/pmza.sk\/?p=1512"},"author":{"name":"Pova\u017esk\u00e9 m\u00fazeum","@id":"https:\/\/pmza.sk\/#\/schema\/person\/595e6a2ce731ea94dcd5d7f50a41ae33"},"headline":"Ako sa rodila kniha o slovenskom drot\u00e1rstve","datePublished":"2010-12-09T07:15:47+00:00","mainEntityOfPage":{"@id":"https:\/\/pmza.sk\/?p=1512"},"wordCount":460,"publisher":{"@id":"https:\/\/pmza.sk\/#organization"},"image":{"@id":"https:\/\/pmza.sk\/?p=1512#primaryimage"},"thumbnailUrl":"https:\/\/pmza.sk.sk\/wp-content\/uploads\/2010\/12\/publikacia-Drotarstvo-200x300.jpg","articleSection":["Arch\u00edv 2010"],"inLanguage":"sk-SK"},{"@type":"WebPage","@id":"https:\/\/pmza.sk\/?p=1512","url":"https:\/\/pmza.sk\/?p=1512","name":"Ako sa rodila kniha o slovenskom drot\u00e1rstve - Pova\u017esk\u00e9 m\u00fazeum","isPartOf":{"@id":"https:\/\/pmza.sk\/#website"},"primaryImageOfPage":{"@id":"https:\/\/pmza.sk\/?p=1512#primaryimage"},"image":{"@id":"https:\/\/pmza.sk\/?p=1512#primaryimage"},"thumbnailUrl":"https:\/\/pmza.sk.sk\/wp-content\/uploads\/2010\/12\/publikacia-Drotarstvo-200x300.jpg","datePublished":"2010-12-09T07:15:47+00:00","breadcrumb":{"@id":"https:\/\/pmza.sk\/?p=1512#breadcrumb"},"inLanguage":"sk-SK","potentialAction":[{"@type":"ReadAction","target":["https:\/\/pmza.sk\/?p=1512"]}]},{"@type":"ImageObject","inLanguage":"sk-SK","@id":"https:\/\/pmza.sk\/?p=1512#primaryimage","url":"https:\/\/pmza.sk.sk\/wp-content\/uploads\/2010\/12\/publikacia-Drotarstvo-200x300.jpg","contentUrl":"https:\/\/pmza.sk.sk\/wp-content\/uploads\/2010\/12\/publikacia-Drotarstvo-200x300.jpg"},{"@type":"BreadcrumbList","@id":"https:\/\/pmza.sk\/?p=1512#breadcrumb","itemListElement":[{"@type":"ListItem","position":1,"name":"Domovsk\u00e1 str\u00e1nka","item":"https:\/\/pmza.sk\/"},{"@type":"ListItem","position":2,"name":"Ako sa rodila kniha o slovenskom drot\u00e1rstve"}]},{"@type":"WebSite","@id":"https:\/\/pmza.sk\/#website","url":"https:\/\/pmza.sk\/","name":"Pova\u017esk\u00e9 m\u00fazeum","description":"Pova\u017esk\u00e9 m\u00fazeum v \u017diline je region\u00e1lne m\u00fazeum so s\u00eddlom v Budat\u00edne. Jeho expoz\u00edcie s\u00fa zameran\u00e9 na dejiny slovensk\u00e9ho umenia, kult\u00fary a dopravy.","publisher":{"@id":"https:\/\/pmza.sk\/#organization"},"potentialAction":[{"@type":"SearchAction","target":{"@type":"EntryPoint","urlTemplate":"https:\/\/pmza.sk\/?s={search_term_string}"},"query-input":{"@type":"PropertyValueSpecification","valueRequired":true,"valueName":"search_term_string"}}],"inLanguage":"sk-SK"},{"@type":"Organization","@id":"https:\/\/pmza.sk\/#organization","name":"Pova\u017esk\u00e9 m\u00fazeum","url":"https:\/\/pmza.sk\/","logo":{"@type":"ImageObject","inLanguage":"sk-SK","@id":"https:\/\/pmza.sk\/#\/schema\/logo\/image\/","url":"https:\/\/pmza.sk\/wp-content\/uploads\/2022\/01\/logo_PM_horizontal.jpg","contentUrl":"https:\/\/pmza.sk\/wp-content\/uploads\/2022\/01\/logo_PM_horizontal.jpg","width":231,"height":142,"caption":"Pova\u017esk\u00e9 m\u00fazeum"},"image":{"@id":"https:\/\/pmza.sk\/#\/schema\/logo\/image\/"},"sameAs":["https:\/\/www.facebook.com\/povazskemuzeum","https:\/\/www.instagram.com\/povazskemuzeum\/"]},{"@type":"Person","@id":"https:\/\/pmza.sk\/#\/schema\/person\/595e6a2ce731ea94dcd5d7f50a41ae33","name":"Pova\u017esk\u00e9 m\u00fazeum","image":{"@type":"ImageObject","inLanguage":"sk-SK","@id":"https:\/\/secure.gravatar.com\/avatar\/2bb7f1561282132fb5826dfeccc66c7996d11ee392ac6aaf7ced8a1c2027fbb2?s=96&d=mm&r=g","url":"https:\/\/secure.gravatar.com\/avatar\/2bb7f1561282132fb5826dfeccc66c7996d11ee392ac6aaf7ced8a1c2027fbb2?s=96&d=mm&r=g","contentUrl":"https:\/\/secure.gravatar.com\/avatar\/2bb7f1561282132fb5826dfeccc66c7996d11ee392ac6aaf7ced8a1c2027fbb2?s=96&d=mm&r=g","caption":"Pova\u017esk\u00e9 m\u00fazeum"}}]}},"_links":{"self":[{"href":"https:\/\/pmza.sk\/index.php?rest_route=\/wp\/v2\/posts\/1512","targetHints":{"allow":["GET"]}}],"collection":[{"href":"https:\/\/pmza.sk\/index.php?rest_route=\/wp\/v2\/posts"}],"about":[{"href":"https:\/\/pmza.sk\/index.php?rest_route=\/wp\/v2\/types\/post"}],"author":[{"embeddable":true,"href":"https:\/\/pmza.sk\/index.php?rest_route=\/wp\/v2\/users\/2"}],"replies":[{"embeddable":true,"href":"https:\/\/pmza.sk\/index.php?rest_route=%2Fwp%2Fv2%2Fcomments&post=1512"}],"version-history":[{"count":0,"href":"https:\/\/pmza.sk\/index.php?rest_route=\/wp\/v2\/posts\/1512\/revisions"}],"wp:attachment":[{"href":"https:\/\/pmza.sk\/index.php?rest_route=%2Fwp%2Fv2%2Fmedia&parent=1512"}],"wp:term":[{"taxonomy":"category","embeddable":true,"href":"https:\/\/pmza.sk\/index.php?rest_route=%2Fwp%2Fv2%2Fcategories&post=1512"},{"taxonomy":"post_tag","embeddable":true,"href":"https:\/\/pmza.sk\/index.php?rest_route=%2Fwp%2Fv2%2Ftags&post=1512"}],"curies":[{"name":"wp","href":"https:\/\/api.w.org\/{rel}","templated":true}]}}