{"id":1516,"date":"2010-12-09T09:29:38","date_gmt":"2010-12-09T08:29:38","guid":{"rendered":"https:\/\/pmza.sk.sk\/?p=1516"},"modified":"2010-12-09T09:29:38","modified_gmt":"2010-12-09T08:29:38","slug":"hladanie-strateneho-casu-s-pavlom-dvorakom","status":"publish","type":"post","link":"https:\/\/pmza.sk\/?p=1516","title":{"rendered":"H\u013eadanie straten\u00e9ho \u010dasu s Pavlom Dvo\u0159\u00e1kom"},"content":{"rendered":"<p>Stretnutie s\u00a0v\u00fdznamn\u00fdm slovensk\u00fdm historikom, publicistom a\u00a0scen\u00e1ristom Pavlom Dvo\u0159\u00e1kom \u00a0&#8211; podujatie <strong>TurzoTour s\u00a0Pavlom Dvo\u0159\u00e1kom v\u00a0stredu 15. decembra 2010 o\u00a011,00h v Sob\u00e1\u0161nom pal\u00e1ci v\u00a0Byt\u010di<\/strong> bude\u00a0 posledn\u00fdm tohoro\u010dn\u00fdm podujat\u00edm konaj\u00facim sa v\u00a0zrenovovanom pal\u00e1ci, a\u00a0z\u00e1rove\u0148 prvou aktivitou spolo\u010dn\u00e9ho projektu \u017dilinsk\u00e9ho samospr\u00e1vneho kraja a\u00a0troch m\u00faze\u00ed v\u00a0jeho zria\u010fovate\u013eskej p\u00f4sobnosti (Pova\u017esk\u00e9ho m\u00fazea v\u00a0\u017diline, Kysuck\u00e9ho m\u00fazea v\u00a0\u010cadci a Oravsk\u00e9ho m\u00fazea POH v\u00a0Dolnom Kub\u00edne), ktor\u00fd m\u00e1 pracovn\u00fd n\u00e1zov <strong>Po stop\u00e1ch Juraja Turzu.<\/strong> Projekt, ako napoved\u00e1 jeho titul, je venovan\u00fd osobnosti uhorsk\u00e9ho palat\u00edna Juraja Turzu, v\u00fdznamn\u00e9ho \u0161\u00edrite\u013ea renesancie a\u00a0vzdelanosti nielen v\u00a0na\u0161om regi\u00f3ne.<!--more--><\/p>\n<p>Pr\u00e1ve v\u00a0byt\u010dianskom Sob\u00e1\u0161nom pal\u00e1ci bude prv\u00fdkr\u00e1t predstaven\u00fd verejnosti nov\u00fd dokument\u00e1rny film Pavla <strong>Dvo\u0159\u00e1ka\u00a0 \u017divot a\u00a0smr\u0165 palat\u00edna \u2013 Juraj Turzo a\u00a0Al\u017ebeta Coborov\u00e1<\/strong> zo seri\u00e1lov\u00e9ho cyklu H\u013eadanie straten\u00e9ho \u010dasu. \u201e<em>Film sleduje a\u00a0podrobne zachyt\u00e1va vplyv Juraja Turzu na slovensk\u00e9 dejiny\u00a0a\u00a0jeho \u017eivotn\u00e9 m\u00ed\u013eniky &#8211;\u00a0 od kol\u00edsky a\u017e po hrob. Sna\u017e\u00ed sa vyzdvihn\u00fa\u0165 \u00a0eur\u00f3psky a kult\u00farny rozmer palat\u00edna s\u00a0presahom na jeho osobn\u00fd \u017eivot,\u00a0 najm\u00e4 na romantick\u00fa l\u00e1sku medzi n\u00edm a\u00a0Al\u017ebetou Coborovou<\/em>, \u201c uviedol autor filmu Pavel Dvo\u0159\u00e1k. Stretn\u00fa\u0165 a\u00a0debatova\u0165 s\u00a0majstrom Dvo\u0159\u00e1kom bud\u00fa ma\u0165 pr\u00edle\u017eitos\u0165 nielen n\u00e1v\u0161tevn\u00edci Turzovho Sob\u00e1\u0161neho pal\u00e1ca v Byt\u010di, ale aj \u017eilin\u010dania. V\u00a0<strong>stredu 15. decembra 2010 o\u00a016,00h<\/strong> Pavel Dvo\u0159\u00e1k prijal pozvanie do Pova\u017eskej gal\u00e9rie umenia v\u00a0\u017diline, kde bude debata pokra\u010dova\u0165 nielen o\u00a0Jurajovi Turzovi, ale aj o\u00a0autorovej bohatej liter\u00e1rnej tvorbe. Ako prezradil Pavel Dvo\u0159\u00e1k,\u00a0 milovn\u00edkom hist\u00f3rie predstav\u00ed svoj dlhoro\u010dn\u00fd projekt venovan\u00fd dejin\u00e1m Slovenska &#8211; Stopy d\u00e1vnej minulosti,\u00a0 z\u00a0ktor\u00e9ho doteraz bolo vydan\u00fdch p\u00e4\u0165 zv\u00e4zkov. Rozpr\u00e1va\u0165 sa bude aj o\u00a0\u010fal\u0161\u00edch \u010dastiach desa\u0165zv\u00e4zkov\u00e9ho Pr\u00edbehu Slovenska, v\u00a0ktor\u00fdch autor populariza\u010dnou formou na\u010falej pl\u00e1nuje prezentova\u0165 historick\u00e9 dianie na konkr\u00e9tnych \u013eudsk\u00fdch osudoch a dramatick\u00fdch udalostiach.<\/p>\n<p><strong>TurzoTour s\u00a0Pavlom Dvo\u0159\u00e1kom<\/strong> v\u00a0Byt\u010di aj v\u00a0\u017diline 15.decembra 2010 symbolicky otv\u00e1ra ve\u013ek\u00fd projekt venovan\u00fd Jurajovi Turzovi, ktor\u00fd svojimi \u010fal\u0161\u00edmi eduka\u010dn\u00fdmi, odborn\u00fdmi, ale aj prezenta\u010dn\u00fdmi aktivitami m\u00e1 za cie\u013e\u00a0 nielen zvidite\u013eni\u0165 n\u00e1\u0161 regi\u00f3n z\u00a0h\u013eadiska hist\u00f3rie ale predov\u0161etk\u00fdm transformova\u0165 nad\u010dasov\u00e9 my\u0161lienky osvietenstva palat\u00edna Turzu do s\u00fa\u010dasnosti.<\/p>\n","protected":false},"excerpt":{"rendered":"<p>Stretnutie s\u00a0v\u00fdznamn\u00fdm slovensk\u00fdm historikom, publicistom a\u00a0scen\u00e1ristom Pavlom Dvo\u0159\u00e1kom \u00a0&#8211; podujatie TurzoTour s\u00a0Pavlom Dvo\u0159\u00e1kom v\u00a0stredu 15. decembra 2010 o\u00a011,00h v Sob\u00e1\u0161nom pal\u00e1ci v\u00a0Byt\u010di bude\u00a0 posledn\u00fdm tohoro\u010dn\u00fdm podujat\u00edm konaj\u00facim sa v\u00a0zrenovovanom pal\u00e1ci, a\u00a0z\u00e1rove\u0148 prvou aktivitou spolo\u010dn\u00e9ho projektu \u017dilinsk\u00e9ho samospr\u00e1vneho kraja a\u00a0troch m\u00faze\u00ed v\u00a0jeho zria\u010fovate\u013eskej p\u00f4sobnosti (Pova\u017esk\u00e9ho m\u00fazea v\u00a0\u017diline, Kysuck\u00e9ho m\u00fazea v\u00a0\u010cadci a Oravsk\u00e9ho m\u00fazea POH v\u00a0Dolnom Kub\u00edne), [&hellip;]<\/p>\n","protected":false},"author":2,"featured_media":0,"comment_status":"closed","ping_status":"closed","sticky":false,"template":"","format":"standard","meta":{"site-sidebar-layout":"default","site-content-layout":"","ast-site-content-layout":"","site-content-style":"default","site-sidebar-style":"default","ast-global-header-display":"","ast-banner-title-visibility":"","ast-main-header-display":"","ast-hfb-above-header-display":"","ast-hfb-below-header-display":"","ast-hfb-mobile-header-display":"","site-post-title":"","ast-breadcrumbs-content":"","ast-featured-img":"","footer-sml-layout":"","theme-transparent-header-meta":"","adv-header-id-meta":"","stick-header-meta":"","header-above-stick-meta":"","header-main-stick-meta":"","header-below-stick-meta":"","astra-migrate-meta-layouts":"default","ast-page-background-enabled":"default","ast-page-background-meta":{"desktop":{"background-color":"var(--ast-global-color-4)","background-image":"","background-repeat":"repeat","background-position":"center center","background-size":"auto","background-attachment":"scroll","background-type":"","background-media":"","overlay-type":"","overlay-color":"","overlay-opacity":"","overlay-gradient":""},"tablet":{"background-color":"","background-image":"","background-repeat":"repeat","background-position":"center center","background-size":"auto","background-attachment":"scroll","background-type":"","background-media":"","overlay-type":"","overlay-color":"","overlay-opacity":"","overlay-gradient":""},"mobile":{"background-color":"","background-image":"","background-repeat":"repeat","background-position":"center center","background-size":"auto","background-attachment":"scroll","background-type":"","background-media":"","overlay-type":"","overlay-color":"","overlay-opacity":"","overlay-gradient":""}},"ast-content-background-meta":{"desktop":{"background-color":"var(--ast-global-color-5)","background-image":"","background-repeat":"repeat","background-position":"center center","background-size":"auto","background-attachment":"scroll","background-type":"","background-media":"","overlay-type":"","overlay-color":"","overlay-opacity":"","overlay-gradient":""},"tablet":{"background-color":"var(--ast-global-color-5)","background-image":"","background-repeat":"repeat","background-position":"center center","background-size":"auto","background-attachment":"scroll","background-type":"","background-media":"","overlay-type":"","overlay-color":"","overlay-opacity":"","overlay-gradient":""},"mobile":{"background-color":"var(--ast-global-color-5)","background-image":"","background-repeat":"repeat","background-position":"center center","background-size":"auto","background-attachment":"scroll","background-type":"","background-media":"","overlay-type":"","overlay-color":"","overlay-opacity":"","overlay-gradient":""}},"footnotes":""},"categories":[29],"tags":[],"class_list":["post-1516","post","type-post","status-publish","format-standard","hentry","category-archiv-2010"],"yoast_head":"<!-- This site is optimized with the Yoast SEO plugin v27.4 - https:\/\/yoast.com\/product\/yoast-seo-wordpress\/ -->\n<title>H\u013eadanie straten\u00e9ho \u010dasu s Pavlom Dvo\u0159\u00e1kom - Pova\u017esk\u00e9 m\u00fazeum<\/title>\n<meta name=\"robots\" content=\"index, follow, max-snippet:-1, max-image-preview:large, max-video-preview:-1\" \/>\n<link rel=\"canonical\" href=\"https:\/\/pmza.sk\/?p=1516\" \/>\n<meta property=\"og:locale\" content=\"sk_SK\" \/>\n<meta property=\"og:type\" content=\"article\" \/>\n<meta property=\"og:title\" content=\"H\u013eadanie straten\u00e9ho \u010dasu s Pavlom Dvo\u0159\u00e1kom - Pova\u017esk\u00e9 m\u00fazeum\" \/>\n<meta property=\"og:description\" content=\"Stretnutie s\u00a0v\u00fdznamn\u00fdm slovensk\u00fdm historikom, publicistom a\u00a0scen\u00e1ristom Pavlom Dvo\u0159\u00e1kom \u00a0&#8211; podujatie TurzoTour s\u00a0Pavlom Dvo\u0159\u00e1kom v\u00a0stredu 15. decembra 2010 o\u00a011,00h v Sob\u00e1\u0161nom pal\u00e1ci v\u00a0Byt\u010di bude\u00a0 posledn\u00fdm tohoro\u010dn\u00fdm podujat\u00edm konaj\u00facim sa v\u00a0zrenovovanom pal\u00e1ci, a\u00a0z\u00e1rove\u0148 prvou aktivitou spolo\u010dn\u00e9ho projektu \u017dilinsk\u00e9ho samospr\u00e1vneho kraja a\u00a0troch m\u00faze\u00ed v\u00a0jeho zria\u010fovate\u013eskej p\u00f4sobnosti (Pova\u017esk\u00e9ho m\u00fazea v\u00a0\u017diline, Kysuck\u00e9ho m\u00fazea v\u00a0\u010cadci a Oravsk\u00e9ho m\u00fazea POH v\u00a0Dolnom Kub\u00edne), [&hellip;]\" \/>\n<meta property=\"og:url\" content=\"https:\/\/pmza.sk\/?p=1516\" \/>\n<meta property=\"og:site_name\" content=\"Pova\u017esk\u00e9 m\u00fazeum\" \/>\n<meta property=\"article:publisher\" content=\"https:\/\/www.facebook.com\/povazskemuzeum\" \/>\n<meta property=\"article:published_time\" content=\"2010-12-09T08:29:38+00:00\" \/>\n<meta name=\"author\" content=\"Pova\u017esk\u00e9 m\u00fazeum\" \/>\n<meta name=\"twitter:card\" content=\"summary_large_image\" \/>\n<meta name=\"twitter:label1\" content=\"Autor\" \/>\n\t<meta name=\"twitter:data1\" content=\"Pova\u017esk\u00e9 m\u00fazeum\" \/>\n\t<meta name=\"twitter:label2\" content=\"Predpokladan\u00fd \u010das \u010d\u00edtania\" \/>\n\t<meta name=\"twitter:data2\" content=\"2 min\u00faty\" \/>\n<script type=\"application\/ld+json\" class=\"yoast-schema-graph\">{\"@context\":\"https:\\\/\\\/schema.org\",\"@graph\":[{\"@type\":\"Article\",\"@id\":\"https:\\\/\\\/pmza.sk\\\/?p=1516#article\",\"isPartOf\":{\"@id\":\"https:\\\/\\\/pmza.sk\\\/?p=1516\"},\"author\":{\"name\":\"Pova\u017esk\u00e9 m\u00fazeum\",\"@id\":\"https:\\\/\\\/pmza.sk\\\/#\\\/schema\\\/person\\\/595e6a2ce731ea94dcd5d7f50a41ae33\"},\"headline\":\"H\u013eadanie straten\u00e9ho \u010dasu s Pavlom Dvo\u0159\u00e1kom\",\"datePublished\":\"2010-12-09T08:29:38+00:00\",\"mainEntityOfPage\":{\"@id\":\"https:\\\/\\\/pmza.sk\\\/?p=1516\"},\"wordCount\":450,\"publisher\":{\"@id\":\"https:\\\/\\\/pmza.sk\\\/#organization\"},\"articleSection\":[\"Arch\u00edv 2010\"],\"inLanguage\":\"sk-SK\"},{\"@type\":\"WebPage\",\"@id\":\"https:\\\/\\\/pmza.sk\\\/?p=1516\",\"url\":\"https:\\\/\\\/pmza.sk\\\/?p=1516\",\"name\":\"H\u013eadanie straten\u00e9ho \u010dasu s Pavlom Dvo\u0159\u00e1kom - Pova\u017esk\u00e9 m\u00fazeum\",\"isPartOf\":{\"@id\":\"https:\\\/\\\/pmza.sk\\\/#website\"},\"datePublished\":\"2010-12-09T08:29:38+00:00\",\"breadcrumb\":{\"@id\":\"https:\\\/\\\/pmza.sk\\\/?p=1516#breadcrumb\"},\"inLanguage\":\"sk-SK\",\"potentialAction\":[{\"@type\":\"ReadAction\",\"target\":[\"https:\\\/\\\/pmza.sk\\\/?p=1516\"]}]},{\"@type\":\"BreadcrumbList\",\"@id\":\"https:\\\/\\\/pmza.sk\\\/?p=1516#breadcrumb\",\"itemListElement\":[{\"@type\":\"ListItem\",\"position\":1,\"name\":\"Domovsk\u00e1 str\u00e1nka\",\"item\":\"https:\\\/\\\/pmza.sk\\\/\"},{\"@type\":\"ListItem\",\"position\":2,\"name\":\"H\u013eadanie straten\u00e9ho \u010dasu s Pavlom Dvo\u0159\u00e1kom\"}]},{\"@type\":\"WebSite\",\"@id\":\"https:\\\/\\\/pmza.sk\\\/#website\",\"url\":\"https:\\\/\\\/pmza.sk\\\/\",\"name\":\"Pova\u017esk\u00e9 m\u00fazeum\",\"description\":\"Pova\u017esk\u00e9 m\u00fazeum v \u017diline je region\u00e1lne m\u00fazeum so s\u00eddlom v Budat\u00edne. Jeho expoz\u00edcie s\u00fa zameran\u00e9 na dejiny slovensk\u00e9ho umenia, kult\u00fary a dopravy.\",\"publisher\":{\"@id\":\"https:\\\/\\\/pmza.sk\\\/#organization\"},\"potentialAction\":[{\"@type\":\"SearchAction\",\"target\":{\"@type\":\"EntryPoint\",\"urlTemplate\":\"https:\\\/\\\/pmza.sk\\\/?s={search_term_string}\"},\"query-input\":{\"@type\":\"PropertyValueSpecification\",\"valueRequired\":true,\"valueName\":\"search_term_string\"}}],\"inLanguage\":\"sk-SK\"},{\"@type\":\"Organization\",\"@id\":\"https:\\\/\\\/pmza.sk\\\/#organization\",\"name\":\"Pova\u017esk\u00e9 m\u00fazeum\",\"url\":\"https:\\\/\\\/pmza.sk\\\/\",\"logo\":{\"@type\":\"ImageObject\",\"inLanguage\":\"sk-SK\",\"@id\":\"https:\\\/\\\/pmza.sk\\\/#\\\/schema\\\/logo\\\/image\\\/\",\"url\":\"https:\\\/\\\/pmza.sk\\\/wp-content\\\/uploads\\\/2022\\\/01\\\/logo_PM_horizontal.jpg\",\"contentUrl\":\"https:\\\/\\\/pmza.sk\\\/wp-content\\\/uploads\\\/2022\\\/01\\\/logo_PM_horizontal.jpg\",\"width\":231,\"height\":142,\"caption\":\"Pova\u017esk\u00e9 m\u00fazeum\"},\"image\":{\"@id\":\"https:\\\/\\\/pmza.sk\\\/#\\\/schema\\\/logo\\\/image\\\/\"},\"sameAs\":[\"https:\\\/\\\/www.facebook.com\\\/povazskemuzeum\",\"https:\\\/\\\/www.instagram.com\\\/povazskemuzeum\\\/\"]},{\"@type\":\"Person\",\"@id\":\"https:\\\/\\\/pmza.sk\\\/#\\\/schema\\\/person\\\/595e6a2ce731ea94dcd5d7f50a41ae33\",\"name\":\"Pova\u017esk\u00e9 m\u00fazeum\",\"image\":{\"@type\":\"ImageObject\",\"inLanguage\":\"sk-SK\",\"@id\":\"https:\\\/\\\/secure.gravatar.com\\\/avatar\\\/2bb7f1561282132fb5826dfeccc66c7996d11ee392ac6aaf7ced8a1c2027fbb2?s=96&d=mm&r=g\",\"url\":\"https:\\\/\\\/secure.gravatar.com\\\/avatar\\\/2bb7f1561282132fb5826dfeccc66c7996d11ee392ac6aaf7ced8a1c2027fbb2?s=96&d=mm&r=g\",\"contentUrl\":\"https:\\\/\\\/secure.gravatar.com\\\/avatar\\\/2bb7f1561282132fb5826dfeccc66c7996d11ee392ac6aaf7ced8a1c2027fbb2?s=96&d=mm&r=g\",\"caption\":\"Pova\u017esk\u00e9 m\u00fazeum\"}}]}<\/script>\n<!-- \/ Yoast SEO plugin. -->","yoast_head_json":{"title":"H\u013eadanie straten\u00e9ho \u010dasu s Pavlom Dvo\u0159\u00e1kom - Pova\u017esk\u00e9 m\u00fazeum","robots":{"index":"index","follow":"follow","max-snippet":"max-snippet:-1","max-image-preview":"max-image-preview:large","max-video-preview":"max-video-preview:-1"},"canonical":"https:\/\/pmza.sk\/?p=1516","og_locale":"sk_SK","og_type":"article","og_title":"H\u013eadanie straten\u00e9ho \u010dasu s Pavlom Dvo\u0159\u00e1kom - Pova\u017esk\u00e9 m\u00fazeum","og_description":"Stretnutie s\u00a0v\u00fdznamn\u00fdm slovensk\u00fdm historikom, publicistom a\u00a0scen\u00e1ristom Pavlom Dvo\u0159\u00e1kom \u00a0&#8211; podujatie TurzoTour s\u00a0Pavlom Dvo\u0159\u00e1kom v\u00a0stredu 15. decembra 2010 o\u00a011,00h v Sob\u00e1\u0161nom pal\u00e1ci v\u00a0Byt\u010di bude\u00a0 posledn\u00fdm tohoro\u010dn\u00fdm podujat\u00edm konaj\u00facim sa v\u00a0zrenovovanom pal\u00e1ci, a\u00a0z\u00e1rove\u0148 prvou aktivitou spolo\u010dn\u00e9ho projektu \u017dilinsk\u00e9ho samospr\u00e1vneho kraja a\u00a0troch m\u00faze\u00ed v\u00a0jeho zria\u010fovate\u013eskej p\u00f4sobnosti (Pova\u017esk\u00e9ho m\u00fazea v\u00a0\u017diline, Kysuck\u00e9ho m\u00fazea v\u00a0\u010cadci a Oravsk\u00e9ho m\u00fazea POH v\u00a0Dolnom Kub\u00edne), [&hellip;]","og_url":"https:\/\/pmza.sk\/?p=1516","og_site_name":"Pova\u017esk\u00e9 m\u00fazeum","article_publisher":"https:\/\/www.facebook.com\/povazskemuzeum","article_published_time":"2010-12-09T08:29:38+00:00","author":"Pova\u017esk\u00e9 m\u00fazeum","twitter_card":"summary_large_image","twitter_misc":{"Autor":"Pova\u017esk\u00e9 m\u00fazeum","Predpokladan\u00fd \u010das \u010d\u00edtania":"2 min\u00faty"},"schema":{"@context":"https:\/\/schema.org","@graph":[{"@type":"Article","@id":"https:\/\/pmza.sk\/?p=1516#article","isPartOf":{"@id":"https:\/\/pmza.sk\/?p=1516"},"author":{"name":"Pova\u017esk\u00e9 m\u00fazeum","@id":"https:\/\/pmza.sk\/#\/schema\/person\/595e6a2ce731ea94dcd5d7f50a41ae33"},"headline":"H\u013eadanie straten\u00e9ho \u010dasu s Pavlom Dvo\u0159\u00e1kom","datePublished":"2010-12-09T08:29:38+00:00","mainEntityOfPage":{"@id":"https:\/\/pmza.sk\/?p=1516"},"wordCount":450,"publisher":{"@id":"https:\/\/pmza.sk\/#organization"},"articleSection":["Arch\u00edv 2010"],"inLanguage":"sk-SK"},{"@type":"WebPage","@id":"https:\/\/pmza.sk\/?p=1516","url":"https:\/\/pmza.sk\/?p=1516","name":"H\u013eadanie straten\u00e9ho \u010dasu s Pavlom Dvo\u0159\u00e1kom - Pova\u017esk\u00e9 m\u00fazeum","isPartOf":{"@id":"https:\/\/pmza.sk\/#website"},"datePublished":"2010-12-09T08:29:38+00:00","breadcrumb":{"@id":"https:\/\/pmza.sk\/?p=1516#breadcrumb"},"inLanguage":"sk-SK","potentialAction":[{"@type":"ReadAction","target":["https:\/\/pmza.sk\/?p=1516"]}]},{"@type":"BreadcrumbList","@id":"https:\/\/pmza.sk\/?p=1516#breadcrumb","itemListElement":[{"@type":"ListItem","position":1,"name":"Domovsk\u00e1 str\u00e1nka","item":"https:\/\/pmza.sk\/"},{"@type":"ListItem","position":2,"name":"H\u013eadanie straten\u00e9ho \u010dasu s Pavlom Dvo\u0159\u00e1kom"}]},{"@type":"WebSite","@id":"https:\/\/pmza.sk\/#website","url":"https:\/\/pmza.sk\/","name":"Pova\u017esk\u00e9 m\u00fazeum","description":"Pova\u017esk\u00e9 m\u00fazeum v \u017diline je region\u00e1lne m\u00fazeum so s\u00eddlom v Budat\u00edne. Jeho expoz\u00edcie s\u00fa zameran\u00e9 na dejiny slovensk\u00e9ho umenia, kult\u00fary a dopravy.","publisher":{"@id":"https:\/\/pmza.sk\/#organization"},"potentialAction":[{"@type":"SearchAction","target":{"@type":"EntryPoint","urlTemplate":"https:\/\/pmza.sk\/?s={search_term_string}"},"query-input":{"@type":"PropertyValueSpecification","valueRequired":true,"valueName":"search_term_string"}}],"inLanguage":"sk-SK"},{"@type":"Organization","@id":"https:\/\/pmza.sk\/#organization","name":"Pova\u017esk\u00e9 m\u00fazeum","url":"https:\/\/pmza.sk\/","logo":{"@type":"ImageObject","inLanguage":"sk-SK","@id":"https:\/\/pmza.sk\/#\/schema\/logo\/image\/","url":"https:\/\/pmza.sk\/wp-content\/uploads\/2022\/01\/logo_PM_horizontal.jpg","contentUrl":"https:\/\/pmza.sk\/wp-content\/uploads\/2022\/01\/logo_PM_horizontal.jpg","width":231,"height":142,"caption":"Pova\u017esk\u00e9 m\u00fazeum"},"image":{"@id":"https:\/\/pmza.sk\/#\/schema\/logo\/image\/"},"sameAs":["https:\/\/www.facebook.com\/povazskemuzeum","https:\/\/www.instagram.com\/povazskemuzeum\/"]},{"@type":"Person","@id":"https:\/\/pmza.sk\/#\/schema\/person\/595e6a2ce731ea94dcd5d7f50a41ae33","name":"Pova\u017esk\u00e9 m\u00fazeum","image":{"@type":"ImageObject","inLanguage":"sk-SK","@id":"https:\/\/secure.gravatar.com\/avatar\/2bb7f1561282132fb5826dfeccc66c7996d11ee392ac6aaf7ced8a1c2027fbb2?s=96&d=mm&r=g","url":"https:\/\/secure.gravatar.com\/avatar\/2bb7f1561282132fb5826dfeccc66c7996d11ee392ac6aaf7ced8a1c2027fbb2?s=96&d=mm&r=g","contentUrl":"https:\/\/secure.gravatar.com\/avatar\/2bb7f1561282132fb5826dfeccc66c7996d11ee392ac6aaf7ced8a1c2027fbb2?s=96&d=mm&r=g","caption":"Pova\u017esk\u00e9 m\u00fazeum"}}]}},"_links":{"self":[{"href":"https:\/\/pmza.sk\/index.php?rest_route=\/wp\/v2\/posts\/1516","targetHints":{"allow":["GET"]}}],"collection":[{"href":"https:\/\/pmza.sk\/index.php?rest_route=\/wp\/v2\/posts"}],"about":[{"href":"https:\/\/pmza.sk\/index.php?rest_route=\/wp\/v2\/types\/post"}],"author":[{"embeddable":true,"href":"https:\/\/pmza.sk\/index.php?rest_route=\/wp\/v2\/users\/2"}],"replies":[{"embeddable":true,"href":"https:\/\/pmza.sk\/index.php?rest_route=%2Fwp%2Fv2%2Fcomments&post=1516"}],"version-history":[{"count":0,"href":"https:\/\/pmza.sk\/index.php?rest_route=\/wp\/v2\/posts\/1516\/revisions"}],"wp:attachment":[{"href":"https:\/\/pmza.sk\/index.php?rest_route=%2Fwp%2Fv2%2Fmedia&parent=1516"}],"wp:term":[{"taxonomy":"category","embeddable":true,"href":"https:\/\/pmza.sk\/index.php?rest_route=%2Fwp%2Fv2%2Fcategories&post=1516"},{"taxonomy":"post_tag","embeddable":true,"href":"https:\/\/pmza.sk\/index.php?rest_route=%2Fwp%2Fv2%2Ftags&post=1516"}],"curies":[{"name":"wp","href":"https:\/\/api.w.org\/{rel}","templated":true}]}}