{"id":15209,"date":"2016-03-24T10:57:57","date_gmt":"2016-03-24T09:57:57","guid":{"rendered":"https:\/\/pmza.sk.sk\/?p=15209"},"modified":"2016-03-24T10:57:57","modified_gmt":"2016-03-24T09:57:57","slug":"expozicie-pmza-otvorene-aj-pocas-velkej-noci","status":"publish","type":"post","link":"https:\/\/pmza.sk\/?p=15209","title":{"rendered":"Expoz\u00edcie PMZA otvoren\u00e9 aj po\u010das Ve\u013ekej noci"},"content":{"rendered":"<p>Pova\u017esk\u00e9 m\u00fazeum v\u00a0\u017diline v\u00a0zria\u010fovate\u013eskej p\u00f4sobnosti \u017dilinsk\u00e9ho samospr\u00e1vneho kraja otvor\u00ed po\u010das ve\u013ekono\u010dn\u00fdch sviatkov svoje expoz\u00edcie pre verejnos\u0165 <strong>mimoriadne aj na Ve\u013ek\u00fd piatok i\u00a0Ve\u013ekono\u010dn\u00fd pondelok<\/strong>.<\/p>\n<p>N\u00e1v\u0161tevn\u00edkom tak spr\u00edstupn\u00edme expoz\u00edciu vo ve\u017ei Budat\u00ednskeho hradu, Objekty \u013eudovej architekt\u00fary v\u00a0\u010ci\u010dmanoch \u2013 Radenov dom i\u00a0Dom \u010d. 42, expoz\u00edciu J\u00e1no\u0161\u00edk a\u00a0Terchov\u00e1 v\u00a0Terchovej, M\u00fazeum dopravy Rajeck\u00e9 Teplice a\u00a0Sob\u00e1\u0161ny pal\u00e1c v\u00a0Byt\u010di. <strong>Mimoriadne bude otvoren\u00fd aj hrad Stre\u010dno<\/strong>, a\u00a0to od Zelen\u00e9ho \u0161tvrtka 24. marca do utorka 29. marca 2016.<\/p>\n<p>Pova\u017esk\u00e9 m\u00fazeum tak vych\u00e1dza v\u00a0\u00fastrety v\u0161etk\u00fdm pr\u00e1zdninuj\u00facim a\u00a0dovolenkuj\u00facim n\u00e1v\u0161tevn\u00edkom, ktor\u00ed svoj vo\u013en\u00fd \u010das radi tr\u00e1via spozn\u00e1van\u00edm kult\u00farnych pamiatok, hradov a\u00a0m\u00faze\u00ed.<\/p>\n<p>&nbsp;<\/p>\n<p><strong>Budat\u00ednsky hrad \u2013 ve\u017ea<\/strong><\/p>\n<p>PI, NE, PO: 9.00 \u2013 17.00 hod. (posledn\u00fd vstup 16.30 hod.)<\/p>\n<p>&nbsp;<\/p>\n<p><strong>O\u013dA \u010ci\u010dmany<\/strong><\/p>\n<p>PI, PO: 9.00 \u2013 16.00 hod. (posledn\u00fd vstup o\u00a015.30 hod.)<\/p>\n<p>NE: 8.00 \u2013 17.00 hod. (posledn\u00fd vstup o\u00a016.30 hod.)<\/p>\n<p>&nbsp;<\/p>\n<p><strong>M\u00fazeum dopravy Rajeck\u00e9 Teplice<\/strong><\/p>\n<p>PI, PO: 9.30 \u2013 15.30 hod. (posledn\u00fd vstup o\u00a015.00 hod.)<\/p>\n<p>NE: 9.00 \u2013 17.00 hod. (posledn\u00fd vstup o\u00a016.30 hod.)<\/p>\n<p>&nbsp;<\/p>\n<p><strong>J\u00e1no\u0161\u00edk a\u00a0Terchov\u00e1<\/strong><\/p>\n<p>PI, NE: 9.00 \u2013 16.00 hod. (posledn\u00fd vstup o\u00a015.30 hod.)<\/p>\n<p>PO: 9.00 \u2013 15.30 hod. (posledn\u00fd vstup o\u00a015.00 hod.)<\/p>\n<p>&nbsp;<\/p>\n<p><strong>Sob\u00e1\u0161ny pal\u00e1c v Byt\u010di<\/strong><\/p>\n<p>PI &#8211; NE: 9.00 \u2013 17.00 hod. (posledn\u00fd vstup o\u00a016.00 hod.)<br \/><span style=\"color: #ff6600;\">PO: zatvoren\u00e9<\/span><\/p>\n<p>&nbsp;<\/p>\n<p><strong>Hrad Stre\u010dno<\/strong><\/p>\n<p>\u0160T \u2013 UT: 9.00 \u2013 17.00 hod. (posledn\u00fd vstup o\u00a016.00 hod.)<\/p>\n<p>&nbsp;<\/p>\n<p>V Severnom pal\u00e1ci hradu Stre\u010dno bude od 25. marca pr\u00edstupn\u00e1 nov\u00e1 pr\u00edrodovedn\u00e1 expoz\u00edcia s n\u00e1zvom <strong>Fascinuj\u00face cicavce &#8211;\u00a0modern\u00e1 veda odha\u013euje dosia\u013e nepoznan\u00e9 fakty ich \u017eivota<\/strong>. N\u00e1v\u0161tevn\u00edci tak bud\u00fa m\u00f4c\u0165 do najmen\u0161\u00edch detailov pozorova\u0165 a\u017e 22 druhov cicavcov. V\u00fdstava bude s\u00a0vyu\u017eit\u00edm modern\u00fdch sp\u00f4sobov in\u0161tal\u00e1cie vytv\u00e1ra\u0165 autentick\u00fa atmosf\u00e9ru prostredia,\u00a0v\u00a0ktorom na\u0161e cicavce skuto\u010dne \u017eij\u00fa.<\/p>\n<p>Sez\u00f3na na hrade Stre\u010dno po zimnej prest\u00e1vke za\u010d\u00edna 1. apr\u00edla. Br\u00e1ny hradu otvor\u00edme od 9. do 18. hodiny, od pondelka do nedele (posledn\u00fd vstup o\u00a017.00 hod.). Sl\u00e1vnostn\u00e9 otvorenie sez\u00f3ny na Stre\u010dne bude v\u00a0nede\u013eu 1. m\u00e1ja spojen\u00e9 s\u00a0bohat\u00fdm programom pln\u00fdm atrakci\u00ed na hrade aj v\u00a0podhrad\u00ed.<\/p>\n","protected":false},"excerpt":{"rendered":"<p>Pova\u017esk\u00e9 m\u00fazeum v\u00a0\u017diline v\u00a0zria\u010fovate\u013eskej p\u00f4sobnosti \u017dilinsk\u00e9ho samospr\u00e1vneho kraja otvor\u00ed po\u010das ve\u013ekono\u010dn\u00fdch sviatkov svoje expoz\u00edcie pre verejnos\u0165 mimoriadne aj na Ve\u013ek\u00fd piatok i\u00a0Ve\u013ekono\u010dn\u00fd pondelok. N\u00e1v\u0161tevn\u00edkom tak spr\u00edstupn\u00edme expoz\u00edciu vo ve\u017ei Budat\u00ednskeho hradu, Objekty \u013eudovej architekt\u00fary v\u00a0\u010ci\u010dmanoch \u2013 Radenov dom i\u00a0Dom \u010d. 42, expoz\u00edciu J\u00e1no\u0161\u00edk a\u00a0Terchov\u00e1 v\u00a0Terchovej, M\u00fazeum dopravy Rajeck\u00e9 Teplice a\u00a0Sob\u00e1\u0161ny pal\u00e1c v\u00a0Byt\u010di. Mimoriadne bude otvoren\u00fd [&hellip;]<\/p>\n","protected":false},"author":2,"featured_media":14022,"comment_status":"closed","ping_status":"closed","sticky":false,"template":"","format":"standard","meta":{"site-sidebar-layout":"default","site-content-layout":"","ast-site-content-layout":"","site-content-style":"default","site-sidebar-style":"default","ast-global-header-display":"","ast-banner-title-visibility":"","ast-main-header-display":"","ast-hfb-above-header-display":"","ast-hfb-below-header-display":"","ast-hfb-mobile-header-display":"","site-post-title":"","ast-breadcrumbs-content":"","ast-featured-img":"","footer-sml-layout":"","theme-transparent-header-meta":"","adv-header-id-meta":"","stick-header-meta":"","header-above-stick-meta":"","header-main-stick-meta":"","header-below-stick-meta":"","astra-migrate-meta-layouts":"default","ast-page-background-enabled":"default","ast-page-background-meta":{"desktop":{"background-color":"var(--ast-global-color-4)","background-image":"","background-repeat":"repeat","background-position":"center center","background-size":"auto","background-attachment":"scroll","background-type":"","background-media":"","overlay-type":"","overlay-color":"","overlay-opacity":"","overlay-gradient":""},"tablet":{"background-color":"","background-image":"","background-repeat":"repeat","background-position":"center center","background-size":"auto","background-attachment":"scroll","background-type":"","background-media":"","overlay-type":"","overlay-color":"","overlay-opacity":"","overlay-gradient":""},"mobile":{"background-color":"","background-image":"","background-repeat":"repeat","background-position":"center center","background-size":"auto","background-attachment":"scroll","background-type":"","background-media":"","overlay-type":"","overlay-color":"","overlay-opacity":"","overlay-gradient":""}},"ast-content-background-meta":{"desktop":{"background-color":"var(--ast-global-color-5)","background-image":"","background-repeat":"repeat","background-position":"center center","background-size":"auto","background-attachment":"scroll","background-type":"","background-media":"","overlay-type":"","overlay-color":"","overlay-opacity":"","overlay-gradient":""},"tablet":{"background-color":"var(--ast-global-color-5)","background-image":"","background-repeat":"repeat","background-position":"center center","background-size":"auto","background-attachment":"scroll","background-type":"","background-media":"","overlay-type":"","overlay-color":"","overlay-opacity":"","overlay-gradient":""},"mobile":{"background-color":"var(--ast-global-color-5)","background-image":"","background-repeat":"repeat","background-position":"center center","background-size":"auto","background-attachment":"scroll","background-type":"","background-media":"","overlay-type":"","overlay-color":"","overlay-opacity":"","overlay-gradient":""}},"footnotes":""},"categories":[50],"tags":[],"class_list":["post-15209","post","type-post","status-publish","format-standard","has-post-thumbnail","hentry","category-archiv-2016"],"yoast_head":"<!-- This site is optimized with the Yoast SEO plugin v27.4 - https:\/\/yoast.com\/product\/yoast-seo-wordpress\/ -->\n<title>Expoz\u00edcie PMZA otvoren\u00e9 aj po\u010das Ve\u013ekej noci - Pova\u017esk\u00e9 m\u00fazeum<\/title>\n<meta name=\"robots\" content=\"index, follow, max-snippet:-1, max-image-preview:large, max-video-preview:-1\" \/>\n<link rel=\"canonical\" href=\"https:\/\/pmza.sk\/?p=15209\" \/>\n<meta property=\"og:locale\" content=\"sk_SK\" \/>\n<meta property=\"og:type\" content=\"article\" \/>\n<meta property=\"og:title\" content=\"Expoz\u00edcie PMZA otvoren\u00e9 aj po\u010das Ve\u013ekej noci - Pova\u017esk\u00e9 m\u00fazeum\" \/>\n<meta property=\"og:description\" content=\"Pova\u017esk\u00e9 m\u00fazeum v\u00a0\u017diline v\u00a0zria\u010fovate\u013eskej p\u00f4sobnosti \u017dilinsk\u00e9ho samospr\u00e1vneho kraja otvor\u00ed po\u010das ve\u013ekono\u010dn\u00fdch sviatkov svoje expoz\u00edcie pre verejnos\u0165 mimoriadne aj na Ve\u013ek\u00fd piatok i\u00a0Ve\u013ekono\u010dn\u00fd pondelok. N\u00e1v\u0161tevn\u00edkom tak spr\u00edstupn\u00edme expoz\u00edciu vo ve\u017ei Budat\u00ednskeho hradu, Objekty \u013eudovej architekt\u00fary v\u00a0\u010ci\u010dmanoch \u2013 Radenov dom i\u00a0Dom \u010d. 42, expoz\u00edciu J\u00e1no\u0161\u00edk a\u00a0Terchov\u00e1 v\u00a0Terchovej, M\u00fazeum dopravy Rajeck\u00e9 Teplice a\u00a0Sob\u00e1\u0161ny pal\u00e1c v\u00a0Byt\u010di. Mimoriadne bude otvoren\u00fd [&hellip;]\" \/>\n<meta property=\"og:url\" content=\"https:\/\/pmza.sk\/?p=15209\" \/>\n<meta property=\"og:site_name\" content=\"Pova\u017esk\u00e9 m\u00fazeum\" \/>\n<meta property=\"article:publisher\" content=\"https:\/\/www.facebook.com\/povazskemuzeum\" \/>\n<meta property=\"article:published_time\" content=\"2016-03-24T09:57:57+00:00\" \/>\n<meta property=\"og:image\" content=\"https:\/\/pmza.sk\/wp-content\/uploads\/2015\/11\/08_FB.jpg\" \/>\n\t<meta property=\"og:image:width\" content=\"683\" \/>\n\t<meta property=\"og:image:height\" content=\"1024\" \/>\n\t<meta property=\"og:image:type\" content=\"image\/jpeg\" \/>\n<meta name=\"author\" content=\"Pova\u017esk\u00e9 m\u00fazeum\" \/>\n<meta name=\"twitter:card\" content=\"summary_large_image\" \/>\n<meta name=\"twitter:label1\" content=\"Autor\" \/>\n\t<meta name=\"twitter:data1\" content=\"Pova\u017esk\u00e9 m\u00fazeum\" \/>\n\t<meta name=\"twitter:label2\" content=\"Predpokladan\u00fd \u010das \u010d\u00edtania\" \/>\n\t<meta name=\"twitter:data2\" content=\"2 min\u00faty\" \/>\n<script type=\"application\/ld+json\" class=\"yoast-schema-graph\">{\"@context\":\"https:\\\/\\\/schema.org\",\"@graph\":[{\"@type\":\"Article\",\"@id\":\"https:\\\/\\\/pmza.sk\\\/?p=15209#article\",\"isPartOf\":{\"@id\":\"https:\\\/\\\/pmza.sk\\\/?p=15209\"},\"author\":{\"name\":\"Pova\u017esk\u00e9 m\u00fazeum\",\"@id\":\"https:\\\/\\\/pmza.sk\\\/#\\\/schema\\\/person\\\/595e6a2ce731ea94dcd5d7f50a41ae33\"},\"headline\":\"Expoz\u00edcie PMZA otvoren\u00e9 aj po\u010das Ve\u013ekej noci\",\"datePublished\":\"2016-03-24T09:57:57+00:00\",\"mainEntityOfPage\":{\"@id\":\"https:\\\/\\\/pmza.sk\\\/?p=15209\"},\"wordCount\":390,\"publisher\":{\"@id\":\"https:\\\/\\\/pmza.sk\\\/#organization\"},\"image\":{\"@id\":\"https:\\\/\\\/pmza.sk\\\/?p=15209#primaryimage\"},\"thumbnailUrl\":\"https:\\\/\\\/pmza.sk\\\/wp-content\\\/uploads\\\/2015\\\/11\\\/08_FB.jpg\",\"articleSection\":[\"Arch\u00edv 2016\"],\"inLanguage\":\"sk-SK\"},{\"@type\":\"WebPage\",\"@id\":\"https:\\\/\\\/pmza.sk\\\/?p=15209\",\"url\":\"https:\\\/\\\/pmza.sk\\\/?p=15209\",\"name\":\"Expoz\u00edcie PMZA otvoren\u00e9 aj po\u010das Ve\u013ekej noci - Pova\u017esk\u00e9 m\u00fazeum\",\"isPartOf\":{\"@id\":\"https:\\\/\\\/pmza.sk\\\/#website\"},\"primaryImageOfPage\":{\"@id\":\"https:\\\/\\\/pmza.sk\\\/?p=15209#primaryimage\"},\"image\":{\"@id\":\"https:\\\/\\\/pmza.sk\\\/?p=15209#primaryimage\"},\"thumbnailUrl\":\"https:\\\/\\\/pmza.sk\\\/wp-content\\\/uploads\\\/2015\\\/11\\\/08_FB.jpg\",\"datePublished\":\"2016-03-24T09:57:57+00:00\",\"breadcrumb\":{\"@id\":\"https:\\\/\\\/pmza.sk\\\/?p=15209#breadcrumb\"},\"inLanguage\":\"sk-SK\",\"potentialAction\":[{\"@type\":\"ReadAction\",\"target\":[\"https:\\\/\\\/pmza.sk\\\/?p=15209\"]}]},{\"@type\":\"ImageObject\",\"inLanguage\":\"sk-SK\",\"@id\":\"https:\\\/\\\/pmza.sk\\\/?p=15209#primaryimage\",\"url\":\"https:\\\/\\\/pmza.sk\\\/wp-content\\\/uploads\\\/2015\\\/11\\\/08_FB.jpg\",\"contentUrl\":\"https:\\\/\\\/pmza.sk\\\/wp-content\\\/uploads\\\/2015\\\/11\\\/08_FB.jpg\",\"width\":683,\"height\":1024},{\"@type\":\"BreadcrumbList\",\"@id\":\"https:\\\/\\\/pmza.sk\\\/?p=15209#breadcrumb\",\"itemListElement\":[{\"@type\":\"ListItem\",\"position\":1,\"name\":\"Domovsk\u00e1 str\u00e1nka\",\"item\":\"https:\\\/\\\/pmza.sk\\\/\"},{\"@type\":\"ListItem\",\"position\":2,\"name\":\"Expoz\u00edcie PMZA otvoren\u00e9 aj po\u010das Ve\u013ekej noci\"}]},{\"@type\":\"WebSite\",\"@id\":\"https:\\\/\\\/pmza.sk\\\/#website\",\"url\":\"https:\\\/\\\/pmza.sk\\\/\",\"name\":\"Pova\u017esk\u00e9 m\u00fazeum\",\"description\":\"Pova\u017esk\u00e9 m\u00fazeum v \u017diline je region\u00e1lne m\u00fazeum so s\u00eddlom v Budat\u00edne. Jeho expoz\u00edcie s\u00fa zameran\u00e9 na dejiny slovensk\u00e9ho umenia, kult\u00fary a dopravy.\",\"publisher\":{\"@id\":\"https:\\\/\\\/pmza.sk\\\/#organization\"},\"potentialAction\":[{\"@type\":\"SearchAction\",\"target\":{\"@type\":\"EntryPoint\",\"urlTemplate\":\"https:\\\/\\\/pmza.sk\\\/?s={search_term_string}\"},\"query-input\":{\"@type\":\"PropertyValueSpecification\",\"valueRequired\":true,\"valueName\":\"search_term_string\"}}],\"inLanguage\":\"sk-SK\"},{\"@type\":\"Organization\",\"@id\":\"https:\\\/\\\/pmza.sk\\\/#organization\",\"name\":\"Pova\u017esk\u00e9 m\u00fazeum\",\"url\":\"https:\\\/\\\/pmza.sk\\\/\",\"logo\":{\"@type\":\"ImageObject\",\"inLanguage\":\"sk-SK\",\"@id\":\"https:\\\/\\\/pmza.sk\\\/#\\\/schema\\\/logo\\\/image\\\/\",\"url\":\"https:\\\/\\\/pmza.sk\\\/wp-content\\\/uploads\\\/2022\\\/01\\\/logo_PM_horizontal.jpg\",\"contentUrl\":\"https:\\\/\\\/pmza.sk\\\/wp-content\\\/uploads\\\/2022\\\/01\\\/logo_PM_horizontal.jpg\",\"width\":231,\"height\":142,\"caption\":\"Pova\u017esk\u00e9 m\u00fazeum\"},\"image\":{\"@id\":\"https:\\\/\\\/pmza.sk\\\/#\\\/schema\\\/logo\\\/image\\\/\"},\"sameAs\":[\"https:\\\/\\\/www.facebook.com\\\/povazskemuzeum\",\"https:\\\/\\\/www.instagram.com\\\/povazskemuzeum\\\/\"]},{\"@type\":\"Person\",\"@id\":\"https:\\\/\\\/pmza.sk\\\/#\\\/schema\\\/person\\\/595e6a2ce731ea94dcd5d7f50a41ae33\",\"name\":\"Pova\u017esk\u00e9 m\u00fazeum\",\"image\":{\"@type\":\"ImageObject\",\"inLanguage\":\"sk-SK\",\"@id\":\"https:\\\/\\\/secure.gravatar.com\\\/avatar\\\/2bb7f1561282132fb5826dfeccc66c7996d11ee392ac6aaf7ced8a1c2027fbb2?s=96&d=mm&r=g\",\"url\":\"https:\\\/\\\/secure.gravatar.com\\\/avatar\\\/2bb7f1561282132fb5826dfeccc66c7996d11ee392ac6aaf7ced8a1c2027fbb2?s=96&d=mm&r=g\",\"contentUrl\":\"https:\\\/\\\/secure.gravatar.com\\\/avatar\\\/2bb7f1561282132fb5826dfeccc66c7996d11ee392ac6aaf7ced8a1c2027fbb2?s=96&d=mm&r=g\",\"caption\":\"Pova\u017esk\u00e9 m\u00fazeum\"}}]}<\/script>\n<!-- \/ Yoast SEO plugin. -->","yoast_head_json":{"title":"Expoz\u00edcie PMZA otvoren\u00e9 aj po\u010das Ve\u013ekej noci - Pova\u017esk\u00e9 m\u00fazeum","robots":{"index":"index","follow":"follow","max-snippet":"max-snippet:-1","max-image-preview":"max-image-preview:large","max-video-preview":"max-video-preview:-1"},"canonical":"https:\/\/pmza.sk\/?p=15209","og_locale":"sk_SK","og_type":"article","og_title":"Expoz\u00edcie PMZA otvoren\u00e9 aj po\u010das Ve\u013ekej noci - Pova\u017esk\u00e9 m\u00fazeum","og_description":"Pova\u017esk\u00e9 m\u00fazeum v\u00a0\u017diline v\u00a0zria\u010fovate\u013eskej p\u00f4sobnosti \u017dilinsk\u00e9ho samospr\u00e1vneho kraja otvor\u00ed po\u010das ve\u013ekono\u010dn\u00fdch sviatkov svoje expoz\u00edcie pre verejnos\u0165 mimoriadne aj na Ve\u013ek\u00fd piatok i\u00a0Ve\u013ekono\u010dn\u00fd pondelok. N\u00e1v\u0161tevn\u00edkom tak spr\u00edstupn\u00edme expoz\u00edciu vo ve\u017ei Budat\u00ednskeho hradu, Objekty \u013eudovej architekt\u00fary v\u00a0\u010ci\u010dmanoch \u2013 Radenov dom i\u00a0Dom \u010d. 42, expoz\u00edciu J\u00e1no\u0161\u00edk a\u00a0Terchov\u00e1 v\u00a0Terchovej, M\u00fazeum dopravy Rajeck\u00e9 Teplice a\u00a0Sob\u00e1\u0161ny pal\u00e1c v\u00a0Byt\u010di. Mimoriadne bude otvoren\u00fd [&hellip;]","og_url":"https:\/\/pmza.sk\/?p=15209","og_site_name":"Pova\u017esk\u00e9 m\u00fazeum","article_publisher":"https:\/\/www.facebook.com\/povazskemuzeum","article_published_time":"2016-03-24T09:57:57+00:00","og_image":[{"width":683,"height":1024,"url":"https:\/\/pmza.sk\/wp-content\/uploads\/2015\/11\/08_FB.jpg","type":"image\/jpeg"}],"author":"Pova\u017esk\u00e9 m\u00fazeum","twitter_card":"summary_large_image","twitter_misc":{"Autor":"Pova\u017esk\u00e9 m\u00fazeum","Predpokladan\u00fd \u010das \u010d\u00edtania":"2 min\u00faty"},"schema":{"@context":"https:\/\/schema.org","@graph":[{"@type":"Article","@id":"https:\/\/pmza.sk\/?p=15209#article","isPartOf":{"@id":"https:\/\/pmza.sk\/?p=15209"},"author":{"name":"Pova\u017esk\u00e9 m\u00fazeum","@id":"https:\/\/pmza.sk\/#\/schema\/person\/595e6a2ce731ea94dcd5d7f50a41ae33"},"headline":"Expoz\u00edcie PMZA otvoren\u00e9 aj po\u010das Ve\u013ekej noci","datePublished":"2016-03-24T09:57:57+00:00","mainEntityOfPage":{"@id":"https:\/\/pmza.sk\/?p=15209"},"wordCount":390,"publisher":{"@id":"https:\/\/pmza.sk\/#organization"},"image":{"@id":"https:\/\/pmza.sk\/?p=15209#primaryimage"},"thumbnailUrl":"https:\/\/pmza.sk\/wp-content\/uploads\/2015\/11\/08_FB.jpg","articleSection":["Arch\u00edv 2016"],"inLanguage":"sk-SK"},{"@type":"WebPage","@id":"https:\/\/pmza.sk\/?p=15209","url":"https:\/\/pmza.sk\/?p=15209","name":"Expoz\u00edcie PMZA otvoren\u00e9 aj po\u010das Ve\u013ekej noci - Pova\u017esk\u00e9 m\u00fazeum","isPartOf":{"@id":"https:\/\/pmza.sk\/#website"},"primaryImageOfPage":{"@id":"https:\/\/pmza.sk\/?p=15209#primaryimage"},"image":{"@id":"https:\/\/pmza.sk\/?p=15209#primaryimage"},"thumbnailUrl":"https:\/\/pmza.sk\/wp-content\/uploads\/2015\/11\/08_FB.jpg","datePublished":"2016-03-24T09:57:57+00:00","breadcrumb":{"@id":"https:\/\/pmza.sk\/?p=15209#breadcrumb"},"inLanguage":"sk-SK","potentialAction":[{"@type":"ReadAction","target":["https:\/\/pmza.sk\/?p=15209"]}]},{"@type":"ImageObject","inLanguage":"sk-SK","@id":"https:\/\/pmza.sk\/?p=15209#primaryimage","url":"https:\/\/pmza.sk\/wp-content\/uploads\/2015\/11\/08_FB.jpg","contentUrl":"https:\/\/pmza.sk\/wp-content\/uploads\/2015\/11\/08_FB.jpg","width":683,"height":1024},{"@type":"BreadcrumbList","@id":"https:\/\/pmza.sk\/?p=15209#breadcrumb","itemListElement":[{"@type":"ListItem","position":1,"name":"Domovsk\u00e1 str\u00e1nka","item":"https:\/\/pmza.sk\/"},{"@type":"ListItem","position":2,"name":"Expoz\u00edcie PMZA otvoren\u00e9 aj po\u010das Ve\u013ekej noci"}]},{"@type":"WebSite","@id":"https:\/\/pmza.sk\/#website","url":"https:\/\/pmza.sk\/","name":"Pova\u017esk\u00e9 m\u00fazeum","description":"Pova\u017esk\u00e9 m\u00fazeum v \u017diline je region\u00e1lne m\u00fazeum so s\u00eddlom v Budat\u00edne. Jeho expoz\u00edcie s\u00fa zameran\u00e9 na dejiny slovensk\u00e9ho umenia, kult\u00fary a dopravy.","publisher":{"@id":"https:\/\/pmza.sk\/#organization"},"potentialAction":[{"@type":"SearchAction","target":{"@type":"EntryPoint","urlTemplate":"https:\/\/pmza.sk\/?s={search_term_string}"},"query-input":{"@type":"PropertyValueSpecification","valueRequired":true,"valueName":"search_term_string"}}],"inLanguage":"sk-SK"},{"@type":"Organization","@id":"https:\/\/pmza.sk\/#organization","name":"Pova\u017esk\u00e9 m\u00fazeum","url":"https:\/\/pmza.sk\/","logo":{"@type":"ImageObject","inLanguage":"sk-SK","@id":"https:\/\/pmza.sk\/#\/schema\/logo\/image\/","url":"https:\/\/pmza.sk\/wp-content\/uploads\/2022\/01\/logo_PM_horizontal.jpg","contentUrl":"https:\/\/pmza.sk\/wp-content\/uploads\/2022\/01\/logo_PM_horizontal.jpg","width":231,"height":142,"caption":"Pova\u017esk\u00e9 m\u00fazeum"},"image":{"@id":"https:\/\/pmza.sk\/#\/schema\/logo\/image\/"},"sameAs":["https:\/\/www.facebook.com\/povazskemuzeum","https:\/\/www.instagram.com\/povazskemuzeum\/"]},{"@type":"Person","@id":"https:\/\/pmza.sk\/#\/schema\/person\/595e6a2ce731ea94dcd5d7f50a41ae33","name":"Pova\u017esk\u00e9 m\u00fazeum","image":{"@type":"ImageObject","inLanguage":"sk-SK","@id":"https:\/\/secure.gravatar.com\/avatar\/2bb7f1561282132fb5826dfeccc66c7996d11ee392ac6aaf7ced8a1c2027fbb2?s=96&d=mm&r=g","url":"https:\/\/secure.gravatar.com\/avatar\/2bb7f1561282132fb5826dfeccc66c7996d11ee392ac6aaf7ced8a1c2027fbb2?s=96&d=mm&r=g","contentUrl":"https:\/\/secure.gravatar.com\/avatar\/2bb7f1561282132fb5826dfeccc66c7996d11ee392ac6aaf7ced8a1c2027fbb2?s=96&d=mm&r=g","caption":"Pova\u017esk\u00e9 m\u00fazeum"}}]}},"_links":{"self":[{"href":"https:\/\/pmza.sk\/index.php?rest_route=\/wp\/v2\/posts\/15209","targetHints":{"allow":["GET"]}}],"collection":[{"href":"https:\/\/pmza.sk\/index.php?rest_route=\/wp\/v2\/posts"}],"about":[{"href":"https:\/\/pmza.sk\/index.php?rest_route=\/wp\/v2\/types\/post"}],"author":[{"embeddable":true,"href":"https:\/\/pmza.sk\/index.php?rest_route=\/wp\/v2\/users\/2"}],"replies":[{"embeddable":true,"href":"https:\/\/pmza.sk\/index.php?rest_route=%2Fwp%2Fv2%2Fcomments&post=15209"}],"version-history":[{"count":0,"href":"https:\/\/pmza.sk\/index.php?rest_route=\/wp\/v2\/posts\/15209\/revisions"}],"wp:featuredmedia":[{"embeddable":true,"href":"https:\/\/pmza.sk\/index.php?rest_route=\/wp\/v2\/media\/14022"}],"wp:attachment":[{"href":"https:\/\/pmza.sk\/index.php?rest_route=%2Fwp%2Fv2%2Fmedia&parent=15209"}],"wp:term":[{"taxonomy":"category","embeddable":true,"href":"https:\/\/pmza.sk\/index.php?rest_route=%2Fwp%2Fv2%2Fcategories&post=15209"},{"taxonomy":"post_tag","embeddable":true,"href":"https:\/\/pmza.sk\/index.php?rest_route=%2Fwp%2Fv2%2Ftags&post=15209"}],"curies":[{"name":"wp","href":"https:\/\/api.w.org\/{rel}","templated":true}]}}