{"id":15222,"date":"2016-03-25T20:53:21","date_gmt":"2016-03-25T19:53:21","guid":{"rendered":"https:\/\/pmza.sk.sk\/?p=15222"},"modified":"2016-03-25T20:53:21","modified_gmt":"2016-03-25T19:53:21","slug":"fascinujuce-cicavce","status":"publish","type":"post","link":"https:\/\/pmza.sk\/?p=15222","title":{"rendered":"Fascinuj\u00face cicavce: FOTO + VIDEO"},"content":{"rendered":"<p>Pova\u017esk\u00e9 m\u00fazeum v\u00a0\u017diline pripravilo nov\u00fa pr\u00edrodovedn\u00fa v\u00fdstavu v\u00a0severnom pal\u00e1ci hradu Stre\u010dno, ktor\u00e1 na jednom mieste a\u00a0zbl\u00edzka pon\u00faka nev\u0161edn\u00fa mo\u017enos\u0165 vidie\u0165 v\u00a0najmen\u0161om rozl\u00ed\u0161en\u00ed a\u017e 22 druhov cicavcov. S\u00a0vyu\u017eit\u00edm modern\u00fdch sp\u00f4sobov in\u0161tal\u00e1cie vytv\u00e1ra autentick\u00fa atmosf\u00e9ru prostredia, v\u00a0ktorom na\u0161e cicavce skuto\u010dne \u017eij\u00fa. V\u00fdstava je s\u00fa\u010das\u0165ou be\u017enej prehliadky hradu a nav\u0161t\u00edvi\u0165 ju mo\u017eno od 25. marca do 23. j\u00fana 2016.<\/p>\n<p>Vhodn\u00e1 je tie\u017e pre detsk\u00e9ho n\u00e1v\u0161tevn\u00edka.<\/p>\n<p><u>O\u00a0v\u00fdstave:<\/u><\/p>\n<p>V\u00fdstava pon\u00faka n\u00e1v\u0161tevn\u00edkom jedine\u010dn\u00fa pr\u00edle\u017eitos\u0165 dozvedie\u0165 sa viac o\u00a0osobitostiach \u017eivota cicavcov, o\u00a0ich ekol\u00f3gii a\u00a0spr\u00e1van\u00ed. P\u00fatavou a\u00a0nen\u00e1ro\u010dnou formou osvet\u013euje na pr\u00edkladoch z\u00a0na\u0161ej pr\u00edrody z\u00e1hady zimn\u00e9ho sp\u00e1nku, z\u00e1konitosti spolu\u017eitia vlkov vo svorke \u010di tajomstv\u00e1 zimn\u00e9ho \u017eivota medve\u010fa v\u00a0brlohu.<\/p>\n<p>Cicavce patria k\u00a0evolu\u010dne naj\u00faspe\u0161nej\u0161\u00edm stavovcom. Ich \u00faspe\u0161n\u00e1 dr\u00e1ha sa za\u010dala v\u00a0d\u00e1vnej geologickej minulosti Zeme, pred viac ako 200 mili\u00f3nmi rokov. D\u00e1vni predkovia dne\u0161n\u00fdch cicavcov \u017eili v\u00a0tieni obrovit\u00fdch dinosaurov, dosahovali sotva ve\u013ekos\u0165 piskora a\u00a0museli vies\u0165 tvrd\u00fd boj o\u00a0svoje pre\u017eitie. Pr\u00edrodn\u00fd v\u00fdber v\u0161ak bol k\u00a0nim v\u00a0\u010fal\u0161om obdob\u00ed milosrdn\u00fd a\u00a0podnietil ich mohutn\u00fd rozvoj. Dne\u0161n\u00e9 cicavce sa vyzna\u010duj\u00fa vyspelou nervovou \u010dinnos\u0165ou a\u00a0mnoh\u00fdmi adapt\u00e1ciami a\u00a0origin\u00e1lnymi \u017eivotn\u00fdmi strat\u00e9giami, ktor\u00e9 im umo\u017enili os\u00eddli\u0165 v\u0161etky svetadiely a\u00a0zn\u00e1me ekosyst\u00e9my na\u0161ej plan\u00e9ty.<\/p>\n<p>Autor v\u00fdstavy: RNDr. Ladislav Hl\u00f4\u0161ka, PhD., zool\u00f3g a kust\u00f3d Pova\u017esk\u00e9ho m\u00fazea v\u00a0\u017diline<\/p>\n<p><a href=\"https:\/\/www.youtube.com\/watch?v=n_KaMEFxScw\">VIDEO 1 &#8211; jazvec lesn\u00fd<\/a><\/p>\n<p style=\"text-align: center;\"><img fetchpriority=\"high\" decoding=\"async\" class=\"wp-image-15221 size-medium aligncenter\" src=\"https:\/\/pmza.sk.sk\/wp-content\/uploads\/2016\/03\/In\u0161talovan\u00fd-brloh-jazveca-lesn\u00e9ho-e1458719461408-225x300.jpg\" alt=\"In\u0161talovan\u00fd brloh jazveca lesn\u00e9ho\" width=\"225\" height=\"300\" \/>In\u0161talovan\u00fd brloh jazveca lesn\u00e9ho<\/p>\n<p><a href=\"https:\/\/pmza.sk\/wp-content\/uploads\/2016\/04\/mladata-lisky_foto-Hloska-scaled-1.jpg\"><img decoding=\"async\" class=\" size-medium wp-image-15522 aligncenter\" src=\"https:\/\/pmza.sk.sk\/wp-content\/uploads\/2016\/04\/ml\u00e1\u010fat\u00e1-l\u00ed\u0161ky_foto-Hl\u00f4\u0161ka-300x225.jpg\" alt=\"ml\u00e1\u010fat\u00e1 l\u00ed\u0161ky_foto Hl\u00f4\u0161ka\" width=\"300\" height=\"225\" \/><\/a><\/p>\n<p style=\"text-align: center;\"><a href=\"https:\/\/pmza.sk\/wp-content\/uploads\/2016\/04\/medvieda_foto-Hloska-scaled-1.jpg\"><img decoding=\"async\" class=\" size-medium wp-image-15521 aligncenter\" src=\"https:\/\/pmza.sk.sk\/wp-content\/uploads\/2016\/04\/medvie\u010fa_foto-Hl\u00f4\u0161ka-300x225.jpg\" alt=\"medvie\u010fa_foto Hl\u00f4\u0161ka\" width=\"300\" height=\"225\" \/><\/a><\/p>\n<p style=\"text-align: center;\"><a href=\"https:\/\/pmza.sk\/wp-content\/uploads\/2016\/04\/kuna-lesna_foto-Hloska-scaled-1.jpg\"><img loading=\"lazy\" decoding=\"async\" class=\" size-medium wp-image-15520 aligncenter\" src=\"https:\/\/pmza.sk.sk\/wp-content\/uploads\/2016\/04\/kuna-lesn\u00e1_foto-Hl\u00f4\u0161ka-300x225.jpg\" alt=\"kuna lesn\u00e1_foto Hl\u00f4\u0161ka\" width=\"300\" height=\"225\" \/><\/a><\/p>\n<p style=\"text-align: center;\">\n<p>&nbsp;<\/p>\n<p>&nbsp;<\/p>\n<p>&nbsp;<\/p>\n<p>&nbsp;<\/p>\n<p>&nbsp;<\/p>\n<p>&nbsp;<\/p>\n<p>&nbsp;<\/p>\n<p>&nbsp;<\/p>\n<p>&nbsp;<\/p>\n<p>&nbsp;<\/p>\n<p>&nbsp;<\/p>\n","protected":false},"excerpt":{"rendered":"<p>Pova\u017esk\u00e9 m\u00fazeum v\u00a0\u017diline pripravilo nov\u00fa pr\u00edrodovedn\u00fa v\u00fdstavu v\u00a0severnom pal\u00e1ci hradu Stre\u010dno, ktor\u00e1 na jednom mieste a\u00a0zbl\u00edzka pon\u00faka nev\u0161edn\u00fa mo\u017enos\u0165 vidie\u0165 v\u00a0najmen\u0161om rozl\u00ed\u0161en\u00ed a\u017e 22 druhov cicavcov. S\u00a0vyu\u017eit\u00edm modern\u00fdch sp\u00f4sobov in\u0161tal\u00e1cie vytv\u00e1ra autentick\u00fa atmosf\u00e9ru prostredia, v\u00a0ktorom na\u0161e cicavce skuto\u010dne \u017eij\u00fa. V\u00fdstava je s\u00fa\u010das\u0165ou be\u017enej prehliadky hradu a nav\u0161t\u00edvi\u0165 ju mo\u017eno od 25. marca do 23. j\u00fana [&hellip;]<\/p>\n","protected":false},"author":2,"featured_media":15220,"comment_status":"closed","ping_status":"closed","sticky":false,"template":"","format":"standard","meta":{"site-sidebar-layout":"default","site-content-layout":"","ast-site-content-layout":"","site-content-style":"default","site-sidebar-style":"default","ast-global-header-display":"","ast-banner-title-visibility":"","ast-main-header-display":"","ast-hfb-above-header-display":"","ast-hfb-below-header-display":"","ast-hfb-mobile-header-display":"","site-post-title":"","ast-breadcrumbs-content":"","ast-featured-img":"","footer-sml-layout":"","theme-transparent-header-meta":"","adv-header-id-meta":"","stick-header-meta":"","header-above-stick-meta":"","header-main-stick-meta":"","header-below-stick-meta":"","astra-migrate-meta-layouts":"default","ast-page-background-enabled":"default","ast-page-background-meta":{"desktop":{"background-color":"var(--ast-global-color-4)","background-image":"","background-repeat":"repeat","background-position":"center center","background-size":"auto","background-attachment":"scroll","background-type":"","background-media":"","overlay-type":"","overlay-color":"","overlay-opacity":"","overlay-gradient":""},"tablet":{"background-color":"","background-image":"","background-repeat":"repeat","background-position":"center center","background-size":"auto","background-attachment":"scroll","background-type":"","background-media":"","overlay-type":"","overlay-color":"","overlay-opacity":"","overlay-gradient":""},"mobile":{"background-color":"","background-image":"","background-repeat":"repeat","background-position":"center center","background-size":"auto","background-attachment":"scroll","background-type":"","background-media":"","overlay-type":"","overlay-color":"","overlay-opacity":"","overlay-gradient":""}},"ast-content-background-meta":{"desktop":{"background-color":"var(--ast-global-color-5)","background-image":"","background-repeat":"repeat","background-position":"center center","background-size":"auto","background-attachment":"scroll","background-type":"","background-media":"","overlay-type":"","overlay-color":"","overlay-opacity":"","overlay-gradient":""},"tablet":{"background-color":"var(--ast-global-color-5)","background-image":"","background-repeat":"repeat","background-position":"center center","background-size":"auto","background-attachment":"scroll","background-type":"","background-media":"","overlay-type":"","overlay-color":"","overlay-opacity":"","overlay-gradient":""},"mobile":{"background-color":"var(--ast-global-color-5)","background-image":"","background-repeat":"repeat","background-position":"center center","background-size":"auto","background-attachment":"scroll","background-type":"","background-media":"","overlay-type":"","overlay-color":"","overlay-opacity":"","overlay-gradient":""}},"footnotes":""},"categories":[50],"tags":[],"class_list":["post-15222","post","type-post","status-publish","format-standard","has-post-thumbnail","hentry","category-archiv-2016"],"yoast_head":"<!-- This site is optimized with the Yoast SEO plugin v27.4 - https:\/\/yoast.com\/product\/yoast-seo-wordpress\/ -->\n<title>Fascinuj\u00face cicavce: FOTO + VIDEO - Pova\u017esk\u00e9 m\u00fazeum<\/title>\n<meta name=\"robots\" content=\"index, follow, max-snippet:-1, max-image-preview:large, max-video-preview:-1\" \/>\n<link rel=\"canonical\" href=\"https:\/\/pmza.sk\/?p=15222\" \/>\n<meta property=\"og:locale\" content=\"sk_SK\" \/>\n<meta property=\"og:type\" content=\"article\" \/>\n<meta property=\"og:title\" content=\"Fascinuj\u00face cicavce: FOTO + VIDEO - Pova\u017esk\u00e9 m\u00fazeum\" \/>\n<meta property=\"og:description\" content=\"Pova\u017esk\u00e9 m\u00fazeum v\u00a0\u017diline pripravilo nov\u00fa pr\u00edrodovedn\u00fa v\u00fdstavu v\u00a0severnom pal\u00e1ci hradu Stre\u010dno, ktor\u00e1 na jednom mieste a\u00a0zbl\u00edzka pon\u00faka nev\u0161edn\u00fa mo\u017enos\u0165 vidie\u0165 v\u00a0najmen\u0161om rozl\u00ed\u0161en\u00ed a\u017e 22 druhov cicavcov. S\u00a0vyu\u017eit\u00edm modern\u00fdch sp\u00f4sobov in\u0161tal\u00e1cie vytv\u00e1ra autentick\u00fa atmosf\u00e9ru prostredia, v\u00a0ktorom na\u0161e cicavce skuto\u010dne \u017eij\u00fa. V\u00fdstava je s\u00fa\u010das\u0165ou be\u017enej prehliadky hradu a nav\u0161t\u00edvi\u0165 ju mo\u017eno od 25. marca do 23. j\u00fana [&hellip;]\" \/>\n<meta property=\"og:url\" content=\"https:\/\/pmza.sk\/?p=15222\" \/>\n<meta property=\"og:site_name\" content=\"Pova\u017esk\u00e9 m\u00fazeum\" \/>\n<meta property=\"article:publisher\" content=\"https:\/\/www.facebook.com\/povazskemuzeum\" \/>\n<meta property=\"article:published_time\" content=\"2016-03-25T19:53:21+00:00\" \/>\n<meta property=\"og:image\" content=\"https:\/\/pmza.sk\/wp-content\/uploads\/2016\/03\/Plsik-lieskovy_Foto-Miroslav-Saniga.jpg\" \/>\n\t<meta property=\"og:image:width\" content=\"2221\" \/>\n\t<meta property=\"og:image:height\" content=\"1981\" \/>\n\t<meta property=\"og:image:type\" content=\"image\/jpeg\" \/>\n<meta name=\"author\" content=\"Pova\u017esk\u00e9 m\u00fazeum\" \/>\n<meta name=\"twitter:card\" content=\"summary_large_image\" \/>\n<meta name=\"twitter:label1\" content=\"Autor\" \/>\n\t<meta name=\"twitter:data1\" content=\"Pova\u017esk\u00e9 m\u00fazeum\" \/>\n\t<meta name=\"twitter:label2\" content=\"Predpokladan\u00fd \u010das \u010d\u00edtania\" \/>\n\t<meta name=\"twitter:data2\" content=\"2 min\u00faty\" \/>\n<script type=\"application\/ld+json\" class=\"yoast-schema-graph\">{\"@context\":\"https:\\\/\\\/schema.org\",\"@graph\":[{\"@type\":\"Article\",\"@id\":\"https:\\\/\\\/pmza.sk\\\/?p=15222#article\",\"isPartOf\":{\"@id\":\"https:\\\/\\\/pmza.sk\\\/?p=15222\"},\"author\":{\"name\":\"Pova\u017esk\u00e9 m\u00fazeum\",\"@id\":\"https:\\\/\\\/pmza.sk\\\/#\\\/schema\\\/person\\\/595e6a2ce731ea94dcd5d7f50a41ae33\"},\"headline\":\"Fascinuj\u00face cicavce: FOTO + VIDEO\",\"datePublished\":\"2016-03-25T19:53:21+00:00\",\"mainEntityOfPage\":{\"@id\":\"https:\\\/\\\/pmza.sk\\\/?p=15222\"},\"wordCount\":329,\"publisher\":{\"@id\":\"https:\\\/\\\/pmza.sk\\\/#organization\"},\"image\":{\"@id\":\"https:\\\/\\\/pmza.sk\\\/?p=15222#primaryimage\"},\"thumbnailUrl\":\"https:\\\/\\\/pmza.sk\\\/wp-content\\\/uploads\\\/2016\\\/03\\\/Plsik-lieskovy_Foto-Miroslav-Saniga.jpg\",\"articleSection\":[\"Arch\u00edv 2016\"],\"inLanguage\":\"sk-SK\"},{\"@type\":\"WebPage\",\"@id\":\"https:\\\/\\\/pmza.sk\\\/?p=15222\",\"url\":\"https:\\\/\\\/pmza.sk\\\/?p=15222\",\"name\":\"Fascinuj\u00face cicavce: FOTO + VIDEO - Pova\u017esk\u00e9 m\u00fazeum\",\"isPartOf\":{\"@id\":\"https:\\\/\\\/pmza.sk\\\/#website\"},\"primaryImageOfPage\":{\"@id\":\"https:\\\/\\\/pmza.sk\\\/?p=15222#primaryimage\"},\"image\":{\"@id\":\"https:\\\/\\\/pmza.sk\\\/?p=15222#primaryimage\"},\"thumbnailUrl\":\"https:\\\/\\\/pmza.sk\\\/wp-content\\\/uploads\\\/2016\\\/03\\\/Plsik-lieskovy_Foto-Miroslav-Saniga.jpg\",\"datePublished\":\"2016-03-25T19:53:21+00:00\",\"breadcrumb\":{\"@id\":\"https:\\\/\\\/pmza.sk\\\/?p=15222#breadcrumb\"},\"inLanguage\":\"sk-SK\",\"potentialAction\":[{\"@type\":\"ReadAction\",\"target\":[\"https:\\\/\\\/pmza.sk\\\/?p=15222\"]}]},{\"@type\":\"ImageObject\",\"inLanguage\":\"sk-SK\",\"@id\":\"https:\\\/\\\/pmza.sk\\\/?p=15222#primaryimage\",\"url\":\"https:\\\/\\\/pmza.sk\\\/wp-content\\\/uploads\\\/2016\\\/03\\\/Plsik-lieskovy_Foto-Miroslav-Saniga.jpg\",\"contentUrl\":\"https:\\\/\\\/pmza.sk\\\/wp-content\\\/uploads\\\/2016\\\/03\\\/Plsik-lieskovy_Foto-Miroslav-Saniga.jpg\",\"width\":2221,\"height\":1981,\"caption\":\"p\u013a\u0161ik lieskov\u00fd\"},{\"@type\":\"BreadcrumbList\",\"@id\":\"https:\\\/\\\/pmza.sk\\\/?p=15222#breadcrumb\",\"itemListElement\":[{\"@type\":\"ListItem\",\"position\":1,\"name\":\"Domovsk\u00e1 str\u00e1nka\",\"item\":\"https:\\\/\\\/pmza.sk\\\/\"},{\"@type\":\"ListItem\",\"position\":2,\"name\":\"Fascinuj\u00face cicavce: FOTO + VIDEO\"}]},{\"@type\":\"WebSite\",\"@id\":\"https:\\\/\\\/pmza.sk\\\/#website\",\"url\":\"https:\\\/\\\/pmza.sk\\\/\",\"name\":\"Pova\u017esk\u00e9 m\u00fazeum\",\"description\":\"Pova\u017esk\u00e9 m\u00fazeum v \u017diline je region\u00e1lne m\u00fazeum so s\u00eddlom v Budat\u00edne. Jeho expoz\u00edcie s\u00fa zameran\u00e9 na dejiny slovensk\u00e9ho umenia, kult\u00fary a dopravy.\",\"publisher\":{\"@id\":\"https:\\\/\\\/pmza.sk\\\/#organization\"},\"potentialAction\":[{\"@type\":\"SearchAction\",\"target\":{\"@type\":\"EntryPoint\",\"urlTemplate\":\"https:\\\/\\\/pmza.sk\\\/?s={search_term_string}\"},\"query-input\":{\"@type\":\"PropertyValueSpecification\",\"valueRequired\":true,\"valueName\":\"search_term_string\"}}],\"inLanguage\":\"sk-SK\"},{\"@type\":\"Organization\",\"@id\":\"https:\\\/\\\/pmza.sk\\\/#organization\",\"name\":\"Pova\u017esk\u00e9 m\u00fazeum\",\"url\":\"https:\\\/\\\/pmza.sk\\\/\",\"logo\":{\"@type\":\"ImageObject\",\"inLanguage\":\"sk-SK\",\"@id\":\"https:\\\/\\\/pmza.sk\\\/#\\\/schema\\\/logo\\\/image\\\/\",\"url\":\"https:\\\/\\\/pmza.sk\\\/wp-content\\\/uploads\\\/2022\\\/01\\\/logo_PM_horizontal.jpg\",\"contentUrl\":\"https:\\\/\\\/pmza.sk\\\/wp-content\\\/uploads\\\/2022\\\/01\\\/logo_PM_horizontal.jpg\",\"width\":231,\"height\":142,\"caption\":\"Pova\u017esk\u00e9 m\u00fazeum\"},\"image\":{\"@id\":\"https:\\\/\\\/pmza.sk\\\/#\\\/schema\\\/logo\\\/image\\\/\"},\"sameAs\":[\"https:\\\/\\\/www.facebook.com\\\/povazskemuzeum\",\"https:\\\/\\\/www.instagram.com\\\/povazskemuzeum\\\/\"]},{\"@type\":\"Person\",\"@id\":\"https:\\\/\\\/pmza.sk\\\/#\\\/schema\\\/person\\\/595e6a2ce731ea94dcd5d7f50a41ae33\",\"name\":\"Pova\u017esk\u00e9 m\u00fazeum\",\"image\":{\"@type\":\"ImageObject\",\"inLanguage\":\"sk-SK\",\"@id\":\"https:\\\/\\\/secure.gravatar.com\\\/avatar\\\/2bb7f1561282132fb5826dfeccc66c7996d11ee392ac6aaf7ced8a1c2027fbb2?s=96&d=mm&r=g\",\"url\":\"https:\\\/\\\/secure.gravatar.com\\\/avatar\\\/2bb7f1561282132fb5826dfeccc66c7996d11ee392ac6aaf7ced8a1c2027fbb2?s=96&d=mm&r=g\",\"contentUrl\":\"https:\\\/\\\/secure.gravatar.com\\\/avatar\\\/2bb7f1561282132fb5826dfeccc66c7996d11ee392ac6aaf7ced8a1c2027fbb2?s=96&d=mm&r=g\",\"caption\":\"Pova\u017esk\u00e9 m\u00fazeum\"}}]}<\/script>\n<!-- \/ Yoast SEO plugin. -->","yoast_head_json":{"title":"Fascinuj\u00face cicavce: FOTO + VIDEO - Pova\u017esk\u00e9 m\u00fazeum","robots":{"index":"index","follow":"follow","max-snippet":"max-snippet:-1","max-image-preview":"max-image-preview:large","max-video-preview":"max-video-preview:-1"},"canonical":"https:\/\/pmza.sk\/?p=15222","og_locale":"sk_SK","og_type":"article","og_title":"Fascinuj\u00face cicavce: FOTO + VIDEO - Pova\u017esk\u00e9 m\u00fazeum","og_description":"Pova\u017esk\u00e9 m\u00fazeum v\u00a0\u017diline pripravilo nov\u00fa pr\u00edrodovedn\u00fa v\u00fdstavu v\u00a0severnom pal\u00e1ci hradu Stre\u010dno, ktor\u00e1 na jednom mieste a\u00a0zbl\u00edzka pon\u00faka nev\u0161edn\u00fa mo\u017enos\u0165 vidie\u0165 v\u00a0najmen\u0161om rozl\u00ed\u0161en\u00ed a\u017e 22 druhov cicavcov. S\u00a0vyu\u017eit\u00edm modern\u00fdch sp\u00f4sobov in\u0161tal\u00e1cie vytv\u00e1ra autentick\u00fa atmosf\u00e9ru prostredia, v\u00a0ktorom na\u0161e cicavce skuto\u010dne \u017eij\u00fa. V\u00fdstava je s\u00fa\u010das\u0165ou be\u017enej prehliadky hradu a nav\u0161t\u00edvi\u0165 ju mo\u017eno od 25. marca do 23. j\u00fana [&hellip;]","og_url":"https:\/\/pmza.sk\/?p=15222","og_site_name":"Pova\u017esk\u00e9 m\u00fazeum","article_publisher":"https:\/\/www.facebook.com\/povazskemuzeum","article_published_time":"2016-03-25T19:53:21+00:00","og_image":[{"width":2221,"height":1981,"url":"https:\/\/pmza.sk\/wp-content\/uploads\/2016\/03\/Plsik-lieskovy_Foto-Miroslav-Saniga.jpg","type":"image\/jpeg"}],"author":"Pova\u017esk\u00e9 m\u00fazeum","twitter_card":"summary_large_image","twitter_misc":{"Autor":"Pova\u017esk\u00e9 m\u00fazeum","Predpokladan\u00fd \u010das \u010d\u00edtania":"2 min\u00faty"},"schema":{"@context":"https:\/\/schema.org","@graph":[{"@type":"Article","@id":"https:\/\/pmza.sk\/?p=15222#article","isPartOf":{"@id":"https:\/\/pmza.sk\/?p=15222"},"author":{"name":"Pova\u017esk\u00e9 m\u00fazeum","@id":"https:\/\/pmza.sk\/#\/schema\/person\/595e6a2ce731ea94dcd5d7f50a41ae33"},"headline":"Fascinuj\u00face cicavce: FOTO + VIDEO","datePublished":"2016-03-25T19:53:21+00:00","mainEntityOfPage":{"@id":"https:\/\/pmza.sk\/?p=15222"},"wordCount":329,"publisher":{"@id":"https:\/\/pmza.sk\/#organization"},"image":{"@id":"https:\/\/pmza.sk\/?p=15222#primaryimage"},"thumbnailUrl":"https:\/\/pmza.sk\/wp-content\/uploads\/2016\/03\/Plsik-lieskovy_Foto-Miroslav-Saniga.jpg","articleSection":["Arch\u00edv 2016"],"inLanguage":"sk-SK"},{"@type":"WebPage","@id":"https:\/\/pmza.sk\/?p=15222","url":"https:\/\/pmza.sk\/?p=15222","name":"Fascinuj\u00face cicavce: FOTO + VIDEO - Pova\u017esk\u00e9 m\u00fazeum","isPartOf":{"@id":"https:\/\/pmza.sk\/#website"},"primaryImageOfPage":{"@id":"https:\/\/pmza.sk\/?p=15222#primaryimage"},"image":{"@id":"https:\/\/pmza.sk\/?p=15222#primaryimage"},"thumbnailUrl":"https:\/\/pmza.sk\/wp-content\/uploads\/2016\/03\/Plsik-lieskovy_Foto-Miroslav-Saniga.jpg","datePublished":"2016-03-25T19:53:21+00:00","breadcrumb":{"@id":"https:\/\/pmza.sk\/?p=15222#breadcrumb"},"inLanguage":"sk-SK","potentialAction":[{"@type":"ReadAction","target":["https:\/\/pmza.sk\/?p=15222"]}]},{"@type":"ImageObject","inLanguage":"sk-SK","@id":"https:\/\/pmza.sk\/?p=15222#primaryimage","url":"https:\/\/pmza.sk\/wp-content\/uploads\/2016\/03\/Plsik-lieskovy_Foto-Miroslav-Saniga.jpg","contentUrl":"https:\/\/pmza.sk\/wp-content\/uploads\/2016\/03\/Plsik-lieskovy_Foto-Miroslav-Saniga.jpg","width":2221,"height":1981,"caption":"p\u013a\u0161ik lieskov\u00fd"},{"@type":"BreadcrumbList","@id":"https:\/\/pmza.sk\/?p=15222#breadcrumb","itemListElement":[{"@type":"ListItem","position":1,"name":"Domovsk\u00e1 str\u00e1nka","item":"https:\/\/pmza.sk\/"},{"@type":"ListItem","position":2,"name":"Fascinuj\u00face cicavce: FOTO + VIDEO"}]},{"@type":"WebSite","@id":"https:\/\/pmza.sk\/#website","url":"https:\/\/pmza.sk\/","name":"Pova\u017esk\u00e9 m\u00fazeum","description":"Pova\u017esk\u00e9 m\u00fazeum v \u017diline je region\u00e1lne m\u00fazeum so s\u00eddlom v Budat\u00edne. Jeho expoz\u00edcie s\u00fa zameran\u00e9 na dejiny slovensk\u00e9ho umenia, kult\u00fary a dopravy.","publisher":{"@id":"https:\/\/pmza.sk\/#organization"},"potentialAction":[{"@type":"SearchAction","target":{"@type":"EntryPoint","urlTemplate":"https:\/\/pmza.sk\/?s={search_term_string}"},"query-input":{"@type":"PropertyValueSpecification","valueRequired":true,"valueName":"search_term_string"}}],"inLanguage":"sk-SK"},{"@type":"Organization","@id":"https:\/\/pmza.sk\/#organization","name":"Pova\u017esk\u00e9 m\u00fazeum","url":"https:\/\/pmza.sk\/","logo":{"@type":"ImageObject","inLanguage":"sk-SK","@id":"https:\/\/pmza.sk\/#\/schema\/logo\/image\/","url":"https:\/\/pmza.sk\/wp-content\/uploads\/2022\/01\/logo_PM_horizontal.jpg","contentUrl":"https:\/\/pmza.sk\/wp-content\/uploads\/2022\/01\/logo_PM_horizontal.jpg","width":231,"height":142,"caption":"Pova\u017esk\u00e9 m\u00fazeum"},"image":{"@id":"https:\/\/pmza.sk\/#\/schema\/logo\/image\/"},"sameAs":["https:\/\/www.facebook.com\/povazskemuzeum","https:\/\/www.instagram.com\/povazskemuzeum\/"]},{"@type":"Person","@id":"https:\/\/pmza.sk\/#\/schema\/person\/595e6a2ce731ea94dcd5d7f50a41ae33","name":"Pova\u017esk\u00e9 m\u00fazeum","image":{"@type":"ImageObject","inLanguage":"sk-SK","@id":"https:\/\/secure.gravatar.com\/avatar\/2bb7f1561282132fb5826dfeccc66c7996d11ee392ac6aaf7ced8a1c2027fbb2?s=96&d=mm&r=g","url":"https:\/\/secure.gravatar.com\/avatar\/2bb7f1561282132fb5826dfeccc66c7996d11ee392ac6aaf7ced8a1c2027fbb2?s=96&d=mm&r=g","contentUrl":"https:\/\/secure.gravatar.com\/avatar\/2bb7f1561282132fb5826dfeccc66c7996d11ee392ac6aaf7ced8a1c2027fbb2?s=96&d=mm&r=g","caption":"Pova\u017esk\u00e9 m\u00fazeum"}}]}},"_links":{"self":[{"href":"https:\/\/pmza.sk\/index.php?rest_route=\/wp\/v2\/posts\/15222","targetHints":{"allow":["GET"]}}],"collection":[{"href":"https:\/\/pmza.sk\/index.php?rest_route=\/wp\/v2\/posts"}],"about":[{"href":"https:\/\/pmza.sk\/index.php?rest_route=\/wp\/v2\/types\/post"}],"author":[{"embeddable":true,"href":"https:\/\/pmza.sk\/index.php?rest_route=\/wp\/v2\/users\/2"}],"replies":[{"embeddable":true,"href":"https:\/\/pmza.sk\/index.php?rest_route=%2Fwp%2Fv2%2Fcomments&post=15222"}],"version-history":[{"count":0,"href":"https:\/\/pmza.sk\/index.php?rest_route=\/wp\/v2\/posts\/15222\/revisions"}],"wp:featuredmedia":[{"embeddable":true,"href":"https:\/\/pmza.sk\/index.php?rest_route=\/wp\/v2\/media\/15220"}],"wp:attachment":[{"href":"https:\/\/pmza.sk\/index.php?rest_route=%2Fwp%2Fv2%2Fmedia&parent=15222"}],"wp:term":[{"taxonomy":"category","embeddable":true,"href":"https:\/\/pmza.sk\/index.php?rest_route=%2Fwp%2Fv2%2Fcategories&post=15222"},{"taxonomy":"post_tag","embeddable":true,"href":"https:\/\/pmza.sk\/index.php?rest_route=%2Fwp%2Fv2%2Ftags&post=15222"}],"curies":[{"name":"wp","href":"https:\/\/api.w.org\/{rel}","templated":true}]}}