{"id":15297,"date":"2016-03-25T17:24:29","date_gmt":"2016-03-25T16:24:29","guid":{"rendered":"https:\/\/pmza.sk.sk\/?p=15297"},"modified":"2016-03-25T17:24:29","modified_gmt":"2016-03-25T16:24:29","slug":"dlatom-a-stetcom","status":"publish","type":"post","link":"https:\/\/pmza.sk\/?p=15297","title":{"rendered":"Dl\u00e1tom a \u0161tetcom"},"content":{"rendered":"<p>Pova\u017esk\u00e9 m\u00fazeum v\u00a0\u017diline pripravilo p\u00fatav\u00fa v\u00fdstavu, ktor\u00e1 predstavuje rozsiahlu tvorbu v\u00fdznamn\u00e9ho slovensk\u00e9ho \u013eudov\u00e9ho rezb\u00e1ra Antona Kaduru z\u00a0Podvysokej a\u00a0jeho dc\u00e9ry Evy Comorkovej-Kadurovej s\u00a0ma\u013ebou na drevo. V\u00fdstava je in\u0161talovan\u00e1 vo v\u00fdstavn\u00fdch priestoroch administrat\u00edvnej budovy Pova\u017esk\u00e9ho m\u00fazea v\u00a0\u017diline v\u00a0are\u00e1li Budat\u00ednskeho hradu. Pr\u00edstupn\u00e1 pre n\u00e1v\u0161tevn\u00edkov bude od 5. apr\u00edla do 12. j\u00fana 2016. Vernis\u00e1\u017e je napl\u00e1novan\u00e1 na utorok 5. apr\u00edla o\u00a017. hodine v\u00a0administrat\u00edvnej budove.<\/p>\n<p><u>O\u00a0autoroch:<\/u><\/p>\n<p><strong>Anton Kadura<\/strong><\/p>\n<p>Patr\u00ed medzi najv\u00fdznamnej\u0161\u00edch kysuck\u00fdch rezb\u00e1rov s\u00fa\u010dasnosti. K rezb\u00e1rstvu ho priviedol jeho otec a venuje sa mu od roku 1980. Ako s\u00e1m hovor\u00ed, pre in\u0161pir\u00e1ciu sta\u010d\u00ed chodi\u0165 s\u00a0otvoren\u00fdmi o\u010dami alebo zalistova\u0165 v\u00a0pam\u00e4ti.<\/p>\n<p>Jeho ob\u013e\u00faben\u00fdmi t\u00e9mami s\u00fa kysuck\u00e9 dreveni\u010dky a\u00a0betlehemy. Medzi najv\u00fdznamnej\u0161ie diela patria: Kr\u00ed\u017eov\u00e1 cesta na Vrch \u017div\u010d\u00e1k, Kr\u00ed\u017eov\u00e1 cesta v\u00a0kostole v\u00a0Ole\u0161nej, Betlehemy v\u00a0kostoloch. Podie\u013eal sa aj na realiz\u00e1cii unik\u00e1tneho \u010cesko \u2013 slovensk\u00e9ho mechanick\u00e9ho betlehemu v\u00a0Hornej Lid\u010di. Je jedn\u00fdm z autorov betlehemu v\u00a0\u017diline (v \u017eivotnej ve\u013ekosti). V\u00a0meste Turzovka patr\u00ed k\u00a0spoluzakladate\u013eom Medzin\u00e1rodn\u00e9ho rezb\u00e1rskeho plen\u00e9ru \u201eDreven\u00e9 tajomstv\u00e1\u201c.<\/p>\n<p>V\u00a0roku 2008 mu bol N\u00e1rodnou certifika\u010dnou komisiou zlo\u017eenou zo z\u00e1stupcov REC Bratislava zainteresovan\u00fdch ministerstiev a\u00a0odborn\u00fdch ustanovizn\u00ed udelen\u00fd certifik\u00e1t \u201eKYSUCE \u2013 ORIGIN\u00c1LNY PRODUKT\u201c. Tento certifik\u00e1t d\u00e1va v\u00fdrobkom punc originality a\u00a0zvidite\u013e\u0148uje kraj Kysuce na Slovensku aj v\u00a0zahrani\u010d\u00ed. Od roku 1994 pracuje profesion\u00e1lne ako \u013eudovo-umeleck\u00fd rezb\u00e1r. \u017dije a\u00a0tvor\u00ed v\u00a0Podvysokej.<\/p>\n<p><strong>Eva Comorkov\u00e1-Kadurov\u00e1<\/strong><\/p>\n<p>Po\u010das \u0161t\u00fadia na vysokej \u0161kole sa za\u010dala venova\u0165 ma\u013ebe na pl\u00e1tno. Viedol ju v\u00fdznamn\u00fd surrealistick\u00fd maliar profesor Karol Baron. Vo svojich ma\u013eb\u00e1ch pou\u017e\u00edva v\u00fdrazn\u00e9 farby a\u00a0nikdy nepou\u017e\u00edva \u010diernu. V\u00a0ma\u013ebe na drevo sa sna\u017e\u00ed zv\u00fdraz\u0148ova\u0165 letokruhy a\u00a0dop\u013a\u0148a\u0165 ich realistickou ma\u013ebu. \u00dastredn\u00fdm n\u00e1metom a\u00a0nevy\u010derpate\u013enou in\u0161pir\u00e1ciou sa jej stali tv\u00e1re det\u00ed, \u017eien a\u00a0mu\u017eov.<\/p>\n","protected":false},"excerpt":{"rendered":"<p>Pova\u017esk\u00e9 m\u00fazeum v\u00a0\u017diline pripravilo p\u00fatav\u00fa v\u00fdstavu, ktor\u00e1 predstavuje rozsiahlu tvorbu v\u00fdznamn\u00e9ho slovensk\u00e9ho \u013eudov\u00e9ho rezb\u00e1ra Antona Kaduru z\u00a0Podvysokej a\u00a0jeho dc\u00e9ry Evy Comorkovej-Kadurovej s\u00a0ma\u013ebou na drevo. V\u00fdstava je in\u0161talovan\u00e1 vo v\u00fdstavn\u00fdch priestoroch administrat\u00edvnej budovy Pova\u017esk\u00e9ho m\u00fazea v\u00a0\u017diline v\u00a0are\u00e1li Budat\u00ednskeho hradu. Pr\u00edstupn\u00e1 pre n\u00e1v\u0161tevn\u00edkov bude od 5. apr\u00edla do 12. j\u00fana 2016. Vernis\u00e1\u017e je napl\u00e1novan\u00e1 na utorok 5. [&hellip;]<\/p>\n","protected":false},"author":2,"featured_media":15296,"comment_status":"closed","ping_status":"closed","sticky":false,"template":"","format":"standard","meta":{"site-sidebar-layout":"default","site-content-layout":"","ast-site-content-layout":"","site-content-style":"default","site-sidebar-style":"default","ast-global-header-display":"","ast-banner-title-visibility":"","ast-main-header-display":"","ast-hfb-above-header-display":"","ast-hfb-below-header-display":"","ast-hfb-mobile-header-display":"","site-post-title":"","ast-breadcrumbs-content":"","ast-featured-img":"","footer-sml-layout":"","theme-transparent-header-meta":"","adv-header-id-meta":"","stick-header-meta":"","header-above-stick-meta":"","header-main-stick-meta":"","header-below-stick-meta":"","astra-migrate-meta-layouts":"default","ast-page-background-enabled":"default","ast-page-background-meta":{"desktop":{"background-color":"var(--ast-global-color-4)","background-image":"","background-repeat":"repeat","background-position":"center center","background-size":"auto","background-attachment":"scroll","background-type":"","background-media":"","overlay-type":"","overlay-color":"","overlay-opacity":"","overlay-gradient":""},"tablet":{"background-color":"","background-image":"","background-repeat":"repeat","background-position":"center center","background-size":"auto","background-attachment":"scroll","background-type":"","background-media":"","overlay-type":"","overlay-color":"","overlay-opacity":"","overlay-gradient":""},"mobile":{"background-color":"","background-image":"","background-repeat":"repeat","background-position":"center center","background-size":"auto","background-attachment":"scroll","background-type":"","background-media":"","overlay-type":"","overlay-color":"","overlay-opacity":"","overlay-gradient":""}},"ast-content-background-meta":{"desktop":{"background-color":"var(--ast-global-color-5)","background-image":"","background-repeat":"repeat","background-position":"center center","background-size":"auto","background-attachment":"scroll","background-type":"","background-media":"","overlay-type":"","overlay-color":"","overlay-opacity":"","overlay-gradient":""},"tablet":{"background-color":"var(--ast-global-color-5)","background-image":"","background-repeat":"repeat","background-position":"center center","background-size":"auto","background-attachment":"scroll","background-type":"","background-media":"","overlay-type":"","overlay-color":"","overlay-opacity":"","overlay-gradient":""},"mobile":{"background-color":"var(--ast-global-color-5)","background-image":"","background-repeat":"repeat","background-position":"center center","background-size":"auto","background-attachment":"scroll","background-type":"","background-media":"","overlay-type":"","overlay-color":"","overlay-opacity":"","overlay-gradient":""}},"footnotes":""},"categories":[50],"tags":[],"class_list":["post-15297","post","type-post","status-publish","format-standard","has-post-thumbnail","hentry","category-archiv-2016"],"yoast_head":"<!-- This site is optimized with the Yoast SEO plugin v27.4 - https:\/\/yoast.com\/product\/yoast-seo-wordpress\/ -->\n<title>Dl\u00e1tom a \u0161tetcom - Pova\u017esk\u00e9 m\u00fazeum<\/title>\n<meta name=\"robots\" content=\"index, follow, max-snippet:-1, max-image-preview:large, max-video-preview:-1\" \/>\n<link rel=\"canonical\" href=\"https:\/\/pmza.sk\/?p=15297\" \/>\n<meta property=\"og:locale\" content=\"sk_SK\" \/>\n<meta property=\"og:type\" content=\"article\" \/>\n<meta property=\"og:title\" content=\"Dl\u00e1tom a \u0161tetcom - Pova\u017esk\u00e9 m\u00fazeum\" \/>\n<meta property=\"og:description\" content=\"Pova\u017esk\u00e9 m\u00fazeum v\u00a0\u017diline pripravilo p\u00fatav\u00fa v\u00fdstavu, ktor\u00e1 predstavuje rozsiahlu tvorbu v\u00fdznamn\u00e9ho slovensk\u00e9ho \u013eudov\u00e9ho rezb\u00e1ra Antona Kaduru z\u00a0Podvysokej a\u00a0jeho dc\u00e9ry Evy Comorkovej-Kadurovej s\u00a0ma\u013ebou na drevo. V\u00fdstava je in\u0161talovan\u00e1 vo v\u00fdstavn\u00fdch priestoroch administrat\u00edvnej budovy Pova\u017esk\u00e9ho m\u00fazea v\u00a0\u017diline v\u00a0are\u00e1li Budat\u00ednskeho hradu. Pr\u00edstupn\u00e1 pre n\u00e1v\u0161tevn\u00edkov bude od 5. apr\u00edla do 12. j\u00fana 2016. Vernis\u00e1\u017e je napl\u00e1novan\u00e1 na utorok 5. [&hellip;]\" \/>\n<meta property=\"og:url\" content=\"https:\/\/pmza.sk\/?p=15297\" \/>\n<meta property=\"og:site_name\" content=\"Pova\u017esk\u00e9 m\u00fazeum\" \/>\n<meta property=\"article:publisher\" content=\"https:\/\/www.facebook.com\/povazskemuzeum\" \/>\n<meta property=\"article:published_time\" content=\"2016-03-25T16:24:29+00:00\" \/>\n<meta property=\"og:image\" content=\"https:\/\/pmza.sk\/wp-content\/uploads\/2016\/03\/plagat.jpg\" \/>\n\t<meta property=\"og:image:width\" content=\"552\" \/>\n\t<meta property=\"og:image:height\" content=\"780\" \/>\n\t<meta property=\"og:image:type\" content=\"image\/jpeg\" \/>\n<meta name=\"author\" content=\"Pova\u017esk\u00e9 m\u00fazeum\" \/>\n<meta name=\"twitter:card\" content=\"summary_large_image\" \/>\n<meta name=\"twitter:label1\" content=\"Autor\" \/>\n\t<meta name=\"twitter:data1\" content=\"Pova\u017esk\u00e9 m\u00fazeum\" \/>\n\t<meta name=\"twitter:label2\" content=\"Predpokladan\u00fd \u010das \u010d\u00edtania\" \/>\n\t<meta name=\"twitter:data2\" content=\"2 min\u00faty\" \/>\n<script type=\"application\/ld+json\" class=\"yoast-schema-graph\">{\"@context\":\"https:\\\/\\\/schema.org\",\"@graph\":[{\"@type\":\"Article\",\"@id\":\"https:\\\/\\\/pmza.sk\\\/?p=15297#article\",\"isPartOf\":{\"@id\":\"https:\\\/\\\/pmza.sk\\\/?p=15297\"},\"author\":{\"name\":\"Pova\u017esk\u00e9 m\u00fazeum\",\"@id\":\"https:\\\/\\\/pmza.sk\\\/#\\\/schema\\\/person\\\/595e6a2ce731ea94dcd5d7f50a41ae33\"},\"headline\":\"Dl\u00e1tom a \u0161tetcom\",\"datePublished\":\"2016-03-25T16:24:29+00:00\",\"mainEntityOfPage\":{\"@id\":\"https:\\\/\\\/pmza.sk\\\/?p=15297\"},\"wordCount\":373,\"publisher\":{\"@id\":\"https:\\\/\\\/pmza.sk\\\/#organization\"},\"image\":{\"@id\":\"https:\\\/\\\/pmza.sk\\\/?p=15297#primaryimage\"},\"thumbnailUrl\":\"https:\\\/\\\/pmza.sk\\\/wp-content\\\/uploads\\\/2016\\\/03\\\/plagat.jpg\",\"articleSection\":[\"Arch\u00edv 2016\"],\"inLanguage\":\"sk-SK\"},{\"@type\":\"WebPage\",\"@id\":\"https:\\\/\\\/pmza.sk\\\/?p=15297\",\"url\":\"https:\\\/\\\/pmza.sk\\\/?p=15297\",\"name\":\"Dl\u00e1tom a \u0161tetcom - Pova\u017esk\u00e9 m\u00fazeum\",\"isPartOf\":{\"@id\":\"https:\\\/\\\/pmza.sk\\\/#website\"},\"primaryImageOfPage\":{\"@id\":\"https:\\\/\\\/pmza.sk\\\/?p=15297#primaryimage\"},\"image\":{\"@id\":\"https:\\\/\\\/pmza.sk\\\/?p=15297#primaryimage\"},\"thumbnailUrl\":\"https:\\\/\\\/pmza.sk\\\/wp-content\\\/uploads\\\/2016\\\/03\\\/plagat.jpg\",\"datePublished\":\"2016-03-25T16:24:29+00:00\",\"breadcrumb\":{\"@id\":\"https:\\\/\\\/pmza.sk\\\/?p=15297#breadcrumb\"},\"inLanguage\":\"sk-SK\",\"potentialAction\":[{\"@type\":\"ReadAction\",\"target\":[\"https:\\\/\\\/pmza.sk\\\/?p=15297\"]}]},{\"@type\":\"ImageObject\",\"inLanguage\":\"sk-SK\",\"@id\":\"https:\\\/\\\/pmza.sk\\\/?p=15297#primaryimage\",\"url\":\"https:\\\/\\\/pmza.sk\\\/wp-content\\\/uploads\\\/2016\\\/03\\\/plagat.jpg\",\"contentUrl\":\"https:\\\/\\\/pmza.sk\\\/wp-content\\\/uploads\\\/2016\\\/03\\\/plagat.jpg\",\"width\":552,\"height\":780},{\"@type\":\"BreadcrumbList\",\"@id\":\"https:\\\/\\\/pmza.sk\\\/?p=15297#breadcrumb\",\"itemListElement\":[{\"@type\":\"ListItem\",\"position\":1,\"name\":\"Domovsk\u00e1 str\u00e1nka\",\"item\":\"https:\\\/\\\/pmza.sk\\\/\"},{\"@type\":\"ListItem\",\"position\":2,\"name\":\"Dl\u00e1tom a \u0161tetcom\"}]},{\"@type\":\"WebSite\",\"@id\":\"https:\\\/\\\/pmza.sk\\\/#website\",\"url\":\"https:\\\/\\\/pmza.sk\\\/\",\"name\":\"Pova\u017esk\u00e9 m\u00fazeum\",\"description\":\"Pova\u017esk\u00e9 m\u00fazeum v \u017diline je region\u00e1lne m\u00fazeum so s\u00eddlom v Budat\u00edne. Jeho expoz\u00edcie s\u00fa zameran\u00e9 na dejiny slovensk\u00e9ho umenia, kult\u00fary a dopravy.\",\"publisher\":{\"@id\":\"https:\\\/\\\/pmza.sk\\\/#organization\"},\"potentialAction\":[{\"@type\":\"SearchAction\",\"target\":{\"@type\":\"EntryPoint\",\"urlTemplate\":\"https:\\\/\\\/pmza.sk\\\/?s={search_term_string}\"},\"query-input\":{\"@type\":\"PropertyValueSpecification\",\"valueRequired\":true,\"valueName\":\"search_term_string\"}}],\"inLanguage\":\"sk-SK\"},{\"@type\":\"Organization\",\"@id\":\"https:\\\/\\\/pmza.sk\\\/#organization\",\"name\":\"Pova\u017esk\u00e9 m\u00fazeum\",\"url\":\"https:\\\/\\\/pmza.sk\\\/\",\"logo\":{\"@type\":\"ImageObject\",\"inLanguage\":\"sk-SK\",\"@id\":\"https:\\\/\\\/pmza.sk\\\/#\\\/schema\\\/logo\\\/image\\\/\",\"url\":\"https:\\\/\\\/pmza.sk\\\/wp-content\\\/uploads\\\/2022\\\/01\\\/logo_PM_horizontal.jpg\",\"contentUrl\":\"https:\\\/\\\/pmza.sk\\\/wp-content\\\/uploads\\\/2022\\\/01\\\/logo_PM_horizontal.jpg\",\"width\":231,\"height\":142,\"caption\":\"Pova\u017esk\u00e9 m\u00fazeum\"},\"image\":{\"@id\":\"https:\\\/\\\/pmza.sk\\\/#\\\/schema\\\/logo\\\/image\\\/\"},\"sameAs\":[\"https:\\\/\\\/www.facebook.com\\\/povazskemuzeum\",\"https:\\\/\\\/www.instagram.com\\\/povazskemuzeum\\\/\"]},{\"@type\":\"Person\",\"@id\":\"https:\\\/\\\/pmza.sk\\\/#\\\/schema\\\/person\\\/595e6a2ce731ea94dcd5d7f50a41ae33\",\"name\":\"Pova\u017esk\u00e9 m\u00fazeum\",\"image\":{\"@type\":\"ImageObject\",\"inLanguage\":\"sk-SK\",\"@id\":\"https:\\\/\\\/secure.gravatar.com\\\/avatar\\\/2bb7f1561282132fb5826dfeccc66c7996d11ee392ac6aaf7ced8a1c2027fbb2?s=96&d=mm&r=g\",\"url\":\"https:\\\/\\\/secure.gravatar.com\\\/avatar\\\/2bb7f1561282132fb5826dfeccc66c7996d11ee392ac6aaf7ced8a1c2027fbb2?s=96&d=mm&r=g\",\"contentUrl\":\"https:\\\/\\\/secure.gravatar.com\\\/avatar\\\/2bb7f1561282132fb5826dfeccc66c7996d11ee392ac6aaf7ced8a1c2027fbb2?s=96&d=mm&r=g\",\"caption\":\"Pova\u017esk\u00e9 m\u00fazeum\"}}]}<\/script>\n<!-- \/ Yoast SEO plugin. -->","yoast_head_json":{"title":"Dl\u00e1tom a \u0161tetcom - Pova\u017esk\u00e9 m\u00fazeum","robots":{"index":"index","follow":"follow","max-snippet":"max-snippet:-1","max-image-preview":"max-image-preview:large","max-video-preview":"max-video-preview:-1"},"canonical":"https:\/\/pmza.sk\/?p=15297","og_locale":"sk_SK","og_type":"article","og_title":"Dl\u00e1tom a \u0161tetcom - Pova\u017esk\u00e9 m\u00fazeum","og_description":"Pova\u017esk\u00e9 m\u00fazeum v\u00a0\u017diline pripravilo p\u00fatav\u00fa v\u00fdstavu, ktor\u00e1 predstavuje rozsiahlu tvorbu v\u00fdznamn\u00e9ho slovensk\u00e9ho \u013eudov\u00e9ho rezb\u00e1ra Antona Kaduru z\u00a0Podvysokej a\u00a0jeho dc\u00e9ry Evy Comorkovej-Kadurovej s\u00a0ma\u013ebou na drevo. V\u00fdstava je in\u0161talovan\u00e1 vo v\u00fdstavn\u00fdch priestoroch administrat\u00edvnej budovy Pova\u017esk\u00e9ho m\u00fazea v\u00a0\u017diline v\u00a0are\u00e1li Budat\u00ednskeho hradu. Pr\u00edstupn\u00e1 pre n\u00e1v\u0161tevn\u00edkov bude od 5. apr\u00edla do 12. j\u00fana 2016. Vernis\u00e1\u017e je napl\u00e1novan\u00e1 na utorok 5. [&hellip;]","og_url":"https:\/\/pmza.sk\/?p=15297","og_site_name":"Pova\u017esk\u00e9 m\u00fazeum","article_publisher":"https:\/\/www.facebook.com\/povazskemuzeum","article_published_time":"2016-03-25T16:24:29+00:00","og_image":[{"width":552,"height":780,"url":"https:\/\/pmza.sk\/wp-content\/uploads\/2016\/03\/plagat.jpg","type":"image\/jpeg"}],"author":"Pova\u017esk\u00e9 m\u00fazeum","twitter_card":"summary_large_image","twitter_misc":{"Autor":"Pova\u017esk\u00e9 m\u00fazeum","Predpokladan\u00fd \u010das \u010d\u00edtania":"2 min\u00faty"},"schema":{"@context":"https:\/\/schema.org","@graph":[{"@type":"Article","@id":"https:\/\/pmza.sk\/?p=15297#article","isPartOf":{"@id":"https:\/\/pmza.sk\/?p=15297"},"author":{"name":"Pova\u017esk\u00e9 m\u00fazeum","@id":"https:\/\/pmza.sk\/#\/schema\/person\/595e6a2ce731ea94dcd5d7f50a41ae33"},"headline":"Dl\u00e1tom a \u0161tetcom","datePublished":"2016-03-25T16:24:29+00:00","mainEntityOfPage":{"@id":"https:\/\/pmza.sk\/?p=15297"},"wordCount":373,"publisher":{"@id":"https:\/\/pmza.sk\/#organization"},"image":{"@id":"https:\/\/pmza.sk\/?p=15297#primaryimage"},"thumbnailUrl":"https:\/\/pmza.sk\/wp-content\/uploads\/2016\/03\/plagat.jpg","articleSection":["Arch\u00edv 2016"],"inLanguage":"sk-SK"},{"@type":"WebPage","@id":"https:\/\/pmza.sk\/?p=15297","url":"https:\/\/pmza.sk\/?p=15297","name":"Dl\u00e1tom a \u0161tetcom - Pova\u017esk\u00e9 m\u00fazeum","isPartOf":{"@id":"https:\/\/pmza.sk\/#website"},"primaryImageOfPage":{"@id":"https:\/\/pmza.sk\/?p=15297#primaryimage"},"image":{"@id":"https:\/\/pmza.sk\/?p=15297#primaryimage"},"thumbnailUrl":"https:\/\/pmza.sk\/wp-content\/uploads\/2016\/03\/plagat.jpg","datePublished":"2016-03-25T16:24:29+00:00","breadcrumb":{"@id":"https:\/\/pmza.sk\/?p=15297#breadcrumb"},"inLanguage":"sk-SK","potentialAction":[{"@type":"ReadAction","target":["https:\/\/pmza.sk\/?p=15297"]}]},{"@type":"ImageObject","inLanguage":"sk-SK","@id":"https:\/\/pmza.sk\/?p=15297#primaryimage","url":"https:\/\/pmza.sk\/wp-content\/uploads\/2016\/03\/plagat.jpg","contentUrl":"https:\/\/pmza.sk\/wp-content\/uploads\/2016\/03\/plagat.jpg","width":552,"height":780},{"@type":"BreadcrumbList","@id":"https:\/\/pmza.sk\/?p=15297#breadcrumb","itemListElement":[{"@type":"ListItem","position":1,"name":"Domovsk\u00e1 str\u00e1nka","item":"https:\/\/pmza.sk\/"},{"@type":"ListItem","position":2,"name":"Dl\u00e1tom a \u0161tetcom"}]},{"@type":"WebSite","@id":"https:\/\/pmza.sk\/#website","url":"https:\/\/pmza.sk\/","name":"Pova\u017esk\u00e9 m\u00fazeum","description":"Pova\u017esk\u00e9 m\u00fazeum v \u017diline je region\u00e1lne m\u00fazeum so s\u00eddlom v Budat\u00edne. Jeho expoz\u00edcie s\u00fa zameran\u00e9 na dejiny slovensk\u00e9ho umenia, kult\u00fary a dopravy.","publisher":{"@id":"https:\/\/pmza.sk\/#organization"},"potentialAction":[{"@type":"SearchAction","target":{"@type":"EntryPoint","urlTemplate":"https:\/\/pmza.sk\/?s={search_term_string}"},"query-input":{"@type":"PropertyValueSpecification","valueRequired":true,"valueName":"search_term_string"}}],"inLanguage":"sk-SK"},{"@type":"Organization","@id":"https:\/\/pmza.sk\/#organization","name":"Pova\u017esk\u00e9 m\u00fazeum","url":"https:\/\/pmza.sk\/","logo":{"@type":"ImageObject","inLanguage":"sk-SK","@id":"https:\/\/pmza.sk\/#\/schema\/logo\/image\/","url":"https:\/\/pmza.sk\/wp-content\/uploads\/2022\/01\/logo_PM_horizontal.jpg","contentUrl":"https:\/\/pmza.sk\/wp-content\/uploads\/2022\/01\/logo_PM_horizontal.jpg","width":231,"height":142,"caption":"Pova\u017esk\u00e9 m\u00fazeum"},"image":{"@id":"https:\/\/pmza.sk\/#\/schema\/logo\/image\/"},"sameAs":["https:\/\/www.facebook.com\/povazskemuzeum","https:\/\/www.instagram.com\/povazskemuzeum\/"]},{"@type":"Person","@id":"https:\/\/pmza.sk\/#\/schema\/person\/595e6a2ce731ea94dcd5d7f50a41ae33","name":"Pova\u017esk\u00e9 m\u00fazeum","image":{"@type":"ImageObject","inLanguage":"sk-SK","@id":"https:\/\/secure.gravatar.com\/avatar\/2bb7f1561282132fb5826dfeccc66c7996d11ee392ac6aaf7ced8a1c2027fbb2?s=96&d=mm&r=g","url":"https:\/\/secure.gravatar.com\/avatar\/2bb7f1561282132fb5826dfeccc66c7996d11ee392ac6aaf7ced8a1c2027fbb2?s=96&d=mm&r=g","contentUrl":"https:\/\/secure.gravatar.com\/avatar\/2bb7f1561282132fb5826dfeccc66c7996d11ee392ac6aaf7ced8a1c2027fbb2?s=96&d=mm&r=g","caption":"Pova\u017esk\u00e9 m\u00fazeum"}}]}},"_links":{"self":[{"href":"https:\/\/pmza.sk\/index.php?rest_route=\/wp\/v2\/posts\/15297","targetHints":{"allow":["GET"]}}],"collection":[{"href":"https:\/\/pmza.sk\/index.php?rest_route=\/wp\/v2\/posts"}],"about":[{"href":"https:\/\/pmza.sk\/index.php?rest_route=\/wp\/v2\/types\/post"}],"author":[{"embeddable":true,"href":"https:\/\/pmza.sk\/index.php?rest_route=\/wp\/v2\/users\/2"}],"replies":[{"embeddable":true,"href":"https:\/\/pmza.sk\/index.php?rest_route=%2Fwp%2Fv2%2Fcomments&post=15297"}],"version-history":[{"count":0,"href":"https:\/\/pmza.sk\/index.php?rest_route=\/wp\/v2\/posts\/15297\/revisions"}],"wp:featuredmedia":[{"embeddable":true,"href":"https:\/\/pmza.sk\/index.php?rest_route=\/wp\/v2\/media\/15296"}],"wp:attachment":[{"href":"https:\/\/pmza.sk\/index.php?rest_route=%2Fwp%2Fv2%2Fmedia&parent=15297"}],"wp:term":[{"taxonomy":"category","embeddable":true,"href":"https:\/\/pmza.sk\/index.php?rest_route=%2Fwp%2Fv2%2Fcategories&post=15297"},{"taxonomy":"post_tag","embeddable":true,"href":"https:\/\/pmza.sk\/index.php?rest_route=%2Fwp%2Fv2%2Ftags&post=15297"}],"curies":[{"name":"wp","href":"https:\/\/api.w.org\/{rel}","templated":true}]}}