{"id":15320,"date":"2016-03-31T14:56:29","date_gmt":"2016-03-31T12:56:29","guid":{"rendered":"https:\/\/pmza.sk.sk\/?p=15320"},"modified":"2016-03-31T14:56:29","modified_gmt":"2016-03-31T12:56:29","slug":"zilina-bude-opat-ziarit-modrou-symbolom-autizmu","status":"publish","type":"post","link":"https:\/\/pmza.sk\/?p=15320","title":{"rendered":"\u017dilina bude op\u00e4\u0165 \u017eiari\u0165 modrou \u2013 symbolom autizmu Fotogal\u00e9ria"},"content":{"rendered":"<p><strong>Mesto \u017dilina pri pr\u00edle\u017eitosti Svetov\u00e9ho d\u0148a povedomia o\u00a0autizme (2. apr\u00edl), vyjadr\u00ed svoju solidaritu s\u00a0autizmom modr\u00fdm vysvieten\u00edm \u017dilinskej radnice, Burianovej ve\u017ee a\u00a0Budat\u00ednskej ve\u017ee.<\/strong><\/p>\n<p><strong>ARE\u00c1L BUDAT\u00cdNSKEHO HRADU<\/strong><\/p>\n<p>Poz\u00fdvame v\u0161etk\u00fdch, ktor\u00ed chc\u00fa vyjadri\u0165 solidaritu s\u00a0\u013eu\u010fmi s\u00a0autizmom, do parku Budat\u00ednskeho hradu. Od 17:00 si zahr\u00e1me spolo\u010dne hradn\u00e9 hry (tandemov\u00e9 ly\u017ee, hod na cie\u013e, labyrint&#8230;) a\u00a0po\u010dk\u00e1me si na zotmenie, kedy sa vysvieti ve\u017ea Budat\u00ednskeho hradu namodro. \u0160peci\u00e1lne budete ma\u0165 mo\u017enos\u0165 prehliadnu\u0165 si Budat\u00ednsku ve\u017eu aj zvn\u00fatra \u2013 po minuloro\u010dnom ve\u013ekom z\u00e1ujme organizujeme spolo\u010dne s\u00a0Pova\u017esk\u00fdm m\u00fazeom v\u00a0\u017diline &#8211; ve\u010dern\u00e9 prehliadky op\u00e4\u0165. Vst\u00fapi\u0165 do ve\u017ee budete m\u00f4c\u0165 od 18:00 \u2013 19:00.<\/p>\n<p><strong>MARI\u00c1NSKE N\u00c1MESTIE<\/strong><\/p>\n<p>Vyjadri\u0165 solidaritu s\u00a0\u013eu\u010fmi s\u00a0autizmom m\u00f4\u017eeme prostredn\u00edctvom modrej farby akoko\u013evek. Napr\u00edklad aj pre\u010d\u00edtan\u00edm kni\u017eky v\u00a0modrom obale. A\u00a0na toto chce upozorni\u0165 kn\u00edhkupectvo Artforum svojim modr\u00fdm v\u00fdkladom. Ke\u010f p\u00f4jdete okolo, ur\u010dite ho neprehliadnite.<\/p>\n<p>Po zotmen\u00ed bude svieti\u0165 namodro aj Radnica mesta \u017dilina a\u00a0Burianova ve\u017ea.<\/p>\n<p><strong>\u00a0<\/strong><\/p>\n<p>V\u00fdznamn\u00e1 svetov\u00e1 organiz\u00e1cia <strong>AUTISM SPEAKS<\/strong> vedie od roku 2008 medzin\u00e1rodn\u00fa kampa\u0148 <strong>LIGHT IT UP BLUE<\/strong>, \u010do v preklade znamen\u00e1 <strong>VYSVIE\u0164ME TO NA MODRO.<\/strong> V tento de\u0148 v\u00fdznamn\u00e9 budovy a pam\u00e4tihodnosti po celom svete (Empire State Building, New York, Opera v Sydney, Niagarsk\u00e9 vodop\u00e1dy, Kanada, Svetov\u00e9 obchodn\u00e9 centrum, Bahrain, Parlament v Budape\u0161ti&#8230;) bud\u00fa vysvieten\u00e9 modr\u00fdm svetlom. K tejto kampani sa ka\u017edoro\u010dne prip\u00e1ja aj Slovensko.<\/p>\n<p>Modr\u00e1 farba je farbou komunik\u00e1cie a\u00a0z\u00e1rove\u0148 symbolom autizmu<strong>, <\/strong>v\u00fdvinovej poruchy, ktor\u00e1 ovplyv\u0148uje v s\u00fa\u010dasnosti viac ako 70 mili\u00f3nov \u013eud\u00ed na celom svete. Modr\u00e1 sa z\u00e1rove\u0148 stala \u00fastrednou farbou celosvetovej kampane <strong>LIGHT IT UP BLUE.<\/strong><\/p>\n<p><strong>SPOSA \u2013\u017dR<\/strong> (Spolo\u010dnos\u0165 na pomoc osob\u00e1m s autizmom &#8211; \u017dilinsk\u00fd regi\u00f3n) sa u\u017e po \u0161tvrt\u00fdkr\u00e1t zap\u00e1ja do modrej kampane. Ku kampani sa prip\u00e1ja aj MESTO \u017dILINA a\u00a0POVA\u017dSK\u00c9 M\u00daZEUM.<\/p>\n<p>&nbsp;<\/p>\n<p>Viac tu: <a href=\"http:\/\/www.sposazr.sk\/?utm_source=copy&amp;utm_medium=paste&amp;utm_campaign=copypaste&amp;utm_content=http%3A%2F%2Fwww.sposazr.sk%2F\">http:\/\/www.sposazr.sk\/<\/a><\/p>\n<p><a href=\"https:\/\/pmza.sk.sk\/foto-mdd\/?album=137\">FOTOGAL\u00c9RIA<\/a><\/p>\n","protected":false},"excerpt":{"rendered":"<p>Mesto \u017dilina pri pr\u00edle\u017eitosti Svetov\u00e9ho d\u0148a povedomia o\u00a0autizme (2. apr\u00edl), vyjadr\u00ed svoju solidaritu s\u00a0autizmom modr\u00fdm vysvieten\u00edm \u017dilinskej radnice, Burianovej ve\u017ee a\u00a0Budat\u00ednskej ve\u017ee. ARE\u00c1L BUDAT\u00cdNSKEHO HRADU Poz\u00fdvame v\u0161etk\u00fdch, ktor\u00ed chc\u00fa vyjadri\u0165 solidaritu s\u00a0\u013eu\u010fmi s\u00a0autizmom, do parku Budat\u00ednskeho hradu. Od 17:00 si zahr\u00e1me spolo\u010dne hradn\u00e9 hry (tandemov\u00e9 ly\u017ee, hod na cie\u013e, labyrint&#8230;) a\u00a0po\u010dk\u00e1me si na zotmenie, kedy [&hellip;]<\/p>\n","protected":false},"author":2,"featured_media":15319,"comment_status":"closed","ping_status":"closed","sticky":false,"template":"","format":"standard","meta":{"site-sidebar-layout":"default","site-content-layout":"","ast-site-content-layout":"","site-content-style":"default","site-sidebar-style":"default","ast-global-header-display":"","ast-banner-title-visibility":"","ast-main-header-display":"","ast-hfb-above-header-display":"","ast-hfb-below-header-display":"","ast-hfb-mobile-header-display":"","site-post-title":"","ast-breadcrumbs-content":"","ast-featured-img":"","footer-sml-layout":"","theme-transparent-header-meta":"","adv-header-id-meta":"","stick-header-meta":"","header-above-stick-meta":"","header-main-stick-meta":"","header-below-stick-meta":"","astra-migrate-meta-layouts":"default","ast-page-background-enabled":"default","ast-page-background-meta":{"desktop":{"background-color":"var(--ast-global-color-4)","background-image":"","background-repeat":"repeat","background-position":"center center","background-size":"auto","background-attachment":"scroll","background-type":"","background-media":"","overlay-type":"","overlay-color":"","overlay-opacity":"","overlay-gradient":""},"tablet":{"background-color":"","background-image":"","background-repeat":"repeat","background-position":"center center","background-size":"auto","background-attachment":"scroll","background-type":"","background-media":"","overlay-type":"","overlay-color":"","overlay-opacity":"","overlay-gradient":""},"mobile":{"background-color":"","background-image":"","background-repeat":"repeat","background-position":"center center","background-size":"auto","background-attachment":"scroll","background-type":"","background-media":"","overlay-type":"","overlay-color":"","overlay-opacity":"","overlay-gradient":""}},"ast-content-background-meta":{"desktop":{"background-color":"var(--ast-global-color-5)","background-image":"","background-repeat":"repeat","background-position":"center center","background-size":"auto","background-attachment":"scroll","background-type":"","background-media":"","overlay-type":"","overlay-color":"","overlay-opacity":"","overlay-gradient":""},"tablet":{"background-color":"var(--ast-global-color-5)","background-image":"","background-repeat":"repeat","background-position":"center center","background-size":"auto","background-attachment":"scroll","background-type":"","background-media":"","overlay-type":"","overlay-color":"","overlay-opacity":"","overlay-gradient":""},"mobile":{"background-color":"var(--ast-global-color-5)","background-image":"","background-repeat":"repeat","background-position":"center center","background-size":"auto","background-attachment":"scroll","background-type":"","background-media":"","overlay-type":"","overlay-color":"","overlay-opacity":"","overlay-gradient":""}},"footnotes":""},"categories":[50],"tags":[],"class_list":["post-15320","post","type-post","status-publish","format-standard","has-post-thumbnail","hentry","category-archiv-2016"],"yoast_head":"<!-- This site is optimized with the Yoast SEO plugin v27.4 - https:\/\/yoast.com\/product\/yoast-seo-wordpress\/ -->\n<title>\u017dilina bude op\u00e4\u0165 \u017eiari\u0165 modrou \u2013 symbolom autizmu Fotogal\u00e9ria - Pova\u017esk\u00e9 m\u00fazeum<\/title>\n<meta name=\"robots\" content=\"index, follow, max-snippet:-1, max-image-preview:large, max-video-preview:-1\" \/>\n<link rel=\"canonical\" href=\"https:\/\/pmza.sk\/?p=15320\" \/>\n<meta property=\"og:locale\" content=\"sk_SK\" \/>\n<meta property=\"og:type\" content=\"article\" \/>\n<meta property=\"og:title\" content=\"\u017dilina bude op\u00e4\u0165 \u017eiari\u0165 modrou \u2013 symbolom autizmu Fotogal\u00e9ria - Pova\u017esk\u00e9 m\u00fazeum\" \/>\n<meta property=\"og:description\" content=\"Mesto \u017dilina pri pr\u00edle\u017eitosti Svetov\u00e9ho d\u0148a povedomia o\u00a0autizme (2. apr\u00edl), vyjadr\u00ed svoju solidaritu s\u00a0autizmom modr\u00fdm vysvieten\u00edm \u017dilinskej radnice, Burianovej ve\u017ee a\u00a0Budat\u00ednskej ve\u017ee. ARE\u00c1L BUDAT\u00cdNSKEHO HRADU Poz\u00fdvame v\u0161etk\u00fdch, ktor\u00ed chc\u00fa vyjadri\u0165 solidaritu s\u00a0\u013eu\u010fmi s\u00a0autizmom, do parku Budat\u00ednskeho hradu. Od 17:00 si zahr\u00e1me spolo\u010dne hradn\u00e9 hry (tandemov\u00e9 ly\u017ee, hod na cie\u013e, labyrint&#8230;) a\u00a0po\u010dk\u00e1me si na zotmenie, kedy [&hellip;]\" \/>\n<meta property=\"og:url\" content=\"https:\/\/pmza.sk\/?p=15320\" \/>\n<meta property=\"og:site_name\" content=\"Pova\u017esk\u00e9 m\u00fazeum\" \/>\n<meta property=\"article:publisher\" content=\"https:\/\/www.facebook.com\/povazskemuzeum\" \/>\n<meta property=\"article:published_time\" content=\"2016-03-31T12:56:29+00:00\" \/>\n<meta property=\"og:image\" content=\"https:\/\/pmza.sk\/wp-content\/uploads\/2016\/03\/LIUB-2016.jpg\" \/>\n\t<meta property=\"og:image:width\" content=\"925\" \/>\n\t<meta property=\"og:image:height\" content=\"643\" \/>\n\t<meta property=\"og:image:type\" content=\"image\/jpeg\" \/>\n<meta name=\"author\" content=\"Pova\u017esk\u00e9 m\u00fazeum\" \/>\n<meta name=\"twitter:card\" content=\"summary_large_image\" \/>\n<meta name=\"twitter:label1\" content=\"Autor\" \/>\n\t<meta name=\"twitter:data1\" content=\"Pova\u017esk\u00e9 m\u00fazeum\" \/>\n\t<meta name=\"twitter:label2\" content=\"Predpokladan\u00fd \u010das \u010d\u00edtania\" \/>\n\t<meta name=\"twitter:data2\" content=\"2 min\u00faty\" \/>\n<script type=\"application\/ld+json\" class=\"yoast-schema-graph\">{\"@context\":\"https:\\\/\\\/schema.org\",\"@graph\":[{\"@type\":\"Article\",\"@id\":\"https:\\\/\\\/pmza.sk\\\/?p=15320#article\",\"isPartOf\":{\"@id\":\"https:\\\/\\\/pmza.sk\\\/?p=15320\"},\"author\":{\"name\":\"Pova\u017esk\u00e9 m\u00fazeum\",\"@id\":\"https:\\\/\\\/pmza.sk\\\/#\\\/schema\\\/person\\\/595e6a2ce731ea94dcd5d7f50a41ae33\"},\"headline\":\"\u017dilina bude op\u00e4\u0165 \u017eiari\u0165 modrou \u2013 symbolom autizmu Fotogal\u00e9ria\",\"datePublished\":\"2016-03-31T12:56:29+00:00\",\"mainEntityOfPage\":{\"@id\":\"https:\\\/\\\/pmza.sk\\\/?p=15320\"},\"wordCount\":371,\"publisher\":{\"@id\":\"https:\\\/\\\/pmza.sk\\\/#organization\"},\"image\":{\"@id\":\"https:\\\/\\\/pmza.sk\\\/?p=15320#primaryimage\"},\"thumbnailUrl\":\"https:\\\/\\\/pmza.sk\\\/wp-content\\\/uploads\\\/2016\\\/03\\\/LIUB-2016.jpg\",\"articleSection\":[\"Arch\u00edv 2016\"],\"inLanguage\":\"sk-SK\"},{\"@type\":\"WebPage\",\"@id\":\"https:\\\/\\\/pmza.sk\\\/?p=15320\",\"url\":\"https:\\\/\\\/pmza.sk\\\/?p=15320\",\"name\":\"\u017dilina bude op\u00e4\u0165 \u017eiari\u0165 modrou \u2013 symbolom autizmu Fotogal\u00e9ria - Pova\u017esk\u00e9 m\u00fazeum\",\"isPartOf\":{\"@id\":\"https:\\\/\\\/pmza.sk\\\/#website\"},\"primaryImageOfPage\":{\"@id\":\"https:\\\/\\\/pmza.sk\\\/?p=15320#primaryimage\"},\"image\":{\"@id\":\"https:\\\/\\\/pmza.sk\\\/?p=15320#primaryimage\"},\"thumbnailUrl\":\"https:\\\/\\\/pmza.sk\\\/wp-content\\\/uploads\\\/2016\\\/03\\\/LIUB-2016.jpg\",\"datePublished\":\"2016-03-31T12:56:29+00:00\",\"breadcrumb\":{\"@id\":\"https:\\\/\\\/pmza.sk\\\/?p=15320#breadcrumb\"},\"inLanguage\":\"sk-SK\",\"potentialAction\":[{\"@type\":\"ReadAction\",\"target\":[\"https:\\\/\\\/pmza.sk\\\/?p=15320\"]}]},{\"@type\":\"ImageObject\",\"inLanguage\":\"sk-SK\",\"@id\":\"https:\\\/\\\/pmza.sk\\\/?p=15320#primaryimage\",\"url\":\"https:\\\/\\\/pmza.sk\\\/wp-content\\\/uploads\\\/2016\\\/03\\\/LIUB-2016.jpg\",\"contentUrl\":\"https:\\\/\\\/pmza.sk\\\/wp-content\\\/uploads\\\/2016\\\/03\\\/LIUB-2016.jpg\",\"width\":925,\"height\":643},{\"@type\":\"BreadcrumbList\",\"@id\":\"https:\\\/\\\/pmza.sk\\\/?p=15320#breadcrumb\",\"itemListElement\":[{\"@type\":\"ListItem\",\"position\":1,\"name\":\"Domovsk\u00e1 str\u00e1nka\",\"item\":\"https:\\\/\\\/pmza.sk\\\/\"},{\"@type\":\"ListItem\",\"position\":2,\"name\":\"\u017dilina bude op\u00e4\u0165 \u017eiari\u0165 modrou \u2013 symbolom autizmu Fotogal\u00e9ria\"}]},{\"@type\":\"WebSite\",\"@id\":\"https:\\\/\\\/pmza.sk\\\/#website\",\"url\":\"https:\\\/\\\/pmza.sk\\\/\",\"name\":\"Pova\u017esk\u00e9 m\u00fazeum\",\"description\":\"Pova\u017esk\u00e9 m\u00fazeum v \u017diline je region\u00e1lne m\u00fazeum so s\u00eddlom v Budat\u00edne. Jeho expoz\u00edcie s\u00fa zameran\u00e9 na dejiny slovensk\u00e9ho umenia, kult\u00fary a dopravy.\",\"publisher\":{\"@id\":\"https:\\\/\\\/pmza.sk\\\/#organization\"},\"potentialAction\":[{\"@type\":\"SearchAction\",\"target\":{\"@type\":\"EntryPoint\",\"urlTemplate\":\"https:\\\/\\\/pmza.sk\\\/?s={search_term_string}\"},\"query-input\":{\"@type\":\"PropertyValueSpecification\",\"valueRequired\":true,\"valueName\":\"search_term_string\"}}],\"inLanguage\":\"sk-SK\"},{\"@type\":\"Organization\",\"@id\":\"https:\\\/\\\/pmza.sk\\\/#organization\",\"name\":\"Pova\u017esk\u00e9 m\u00fazeum\",\"url\":\"https:\\\/\\\/pmza.sk\\\/\",\"logo\":{\"@type\":\"ImageObject\",\"inLanguage\":\"sk-SK\",\"@id\":\"https:\\\/\\\/pmza.sk\\\/#\\\/schema\\\/logo\\\/image\\\/\",\"url\":\"https:\\\/\\\/pmza.sk\\\/wp-content\\\/uploads\\\/2022\\\/01\\\/logo_PM_horizontal.jpg\",\"contentUrl\":\"https:\\\/\\\/pmza.sk\\\/wp-content\\\/uploads\\\/2022\\\/01\\\/logo_PM_horizontal.jpg\",\"width\":231,\"height\":142,\"caption\":\"Pova\u017esk\u00e9 m\u00fazeum\"},\"image\":{\"@id\":\"https:\\\/\\\/pmza.sk\\\/#\\\/schema\\\/logo\\\/image\\\/\"},\"sameAs\":[\"https:\\\/\\\/www.facebook.com\\\/povazskemuzeum\",\"https:\\\/\\\/www.instagram.com\\\/povazskemuzeum\\\/\"]},{\"@type\":\"Person\",\"@id\":\"https:\\\/\\\/pmza.sk\\\/#\\\/schema\\\/person\\\/595e6a2ce731ea94dcd5d7f50a41ae33\",\"name\":\"Pova\u017esk\u00e9 m\u00fazeum\",\"image\":{\"@type\":\"ImageObject\",\"inLanguage\":\"sk-SK\",\"@id\":\"https:\\\/\\\/secure.gravatar.com\\\/avatar\\\/2bb7f1561282132fb5826dfeccc66c7996d11ee392ac6aaf7ced8a1c2027fbb2?s=96&d=mm&r=g\",\"url\":\"https:\\\/\\\/secure.gravatar.com\\\/avatar\\\/2bb7f1561282132fb5826dfeccc66c7996d11ee392ac6aaf7ced8a1c2027fbb2?s=96&d=mm&r=g\",\"contentUrl\":\"https:\\\/\\\/secure.gravatar.com\\\/avatar\\\/2bb7f1561282132fb5826dfeccc66c7996d11ee392ac6aaf7ced8a1c2027fbb2?s=96&d=mm&r=g\",\"caption\":\"Pova\u017esk\u00e9 m\u00fazeum\"}}]}<\/script>\n<!-- \/ Yoast SEO plugin. -->","yoast_head_json":{"title":"\u017dilina bude op\u00e4\u0165 \u017eiari\u0165 modrou \u2013 symbolom autizmu Fotogal\u00e9ria - Pova\u017esk\u00e9 m\u00fazeum","robots":{"index":"index","follow":"follow","max-snippet":"max-snippet:-1","max-image-preview":"max-image-preview:large","max-video-preview":"max-video-preview:-1"},"canonical":"https:\/\/pmza.sk\/?p=15320","og_locale":"sk_SK","og_type":"article","og_title":"\u017dilina bude op\u00e4\u0165 \u017eiari\u0165 modrou \u2013 symbolom autizmu Fotogal\u00e9ria - Pova\u017esk\u00e9 m\u00fazeum","og_description":"Mesto \u017dilina pri pr\u00edle\u017eitosti Svetov\u00e9ho d\u0148a povedomia o\u00a0autizme (2. apr\u00edl), vyjadr\u00ed svoju solidaritu s\u00a0autizmom modr\u00fdm vysvieten\u00edm \u017dilinskej radnice, Burianovej ve\u017ee a\u00a0Budat\u00ednskej ve\u017ee. ARE\u00c1L BUDAT\u00cdNSKEHO HRADU Poz\u00fdvame v\u0161etk\u00fdch, ktor\u00ed chc\u00fa vyjadri\u0165 solidaritu s\u00a0\u013eu\u010fmi s\u00a0autizmom, do parku Budat\u00ednskeho hradu. Od 17:00 si zahr\u00e1me spolo\u010dne hradn\u00e9 hry (tandemov\u00e9 ly\u017ee, hod na cie\u013e, labyrint&#8230;) a\u00a0po\u010dk\u00e1me si na zotmenie, kedy [&hellip;]","og_url":"https:\/\/pmza.sk\/?p=15320","og_site_name":"Pova\u017esk\u00e9 m\u00fazeum","article_publisher":"https:\/\/www.facebook.com\/povazskemuzeum","article_published_time":"2016-03-31T12:56:29+00:00","og_image":[{"width":925,"height":643,"url":"https:\/\/pmza.sk\/wp-content\/uploads\/2016\/03\/LIUB-2016.jpg","type":"image\/jpeg"}],"author":"Pova\u017esk\u00e9 m\u00fazeum","twitter_card":"summary_large_image","twitter_misc":{"Autor":"Pova\u017esk\u00e9 m\u00fazeum","Predpokladan\u00fd \u010das \u010d\u00edtania":"2 min\u00faty"},"schema":{"@context":"https:\/\/schema.org","@graph":[{"@type":"Article","@id":"https:\/\/pmza.sk\/?p=15320#article","isPartOf":{"@id":"https:\/\/pmza.sk\/?p=15320"},"author":{"name":"Pova\u017esk\u00e9 m\u00fazeum","@id":"https:\/\/pmza.sk\/#\/schema\/person\/595e6a2ce731ea94dcd5d7f50a41ae33"},"headline":"\u017dilina bude op\u00e4\u0165 \u017eiari\u0165 modrou \u2013 symbolom autizmu Fotogal\u00e9ria","datePublished":"2016-03-31T12:56:29+00:00","mainEntityOfPage":{"@id":"https:\/\/pmza.sk\/?p=15320"},"wordCount":371,"publisher":{"@id":"https:\/\/pmza.sk\/#organization"},"image":{"@id":"https:\/\/pmza.sk\/?p=15320#primaryimage"},"thumbnailUrl":"https:\/\/pmza.sk\/wp-content\/uploads\/2016\/03\/LIUB-2016.jpg","articleSection":["Arch\u00edv 2016"],"inLanguage":"sk-SK"},{"@type":"WebPage","@id":"https:\/\/pmza.sk\/?p=15320","url":"https:\/\/pmza.sk\/?p=15320","name":"\u017dilina bude op\u00e4\u0165 \u017eiari\u0165 modrou \u2013 symbolom autizmu Fotogal\u00e9ria - Pova\u017esk\u00e9 m\u00fazeum","isPartOf":{"@id":"https:\/\/pmza.sk\/#website"},"primaryImageOfPage":{"@id":"https:\/\/pmza.sk\/?p=15320#primaryimage"},"image":{"@id":"https:\/\/pmza.sk\/?p=15320#primaryimage"},"thumbnailUrl":"https:\/\/pmza.sk\/wp-content\/uploads\/2016\/03\/LIUB-2016.jpg","datePublished":"2016-03-31T12:56:29+00:00","breadcrumb":{"@id":"https:\/\/pmza.sk\/?p=15320#breadcrumb"},"inLanguage":"sk-SK","potentialAction":[{"@type":"ReadAction","target":["https:\/\/pmza.sk\/?p=15320"]}]},{"@type":"ImageObject","inLanguage":"sk-SK","@id":"https:\/\/pmza.sk\/?p=15320#primaryimage","url":"https:\/\/pmza.sk\/wp-content\/uploads\/2016\/03\/LIUB-2016.jpg","contentUrl":"https:\/\/pmza.sk\/wp-content\/uploads\/2016\/03\/LIUB-2016.jpg","width":925,"height":643},{"@type":"BreadcrumbList","@id":"https:\/\/pmza.sk\/?p=15320#breadcrumb","itemListElement":[{"@type":"ListItem","position":1,"name":"Domovsk\u00e1 str\u00e1nka","item":"https:\/\/pmza.sk\/"},{"@type":"ListItem","position":2,"name":"\u017dilina bude op\u00e4\u0165 \u017eiari\u0165 modrou \u2013 symbolom autizmu Fotogal\u00e9ria"}]},{"@type":"WebSite","@id":"https:\/\/pmza.sk\/#website","url":"https:\/\/pmza.sk\/","name":"Pova\u017esk\u00e9 m\u00fazeum","description":"Pova\u017esk\u00e9 m\u00fazeum v \u017diline je region\u00e1lne m\u00fazeum so s\u00eddlom v Budat\u00edne. Jeho expoz\u00edcie s\u00fa zameran\u00e9 na dejiny slovensk\u00e9ho umenia, kult\u00fary a dopravy.","publisher":{"@id":"https:\/\/pmza.sk\/#organization"},"potentialAction":[{"@type":"SearchAction","target":{"@type":"EntryPoint","urlTemplate":"https:\/\/pmza.sk\/?s={search_term_string}"},"query-input":{"@type":"PropertyValueSpecification","valueRequired":true,"valueName":"search_term_string"}}],"inLanguage":"sk-SK"},{"@type":"Organization","@id":"https:\/\/pmza.sk\/#organization","name":"Pova\u017esk\u00e9 m\u00fazeum","url":"https:\/\/pmza.sk\/","logo":{"@type":"ImageObject","inLanguage":"sk-SK","@id":"https:\/\/pmza.sk\/#\/schema\/logo\/image\/","url":"https:\/\/pmza.sk\/wp-content\/uploads\/2022\/01\/logo_PM_horizontal.jpg","contentUrl":"https:\/\/pmza.sk\/wp-content\/uploads\/2022\/01\/logo_PM_horizontal.jpg","width":231,"height":142,"caption":"Pova\u017esk\u00e9 m\u00fazeum"},"image":{"@id":"https:\/\/pmza.sk\/#\/schema\/logo\/image\/"},"sameAs":["https:\/\/www.facebook.com\/povazskemuzeum","https:\/\/www.instagram.com\/povazskemuzeum\/"]},{"@type":"Person","@id":"https:\/\/pmza.sk\/#\/schema\/person\/595e6a2ce731ea94dcd5d7f50a41ae33","name":"Pova\u017esk\u00e9 m\u00fazeum","image":{"@type":"ImageObject","inLanguage":"sk-SK","@id":"https:\/\/secure.gravatar.com\/avatar\/2bb7f1561282132fb5826dfeccc66c7996d11ee392ac6aaf7ced8a1c2027fbb2?s=96&d=mm&r=g","url":"https:\/\/secure.gravatar.com\/avatar\/2bb7f1561282132fb5826dfeccc66c7996d11ee392ac6aaf7ced8a1c2027fbb2?s=96&d=mm&r=g","contentUrl":"https:\/\/secure.gravatar.com\/avatar\/2bb7f1561282132fb5826dfeccc66c7996d11ee392ac6aaf7ced8a1c2027fbb2?s=96&d=mm&r=g","caption":"Pova\u017esk\u00e9 m\u00fazeum"}}]}},"_links":{"self":[{"href":"https:\/\/pmza.sk\/index.php?rest_route=\/wp\/v2\/posts\/15320","targetHints":{"allow":["GET"]}}],"collection":[{"href":"https:\/\/pmza.sk\/index.php?rest_route=\/wp\/v2\/posts"}],"about":[{"href":"https:\/\/pmza.sk\/index.php?rest_route=\/wp\/v2\/types\/post"}],"author":[{"embeddable":true,"href":"https:\/\/pmza.sk\/index.php?rest_route=\/wp\/v2\/users\/2"}],"replies":[{"embeddable":true,"href":"https:\/\/pmza.sk\/index.php?rest_route=%2Fwp%2Fv2%2Fcomments&post=15320"}],"version-history":[{"count":0,"href":"https:\/\/pmza.sk\/index.php?rest_route=\/wp\/v2\/posts\/15320\/revisions"}],"wp:featuredmedia":[{"embeddable":true,"href":"https:\/\/pmza.sk\/index.php?rest_route=\/wp\/v2\/media\/15319"}],"wp:attachment":[{"href":"https:\/\/pmza.sk\/index.php?rest_route=%2Fwp%2Fv2%2Fmedia&parent=15320"}],"wp:term":[{"taxonomy":"category","embeddable":true,"href":"https:\/\/pmza.sk\/index.php?rest_route=%2Fwp%2Fv2%2Fcategories&post=15320"},{"taxonomy":"post_tag","embeddable":true,"href":"https:\/\/pmza.sk\/index.php?rest_route=%2Fwp%2Fv2%2Ftags&post=15320"}],"curies":[{"name":"wp","href":"https:\/\/api.w.org\/{rel}","templated":true}]}}