{"id":15486,"date":"2016-04-12T08:58:15","date_gmt":"2016-04-12T06:58:15","guid":{"rendered":"https:\/\/pmza.sk.sk\/?p=15486"},"modified":"2016-04-12T08:58:15","modified_gmt":"2016-04-12T06:58:15","slug":"muzeum-dopravy-je-tu-pre-vas-uz-dva-roky","status":"publish","type":"post","link":"https:\/\/pmza.sk\/?p=15486","title":{"rendered":"M\u00fazeum dopravy je tu pre v\u00e1s u\u017e dva roky"},"content":{"rendered":"<p>V\u00a0pondelok 11. apr\u00edla 2016 si Pova\u017esk\u00e9 m\u00fazeum v\u00a0\u017diline pripomenulo 2. v\u00fdro\u010die od otvorenia M\u00fazea dopravy v\u00a0Rajeck\u00fdch Tepliciach. M\u00fazeum dopravy je prierezovo zameran\u00e9 na dejiny dopravy na Slovensku od najstar\u0161\u00edch \u010dias po s\u00fa\u010dasnos\u0165.<\/p>\n<p>\u010co sa plochy t\u00fdka, je to s\u00edce najmen\u0161ia expoz\u00edcia Pova\u017esk\u00e9ho m\u00fazea, nach\u00e1dza sa v\u00a0nej v\u0161ak vy\u0161e 300 expon\u00e1tov. Ich po\u010det sa od otvorenia podarilo zv\u00fd\u0161i\u0165 v\u010faka darom n\u00e1v\u0161tevn\u00edkov, ale aj n\u00e1kupom zbierkov\u00fdch predmetov, ktor\u00e9 sa financovali z\u00a0grantov. Najstar\u0161ie expon\u00e1ty dokumentuj\u00fa po\u010diatky dopravy v\u00a0praveku, ve\u013emi cenn\u00fdm a\u00a0jedn\u00fdm z\u00a0najstar\u0161\u00edch expon\u00e1tov je medirytina, zachyt\u00e1vaj\u00faca veslice na Dunaji pri Kom\u00e1rne z\u00a0roku 1598. Najrozmernej\u0161\u00edm expon\u00e1tom je stroj na pr\u00edpravu asfaltu, ktor\u00fd sa pou\u017e\u00edval pri stavbe ciest a ktor\u00fd m\u00e1 m\u00fazeum dlhodobo zapo\u017ei\u010dan\u00fd. Roz\u0161irovanie expoz\u00edcie sa v\u0161ak vzh\u013eadom na ekonomick\u00e9 i priestorov\u00e9 pomery st\u00e1va \u010doraz \u0165a\u017e\u0161ie realizovate\u013en\u00fdm cie\u013eom.<\/p>\n<p>Program v\u00a0m\u00fazeu dopravy nie je zameran\u00fd len na klasick\u00e9 prehliadky. Pripravuj\u00fa sa interakt\u00edvne vyu\u010dovacie hodiny k\u00a0t\u00e9mam o\u00a0dejin\u00e1ch dopravy v\u00a0dejepise, pre deti s\u00fa pripraven\u00e9 hrav\u00e9 formy tr\u00e1venia \u010dasu ako oma\u013eov\u00e1nky \u010di s\u00fa\u0165a\u017ee. Vyh\u013ead\u00e1van\u00fdm je podujatie Nostalgick\u00e1 jazda Rajeckou An\u010dou, ka\u017edoro\u010dne organizovan\u00e9 spolo\u010dne \u00a0s OZ Spolo\u010dnos\u0165 Pova\u017eskej dr\u00e1hy \u017dilina. Prostredn\u00edctvom tabletu alebo smartf\u00f3nu bud\u00fa \u010doskoro dostupn\u00e9 elektronick\u00e9 popisy k\u00a0jednotliv\u00fdm expon\u00e1tom. \u010co sa t\u00fdka odbornej \u010dinnosti, uskuto\u010d\u0148uje sa v\u00fdskum v\u00a0oblasti cestnej dopravy na Slovensku, a\u00a0k\u00a0tejto t\u00e9me sa pripravuje u\u017e v porad\u00ed druh\u00e1 konferenciu, ktor\u00e1 sa uskuto\u010dn\u00ed na bud\u00faci rok. Do tla\u010de sa pripravuj\u00fa dve publik\u00e1cie, t\u00fdkaj\u00face sa dej\u00edn dopravy v\u00a0na\u0161om regi\u00f3ne \u2013 jedna bude o\u00a0\u017eeleznici \u017dilina \u2013 Rajec, druh\u00e1 o\u00a0autobusovej doprave.<\/p>\n<p>Budeme radi, ak si spestr\u00edte prech\u00e1dzku alebo pobyt v\u00a0Rajeck\u00fdch Tepliciach n\u00e1v\u0161tevou n\u00e1\u0161ho m\u00fazea.<\/p>\n","protected":false},"excerpt":{"rendered":"<p>V\u00a0pondelok 11. apr\u00edla 2016 si Pova\u017esk\u00e9 m\u00fazeum v\u00a0\u017diline pripomenulo 2. v\u00fdro\u010die od otvorenia M\u00fazea dopravy v\u00a0Rajeck\u00fdch Tepliciach. M\u00fazeum dopravy je prierezovo zameran\u00e9 na dejiny dopravy na Slovensku od najstar\u0161\u00edch \u010dias po s\u00fa\u010dasnos\u0165. \u010co sa plochy t\u00fdka, je to s\u00edce najmen\u0161ia expoz\u00edcia Pova\u017esk\u00e9ho m\u00fazea, nach\u00e1dza sa v\u00a0nej v\u0161ak vy\u0161e 300 expon\u00e1tov. Ich po\u010det sa od otvorenia [&hellip;]<\/p>\n","protected":false},"author":2,"featured_media":15473,"comment_status":"closed","ping_status":"closed","sticky":false,"template":"","format":"standard","meta":{"site-sidebar-layout":"default","site-content-layout":"","ast-site-content-layout":"","site-content-style":"default","site-sidebar-style":"default","ast-global-header-display":"","ast-banner-title-visibility":"","ast-main-header-display":"","ast-hfb-above-header-display":"","ast-hfb-below-header-display":"","ast-hfb-mobile-header-display":"","site-post-title":"","ast-breadcrumbs-content":"","ast-featured-img":"","footer-sml-layout":"","theme-transparent-header-meta":"","adv-header-id-meta":"","stick-header-meta":"","header-above-stick-meta":"","header-main-stick-meta":"","header-below-stick-meta":"","astra-migrate-meta-layouts":"default","ast-page-background-enabled":"default","ast-page-background-meta":{"desktop":{"background-color":"var(--ast-global-color-4)","background-image":"","background-repeat":"repeat","background-position":"center center","background-size":"auto","background-attachment":"scroll","background-type":"","background-media":"","overlay-type":"","overlay-color":"","overlay-opacity":"","overlay-gradient":""},"tablet":{"background-color":"","background-image":"","background-repeat":"repeat","background-position":"center center","background-size":"auto","background-attachment":"scroll","background-type":"","background-media":"","overlay-type":"","overlay-color":"","overlay-opacity":"","overlay-gradient":""},"mobile":{"background-color":"","background-image":"","background-repeat":"repeat","background-position":"center center","background-size":"auto","background-attachment":"scroll","background-type":"","background-media":"","overlay-type":"","overlay-color":"","overlay-opacity":"","overlay-gradient":""}},"ast-content-background-meta":{"desktop":{"background-color":"var(--ast-global-color-5)","background-image":"","background-repeat":"repeat","background-position":"center center","background-size":"auto","background-attachment":"scroll","background-type":"","background-media":"","overlay-type":"","overlay-color":"","overlay-opacity":"","overlay-gradient":""},"tablet":{"background-color":"var(--ast-global-color-5)","background-image":"","background-repeat":"repeat","background-position":"center center","background-size":"auto","background-attachment":"scroll","background-type":"","background-media":"","overlay-type":"","overlay-color":"","overlay-opacity":"","overlay-gradient":""},"mobile":{"background-color":"var(--ast-global-color-5)","background-image":"","background-repeat":"repeat","background-position":"center center","background-size":"auto","background-attachment":"scroll","background-type":"","background-media":"","overlay-type":"","overlay-color":"","overlay-opacity":"","overlay-gradient":""}},"footnotes":""},"categories":[50],"tags":[],"class_list":["post-15486","post","type-post","status-publish","format-standard","has-post-thumbnail","hentry","category-archiv-2016"],"yoast_head":"<!-- This site is optimized with the Yoast SEO plugin v27.4 - https:\/\/yoast.com\/product\/yoast-seo-wordpress\/ -->\n<title>M\u00fazeum dopravy je tu pre v\u00e1s u\u017e dva roky - Pova\u017esk\u00e9 m\u00fazeum<\/title>\n<meta name=\"robots\" content=\"index, follow, max-snippet:-1, max-image-preview:large, max-video-preview:-1\" \/>\n<link rel=\"canonical\" href=\"https:\/\/pmza.sk\/?p=15486\" \/>\n<meta property=\"og:locale\" content=\"sk_SK\" \/>\n<meta property=\"og:type\" content=\"article\" \/>\n<meta property=\"og:title\" content=\"M\u00fazeum dopravy je tu pre v\u00e1s u\u017e dva roky - Pova\u017esk\u00e9 m\u00fazeum\" \/>\n<meta property=\"og:description\" content=\"V\u00a0pondelok 11. apr\u00edla 2016 si Pova\u017esk\u00e9 m\u00fazeum v\u00a0\u017diline pripomenulo 2. v\u00fdro\u010die od otvorenia M\u00fazea dopravy v\u00a0Rajeck\u00fdch Tepliciach. M\u00fazeum dopravy je prierezovo zameran\u00e9 na dejiny dopravy na Slovensku od najstar\u0161\u00edch \u010dias po s\u00fa\u010dasnos\u0165. \u010co sa plochy t\u00fdka, je to s\u00edce najmen\u0161ia expoz\u00edcia Pova\u017esk\u00e9ho m\u00fazea, nach\u00e1dza sa v\u00a0nej v\u0161ak vy\u0161e 300 expon\u00e1tov. Ich po\u010det sa od otvorenia [&hellip;]\" \/>\n<meta property=\"og:url\" content=\"https:\/\/pmza.sk\/?p=15486\" \/>\n<meta property=\"og:site_name\" content=\"Pova\u017esk\u00e9 m\u00fazeum\" \/>\n<meta property=\"article:publisher\" content=\"https:\/\/www.facebook.com\/povazskemuzeum\" \/>\n<meta property=\"article:published_time\" content=\"2016-04-12T06:58:15+00:00\" \/>\n<meta property=\"og:image\" content=\"https:\/\/pmza.sk\/wp-content\/uploads\/2016\/04\/Obr.-2.jpg\" \/>\n\t<meta property=\"og:image:width\" content=\"2048\" \/>\n\t<meta property=\"og:image:height\" content=\"1365\" \/>\n\t<meta property=\"og:image:type\" content=\"image\/jpeg\" \/>\n<meta name=\"author\" content=\"Pova\u017esk\u00e9 m\u00fazeum\" \/>\n<meta name=\"twitter:card\" content=\"summary_large_image\" \/>\n<meta name=\"twitter:label1\" content=\"Autor\" \/>\n\t<meta name=\"twitter:data1\" content=\"Pova\u017esk\u00e9 m\u00fazeum\" \/>\n\t<meta name=\"twitter:label2\" content=\"Predpokladan\u00fd \u010das \u010d\u00edtania\" \/>\n\t<meta name=\"twitter:data2\" content=\"2 min\u00faty\" \/>\n<script type=\"application\/ld+json\" class=\"yoast-schema-graph\">{\"@context\":\"https:\\\/\\\/schema.org\",\"@graph\":[{\"@type\":\"Article\",\"@id\":\"https:\\\/\\\/pmza.sk\\\/?p=15486#article\",\"isPartOf\":{\"@id\":\"https:\\\/\\\/pmza.sk\\\/?p=15486\"},\"author\":{\"name\":\"Pova\u017esk\u00e9 m\u00fazeum\",\"@id\":\"https:\\\/\\\/pmza.sk\\\/#\\\/schema\\\/person\\\/595e6a2ce731ea94dcd5d7f50a41ae33\"},\"headline\":\"M\u00fazeum dopravy je tu pre v\u00e1s u\u017e dva roky\",\"datePublished\":\"2016-04-12T06:58:15+00:00\",\"mainEntityOfPage\":{\"@id\":\"https:\\\/\\\/pmza.sk\\\/?p=15486\"},\"wordCount\":370,\"publisher\":{\"@id\":\"https:\\\/\\\/pmza.sk\\\/#organization\"},\"image\":{\"@id\":\"https:\\\/\\\/pmza.sk\\\/?p=15486#primaryimage\"},\"thumbnailUrl\":\"https:\\\/\\\/pmza.sk\\\/wp-content\\\/uploads\\\/2016\\\/04\\\/Obr.-2.jpg\",\"articleSection\":[\"Arch\u00edv 2016\"],\"inLanguage\":\"sk-SK\"},{\"@type\":\"WebPage\",\"@id\":\"https:\\\/\\\/pmza.sk\\\/?p=15486\",\"url\":\"https:\\\/\\\/pmza.sk\\\/?p=15486\",\"name\":\"M\u00fazeum dopravy je tu pre v\u00e1s u\u017e dva roky - Pova\u017esk\u00e9 m\u00fazeum\",\"isPartOf\":{\"@id\":\"https:\\\/\\\/pmza.sk\\\/#website\"},\"primaryImageOfPage\":{\"@id\":\"https:\\\/\\\/pmza.sk\\\/?p=15486#primaryimage\"},\"image\":{\"@id\":\"https:\\\/\\\/pmza.sk\\\/?p=15486#primaryimage\"},\"thumbnailUrl\":\"https:\\\/\\\/pmza.sk\\\/wp-content\\\/uploads\\\/2016\\\/04\\\/Obr.-2.jpg\",\"datePublished\":\"2016-04-12T06:58:15+00:00\",\"breadcrumb\":{\"@id\":\"https:\\\/\\\/pmza.sk\\\/?p=15486#breadcrumb\"},\"inLanguage\":\"sk-SK\",\"potentialAction\":[{\"@type\":\"ReadAction\",\"target\":[\"https:\\\/\\\/pmza.sk\\\/?p=15486\"]}]},{\"@type\":\"ImageObject\",\"inLanguage\":\"sk-SK\",\"@id\":\"https:\\\/\\\/pmza.sk\\\/?p=15486#primaryimage\",\"url\":\"https:\\\/\\\/pmza.sk\\\/wp-content\\\/uploads\\\/2016\\\/04\\\/Obr.-2.jpg\",\"contentUrl\":\"https:\\\/\\\/pmza.sk\\\/wp-content\\\/uploads\\\/2016\\\/04\\\/Obr.-2.jpg\",\"width\":2048,\"height\":1365},{\"@type\":\"BreadcrumbList\",\"@id\":\"https:\\\/\\\/pmza.sk\\\/?p=15486#breadcrumb\",\"itemListElement\":[{\"@type\":\"ListItem\",\"position\":1,\"name\":\"Domovsk\u00e1 str\u00e1nka\",\"item\":\"https:\\\/\\\/pmza.sk\\\/\"},{\"@type\":\"ListItem\",\"position\":2,\"name\":\"M\u00fazeum dopravy je tu pre v\u00e1s u\u017e dva roky\"}]},{\"@type\":\"WebSite\",\"@id\":\"https:\\\/\\\/pmza.sk\\\/#website\",\"url\":\"https:\\\/\\\/pmza.sk\\\/\",\"name\":\"Pova\u017esk\u00e9 m\u00fazeum\",\"description\":\"Pova\u017esk\u00e9 m\u00fazeum v \u017diline je region\u00e1lne m\u00fazeum so s\u00eddlom v Budat\u00edne. Jeho expoz\u00edcie s\u00fa zameran\u00e9 na dejiny slovensk\u00e9ho umenia, kult\u00fary a dopravy.\",\"publisher\":{\"@id\":\"https:\\\/\\\/pmza.sk\\\/#organization\"},\"potentialAction\":[{\"@type\":\"SearchAction\",\"target\":{\"@type\":\"EntryPoint\",\"urlTemplate\":\"https:\\\/\\\/pmza.sk\\\/?s={search_term_string}\"},\"query-input\":{\"@type\":\"PropertyValueSpecification\",\"valueRequired\":true,\"valueName\":\"search_term_string\"}}],\"inLanguage\":\"sk-SK\"},{\"@type\":\"Organization\",\"@id\":\"https:\\\/\\\/pmza.sk\\\/#organization\",\"name\":\"Pova\u017esk\u00e9 m\u00fazeum\",\"url\":\"https:\\\/\\\/pmza.sk\\\/\",\"logo\":{\"@type\":\"ImageObject\",\"inLanguage\":\"sk-SK\",\"@id\":\"https:\\\/\\\/pmza.sk\\\/#\\\/schema\\\/logo\\\/image\\\/\",\"url\":\"https:\\\/\\\/pmza.sk\\\/wp-content\\\/uploads\\\/2022\\\/01\\\/logo_PM_horizontal.jpg\",\"contentUrl\":\"https:\\\/\\\/pmza.sk\\\/wp-content\\\/uploads\\\/2022\\\/01\\\/logo_PM_horizontal.jpg\",\"width\":231,\"height\":142,\"caption\":\"Pova\u017esk\u00e9 m\u00fazeum\"},\"image\":{\"@id\":\"https:\\\/\\\/pmza.sk\\\/#\\\/schema\\\/logo\\\/image\\\/\"},\"sameAs\":[\"https:\\\/\\\/www.facebook.com\\\/povazskemuzeum\",\"https:\\\/\\\/www.instagram.com\\\/povazskemuzeum\\\/\"]},{\"@type\":\"Person\",\"@id\":\"https:\\\/\\\/pmza.sk\\\/#\\\/schema\\\/person\\\/595e6a2ce731ea94dcd5d7f50a41ae33\",\"name\":\"Pova\u017esk\u00e9 m\u00fazeum\",\"image\":{\"@type\":\"ImageObject\",\"inLanguage\":\"sk-SK\",\"@id\":\"https:\\\/\\\/secure.gravatar.com\\\/avatar\\\/2bb7f1561282132fb5826dfeccc66c7996d11ee392ac6aaf7ced8a1c2027fbb2?s=96&d=mm&r=g\",\"url\":\"https:\\\/\\\/secure.gravatar.com\\\/avatar\\\/2bb7f1561282132fb5826dfeccc66c7996d11ee392ac6aaf7ced8a1c2027fbb2?s=96&d=mm&r=g\",\"contentUrl\":\"https:\\\/\\\/secure.gravatar.com\\\/avatar\\\/2bb7f1561282132fb5826dfeccc66c7996d11ee392ac6aaf7ced8a1c2027fbb2?s=96&d=mm&r=g\",\"caption\":\"Pova\u017esk\u00e9 m\u00fazeum\"}}]}<\/script>\n<!-- \/ Yoast SEO plugin. -->","yoast_head_json":{"title":"M\u00fazeum dopravy je tu pre v\u00e1s u\u017e dva roky - Pova\u017esk\u00e9 m\u00fazeum","robots":{"index":"index","follow":"follow","max-snippet":"max-snippet:-1","max-image-preview":"max-image-preview:large","max-video-preview":"max-video-preview:-1"},"canonical":"https:\/\/pmza.sk\/?p=15486","og_locale":"sk_SK","og_type":"article","og_title":"M\u00fazeum dopravy je tu pre v\u00e1s u\u017e dva roky - Pova\u017esk\u00e9 m\u00fazeum","og_description":"V\u00a0pondelok 11. apr\u00edla 2016 si Pova\u017esk\u00e9 m\u00fazeum v\u00a0\u017diline pripomenulo 2. v\u00fdro\u010die od otvorenia M\u00fazea dopravy v\u00a0Rajeck\u00fdch Tepliciach. M\u00fazeum dopravy je prierezovo zameran\u00e9 na dejiny dopravy na Slovensku od najstar\u0161\u00edch \u010dias po s\u00fa\u010dasnos\u0165. \u010co sa plochy t\u00fdka, je to s\u00edce najmen\u0161ia expoz\u00edcia Pova\u017esk\u00e9ho m\u00fazea, nach\u00e1dza sa v\u00a0nej v\u0161ak vy\u0161e 300 expon\u00e1tov. Ich po\u010det sa od otvorenia [&hellip;]","og_url":"https:\/\/pmza.sk\/?p=15486","og_site_name":"Pova\u017esk\u00e9 m\u00fazeum","article_publisher":"https:\/\/www.facebook.com\/povazskemuzeum","article_published_time":"2016-04-12T06:58:15+00:00","og_image":[{"width":2048,"height":1365,"url":"https:\/\/pmza.sk\/wp-content\/uploads\/2016\/04\/Obr.-2.jpg","type":"image\/jpeg"}],"author":"Pova\u017esk\u00e9 m\u00fazeum","twitter_card":"summary_large_image","twitter_misc":{"Autor":"Pova\u017esk\u00e9 m\u00fazeum","Predpokladan\u00fd \u010das \u010d\u00edtania":"2 min\u00faty"},"schema":{"@context":"https:\/\/schema.org","@graph":[{"@type":"Article","@id":"https:\/\/pmza.sk\/?p=15486#article","isPartOf":{"@id":"https:\/\/pmza.sk\/?p=15486"},"author":{"name":"Pova\u017esk\u00e9 m\u00fazeum","@id":"https:\/\/pmza.sk\/#\/schema\/person\/595e6a2ce731ea94dcd5d7f50a41ae33"},"headline":"M\u00fazeum dopravy je tu pre v\u00e1s u\u017e dva roky","datePublished":"2016-04-12T06:58:15+00:00","mainEntityOfPage":{"@id":"https:\/\/pmza.sk\/?p=15486"},"wordCount":370,"publisher":{"@id":"https:\/\/pmza.sk\/#organization"},"image":{"@id":"https:\/\/pmza.sk\/?p=15486#primaryimage"},"thumbnailUrl":"https:\/\/pmza.sk\/wp-content\/uploads\/2016\/04\/Obr.-2.jpg","articleSection":["Arch\u00edv 2016"],"inLanguage":"sk-SK"},{"@type":"WebPage","@id":"https:\/\/pmza.sk\/?p=15486","url":"https:\/\/pmza.sk\/?p=15486","name":"M\u00fazeum dopravy je tu pre v\u00e1s u\u017e dva roky - Pova\u017esk\u00e9 m\u00fazeum","isPartOf":{"@id":"https:\/\/pmza.sk\/#website"},"primaryImageOfPage":{"@id":"https:\/\/pmza.sk\/?p=15486#primaryimage"},"image":{"@id":"https:\/\/pmza.sk\/?p=15486#primaryimage"},"thumbnailUrl":"https:\/\/pmza.sk\/wp-content\/uploads\/2016\/04\/Obr.-2.jpg","datePublished":"2016-04-12T06:58:15+00:00","breadcrumb":{"@id":"https:\/\/pmza.sk\/?p=15486#breadcrumb"},"inLanguage":"sk-SK","potentialAction":[{"@type":"ReadAction","target":["https:\/\/pmza.sk\/?p=15486"]}]},{"@type":"ImageObject","inLanguage":"sk-SK","@id":"https:\/\/pmza.sk\/?p=15486#primaryimage","url":"https:\/\/pmza.sk\/wp-content\/uploads\/2016\/04\/Obr.-2.jpg","contentUrl":"https:\/\/pmza.sk\/wp-content\/uploads\/2016\/04\/Obr.-2.jpg","width":2048,"height":1365},{"@type":"BreadcrumbList","@id":"https:\/\/pmza.sk\/?p=15486#breadcrumb","itemListElement":[{"@type":"ListItem","position":1,"name":"Domovsk\u00e1 str\u00e1nka","item":"https:\/\/pmza.sk\/"},{"@type":"ListItem","position":2,"name":"M\u00fazeum dopravy je tu pre v\u00e1s u\u017e dva roky"}]},{"@type":"WebSite","@id":"https:\/\/pmza.sk\/#website","url":"https:\/\/pmza.sk\/","name":"Pova\u017esk\u00e9 m\u00fazeum","description":"Pova\u017esk\u00e9 m\u00fazeum v \u017diline je region\u00e1lne m\u00fazeum so s\u00eddlom v Budat\u00edne. Jeho expoz\u00edcie s\u00fa zameran\u00e9 na dejiny slovensk\u00e9ho umenia, kult\u00fary a dopravy.","publisher":{"@id":"https:\/\/pmza.sk\/#organization"},"potentialAction":[{"@type":"SearchAction","target":{"@type":"EntryPoint","urlTemplate":"https:\/\/pmza.sk\/?s={search_term_string}"},"query-input":{"@type":"PropertyValueSpecification","valueRequired":true,"valueName":"search_term_string"}}],"inLanguage":"sk-SK"},{"@type":"Organization","@id":"https:\/\/pmza.sk\/#organization","name":"Pova\u017esk\u00e9 m\u00fazeum","url":"https:\/\/pmza.sk\/","logo":{"@type":"ImageObject","inLanguage":"sk-SK","@id":"https:\/\/pmza.sk\/#\/schema\/logo\/image\/","url":"https:\/\/pmza.sk\/wp-content\/uploads\/2022\/01\/logo_PM_horizontal.jpg","contentUrl":"https:\/\/pmza.sk\/wp-content\/uploads\/2022\/01\/logo_PM_horizontal.jpg","width":231,"height":142,"caption":"Pova\u017esk\u00e9 m\u00fazeum"},"image":{"@id":"https:\/\/pmza.sk\/#\/schema\/logo\/image\/"},"sameAs":["https:\/\/www.facebook.com\/povazskemuzeum","https:\/\/www.instagram.com\/povazskemuzeum\/"]},{"@type":"Person","@id":"https:\/\/pmza.sk\/#\/schema\/person\/595e6a2ce731ea94dcd5d7f50a41ae33","name":"Pova\u017esk\u00e9 m\u00fazeum","image":{"@type":"ImageObject","inLanguage":"sk-SK","@id":"https:\/\/secure.gravatar.com\/avatar\/2bb7f1561282132fb5826dfeccc66c7996d11ee392ac6aaf7ced8a1c2027fbb2?s=96&d=mm&r=g","url":"https:\/\/secure.gravatar.com\/avatar\/2bb7f1561282132fb5826dfeccc66c7996d11ee392ac6aaf7ced8a1c2027fbb2?s=96&d=mm&r=g","contentUrl":"https:\/\/secure.gravatar.com\/avatar\/2bb7f1561282132fb5826dfeccc66c7996d11ee392ac6aaf7ced8a1c2027fbb2?s=96&d=mm&r=g","caption":"Pova\u017esk\u00e9 m\u00fazeum"}}]}},"_links":{"self":[{"href":"https:\/\/pmza.sk\/index.php?rest_route=\/wp\/v2\/posts\/15486","targetHints":{"allow":["GET"]}}],"collection":[{"href":"https:\/\/pmza.sk\/index.php?rest_route=\/wp\/v2\/posts"}],"about":[{"href":"https:\/\/pmza.sk\/index.php?rest_route=\/wp\/v2\/types\/post"}],"author":[{"embeddable":true,"href":"https:\/\/pmza.sk\/index.php?rest_route=\/wp\/v2\/users\/2"}],"replies":[{"embeddable":true,"href":"https:\/\/pmza.sk\/index.php?rest_route=%2Fwp%2Fv2%2Fcomments&post=15486"}],"version-history":[{"count":0,"href":"https:\/\/pmza.sk\/index.php?rest_route=\/wp\/v2\/posts\/15486\/revisions"}],"wp:featuredmedia":[{"embeddable":true,"href":"https:\/\/pmza.sk\/index.php?rest_route=\/wp\/v2\/media\/15473"}],"wp:attachment":[{"href":"https:\/\/pmza.sk\/index.php?rest_route=%2Fwp%2Fv2%2Fmedia&parent=15486"}],"wp:term":[{"taxonomy":"category","embeddable":true,"href":"https:\/\/pmza.sk\/index.php?rest_route=%2Fwp%2Fv2%2Fcategories&post=15486"},{"taxonomy":"post_tag","embeddable":true,"href":"https:\/\/pmza.sk\/index.php?rest_route=%2Fwp%2Fv2%2Ftags&post=15486"}],"curies":[{"name":"wp","href":"https:\/\/api.w.org\/{rel}","templated":true}]}}